{"id":85325,"date":"2026-04-29T08:04:41","date_gmt":"2026-04-29T11:04:41","guid":{"rendered":"https:\/\/noticiasribeiraopreto.com.br\/index.php\/2026\/04\/29\/projeto-em-ribeirao-autoriza-reutilizacao-de-bancas\/"},"modified":"2026-04-29T08:04:41","modified_gmt":"2026-04-29T11:04:41","slug":"projeto-em-ribeirao-autoriza-reutilizacao-de-bancas","status":"publish","type":"post","link":"https:\/\/noticiasribeiraopreto.com.br\/index.php\/2026\/04\/29\/projeto-em-ribeirao-autoriza-reutilizacao-de-bancas\/","title":{"rendered":"Projeto em Ribeir\u00e3o autoriza \u2028reutiliza\u00e7\u00e3o de bancas"},"content":{"rendered":"<div class='code-block code-block-1' style='margin: 8px 0 8px auto; text-align: right; display: block; clear: both;'>\n<p><a href=\"https:\/\/wa.link\/vpicfd\"><img data-recalc-dims=\"1\" class=\"wp-image-4922\" style=\"aspect-ratio: 2.0253164556962027; width: 561px; height: auto;\" src=\"https:\/\/i0.wp.com\/ismaelcolosi.com.br\/wp-content\/uploads\/2023\/11\/grupo-de-empregos-whatsapp-e-facebook-ismael-colosi-vagas.jpg?ssl=1\" alt=\"\" \/><\/a><\/p>\n<!-- \/wp:image -->\n<\/div>\n<p> <br \/>\n<\/p>\n<div id=\"post-462456\">&#13;<br \/>\n&#13;<\/p>\n<header class=\"entry-header penci-entry-header penci-title-center\">&#13;<br \/>\n\t\t\t\t\t\t\t\t&#13;<\/p>\n<p>&#13;<br \/>\n\t\t\t\t\t\t\t\t\t<span class=\"entry-meta-item penci-posted-on\"><i class=\"fa fa-clock-o\"\/><time class=\"entry-date published\" datetime=\"2026-04-29T08:03:20-03:00\">29 de abril de 2026 08:03<\/time><time class=\"updated\" datetime=\"2026-04-29T01:05:45-03:00\">29 de abril de 2026 01:05<\/time><\/span><span class=\"entry-meta-item penci-post-countview\"\/>\t\t\t\t\t\t\t\t<\/p>\n<p><!-- .entry-meta -->&#13;<br \/>\n\t\t\t\t\t\t\t\t<span class=\"penci-social-buttons penci-social-share-footer\"><span class=\"penci-social-share-text\">Compartilhar<\/span><a href=\"#\" class=\"penci-post-like penci_post-meta_item  single-like-button penci-social-item like\" data-post_id=\"462456\" title=\"Like\" data-like=\"Like\" data-unlike=\"Unlike\"><i class=\"fa fa-thumbs-o-up\"\/><span class=\"penci-share-number\">0<\/span><\/a><i class=\"fa fa-facebook\"\/><a class=\"penci-social-item twitter\" target=\"_blank\" rel=\"noopener\" title=\"\" href=\"https:\/\/twitter.com\/intent\/tweet?text=Projeto%20em%20Ribeir\u00e3o%20autoriza%20\u2028reutiliza\u00e7\u00e3o%20de%20bancas%20-%20https:\/\/www.tribunaribeirao.com.br\/projeto-em-ribeirao-autoriza-reutilizacao-de-bancas\/\"><i class=\"fa fa-twitter\"\/><\/a><i class=\"fa fa-linkedin\"\/><i class=\"fa fa-whatsapp\"\/><i class=\"fa fa-telegram\"\/><i class=\"fa fa-envelope\"\/><\/span>\t\t\t\t\t\t\t<\/header>\n<p><!-- .entry-header -->&#13;<\/p>\n<div class=\"penci-entry-content entry-content\">\n<p class=\"p1\">A C\u00e2mara de Vereadores aprovou projeto de lei que prop\u00f5e a reutiliza\u00e7\u00e3o de bancas de jornais desativadas em Ribeir\u00e3o Preto. Segundo a proposta de Danilo Scochi (MDB), os locais dever\u00e3o ser utilizados para atividades comerciais diversas, desde que respeitadas as normas urban\u00edsticas, sanit\u00e1rias, de seguran\u00e7a e de uso e ocupa\u00e7\u00e3o do solo.<\/p>\n<p>Caso seja sancionada pelo prefeito Ricardo Silva (PSD), a iniciativa permitir\u00e1 atividades comerciais como pontos de conveni\u00eancia, pequenos com\u00e9rcios aliment\u00edcios, servi\u00e7os urbanos, atividades inspiradas no modelo food-trucks e iniciativas de economia criativa. Tamb\u00e9m poder\u00e1 contemplar com\u00e9rcio ambulante regulamentado.<\/p>\n<p>A prefeitura dever\u00e1 promover levantamento peri\u00f3dico das bancas desativadas ou em estado de abandono no munic\u00edpio, para viabilizar sua requalifica\u00e7\u00e3o e reinser\u00e7\u00e3o na atividade econ\u00f4mica urbana. Consideram-se desativadas ou em estado de abandono as bancas que estejam sem funcionamento por per\u00edodo superior a 180 dias, sem justificativa formal apresentada ao Poder P\u00fablico.<\/p>\n<\/div>\n<p><!-- .entry-content -->&#13;<br \/>\n&#13;<\/p>\n<footer class=\"penci-entry-footer\">&#13;<br \/>\n\t\t\t\t\t\t\t\t<span class=\"penci-social-buttons penci-social-share-footer\"><span class=\"penci-social-share-text\">Compartilhar<\/span><a href=\"#\" class=\"penci-post-like penci_post-meta_item  single-like-button penci-social-item like\" data-post_id=\"462456\" title=\"Like\" data-like=\"Like\" data-unlike=\"Unlike\"><i class=\"fa fa-thumbs-o-up\"\/><span class=\"penci-share-number\">0<\/span><\/a><i class=\"fa fa-facebook\"\/><a class=\"penci-social-item twitter\" target=\"_blank\" rel=\"noopener\" title=\"\" href=\"https:\/\/twitter.com\/intent\/tweet?text=Projeto%20em%20Ribeir\u00e3o%20autoriza%20\u2028reutiliza\u00e7\u00e3o%20de%20bancas%20-%20https:\/\/www.tribunaribeirao.com.br\/projeto-em-ribeirao-autoriza-reutilizacao-de-bancas\/\"><i class=\"fa fa-twitter\"\/><\/a><i class=\"fa fa-linkedin\"\/><i class=\"fa fa-whatsapp\"\/><i class=\"fa fa-telegram\"\/><i class=\"fa fa-envelope\"\/><\/span>\t\t\t\t\t\t\t<\/footer>\n<p><!-- .entry-footer -->&#13;\n\t\t\t\t\t\t<\/div>\n<p><script async src=\"\/\/platform.twitter.com\/widgets.js\" charset=\"utf-8\"><\/script><br \/>\n<br \/><br \/>\n<br \/><a href=\"https:\/\/www.tribunaribeirao.com.br\/projeto-em-ribeirao-autoriza-reutilizacao-de-bancas\/\">Texto original daqui <\/a><\/p>\n<!-- CONTENT END 1 -->\n","protected":false},"excerpt":{"rendered":"<p>&#13; &#13; &#13; &#13; &#13; 29 de abril de 2026 08:0329 de abril de 2026 01:05 &#13; Compartilhar0 &#13; A C\u00e2mara de Vereadores aprovou projeto&#8230;<\/p>\n","protected":false},"author":1,"featured_media":85326,"comment_status":"","ping_status":"","sticky":false,"template":"","format":"standard","meta":{"advanced_seo_description":"","jetpack_seo_html_title":"","jetpack_seo_noindex":false,"jetpack_post_was_ever_published":false,"_jetpack_newsletter_access":"","_jetpack_dont_email_post_to_subs":false,"_jetpack_newsletter_tier_id":0,"_jetpack_memberships_contains_paywalled_content":false,"_jetpack_memberships_contains_paid_content":false,"footnotes":"","jetpack_publicize_message":"","jetpack_publicize_feature_enabled":true,"jetpack_social_post_already_shared":true,"jetpack_social_options":{"image_generator_settings":{"template":"highway","default_image_id":0,"font":"","enabled":false},"version":2}},"categories":[11],"tags":[2203,6450,685,6449,26],"class_list":["post-85325","post","type-post","status-publish","format-standard","has-post-thumbnail","hentry","category-noticias-de-ribeirao-preto-sp-e-regiao-ismael-colosi","tag-autoriza","tag-bancas","tag-projeto","tag-reutilizacao","tag-ribeirao"],"jetpack_publicize_connections":[],"jetpack_featured_media_url":"https:\/\/i0.wp.com\/noticiasribeiraopreto.com.br\/wp-content\/uploads\/2026\/04\/Bancas-Alfredo-Risk-scaled.jpg?fit=1200%2C800&ssl=1","jetpack-related-posts":[{"id":85192,"url":"https:\/\/noticiasribeiraopreto.com.br\/index.php\/2026\/04\/24\/pl-propoe-reutilizacao-comercial-de-bancas-desativadas-em-ribeirao-preto-entenda\/","url_meta":{"origin":85325,"position":0},"title":"PL prop\u00f5e reutiliza\u00e7\u00e3o comercial de bancas desativadas em Ribeir\u00e3o Preto; Entenda &#8211; THMais","author":"noticiasribeiraopreto.com.br","date":"24 de April de 2026","format":false,"excerpt":"Apresentado h\u00e1 um m\u00eas, o Projeto de Lei N\u00b0 107\/2026 prop\u00f5e a reutiliza\u00e7\u00e3o de bancas de jornais desativadas. O texto, proposto por Danilo Scochi (MDB), sugere a explora\u00e7\u00e3o de atividades comerciais diversas aos espa\u00e7os, desde que respeitadas as normas urban\u00edsticas, sanit\u00e1rias, de seguran\u00e7a e de uso e ocupa\u00e7\u00e3o do solo.Conforme\u2026","rel":"","context":"In &quot;Not\u00edcias de Ribeir\u00e3o Preto-SP e Regi\u00e3o&quot;","block_context":{"text":"Not\u00edcias de Ribeir\u00e3o Preto-SP e Regi\u00e3o","link":"https:\/\/noticiasribeiraopreto.com.br\/index.php\/category\/noticias-de-ribeirao-preto-sp-e-regiao-ismael-colosi\/"},"img":{"alt_text":"","src":"https:\/\/i0.wp.com\/noticiasribeiraopreto.com.br\/wp-content\/uploads\/2026\/04\/Captura-de-tela-2026-04-24-094212.png?fit=927%2C546&ssl=1&resize=350%2C200","width":350,"height":200,"srcset":"https:\/\/i0.wp.com\/noticiasribeiraopreto.com.br\/wp-content\/uploads\/2026\/04\/Captura-de-tela-2026-04-24-094212.png?fit=927%2C546&ssl=1&resize=350%2C200 1x, https:\/\/i0.wp.com\/noticiasribeiraopreto.com.br\/wp-content\/uploads\/2026\/04\/Captura-de-tela-2026-04-24-094212.png?fit=927%2C546&ssl=1&resize=525%2C300 1.5x, https:\/\/i0.wp.com\/noticiasribeiraopreto.com.br\/wp-content\/uploads\/2026\/04\/Captura-de-tela-2026-04-24-094212.png?fit=927%2C546&ssl=1&resize=700%2C400 2x"},"classes":[]},{"id":85292,"url":"https:\/\/noticiasribeiraopreto.com.br\/index.php\/2026\/04\/28\/reutilizacao-comercial-de-bancas-desativadas-em-ribeirao-preto-e-aprovada-por-20-votos\/","url_meta":{"origin":85325,"position":1},"title":"Reutiliza\u00e7\u00e3o comercial de bancas desativadas em Ribeir\u00e3o Preto \u00e9 aprovada por 20 votos &#8211; THMais","author":"noticiasribeiraopreto.com.br","date":"28 de April de 2026","format":false,"excerpt":"Foi votado ontem (27), durante a 23\u00aa Sess\u00e3o Ordin\u00e1ria, o Projeto de Lei N\u00b0 107\/2026, que prop\u00f5e a reutiliza\u00e7\u00e3o de bancas de jornais desativadas. A pauta recebeu 20 votos favor\u00e1veis, sendo aprovado em plen\u00e1rio.O texto, proposto por Danilo Scochi (MDB), sugere a explora\u00e7\u00e3o de atividades comerciais diversas aos espa\u00e7os, desde\u2026","rel":"","context":"In &quot;Not\u00edcias de Ribeir\u00e3o Preto-SP e Regi\u00e3o&quot;","block_context":{"text":"Not\u00edcias de Ribeir\u00e3o Preto-SP e Regi\u00e3o","link":"https:\/\/noticiasribeiraopreto.com.br\/index.php\/category\/noticias-de-ribeirao-preto-sp-e-regiao-ismael-colosi\/"},"img":{"alt_text":"","src":"https:\/\/i0.wp.com\/noticiasribeiraopreto.com.br\/wp-content\/uploads\/2026\/04\/Captura-de-tela-2025-01-07-084753.png?fit=1130%2C817&ssl=1&resize=350%2C200","width":350,"height":200,"srcset":"https:\/\/i0.wp.com\/noticiasribeiraopreto.com.br\/wp-content\/uploads\/2026\/04\/Captura-de-tela-2025-01-07-084753.png?fit=1130%2C817&ssl=1&resize=350%2C200 1x, https:\/\/i0.wp.com\/noticiasribeiraopreto.com.br\/wp-content\/uploads\/2026\/04\/Captura-de-tela-2025-01-07-084753.png?fit=1130%2C817&ssl=1&resize=525%2C300 1.5x, https:\/\/i0.wp.com\/noticiasribeiraopreto.com.br\/wp-content\/uploads\/2026\/04\/Captura-de-tela-2025-01-07-084753.png?fit=1130%2C817&ssl=1&resize=700%2C400 2x, https:\/\/i0.wp.com\/noticiasribeiraopreto.com.br\/wp-content\/uploads\/2026\/04\/Captura-de-tela-2025-01-07-084753.png?fit=1130%2C817&ssl=1&resize=1050%2C600 3x"},"classes":[]},{"id":28072,"url":"https:\/\/noticiasribeiraopreto.com.br\/index.php\/2024\/01\/14\/prefeitura-autoriza-concurso-para-coordenador-pedagogico\/","url_meta":{"origin":85325,"position":2},"title":"Prefeitura autoriza concurso para coordenador pedag\u00f3gico\u00a0","author":"noticiasribeiraopreto.com.br","date":"14 de January de 2024","format":false,"excerpt":"14 de janeiro de 2024 | 17:0014 de janeiro de 2024 | 9:36 0A prefeitura de Ribeir\u00e3o Preto autorizou a abertura de um concurso p\u00fablico para preenchimento de vagas de coordenador pedag\u00f3gico, que ser\u00e3o lotados na rede municipal de ensino. O objetivo \u00e9 garantir que as escolas mantenham um alto\u2026","rel":"","context":"In &quot;Not\u00edcias de Ribeir\u00e3o Preto-SP e Regi\u00e3o&quot;","block_context":{"text":"Not\u00edcias de Ribeir\u00e3o Preto-SP e Regi\u00e3o","link":"https:\/\/noticiasribeiraopreto.com.br\/index.php\/category\/noticias-de-ribeirao-preto-sp-e-regiao-ismael-colosi\/"},"img":{"alt_text":"","src":"https:\/\/i0.wp.com\/noticiasribeiraopreto.com.br\/wp-content\/uploads\/2024\/01\/Capa-coordenador-pedagogico-min-1-scaled.jpg?fit=967%2C645&ssl=1&resize=350%2C200","width":350,"height":200,"srcset":"https:\/\/i0.wp.com\/noticiasribeiraopreto.com.br\/wp-content\/uploads\/2024\/01\/Capa-coordenador-pedagogico-min-1-scaled.jpg?fit=967%2C645&ssl=1&resize=350%2C200 1x, https:\/\/i0.wp.com\/noticiasribeiraopreto.com.br\/wp-content\/uploads\/2024\/01\/Capa-coordenador-pedagogico-min-1-scaled.jpg?fit=967%2C645&ssl=1&resize=525%2C300 1.5x, https:\/\/i0.wp.com\/noticiasribeiraopreto.com.br\/wp-content\/uploads\/2024\/01\/Capa-coordenador-pedagogico-min-1-scaled.jpg?fit=967%2C645&ssl=1&resize=700%2C400 2x"},"classes":[]},{"id":72222,"url":"https:\/\/noticiasribeiraopreto.com.br\/index.php\/2025\/06\/14\/projeto-autoriza-passar-no-sinal-vermelho-a-noite\/","url_meta":{"origin":85325,"position":3},"title":"Projeto autoriza passar no sinal vermelho \u00e0 noite","author":"noticiasribeiraopreto.com.br","date":"14 de June de 2025","format":false,"excerpt":"14 de junho de 2025 17:110 Compartilhar0 Um projeto de lei em an\u00e1lise na C\u00e2mara de Ribeir\u00e3o Preto quer permitir, por meio da cria\u00e7\u00e3o de lei municipal, a passagem de carros com o sinal vermelho nos sem\u00e1foros da cidade, entre 23 horas e cinco da manh\u00e3. Segundo a iniciativa, a\u2026","rel":"","context":"In &quot;Not\u00edcias de Ribeir\u00e3o Preto-SP e Regi\u00e3o&quot;","block_context":{"text":"Not\u00edcias de Ribeir\u00e3o Preto-SP e Regi\u00e3o","link":"https:\/\/noticiasribeiraopreto.com.br\/index.php\/category\/noticias-de-ribeirao-preto-sp-e-regiao-ismael-colosi\/"},"img":{"alt_text":"","src":"https:\/\/i0.wp.com\/noticiasribeiraopreto.com.br\/wp-content\/uploads\/2025\/06\/FarolRP-Alfredo-Risk-scaled.jpg?fit=750%2C500&ssl=1&resize=350%2C200","width":350,"height":200,"srcset":"https:\/\/i0.wp.com\/noticiasribeiraopreto.com.br\/wp-content\/uploads\/2025\/06\/FarolRP-Alfredo-Risk-scaled.jpg?fit=750%2C500&ssl=1&resize=350%2C200 1x, https:\/\/i0.wp.com\/noticiasribeiraopreto.com.br\/wp-content\/uploads\/2025\/06\/FarolRP-Alfredo-Risk-scaled.jpg?fit=750%2C500&ssl=1&resize=525%2C300 1.5x, https:\/\/i0.wp.com\/noticiasribeiraopreto.com.br\/wp-content\/uploads\/2025\/06\/FarolRP-Alfredo-Risk-scaled.jpg?fit=750%2C500&ssl=1&resize=700%2C400 2x"},"classes":[]},{"id":27801,"url":"https:\/\/noticiasribeiraopreto.com.br\/index.php\/2024\/01\/13\/prefeitura-de-ribeirao-preto-autoriza-novo-concurso-publico-veja-as-vagas\/","url_meta":{"origin":85325,"position":4},"title":"Prefeitura de Ribeir\u00e3o Preto autoriza novo concurso p\u00fablico; Veja as vagas","author":"noticiasribeiraopreto.com.br","date":"13 de January de 2024","format":false,"excerpt":"A Prefeitura de Ribeir\u00e3o Preto autorizou a abertura de um concurso p\u00fablico para preenchimento de duas vagas de Coordenador Pedag\u00f3gico na rede municipal de ensino. A publica\u00e7\u00e3o do edital ainda n\u00e3o foi divulgada. Segundo o munic\u00edpio, os coordenadores pedag\u00f3gicos atuar\u00e3o em unidades escolares de ensino fundamental. O profissional ser\u00e1 respons\u00e1vel\u2026","rel":"","context":"In &quot;Not\u00edcias de Ribeir\u00e3o Preto-SP e Regi\u00e3o&quot;","block_context":{"text":"Not\u00edcias de Ribeir\u00e3o Preto-SP e Regi\u00e3o","link":"https:\/\/noticiasribeiraopreto.com.br\/index.php\/category\/noticias-de-ribeirao-preto-sp-e-regiao-ismael-colosi\/"},"img":{"alt_text":"","src":"https:\/\/i0.wp.com\/noticiasribeiraopreto.com.br\/wp-content\/uploads\/2024\/01\/concurso-publico-14-1068x713-1.jpg?fit=1068%2C713&ssl=1&resize=350%2C200","width":350,"height":200,"srcset":"https:\/\/i0.wp.com\/noticiasribeiraopreto.com.br\/wp-content\/uploads\/2024\/01\/concurso-publico-14-1068x713-1.jpg?fit=1068%2C713&ssl=1&resize=350%2C200 1x, https:\/\/i0.wp.com\/noticiasribeiraopreto.com.br\/wp-content\/uploads\/2024\/01\/concurso-publico-14-1068x713-1.jpg?fit=1068%2C713&ssl=1&resize=525%2C300 1.5x, https:\/\/i0.wp.com\/noticiasribeiraopreto.com.br\/wp-content\/uploads\/2024\/01\/concurso-publico-14-1068x713-1.jpg?fit=1068%2C713&ssl=1&resize=700%2C400 2x, https:\/\/i0.wp.com\/noticiasribeiraopreto.com.br\/wp-content\/uploads\/2024\/01\/concurso-publico-14-1068x713-1.jpg?fit=1068%2C713&ssl=1&resize=1050%2C600 3x"},"classes":[]},{"id":17403,"url":"https:\/\/noticiasribeiraopreto.com.br\/index.php\/2023\/12\/18\/lei-autoriza-incentivo-para-permanencia-no-ensino-medio\/","url_meta":{"origin":85325,"position":5},"title":"Lei autoriza incentivo para perman\u00eancia no ensino m\u00e9dio","author":"noticiasribeiraopreto.com.br","date":"18 de December de 2023","format":false,"excerpt":"18 de dezembro de 2023 | 11:0018 de dezembro de 2023 | 8:49 0O presidente Luiz In\u00e1cio Lula da Silva sancionou lei complementar que autoriza o uso de at\u00e9 R$ 6 bilh\u00f5es do Fundo Social para cobrir despesas voltadas ao incentivo da perman\u00eancia de estudantes no ensino m\u00e9dio em 2023\u2026","rel":"","context":"In &quot;Not\u00edcias de Ribeir\u00e3o Preto-SP e Regi\u00e3o&quot;","block_context":{"text":"Not\u00edcias de Ribeir\u00e3o Preto-SP e Regi\u00e3o","link":"https:\/\/noticiasribeiraopreto.com.br\/index.php\/category\/noticias-de-ribeirao-preto-sp-e-regiao-ismael-colosi\/"},"img":{"alt_text":"","src":"https:\/\/i0.wp.com\/noticiasribeiraopreto.com.br\/wp-content\/uploads\/2023\/12\/2c8294f1-9800-4346-a525-5a301f34556e-scaled.jpg?fit=968%2C645&ssl=1&resize=350%2C200","width":350,"height":200,"srcset":"https:\/\/i0.wp.com\/noticiasribeiraopreto.com.br\/wp-content\/uploads\/2023\/12\/2c8294f1-9800-4346-a525-5a301f34556e-scaled.jpg?fit=968%2C645&ssl=1&resize=350%2C200 1x, https:\/\/i0.wp.com\/noticiasribeiraopreto.com.br\/wp-content\/uploads\/2023\/12\/2c8294f1-9800-4346-a525-5a301f34556e-scaled.jpg?fit=968%2C645&ssl=1&resize=525%2C300 1.5x, https:\/\/i0.wp.com\/noticiasribeiraopreto.com.br\/wp-content\/uploads\/2023\/12\/2c8294f1-9800-4346-a525-5a301f34556e-scaled.jpg?fit=968%2C645&ssl=1&resize=700%2C400 2x"},"classes":[]}],"jetpack_sharing_enabled":true,"jetpack_shortlink":"https:\/\/wp.me\/peQAOb-mcd","_links":{"self":[{"href":"https:\/\/noticiasribeiraopreto.com.br\/index.php\/wp-json\/wp\/v2\/posts\/85325","targetHints":{"allow":["GET"]}}],"collection":[{"href":"https:\/\/noticiasribeiraopreto.com.br\/index.php\/wp-json\/wp\/v2\/posts"}],"about":[{"href":"https:\/\/noticiasribeiraopreto.com.br\/index.php\/wp-json\/wp\/v2\/types\/post"}],"author":[{"embeddable":true,"href":"https:\/\/noticiasribeiraopreto.com.br\/index.php\/wp-json\/wp\/v2\/users\/1"}],"replies":[{"embeddable":true,"href":"https:\/\/noticiasribeiraopreto.com.br\/index.php\/wp-json\/wp\/v2\/comments?post=85325"}],"version-history":[{"count":0,"href":"https:\/\/noticiasribeiraopreto.com.br\/index.php\/wp-json\/wp\/v2\/posts\/85325\/revisions"}],"wp:featuredmedia":[{"embeddable":true,"href":"https:\/\/noticiasribeiraopreto.com.br\/index.php\/wp-json\/wp\/v2\/media\/85326"}],"wp:attachment":[{"href":"https:\/\/noticiasribeiraopreto.com.br\/index.php\/wp-json\/wp\/v2\/media?parent=85325"}],"wp:term":[{"taxonomy":"category","embeddable":true,"href":"https:\/\/noticiasribeiraopreto.com.br\/index.php\/wp-json\/wp\/v2\/categories?post=85325"},{"taxonomy":"post_tag","embeddable":true,"href":"https:\/\/noticiasribeiraopreto.com.br\/index.php\/wp-json\/wp\/v2\/tags?post=85325"}],"curies":[{"name":"wp","href":"https:\/\/api.w.org\/{rel}","templated":true}]}}