{"id":85327,"date":"2026-04-29T09:36:55","date_gmt":"2026-04-29T12:36:55","guid":{"rendered":"https:\/\/noticiasribeiraopreto.com.br\/index.php\/2026\/04\/29\/castramovel-realizou-237-castracoes-em-15-dias-de-reativacao-diz-prefeitura\/"},"modified":"2026-04-29T09:36:55","modified_gmt":"2026-04-29T12:36:55","slug":"castramovel-realizou-237-castracoes-em-15-dias-de-reativacao-diz-prefeitura","status":"publish","type":"post","link":"https:\/\/noticiasribeiraopreto.com.br\/index.php\/2026\/04\/29\/castramovel-realizou-237-castracoes-em-15-dias-de-reativacao-diz-prefeitura\/","title":{"rendered":"Castram\u00f3vel realizou 237 castra\u00e7\u00f5es em 15 dias de reativa\u00e7\u00e3o, diz prefeitura &#8211; THMais"},"content":{"rendered":"<div class='code-block code-block-1' style='margin: 8px 0 8px auto; text-align: right; display: block; clear: both;'>\n<p><a href=\"https:\/\/wa.link\/vpicfd\"><img data-recalc-dims=\"1\" class=\"wp-image-4922\" style=\"aspect-ratio: 2.0253164556962027; width: 561px; height: auto;\" src=\"https:\/\/i0.wp.com\/ismaelcolosi.com.br\/wp-content\/uploads\/2023\/11\/grupo-de-empregos-whatsapp-e-facebook-ismael-colosi-vagas.jpg?ssl=1\" alt=\"\" \/><\/a><\/p>\n<!-- \/wp:image -->\n<\/div>\n<p> <br \/>\n<\/p>\n<div>\n<p>Ap\u00f3s 10 anos parado, a Prefeitura de Ribeir\u00e3o Preto, neste m\u00eas de abril, reativou o Castram\u00f3vel- ve\u00edculo equipado para realiza\u00e7\u00e3o de castra\u00e7\u00f5es. Em apenas 15 dias, com atendimentos \u00e0s ter\u00e7as e quintas-feiras e aos s\u00e1bados, j\u00e1 foram realizadas 237 castra\u00e7\u00f5es. O equipamento est\u00e1 no Jardim Cristo Redentor e ficar\u00e1 no bairro at\u00e9 o dia 2 de maio, com previs\u00e3o de mais 200 cirurgias at\u00e9 a data.<\/p>\n<p>A partir do dia 5 de maio, pr\u00f3xima ter\u00e7a-feira, o Castram\u00f3vel estar\u00e1 no Parque Maur\u00edlio Biagi, na Vila Virg\u00ednia, regi\u00e3o Oeste da cidade.<\/p>\n<p>Ao todo, at\u00e9 o momento, foram cadastrados 1.063 animais, atrav\u00e9s do CadPET, cadastro online para tutores interessados em castrar seus animais, c\u00e3es e gatos, pela Prefeitura.<\/p>\n<p>\u201cA reativa\u00e7\u00e3o do castram\u00f3vel pela Prefeitura foi uma a\u00e7\u00e3o essencial para que garant\u00edssemos o trabalho intensivo de castra\u00e7\u00e3o gratuita na cidade. Somente com o castram\u00f3vel ser\u00e3o quase 8 mil castra\u00e7\u00f5es neste ano e a previs\u00e3o para 2026 \u00e9 de 15 mil cirurgias no total, atendimentos que n\u00e3o poderiam ser feitos se n\u00e3o fosse por esse equipamento\u201d, ressalta a Secret\u00e1ria de Meio Ambiente, Agricultura e Sustentabilidade, Mariana Sargento.<\/p>\n<p>Interessados em se cadastrarem para o mutir\u00e3o de castra\u00e7\u00e3o devem acessar o CadPET e se inscreverem (https:\/\/processodigital.ribeiraopreto.sp.gov.br\/atendimento\/servico-info\/424 ). Ap\u00f3s a inscri\u00e7\u00e3o, as equipes da Ger\u00eancia de Bem-Estar Animal (GBEA) entrar\u00e3o em contato para agendar as castra\u00e7\u00f5es, que podem ser realizadas pelo Castram\u00f3vel, cl\u00ednicas conveniadas ou a pr\u00f3pria Ger\u00eancia.<\/p>\n<p>\u201c\u00c9 importante que os tutores levem os animais na data e hora marcada, para garantir a realiza\u00e7\u00e3o da cirurgia e n\u00e3o perder a vaga. Ap\u00f3s a confirma\u00e7\u00e3o, nossa equipe se prepara para o atendimento. Se n\u00e3o comparecem, perdem a oportunidade e devem realizar nova inscri\u00e7\u00e3o\u201d, refor\u00e7a a secret\u00e1ria.<\/p>\n<h2>Orienta\u00e7\u00f5es pr\u00e9 e p\u00f3s-castra\u00e7\u00f5es<\/h2>\n<p>Para garantir o sucesso da castra\u00e7\u00e3o, \u00e9 importante que os tutores sigam alguns procedimentos pr\u00e9 e p\u00f3s-operat\u00f3rios.<\/p>\n<p>Dentre as principais orienta\u00e7\u00f5es, est\u00e1 o uso de colares elizabetanos, conhecidos popularmente como cones, para os machos, e de roupas cir\u00fargicas para as f\u00eameas, como explica a m\u00e9dica veterin\u00e1ria da Ger\u00eancia de Bem-Estar Animal, Giovana Lima. \u201c\u00c9 obrigat\u00f3rio que os tutores levem esses acess\u00f3rios cir\u00fargicos, para evitar que os animais tenham acesso aos pontos da castra\u00e7\u00e3o e n\u00e3o gere complica\u00e7\u00f5es\u201d, afirma.<\/p>\n<p>Ap\u00f3s a cirurgia, os tutores recebem todas as orienta\u00e7\u00f5es, como receitas m\u00e9dicas, cuidados p\u00f3s-castra\u00e7\u00e3o e contatos para emerg\u00eancias, a fim de garantir a sa\u00fade e o bem-estar dos c\u00e3es e gatos.<\/p>\n<\/div>\n<p><br \/>\n<br \/><a href=\"https:\/\/thmais.com.br\/cidades\/ribeirao-preto\/castramovel-realizou-237-castracoes-em-15-dias-de-reativacao-diz-prefeitura\/\">Link para o texto original <\/a><\/p>\n<!-- CONTENT END 1 -->\n","protected":false},"excerpt":{"rendered":"<p>Ap\u00f3s 10 anos parado, a Prefeitura de Ribeir\u00e3o Preto, neste m\u00eas de abril, reativou o Castram\u00f3vel- ve\u00edculo equipado para realiza\u00e7\u00e3o de castra\u00e7\u00f5es. Em apenas 15&#8230;<\/p>\n","protected":false},"author":1,"featured_media":85328,"comment_status":"","ping_status":"","sticky":false,"template":"","format":"standard","meta":{"advanced_seo_description":"","jetpack_seo_html_title":"","jetpack_seo_noindex":false,"jetpack_post_was_ever_published":false,"_jetpack_newsletter_access":"","_jetpack_dont_email_post_to_subs":false,"_jetpack_newsletter_tier_id":0,"_jetpack_memberships_contains_paywalled_content":false,"_jetpack_memberships_contains_paid_content":false,"footnotes":"","jetpack_publicize_message":"","jetpack_publicize_feature_enabled":true,"jetpack_social_post_already_shared":true,"jetpack_social_options":{"image_generator_settings":{"template":"highway","default_image_id":0,"font":"","enabled":false},"version":2}},"categories":[11],"tags":[6510,6509,493,1498,244,6465,6511,6443],"class_list":["post-85327","post","type-post","status-publish","format-standard","has-post-thumbnail","hentry","category-noticias-de-ribeirao-preto-sp-e-regiao-ismael-colosi","tag-castracoes","tag-castramovel","tag-dias","tag-diz","tag-prefeitura","tag-realizou","tag-reativacao","tag-thmais"],"jetpack_publicize_connections":[],"jetpack_featured_media_url":"https:\/\/i0.wp.com\/noticiasribeiraopreto.com.br\/wp-content\/uploads\/2026\/04\/castra_movel_cristo_redentor_balanco-_foto_fernando_gonzaga_10.jpg?fit=1620%2C1080&ssl=1","jetpack-related-posts":[{"id":45695,"url":"https:\/\/noticiasribeiraopreto.com.br\/index.php\/2024\/04\/05\/prefeitura-de-ribeirao-preto-abre-inscricoes-para-800-castracoes-gratuitas-em-caes-e-gatos\/","url_meta":{"origin":85327,"position":0},"title":"Prefeitura de Ribeir\u00e3o Preto abre inscri\u00e7\u00f5es para 800 castra\u00e7\u00f5es gratuitas em c\u00e3es e gatos","author":"noticiasribeiraopreto.com.br","date":"5 de April de 2024","format":false,"excerpt":"A Prefeitura de Ribeir\u00e3o Preto realiza neste s\u00e1bado (6) e domingo (7), das 8h \u00e0s 16h, inscri\u00e7\u00f5es para 800 castra\u00e7\u00f5es gratuitas de c\u00e3es e gatos. Os tutores podem inscrever at\u00e9 cinco animais por CPF. No s\u00e1bado (6), as inscri\u00e7\u00f5es podem ser feitas na escola municipal Professor Alfeu Luiz Gasparini, no\u2026","rel":"","context":"In &quot;Not\u00edcias de Ribeir\u00e3o Preto-SP e Regi\u00e3o&quot;","block_context":{"text":"Not\u00edcias de Ribeir\u00e3o Preto-SP e Regi\u00e3o","link":"https:\/\/noticiasribeiraopreto.com.br\/index.php\/category\/noticias-de-ribeirao-preto-sp-e-regiao-ismael-colosi\/"},"img":{"alt_text":"","src":"https:\/\/i0.wp.com\/noticiasribeiraopreto.com.br\/wp-content\/uploads\/2024\/04\/Copia-de-Copia-de-TAMANHO-EXATO-PARA-FOTOS-NO-SISTEMA-NOVO-2-2.png?fit=1200%2C675&ssl=1&resize=350%2C200","width":350,"height":200,"srcset":"https:\/\/i0.wp.com\/noticiasribeiraopreto.com.br\/wp-content\/uploads\/2024\/04\/Copia-de-Copia-de-TAMANHO-EXATO-PARA-FOTOS-NO-SISTEMA-NOVO-2-2.png?fit=1200%2C675&ssl=1&resize=350%2C200 1x, https:\/\/i0.wp.com\/noticiasribeiraopreto.com.br\/wp-content\/uploads\/2024\/04\/Copia-de-Copia-de-TAMANHO-EXATO-PARA-FOTOS-NO-SISTEMA-NOVO-2-2.png?fit=1200%2C675&ssl=1&resize=525%2C300 1.5x, https:\/\/i0.wp.com\/noticiasribeiraopreto.com.br\/wp-content\/uploads\/2024\/04\/Copia-de-Copia-de-TAMANHO-EXATO-PARA-FOTOS-NO-SISTEMA-NOVO-2-2.png?fit=1200%2C675&ssl=1&resize=700%2C400 2x, https:\/\/i0.wp.com\/noticiasribeiraopreto.com.br\/wp-content\/uploads\/2024\/04\/Copia-de-Copia-de-TAMANHO-EXATO-PARA-FOTOS-NO-SISTEMA-NOVO-2-2.png?fit=1200%2C675&ssl=1&resize=1050%2C600 3x"},"classes":[]},{"id":85226,"url":"https:\/\/noticiasribeiraopreto.com.br\/index.php\/2026\/04\/25\/saerp-realizou-4-mil-intervencoes-na-rede-de-esgoto-no-primeiro-trimestre-de-2026-diz-prefeitura\/","url_meta":{"origin":85327,"position":1},"title":"Saerp realizou 4 mil interven\u00e7\u00f5es na rede de esgoto no primeiro trimestre de 2026, diz prefeitura &#8211; THMais","author":"noticiasribeiraopreto.com.br","date":"25 de April de 2026","format":false,"excerpt":"Foto: Divulga\u00e7\u00e3oA Prefeitura de Ribeir\u00e3o Preto, por meio da Saerp (Secretaria de \u00c1gua e Esgoto de Ribeir\u00e3o Preto), realizou 4 mil interven\u00e7\u00f5es na rede de esgoto nos primeiros tr\u00eas meses de 2026. De janeiro a mar\u00e7o, as equipes operacionais efetuaram 3.899 a\u00e7\u00f5es, sendo a maior parte destinada ao desentupimento da\u2026","rel":"","context":"In &quot;Not\u00edcias de Ribeir\u00e3o Preto-SP e Regi\u00e3o&quot;","block_context":{"text":"Not\u00edcias de Ribeir\u00e3o Preto-SP e Regi\u00e3o","link":"https:\/\/noticiasribeiraopreto.com.br\/index.php\/category\/noticias-de-ribeirao-preto-sp-e-regiao-ismael-colosi\/"},"img":{"alt_text":"","src":"https:\/\/i0.wp.com\/noticiasribeiraopreto.com.br\/wp-content\/uploads\/2026\/04\/balancoesgoto_011-1.jpg?fit=1200%2C800&ssl=1&resize=350%2C200","width":350,"height":200,"srcset":"https:\/\/i0.wp.com\/noticiasribeiraopreto.com.br\/wp-content\/uploads\/2026\/04\/balancoesgoto_011-1.jpg?fit=1200%2C800&ssl=1&resize=350%2C200 1x, https:\/\/i0.wp.com\/noticiasribeiraopreto.com.br\/wp-content\/uploads\/2026\/04\/balancoesgoto_011-1.jpg?fit=1200%2C800&ssl=1&resize=525%2C300 1.5x, https:\/\/i0.wp.com\/noticiasribeiraopreto.com.br\/wp-content\/uploads\/2026\/04\/balancoesgoto_011-1.jpg?fit=1200%2C800&ssl=1&resize=700%2C400 2x, https:\/\/i0.wp.com\/noticiasribeiraopreto.com.br\/wp-content\/uploads\/2026\/04\/balancoesgoto_011-1.jpg?fit=1200%2C800&ssl=1&resize=1050%2C600 3x"},"classes":[]},{"id":64228,"url":"https:\/\/noticiasribeiraopreto.com.br\/index.php\/2025\/03\/05\/ribeirao-abre-inscricoes-para-castracao-gratuita-de-pets-veja-como-participar\/","url_meta":{"origin":85327,"position":2},"title":"Ribeir\u00e3o abre inscri\u00e7\u00f5es para castra\u00e7\u00e3o gratuita de pets; Veja como participar","author":"noticiasribeiraopreto.com.br","date":"5 de March de 2025","format":false,"excerpt":"A Prefeitura de Ribeir\u00e3o Preto anunciou, nesta quarta-feira (5), a abertura de novas vagas para o programa de castra\u00e7\u00e3o gratuita de c\u00e3es e gatos. As inscri\u00e7\u00f5es acontecer\u00e3o neste s\u00e1bado (8) e domingo (9), com a oferta de 1.050 vagas. O atendimento ser\u00e1 realizado das 8h \u00e0s 16h, na Escola Municipal\u2026","rel":"","context":"In &quot;Not\u00edcias de Ribeir\u00e3o Preto-SP e Regi\u00e3o&quot;","block_context":{"text":"Not\u00edcias de Ribeir\u00e3o Preto-SP e Regi\u00e3o","link":"https:\/\/noticiasribeiraopreto.com.br\/index.php\/category\/noticias-de-ribeirao-preto-sp-e-regiao-ismael-colosi\/"},"img":{"alt_text":"","src":"https:\/\/i0.wp.com\/noticiasribeiraopreto.com.br\/wp-content\/uploads\/2025\/03\/Copia-de-Copia-de-Copia-de-TAMANHO-EXATO-PARA-FOTOS-NO-SISTEMA-NOVO-2025-02-07T145650.614_2025-03-05_21-33-07_png_2025-03-05_21-33-07.webp.webp?fit=1200%2C675&ssl=1&resize=350%2C200","width":350,"height":200,"srcset":"https:\/\/i0.wp.com\/noticiasribeiraopreto.com.br\/wp-content\/uploads\/2025\/03\/Copia-de-Copia-de-Copia-de-TAMANHO-EXATO-PARA-FOTOS-NO-SISTEMA-NOVO-2025-02-07T145650.614_2025-03-05_21-33-07_png_2025-03-05_21-33-07.webp.webp?fit=1200%2C675&ssl=1&resize=350%2C200 1x, https:\/\/i0.wp.com\/noticiasribeiraopreto.com.br\/wp-content\/uploads\/2025\/03\/Copia-de-Copia-de-Copia-de-TAMANHO-EXATO-PARA-FOTOS-NO-SISTEMA-NOVO-2025-02-07T145650.614_2025-03-05_21-33-07_png_2025-03-05_21-33-07.webp.webp?fit=1200%2C675&ssl=1&resize=525%2C300 1.5x, https:\/\/i0.wp.com\/noticiasribeiraopreto.com.br\/wp-content\/uploads\/2025\/03\/Copia-de-Copia-de-Copia-de-TAMANHO-EXATO-PARA-FOTOS-NO-SISTEMA-NOVO-2025-02-07T145650.614_2025-03-05_21-33-07_png_2025-03-05_21-33-07.webp.webp?fit=1200%2C675&ssl=1&resize=700%2C400 2x, https:\/\/i0.wp.com\/noticiasribeiraopreto.com.br\/wp-content\/uploads\/2025\/03\/Copia-de-Copia-de-Copia-de-TAMANHO-EXATO-PARA-FOTOS-NO-SISTEMA-NOVO-2025-02-07T145650.614_2025-03-05_21-33-07_png_2025-03-05_21-33-07.webp.webp?fit=1200%2C675&ssl=1&resize=1050%2C600 3x"},"classes":[]},{"id":50648,"url":"https:\/\/noticiasribeiraopreto.com.br\/index.php\/2024\/05\/17\/ribeirao-preto-tem-500-vagas-gratuitas-para-castracao-de-caes-e-gatos-saiba-mais\/","url_meta":{"origin":85327,"position":3},"title":"Ribeir\u00e3o Preto tem 500 vagas gratuitas para castra\u00e7\u00e3o de c\u00e3es e gatos; Saiba mais","author":"noticiasribeiraopreto.com.br","date":"17 de May de 2024","format":false,"excerpt":"A Prefeitura de Ribeir\u00e3o Preto, por meio da Secretaria Municipal de Meio Ambiente, anunciou nesta sexta-feira (17) que abrir\u00e1 500 novas vagas gratuitas para castra\u00e7\u00e3o de c\u00e3es e gatos. As inscri\u00e7\u00f5es acontecer\u00e3o em dois dias, sendo no dia 25, na escola municipal Domingos Angerami e, no dia 26, na Virg\u00edlio\u2026","rel":"","context":"In &quot;Not\u00edcias de Ribeir\u00e3o Preto-SP e Regi\u00e3o&quot;","block_context":{"text":"Not\u00edcias de Ribeir\u00e3o Preto-SP e Regi\u00e3o","link":"https:\/\/noticiasribeiraopreto.com.br\/index.php\/category\/noticias-de-ribeirao-preto-sp-e-regiao-ismael-colosi\/"},"img":{"alt_text":"","src":"https:\/\/i0.wp.com\/noticiasribeiraopreto.com.br\/wp-content\/uploads\/2024\/05\/castracao_2024_-_foto_guilherme_sircili_101_2024-05-17_18-42-20_jpg_2024-05-17_18-42-20.webp.webp?fit=1200%2C800&ssl=1&resize=350%2C200","width":350,"height":200,"srcset":"https:\/\/i0.wp.com\/noticiasribeiraopreto.com.br\/wp-content\/uploads\/2024\/05\/castracao_2024_-_foto_guilherme_sircili_101_2024-05-17_18-42-20_jpg_2024-05-17_18-42-20.webp.webp?fit=1200%2C800&ssl=1&resize=350%2C200 1x, https:\/\/i0.wp.com\/noticiasribeiraopreto.com.br\/wp-content\/uploads\/2024\/05\/castracao_2024_-_foto_guilherme_sircili_101_2024-05-17_18-42-20_jpg_2024-05-17_18-42-20.webp.webp?fit=1200%2C800&ssl=1&resize=525%2C300 1.5x, https:\/\/i0.wp.com\/noticiasribeiraopreto.com.br\/wp-content\/uploads\/2024\/05\/castracao_2024_-_foto_guilherme_sircili_101_2024-05-17_18-42-20_jpg_2024-05-17_18-42-20.webp.webp?fit=1200%2C800&ssl=1&resize=700%2C400 2x, https:\/\/i0.wp.com\/noticiasribeiraopreto.com.br\/wp-content\/uploads\/2024\/05\/castracao_2024_-_foto_guilherme_sircili_101_2024-05-17_18-42-20_jpg_2024-05-17_18-42-20.webp.webp?fit=1200%2C800&ssl=1&resize=1050%2C600 3x"},"classes":[]},{"id":45709,"url":"https:\/\/noticiasribeiraopreto.com.br\/index.php\/2024\/04\/05\/familia-procura-por-jovem-de-26-anos-desaparecida-em-ribeirao-preto\/","url_meta":{"origin":85327,"position":4},"title":"Fam\u00edlia procura por jovem de 26 anos desaparecida em Ribeir\u00e3o Preto","author":"noticiasribeiraopreto.com.br","date":"5 de April de 2024","format":false,"excerpt":"Uma fam\u00edlia de Ribeir\u00e3o Preto procura por Thauany Gabrielle Nogueira Machado Lima, de 26 anos, que est\u00e1 desaparecido desde a tarde de quinta-feira (4). A jovem foi vista pela \u00faltima vez no Centro da cidade. De acordo com o boletim de ocorr\u00eancia (BO) registrado, Thauany teria sa\u00eddo de casa, tamb\u00e9m\u2026","rel":"","context":"In &quot;Not\u00edcias de Ribeir\u00e3o Preto-SP e Regi\u00e3o&quot;","block_context":{"text":"Not\u00edcias de Ribeir\u00e3o Preto-SP e Regi\u00e3o","link":"https:\/\/noticiasribeiraopreto.com.br\/index.php\/category\/noticias-de-ribeirao-preto-sp-e-regiao-ismael-colosi\/"},"img":{"alt_text":"","src":"https:\/\/i0.wp.com\/noticiasribeiraopreto.com.br\/wp-content\/uploads\/2024\/04\/Copia-de-Copia-de-TAMANHO-EXATO-PARA-FOTOS-NO-SISTEMA-NOVO-8.png?fit=1200%2C675&ssl=1&resize=350%2C200","width":350,"height":200,"srcset":"https:\/\/i0.wp.com\/noticiasribeiraopreto.com.br\/wp-content\/uploads\/2024\/04\/Copia-de-Copia-de-TAMANHO-EXATO-PARA-FOTOS-NO-SISTEMA-NOVO-8.png?fit=1200%2C675&ssl=1&resize=350%2C200 1x, https:\/\/i0.wp.com\/noticiasribeiraopreto.com.br\/wp-content\/uploads\/2024\/04\/Copia-de-Copia-de-TAMANHO-EXATO-PARA-FOTOS-NO-SISTEMA-NOVO-8.png?fit=1200%2C675&ssl=1&resize=525%2C300 1.5x, https:\/\/i0.wp.com\/noticiasribeiraopreto.com.br\/wp-content\/uploads\/2024\/04\/Copia-de-Copia-de-TAMANHO-EXATO-PARA-FOTOS-NO-SISTEMA-NOVO-8.png?fit=1200%2C675&ssl=1&resize=700%2C400 2x, https:\/\/i0.wp.com\/noticiasribeiraopreto.com.br\/wp-content\/uploads\/2024\/04\/Copia-de-Copia-de-TAMANHO-EXATO-PARA-FOTOS-NO-SISTEMA-NOVO-8.png?fit=1200%2C675&ssl=1&resize=1050%2C600 3x"},"classes":[]},{"id":74553,"url":"https:\/\/noticiasribeiraopreto.com.br\/index.php\/2025\/07\/24\/rp-abre-1-200-novas-vagas-para-castracao\/","url_meta":{"origin":85327,"position":5},"title":"RP abre 1.200 novas vagas para castra\u00e7\u00e3o","author":"noticiasribeiraopreto.com.br","date":"24 de July de 2025","format":false,"excerpt":"24 de julho de 2025 15:3024 de julho de 2025 09:3812 Compartilhar0 Com o objetivo de promover o bem-estar animal, a prefeitura de Ribeir\u00e3o Preto, por meio da Secretaria Municipal de Meio Ambiente, d\u00e1 continuidade ao programa de castra\u00e7\u00e3o gratuita de c\u00e3es e gatos, iniciado em 2025. Neste m\u00eas de\u2026","rel":"","context":"In &quot;Not\u00edcias de Ribeir\u00e3o Preto-SP e Regi\u00e3o&quot;","block_context":{"text":"Not\u00edcias de Ribeir\u00e3o Preto-SP e Regi\u00e3o","link":"https:\/\/noticiasribeiraopreto.com.br\/index.php\/category\/noticias-de-ribeirao-preto-sp-e-regiao-ismael-colosi\/"},"img":{"alt_text":"","src":"https:\/\/i0.wp.com\/noticiasribeiraopreto.com.br\/wp-content\/uploads\/2025\/07\/CastraRP-Guilherme-Sircili.jpg?fit=1200%2C800&ssl=1&resize=350%2C200","width":350,"height":200,"srcset":"https:\/\/i0.wp.com\/noticiasribeiraopreto.com.br\/wp-content\/uploads\/2025\/07\/CastraRP-Guilherme-Sircili.jpg?fit=1200%2C800&ssl=1&resize=350%2C200 1x, https:\/\/i0.wp.com\/noticiasribeiraopreto.com.br\/wp-content\/uploads\/2025\/07\/CastraRP-Guilherme-Sircili.jpg?fit=1200%2C800&ssl=1&resize=525%2C300 1.5x, https:\/\/i0.wp.com\/noticiasribeiraopreto.com.br\/wp-content\/uploads\/2025\/07\/CastraRP-Guilherme-Sircili.jpg?fit=1200%2C800&ssl=1&resize=700%2C400 2x, https:\/\/i0.wp.com\/noticiasribeiraopreto.com.br\/wp-content\/uploads\/2025\/07\/CastraRP-Guilherme-Sircili.jpg?fit=1200%2C800&ssl=1&resize=1050%2C600 3x"},"classes":[]}],"jetpack_sharing_enabled":true,"jetpack_shortlink":"https:\/\/wp.me\/peQAOb-mcf","_links":{"self":[{"href":"https:\/\/noticiasribeiraopreto.com.br\/index.php\/wp-json\/wp\/v2\/posts\/85327","targetHints":{"allow":["GET"]}}],"collection":[{"href":"https:\/\/noticiasribeiraopreto.com.br\/index.php\/wp-json\/wp\/v2\/posts"}],"about":[{"href":"https:\/\/noticiasribeiraopreto.com.br\/index.php\/wp-json\/wp\/v2\/types\/post"}],"author":[{"embeddable":true,"href":"https:\/\/noticiasribeiraopreto.com.br\/index.php\/wp-json\/wp\/v2\/users\/1"}],"replies":[{"embeddable":true,"href":"https:\/\/noticiasribeiraopreto.com.br\/index.php\/wp-json\/wp\/v2\/comments?post=85327"}],"version-history":[{"count":0,"href":"https:\/\/noticiasribeiraopreto.com.br\/index.php\/wp-json\/wp\/v2\/posts\/85327\/revisions"}],"wp:featuredmedia":[{"embeddable":true,"href":"https:\/\/noticiasribeiraopreto.com.br\/index.php\/wp-json\/wp\/v2\/media\/85328"}],"wp:attachment":[{"href":"https:\/\/noticiasribeiraopreto.com.br\/index.php\/wp-json\/wp\/v2\/media?parent=85327"}],"wp:term":[{"taxonomy":"category","embeddable":true,"href":"https:\/\/noticiasribeiraopreto.com.br\/index.php\/wp-json\/wp\/v2\/categories?post=85327"},{"taxonomy":"post_tag","embeddable":true,"href":"https:\/\/noticiasribeiraopreto.com.br\/index.php\/wp-json\/wp\/v2\/tags?post=85327"}],"curies":[{"name":"wp","href":"https:\/\/api.w.org\/{rel}","templated":true}]}}