{"id":85329,"date":"2026-04-29T09:58:52","date_gmt":"2026-04-29T12:58:52","guid":{"rendered":"https:\/\/noticiasribeiraopreto.com.br\/index.php\/2026\/04\/29\/tradicao-junina-vem-ai-o-arraia-mio-di-bao-ribeirao\/"},"modified":"2026-04-29T09:58:52","modified_gmt":"2026-04-29T12:58:52","slug":"tradicao-junina-vem-ai-o-arraia-mio-di-bao-ribeirao","status":"publish","type":"post","link":"https:\/\/noticiasribeiraopreto.com.br\/index.php\/2026\/04\/29\/tradicao-junina-vem-ai-o-arraia-mio-di-bao-ribeirao\/","title":{"rendered":"Tradi\u00e7\u00e3o junina, vem a\u00ed o Arrai\u00e1 Mi\u00f3 di B\u00e3o Ribeir\u00e3o!"},"content":{"rendered":"<div class='code-block code-block-1' style='margin: 8px 0 8px auto; text-align: right; display: block; clear: both;'>\n<p><a href=\"https:\/\/wa.link\/vpicfd\"><img data-recalc-dims=\"1\" class=\"wp-image-4922\" style=\"aspect-ratio: 2.0253164556962027; width: 561px; height: auto;\" src=\"https:\/\/i0.wp.com\/ismaelcolosi.com.br\/wp-content\/uploads\/2023\/11\/grupo-de-empregos-whatsapp-e-facebook-ismael-colosi-vagas.jpg?ssl=1\" alt=\"\" \/><\/a><\/p>\n<!-- \/wp:image -->\n<\/div>\n<p> <br \/>\n<\/p>\n<div>\n<p><em>Considerada a maior festa junina da macrorregi\u00e3o de Ribeir\u00e3o Preto, evento vai acontecer de 29 de maio a 28 de junho no estacionamento do Novo Shopping, com 16 dias de festa<\/em><\/p>\n<p>A quarta edi\u00e7\u00e3o do \u201cArrai\u00e1 Mi\u00f3 di B\u00e3o \u2013 Ribeir\u00e3o!\u201d promete ainda mais! Sucesso de p\u00fablico e atra\u00e7\u00f5es, a j\u00e1 tradicional festa est\u00e1 de volta e com muitas novidades: uma grade de artistas locais, interven\u00e7\u00f5es art\u00edsticas, comidas e bebidas t\u00edpicas, muitas a\u00e7\u00f5es de solidariedade, e a participa\u00e7\u00e3o de algumas das principais entidades assistenciais da cidade, que se divulgam e comercializam produtos que ajudam a atender financeiramente suas atividades no ano. A festa acontece no estacionamento do Novo Shopping, com entrada gratuita, de 29 de maio (sexta-feira) a 28 de junho.<\/p>\n<p><\/p>\n<p>Dentre essas entidades, a organiza\u00e7\u00e3o do Arrai\u00e1 Mi\u00f3 di B\u00e3o \u2013 Ribeir\u00e3o! sempre homenageia uma em especial. Assim foi com a Casa das Mangueiras (2023) e com o Lar Padre Euclides (2024); o Hospital de C\u00e2ncer de Ribeir\u00e3o Preto (25) e este ano a entidade homenageada ser\u00e1 a Associa\u00e7\u00e3o Assistencial \u201cDona Nair\u201d Manoelina de Oliveira. A entidade homenageada recebe, em dinheiro, o lucro arrecadado com a venda de suco em todo o per\u00edodo do evento.<\/p>\n<p>Outra vertente do projeto \u00e9 o investimento em a\u00e7\u00f5es de sustentabilidade. Novamente este ano, o Arrai\u00e1 vai receber roupas para a \u201cCampanha do Agasalho\u201d, promovida pelo Fundo Social de Solidariedade de Ribeir\u00e3o Preto. Al\u00e9m disso haver\u00e1 a destina\u00e7\u00e3o de todo material recicl\u00e1vel (especialmente alum\u00ednio das latas de refrigerantes e sucos, material pl\u00e1stico e papel\u00e3o) para um ecoponto municipal, por meio da reconhecida ONG Cooperagir.<\/p>\n<p><img data-recalc-dims=\"1\" loading=\"lazy\" decoding=\"async\" class=\"alignnone wp-image-462515 size-large lazyload\" src=\"https:\/\/i0.wp.com\/www.tribunaribeirao.com.br\/wp-content\/uploads\/2026\/04\/Comida-01-Doce-1024x682.jpeg?resize=1024%2C682&#038;ssl=1\" alt=\"\" width=\"1024\" height=\"682\" srcset=\"https:\/\/www.tribunaribeirao.com.br\/wp-content\/uploads\/2026\/04\/Comida-01-Doce-1024x682.jpeg 1024w, https:\/\/www.tribunaribeirao.com.br\/wp-content\/uploads\/2026\/04\/Comida-01-Doce-300x200.jpeg 300w, https:\/\/www.tribunaribeirao.com.br\/wp-content\/uploads\/2026\/04\/Comida-01-Doce-768x512.jpeg 768w, https:\/\/www.tribunaribeirao.com.br\/wp-content\/uploads\/2026\/04\/Comida-01-Doce-1536x1023.jpeg 1536w, https:\/\/www.tribunaribeirao.com.br\/wp-content\/uploads\/2026\/04\/Comida-01-Doce-480x320.jpeg 480w, https:\/\/www.tribunaribeirao.com.br\/wp-content\/uploads\/2026\/04\/Comida-01-Doce-280x186.jpeg 280w, https:\/\/www.tribunaribeirao.com.br\/wp-content\/uploads\/2026\/04\/Comida-01-Doce-960x640.jpeg 960w, https:\/\/www.tribunaribeirao.com.br\/wp-content\/uploads\/2026\/04\/Comida-01-Doce-600x400.jpeg 600w, https:\/\/www.tribunaribeirao.com.br\/wp-content\/uploads\/2026\/04\/Comida-01-Doce-585x390.jpeg 585w, https:\/\/www.tribunaribeirao.com.br\/wp-content\/uploads\/2026\/04\/Comida-01-Doce-scaled.jpeg 1200w\" data-sizes=\"(max-width: 1024px) 100vw, 1024px\" style=\"--smush-placeholder-width: 1024px; --smush-placeholder-aspect-ratio: 1024\/682;\"\/><\/p>\n<p><strong>Log\u00edstica, apresenta\u00e7\u00f5es musicais e culturais \u2013<\/strong> O Arrai\u00e1 Mi\u00f3 di B\u00e3o \u2013 Ribeir\u00e3o! \u00e9 uma festa muito aguardada, uma vez que acontece durante um m\u00eas inteiro, em um amplo espa\u00e7o com muita seguran\u00e7a, pre\u00e7os acess\u00edveis nas comidas, bebidas, brinquedos (para crian\u00e7as e adultos) e entrada gratuita.<\/p>\n<p>Em 16 dias de realiza\u00e7\u00e3o, a festa recebe milhares de pessoas de toda a regi\u00e3o. Artistas conhecidos como Liu Marques, Forr\u00f3 100 D\u00f3, Sydnei Santiago e Z\u00e9 Sim\u00f5es &amp; Parceiros est\u00e3o entre os j\u00e1 confirmados, mas vem muito mais por a\u00ed. Al\u00e9m das apresenta\u00e7\u00f5es musicais, a festa conta com interven\u00e7\u00f5es art\u00edsticas e apresenta\u00e7\u00f5es de companhias de escolas da rede p\u00fablica; grupos da terceira idade \u2013 com apoio da Secretaria Municipal da Cultura e Turismo de Ribeir\u00e3o Preto \u2013 e equipes de dan\u00e7a de escolas particulares. Ao todo s\u00e3o mais de 200 artistas e profissionais envolvidos nas apresenta\u00e7\u00f5es e na execu\u00e7\u00e3o do evento.<\/p>\n<p>\u201cO Arrai\u00e1 \u00e9 uma celebra\u00e7\u00e3o que une folclore, m\u00fasica, dan\u00e7a e gastronomia, e que resgata o verdadeiro sentido da festa junina caipira do nosso interior\u201d, destaca Anderson Silva, da KA2RP Eventos, empresa realizadora do Arrai\u00e1.<\/p>\n<p>Ao todo, ser\u00e3o cinco finais de semana (sexta a domingo) mais o Feriado de 4 de junho (<em>Corpus Christi<\/em>), totalizando incr\u00edveis 16 dias de festa. O evento tem o patroc\u00ednio da Zinho P\u00e3o de Alho, Grupo Santa Maria, Viva M\u00eddia OHH, como Media Partner e apoio da Secretaria Municipal da Cultura e Turismo de Ribeir\u00e3o Preto e Alcans.<\/p>\n<p><strong>Sobre a entidade \u201cDona Nair\u201d<\/strong><\/p>\n<p>A Associa\u00e7\u00e3o Assistencial Dona Nair Manoelina de Oliveira \u00e9 uma entidade n\u00e3o governamental, apol\u00edtica, filantr\u00f3pica e sem fins lucrativos, inscrita no Cadastro Nacional de Estabelecimento de Sa\u00fade e no Conselho Municipal da Crian\u00e7a e do Adolescente de Ribeir\u00e3o Preto.<\/p>\n<p>Foi fundada em 2012 pela precursora que leva seu nome e, por meio da a\u00e7\u00e3o de seus volunt\u00e1rios e funcion\u00e1rios, presta servi\u00e7os na \u00e1rea de sa\u00fade com o Projeto \u2018Se Cuida\u2019; com a Unidade de Acolhimento Infanto-Juvenil (UAI) desde 2014 e, desde julho de 2024, com a abertura da Unidade de Acolhimento Adulto (UAA).<\/p>\n<p>O Projeto Se Cuida e a UAI oferecem atendimentos volunt\u00e1rios a crian\u00e7as, adolescentes entre 10 e 17 anos de idade e seus familiares em situa\u00e7\u00e3o de risco social que necessitem de acolhimento terap\u00eautico e protetivo. A UAA nasce com a mesma miss\u00e3o, mas com foco em pessoas acima de 18 anos.<\/p>\n<p>Todos os projetos s\u00e3o voltados ao atendimento de pessoas em situa\u00e7\u00e3o de risco, especialmente relacionados ao uso de \u00e1lcool e drogas, sem distin\u00e7\u00e3o de ra\u00e7a, credo ou g\u00eanero.<\/p>\n<p><strong>Programa\u00e7\u00e3o:<\/strong><\/p>\n<p>\u2013 16 dias de evento: 29, 30 e 31\/Mai \u2013 4 (feriado <em>Corpus Cristi<\/em>), 5, 6 e 7\/Jun \u2013 12, 13 e 14\/Jun \u2013 19, 20 e 21\/Jun e 26, 27 e 28\/Junho.<\/p>\n<p><strong>Hor\u00e1rios:<\/strong><\/p>\n<p>\u2013 Sextas \u2013 Das 18 \u00e0s 23h30;<\/p>\n<p>\u2013 S\u00e1bados \u2013 Das 16 \u00e0s 23h30;<\/p>\n<p>\u2013 Domingos e o Feriado de 04\/Jun (Corpus Christi) \u2013 Das 15 \u00e0s 22 horas.<\/p>\n<p><strong>Servi\u00e7o:<\/strong><\/p>\n<p>Arrai\u00e1 Mi\u00f3 Di B\u00e3o-Ribeir\u00e3o!<\/p>\n<p>De 29 de maio a 28 junho de 2025<\/p>\n<p>Estacionamento do Novo Shopping (ao lado do Goril\u00e3o)<\/p>\n<p>Entrada gratuita<\/p>\n<p>Acompanhe toda a programa\u00e7\u00e3o pelo Instagram: @arraiamiodibao<\/p>\n<\/div>\n<p><br \/>\n<br \/><a href=\"https:\/\/www.tribunaribeirao.com.br\/tradicao-junina-vem-ai-o-arraia-mio-di-bao-ribeirao\/\">Texto original daqui <\/a><\/p>\n<!-- CONTENT END 1 -->\n","protected":false},"excerpt":{"rendered":"<p>Considerada a maior festa junina da macrorregi\u00e3o de Ribeir\u00e3o Preto, evento vai acontecer de 29 de maio a 28 de junho no estacionamento do Novo&#8230;<\/p>\n","protected":false},"author":1,"featured_media":85330,"comment_status":"","ping_status":"","sticky":false,"template":"","format":"standard","meta":{"advanced_seo_description":"","jetpack_seo_html_title":"","jetpack_seo_noindex":false,"jetpack_post_was_ever_published":false,"_jetpack_newsletter_access":"","_jetpack_dont_email_post_to_subs":false,"_jetpack_newsletter_tier_id":0,"_jetpack_memberships_contains_paywalled_content":false,"_jetpack_memberships_contains_paid_content":false,"footnotes":"","jetpack_publicize_message":"","jetpack_publicize_feature_enabled":true,"jetpack_social_post_already_shared":true,"jetpack_social_options":{"image_generator_settings":{"template":"highway","default_image_id":0,"font":"","enabled":false},"version":2}},"categories":[11],"tags":[6514,6515,6517,6513,6516,26,6512,1230],"class_list":["post-85329","post","type-post","status-publish","format-standard","has-post-thumbnail","hentry","category-noticias-de-ribeirao-preto-sp-e-regiao-ismael-colosi","tag-ai","tag-arraia","tag-bao","tag-junina","tag-mio","tag-ribeirao","tag-tradicao","tag-vem"],"jetpack_publicize_connections":[],"jetpack_featured_media_url":"https:\/\/i0.wp.com\/noticiasribeiraopreto.com.br\/wp-content\/uploads\/2026\/04\/001-Arraia-PRINCIPAL-Fachada-scaled.jpg?fit=1200%2C800&ssl=1","jetpack-related-posts":[{"id":68649,"url":"https:\/\/noticiasribeiraopreto.com.br\/index.php\/2025\/04\/27\/vem-ai-o-arraia-mio-di-bao-ribeirao\/","url_meta":{"origin":85329,"position":0},"title":"Vem a\u00ed o Arrai\u00e1 Mi\u00f3 di B\u00e3o Ribeir\u00e3o!\u00a0","author":"noticiasribeiraopreto.com.br","date":"27 de April de 2025","format":false,"excerpt":"A terceira edi\u00e7\u00e3o do \u201cArrai\u00e1 Mi\u00f3 di B\u00e3o \u2013 Ribeir\u00e3o!\u201d promete ainda mais! Sucesso de p\u00fablico e atra\u00e7\u00f5es, a j\u00e1 tradicional festa est\u00e1 de volta e com muitas novidades: uma grade de artistas locais, interven\u00e7\u00f5es art\u00edsticas, comidas e bebidas t\u00edpicas, muitas a\u00e7\u00f5es de solidariedade, e a participa\u00e7\u00e3o de algumas das\u2026","rel":"","context":"In &quot;Not\u00edcias de Ribeir\u00e3o Preto-SP e Regi\u00e3o&quot;","block_context":{"text":"Not\u00edcias de Ribeir\u00e3o Preto-SP e Regi\u00e3o","link":"https:\/\/noticiasribeiraopreto.com.br\/index.php\/category\/noticias-de-ribeirao-preto-sp-e-regiao-ismael-colosi\/"},"img":{"alt_text":"","src":"https:\/\/i0.wp.com\/noticiasribeiraopreto.com.br\/wp-content\/uploads\/2025\/04\/02_Arraia_Mio_Di_Bao_Divulgacao_02-scaled.jpg?fit=800%2C450&ssl=1&resize=350%2C200","width":350,"height":200,"srcset":"https:\/\/i0.wp.com\/noticiasribeiraopreto.com.br\/wp-content\/uploads\/2025\/04\/02_Arraia_Mio_Di_Bao_Divulgacao_02-scaled.jpg?fit=800%2C450&ssl=1&resize=350%2C200 1x, https:\/\/i0.wp.com\/noticiasribeiraopreto.com.br\/wp-content\/uploads\/2025\/04\/02_Arraia_Mio_Di_Bao_Divulgacao_02-scaled.jpg?fit=800%2C450&ssl=1&resize=525%2C300 1.5x, https:\/\/i0.wp.com\/noticiasribeiraopreto.com.br\/wp-content\/uploads\/2025\/04\/02_Arraia_Mio_Di_Bao_Divulgacao_02-scaled.jpg?fit=800%2C450&ssl=1&resize=700%2C400 2x"},"classes":[]},{"id":70826,"url":"https:\/\/noticiasribeiraopreto.com.br\/index.php\/2025\/05\/30\/vai-comecar-o-arraia-mio-di-bao\/","url_meta":{"origin":85329,"position":1},"title":"Vai come\u00e7ar o Arrai\u00e1 Mi\u00f3 di B\u00e3o!\u00a0","author":"noticiasribeiraopreto.com.br","date":"30 de May de 2025","format":false,"excerpt":"30 de maio de 2025 11:0530 de maio de 2025 11:0510 Compartilhar0 A terceira edi\u00e7\u00e3o do Arrai\u00e1 Mi\u00f3 di B\u00e3o \u2013 Ribeir\u00e3o! promete mais. Sucesso de p\u00fablico e atra\u00e7\u00f5es, a j\u00e1 tradicional festa est\u00e1 de volta e com muitas novidades: uma grade de artistas locais, interven\u00e7\u00f5es art\u00edsticas, comidas e bebidas\u2026","rel":"","context":"In &quot;Not\u00edcias de Ribeir\u00e3o Preto-SP e Regi\u00e3o&quot;","block_context":{"text":"Not\u00edcias de Ribeir\u00e3o Preto-SP e Regi\u00e3o","link":"https:\/\/noticiasribeiraopreto.com.br\/index.php\/category\/noticias-de-ribeirao-preto-sp-e-regiao-ismael-colosi\/"},"img":{"alt_text":"","src":"https:\/\/i0.wp.com\/noticiasribeiraopreto.com.br\/wp-content\/uploads\/2025\/05\/arraia.jpeg?fit=1200%2C680&ssl=1&resize=350%2C200","width":350,"height":200,"srcset":"https:\/\/i0.wp.com\/noticiasribeiraopreto.com.br\/wp-content\/uploads\/2025\/05\/arraia.jpeg?fit=1200%2C680&ssl=1&resize=350%2C200 1x, https:\/\/i0.wp.com\/noticiasribeiraopreto.com.br\/wp-content\/uploads\/2025\/05\/arraia.jpeg?fit=1200%2C680&ssl=1&resize=525%2C300 1.5x, https:\/\/i0.wp.com\/noticiasribeiraopreto.com.br\/wp-content\/uploads\/2025\/05\/arraia.jpeg?fit=1200%2C680&ssl=1&resize=700%2C400 2x, https:\/\/i0.wp.com\/noticiasribeiraopreto.com.br\/wp-content\/uploads\/2025\/05\/arraia.jpeg?fit=1200%2C680&ssl=1&resize=1050%2C600 3x"},"classes":[]},{"id":51891,"url":"https:\/\/noticiasribeiraopreto.com.br\/index.php\/2024\/05\/31\/festa-junina-em-shopping-de-ribeirao-preto-tem-comidas-tipicas-shows-e-espaco-kids\/","url_meta":{"origin":85329,"position":2},"title":"Festa junina em shopping de Ribeir\u00e3o Preto tem comidas t\u00edpicas, shows e espa\u00e7o kids","author":"noticiasribeiraopreto.com.br","date":"31 de May de 2024","format":false,"excerpt":"A segunda edi\u00e7\u00e3o do Arrai\u00e1 Mio di B\u00e3o come\u00e7ou nesta quinta-feira (30), no estacionamento do Novo Shopping, zona Leste de Ribeir\u00e3o Preto. O evento acontece at\u00e9 o dia 30 de junho. Com entrada e estacionamento gratuitos, a festa junina possui diversas barracas com comidas e bebidas t\u00edpicas, espa\u00e7o kids, shows\u2026","rel":"","context":"In &quot;Not\u00edcias de Ribeir\u00e3o Preto-SP e Regi\u00e3o&quot;","block_context":{"text":"Not\u00edcias de Ribeir\u00e3o Preto-SP e Regi\u00e3o","link":"https:\/\/noticiasribeiraopreto.com.br\/index.php\/category\/noticias-de-ribeirao-preto-sp-e-regiao-ismael-colosi\/"},"img":{"alt_text":"","src":"https:\/\/i0.wp.com\/noticiasribeiraopreto.com.br\/wp-content\/uploads\/2024\/05\/arraia_mio_di_bao_01_2024-05-31_23-08-24_jpeg_2024-05-31_23-08-24.webp.webp?fit=1200%2C776&ssl=1&resize=350%2C200","width":350,"height":200,"srcset":"https:\/\/i0.wp.com\/noticiasribeiraopreto.com.br\/wp-content\/uploads\/2024\/05\/arraia_mio_di_bao_01_2024-05-31_23-08-24_jpeg_2024-05-31_23-08-24.webp.webp?fit=1200%2C776&ssl=1&resize=350%2C200 1x, https:\/\/i0.wp.com\/noticiasribeiraopreto.com.br\/wp-content\/uploads\/2024\/05\/arraia_mio_di_bao_01_2024-05-31_23-08-24_jpeg_2024-05-31_23-08-24.webp.webp?fit=1200%2C776&ssl=1&resize=525%2C300 1.5x, https:\/\/i0.wp.com\/noticiasribeiraopreto.com.br\/wp-content\/uploads\/2024\/05\/arraia_mio_di_bao_01_2024-05-31_23-08-24_jpeg_2024-05-31_23-08-24.webp.webp?fit=1200%2C776&ssl=1&resize=700%2C400 2x, https:\/\/i0.wp.com\/noticiasribeiraopreto.com.br\/wp-content\/uploads\/2024\/05\/arraia_mio_di_bao_01_2024-05-31_23-08-24_jpeg_2024-05-31_23-08-24.webp.webp?fit=1200%2C776&ssl=1&resize=1050%2C600 3x"},"classes":[]},{"id":49148,"url":"https:\/\/noticiasribeiraopreto.com.br\/index.php\/2024\/05\/08\/festa-junina-em-estacionamento-de-shopping-de-ribeirao-preto-tem-entrada-gratuita\/","url_meta":{"origin":85329,"position":3},"title":"Festa Junina em estacionamento de shopping de Ribeir\u00e3o Preto tem entrada gratuita","author":"noticiasribeiraopreto.com.br","date":"8 de May de 2024","format":false,"excerpt":"O segundo \u201cArrai\u00e1 Mio Di B\u00e3o \u2013 Ribeir\u00e3o!\u201d, que re\u00fane shows, comidas t\u00edpicas e a\u00e7\u00f5es solid\u00e1rias, no estacionamento do Novo Shopping, na zona Leste da cidade, acontece de 30 de maio a 30 e junho. Com entrada e estacionamento gratuitos, o evento contar\u00e1 com diversas barracas com comidas e bebidas\u2026","rel":"","context":"In &quot;Not\u00edcias de Ribeir\u00e3o Preto-SP e Regi\u00e3o&quot;","block_context":{"text":"Not\u00edcias de Ribeir\u00e3o Preto-SP e Regi\u00e3o","link":"https:\/\/noticiasribeiraopreto.com.br\/index.php\/category\/noticias-de-ribeirao-preto-sp-e-regiao-ismael-colosi\/"},"img":{"alt_text":"","src":"https:\/\/i0.wp.com\/noticiasribeiraopreto.com.br\/wp-content\/uploads\/2024\/05\/Capturar_2024-05-08_22-00-18_jpg_2024-05-08_22-00-18.webp.webp?fit=774%2C518&ssl=1&resize=350%2C200","width":350,"height":200,"srcset":"https:\/\/i0.wp.com\/noticiasribeiraopreto.com.br\/wp-content\/uploads\/2024\/05\/Capturar_2024-05-08_22-00-18_jpg_2024-05-08_22-00-18.webp.webp?fit=774%2C518&ssl=1&resize=350%2C200 1x, https:\/\/i0.wp.com\/noticiasribeiraopreto.com.br\/wp-content\/uploads\/2024\/05\/Capturar_2024-05-08_22-00-18_jpg_2024-05-08_22-00-18.webp.webp?fit=774%2C518&ssl=1&resize=525%2C300 1.5x, https:\/\/i0.wp.com\/noticiasribeiraopreto.com.br\/wp-content\/uploads\/2024\/05\/Capturar_2024-05-08_22-00-18_jpg_2024-05-08_22-00-18.webp.webp?fit=774%2C518&ssl=1&resize=700%2C400 2x"},"classes":[]},{"id":51492,"url":"https:\/\/noticiasribeiraopreto.com.br\/index.php\/2024\/05\/27\/festa-junina-em-estacionamento-de-shopping-comeca-esta-semana-em-ribeirao-preto\/","url_meta":{"origin":85329,"position":4},"title":"Festa junina em estacionamento de shopping come\u00e7a esta semana em Ribeir\u00e3o Preto","author":"noticiasribeiraopreto.com.br","date":"27 de May de 2024","format":false,"excerpt":"A segunda edi\u00e7\u00e3o da festa junina \u201cArrai\u00e1 Mio di B\u00e3o Ribeir\u00e3o\u201d, que re\u00fane durante 17 dias, barracas com comidas e bebidas t\u00edpicas, shows musicais e a\u00e7\u00f5es solid\u00e1rias, come\u00e7a nesta quinta-feira (30). O evento, com entrada e estacionamento gratuitos, acontece no estacionamento do Novo Shopping, na zona Leste de Ribeir\u00e3o Preto.\u2026","rel":"","context":"In &quot;Not\u00edcias de Ribeir\u00e3o Preto-SP e Regi\u00e3o&quot;","block_context":{"text":"Not\u00edcias de Ribeir\u00e3o Preto-SP e Regi\u00e3o","link":"https:\/\/noticiasribeiraopreto.com.br\/index.php\/category\/noticias-de-ribeirao-preto-sp-e-regiao-ismael-colosi\/"},"img":{"alt_text":"","src":"https:\/\/i0.wp.com\/noticiasribeiraopreto.com.br\/wp-content\/uploads\/2024\/05\/Copia-de-Copia-de-TAMANHO-EXATO-PARA-FOTOS-NO-SISTEMA-NOVO-50_2024-05-27_15-37-26_jpg_2024-05-27_15-37-26.webp.webp?fit=1200%2C675&ssl=1&resize=350%2C200","width":350,"height":200,"srcset":"https:\/\/i0.wp.com\/noticiasribeiraopreto.com.br\/wp-content\/uploads\/2024\/05\/Copia-de-Copia-de-TAMANHO-EXATO-PARA-FOTOS-NO-SISTEMA-NOVO-50_2024-05-27_15-37-26_jpg_2024-05-27_15-37-26.webp.webp?fit=1200%2C675&ssl=1&resize=350%2C200 1x, https:\/\/i0.wp.com\/noticiasribeiraopreto.com.br\/wp-content\/uploads\/2024\/05\/Copia-de-Copia-de-TAMANHO-EXATO-PARA-FOTOS-NO-SISTEMA-NOVO-50_2024-05-27_15-37-26_jpg_2024-05-27_15-37-26.webp.webp?fit=1200%2C675&ssl=1&resize=525%2C300 1.5x, https:\/\/i0.wp.com\/noticiasribeiraopreto.com.br\/wp-content\/uploads\/2024\/05\/Copia-de-Copia-de-TAMANHO-EXATO-PARA-FOTOS-NO-SISTEMA-NOVO-50_2024-05-27_15-37-26_jpg_2024-05-27_15-37-26.webp.webp?fit=1200%2C675&ssl=1&resize=700%2C400 2x, https:\/\/i0.wp.com\/noticiasribeiraopreto.com.br\/wp-content\/uploads\/2024\/05\/Copia-de-Copia-de-TAMANHO-EXATO-PARA-FOTOS-NO-SISTEMA-NOVO-50_2024-05-27_15-37-26_jpg_2024-05-27_15-37-26.webp.webp?fit=1200%2C675&ssl=1&resize=1050%2C600 3x"},"classes":[]},{"id":72125,"url":"https:\/\/noticiasribeiraopreto.com.br\/index.php\/2025\/06\/13\/forro-e-sertanejo-agitam-o-fim-de-semana-no-arraia-mio-di-bao-ribeirao\/","url_meta":{"origin":85329,"position":5},"title":"Forr\u00f3 e sertanejo agitam o fim de semana no Arrai\u00e1 Mi\u00f3 di B\u00e3o Ribeir\u00e3o","author":"noticiasribeiraopreto.com.br","date":"13 de June de 2025","format":false,"excerpt":"13 de junho de 2025 13:0513 de junho de 2025 13:070 Compartilhar0 O fim de semana est\u00e1 chegando e o Arrai\u00e1 Mi\u00f3 Di B\u00e3o Ribeir\u00e3o traz uma programa\u00e7\u00e3o especial para animar os visitantes da maior festa junina da regi\u00e3o. O grupo Forr\u00f3 100 D\u00f3 se apresentar\u00e1 na sexta-feira, dia 13\u2026","rel":"","context":"In &quot;Not\u00edcias de Ribeir\u00e3o Preto-SP e Regi\u00e3o&quot;","block_context":{"text":"Not\u00edcias de Ribeir\u00e3o Preto-SP e Regi\u00e3o","link":"https:\/\/noticiasribeiraopreto.com.br\/index.php\/category\/noticias-de-ribeirao-preto-sp-e-regiao-ismael-colosi\/"},"img":{"alt_text":"","src":"https:\/\/i0.wp.com\/noticiasribeiraopreto.com.br\/wp-content\/uploads\/2025\/06\/arraia-scaled.jpeg?fit=750%2C500&ssl=1&resize=350%2C200","width":350,"height":200,"srcset":"https:\/\/i0.wp.com\/noticiasribeiraopreto.com.br\/wp-content\/uploads\/2025\/06\/arraia-scaled.jpeg?fit=750%2C500&ssl=1&resize=350%2C200 1x, https:\/\/i0.wp.com\/noticiasribeiraopreto.com.br\/wp-content\/uploads\/2025\/06\/arraia-scaled.jpeg?fit=750%2C500&ssl=1&resize=525%2C300 1.5x, https:\/\/i0.wp.com\/noticiasribeiraopreto.com.br\/wp-content\/uploads\/2025\/06\/arraia-scaled.jpeg?fit=750%2C500&ssl=1&resize=700%2C400 2x"},"classes":[]}],"jetpack_sharing_enabled":true,"jetpack_shortlink":"https:\/\/wp.me\/peQAOb-mch","_links":{"self":[{"href":"https:\/\/noticiasribeiraopreto.com.br\/index.php\/wp-json\/wp\/v2\/posts\/85329","targetHints":{"allow":["GET"]}}],"collection":[{"href":"https:\/\/noticiasribeiraopreto.com.br\/index.php\/wp-json\/wp\/v2\/posts"}],"about":[{"href":"https:\/\/noticiasribeiraopreto.com.br\/index.php\/wp-json\/wp\/v2\/types\/post"}],"author":[{"embeddable":true,"href":"https:\/\/noticiasribeiraopreto.com.br\/index.php\/wp-json\/wp\/v2\/users\/1"}],"replies":[{"embeddable":true,"href":"https:\/\/noticiasribeiraopreto.com.br\/index.php\/wp-json\/wp\/v2\/comments?post=85329"}],"version-history":[{"count":0,"href":"https:\/\/noticiasribeiraopreto.com.br\/index.php\/wp-json\/wp\/v2\/posts\/85329\/revisions"}],"wp:featuredmedia":[{"embeddable":true,"href":"https:\/\/noticiasribeiraopreto.com.br\/index.php\/wp-json\/wp\/v2\/media\/85330"}],"wp:attachment":[{"href":"https:\/\/noticiasribeiraopreto.com.br\/index.php\/wp-json\/wp\/v2\/media?parent=85329"}],"wp:term":[{"taxonomy":"category","embeddable":true,"href":"https:\/\/noticiasribeiraopreto.com.br\/index.php\/wp-json\/wp\/v2\/categories?post=85329"},{"taxonomy":"post_tag","embeddable":true,"href":"https:\/\/noticiasribeiraopreto.com.br\/index.php\/wp-json\/wp\/v2\/tags?post=85329"}],"curies":[{"name":"wp","href":"https:\/\/api.w.org\/{rel}","templated":true}]}}