{"id":85331,"date":"2026-04-29T11:38:05","date_gmt":"2026-04-29T14:38:05","guid":{"rendered":"https:\/\/noticiasribeiraopreto.com.br\/index.php\/2026\/04\/29\/mostra-internacional-do-cinema-negro-chega-ao-sesi-campinas-com-filmes-gratuitos-em-maio\/"},"modified":"2026-04-29T11:38:05","modified_gmt":"2026-04-29T14:38:05","slug":"mostra-internacional-do-cinema-negro-chega-ao-sesi-campinas-com-filmes-gratuitos-em-maio","status":"publish","type":"post","link":"https:\/\/noticiasribeiraopreto.com.br\/index.php\/2026\/04\/29\/mostra-internacional-do-cinema-negro-chega-ao-sesi-campinas-com-filmes-gratuitos-em-maio\/","title":{"rendered":"Mostra Internacional do Cinema Negro chega ao SESI Campinas com filmes gratuitos em maio &#8211; THMais"},"content":{"rendered":"<div class='code-block code-block-1' style='margin: 8px 0 8px auto; text-align: right; display: block; clear: both;'>\n<p><a href=\"https:\/\/wa.link\/vpicfd\"><img data-recalc-dims=\"1\" class=\"wp-image-4922\" style=\"aspect-ratio: 2.0253164556962027; width: 561px; height: auto;\" src=\"https:\/\/i0.wp.com\/ismaelcolosi.com.br\/wp-content\/uploads\/2023\/11\/grupo-de-empregos-whatsapp-e-facebook-ismael-colosi-vagas.jpg?ssl=1\" alt=\"\" \/><\/a><\/p>\n<!-- \/wp:image -->\n<\/div>\n<p> <br \/>\n<\/p>\n<div data-td-block-uid=\"tdi_144\">\n<div class=\"tdb-block-inner td-fix-index\">\n<p>A 21\u00aa edi\u00e7\u00e3o da Mostra Internacional do Cinema Negro (MICINE) vai acontecer de 5 a 30 de maio em diversas unidades do SESI-SP pelo estado. Em Campinas, a programa\u00e7\u00e3o \u00e9 gratuita e acontece sempre \u00e0s quartas-feiras, \u00e0s 20h.<\/p>\n<p>A mostra \u00e9 reconhecida por valorizar a cultura negra e ampliar o acesso a narrativas diversas no audiovisual. A curadoria re\u00fane filmes nacionais e internacionais que destacam o protagonismo de cineastas negros e abordam temas como identidade, ancestralidade e justi\u00e7a social.<\/p>\n<p><strong>Programa\u00e7\u00e3o em Campinas:<\/strong><\/p>\n<ul class=\"wp-block-list\">\n<li><strong>6 de maio \u2013 \u201c1798 \u2013 Revolta dos B\u00fazios\u201d<\/strong>\u00a0(Brasil, 2018, 70 min, 12 anos). Document\u00e1rio sobre o movimento de resist\u00eancia negra na Bahia que lutou por liberdade e foi duramente reprimido.<\/li>\n<li><strong>13 de maio \u2013 \u201cO Trem do Soul\u201d<\/strong>\u00a0(Brasil, 2021, 82 min, 10 anos). Document\u00e1rio que resgata o movimento jovem, negro e perif\u00e9rico do soul nos anos 1970, no Rio de Janeiro.<\/li>\n<li><strong>20 de maio \u2013 \u201cPegadas da Floresta\u201d<\/strong>\u00a0(Brasil, 2024, 64 min, 14 anos). Hist\u00f3ria de tr\u00eas artistas ind\u00edgenas que usam a arte para preservar suas ra\u00edzes na cidade.<\/li>\n<li><strong>27 de maio \u2013 Sess\u00e3o dupla:<\/strong>\u00a0\u201cCabo Verde: Um Sonho Poss\u00edvel\u201d (Cabo Verde, 2025, 30 min, livre) e \u201cBen\u00e7a V\u00f3!\u201d (Brasil, 2025, 30 min, livre). O primeiro fala sobre a cultura cabo-verdiana; o segundo celebra as benzedeiras de Guarulhos e a preserva\u00e7\u00e3o de saberes ancestrais femininos.<\/li>\n<\/ul>\n<p>Os ingressos s\u00e3o gratuitos. Em Campinas, a reserva \u00e9 liberada na semana de cada exibi\u00e7\u00e3o, sempre \u00e0s segundas-feiras, a partir das 12h, pelo site do SESI-SP. A classifica\u00e7\u00e3o indicativa varia de acordo com cada filme.<\/p>\n<p>A mostra acontece em outras cidades al\u00e9m de Campinas, como Sorocaba, Ribeir\u00e3o Preto, S\u00e3o Jos\u00e9 dos Campos, Jundia\u00ed, Osasco e Piracicaba. A entrada \u00e9 gratuita. Para mais informa\u00e7\u00f5es, acesse o site do SESI-SP.<\/p>\n<\/div>\n<\/div>\n<p><br \/>\n<br \/><a href=\"https:\/\/thmais.com.br\/noticias\/mostra-internacional-do-cinema-negro-chega-ao-sesi-campinas-com-filmes-gratuitos-em-maio\/\">Link para o texto original <\/a><\/p>\n<!-- CONTENT END 1 -->\n","protected":false},"excerpt":{"rendered":"<p>A 21\u00aa edi\u00e7\u00e3o da Mostra Internacional do Cinema Negro (MICINE) vai acontecer de 5 a 30 de maio em diversas unidades do SESI-SP pelo estado&#8230;.<\/p>\n","protected":false},"author":1,"featured_media":85332,"comment_status":"","ping_status":"","sticky":false,"template":"","format":"standard","meta":{"advanced_seo_description":"","jetpack_seo_html_title":"","jetpack_seo_noindex":false,"jetpack_post_was_ever_published":false,"_jetpack_newsletter_access":"","_jetpack_dont_email_post_to_subs":false,"_jetpack_newsletter_tier_id":0,"_jetpack_memberships_contains_paywalled_content":false,"_jetpack_memberships_contains_paid_content":false,"footnotes":"","jetpack_publicize_message":"","jetpack_publicize_feature_enabled":true,"jetpack_social_post_already_shared":true,"jetpack_social_options":{"image_generator_settings":{"template":"highway","default_image_id":0,"font":"","enabled":false},"version":2}},"categories":[11],"tags":[6344,531,1290,2533,1693,1620,1969,2737,3346,3367,6443],"class_list":["post-85331","post","type-post","status-publish","format-standard","has-post-thumbnail","hentry","category-noticias-de-ribeirao-preto-sp-e-regiao-ismael-colosi","tag-campinas","tag-chega","tag-cinema","tag-filmes","tag-gratuitos","tag-internacional","tag-maio","tag-mostra","tag-negro","tag-sesi","tag-thmais"],"jetpack_publicize_connections":[],"jetpack_featured_media_url":"https:\/\/i0.wp.com\/noticiasribeiraopreto.com.br\/wp-content\/uploads\/2026\/04\/cine.png?fit=1301%2C759&ssl=1","jetpack-related-posts":[{"id":67609,"url":"https:\/\/noticiasribeiraopreto.com.br\/index.php\/2025\/04\/16\/sesi-recebe-mostra-gratuita-de-cinema-nacional-veja-quando\/","url_meta":{"origin":85331,"position":0},"title":"Sesi recebe mostra gratuita de cinema nacional; veja quando","author":"noticiasribeiraopreto.com.br","date":"16 de April de 2025","format":false,"excerpt":"Entre os dias 15 de abril e 1\u00ba de maio, 26 unidades do Sesi, entre elas a de Ribeir\u00e3o Preto e Franca, recebem a Mostra \u201cCine Sesi \u2013SP Curtas-metragens brasileiros\u201d, que leva ao p\u00fablico obras nacionais, com produ\u00e7\u00f5es de temas e g\u00eaneros audiovisuais variados, com entrada gratuita. Algumas sess\u00f5es contar\u00e3o\u2026","rel":"","context":"In &quot;Not\u00edcias de Ribeir\u00e3o Preto-SP e Regi\u00e3o&quot;","block_context":{"text":"Not\u00edcias de Ribeir\u00e3o Preto-SP e Regi\u00e3o","link":"https:\/\/noticiasribeiraopreto.com.br\/index.php\/category\/noticias-de-ribeirao-preto-sp-e-regiao-ismael-colosi\/"},"img":{"alt_text":"","src":"https:\/\/i0.wp.com\/noticiasribeiraopreto.com.br\/wp-content\/uploads\/2025\/04\/ic_large_w900h600q100_isso-sempre-acontece_2025-04-16_15-45-39_png_2025-04-16_15-45-39.webp.webp?fit=900%2C433&ssl=1&resize=350%2C200","width":350,"height":200,"srcset":"https:\/\/i0.wp.com\/noticiasribeiraopreto.com.br\/wp-content\/uploads\/2025\/04\/ic_large_w900h600q100_isso-sempre-acontece_2025-04-16_15-45-39_png_2025-04-16_15-45-39.webp.webp?fit=900%2C433&ssl=1&resize=350%2C200 1x, https:\/\/i0.wp.com\/noticiasribeiraopreto.com.br\/wp-content\/uploads\/2025\/04\/ic_large_w900h600q100_isso-sempre-acontece_2025-04-16_15-45-39_png_2025-04-16_15-45-39.webp.webp?fit=900%2C433&ssl=1&resize=525%2C300 1.5x, https:\/\/i0.wp.com\/noticiasribeiraopreto.com.br\/wp-content\/uploads\/2025\/04\/ic_large_w900h600q100_isso-sempre-acontece_2025-04-16_15-45-39_png_2025-04-16_15-45-39.webp.webp?fit=900%2C433&ssl=1&resize=700%2C400 2x"},"classes":[]},{"id":3921,"url":"https:\/\/noticiasribeiraopreto.com.br\/index.php\/2023\/11\/20\/ribeirao-preto-recebe-festival-de-curtas-metragens-cine-zumbido-neste-feriado\/","url_meta":{"origin":85331,"position":1},"title":"Ribeir\u00e3o Preto recebe festival de curtas-metragens &#8216;Cine Zumbido&#8217; neste feriado","author":"noticiasribeiraopreto.com.br","date":"20 de November de 2023","format":false,"excerpt":"A Prefeitura de Ribeir\u00e3o Preto realiza, nesta segunda-feira (20), \u00e0s 18h30, no Centro Cultural Palace, a Mostra de Cinema \u2018Cine Zumbido\u2019. O evento \u00e9 gratuito e aberto ao p\u00fablico. A iniciativa faz parte da programa\u00e7\u00e3o do M\u00eas da Consci\u00eancia Negra e \u00e9 realizado atrav\u00e9s das secretarias da Cultura e Turismo\u2026","rel":"","context":"In &quot;Not\u00edcias de Ribeir\u00e3o Preto-SP e Regi\u00e3o&quot;","block_context":{"text":"Not\u00edcias de Ribeir\u00e3o Preto-SP e Regi\u00e3o","link":"https:\/\/noticiasribeiraopreto.com.br\/index.php\/category\/noticias-de-ribeirao-preto-sp-e-regiao-ismael-colosi\/"},"img":{"alt_text":"","src":"https:\/\/i0.wp.com\/noticiasribeiraopreto.com.br\/wp-content\/uploads\/2023\/11\/centro_cultural_1024x576_14022020200647.jpg?fit=1024%2C576&ssl=1&resize=350%2C200","width":350,"height":200,"srcset":"https:\/\/i0.wp.com\/noticiasribeiraopreto.com.br\/wp-content\/uploads\/2023\/11\/centro_cultural_1024x576_14022020200647.jpg?fit=1024%2C576&ssl=1&resize=350%2C200 1x, https:\/\/i0.wp.com\/noticiasribeiraopreto.com.br\/wp-content\/uploads\/2023\/11\/centro_cultural_1024x576_14022020200647.jpg?fit=1024%2C576&ssl=1&resize=525%2C300 1.5x, https:\/\/i0.wp.com\/noticiasribeiraopreto.com.br\/wp-content\/uploads\/2023\/11\/centro_cultural_1024x576_14022020200647.jpg?fit=1024%2C576&ssl=1&resize=700%2C400 2x"},"classes":[]},{"id":79936,"url":"https:\/\/noticiasribeiraopreto.com.br\/index.php\/2025\/11\/11\/sesi-ribeirao-exibe-filme-de-terror-brasileiro-premiado-entrada-e-gratuita\/","url_meta":{"origin":85331,"position":2},"title":"Sesi Ribeir\u00e3o exibe filme de terror brasileiro premiado; entrada \u00e9 gratuita","author":"noticiasribeiraopreto.com.br","date":"11 de November de 2025","format":false,"excerpt":"O Sesi-SP de Ribeir\u00e3o Preto exibe nesta ter\u00e7a-feira (11), \u00e0s 20h, o filme de terror brasileiro que emocionou o p\u00fablico em festivais internacionais. \u201cLove Kills\u201d, da diretora Luiza Shelling Tubaldini, radicada em Ribeir\u00e3o Preto, foi premiado no Festival Internacional do Rio de Janeiro e foi exibido na Mostra Internacional de\u2026","rel":"","context":"In &quot;Not\u00edcias de Ribeir\u00e3o Preto-SP e Regi\u00e3o&quot;","block_context":{"text":"Not\u00edcias de Ribeir\u00e3o Preto-SP e Regi\u00e3o","link":"https:\/\/noticiasribeiraopreto.com.br\/index.php\/category\/noticias-de-ribeirao-preto-sp-e-regiao-ismael-colosi\/"},"img":{"alt_text":"","src":"https:\/\/i0.wp.com\/noticiasribeiraopreto.com.br\/wp-content\/uploads\/2025\/11\/love-kills_2025-11-11_14-20-44.webp.webp?fit=1066%2C600&ssl=1&resize=350%2C200","width":350,"height":200,"srcset":"https:\/\/i0.wp.com\/noticiasribeiraopreto.com.br\/wp-content\/uploads\/2025\/11\/love-kills_2025-11-11_14-20-44.webp.webp?fit=1066%2C600&ssl=1&resize=350%2C200 1x, https:\/\/i0.wp.com\/noticiasribeiraopreto.com.br\/wp-content\/uploads\/2025\/11\/love-kills_2025-11-11_14-20-44.webp.webp?fit=1066%2C600&ssl=1&resize=525%2C300 1.5x, https:\/\/i0.wp.com\/noticiasribeiraopreto.com.br\/wp-content\/uploads\/2025\/11\/love-kills_2025-11-11_14-20-44.webp.webp?fit=1066%2C600&ssl=1&resize=700%2C400 2x, https:\/\/i0.wp.com\/noticiasribeiraopreto.com.br\/wp-content\/uploads\/2025\/11\/love-kills_2025-11-11_14-20-44.webp.webp?fit=1066%2C600&ssl=1&resize=1050%2C600 3x"},"classes":[]},{"id":43267,"url":"https:\/\/noticiasribeiraopreto.com.br\/index.php\/2024\/03\/20\/sesi-ribeirao-recebe-espetaculo-gratuito-inspirado-nas-festas-dos-anos-60\/","url_meta":{"origin":85331,"position":3},"title":"Sesi Ribeir\u00e3o recebe espet\u00e1culo gratuito inspirado nas festas dos anos 60","author":"noticiasribeiraopreto.com.br","date":"20 de March de 2024","format":false,"excerpt":"No pr\u00f3ximo domingo (24), o Teatro Sesi de Ribeir\u00e3o Preto recebe o show gratuito \u201cMundo Negro\u201d, inspirado nos \u2018Bailes Black\u2019, festas do final da d\u00e9cada de 60. Os interessados podem reservar o ingresso pela internet (Clique aqui). A apresenta\u00e7\u00e3o conta com um repert\u00f3rio recheado de grandes nomes da m\u00fasica como:\u2026","rel":"","context":"In &quot;Not\u00edcias de Ribeir\u00e3o Preto-SP e Regi\u00e3o&quot;","block_context":{"text":"Not\u00edcias de Ribeir\u00e3o Preto-SP e Regi\u00e3o","link":"https:\/\/noticiasribeiraopreto.com.br\/index.php\/category\/noticias-de-ribeirao-preto-sp-e-regiao-ismael-colosi\/"},"img":{"alt_text":"","src":"https:\/\/i0.wp.com\/noticiasribeiraopreto.com.br\/wp-content\/uploads\/2024\/03\/52557169734_f918a908aa_o-scaled.jpg?fit=1200%2C800&ssl=1&resize=350%2C200","width":350,"height":200,"srcset":"https:\/\/i0.wp.com\/noticiasribeiraopreto.com.br\/wp-content\/uploads\/2024\/03\/52557169734_f918a908aa_o-scaled.jpg?fit=1200%2C800&ssl=1&resize=350%2C200 1x, https:\/\/i0.wp.com\/noticiasribeiraopreto.com.br\/wp-content\/uploads\/2024\/03\/52557169734_f918a908aa_o-scaled.jpg?fit=1200%2C800&ssl=1&resize=525%2C300 1.5x, https:\/\/i0.wp.com\/noticiasribeiraopreto.com.br\/wp-content\/uploads\/2024\/03\/52557169734_f918a908aa_o-scaled.jpg?fit=1200%2C800&ssl=1&resize=700%2C400 2x, https:\/\/i0.wp.com\/noticiasribeiraopreto.com.br\/wp-content\/uploads\/2024\/03\/52557169734_f918a908aa_o-scaled.jpg?fit=1200%2C800&ssl=1&resize=1050%2C600 3x"},"classes":[]},{"id":57812,"url":"https:\/\/noticiasribeiraopreto.com.br\/index.php\/2024\/09\/11\/cinema-troca-de-livros-e-contacao-de-historias-sesi-ribeirao-tem-programacao-gratuita\/","url_meta":{"origin":85331,"position":4},"title":"Cinema, troca de livros e conta\u00e7\u00e3o de hist\u00f3rias: Sesi Ribeir\u00e3o tem programa\u00e7\u00e3o gratuita","author":"noticiasribeiraopreto.com.br","date":"11 de September de 2024","format":false,"excerpt":"O Sesi Ribeir\u00e3o Preto oferece uma programa\u00e7\u00e3o cultural com cinema, feira para troca de livros e conta\u00e7\u00e3o de hist\u00f3rias. As atividades t\u00eam inicio nesta quarta-feira (11), a partir das 19h30. Embora as atividades sejam\u00a0gratuitas, ainda \u00e9 necess\u00e1rio\u00a0reservar os ingressos\u00a0on-line atrav\u00e9s do sistema\u00a0Meu Sesi. Confira a programa\u00e7\u00e3o cultural completa: Mostra Cine\u2026","rel":"","context":"In &quot;Not\u00edcias de Ribeir\u00e3o Preto-SP e Regi\u00e3o&quot;","block_context":{"text":"Not\u00edcias de Ribeir\u00e3o Preto-SP e Regi\u00e3o","link":"https:\/\/noticiasribeiraopreto.com.br\/index.php\/category\/noticias-de-ribeirao-preto-sp-e-regiao-ismael-colosi\/"},"img":{"alt_text":"","src":"https:\/\/i0.wp.com\/noticiasribeiraopreto.com.br\/wp-content\/uploads\/2024\/09\/b1485220-e35f-41ef-ba0a-ac1a202d66f9_2024-09-11_12-14-48_png_2024-09-11_12-14-48.webp.webp?fit=1066%2C600&ssl=1&resize=350%2C200","width":350,"height":200,"srcset":"https:\/\/i0.wp.com\/noticiasribeiraopreto.com.br\/wp-content\/uploads\/2024\/09\/b1485220-e35f-41ef-ba0a-ac1a202d66f9_2024-09-11_12-14-48_png_2024-09-11_12-14-48.webp.webp?fit=1066%2C600&ssl=1&resize=350%2C200 1x, https:\/\/i0.wp.com\/noticiasribeiraopreto.com.br\/wp-content\/uploads\/2024\/09\/b1485220-e35f-41ef-ba0a-ac1a202d66f9_2024-09-11_12-14-48_png_2024-09-11_12-14-48.webp.webp?fit=1066%2C600&ssl=1&resize=525%2C300 1.5x, https:\/\/i0.wp.com\/noticiasribeiraopreto.com.br\/wp-content\/uploads\/2024\/09\/b1485220-e35f-41ef-ba0a-ac1a202d66f9_2024-09-11_12-14-48_png_2024-09-11_12-14-48.webp.webp?fit=1066%2C600&ssl=1&resize=700%2C400 2x, https:\/\/i0.wp.com\/noticiasribeiraopreto.com.br\/wp-content\/uploads\/2024\/09\/b1485220-e35f-41ef-ba0a-ac1a202d66f9_2024-09-11_12-14-48_png_2024-09-11_12-14-48.webp.webp?fit=1066%2C600&ssl=1&resize=1050%2C600 3x"},"classes":[]},{"id":69104,"url":"https:\/\/noticiasribeiraopreto.com.br\/index.php\/2025\/05\/02\/jornal-da-franca-programacao-de-cinema-do-sesc-franca-em-maio-tem-coringa-baby-e-ilha-do-medo\/","url_meta":{"origin":85331,"position":5},"title":"Jornal da Franca &#8211; Programa\u00e7\u00e3o de cinema do Sesc Franca em maio tem &#8220;Coringa&#8221;, &#8220;Baby&#8221; e &#8220;Ilha do Medo&#8221;","author":"noticiasribeiraopreto.com.br","date":"2 de May de 2025","format":false,"excerpt":"compartilhar no whatsapp compartilhar no telegram compartilhar no facebook compartilhar no linkedin Maio traz ao Sesc Franca o document\u00e1rio Rejeito, da Mostra de Cinema Ecofalante e o nacional Baby, premiado no Festival de Cannes 2024. Baby foi exibido na Mostra Internacional de Cinema de S\u00e3o Paulo, no Festival do Rio\u2026","rel":"","context":"In &quot;Not\u00edcias de Franca-SP&quot;","block_context":{"text":"Not\u00edcias de Franca-SP","link":"https:\/\/noticiasribeiraopreto.com.br\/index.php\/category\/noticias-de-ribeirao-preto-sp-e-regiao-ismael-colosi\/noticias-franca-sp\/"},"img":{"alt_text":"","src":"https:\/\/i0.wp.com\/noticiasribeiraopreto.com.br\/wp-content\/uploads\/2025\/05\/b3cb2469-3875-4c1b-9d23-0b748f17b079.jpg?fit=1200%2C800&ssl=1&resize=350%2C200","width":350,"height":200,"srcset":"https:\/\/i0.wp.com\/noticiasribeiraopreto.com.br\/wp-content\/uploads\/2025\/05\/b3cb2469-3875-4c1b-9d23-0b748f17b079.jpg?fit=1200%2C800&ssl=1&resize=350%2C200 1x, https:\/\/i0.wp.com\/noticiasribeiraopreto.com.br\/wp-content\/uploads\/2025\/05\/b3cb2469-3875-4c1b-9d23-0b748f17b079.jpg?fit=1200%2C800&ssl=1&resize=525%2C300 1.5x, https:\/\/i0.wp.com\/noticiasribeiraopreto.com.br\/wp-content\/uploads\/2025\/05\/b3cb2469-3875-4c1b-9d23-0b748f17b079.jpg?fit=1200%2C800&ssl=1&resize=700%2C400 2x, https:\/\/i0.wp.com\/noticiasribeiraopreto.com.br\/wp-content\/uploads\/2025\/05\/b3cb2469-3875-4c1b-9d23-0b748f17b079.jpg?fit=1200%2C800&ssl=1&resize=1050%2C600 3x"},"classes":[]}],"jetpack_sharing_enabled":true,"jetpack_shortlink":"https:\/\/wp.me\/peQAOb-mcj","_links":{"self":[{"href":"https:\/\/noticiasribeiraopreto.com.br\/index.php\/wp-json\/wp\/v2\/posts\/85331","targetHints":{"allow":["GET"]}}],"collection":[{"href":"https:\/\/noticiasribeiraopreto.com.br\/index.php\/wp-json\/wp\/v2\/posts"}],"about":[{"href":"https:\/\/noticiasribeiraopreto.com.br\/index.php\/wp-json\/wp\/v2\/types\/post"}],"author":[{"embeddable":true,"href":"https:\/\/noticiasribeiraopreto.com.br\/index.php\/wp-json\/wp\/v2\/users\/1"}],"replies":[{"embeddable":true,"href":"https:\/\/noticiasribeiraopreto.com.br\/index.php\/wp-json\/wp\/v2\/comments?post=85331"}],"version-history":[{"count":0,"href":"https:\/\/noticiasribeiraopreto.com.br\/index.php\/wp-json\/wp\/v2\/posts\/85331\/revisions"}],"wp:featuredmedia":[{"embeddable":true,"href":"https:\/\/noticiasribeiraopreto.com.br\/index.php\/wp-json\/wp\/v2\/media\/85332"}],"wp:attachment":[{"href":"https:\/\/noticiasribeiraopreto.com.br\/index.php\/wp-json\/wp\/v2\/media?parent=85331"}],"wp:term":[{"taxonomy":"category","embeddable":true,"href":"https:\/\/noticiasribeiraopreto.com.br\/index.php\/wp-json\/wp\/v2\/categories?post=85331"},{"taxonomy":"post_tag","embeddable":true,"href":"https:\/\/noticiasribeiraopreto.com.br\/index.php\/wp-json\/wp\/v2\/tags?post=85331"}],"curies":[{"name":"wp","href":"https:\/\/api.w.org\/{rel}","templated":true}]}}