{"id":85333,"date":"2026-04-29T12:56:28","date_gmt":"2026-04-29T15:56:28","guid":{"rendered":"https:\/\/noticiasribeiraopreto.com.br\/index.php\/2026\/04\/29\/raphael-pereira-retorna-para-comandar-comercial-na-copa-paulista\/"},"modified":"2026-04-29T12:56:28","modified_gmt":"2026-04-29T15:56:28","slug":"raphael-pereira-retorna-para-comandar-comercial-na-copa-paulista","status":"publish","type":"post","link":"https:\/\/noticiasribeiraopreto.com.br\/index.php\/2026\/04\/29\/raphael-pereira-retorna-para-comandar-comercial-na-copa-paulista\/","title":{"rendered":"Raphael Pereira retorna para comandar Comercial na Copa Paulista"},"content":{"rendered":"<div class='code-block code-block-1' style='margin: 8px 0 8px auto; text-align: right; display: block; clear: both;'>\n<p><a href=\"https:\/\/wa.link\/vpicfd\"><img data-recalc-dims=\"1\" class=\"wp-image-4922\" style=\"aspect-ratio: 2.0253164556962027; width: 561px; height: auto;\" src=\"https:\/\/i0.wp.com\/ismaelcolosi.com.br\/wp-content\/uploads\/2023\/11\/grupo-de-empregos-whatsapp-e-facebook-ismael-colosi-vagas.jpg?ssl=1\" alt=\"\" \/><\/a><\/p>\n<!-- \/wp:image -->\n<\/div>\n<p> <br \/>\n<\/p>\n<div id=\"\">&#13;<\/p>\n<h2 class=\"penci-post-subtitle\">T\u00e9cnico esteve \u00e0 frente do Bafo em quatro partidas na S\u00e9rie A4 deste ano<\/h2>\n<p>&#13;<\/p>\n<p>&#13;<br \/>\n\t\t\t\t\t\t\t\t\t<span class=\"entry-meta-item penci-posted-on\"><i class=\"fa fa-clock-o\"\/><time class=\"entry-date published updated\" datetime=\"2026-04-29T12:56:09-03:00\">29 de abril de 2026 12:56<\/time><\/span><span class=\"entry-meta-item penci-post-countview\"\/>\t\t\t\t\t\t\t\t<\/p>\n<p><!-- .entry-meta -->&#13;<br \/>\n\t\t\t\t\t\t\t\t<span class=\"penci-social-buttons penci-social-share-footer\"><span class=\"penci-social-share-text\">Compartilhar<\/span><a href=\"#\" class=\"penci-post-like penci_post-meta_item  single-like-button penci-social-item like\" data-post_id=\"462528\" title=\"Like\" data-like=\"Like\" data-unlike=\"Unlike\"><i class=\"fa fa-thumbs-o-up\"\/><span class=\"penci-share-number\">1<\/span><\/a><i class=\"fa fa-facebook\"\/><a class=\"penci-social-item twitter\" target=\"_blank\" rel=\"noopener\" title=\"\" href=\"https:\/\/twitter.com\/intent\/tweet?text=Raphael%20Pereira%20retorna%20para%20comandar%20Comercial%20na%20Copa%20Paulista%20-%20https:\/\/www.tribunaribeirao.com.br\/raphael-pereira-retorna-para-comandar-comercial-na-copa-paulista\/\"><i class=\"fa fa-twitter\"\/><\/a><i class=\"fa fa-linkedin\"\/><i class=\"fa fa-whatsapp\"\/><i class=\"fa fa-telegram\"\/><i class=\"fa fa-envelope\"\/><\/span>\t\t\t\t\t\t\t<\/div>\n<div>\n<p><strong><em>Por Hugo Luque<\/em><\/strong><\/p>\n<p>O Comercial oficializou o retorno de Raphael Pereira para o cargo de t\u00e9cnico. Menos de dois meses ap\u00f3s sua demiss\u00e3o, o profissional de 46 anos est\u00e1 de volta ao Palma Travassos para comandar a equipe na Copa Paulista deste ano.<\/p>\n<p>Pereira era a primeira op\u00e7\u00e3o da nova diretoria, liderada pelo presidente interino Wesley Rios. Osny, que encerrou a S\u00e9rie A4 do Campeonato Paulista \u00e0 frente do Le\u00e3o do Norte, vivia e expectativa de se manter no posto, o que n\u00e3o aconteceu.<\/p>\n<p>Atual bicampe\u00e3o da A4, Raphael Pereira chegou a treinar o Bafo nesta edi\u00e7\u00e3o do estadual. No entanto, acabou demitido ap\u00f3s somente quatro jogos. Foram uma vit\u00f3ria e tr\u00eas derrotas. O aproveitamento de 25% motivou a troca do t\u00e9cnico, no in\u00edcio de mar\u00e7o, por Pinho, que rapidamente foi substitu\u00eddo por Osny, respons\u00e1vel pelo melhor desempenho do time.<\/p>\n<p>Na \u00e9poca, o presidente ainda era Ant\u00f4nio Carlos Campanelli. No an\u00fancio oficial de Pereira, o Comercial destacou que o clube vive um novo momento. Para disputar a Copa Paulista, o clube ter\u00e1 o investimento do empres\u00e1rio Bruno Carloni, com Tiago Pires como gestor de futebol.<\/p>\n<p>\u201cCom 2 acessos conquistados na S\u00e9rie A4, Raphael chega para integrar um projeto s\u00f3lido, com planejamento j\u00e1 voltado para a temporada de 2027, refor\u00e7ando o compromisso do clube com crescimento e profissionaliza\u00e7\u00e3o. O treinador retorna ao Comercial ap\u00f3s uma passagem recente em um momento conturbado, e agora assume o comando em um novo cen\u00e1rio, com estrutura e confian\u00e7a para desenvolver seu trabalho. Sua volta \u00e9 fruto da confian\u00e7a da diretoria, do presidente Wesley Rios e do gerente de futebol Tiago Pires, com quem j\u00e1 construiu um trabalho positivo anteriormente\u201d, publicou o Le\u00e3o nas redes sociais.<\/p>\n<p>Raphael Pereira e Tiago Pires trabalharam juntos no Oper\u00e1rio-MS durante a S\u00e9rie D do Campeonato Brasileiro de 2025. Em seguida, o t\u00e9cnico deixou a equipe para assumir o Paulista na disputa da S\u00e9rie A3 deste ano. Ap\u00f3s um come\u00e7o ruim de trabalho, foi desligado do cargo e viveu sua breve primeira passagem pelo Comercial.<\/p>\n<p>O Bafo est\u00e1 no Grupo 2 da Copa Paulista, ao lado de Noroeste, XV de Piracicaba e Uni\u00e3o S\u00e3o Jo\u00e3o. O elenco deve come\u00e7ar a ser formado nas pr\u00f3ximas semanas, com folha salarial que vai girar entre R$ 100 mil e R$ 120 mil. A primeira rodada est\u00e1 programada para acontecer em 18 de julho.<\/p>\n<\/div>\n<p><script async src=\"\/\/platform.twitter.com\/widgets.js\" charset=\"utf-8\"><\/script><br \/>\n<br \/><br \/>\n<br \/><a href=\"https:\/\/www.tribunaribeirao.com.br\/raphael-pereira-retorna-para-comandar-comercial-na-copa-paulista\/\">Texto original daqui <\/a><\/p>\n<!-- CONTENT END 1 -->\n","protected":false},"excerpt":{"rendered":"<p>&#13; T\u00e9cnico esteve \u00e0 frente do Bafo em quatro partidas na S\u00e9rie A4 deste ano &#13; &#13; 29 de abril de 2026 12:56 &#13; Compartilhar1&#8230;<\/p>\n","protected":false},"author":1,"featured_media":85334,"comment_status":"","ping_status":"","sticky":false,"template":"","format":"standard","meta":{"advanced_seo_description":"","jetpack_seo_html_title":"","jetpack_seo_noindex":false,"jetpack_post_was_ever_published":false,"_jetpack_newsletter_access":"","_jetpack_dont_email_post_to_subs":false,"_jetpack_newsletter_tier_id":0,"_jetpack_memberships_contains_paywalled_content":false,"_jetpack_memberships_contains_paid_content":false,"footnotes":"","jetpack_publicize_message":"","jetpack_publicize_feature_enabled":true,"jetpack_social_post_already_shared":true,"jetpack_social_options":{"image_generator_settings":{"template":"highway","default_image_id":0,"font":"","enabled":false},"version":2}},"categories":[11],"tags":[5649,705,707,71,762,5316,6518,2883],"class_list":["post-85333","post","type-post","status-publish","format-standard","has-post-thumbnail","hentry","category-noticias-de-ribeirao-preto-sp-e-regiao-ismael-colosi","tag-comandar","tag-comercial","tag-copa","tag-para","tag-paulista","tag-pereira","tag-raphael","tag-retorna"],"jetpack_publicize_connections":[],"jetpack_featured_media_url":"https:\/\/i0.wp.com\/noticiasribeiraopreto.com.br\/wp-content\/uploads\/2026\/04\/2-TEC-Raphael-Pereira-Raul-Ramos.jpg?fit=799%2C533&ssl=1","jetpack-related-posts":[{"id":82391,"url":"https:\/\/noticiasribeiraopreto.com.br\/index.php\/2026\/02\/12\/comercial-contrata-tecnico-bicampeao-da-serie-a4\/","url_meta":{"origin":85333,"position":0},"title":"Comercial contrata t\u00e9cnico bicampe\u00e3o da S\u00e9rie A4","author":"noticiasribeiraopreto.com.br","date":"12 de February de 2026","format":false,"excerpt":"\r Raphael Pereira venceu o torneio \u00e0 frente de Rio Branco e Uni\u00e3o Barbarense\r \r 12 de fevereiro de 2026 13:08 \r Compartilhar1 Por Hugo Luque O Comercial n\u00e3o perdeu tempo e, apenas uma hora ap\u00f3s anunciar a sa\u00edda de Roberval Davino, oficializou a contrata\u00e7\u00e3o do novo t\u00e9cnico para a\u2026","rel":"","context":"In &quot;Not\u00edcias de Ribeir\u00e3o Preto-SP e Regi\u00e3o&quot;","block_context":{"text":"Not\u00edcias de Ribeir\u00e3o Preto-SP e Regi\u00e3o","link":"https:\/\/noticiasribeiraopreto.com.br\/index.php\/category\/noticias-de-ribeirao-preto-sp-e-regiao-ismael-colosi\/"},"img":{"alt_text":"","src":"https:\/\/i0.wp.com\/noticiasribeiraopreto.com.br\/wp-content\/uploads\/2026\/02\/TEC-Raphael-Pereira-Rodrigo-Corsi_Ag.-Paulistao.jpeg?fit=984%2C656&ssl=1&resize=350%2C200","width":350,"height":200,"srcset":"https:\/\/i0.wp.com\/noticiasribeiraopreto.com.br\/wp-content\/uploads\/2026\/02\/TEC-Raphael-Pereira-Rodrigo-Corsi_Ag.-Paulistao.jpeg?fit=984%2C656&ssl=1&resize=350%2C200 1x, https:\/\/i0.wp.com\/noticiasribeiraopreto.com.br\/wp-content\/uploads\/2026\/02\/TEC-Raphael-Pereira-Rodrigo-Corsi_Ag.-Paulistao.jpeg?fit=984%2C656&ssl=1&resize=525%2C300 1.5x, https:\/\/i0.wp.com\/noticiasribeiraopreto.com.br\/wp-content\/uploads\/2026\/02\/TEC-Raphael-Pereira-Rodrigo-Corsi_Ag.-Paulistao.jpeg?fit=984%2C656&ssl=1&resize=700%2C400 2x"},"classes":[]},{"id":82966,"url":"https:\/\/noticiasribeiraopreto.com.br\/index.php\/2026\/03\/04\/comercial-perde-de-virada-demite-tecnico-e-contrata-pinho\/","url_meta":{"origin":85333,"position":1},"title":"Comercial perde de virada, demite t\u00e9cnico e contrata Pinho","author":"noticiasribeiraopreto.com.br","date":"4 de March de 2026","format":false,"excerpt":"\r Mesmo com um a mais, Bafo \u00e9 superado pelo S\u00e3o Caetano e enfrenta crise\r \r 4 de mar\u00e7o de 2026 17:164 de mar\u00e7o de 2026 17:21 \r Compartilhar1 Por Hugo Luque O Comercial perdeu de virada para o S\u00e3o Caetano por 2 a 1 nesta quarta-feira (4), pela oitava\u2026","rel":"","context":"In &quot;Not\u00edcias de Ribeir\u00e3o Preto-SP e Regi\u00e3o&quot;","block_context":{"text":"Not\u00edcias de Ribeir\u00e3o Preto-SP e Regi\u00e3o","link":"https:\/\/noticiasribeiraopreto.com.br\/index.php\/category\/noticias-de-ribeirao-preto-sp-e-regiao-ismael-colosi\/"},"img":{"alt_text":"","src":"https:\/\/i0.wp.com\/noticiasribeiraopreto.com.br\/wp-content\/uploads\/2026\/03\/1772656083_1-Sao-Caetano-x-Comercial-Barbara-Pires_Comercial-FC-scaled.jpeg?fit=1169%2C780&ssl=1&resize=350%2C200","width":350,"height":200,"srcset":"https:\/\/i0.wp.com\/noticiasribeiraopreto.com.br\/wp-content\/uploads\/2026\/03\/1772656083_1-Sao-Caetano-x-Comercial-Barbara-Pires_Comercial-FC-scaled.jpeg?fit=1169%2C780&ssl=1&resize=350%2C200 1x, https:\/\/i0.wp.com\/noticiasribeiraopreto.com.br\/wp-content\/uploads\/2026\/03\/1772656083_1-Sao-Caetano-x-Comercial-Barbara-Pires_Comercial-FC-scaled.jpeg?fit=1169%2C780&ssl=1&resize=525%2C300 1.5x, https:\/\/i0.wp.com\/noticiasribeiraopreto.com.br\/wp-content\/uploads\/2026\/03\/1772656083_1-Sao-Caetano-x-Comercial-Barbara-Pires_Comercial-FC-scaled.jpeg?fit=1169%2C780&ssl=1&resize=700%2C400 2x, https:\/\/i0.wp.com\/noticiasribeiraopreto.com.br\/wp-content\/uploads\/2026\/03\/1772656083_1-Sao-Caetano-x-Comercial-Barbara-Pires_Comercial-FC-scaled.jpeg?fit=1169%2C780&ssl=1&resize=1050%2C600 3x"},"classes":[]},{"id":82818,"url":"https:\/\/noticiasribeiraopreto.com.br\/index.php\/2026\/02\/27\/comercial-contrata-meia-para-sequencia-da-a4\/","url_meta":{"origin":85333,"position":2},"title":"Comercial contrata meia para sequ\u00eancia da A4","author":"noticiasribeiraopreto.com.br","date":"27 de February de 2026","format":false,"excerpt":"\r Maur\u00edcio tem 22 anos e estava no Real Noroeste-ES\r \r 27 de fevereiro de 2026 16:39 \r Compartilhar1 Por Hugo Luque O Comercial anunciou, na tarde desta sexta-feira (27), mais uma contrata\u00e7\u00e3o para a sequ\u00eancia da S\u00e9rie A4 do Campeonato Paulista. \u00c9 o meio-campista Maur\u00edcio, que vem do Real\u2026","rel":"","context":"In &quot;Not\u00edcias de Ribeir\u00e3o Preto-SP e Regi\u00e3o&quot;","block_context":{"text":"Not\u00edcias de Ribeir\u00e3o Preto-SP e Regi\u00e3o","link":"https:\/\/noticiasribeiraopreto.com.br\/index.php\/category\/noticias-de-ribeirao-preto-sp-e-regiao-ismael-colosi\/"},"img":{"alt_text":"","src":"https:\/\/i0.wp.com\/noticiasribeiraopreto.com.br\/wp-content\/uploads\/2026\/02\/MC-Mauricio-Bruno-Bellomi_Comercial-FC-scaled.jpeg?fit=1200%2C644&ssl=1&resize=350%2C200","width":350,"height":200,"srcset":"https:\/\/i0.wp.com\/noticiasribeiraopreto.com.br\/wp-content\/uploads\/2026\/02\/MC-Mauricio-Bruno-Bellomi_Comercial-FC-scaled.jpeg?fit=1200%2C644&ssl=1&resize=350%2C200 1x, https:\/\/i0.wp.com\/noticiasribeiraopreto.com.br\/wp-content\/uploads\/2026\/02\/MC-Mauricio-Bruno-Bellomi_Comercial-FC-scaled.jpeg?fit=1200%2C644&ssl=1&resize=525%2C300 1.5x, https:\/\/i0.wp.com\/noticiasribeiraopreto.com.br\/wp-content\/uploads\/2026\/02\/MC-Mauricio-Bruno-Bellomi_Comercial-FC-scaled.jpeg?fit=1200%2C644&ssl=1&resize=700%2C400 2x, https:\/\/i0.wp.com\/noticiasribeiraopreto.com.br\/wp-content\/uploads\/2026\/02\/MC-Mauricio-Bruno-Bellomi_Comercial-FC-scaled.jpeg?fit=1200%2C644&ssl=1&resize=1050%2C600 3x"},"classes":[]},{"id":82964,"url":"https:\/\/noticiasribeiraopreto.com.br\/index.php\/2026\/03\/04\/comercial-perde-de-virada-e-demite-tecnico\/","url_meta":{"origin":85333,"position":3},"title":"Comercial perde de virada e demite t\u00e9cnico","author":"noticiasribeiraopreto.com.br","date":"4 de March de 2026","format":false,"excerpt":"\r Mesmo com um a mais, Bafo \u00e9 superado pelo S\u00e3o Caetano e enfrenta crise\r \r 4 de mar\u00e7o de 2026 17:16 \r Compartilhar1 Por Hugo Luque O Comercial perdeu de virada para o S\u00e3o Caetano por 2 a 1 nesta quarta-feira (4), pela oitava rodada da S\u00e9rie A4 do\u2026","rel":"","context":"In &quot;Not\u00edcias de Ribeir\u00e3o Preto-SP e Regi\u00e3o&quot;","block_context":{"text":"Not\u00edcias de Ribeir\u00e3o Preto-SP e Regi\u00e3o","link":"https:\/\/noticiasribeiraopreto.com.br\/index.php\/category\/noticias-de-ribeirao-preto-sp-e-regiao-ismael-colosi\/"},"img":{"alt_text":"","src":"https:\/\/i0.wp.com\/noticiasribeiraopreto.com.br\/wp-content\/uploads\/2026\/03\/1-Sao-Caetano-x-Comercial-Barbara-Pires_Comercial-FC-scaled.jpeg?fit=1169%2C780&ssl=1&resize=350%2C200","width":350,"height":200,"srcset":"https:\/\/i0.wp.com\/noticiasribeiraopreto.com.br\/wp-content\/uploads\/2026\/03\/1-Sao-Caetano-x-Comercial-Barbara-Pires_Comercial-FC-scaled.jpeg?fit=1169%2C780&ssl=1&resize=350%2C200 1x, https:\/\/i0.wp.com\/noticiasribeiraopreto.com.br\/wp-content\/uploads\/2026\/03\/1-Sao-Caetano-x-Comercial-Barbara-Pires_Comercial-FC-scaled.jpeg?fit=1169%2C780&ssl=1&resize=525%2C300 1.5x, https:\/\/i0.wp.com\/noticiasribeiraopreto.com.br\/wp-content\/uploads\/2026\/03\/1-Sao-Caetano-x-Comercial-Barbara-Pires_Comercial-FC-scaled.jpeg?fit=1169%2C780&ssl=1&resize=700%2C400 2x, https:\/\/i0.wp.com\/noticiasribeiraopreto.com.br\/wp-content\/uploads\/2026\/03\/1-Sao-Caetano-x-Comercial-Barbara-Pires_Comercial-FC-scaled.jpeg?fit=1169%2C780&ssl=1&resize=1050%2C600 3x"},"classes":[]},{"id":73570,"url":"https:\/\/noticiasribeiraopreto.com.br\/index.php\/2025\/07\/04\/botafogo-anuncia-novo-tecnico-para-disputa-da-copa-paulista\/","url_meta":{"origin":85333,"position":4},"title":"Botafogo anuncia novo t\u00e9cnico para disputa da Copa Paulista","author":"noticiasribeiraopreto.com.br","date":"4 de July de 2025","format":false,"excerpt":"O Botafogo ter\u00e1 novo comando t\u00e9cnico na sequ\u00eancia da Copa Paulista. O clube confirmou nesta sexta-feira (4) a chegada de R\u00e9gis Angeli para o cargo de treinador. Ele substitui Ivan Izzo, que reassume a fun\u00e7\u00e3o na comiss\u00e3o t\u00e9cnica fixa do elenco profissional. Com 61 anos, Angeli acumula experi\u00eancias no pr\u00f3prio\u2026","rel":"","context":"In &quot;Not\u00edcias de Ribeir\u00e3o Preto-SP e Regi\u00e3o&quot;","block_context":{"text":"Not\u00edcias de Ribeir\u00e3o Preto-SP e Regi\u00e3o","link":"https:\/\/noticiasribeiraopreto.com.br\/index.php\/category\/noticias-de-ribeirao-preto-sp-e-regiao-ismael-colosi\/"},"img":{"alt_text":"","src":"https:\/\/i0.wp.com\/noticiasribeiraopreto.com.br\/wp-content\/uploads\/2025\/07\/0002050350761_img-1024x682-1_2025-07-04_20-07-50.webp.webp?fit=1024%2C682&ssl=1&resize=350%2C200","width":350,"height":200,"srcset":"https:\/\/i0.wp.com\/noticiasribeiraopreto.com.br\/wp-content\/uploads\/2025\/07\/0002050350761_img-1024x682-1_2025-07-04_20-07-50.webp.webp?fit=1024%2C682&ssl=1&resize=350%2C200 1x, https:\/\/i0.wp.com\/noticiasribeiraopreto.com.br\/wp-content\/uploads\/2025\/07\/0002050350761_img-1024x682-1_2025-07-04_20-07-50.webp.webp?fit=1024%2C682&ssl=1&resize=525%2C300 1.5x, https:\/\/i0.wp.com\/noticiasribeiraopreto.com.br\/wp-content\/uploads\/2025\/07\/0002050350761_img-1024x682-1_2025-07-04_20-07-50.webp.webp?fit=1024%2C682&ssl=1&resize=700%2C400 2x"},"classes":[]},{"id":76663,"url":"https:\/\/noticiasribeiraopreto.com.br\/index.php\/2025\/09\/02\/comercial-avanca-na-copa-paulista-com-gol-relampago-e-brilho-do-goleiro-nos-penaltis\/","url_meta":{"origin":85333,"position":5},"title":"Comercial avan\u00e7a na Copa Paulista com gol rel\u00e2mpago e brilho do goleiro nos p\u00eanaltis","author":"noticiasribeiraopreto.com.br","date":"2 de September de 2025","format":false,"excerpt":"O Comercial venceu a Inter de Limeira por 1 a 0 no tempo regulamentar, na noite desta ter\u00e7a-feira (2), no est\u00e1dio Palma Travassos, em Ribeir\u00e3o Preto, pelas oitavas de final da Copa Paulista. Gol rel\u00e2mpago e penalidades O \u00fanico gol da partida saiu aos 59 segundos do primeiro tempo. O\u2026","rel":"","context":"In &quot;Not\u00edcias de Ribeir\u00e3o Preto-SP e Regi\u00e3o&quot;","block_context":{"text":"Not\u00edcias de Ribeir\u00e3o Preto-SP e Regi\u00e3o","link":"https:\/\/noticiasribeiraopreto.com.br\/index.php\/category\/noticias-de-ribeirao-preto-sp-e-regiao-ismael-colosi\/"},"img":{"alt_text":"","src":"https:\/\/i0.wp.com\/noticiasribeiraopreto.com.br\/wp-content\/uploads\/2025\/09\/IMG_8815_2025-09-03_01-25-16.webp.webp?fit=1200%2C800&ssl=1&resize=350%2C200","width":350,"height":200,"srcset":"https:\/\/i0.wp.com\/noticiasribeiraopreto.com.br\/wp-content\/uploads\/2025\/09\/IMG_8815_2025-09-03_01-25-16.webp.webp?fit=1200%2C800&ssl=1&resize=350%2C200 1x, https:\/\/i0.wp.com\/noticiasribeiraopreto.com.br\/wp-content\/uploads\/2025\/09\/IMG_8815_2025-09-03_01-25-16.webp.webp?fit=1200%2C800&ssl=1&resize=525%2C300 1.5x, https:\/\/i0.wp.com\/noticiasribeiraopreto.com.br\/wp-content\/uploads\/2025\/09\/IMG_8815_2025-09-03_01-25-16.webp.webp?fit=1200%2C800&ssl=1&resize=700%2C400 2x, https:\/\/i0.wp.com\/noticiasribeiraopreto.com.br\/wp-content\/uploads\/2025\/09\/IMG_8815_2025-09-03_01-25-16.webp.webp?fit=1200%2C800&ssl=1&resize=1050%2C600 3x"},"classes":[]}],"jetpack_sharing_enabled":true,"jetpack_shortlink":"https:\/\/wp.me\/peQAOb-mcl","_links":{"self":[{"href":"https:\/\/noticiasribeiraopreto.com.br\/index.php\/wp-json\/wp\/v2\/posts\/85333","targetHints":{"allow":["GET"]}}],"collection":[{"href":"https:\/\/noticiasribeiraopreto.com.br\/index.php\/wp-json\/wp\/v2\/posts"}],"about":[{"href":"https:\/\/noticiasribeiraopreto.com.br\/index.php\/wp-json\/wp\/v2\/types\/post"}],"author":[{"embeddable":true,"href":"https:\/\/noticiasribeiraopreto.com.br\/index.php\/wp-json\/wp\/v2\/users\/1"}],"replies":[{"embeddable":true,"href":"https:\/\/noticiasribeiraopreto.com.br\/index.php\/wp-json\/wp\/v2\/comments?post=85333"}],"version-history":[{"count":0,"href":"https:\/\/noticiasribeiraopreto.com.br\/index.php\/wp-json\/wp\/v2\/posts\/85333\/revisions"}],"wp:featuredmedia":[{"embeddable":true,"href":"https:\/\/noticiasribeiraopreto.com.br\/index.php\/wp-json\/wp\/v2\/media\/85334"}],"wp:attachment":[{"href":"https:\/\/noticiasribeiraopreto.com.br\/index.php\/wp-json\/wp\/v2\/media?parent=85333"}],"wp:term":[{"taxonomy":"category","embeddable":true,"href":"https:\/\/noticiasribeiraopreto.com.br\/index.php\/wp-json\/wp\/v2\/categories?post=85333"},{"taxonomy":"post_tag","embeddable":true,"href":"https:\/\/noticiasribeiraopreto.com.br\/index.php\/wp-json\/wp\/v2\/tags?post=85333"}],"curies":[{"name":"wp","href":"https:\/\/api.w.org\/{rel}","templated":true}]}}