{"id":85335,"date":"2026-04-29T13:11:42","date_gmt":"2026-04-29T16:11:42","guid":{"rendered":"https:\/\/noticiasribeiraopreto.com.br\/index.php\/2026\/04\/29\/dia-historico-primeira-mulher-assume-comando-geral-da-pm\/"},"modified":"2026-04-29T13:11:42","modified_gmt":"2026-04-29T16:11:42","slug":"dia-historico-primeira-mulher-assume-comando-geral-da-pm","status":"publish","type":"post","link":"https:\/\/noticiasribeiraopreto.com.br\/index.php\/2026\/04\/29\/dia-historico-primeira-mulher-assume-comando-geral-da-pm\/","title":{"rendered":"Dia hist\u00f3rico: primeira mulher assume Comando-Geral da PM"},"content":{"rendered":"<div class='code-block code-block-1' style='margin: 8px 0 8px auto; text-align: right; display: block; clear: both;'>\n<p><a href=\"https:\/\/wa.link\/vpicfd\"><img data-recalc-dims=\"1\" class=\"wp-image-4922\" style=\"aspect-ratio: 2.0253164556962027; width: 561px; height: auto;\" src=\"https:\/\/i0.wp.com\/ismaelcolosi.com.br\/wp-content\/uploads\/2023\/11\/grupo-de-empregos-whatsapp-e-facebook-ismael-colosi-vagas.jpg?ssl=1\" alt=\"\" \/><\/a><\/p>\n<!-- \/wp:image -->\n<\/div>\n<p> <br \/>\n<\/p>\n<div>\n<p>| Por: Adalberto Luque |<\/p>\n<p>A Pol\u00edcia Militar do Estado de S\u00e3o Paulo escreveu um cap\u00edtulo hist\u00f3rico na manh\u00e3 desta quarta-feira (29). Pela primeira vez desde sua funda\u00e7\u00e3o, h\u00e1 quase dois s\u00e9culos, a Corpora\u00e7\u00e3o tem uma mulher \u00e0 frente do Comando-Geral da PM. A coronel Glauce Anselmo Cavalli, \u00e9 a nova comandante-geral.<\/p>\n<p>A cerim\u00f4nia ocorreu na Academia de Pol\u00edcia Militar do Barro Branco e contou com a presen\u00e7a do governador Tarc\u00edsio de Freitas (Republicanos), que anunciou o nome da coronel no dia 15 de abril.<\/p>\n<p>Em seu discurso, a coronel Glauce destacou que vai refor\u00e7ar medidas de prote\u00e7\u00e3o a mulheres j\u00e1 existentes. Entre outros atos, ela pretende investir na Cabine Lil\u00e1s, ampliando atendimentos por videochamadas e quer que os quart\u00e9is da PM acolham mulheres v\u00edtimas de viol\u00eancia.<\/p>\n<p>A PM tem pouco mais de 13% de seu efetivo formado por mulheres. S\u00e3o 11 mil mulheres vestindo a farda em um universo de 81 mil policiais militares.<\/p>\n<p>A nova comandante-geral tamb\u00e9m garantiu que a PM continuar\u00e1 diuturnamente nas ruas, mas destacou que quer atua\u00e7\u00e3o constante para coibir a viol\u00eancia dom\u00e9stica, que ocorre, na maioria das vezes, em ambiente familiar, dentro de resid\u00eancias e longe dos olhos dos policiais e das c\u00e2meras que integram o Muralha Paulista.<\/p>\n<p>\u201cViol\u00eancia dom\u00e9stica n\u00e3o \u00e9 algo novo, ela sempre existiu e o estado de S\u00e3o Paulo, atento ao cumprimento do seu dever constitucional, por meio de amplia\u00e7\u00f5es de pol\u00edticas p\u00fablicas, em um primeiro momento demonstrou interesse em se registrar estes fatos, foram criadas as delegacias de defesa da mulher, deu ouvidos \u00e0s v\u00edtimas por meio das cabines lil\u00e1s. Sob meu comando, consolidaremos as cabines lil\u00e1s nos centros de opera\u00e7\u00f5es da Pol\u00edcia Militar, ampliaremos o atendimento por videochamadas e abriremos os nossos quart\u00e9is para acolher estas v\u00edtimas com a implanta\u00e7\u00e3o dos espa\u00e7os em salas de opera\u00e7\u00f5es para garantir acolhimento humanizado em todo o Estado\u201d, disse a coronel.<\/p>\n<p>Tarc\u00edsio, por sua vez, destacou a import\u00e2ncia da mulher na Corpora\u00e7\u00e3o, que come\u00e7ou com 13 mulheres que ingressaram na For\u00e7a P\u00fablica (antecessora da PM) em 1955. \u201cUma mulher vai liderar o combate ao crime, e esse combate ao crime exige resposta firme do Estado, e essa resposta sempre vir\u00e1\u201d, afirmou o governador.<\/p>\n<p><strong>Feminic\u00eddio<\/strong><\/p>\n<p>Ela assume a Corpora\u00e7\u00e3o num momento conturbado, sobretudo na viol\u00eancia de g\u00eanero. O estado tem registrado altas hist\u00f3ricas no n\u00famero de feminic\u00eddios. O mesmo ocorre em todo o Brasil, com aumento nos casos de feminic\u00eddio e tentativas.<\/p>\n<p>Contudo, um dos casos ocorreu no ambiente da PM. O feminic\u00eddio da soldado da Pol\u00edcia Militar Gisele Alves Santana, ocorrido em fevereiro de 2026, segue com desdobramentos. A policial foi encontrada morta no dia 3 de fevereiro de 2026, com um tiro na cabe\u00e7a em seu apartamento e, embora inicialmente tratado como suic\u00eddio, o caso foi reclassificado como feminic\u00eddio ap\u00f3s investiga\u00e7\u00f5es das pol\u00edcias Civil e Militar.<\/p>\n<p>O tenente-coronel Geraldo Leite Rosa Neto, marido da v\u00edtima, foi apontado como autor do crime e teve a pris\u00e3o preventiva decretada em 18 de mar\u00e7o. Em abril, o Superior Tribunal de Justi\u00e7a (STJ) decidiu que ele ser\u00e1 julgado por j\u00fari popular na Justi\u00e7a Comum, afastando a compet\u00eancia da Justi\u00e7a Militar.<\/p>\n<p>O oficial teve a aposentadoria publicada pela Corpora\u00e7\u00e3o com base em crit\u00e9rios de tempo e idade, enquanto responde a processo administrativo que pode resultar em sua expuls\u00e3o. O inqu\u00e9rito policial militar est\u00e1 em fase final e tamb\u00e9m apura poss\u00edvel fraude processual na cena do crime.<\/p>\n<p><strong>Inqu\u00e9rito<\/strong><\/p>\n<p>Coronel Glauce assume no lugar do tamb\u00e9m coronel Jos\u00e9 Augusto Coitinho, que ficou cerca de um ano \u00e0 frente da PM. Ele foi citado em uma investiga\u00e7\u00e3o da Corregedoria da PM na investiga\u00e7\u00e3o de participa\u00e7\u00e3o de policiais militares como seguran\u00e7as de membros da fac\u00e7\u00e3o criminosa Primeiro Comando da Capital (PCC). O caso envolveu uma empresa de \u00f4nibus da Capital, supostamente ligada ao grupo criminoso, mas ainda segue em investiga\u00e7\u00e3o.<\/p>\n<p>Tarc\u00edsio teria garantido que a troca n\u00e3o teve rela\u00e7\u00e3o com a investiga\u00e7\u00e3o da Corregedoria da PM. \u201cO coronel Coutinho tem uma reputa\u00e7\u00e3o ilibada, \u00e9 uma pessoa que sempre prestou excelente servi\u00e7o na Pol\u00edcia Militar. Essas trocas s\u00e3o comuns\u201d, justificou. Na posse da nova comandante-geral, Tarc\u00edsio agradeceu o antigo coronel e evidenciou seu trabalho \u00e0 frente da Corpora\u00e7\u00e3o.<\/p>\n<p><strong>Quem \u00e9 a nova comandante-geral da PM<\/strong><\/p>\n<p>Nomeada pelo governador Tarc\u00edsio de Freitas no dia 15 de abril, a coronel Glauce Anselmo Cavalli \u00e9 a primeira mulher a assumir o Comando-Geral da Pol\u00edcia Militar em seus quase dois s\u00e9culos de exist\u00eancia.<\/p>\n<p>Ela carrega em seu curr\u00edculo os t\u00edtulos de mestre e doutora em Ci\u00eancias Policiais de Seguran\u00e7a e Ordem P\u00fablica. \u00c9 graduada em direito pela Universidade Cruzeiro do Sul e em educa\u00e7\u00e3o f\u00edsica pela Escola de Educa\u00e7\u00e3o F\u00edsica da PM.<\/p>\n<p>Antes de assumir ao Comando-Geral da PM, a coronel Glauce estava \u00e0 frente da Diretoria de Log\u00edstica da Corpora\u00e7\u00e3o. J\u00e1 esteve \u00e0 frente do Comando de Policiamento de \u00c1rea Metropolitana 2 (CPA\/M-2), respons\u00e1vel por uma das regi\u00f5es mais populosas da capital paulista.<\/p>\n<p>Tamb\u00e9m foi chefe da Coordenadoria de Assuntos Jur\u00eddicos do Comando-Geral e dirigiu o Centro de Comunica\u00e7\u00e3o Social da PM, entre outras fun\u00e7\u00f5es exercidas.<\/p>\n<p>Tem 50 anos e ingressou no Curso de Forma\u00e7\u00e3o de Oficiais da Academia de Pol\u00edcia Militar do Barro Branco em 1994, formando-se em 1997, iniciando ent\u00e3o sua elogiada carreira na Corpora\u00e7\u00e3o.<\/p>\n<\/div>\n<p><br \/>\n<br \/><a href=\"https:\/\/www.tribunaribeirao.com.br\/dia-historico-primeira-mulher-assume-comando-geral-da-pm\/\">Texto original daqui <\/a><\/p>\n<!-- CONTENT END 1 -->\n","protected":false},"excerpt":{"rendered":"<p>| Por: Adalberto Luque | A Pol\u00edcia Militar do Estado de S\u00e3o Paulo escreveu um cap\u00edtulo hist\u00f3rico na manh\u00e3 desta quarta-feira (29). Pela primeira vez&#8230;<\/p>\n","protected":false},"author":1,"featured_media":85336,"comment_status":"","ping_status":"","sticky":false,"template":"","format":"standard","meta":{"advanced_seo_description":"","jetpack_seo_html_title":"","jetpack_seo_noindex":false,"jetpack_post_was_ever_published":false,"_jetpack_newsletter_access":"","_jetpack_dont_email_post_to_subs":false,"_jetpack_newsletter_tier_id":0,"_jetpack_memberships_contains_paywalled_content":false,"_jetpack_memberships_contains_paid_content":false,"footnotes":"","jetpack_publicize_message":"","jetpack_publicize_feature_enabled":true,"jetpack_social_post_already_shared":true,"jetpack_social_options":{"image_generator_settings":{"template":"highway","default_image_id":0,"font":"","enabled":false},"version":2}},"categories":[11],"tags":[4613,6519,142,1925,325,189],"class_list":["post-85335","post","type-post","status-publish","format-standard","has-post-thumbnail","hentry","category-noticias-de-ribeirao-preto-sp-e-regiao-ismael-colosi","tag-assume","tag-comandogeral","tag-dia","tag-historico","tag-mulher","tag-primeira"],"jetpack_publicize_connections":[],"jetpack_featured_media_url":"https:\/\/i0.wp.com\/noticiasribeiraopreto.com.br\/wp-content\/uploads\/2026\/04\/29-abr-2026-coronelglauce1.jpg?fit=1024%2C656&ssl=1","jetpack-related-posts":[{"id":77474,"url":"https:\/\/noticiasribeiraopreto.com.br\/index.php\/2025\/09\/19\/coronel-quintino-assume-oficialmente-comando-do-cpi-3\/","url_meta":{"origin":85335,"position":0},"title":"Coronel Quintino assume oficialmente comando do CPI-3","author":"noticiasribeiraopreto.com.br","date":"19 de September de 2025","format":false,"excerpt":"Por: Adalberto Luque O coronel Rodrigo Quintino foi oficialmente empossado \u00e0 frente do Comando de Policiamento do Interior-3 (CPI-3). A solenidade de assun\u00e7\u00e3o ocorreu na manh\u00e3 desta sexta-feira (19), na sede do CPI-3, avenida Paschoal Innechi, Jardim Independ\u00eancia, zona Norte de Ribeir\u00e3o Preto. O secret\u00e1rio Guilherme Derrite, da Seguran\u00e7a P\u00fablica,\u2026","rel":"","context":"In &quot;Not\u00edcias de Ribeir\u00e3o Preto-SP e Regi\u00e3o&quot;","block_context":{"text":"Not\u00edcias de Ribeir\u00e3o Preto-SP e Regi\u00e3o","link":"https:\/\/noticiasribeiraopreto.com.br\/index.php\/category\/noticias-de-ribeirao-preto-sp-e-regiao-ismael-colosi\/"},"img":{"alt_text":"","src":"https:\/\/i0.wp.com\/noticiasribeiraopreto.com.br\/wp-content\/uploads\/2025\/09\/19-set-2025-possecomandante1-scaled.jpg?fit=1170%2C780&ssl=1&resize=350%2C200","width":350,"height":200,"srcset":"https:\/\/i0.wp.com\/noticiasribeiraopreto.com.br\/wp-content\/uploads\/2025\/09\/19-set-2025-possecomandante1-scaled.jpg?fit=1170%2C780&ssl=1&resize=350%2C200 1x, https:\/\/i0.wp.com\/noticiasribeiraopreto.com.br\/wp-content\/uploads\/2025\/09\/19-set-2025-possecomandante1-scaled.jpg?fit=1170%2C780&ssl=1&resize=525%2C300 1.5x, https:\/\/i0.wp.com\/noticiasribeiraopreto.com.br\/wp-content\/uploads\/2025\/09\/19-set-2025-possecomandante1-scaled.jpg?fit=1170%2C780&ssl=1&resize=700%2C400 2x, https:\/\/i0.wp.com\/noticiasribeiraopreto.com.br\/wp-content\/uploads\/2025\/09\/19-set-2025-possecomandante1-scaled.jpg?fit=1170%2C780&ssl=1&resize=1050%2C600 3x"},"classes":[]},{"id":76675,"url":"https:\/\/noticiasribeiraopreto.com.br\/index.php\/2025\/09\/03\/pm-tem-novo-comandante-na-regiao\/","url_meta":{"origin":85335,"position":1},"title":"PM tem novo comandante na regi\u00e3o","author":"noticiasribeiraopreto.com.br","date":"3 de September de 2025","format":false,"excerpt":"Coronel Rodrigo Quintino assume o comando da Pol\u00edcia Militar em 93 cidades da regi\u00e3o de Ribeir\u00e3o Preto, no lugar do coronel Beltrami 3 de setembro de 2025 11:183 Compartilhar1 Por: Adalberto Luque A Pol\u00edcia Militar est\u00e1 com um novo comandante na regi\u00e3o de Ribeir\u00e3o Preto. O coronel Rodrigo Quintino est\u00e1\u2026","rel":"","context":"In &quot;Not\u00edcias de Ribeir\u00e3o Preto-SP e Regi\u00e3o&quot;","block_context":{"text":"Not\u00edcias de Ribeir\u00e3o Preto-SP e Regi\u00e3o","link":"https:\/\/noticiasribeiraopreto.com.br\/index.php\/category\/noticias-de-ribeirao-preto-sp-e-regiao-ismael-colosi\/"},"img":{"alt_text":"","src":"https:\/\/i0.wp.com\/noticiasribeiraopreto.com.br\/wp-content\/uploads\/2025\/09\/03-set-2025-celpmquintino.jpg?fit=556%2C640&ssl=1&resize=350%2C200","width":350,"height":200,"srcset":"https:\/\/i0.wp.com\/noticiasribeiraopreto.com.br\/wp-content\/uploads\/2025\/09\/03-set-2025-celpmquintino.jpg?fit=556%2C640&ssl=1&resize=350%2C200 1x, https:\/\/i0.wp.com\/noticiasribeiraopreto.com.br\/wp-content\/uploads\/2025\/09\/03-set-2025-celpmquintino.jpg?fit=556%2C640&ssl=1&resize=525%2C300 1.5x"},"classes":[]},{"id":77493,"url":"https:\/\/noticiasribeiraopreto.com.br\/index.php\/2025\/09\/19\/coronel-assume-oficialmente-comando-da-pm-em-ribeirao-preto-veja-imagens\/","url_meta":{"origin":85335,"position":2},"title":"Coronel assume oficialmente comando da PM em Ribeir\u00e3o Preto; Veja imagens","author":"noticiasribeiraopreto.com.br","date":"19 de September de 2025","format":false,"excerpt":"O coronel Rodrigo Quintino, de 52 anos, assumiu oficialmente nesta sexta-feira (19) o comando da PM (Pol\u00edcia Militar) na regi\u00e3o de Ribeir\u00e3o Preto. Veja v\u00eddeo e galeria de fotos abaixo. A cerim\u00f4nia, realizada na sede do Comando de Policiamento do Interior (CPI) 3, no Jardim Independ\u00eancia, zona Norte de Ribeir\u00e3o,\u2026","rel":"","context":"In &quot;Not\u00edcias de Ribeir\u00e3o Preto-SP e Regi\u00e3o&quot;","block_context":{"text":"Not\u00edcias de Ribeir\u00e3o Preto-SP e Regi\u00e3o","link":"https:\/\/noticiasribeiraopreto.com.br\/index.php\/category\/noticias-de-ribeirao-preto-sp-e-regiao-ismael-colosi\/"},"img":{"alt_text":"","src":"https:\/\/i0.wp.com\/noticiasribeiraopreto.com.br\/wp-content\/uploads\/2025\/09\/WhatsApp-Image-2025-09-19-at-12.30.44-1_2025-09-19_16-27-59.webp.webp?fit=1200%2C900&ssl=1&resize=350%2C200","width":350,"height":200,"srcset":"https:\/\/i0.wp.com\/noticiasribeiraopreto.com.br\/wp-content\/uploads\/2025\/09\/WhatsApp-Image-2025-09-19-at-12.30.44-1_2025-09-19_16-27-59.webp.webp?fit=1200%2C900&ssl=1&resize=350%2C200 1x, https:\/\/i0.wp.com\/noticiasribeiraopreto.com.br\/wp-content\/uploads\/2025\/09\/WhatsApp-Image-2025-09-19-at-12.30.44-1_2025-09-19_16-27-59.webp.webp?fit=1200%2C900&ssl=1&resize=525%2C300 1.5x, https:\/\/i0.wp.com\/noticiasribeiraopreto.com.br\/wp-content\/uploads\/2025\/09\/WhatsApp-Image-2025-09-19-at-12.30.44-1_2025-09-19_16-27-59.webp.webp?fit=1200%2C900&ssl=1&resize=700%2C400 2x, https:\/\/i0.wp.com\/noticiasribeiraopreto.com.br\/wp-content\/uploads\/2025\/09\/WhatsApp-Image-2025-09-19-at-12.30.44-1_2025-09-19_16-27-59.webp.webp?fit=1200%2C900&ssl=1&resize=1050%2C600 3x"},"classes":[]},{"id":77210,"url":"https:\/\/noticiasribeiraopreto.com.br\/index.php\/2025\/09\/14\/seguranca-comandante-da-pm-quer-ampliar-parceria-com-populacao\/","url_meta":{"origin":85335,"position":3},"title":"Seguran\u00e7a: Comandante da PM quer ampliar parceria com popula\u00e7\u00e3o","author":"noticiasribeiraopreto.com.br","date":"14 de September de 2025","format":false,"excerpt":"Por: Adalberto Luque \u2013 Fotos: Alfredo Risk O ribeir\u00e3o-pretano Rodrigo Quintino est\u00e1 \u00e0 frente do Comando de Policiamento do Interior (CPI-3) desde 22 de agosto. Aos 52 anos, o coronel Quintino chega ao comando que coordena as atividades da PM em 93 cidades da regi\u00e3o com o objetivo de manter\u2026","rel":"","context":"In &quot;Not\u00edcias de Ribeir\u00e3o Preto-SP e Regi\u00e3o&quot;","block_context":{"text":"Not\u00edcias de Ribeir\u00e3o Preto-SP e Regi\u00e3o","link":"https:\/\/noticiasribeiraopreto.com.br\/index.php\/category\/noticias-de-ribeirao-preto-sp-e-regiao-ismael-colosi\/"},"img":{"alt_text":"","src":"https:\/\/i0.wp.com\/noticiasribeiraopreto.com.br\/wp-content\/uploads\/2025\/09\/FOTO-03-Foto-Alfredo-Risk-scaled.jpg?fit=1170%2C780&ssl=1&resize=350%2C200","width":350,"height":200,"srcset":"https:\/\/i0.wp.com\/noticiasribeiraopreto.com.br\/wp-content\/uploads\/2025\/09\/FOTO-03-Foto-Alfredo-Risk-scaled.jpg?fit=1170%2C780&ssl=1&resize=350%2C200 1x, https:\/\/i0.wp.com\/noticiasribeiraopreto.com.br\/wp-content\/uploads\/2025\/09\/FOTO-03-Foto-Alfredo-Risk-scaled.jpg?fit=1170%2C780&ssl=1&resize=525%2C300 1.5x, https:\/\/i0.wp.com\/noticiasribeiraopreto.com.br\/wp-content\/uploads\/2025\/09\/FOTO-03-Foto-Alfredo-Risk-scaled.jpg?fit=1170%2C780&ssl=1&resize=700%2C400 2x, https:\/\/i0.wp.com\/noticiasribeiraopreto.com.br\/wp-content\/uploads\/2025\/09\/FOTO-03-Foto-Alfredo-Risk-scaled.jpg?fit=1170%2C780&ssl=1&resize=1050%2C600 3x"},"classes":[]},{"id":76369,"url":"https:\/\/noticiasribeiraopreto.com.br\/index.php\/2025\/08\/27\/comando-da-policia-militar-tem-mudanca-em-ribeirao-preto\/","url_meta":{"origin":85335,"position":4},"title":"Comando da Pol\u00edcia Militar tem mudan\u00e7a em Ribeir\u00e3o Preto","author":"noticiasribeiraopreto.com.br","date":"27 de August de 2025","format":false,"excerpt":"O coronel de Pol\u00edcia Militar Rodrigo Quintino foi nomeado o novo comandante do CPI-3 (Comando de Policiamento do Interior-3), respons\u00e1vel por Ribeir\u00e3o Preto. Quintino substitui o coronel Paulo Henrique Beltrami, que estava no cargo desde fevereiro. A nomea\u00e7\u00e3o, assinada pelo governador Tarc\u00edsio de Freitas (REP), foi publicada no DOE (Di\u00e1rio\u2026","rel":"","context":"In &quot;Not\u00edcias de Ribeir\u00e3o Preto-SP e Regi\u00e3o&quot;","block_context":{"text":"Not\u00edcias de Ribeir\u00e3o Preto-SP e Regi\u00e3o","link":"https:\/\/noticiasribeiraopreto.com.br\/index.php\/category\/noticias-de-ribeirao-preto-sp-e-regiao-ismael-colosi\/"},"img":{"alt_text":"","src":"https:\/\/i0.wp.com\/noticiasribeiraopreto.com.br\/wp-content\/uploads\/2025\/08\/rodrigo-quintino_2025-08-27_20-49-41.webp.webp?fit=1200%2C701&ssl=1&resize=350%2C200","width":350,"height":200,"srcset":"https:\/\/i0.wp.com\/noticiasribeiraopreto.com.br\/wp-content\/uploads\/2025\/08\/rodrigo-quintino_2025-08-27_20-49-41.webp.webp?fit=1200%2C701&ssl=1&resize=350%2C200 1x, https:\/\/i0.wp.com\/noticiasribeiraopreto.com.br\/wp-content\/uploads\/2025\/08\/rodrigo-quintino_2025-08-27_20-49-41.webp.webp?fit=1200%2C701&ssl=1&resize=525%2C300 1.5x, https:\/\/i0.wp.com\/noticiasribeiraopreto.com.br\/wp-content\/uploads\/2025\/08\/rodrigo-quintino_2025-08-27_20-49-41.webp.webp?fit=1200%2C701&ssl=1&resize=700%2C400 2x, https:\/\/i0.wp.com\/noticiasribeiraopreto.com.br\/wp-content\/uploads\/2025\/08\/rodrigo-quintino_2025-08-27_20-49-41.webp.webp?fit=1200%2C701&ssl=1&resize=1050%2C600 3x"},"classes":[]},{"id":77434,"url":"https:\/\/noticiasribeiraopreto.com.br\/index.php\/2025\/09\/18\/contribuir-para-uma-policia-mais-proxima-da-populacao-diz-novo-comandante-da-pm\/","url_meta":{"origin":85335,"position":5},"title":"&#8216;Contribuir para uma pol\u00edcia mais pr\u00f3xima da popula\u00e7\u00e3o&#8217;, diz novo comandante da PM","author":"noticiasribeiraopreto.com.br","date":"18 de September de 2025","format":false,"excerpt":"O coronel Rodrigo Quintino, de 52 anos, \u00e9 o novo comandante da PM (Pol\u00edcia Militar) na regi\u00e3o de Ribeir\u00e3o Preto. Ele assume oficialmente o cargo durante cerim\u00f4nia de passagem de comando com o coronel Paulo Henrique Beltrami, marcada para esta sexta-feira (19). Natural de Ribeir\u00e3o Preto, o coronel Quintino agora\u2026","rel":"","context":"In &quot;Not\u00edcias de Ribeir\u00e3o Preto-SP e Regi\u00e3o&quot;","block_context":{"text":"Not\u00edcias de Ribeir\u00e3o Preto-SP e Regi\u00e3o","link":"https:\/\/noticiasribeiraopreto.com.br\/index.php\/category\/noticias-de-ribeirao-preto-sp-e-regiao-ismael-colosi\/"},"img":{"alt_text":"","src":"https:\/\/i0.wp.com\/noticiasribeiraopreto.com.br\/wp-content\/uploads\/2025\/09\/coronel-quintino_2025-09-18_13-47-05.webp.webp?fit=1200%2C900&ssl=1&resize=350%2C200","width":350,"height":200,"srcset":"https:\/\/i0.wp.com\/noticiasribeiraopreto.com.br\/wp-content\/uploads\/2025\/09\/coronel-quintino_2025-09-18_13-47-05.webp.webp?fit=1200%2C900&ssl=1&resize=350%2C200 1x, https:\/\/i0.wp.com\/noticiasribeiraopreto.com.br\/wp-content\/uploads\/2025\/09\/coronel-quintino_2025-09-18_13-47-05.webp.webp?fit=1200%2C900&ssl=1&resize=525%2C300 1.5x, https:\/\/i0.wp.com\/noticiasribeiraopreto.com.br\/wp-content\/uploads\/2025\/09\/coronel-quintino_2025-09-18_13-47-05.webp.webp?fit=1200%2C900&ssl=1&resize=700%2C400 2x, https:\/\/i0.wp.com\/noticiasribeiraopreto.com.br\/wp-content\/uploads\/2025\/09\/coronel-quintino_2025-09-18_13-47-05.webp.webp?fit=1200%2C900&ssl=1&resize=1050%2C600 3x"},"classes":[]}],"jetpack_sharing_enabled":true,"jetpack_shortlink":"https:\/\/wp.me\/peQAOb-mcn","_links":{"self":[{"href":"https:\/\/noticiasribeiraopreto.com.br\/index.php\/wp-json\/wp\/v2\/posts\/85335","targetHints":{"allow":["GET"]}}],"collection":[{"href":"https:\/\/noticiasribeiraopreto.com.br\/index.php\/wp-json\/wp\/v2\/posts"}],"about":[{"href":"https:\/\/noticiasribeiraopreto.com.br\/index.php\/wp-json\/wp\/v2\/types\/post"}],"author":[{"embeddable":true,"href":"https:\/\/noticiasribeiraopreto.com.br\/index.php\/wp-json\/wp\/v2\/users\/1"}],"replies":[{"embeddable":true,"href":"https:\/\/noticiasribeiraopreto.com.br\/index.php\/wp-json\/wp\/v2\/comments?post=85335"}],"version-history":[{"count":0,"href":"https:\/\/noticiasribeiraopreto.com.br\/index.php\/wp-json\/wp\/v2\/posts\/85335\/revisions"}],"wp:featuredmedia":[{"embeddable":true,"href":"https:\/\/noticiasribeiraopreto.com.br\/index.php\/wp-json\/wp\/v2\/media\/85336"}],"wp:attachment":[{"href":"https:\/\/noticiasribeiraopreto.com.br\/index.php\/wp-json\/wp\/v2\/media?parent=85335"}],"wp:term":[{"taxonomy":"category","embeddable":true,"href":"https:\/\/noticiasribeiraopreto.com.br\/index.php\/wp-json\/wp\/v2\/categories?post=85335"},{"taxonomy":"post_tag","embeddable":true,"href":"https:\/\/noticiasribeiraopreto.com.br\/index.php\/wp-json\/wp\/v2\/tags?post=85335"}],"curies":[{"name":"wp","href":"https:\/\/api.w.org\/{rel}","templated":true}]}}