{"id":85338,"date":"2026-04-29T14:19:38","date_gmt":"2026-04-29T17:19:38","guid":{"rendered":"https:\/\/noticiasribeiraopreto.com.br\/index.php\/2026\/04\/29\/462534-2\/"},"modified":"2026-04-29T14:19:38","modified_gmt":"2026-04-29T17:19:38","slug":"462534-2","status":"publish","type":"post","link":"https:\/\/noticiasribeiraopreto.com.br\/index.php\/2026\/04\/29\/462534-2\/","title":{"rendered":"Cresol prev\u00ea R$ 180 milh\u00f5es em neg\u00f3cios na Agrishow 2026"},"content":{"rendered":"<div class='code-block code-block-1' style='margin: 8px 0 8px auto; text-align: right; display: block; clear: both;'>\n<p><a href=\"https:\/\/wa.link\/vpicfd\"><img data-recalc-dims=\"1\" class=\"wp-image-4922\" style=\"aspect-ratio: 2.0253164556962027; width: 561px; height: auto;\" src=\"https:\/\/i0.wp.com\/ismaelcolosi.com.br\/wp-content\/uploads\/2023\/11\/grupo-de-empregos-whatsapp-e-facebook-ismael-colosi-vagas.jpg?ssl=1\" alt=\"\" \/><\/a><\/p>\n<!-- \/wp:image -->\n<\/div>\n<p> <br \/>\n<\/p>\n<div>\n<p><em>Crescimento projetado \u00e9 de 30% em rela\u00e7\u00e3o a edi\u00e7\u00e3o do ano passado <\/em><\/p>\n<p>Igor Ramos (especial para o Tribuna)<\/p>\n<p>A edi\u00e7\u00e3o 2026 da Agrishow ser\u00e1 a sexta com a participa\u00e7\u00e3o da Cresol e promete ser a mais significativa na hist\u00f3ria da Cooperativa, com uma estimativa de neg\u00f3cios de R$ 180 milh\u00f5es, envolvendo financiamentos e libera\u00e7\u00e3o de cr\u00e9ditos para os cooperados. Ela dever\u00e1 ser superior em 30% no comparativo de 2025.<\/p>\n<p>Quem aposta nessa evolu\u00e7\u00e3o baseada em estudos ao longo do ano e na visita\u00e7\u00e3o nos primeiros dias da Feira Internacional de Agroneg\u00f3cio, \u00e9 o presidente da Cresol Confedera\u00e7\u00e3o, Cledir Magri.<\/p>\n<figure id=\"attachment_462536\" aria-describedby=\"caption-attachment-462536\" style=\"width: 300px\" class=\"wp-caption alignnone\"><figcaption id=\"caption-attachment-462536\" class=\"wp-caption-text\">Cledir Magri \u00e9 s\u00f3cio-fundador da Cresol Raiz, filiada \u00e0 Central Cresol Sicoper. A cooperativa tornou-se Cresol Raiz em 2012, a partir de um processo de desmembramento da antiga Cresol Constantina, com foco em crescimento sustent\u00e1vel e relacionamento pr\u00f3ximo com seus associados<\/figcaption><\/figure>\n<p>\u201cO que \u00e9 importante destacar que a participa\u00e7\u00e3o da Cresol No primeiro ano que chegamos aqui, at\u00e9 o est\u00e1gio atual, n\u00f3s ampliamos muito nossa participa\u00e7\u00e3o. E essa participa\u00e7\u00e3o passa pela estrutura pela localiza\u00e7\u00e3o do parque, pelo n\u00famero de profissionais que n\u00f3s alocamos para esta no dia a dia ent\u00e3o fomos ampliando por entender a grandeza e a dimens\u00e3o que uma Agrishow tem\u201d, destaca Magri.<\/p>\n<p>O executivo ressalta, no entanto, o agroneg\u00f3cio no Brasil passa por momentos de incertezas. \u201cO agro de forma geral, e eu tenho uma rela\u00e7\u00e3o com os estados do Sul, mas andando por esse Brasil afora, n\u00f3s observamos incertezas e instabilidades. Isso de alguma forma tem impacto. Mas, mesmo assim acreditamos que isso n\u00e3o traz preju\u00edzos ou percal\u00e7os na nossa atua\u00e7\u00e3o, pois n\u00f3s acreditamos que n\u00f3s estamos nessa feira com recursos equaliz\u00e1veis, ent\u00e3o subvencionados pois se eu pegar toda a linha do PRONAF ou PRONANP e demais produtores, n\u00f3s temos dinheiro que acaba sendo um elemento importante nessa hora voc\u00ea ofertar para um produtor uma condi\u00e7\u00e3o de cr\u00e9dito adequada, uma taxa de juro melhor\u201d, explicou.<\/p>\n<p><strong>Plano Safra<\/strong> \u2013 Segundo o presidente da Cresol Confedera\u00e7\u00e3o, o primeiro ponto importante diante do atual cen\u00e1rio \u00e9 ofertar ao produtor uma boa condi\u00e7\u00e3o, com vis\u00e3o de cr\u00e9dito adequada , taxa de juros melhor, e o segundo aspecto fundamental \u00e9 que em seguida \u00e9 que teremos uma agenda com BNDS, cuja pauta \u00e9 o pr\u00f3ximo Plano Safra.\u00a0 Nele a expectativa \u00e9 operar R$ 15 bilh\u00f5es (2025\/2026) e o de 2026\/2027) \u00e9 operar R$ 18 bilh\u00f5es em oferta de cr\u00e9ditos.<\/p>\n<p><strong>\u201cHumor do produtor\u201d <\/strong>\u2013 De acordo com Magri, o \u201c\u00e2nimo\u201d do produtor diz muito. \u201cEle tem enfrentado situa\u00e7\u00f5es desafiadoras, como por exemplo o custo de produ\u00e7\u00e3o aumentando, o valor do produto n\u00e3o crescendo na mesma propor\u00e7\u00e3o e como consequ\u00eancia, por meses ocorre uma menor procura por cr\u00e9dito\u201d destaca. \u201cS\u00e3o fatores clim\u00e1ticos, pol\u00edticos, o macroecon\u00f4mico, a instabilidade mundial com efeitos de guerras\u201d, completa.<\/p>\n<p>Com todo esse combo, destacado pelo presidente, a Cresol ainda aposta que a import\u00e2ncia do cooperativismo s\u00f3 aumenta\u201d.<\/p>\n<p><strong>Rela\u00e7\u00e3o com governo <\/strong>\u2013 Magri destaca que nos 20 anos \u00e0 frente da cooperativa conseguiu mensurar as formas de negocia\u00e7\u00f5es, com os minist\u00e9rios. E elogia. \u201cConseguimos sim uma rela\u00e7\u00e3o muito pr\u00f3xima com eles, pois somos uma institui\u00e7\u00e3o para todos. Mas o agro \u00e9 o nosso DNA e isso nos permite transitar bem em governos, sejam eles de esquerda ou de direita\u201d, revela.<\/p>\n<p>Obviamente, \u00e0s vezes temos um aceite menor ou maior de suas demandas. Nunca portas fechadas\u201d completa o executivo.<\/p>\n<p><strong>Sobre a Cresol<\/strong><\/p>\n<p>A Cresol foi fundada h\u00e1 30 anos, no Paran\u00e1 e foi fundada por 27 agricultores familiares da regi\u00e3o sudoeste do Paran\u00e1. Nos \u00faltimos dez anos a cooperativa, em decis\u00e3o estrat\u00e9gica foi reposicionada em v\u00e1rias frentes, tornando-se uma institui\u00e7\u00e3o financeira para todos, desde o segmento agr\u00edcola, industrial e urbano (pequenas e m\u00e9dias empresas).<\/p>\n<p>\u201cHoje atendemos o pequeno, o m\u00e9dio e o grande produtor. A agricultura familiar se inclui nisso, como o grande produtor \u00e9 o pilar. Come\u00e7amos com 27 colaboradores e hoje, temos um milh\u00e3o e cem mil mil cooperados. S\u00e3o 70% ligados ao agro e 30% ao segmento mais urbano\u201d, detalha.<\/p>\n<p>A carteira da cooperativa \u00e9 de R$ 40 bilh\u00f5es, \u201csendo 52% no agro e 48% aplicado no segmento urbano (empresarial e pessoa f\u00edsica)\u201d, completa. Tal volume vem tanto dos cooperados como de parceiros, como o BNDS.<\/p>\n<p>Durante a visita ao stand da Cresol, a reportagem do Tribuna Ribeir\u00e3o conversou tamb\u00e9m com Alzimiro Thom\u00e9, presidente central da Cresol Braser.<\/p>\n<figure id=\"attachment_462537\" aria-describedby=\"caption-attachment-462537\" style=\"width: 300px\" class=\"wp-caption alignnone\"><img data-recalc-dims=\"1\" loading=\"lazy\" decoding=\"async\" class=\"wp-image-462537 size-medium lazyload\" src=\"https:\/\/i0.wp.com\/www.tribunaribeirao.com.br\/wp-content\/uploads\/2026\/04\/Alzimiro-300x200.jpeg?resize=300%2C200&#038;ssl=1\" alt=\"\" width=\"300\" height=\"200\" srcset=\"https:\/\/www.tribunaribeirao.com.br\/wp-content\/uploads\/2026\/04\/Alzimiro-300x200.jpeg 300w, https:\/\/www.tribunaribeirao.com.br\/wp-content\/uploads\/2026\/04\/Alzimiro-1024x682.jpeg 1024w, https:\/\/www.tribunaribeirao.com.br\/wp-content\/uploads\/2026\/04\/Alzimiro-768x512.jpeg 768w, https:\/\/www.tribunaribeirao.com.br\/wp-content\/uploads\/2026\/04\/Alzimiro-1536x1023.jpeg 1536w, https:\/\/www.tribunaribeirao.com.br\/wp-content\/uploads\/2026\/04\/Alzimiro-480x320.jpeg 480w, https:\/\/www.tribunaribeirao.com.br\/wp-content\/uploads\/2026\/04\/Alzimiro-280x186.jpeg 280w, https:\/\/www.tribunaribeirao.com.br\/wp-content\/uploads\/2026\/04\/Alzimiro-960x640.jpeg 960w, https:\/\/www.tribunaribeirao.com.br\/wp-content\/uploads\/2026\/04\/Alzimiro-600x400.jpeg 600w, https:\/\/www.tribunaribeirao.com.br\/wp-content\/uploads\/2026\/04\/Alzimiro-585x390.jpeg 585w, https:\/\/www.tribunaribeirao.com.br\/wp-content\/uploads\/2026\/04\/Alzimiro-scaled.jpeg 1200w\" data-sizes=\"(max-width: 300px) 100vw, 300px\" style=\"--smush-placeholder-width: 300px; --smush-placeholder-aspect-ratio: 300\/200;\"\/><figcaption id=\"caption-attachment-462537\" class=\"wp-caption-text\">Alzimiro Thom\u00e9 destaca a for\u00e7a do agro na regi\u00e3o e planos de expans\u00e3o da Crisol no estado de S\u00e3o Paulo e em Ribeir\u00e3o<\/figcaption><\/figure>\n<p>Entre os pontos que ele destaca nessa sexta participa\u00e7\u00e3o na Agrishow \u00e9 a for\u00e7a da cooperativa e o seu crescimento. \u201cNesses 30 anos chegamos a terceira posi\u00e7\u00e3o no cooperativismo nacional e isso mostra o quanto a Cresol se importa com seu cooperado, seja ele de qual modalidade for\u201d, diz. \u201cAtualmente temos mais de mil ag\u00eancias em 20 estados. No estado de S\u00e3o Paulo s\u00e3o 30 ag\u00eancias. com um projeto de expans\u00e3o\u201d, completa.<\/p>\n<p><strong>Ribeir\u00e3o Preto<\/strong><\/p>\n<p>Segundo Alzimiro Thom\u00e9, Ribeir\u00e3o tem import\u00e2ncia estrat\u00e9gica nesse crescimento. \u201cTemos quatro anos aqui na cidade, conhecemos o tamanho da cidade e seu potencial, tanto \u00e9 que ela abriga uma feira como essa h\u00e1 d\u00e9cadas\u201d, afirma. Thom\u00e9 conta que nos pr\u00f3ximos anos haver\u00e1 uma amplia\u00e7\u00e3o de ag\u00eancias na cidade e na regi\u00e3o, mas n\u00e3o revela quantas. \u201cEst\u00e1 nos planos e isso \u00e9 algo concreto\u201d, brinca.<\/p>\n<p>Com foco na gera\u00e7\u00e3o de neg\u00f3cios, fortalecimento de marca e relacionamento com o p\u00fablico, a Cresol leva para a feira um portf\u00f3lio completo de solu\u00e7\u00f5es financeiras. Entre os destaques est\u00e3o as linhas de cr\u00e9dito agro, como custeio, investimento, cr\u00e9dito pr\u00e9-aprovado e rotativo, al\u00e9m de solu\u00e7\u00f5es voltadas para pessoas jur\u00eddicas, como cr\u00e9dito sustent\u00e1vel, financiamento de ve\u00edculos e investimentos, incluindo op\u00e7\u00f5es de cons\u00f3rcios.<\/p>\n<p>No cr\u00e9dito rural, a atua\u00e7\u00e3o tamb\u00e9m se destaca: na safra atual, a cooperativa j\u00e1 operacionalizou cerca de R$ 12 bilh\u00f5es em mais de 100 mil contratos, com expectativa de superar o recorde hist\u00f3rico da safra anterior. O cr\u00e9dito de custeio representa aproximadamente 60% das opera\u00e7\u00f5es, seguido por linhas de investimento voltadas \u00e0 moderniza\u00e7\u00e3o das propriedades.<\/p>\n<p>Alzimiro Thom\u00e9 ressalta que a Cresol busca ampliar seu leque de atua\u00e7\u00e3o, embora esteja no agro o seu DNA. \u201cO cooperado \u00e9 a nossa raz\u00e3o de existir, nosso ponto de partida e tamb\u00e9m nosso ponto de chegada\u201d, finaliza.<\/p>\n<\/div>\n<p><br \/>\n<br \/><a href=\"https:\/\/www.tribunaribeirao.com.br\/462534-2\/\">Texto original daqui <\/a><\/p>\n<!-- CONTENT END 1 -->\n","protected":false},"excerpt":{"rendered":"<p>Crescimento projetado \u00e9 de 30% em rela\u00e7\u00e3o a edi\u00e7\u00e3o do ano passado Igor Ramos (especial para o Tribuna) A edi\u00e7\u00e3o 2026 da Agrishow ser\u00e1 a&#8230;<\/p>\n","protected":false},"author":1,"featured_media":85339,"comment_status":"","ping_status":"","sticky":false,"template":"","format":"standard","meta":{"advanced_seo_description":"","jetpack_seo_html_title":"","jetpack_seo_noindex":false,"jetpack_post_was_ever_published":false,"_jetpack_newsletter_access":"","_jetpack_dont_email_post_to_subs":false,"_jetpack_newsletter_tier_id":0,"_jetpack_memberships_contains_paywalled_content":false,"_jetpack_memberships_contains_paid_content":false,"footnotes":"","jetpack_publicize_message":"","jetpack_publicize_feature_enabled":true,"jetpack_social_post_already_shared":true,"jetpack_social_options":{"image_generator_settings":{"template":"highway","default_image_id":0,"font":"","enabled":false},"version":2}},"categories":[11],"tags":[191,863,262,1705,1402],"class_list":["post-85338","post","type-post","status-publish","format-standard","has-post-thumbnail","hentry","category-noticias-de-ribeirao-preto-sp-e-regiao-ismael-colosi","tag-agrishow","tag-cresol","tag-milhoes","tag-negocios","tag-preve"],"jetpack_publicize_connections":[],"jetpack_featured_media_url":"https:\/\/i0.wp.com\/noticiasribeiraopreto.com.br\/wp-content\/uploads\/2026\/04\/cresol-agrishow-scaled.jpeg?fit=1200%2C800&ssl=1","jetpack-related-posts":[{"id":18214,"url":"https:\/\/noticiasribeiraopreto.com.br\/index.php\/2023\/12\/19\/cresol-paga-a-cooperados-mais-de-r-129-milhoes-em-juros-sobre-o-capital-social\/","url_meta":{"origin":85338,"position":0},"title":"Cresol paga a cooperados mais de R$ 129 milh\u00f5es em juros sobre o capital social","author":"noticiasribeiraopreto.com.br","date":"19 de December de 2023","format":false,"excerpt":"19 de dezembro de 2023 | 14:35 0Os cooperados recebem, neste m\u00eas de dezembro, os rendimentos relacionados ao valor de suas cotas capitais mantidas na cooperativaA Cresol, uma das maiores institui\u00e7\u00f5es financeiras cooperativas do pa\u00eds, realiza neste m\u00eas de dezembro o pagamento de juros ao capital social 2023. Mais de\u2026","rel":"","context":"In &quot;Not\u00edcias de Ribeir\u00e3o Preto-SP e Regi\u00e3o&quot;","block_context":{"text":"Not\u00edcias de Ribeir\u00e3o Preto-SP e Regi\u00e3o","link":"https:\/\/noticiasribeiraopreto.com.br\/index.php\/category\/noticias-de-ribeirao-preto-sp-e-regiao-ismael-colosi\/"},"img":{"alt_text":"","src":"https:\/\/i0.wp.com\/noticiasribeiraopreto.com.br\/wp-content\/uploads\/2023\/12\/WhatsApp-Image-2023-12-19-at-09.21.57-scaled.jpeg?fit=963%2C645&ssl=1&resize=350%2C200","width":350,"height":200,"srcset":"https:\/\/i0.wp.com\/noticiasribeiraopreto.com.br\/wp-content\/uploads\/2023\/12\/WhatsApp-Image-2023-12-19-at-09.21.57-scaled.jpeg?fit=963%2C645&ssl=1&resize=350%2C200 1x, https:\/\/i0.wp.com\/noticiasribeiraopreto.com.br\/wp-content\/uploads\/2023\/12\/WhatsApp-Image-2023-12-19-at-09.21.57-scaled.jpeg?fit=963%2C645&ssl=1&resize=525%2C300 1.5x, https:\/\/i0.wp.com\/noticiasribeiraopreto.com.br\/wp-content\/uploads\/2023\/12\/WhatsApp-Image-2023-12-19-at-09.21.57-scaled.jpeg?fit=963%2C645&ssl=1&resize=700%2C400 2x"},"classes":[]},{"id":1537,"url":"https:\/\/noticiasribeiraopreto.com.br\/index.php\/2023\/11\/13\/evento-marca-25-anos-de-parceria-entre-cresol-e-brde\/","url_meta":{"origin":85338,"position":1},"title":"Evento marca 25 anos de parceria entre Cresol e BRDE","author":"noticiasribeiraopreto.com.br","date":"13 de November de 2023","format":false,"excerpt":"Primeiros repasses de cr\u00e9dito rural foram realizados em 1998. Hoje, j\u00e1 s\u00e3o mais de 31 mil opera\u00e7\u00f5es, com valor que ultrapassa os R$ 2 bilh\u00f5esPara marcar os 25 anos de parceria com o Banco Regional de Desenvolvimento do Extremo Sul (BRDE), a Cresol promoveu, dia 9 de novembro, um evento\u2026","rel":"","context":"In &quot;Not\u00edcias de Ribeir\u00e3o Preto-SP e Regi\u00e3o&quot;","block_context":{"text":"Not\u00edcias de Ribeir\u00e3o Preto-SP e Regi\u00e3o","link":"https:\/\/noticiasribeiraopreto.com.br\/index.php\/category\/noticias-de-ribeirao-preto-sp-e-regiao-ismael-colosi\/"},"img":{"alt_text":"","src":"https:\/\/i0.wp.com\/noticiasribeiraopreto.com.br\/wp-content\/uploads\/2023\/11\/Cresol-e-BRDE-trofeu-scaled.jpg?fit=912%2C645&ssl=1&resize=350%2C200","width":350,"height":200,"srcset":"https:\/\/i0.wp.com\/noticiasribeiraopreto.com.br\/wp-content\/uploads\/2023\/11\/Cresol-e-BRDE-trofeu-scaled.jpg?fit=912%2C645&ssl=1&resize=350%2C200 1x, https:\/\/i0.wp.com\/noticiasribeiraopreto.com.br\/wp-content\/uploads\/2023\/11\/Cresol-e-BRDE-trofeu-scaled.jpg?fit=912%2C645&ssl=1&resize=525%2C300 1.5x, https:\/\/i0.wp.com\/noticiasribeiraopreto.com.br\/wp-content\/uploads\/2023\/11\/Cresol-e-BRDE-trofeu-scaled.jpg?fit=912%2C645&ssl=1&resize=700%2C400 2x"},"classes":[]},{"id":44007,"url":"https:\/\/noticiasribeiraopreto.com.br\/index.php\/2024\/03\/25\/cresol-renova-com-camila-morgado-e-lanca-nova-campanha-tudo-comeca-por-voce\/","url_meta":{"origin":85338,"position":2},"title":"Cresol renova com Camila Morgado e lan\u00e7a nova campanha: \u201cTudo come\u00e7a por voc\u00ea\u201d","author":"noticiasribeiraopreto.com.br","date":"25 de March de 2024","format":false,"excerpt":"A atriz Camila Morgado estrela as divulga\u00e7\u00f5es que destacam o protagonismo dos cooperados nas decis\u00f5es da cooperativa A Cresol apresenta, a partir do m\u00eas de mar\u00e7o, o seu novo mote, que refor\u00e7a o posicionamento de ter o cooperado no centro das decis\u00f5es. O lema \u201cTudo come\u00e7a por voc\u00ea\u201d busca evidenciar\u2026","rel":"","context":"In &quot;Not\u00edcias de Ribeir\u00e3o Preto-SP e Regi\u00e3o&quot;","block_context":{"text":"Not\u00edcias de Ribeir\u00e3o Preto-SP e Regi\u00e3o","link":"https:\/\/noticiasribeiraopreto.com.br\/index.php\/category\/noticias-de-ribeirao-preto-sp-e-regiao-ismael-colosi\/"},"img":{"alt_text":"","src":"https:\/\/i0.wp.com\/noticiasribeiraopreto.com.br\/wp-content\/uploads\/2024\/03\/cresol_camila_2024_cap1_banner_dia-a-dia-arapongas-PR-1080x1080px.png?fit=1080%2C1080&ssl=1&resize=350%2C200","width":350,"height":200,"srcset":"https:\/\/i0.wp.com\/noticiasribeiraopreto.com.br\/wp-content\/uploads\/2024\/03\/cresol_camila_2024_cap1_banner_dia-a-dia-arapongas-PR-1080x1080px.png?fit=1080%2C1080&ssl=1&resize=350%2C200 1x, https:\/\/i0.wp.com\/noticiasribeiraopreto.com.br\/wp-content\/uploads\/2024\/03\/cresol_camila_2024_cap1_banner_dia-a-dia-arapongas-PR-1080x1080px.png?fit=1080%2C1080&ssl=1&resize=525%2C300 1.5x, https:\/\/i0.wp.com\/noticiasribeiraopreto.com.br\/wp-content\/uploads\/2024\/03\/cresol_camila_2024_cap1_banner_dia-a-dia-arapongas-PR-1080x1080px.png?fit=1080%2C1080&ssl=1&resize=700%2C400 2x, https:\/\/i0.wp.com\/noticiasribeiraopreto.com.br\/wp-content\/uploads\/2024\/03\/cresol_camila_2024_cap1_banner_dia-a-dia-arapongas-PR-1080x1080px.png?fit=1080%2C1080&ssl=1&resize=1050%2C600 3x"},"classes":[]},{"id":39073,"url":"https:\/\/noticiasribeiraopreto.com.br\/index.php\/2024\/02\/23\/cresol-comemora-melhorias-anunciadas-pelo-bndes-e-ampliacao-do-procapcred-2\/","url_meta":{"origin":85338,"position":3},"title":"Cresol comemora melhorias anunciadas pelo BNDES e amplia\u00e7\u00e3o do Procapcred","author":"noticiasribeiraopreto.com.br","date":"23 de February de 2024","format":false,"excerpt":"23 de fevereiro de 2024 | 8:49 0A institui\u00e7\u00e3o parceira apresentou medidas como aumento do or\u00e7amento e\u00a0 amplia\u00e7\u00e3o do acesso para PF no programa, entre outras novidadesDiretores da\u00a0Cresol\u00a0participaram na sexta-feira, 2, de evento promovido pelo\u00a0Banco Nacional de Desenvolvimento Econ\u00f4mico e Social (BNDES)\u00a0para apresentar melhorias no\u00a0Procapcred\u00a0e em condi\u00e7\u00f5es e alcance de\u2026","rel":"","context":"In &quot;Not\u00edcias de Ribeir\u00e3o Preto-SP e Regi\u00e3o&quot;","block_context":{"text":"Not\u00edcias de Ribeir\u00e3o Preto-SP e Regi\u00e3o","link":"https:\/\/noticiasribeiraopreto.com.br\/index.php\/category\/noticias-de-ribeirao-preto-sp-e-regiao-ismael-colosi\/"},"img":{"alt_text":"","src":"https:\/\/i0.wp.com\/noticiasribeiraopreto.com.br\/wp-content\/uploads\/2024\/02\/foto-principal-1-scaled.jpg?fit=992%2C645&ssl=1&resize=350%2C200","width":350,"height":200,"srcset":"https:\/\/i0.wp.com\/noticiasribeiraopreto.com.br\/wp-content\/uploads\/2024\/02\/foto-principal-1-scaled.jpg?fit=992%2C645&ssl=1&resize=350%2C200 1x, https:\/\/i0.wp.com\/noticiasribeiraopreto.com.br\/wp-content\/uploads\/2024\/02\/foto-principal-1-scaled.jpg?fit=992%2C645&ssl=1&resize=525%2C300 1.5x, https:\/\/i0.wp.com\/noticiasribeiraopreto.com.br\/wp-content\/uploads\/2024\/02\/foto-principal-1-scaled.jpg?fit=992%2C645&ssl=1&resize=700%2C400 2x"},"classes":[]},{"id":6937,"url":"https:\/\/noticiasribeiraopreto.com.br\/index.php\/2023\/11\/27\/cresol-inaugura-agencia-em-sertaozinho-sp\/","url_meta":{"origin":85338,"position":4},"title":"Cresol inaugura ag\u00eancia em Sert\u00e3ozinho (SP)","author":"noticiasribeiraopreto.com.br","date":"27 de November de 2023","format":false,"excerpt":"27 de novembro de 2023 | 10:16 0Evento reuniu autoridades e lideran\u00e7as locais e representou mais um passo na expans\u00e3o da cooperativa no Estado de S\u00e3o PauloA Cresol, cooperativa de cr\u00e9dito comprometida com o desenvolvimento econ\u00f4mico e social das regi\u00f5es onde atua, est\u00e1 expandindo sua presen\u00e7a e chegando cada vez\u2026","rel":"","context":"In &quot;Not\u00edcias de Ribeir\u00e3o Preto-SP e Regi\u00e3o&quot;","block_context":{"text":"Not\u00edcias de Ribeir\u00e3o Preto-SP e Regi\u00e3o","link":"https:\/\/noticiasribeiraopreto.com.br\/index.php\/category\/noticias-de-ribeirao-preto-sp-e-regiao-ismael-colosi\/"},"img":{"alt_text":"","src":"https:\/\/i0.wp.com\/noticiasribeiraopreto.com.br\/wp-content\/uploads\/2023\/11\/CRESOL-SERTAOZINHO_inauguracao-7.jpg?fit=1200%2C800&ssl=1&resize=350%2C200","width":350,"height":200,"srcset":"https:\/\/i0.wp.com\/noticiasribeiraopreto.com.br\/wp-content\/uploads\/2023\/11\/CRESOL-SERTAOZINHO_inauguracao-7.jpg?fit=1200%2C800&ssl=1&resize=350%2C200 1x, https:\/\/i0.wp.com\/noticiasribeiraopreto.com.br\/wp-content\/uploads\/2023\/11\/CRESOL-SERTAOZINHO_inauguracao-7.jpg?fit=1200%2C800&ssl=1&resize=525%2C300 1.5x, https:\/\/i0.wp.com\/noticiasribeiraopreto.com.br\/wp-content\/uploads\/2023\/11\/CRESOL-SERTAOZINHO_inauguracao-7.jpg?fit=1200%2C800&ssl=1&resize=700%2C400 2x, https:\/\/i0.wp.com\/noticiasribeiraopreto.com.br\/wp-content\/uploads\/2023\/11\/CRESOL-SERTAOZINHO_inauguracao-7.jpg?fit=1200%2C800&ssl=1&resize=1050%2C600 3x"},"classes":[]},{"id":10450,"url":"https:\/\/noticiasribeiraopreto.com.br\/index.php\/2023\/12\/04\/cresol-inaugura-agencia-em-sertaozinho-sp-2\/","url_meta":{"origin":85338,"position":5},"title":"Cresol inaugura ag\u00eancia em Sert\u00e3ozinho (SP)","author":"noticiasribeiraopreto.com.br","date":"4 de December de 2023","format":false,"excerpt":"4 de dezembro de 2023 | 15:06 0Evento reuniu autoridades e lideran\u00e7as locais e representou mais um passo na expans\u00e3o da cooperativa no Estado de S\u00e3o PauloA Cresol, cooperativa de cr\u00e9dito comprometida com o desenvolvimento econ\u00f4mico e social das regi\u00f5es onde atua, est\u00e1 expandindo sua presen\u00e7a e chegando cada vez\u2026","rel":"","context":"In &quot;Not\u00edcias de Ribeir\u00e3o Preto-SP e Regi\u00e3o&quot;","block_context":{"text":"Not\u00edcias de Ribeir\u00e3o Preto-SP e Regi\u00e3o","link":"https:\/\/noticiasribeiraopreto.com.br\/index.php\/category\/noticias-de-ribeirao-preto-sp-e-regiao-ismael-colosi\/"},"img":{"alt_text":"","src":"https:\/\/i0.wp.com\/noticiasribeiraopreto.com.br\/wp-content\/uploads\/2023\/12\/CRESOL-SERTAOZINHO_inauguracao-7-1-scaled.jpg?fit=967%2C645&ssl=1&resize=350%2C200","width":350,"height":200,"srcset":"https:\/\/i0.wp.com\/noticiasribeiraopreto.com.br\/wp-content\/uploads\/2023\/12\/CRESOL-SERTAOZINHO_inauguracao-7-1-scaled.jpg?fit=967%2C645&ssl=1&resize=350%2C200 1x, https:\/\/i0.wp.com\/noticiasribeiraopreto.com.br\/wp-content\/uploads\/2023\/12\/CRESOL-SERTAOZINHO_inauguracao-7-1-scaled.jpg?fit=967%2C645&ssl=1&resize=525%2C300 1.5x, https:\/\/i0.wp.com\/noticiasribeiraopreto.com.br\/wp-content\/uploads\/2023\/12\/CRESOL-SERTAOZINHO_inauguracao-7-1-scaled.jpg?fit=967%2C645&ssl=1&resize=700%2C400 2x"},"classes":[]}],"jetpack_sharing_enabled":true,"jetpack_shortlink":"https:\/\/wp.me\/peQAOb-mcq","_links":{"self":[{"href":"https:\/\/noticiasribeiraopreto.com.br\/index.php\/wp-json\/wp\/v2\/posts\/85338","targetHints":{"allow":["GET"]}}],"collection":[{"href":"https:\/\/noticiasribeiraopreto.com.br\/index.php\/wp-json\/wp\/v2\/posts"}],"about":[{"href":"https:\/\/noticiasribeiraopreto.com.br\/index.php\/wp-json\/wp\/v2\/types\/post"}],"author":[{"embeddable":true,"href":"https:\/\/noticiasribeiraopreto.com.br\/index.php\/wp-json\/wp\/v2\/users\/1"}],"replies":[{"embeddable":true,"href":"https:\/\/noticiasribeiraopreto.com.br\/index.php\/wp-json\/wp\/v2\/comments?post=85338"}],"version-history":[{"count":0,"href":"https:\/\/noticiasribeiraopreto.com.br\/index.php\/wp-json\/wp\/v2\/posts\/85338\/revisions"}],"wp:featuredmedia":[{"embeddable":true,"href":"https:\/\/noticiasribeiraopreto.com.br\/index.php\/wp-json\/wp\/v2\/media\/85339"}],"wp:attachment":[{"href":"https:\/\/noticiasribeiraopreto.com.br\/index.php\/wp-json\/wp\/v2\/media?parent=85338"}],"wp:term":[{"taxonomy":"category","embeddable":true,"href":"https:\/\/noticiasribeiraopreto.com.br\/index.php\/wp-json\/wp\/v2\/categories?post=85338"},{"taxonomy":"post_tag","embeddable":true,"href":"https:\/\/noticiasribeiraopreto.com.br\/index.php\/wp-json\/wp\/v2\/tags?post=85338"}],"curies":[{"name":"wp","href":"https:\/\/api.w.org\/{rel}","templated":true}]}}