{"id":85342,"date":"2026-04-30T07:44:18","date_gmt":"2026-04-30T10:44:18","guid":{"rendered":"https:\/\/noticiasribeiraopreto.com.br\/index.php\/2026\/04\/30\/o-que-abre-e-fecha-em-ribeirao-preto-no-feriado-do-dia-do-trabalho\/"},"modified":"2026-04-30T07:44:18","modified_gmt":"2026-04-30T10:44:18","slug":"o-que-abre-e-fecha-em-ribeirao-preto-no-feriado-do-dia-do-trabalho","status":"publish","type":"post","link":"https:\/\/noticiasribeiraopreto.com.br\/index.php\/2026\/04\/30\/o-que-abre-e-fecha-em-ribeirao-preto-no-feriado-do-dia-do-trabalho\/","title":{"rendered":"O que abre e fecha em Ribeir\u00e3o Preto no feriado do Dia do Trabalho &#8211; THMais"},"content":{"rendered":"<div class='code-block code-block-1' style='margin: 8px 0 8px auto; text-align: right; display: block; clear: both;'>\n<p><a href=\"https:\/\/wa.link\/vpicfd\"><img data-recalc-dims=\"1\" class=\"wp-image-4922\" style=\"aspect-ratio: 2.0253164556962027; width: 561px; height: auto;\" src=\"https:\/\/i0.wp.com\/ismaelcolosi.com.br\/wp-content\/uploads\/2023\/11\/grupo-de-empregos-whatsapp-e-facebook-ismael-colosi-vagas.jpg?ssl=1\" alt=\"\" \/><\/a><\/p>\n<!-- \/wp:image -->\n<\/div>\n<p> <br \/>\n<\/p>\n<div>\n<p>A Prefeitura de Ribeir\u00e3o Preto informa que, durante o feriado do Dia do Trabalho (01), os servi\u00e7os essenciais, como sa\u00fade, transporte e coleta de lixo, funcionar\u00e3o normalmente, para garantir o atendimento \u00e0 popula\u00e7\u00e3o.<\/p>\n<p>As reparti\u00e7\u00f5es municipais estar\u00e3o fechadas na data, com retomada do funcionamento normal a partir das 8h de segunda-feira (4).<\/p>\n<p>Confira o que abre e fecha:<\/p>\n<h2>Sa\u00fade<\/h2>\n<p>UPAs 24h (todos os dias):<\/p>\n<p>UPA Leste \u2013 Av. 13 de Maio, 353 \u2013 Jardim Paulistano<\/p>\n<p>UPA Norte \u2013 Av. Euclydes de Figueiredo, 295 \u2013 Adelino Simioni<\/p>\n<p>UPA Oeste \u2013 Rua Terezina, 678 \u2013 Sumarezinho<\/p>\n<p>Pronto Atendimento Vila Virg\u00ednia \u2013 Rua Franco da Rocha, 1270<\/p>\n<p>CAPS IV (24h): Av. Jer\u00f4nimo Gon\u00e7alves, 466 \u2013 Centro<\/p>\n<p>UBS Bonfim Paulista\/Mamoru Kobayashi \u2013 Fecha na sexta-feira e abre ao final de semana, das 8h \u00e0s 18h.<\/p>\n<h2>\u00d4nibus<\/h2>\n<p>Os \u00f4nibus circular\u00e3o com hor\u00e1rios de domingo no dia 1\u00ba de maio.<\/p>\n<p>A Central de Vendas e Benef\u00edcios, na Rua Tibiri\u00e7\u00e1, n\u00ba 600, estar\u00e1 fechada somente no feriado.<\/p>\n<p>Atendimento telef\u00f4nico (0800 16 16 001): das 6h \u00e0s 23h<\/p>\n<p>Terminal Dra. Evangelina: das 6h \u00e0s 23h<\/p>\n<p>Terminais de bairro: das 8h \u00e0s 12h<\/p>\n<p>Terminal Ribeir\u00e3o Shopping: das 6h \u00e0s 18h<\/p>\n<p>Terminal HC: das 6h \u00e0s 12h<\/p>\n<h2>Tr\u00e2nsito<\/h2>\n<p>O atendimento presencial na sede da RP Mobi (solicita\u00e7\u00e3o de protocolo e p\u00e1tio) estar\u00e1 suspenso no feriado.<\/p>\n<p>O atendimento de emerg\u00eancia funcionar\u00e1 24h pelos n\u00fameros 118 ou (16) 3934-9500.<\/p>\n<h2>Assist\u00eancia Social<\/h2>\n<p>Os servi\u00e7os de abordagem social e acolhimento funcionar\u00e3o normalmente.<\/p>\n<p>Solicita\u00e7\u00f5es emergenciais podem ser feitas por meio do FAS \u2013 Fale Assist\u00eancia Social, pelos n\u00fameros 161 ou 0800 773 0 161.<\/p>\n<h2>Saerp<\/h2>\n<p>A Saerp funcionar\u00e1 em regime de plant\u00e3o para ocorr\u00eancias emergenciais. A Central de Atendimento atende normalmente pelo telefone 0800 115 0 115.<\/p>\n<h2>Meio Ambiente<\/h2>\n<p>Os parques municipais funcionar\u00e3o normalmente durante o feriado prolongado.<\/p>\n<p>O Bosque Zool\u00f3gico Dr. F\u00e1bio Barreto estar\u00e1 aberto \u00e0 visita\u00e7\u00e3o durante o feriado, das 9h \u00e0s 16h30, com entrada gratuita. J\u00e1 na quarta-feira, dia 22, o espa\u00e7o estar\u00e1 fechado para manuten\u00e7\u00e3o, retomando as atividades no dia seguinte, 23 de abril.<\/p>\n<h2>Infraestrutura<\/h2>\n<p>Coleta de lixo: funcionamento normal durante o feriado prolongado.<br \/>Varri\u00e7\u00e3o das avenidas da cidade: normalizada.<br \/>Ecopontos: funcionamento normal, das 7h \u00e0s 19h.<br \/>Transbordo: funcionamento normal, 24h.<br \/>Plant\u00e3o para emerg\u00eancias: SAM \u2013 Servi\u00e7o de Atendimento ao Mun\u00edcipe, pelo telefone 156.<\/p>\n<h2>Seguran\u00e7a<\/h2>\n<p>Guarda Civil Metropolitana: atendimento 24h pelo telefone 153.<br \/>Defesa Civil: atendimento 24h pelo telefone 199.<\/p>\n<h2>Poupatempo<\/h2>\n<p>Sexta-feira, 1 de maio, o Poupatempo estar\u00e1 fechado, voltando ao funcionamento normal, das 9h \u00e0s 13h, no s\u00e1bado, 2 de maio.<\/p>\n<\/div>\n<p><br \/>\n<br \/><a href=\"https:\/\/thmais.com.br\/cidades\/ribeirao-preto\/o-que-abre-e-fecha-em-ribeirao-preto-no-feriado-do-dia-do-trabalho\/\">Link para o texto original <\/a><\/p>\n<!-- CONTENT END 1 -->\n","protected":false},"excerpt":{"rendered":"<p>A Prefeitura de Ribeir\u00e3o Preto informa que, durante o feriado do Dia do Trabalho (01), os servi\u00e7os essenciais, como sa\u00fade, transporte e coleta de lixo,&#8230;<\/p>\n","protected":false},"author":1,"featured_media":85343,"comment_status":"","ping_status":"","sticky":false,"template":"","format":"standard","meta":{"advanced_seo_description":"","jetpack_seo_html_title":"","jetpack_seo_noindex":false,"jetpack_post_was_ever_published":false,"_jetpack_newsletter_access":"","_jetpack_dont_email_post_to_subs":false,"_jetpack_newsletter_tier_id":0,"_jetpack_memberships_contains_paywalled_content":false,"_jetpack_memberships_contains_paid_content":false,"footnotes":"","jetpack_publicize_message":"","jetpack_publicize_feature_enabled":true,"jetpack_social_post_already_shared":true,"jetpack_social_options":{"image_generator_settings":{"template":"highway","default_image_id":0,"font":"","enabled":false},"version":2}},"categories":[11],"tags":[210,142,726,377,27,26,6443,583],"class_list":["post-85342","post","type-post","status-publish","format-standard","has-post-thumbnail","hentry","category-noticias-de-ribeirao-preto-sp-e-regiao-ismael-colosi","tag-abre","tag-dia","tag-fecha","tag-feriado","tag-preto","tag-ribeirao","tag-thmais","tag-trabalho"],"jetpack_publicize_connections":[],"jetpack_featured_media_url":"https:\/\/i0.wp.com\/noticiasribeiraopreto.com.br\/wp-content\/uploads\/2026\/04\/abreefecha_foto_fernando_gonzaga1.jpg?fit=1620%2C1080&ssl=1","jetpack-related-posts":[{"id":80265,"url":"https:\/\/noticiasribeiraopreto.com.br\/index.php\/2025\/11\/18\/consciencia-negra-veja-o-que-abre-e-o-que-fecha-em-ribeirao-preto-durante-o-feriado\/","url_meta":{"origin":85342,"position":0},"title":"Consci\u00eancia Negra: veja o que abre e o que fecha em Ribeir\u00e3o Preto durante o feriado","author":"noticiasribeiraopreto.com.br","date":"18 de November de 2025","format":false,"excerpt":"Ribeir\u00e3o Preto celebra o Dia da Consci\u00eancia Negra nesta quinta-feira (20). Com isso, os hor\u00e1rios de funcionamento dos servi\u00e7os p\u00fablicos do munic\u00edpio sofrem mudan\u00e7as \u2013 veja abaixo. A data que relembra a morte de Zumbi dos Palmares, em 1695, se tornou feriado nacional em dezembro de 2023. Antes da promulga\u00e7\u00e3o\u2026","rel":"","context":"In &quot;Not\u00edcias de Ribeir\u00e3o Preto-SP e Regi\u00e3o&quot;","block_context":{"text":"Not\u00edcias de Ribeir\u00e3o Preto-SP e Regi\u00e3o","link":"https:\/\/noticiasribeiraopreto.com.br\/index.php\/category\/noticias-de-ribeirao-preto-sp-e-regiao-ismael-colosi\/"},"img":{"alt_text":"","src":"https:\/\/i0.wp.com\/noticiasribeiraopreto.com.br\/wp-content\/uploads\/2025\/11\/Copia-de-Copia-de-Copia-de-TAMANHO-EXATO-PARA-FOTOS-NO-SISTEMA-NOVO-2025-10-24T180452.289_2025-10-24_21-04-57.webp.webp?fit=1200%2C675&ssl=1&resize=350%2C200","width":350,"height":200,"srcset":"https:\/\/i0.wp.com\/noticiasribeiraopreto.com.br\/wp-content\/uploads\/2025\/11\/Copia-de-Copia-de-Copia-de-TAMANHO-EXATO-PARA-FOTOS-NO-SISTEMA-NOVO-2025-10-24T180452.289_2025-10-24_21-04-57.webp.webp?fit=1200%2C675&ssl=1&resize=350%2C200 1x, https:\/\/i0.wp.com\/noticiasribeiraopreto.com.br\/wp-content\/uploads\/2025\/11\/Copia-de-Copia-de-Copia-de-TAMANHO-EXATO-PARA-FOTOS-NO-SISTEMA-NOVO-2025-10-24T180452.289_2025-10-24_21-04-57.webp.webp?fit=1200%2C675&ssl=1&resize=525%2C300 1.5x, https:\/\/i0.wp.com\/noticiasribeiraopreto.com.br\/wp-content\/uploads\/2025\/11\/Copia-de-Copia-de-Copia-de-TAMANHO-EXATO-PARA-FOTOS-NO-SISTEMA-NOVO-2025-10-24T180452.289_2025-10-24_21-04-57.webp.webp?fit=1200%2C675&ssl=1&resize=700%2C400 2x, https:\/\/i0.wp.com\/noticiasribeiraopreto.com.br\/wp-content\/uploads\/2025\/11\/Copia-de-Copia-de-Copia-de-TAMANHO-EXATO-PARA-FOTOS-NO-SISTEMA-NOVO-2025-10-24T180452.289_2025-10-24_21-04-57.webp.webp?fit=1200%2C675&ssl=1&resize=1050%2C600 3x"},"classes":[]},{"id":1919,"url":"https:\/\/noticiasribeiraopreto.com.br\/index.php\/2023\/11\/14\/feriado-veja-o-que-abre-e-fecha-nos-servicos-publicos-em-ribeirao-preto\/","url_meta":{"origin":85342,"position":1},"title":"Feriado: Veja o que abre e fecha nos servi\u00e7os p\u00fablicos em Ribeir\u00e3o Preto\u00a0","author":"noticiasribeiraopreto.com.br","date":"14 de November de 2023","format":false,"excerpt":"No feriado da Proclama\u00e7\u00e3o da Rep\u00fablica, nesta quarta-feira (15), os servi\u00e7os essenciais ser\u00e3o mantidos no munic\u00edpio pela Prefeitura de Ribeir\u00e3o Preto. As reparti\u00e7\u00f5es p\u00fablicas fecham na quarta (15) e s\u00f3 reabrem na quinta-feira (17). \u00a0 Veja o que abre e fecha\u00a0 SA\u00daDE\u00a0 UPA Leste \u2013 Avenida Treze de Maio, 353:\u2026","rel":"","context":"In &quot;Not\u00edcias de Ribeir\u00e3o Preto-SP e Regi\u00e3o&quot;","block_context":{"text":"Not\u00edcias de Ribeir\u00e3o Preto-SP e Regi\u00e3o","link":"https:\/\/noticiasribeiraopreto.com.br\/index.php\/category\/noticias-de-ribeirao-preto-sp-e-regiao-ismael-colosi\/"},"img":{"alt_text":"","src":"https:\/\/i0.wp.com\/noticiasribeiraopreto.com.br\/wp-content\/uploads\/2023\/11\/predio_novo_-_foto_guilherme_sircili_2-1.jpg?fit=1200%2C799&ssl=1&resize=350%2C200","width":350,"height":200,"srcset":"https:\/\/i0.wp.com\/noticiasribeiraopreto.com.br\/wp-content\/uploads\/2023\/11\/predio_novo_-_foto_guilherme_sircili_2-1.jpg?fit=1200%2C799&ssl=1&resize=350%2C200 1x, https:\/\/i0.wp.com\/noticiasribeiraopreto.com.br\/wp-content\/uploads\/2023\/11\/predio_novo_-_foto_guilherme_sircili_2-1.jpg?fit=1200%2C799&ssl=1&resize=525%2C300 1.5x, https:\/\/i0.wp.com\/noticiasribeiraopreto.com.br\/wp-content\/uploads\/2023\/11\/predio_novo_-_foto_guilherme_sircili_2-1.jpg?fit=1200%2C799&ssl=1&resize=700%2C400 2x, https:\/\/i0.wp.com\/noticiasribeiraopreto.com.br\/wp-content\/uploads\/2023\/11\/predio_novo_-_foto_guilherme_sircili_2-1.jpg?fit=1200%2C799&ssl=1&resize=1050%2C600 3x"},"classes":[]},{"id":20129,"url":"https:\/\/noticiasribeiraopreto.com.br\/index.php\/2023\/12\/24\/feriado-veja-o-que-abre-e-fecha-nos-servicos-da-prefeitura-de-ribeirao-preto\/","url_meta":{"origin":85342,"position":2},"title":"Feriado: Veja o que abre e fecha nos servi\u00e7os da Prefeitura de Ribeir\u00e3o Preto","author":"noticiasribeiraopreto.com.br","date":"24 de December de 2023","format":false,"excerpt":"A prefeitura de Ribeir\u00e3o Preto manter\u00e1 em funcionamento os servi\u00e7os p\u00fablicos essenciais na segunda-feira (25), dia de Natal. Atendem normalmente servi\u00e7os de urg\u00eancias e emerg\u00eancias em sa\u00fade e Guarda Civil Metropolitana (GCM). Reparti\u00e7\u00f5es p\u00fablicas permanecer\u00e3o fechadas na segunda (25), retornando \u00e0 normalidade na ter\u00e7a-feira, dia 26, a partir do meio-dia.\u2026","rel":"","context":"In &quot;Not\u00edcias de Ribeir\u00e3o Preto-SP e Regi\u00e3o&quot;","block_context":{"text":"Not\u00edcias de Ribeir\u00e3o Preto-SP e Regi\u00e3o","link":"https:\/\/noticiasribeiraopreto.com.br\/index.php\/category\/noticias-de-ribeirao-preto-sp-e-regiao-ismael-colosi\/"},"img":{"alt_text":"","src":"https:\/\/i0.wp.com\/noticiasribeiraopreto.com.br\/wp-content\/uploads\/2023\/12\/upa.jpg?fit=1200%2C799&ssl=1&resize=350%2C200","width":350,"height":200,"srcset":"https:\/\/i0.wp.com\/noticiasribeiraopreto.com.br\/wp-content\/uploads\/2023\/12\/upa.jpg?fit=1200%2C799&ssl=1&resize=350%2C200 1x, https:\/\/i0.wp.com\/noticiasribeiraopreto.com.br\/wp-content\/uploads\/2023\/12\/upa.jpg?fit=1200%2C799&ssl=1&resize=525%2C300 1.5x, https:\/\/i0.wp.com\/noticiasribeiraopreto.com.br\/wp-content\/uploads\/2023\/12\/upa.jpg?fit=1200%2C799&ssl=1&resize=700%2C400 2x, https:\/\/i0.wp.com\/noticiasribeiraopreto.com.br\/wp-content\/uploads\/2023\/12\/upa.jpg?fit=1200%2C799&ssl=1&resize=1050%2C600 3x"},"classes":[]},{"id":22228,"url":"https:\/\/noticiasribeiraopreto.com.br\/index.php\/2023\/12\/29\/confira-o-que-abre-e-fecha-nos-servicos-da-prefeitura-de-ribeirao-durante-o-feriado-prolongado\/","url_meta":{"origin":85342,"position":3},"title":"Confira o que abre e fecha nos servi\u00e7os da Prefeitura de Ribeir\u00e3o durante o feriado prolongado","author":"noticiasribeiraopreto.com.br","date":"29 de December de 2023","format":false,"excerpt":"Devido ao feriado prolongado de Ano Novo, os \u00f3rg\u00e3os municipais de Ribeir\u00e3o Preto ter\u00e3o altera\u00e7\u00f5es nos hor\u00e1rios de atendimento, at\u00e9 o dia 2 de janeiro de 2024. O Poupatempo, por exemplo, est\u00e1 com o atendimento suspenso at\u00e9 \u00e0s 13h, da pr\u00f3xima ter\u00e7a-feira (2). De acordo com a Prefeitura da cidade,\u2026","rel":"","context":"In &quot;Not\u00edcias de Ribeir\u00e3o Preto-SP e Regi\u00e3o&quot;","block_context":{"text":"Not\u00edcias de Ribeir\u00e3o Preto-SP e Regi\u00e3o","link":"https:\/\/noticiasribeiraopreto.com.br\/index.php\/category\/noticias-de-ribeirao-preto-sp-e-regiao-ismael-colosi\/"},"img":{"alt_text":"","src":"https:\/\/i0.wp.com\/noticiasribeiraopreto.com.br\/wp-content\/uploads\/2023\/12\/1703864851_predio_novo_-_foto_guilherme_sircili_2.jpg?fit=1200%2C799&ssl=1&resize=350%2C200","width":350,"height":200,"srcset":"https:\/\/i0.wp.com\/noticiasribeiraopreto.com.br\/wp-content\/uploads\/2023\/12\/1703864851_predio_novo_-_foto_guilherme_sircili_2.jpg?fit=1200%2C799&ssl=1&resize=350%2C200 1x, https:\/\/i0.wp.com\/noticiasribeiraopreto.com.br\/wp-content\/uploads\/2023\/12\/1703864851_predio_novo_-_foto_guilherme_sircili_2.jpg?fit=1200%2C799&ssl=1&resize=525%2C300 1.5x, https:\/\/i0.wp.com\/noticiasribeiraopreto.com.br\/wp-content\/uploads\/2023\/12\/1703864851_predio_novo_-_foto_guilherme_sircili_2.jpg?fit=1200%2C799&ssl=1&resize=700%2C400 2x, https:\/\/i0.wp.com\/noticiasribeiraopreto.com.br\/wp-content\/uploads\/2023\/12\/1703864851_predio_novo_-_foto_guilherme_sircili_2.jpg?fit=1200%2C799&ssl=1&resize=1050%2C600 3x"},"classes":[]},{"id":64143,"url":"https:\/\/noticiasribeiraopreto.com.br\/index.php\/2025\/03\/03\/veja-o-abre-e-fecha-dos-servicos-durante-o-carnaval-em-ribeirao-preto\/","url_meta":{"origin":85342,"position":4},"title":"Veja o abre e fecha dos servi\u00e7os durante o Carnaval em Ribeir\u00e3o Preto","author":"noticiasribeiraopreto.com.br","date":"3 de March de 2025","format":false,"excerpt":"Al\u00e9m do com\u00e9rcio que funciona com hor\u00e1rios especiais durante o Carnaval (veja aqui), os servi\u00e7os p\u00fablicos tamb\u00e9m t\u00eam mudan\u00e7a nesta segunda-feira (3) e ter\u00e7a-feira (4). Os servi\u00e7os essenciais como sa\u00fade, Infraestrutura, Saerp, assist\u00eancia social, coleta de lixo, RP Mobi e Guarda Civil Metropolitana v\u00e3o operar normalmente. As reparti\u00e7\u00f5es p\u00fablicas permanecer\u00e3o\u2026","rel":"","context":"In &quot;Not\u00edcias de Ribeir\u00e3o Preto-SP e Regi\u00e3o&quot;","block_context":{"text":"Not\u00edcias de Ribeir\u00e3o Preto-SP e Regi\u00e3o","link":"https:\/\/noticiasribeiraopreto.com.br\/index.php\/category\/noticias-de-ribeirao-preto-sp-e-regiao-ismael-colosi\/"},"img":{"alt_text":"","src":"https:\/\/i0.wp.com\/noticiasribeiraopreto.com.br\/wp-content\/uploads\/2025\/03\/ribeirao-preto.jpg?fit=1200%2C900&ssl=1&resize=350%2C200","width":350,"height":200,"srcset":"https:\/\/i0.wp.com\/noticiasribeiraopreto.com.br\/wp-content\/uploads\/2025\/03\/ribeirao-preto.jpg?fit=1200%2C900&ssl=1&resize=350%2C200 1x, https:\/\/i0.wp.com\/noticiasribeiraopreto.com.br\/wp-content\/uploads\/2025\/03\/ribeirao-preto.jpg?fit=1200%2C900&ssl=1&resize=525%2C300 1.5x, https:\/\/i0.wp.com\/noticiasribeiraopreto.com.br\/wp-content\/uploads\/2025\/03\/ribeirao-preto.jpg?fit=1200%2C900&ssl=1&resize=700%2C400 2x, https:\/\/i0.wp.com\/noticiasribeiraopreto.com.br\/wp-content\/uploads\/2025\/03\/ribeirao-preto.jpg?fit=1200%2C900&ssl=1&resize=1050%2C600 3x"},"classes":[]},{"id":60479,"url":"https:\/\/noticiasribeiraopreto.com.br\/index.php\/2024\/11\/14\/feriado-confira-o-que-abre-e-fecha-nos-servicos-da-prefeitura-de-ribeirao-preto\/","url_meta":{"origin":85342,"position":5},"title":"Feriado: Confira o que abre e fecha nos servi\u00e7os da Prefeitura de Ribeir\u00e3o Preto","author":"noticiasribeiraopreto.com.br","date":"14 de November de 2024","format":false,"excerpt":"A prefeitura de Ribeir\u00e3o Preto manter\u00e1 em funcionamento os servi\u00e7os p\u00fablicos essenciais nesta sexta-feira (15), feriado da Proclama\u00e7\u00e3o da Rep\u00fablica. Atendem normalmente servi\u00e7os de urg\u00eancias e emerg\u00eancias em sa\u00fade e Guarda Civil Metropolitana (GCM). O transporte coletivo seguir\u00e1 com hor\u00e1rios especiais para atender os mun\u00edcipes. Al\u00e9m disso, atra\u00e7\u00f5es culturais estar\u00e3o\u2026","rel":"","context":"In &quot;Not\u00edcias de Ribeir\u00e3o Preto-SP e Regi\u00e3o&quot;","block_context":{"text":"Not\u00edcias de Ribeir\u00e3o Preto-SP e Regi\u00e3o","link":"https:\/\/noticiasribeiraopreto.com.br\/index.php\/category\/noticias-de-ribeirao-preto-sp-e-regiao-ismael-colosi\/"},"img":{"alt_text":"","src":"https:\/\/i0.wp.com\/noticiasribeiraopreto.com.br\/wp-content\/uploads\/2024\/11\/UPA-NORTE.jpg?fit=1200%2C799&ssl=1&resize=350%2C200","width":350,"height":200,"srcset":"https:\/\/i0.wp.com\/noticiasribeiraopreto.com.br\/wp-content\/uploads\/2024\/11\/UPA-NORTE.jpg?fit=1200%2C799&ssl=1&resize=350%2C200 1x, https:\/\/i0.wp.com\/noticiasribeiraopreto.com.br\/wp-content\/uploads\/2024\/11\/UPA-NORTE.jpg?fit=1200%2C799&ssl=1&resize=525%2C300 1.5x, https:\/\/i0.wp.com\/noticiasribeiraopreto.com.br\/wp-content\/uploads\/2024\/11\/UPA-NORTE.jpg?fit=1200%2C799&ssl=1&resize=700%2C400 2x, https:\/\/i0.wp.com\/noticiasribeiraopreto.com.br\/wp-content\/uploads\/2024\/11\/UPA-NORTE.jpg?fit=1200%2C799&ssl=1&resize=1050%2C600 3x"},"classes":[]}],"jetpack_sharing_enabled":true,"jetpack_shortlink":"https:\/\/wp.me\/peQAOb-mcu","_links":{"self":[{"href":"https:\/\/noticiasribeiraopreto.com.br\/index.php\/wp-json\/wp\/v2\/posts\/85342","targetHints":{"allow":["GET"]}}],"collection":[{"href":"https:\/\/noticiasribeiraopreto.com.br\/index.php\/wp-json\/wp\/v2\/posts"}],"about":[{"href":"https:\/\/noticiasribeiraopreto.com.br\/index.php\/wp-json\/wp\/v2\/types\/post"}],"author":[{"embeddable":true,"href":"https:\/\/noticiasribeiraopreto.com.br\/index.php\/wp-json\/wp\/v2\/users\/1"}],"replies":[{"embeddable":true,"href":"https:\/\/noticiasribeiraopreto.com.br\/index.php\/wp-json\/wp\/v2\/comments?post=85342"}],"version-history":[{"count":0,"href":"https:\/\/noticiasribeiraopreto.com.br\/index.php\/wp-json\/wp\/v2\/posts\/85342\/revisions"}],"wp:featuredmedia":[{"embeddable":true,"href":"https:\/\/noticiasribeiraopreto.com.br\/index.php\/wp-json\/wp\/v2\/media\/85343"}],"wp:attachment":[{"href":"https:\/\/noticiasribeiraopreto.com.br\/index.php\/wp-json\/wp\/v2\/media?parent=85342"}],"wp:term":[{"taxonomy":"category","embeddable":true,"href":"https:\/\/noticiasribeiraopreto.com.br\/index.php\/wp-json\/wp\/v2\/categories?post=85342"},{"taxonomy":"post_tag","embeddable":true,"href":"https:\/\/noticiasribeiraopreto.com.br\/index.php\/wp-json\/wp\/v2\/tags?post=85342"}],"curies":[{"name":"wp","href":"https:\/\/api.w.org\/{rel}","templated":true}]}}