{"id":85344,"date":"2026-04-30T07:55:25","date_gmt":"2026-04-30T10:55:25","guid":{"rendered":"https:\/\/noticiasribeiraopreto.com.br\/index.php\/2026\/04\/30\/leite-lopes-inaugura-terminal\/"},"modified":"2026-04-30T07:55:25","modified_gmt":"2026-04-30T10:55:25","slug":"leite-lopes-inaugura-terminal","status":"publish","type":"post","link":"https:\/\/noticiasribeiraopreto.com.br\/index.php\/2026\/04\/30\/leite-lopes-inaugura-terminal\/","title":{"rendered":"Leite Lopes inaugura terminal &#8211; Tribuna Ribeir\u00e3o"},"content":{"rendered":"<div class='code-block code-block-1' style='margin: 8px 0 8px auto; text-align: right; display: block; clear: both;'>\n<p><a href=\"https:\/\/wa.link\/vpicfd\"><img data-recalc-dims=\"1\" class=\"wp-image-4922\" style=\"aspect-ratio: 2.0253164556962027; width: 561px; height: auto;\" src=\"https:\/\/i0.wp.com\/ismaelcolosi.com.br\/wp-content\/uploads\/2023\/11\/grupo-de-empregos-whatsapp-e-facebook-ismael-colosi-vagas.jpg?ssl=1\" alt=\"\" \/><\/a><\/p>\n<!-- \/wp:image -->\n<\/div>\n<p> <br \/>\n<\/p>\n<div>\n<p class=\"p1\"><i>Novo terminal de passageiros do Aeroporto Leite Lopes foi inaugurado esta semana; obra custou R$ 48 milh\u00f5es<\/i><\/p>\n<p>Ribeir\u00e3o Preto passa a contar com um aeroporto mais moderno, ampliado e preparado para um novo patamar de opera\u00e7\u00f5es. Foram entregues, na \u00faltima ter\u00e7a-feira, 28 de abril, as obras de expans\u00e3o do terminal de passageiros e a implanta\u00e7\u00e3o de um novo boulevard no Aeroporto Estadual Doutor Leite Lopes, consolidando um importante avan\u00e7o na infraestrutura da cidade.<\/p>\n<p>O projeto faz parte da segunda fase de melhorias no aeroporto, com o objetivo de ampliar seu potencial de opera\u00e7\u00e3o de voos no Brasil, bem como abrir possibilidades, nos pr\u00f3ximos anos, para rotas internacionais a partir do interior de S\u00e3o Paulo. O governador Tarc\u00edsio de Freitas (Reopublicanos), ao lado do prefeito Ricardo Silva(PSD), do CEO da Rede VOA, Marcel Moure, e de outras autoridades, acompanhou a cerim\u00f4nia.<\/p>\n<p>A interven\u00e7\u00e3o contemplou a amplia\u00e7\u00e3o das \u00e1reas operacionais e a requalifica\u00e7\u00e3o completa da estrutura existente, com foco na melhoria da experi\u00eancia dos usu\u00e1rios, maior efici\u00eancia operacional e ado\u00e7\u00e3o de solu\u00e7\u00f5es sustent\u00e1veis. As obras foram executadas pela concession\u00e1ria respons\u00e1vel pela gest\u00e3o do aeroporto.<\/p>\n<p>\u201cO novo Aeroporto Doutor Leite Lopes representa um marco na hist\u00f3ria da Rede VOA. Uma obra sustent\u00e1vel que ir\u00e1 n\u00e3o s\u00f3 aumentar seu tamanho e capacidade, mas principalmente oferecer o conforto que nossos passageiros merecem, com amplia\u00e7\u00e3o da sala de desembarque, entrega do desembarque internacional e v\u00e1rios empreendimentos comerciais no novo Boulevard\u201d. afirma o CEO da Rede VOA, Marcel Moure.<\/p>\n<p>\u201cEssa entrega marca o in\u00edcio de um novo aeroporto, que se prepara para a t\u00e3o esperada internacionaliza\u00e7\u00e3o, tornando-se uma refer\u00eancia entre todos os aeroportos regionais do Brasil\u201d, completa. Com investimento de R$ 48 milh\u00f5es, o terminal foi ampliado de 3.600 metros quadrados para mais de 10 mil m\u00b2.<\/p>\n<figure id=\"attachment_462573\" aria-describedby=\"caption-attachment-462573\" style=\"width: 396px\" class=\"wp-caption alignright\"><img data-recalc-dims=\"1\" loading=\"lazy\" decoding=\"async\" class=\"wp-image-462573 lazyload\" src=\"https:\/\/i0.wp.com\/www.tribunaribeirao.com.br\/wp-content\/uploads\/2026\/04\/AeroCEE-Pol-Fernando-Gonzaga-300x200.jpg?resize=396%2C264&#038;ssl=1\" alt=\"\" width=\"396\" height=\"264\" srcset=\"https:\/\/www.tribunaribeirao.com.br\/wp-content\/uploads\/2026\/04\/AeroCEE-Pol-Fernando-Gonzaga-300x200.jpg 300w, https:\/\/www.tribunaribeirao.com.br\/wp-content\/uploads\/2026\/04\/AeroCEE-Pol-Fernando-Gonzaga-1024x682.jpg 1024w, https:\/\/www.tribunaribeirao.com.br\/wp-content\/uploads\/2026\/04\/AeroCEE-Pol-Fernando-Gonzaga-768x512.jpg 768w, https:\/\/www.tribunaribeirao.com.br\/wp-content\/uploads\/2026\/04\/AeroCEE-Pol-Fernando-Gonzaga-1536x1023.jpg 1536w, https:\/\/www.tribunaribeirao.com.br\/wp-content\/uploads\/2026\/04\/AeroCEE-Pol-Fernando-Gonzaga-480x320.jpg 480w, https:\/\/www.tribunaribeirao.com.br\/wp-content\/uploads\/2026\/04\/AeroCEE-Pol-Fernando-Gonzaga-280x186.jpg 280w, https:\/\/www.tribunaribeirao.com.br\/wp-content\/uploads\/2026\/04\/AeroCEE-Pol-Fernando-Gonzaga-960x640.jpg 960w, https:\/\/www.tribunaribeirao.com.br\/wp-content\/uploads\/2026\/04\/AeroCEE-Pol-Fernando-Gonzaga-600x400.jpg 600w, https:\/\/www.tribunaribeirao.com.br\/wp-content\/uploads\/2026\/04\/AeroCEE-Pol-Fernando-Gonzaga-585x390.jpg 585w, https:\/\/www.tribunaribeirao.com.br\/wp-content\/uploads\/2026\/04\/AeroCEE-Pol-Fernando-Gonzaga-scaled.jpg 1200w\" data-sizes=\"(max-width: 396px) 100vw, 396px\" style=\"--smush-placeholder-width: 396px; --smush-placeholder-aspect-ratio: 396\/264;\"\/><figcaption id=\"caption-attachment-462573\" class=\"wp-caption-text\">O CEO da Rede VOA, Marcel Moure, descerrou a placa de inaugura\u00e7\u00e3o<\/figcaption><\/figure>\n<p class=\"p1\">\nEntre os principais avan\u00e7os est\u00e3o a nova sala de desembarque, \u00e1reas de embarque mais amplas, al\u00e9m de uma estrutura inovadora em madeira no pr\u00e9-embarque \u2013 in\u00e9dita em aeroportos brasileiros. O projeto tamb\u00e9m inclui novos espa\u00e7os para embarque e desembarque dom\u00e9stico e internacional, passarela climatizada de interliga\u00e7\u00e3o e a moderniza\u00e7\u00e3o completa do terminal j\u00e1 existente.<\/p>\n<p>A amplia\u00e7\u00e3o melhora o fluxo de passageiros, amplia a capacidade de atendimento e proporciona mais conforto e agilidade nas opera\u00e7\u00f5es. Atualmente, o aeroporto \u00e9 o quarto maior do Estado de S\u00e3o Paulo em movimenta\u00e7\u00e3o de passageiros e, com as melhorias, est\u00e1 preparado para crescer de uma capacidade de 700 mil passageiros por ano para at\u00e9 1,5 milh\u00e3o at\u00e9 2028.<\/p>\n<p>Outro destaque \u00e9 a previs\u00e3o de retomada do terminal de carga, com in\u00edcio das opera\u00e7\u00f5es estimado para 2027, fortalecendo o potencial log\u00edstico e econ\u00f4mico do munic\u00edpio e da regi\u00e3o. Segundo a concession\u00e1ria Rede VOA, a expectativa \u00e9 que o aeroporto avance para a internacionaliza\u00e7\u00e3o de cargas a partir de 2027. J\u00e1 os voos de passageiros para outros pa\u00edses devem come\u00e7ar em 2028.<\/p>\n<p>Para o prefeito Ricardo Silva, a entrega representa uma conquista hist\u00f3rica para Ribeir\u00e3o Preto. \u201cEste \u00e9 um momento muito esperado pela nossa cidade. H\u00e1 mais de duas d\u00e9cadas, Ribeir\u00e3o Preto sonha com a internacionaliza\u00e7\u00e3o do seu aeroporto, e agora damos um passo concreto nessa dire\u00e7\u00e3o. Estamos falando de desenvolvimento, gera\u00e7\u00e3o de oportunidades e de uma cidade cada vez mais conectada com o Brasil e com o mundo\u201d, destacou.<\/p>\n<p>O projeto faz parte da segunda fase de melhorias no aeroporto, com o objetivo de ampliar seu potencial de opera\u00e7\u00e3o de voos no Brasil, bem como abrir possibilidades, nos pr\u00f3ximos anos, para rotas internacionais a partir do interior de S\u00e3o Paulo. O governador Tarc\u00edsio de Freitas (Reopublicanos), ao lado do prefeito Ricardo Silva(PSD), do CEO da Rede VOA, Marcel Moure, e de outras autoridades, acompanhou a cerim\u00f4nia.<\/p>\n<p>A interven\u00e7\u00e3o contemplou a amplia\u00e7\u00e3o das \u00e1reas operacionais e a requalifica\u00e7\u00e3o completa da estrutura existente, com foco na melhoria da experi\u00eancia dos usu\u00e1rios, maior efici\u00eancia operacional e ado\u00e7\u00e3o de solu\u00e7\u00f5es sustent\u00e1veis. As obras foram executadas pela concession\u00e1ria respons\u00e1vel pela gest\u00e3o do aeroporto.<\/p>\n<p>\u201cO novo Aeroporto Doutot Leite Lopes representa um marco na hist\u00f3ria da Rede VOA. Uma obra sustent\u00e1vel que ir\u00e1 n\u00e3o s\u00f3 aumentar seu tamanho e capacidade, mas principalmente oferecer o conforto que nossos passageiros merecem, com amplia\u00e7\u00e3o da sala de desembarque, entrega do desembarque internacional e v\u00e1rios empreendimentos comerciais no novo Boulevard\u201d. afirma o CEO da Rede VOA, Marcel Moure.<\/p>\n<p>\u201cEssa entrega marca o in\u00edcio de um novo aeroporto, que se prepara para a t\u00e3o esperada internacionaliza\u00e7\u00e3o, tornando-se uma refer\u00eancia entre todos os aeroportos regionais do Brasil\u201d, completa.<\/p>\n<\/div>\n<p><br \/>\n<br \/><a href=\"https:\/\/www.tribunaribeirao.com.br\/leite-lopes-inaugura-terminal\/\">Texto original daqui <\/a><\/p>\n<!-- CONTENT END 1 -->\n","protected":false},"excerpt":{"rendered":"<p>Novo terminal de passageiros do Aeroporto Leite Lopes foi inaugurado esta semana; obra custou R$ 48 milh\u00f5es Ribeir\u00e3o Preto passa a contar com um aeroporto&#8230;<\/p>\n","protected":false},"author":1,"featured_media":85345,"comment_status":"","ping_status":"","sticky":false,"template":"","format":"standard","meta":{"advanced_seo_description":"","jetpack_seo_html_title":"","jetpack_seo_noindex":false,"jetpack_post_was_ever_published":false,"_jetpack_newsletter_access":"","_jetpack_dont_email_post_to_subs":false,"_jetpack_newsletter_tier_id":0,"_jetpack_memberships_contains_paywalled_content":false,"_jetpack_memberships_contains_paid_content":false,"footnotes":"","jetpack_publicize_message":"","jetpack_publicize_feature_enabled":true,"jetpack_social_post_already_shared":true,"jetpack_social_options":{"image_generator_settings":{"template":"highway","default_image_id":0,"font":"","enabled":false},"version":2}},"categories":[11],"tags":[864,6029,3108,26,334,786],"class_list":["post-85344","post","type-post","status-publish","format-standard","has-post-thumbnail","hentry","category-noticias-de-ribeirao-preto-sp-e-regiao-ismael-colosi","tag-inaugura","tag-leite","tag-lopes","tag-ribeirao","tag-terminal","tag-tribuna"],"jetpack_publicize_connections":[],"jetpack_featured_media_url":"https:\/\/i0.wp.com\/noticiasribeiraopreto.com.br\/wp-content\/uploads\/2026\/04\/AeroCEE-Ter-Fernando-Gonzaga-scaled.jpg?fit=1200%2C800&ssl=1","jetpack-related-posts":[{"id":85311,"url":"https:\/\/noticiasribeiraopreto.com.br\/index.php\/2026\/04\/28\/entrega-das-obras-de-ampliacao-do-leite-lopes-acontece-hoje\/","url_meta":{"origin":85344,"position":0},"title":"Entrega das obras de amplia\u00e7\u00e3o do Leite Lopes acontece hoje &#8211; THMais","author":"noticiasribeiraopreto.com.br","date":"28 de April de 2026","format":false,"excerpt":"Um ano e tr\u00eas meses ap\u00f3s a aprova\u00e7\u00e3o do Plano de Gest\u00e3o de Infraestrutura (PGI), acontece na tarde desta ter\u00e7a-feira (28) a entrega das obras de amplia\u00e7\u00e3o do Aeroporto Leite Lopes, em Ribeir\u00e3o Preto.O aeroporto \u00e9 hoje o 4\u00ba maior do Estado de S\u00e3o Paulo em movimento de passageiros e\u2026","rel":"","context":"In &quot;Not\u00edcias de Ribeir\u00e3o Preto-SP e Regi\u00e3o&quot;","block_context":{"text":"Not\u00edcias de Ribeir\u00e3o Preto-SP e Regi\u00e3o","link":"https:\/\/noticiasribeiraopreto.com.br\/index.php\/category\/noticias-de-ribeirao-preto-sp-e-regiao-ismael-colosi\/"},"img":{"alt_text":"","src":"https:\/\/i0.wp.com\/noticiasribeiraopreto.com.br\/wp-content\/uploads\/2026\/04\/leite-lopes.jpeg?fit=1200%2C900&ssl=1&resize=350%2C200","width":350,"height":200,"srcset":"https:\/\/i0.wp.com\/noticiasribeiraopreto.com.br\/wp-content\/uploads\/2026\/04\/leite-lopes.jpeg?fit=1200%2C900&ssl=1&resize=350%2C200 1x, https:\/\/i0.wp.com\/noticiasribeiraopreto.com.br\/wp-content\/uploads\/2026\/04\/leite-lopes.jpeg?fit=1200%2C900&ssl=1&resize=525%2C300 1.5x, https:\/\/i0.wp.com\/noticiasribeiraopreto.com.br\/wp-content\/uploads\/2026\/04\/leite-lopes.jpeg?fit=1200%2C900&ssl=1&resize=700%2C400 2x, https:\/\/i0.wp.com\/noticiasribeiraopreto.com.br\/wp-content\/uploads\/2026\/04\/leite-lopes.jpeg?fit=1200%2C900&ssl=1&resize=1050%2C600 3x"},"classes":[]},{"id":63151,"url":"https:\/\/noticiasribeiraopreto.com.br\/index.php\/2025\/02\/04\/acesso-ao-aeroporto-de-ribeirao-preto-sera-alterado-por-conta-de-obras\/","url_meta":{"origin":85344,"position":1},"title":"Acesso ao aeroporto de Ribeir\u00e3o Preto ser\u00e1 alterado por conta de obras","author":"noticiasribeiraopreto.com.br","date":"4 de February de 2025","format":false,"excerpt":"A Rede Voa, concession\u00e1ria respons\u00e1vel pelo aeroporto Leite Lopes, em Ribeir\u00e3o Preto, informou que a partir desta quarta-feira (5) o acesso ao local sofrer\u00e1 altera\u00e7\u00f5es por conta das obras do novo Boulevard. De acordo com a concession\u00e1ria, o acesso de pessoas ao terminal de passageiros ser\u00e1 momentaneamente realizado pelo port\u00e3o\u2026","rel":"","context":"In &quot;Not\u00edcias de Ribeir\u00e3o Preto-SP e Regi\u00e3o&quot;","block_context":{"text":"Not\u00edcias de Ribeir\u00e3o Preto-SP e Regi\u00e3o","link":"https:\/\/noticiasribeiraopreto.com.br\/index.php\/category\/noticias-de-ribeirao-preto-sp-e-regiao-ismael-colosi\/"},"img":{"alt_text":"","src":"https:\/\/i0.wp.com\/noticiasribeiraopreto.com.br\/wp-content\/uploads\/2024\/04\/AnyConv.com__leite-lopes.webp.webp?fit=1019%2C572&ssl=1&resize=350%2C200","width":350,"height":200,"srcset":"https:\/\/i0.wp.com\/noticiasribeiraopreto.com.br\/wp-content\/uploads\/2024\/04\/AnyConv.com__leite-lopes.webp.webp?fit=1019%2C572&ssl=1&resize=350%2C200 1x, https:\/\/i0.wp.com\/noticiasribeiraopreto.com.br\/wp-content\/uploads\/2024\/04\/AnyConv.com__leite-lopes.webp.webp?fit=1019%2C572&ssl=1&resize=525%2C300 1.5x, https:\/\/i0.wp.com\/noticiasribeiraopreto.com.br\/wp-content\/uploads\/2024\/04\/AnyConv.com__leite-lopes.webp.webp?fit=1019%2C572&ssl=1&resize=700%2C400 2x"},"classes":[]},{"id":59867,"url":"https:\/\/noticiasribeiraopreto.com.br\/index.php\/2024\/10\/31\/apos-1-ano-saiba-a-situacao-das-obras-do-aeroporto-de-ribeirao-preto\/","url_meta":{"origin":85344,"position":2},"title":"Ap\u00f3s 1 ano: Saiba a situa\u00e7\u00e3o das obras do aeroporto de Ribeir\u00e3o Preto","author":"noticiasribeiraopreto.com.br","date":"31 de October de 2024","format":false,"excerpt":"Nesta sexta-feira (1\u00ba de novembro), completa-se um ano do in\u00edcio das obras de amplia\u00e7\u00e3o do aeroporto Leite Lopes, em Ribeir\u00e3o Preto. Contudo, pouca coisa andou desde o in\u00edcio dos trabalhos, que prev\u00ea a constru\u00e7\u00e3o de nova sala de embarque e desembarque, com um novo Boulevard. Segundo a Rede Voa, concession\u00e1ria\u2026","rel":"","context":"In &quot;Not\u00edcias de Ribeir\u00e3o Preto-SP e Regi\u00e3o&quot;","block_context":{"text":"Not\u00edcias de Ribeir\u00e3o Preto-SP e Regi\u00e3o","link":"https:\/\/noticiasribeiraopreto.com.br\/index.php\/category\/noticias-de-ribeirao-preto-sp-e-regiao-ismael-colosi\/"},"img":{"alt_text":"","src":"https:\/\/i0.wp.com\/noticiasribeiraopreto.com.br\/wp-content\/uploads\/2024\/10\/WhatsApp-Image-2023-09-18-at-14.49.44.jpeg?fit=1200%2C675&ssl=1&resize=350%2C200","width":350,"height":200,"srcset":"https:\/\/i0.wp.com\/noticiasribeiraopreto.com.br\/wp-content\/uploads\/2024\/10\/WhatsApp-Image-2023-09-18-at-14.49.44.jpeg?fit=1200%2C675&ssl=1&resize=350%2C200 1x, https:\/\/i0.wp.com\/noticiasribeiraopreto.com.br\/wp-content\/uploads\/2024\/10\/WhatsApp-Image-2023-09-18-at-14.49.44.jpeg?fit=1200%2C675&ssl=1&resize=525%2C300 1.5x, https:\/\/i0.wp.com\/noticiasribeiraopreto.com.br\/wp-content\/uploads\/2024\/10\/WhatsApp-Image-2023-09-18-at-14.49.44.jpeg?fit=1200%2C675&ssl=1&resize=700%2C400 2x, https:\/\/i0.wp.com\/noticiasribeiraopreto.com.br\/wp-content\/uploads\/2024\/10\/WhatsApp-Image-2023-09-18-at-14.49.44.jpeg?fit=1200%2C675&ssl=1&resize=1050%2C600 3x"},"classes":[]},{"id":77440,"url":"https:\/\/noticiasribeiraopreto.com.br\/index.php\/2025\/09\/18\/ampliacao-do-aeroporto-leite-lopes-deve-ser-concluida-ate-o-fim-de-2025-diz-rede-voa\/","url_meta":{"origin":85344,"position":3},"title":"Amplia\u00e7\u00e3o do aeroporto Leite Lopes deve ser conclu\u00edda at\u00e9 o fim de 2025, diz Rede Voa","author":"noticiasribeiraopreto.com.br","date":"18 de September de 2025","format":false,"excerpt":"As obras de amplia\u00e7\u00e3o do aeroporto Leite Lopes, em Ribeir\u00e3o Preto, completam dois anos em novembro de 2025 e, de acordo com a Rede Voa, concession\u00e1ria respons\u00e1vel pelo aer\u00f3dromo, a entrega est\u00e1 prevista para acontecer at\u00e9 o fim do ano. A pedido do acidade on, a Rede Voa informou que\u2026","rel":"","context":"In &quot;Not\u00edcias de Ribeir\u00e3o Preto-SP e Regi\u00e3o&quot;","block_context":{"text":"Not\u00edcias de Ribeir\u00e3o Preto-SP e Regi\u00e3o","link":"https:\/\/noticiasribeiraopreto.com.br\/index.php\/category\/noticias-de-ribeirao-preto-sp-e-regiao-ismael-colosi\/"},"img":{"alt_text":"","src":"https:\/\/i0.wp.com\/noticiasribeiraopreto.com.br\/wp-content\/uploads\/2025\/09\/WhatsApp-Image-2025-09-15-at-14.58.33-1_2025-09-18_20-20-22.webp.webp?fit=1200%2C623&ssl=1&resize=350%2C200","width":350,"height":200,"srcset":"https:\/\/i0.wp.com\/noticiasribeiraopreto.com.br\/wp-content\/uploads\/2025\/09\/WhatsApp-Image-2025-09-15-at-14.58.33-1_2025-09-18_20-20-22.webp.webp?fit=1200%2C623&ssl=1&resize=350%2C200 1x, https:\/\/i0.wp.com\/noticiasribeiraopreto.com.br\/wp-content\/uploads\/2025\/09\/WhatsApp-Image-2025-09-15-at-14.58.33-1_2025-09-18_20-20-22.webp.webp?fit=1200%2C623&ssl=1&resize=525%2C300 1.5x, https:\/\/i0.wp.com\/noticiasribeiraopreto.com.br\/wp-content\/uploads\/2025\/09\/WhatsApp-Image-2025-09-15-at-14.58.33-1_2025-09-18_20-20-22.webp.webp?fit=1200%2C623&ssl=1&resize=700%2C400 2x, https:\/\/i0.wp.com\/noticiasribeiraopreto.com.br\/wp-content\/uploads\/2025\/09\/WhatsApp-Image-2025-09-15-at-14.58.33-1_2025-09-18_20-20-22.webp.webp?fit=1200%2C623&ssl=1&resize=1050%2C600 3x"},"classes":[]},{"id":64601,"url":"https:\/\/noticiasribeiraopreto.com.br\/index.php\/2025\/03\/10\/aeroporto-de-ribeirao-preto-pode-receber-novo-centro-de-distribuicao-entenda\/","url_meta":{"origin":85344,"position":4},"title":"Aeroporto de Ribeir\u00e3o Preto pode receber novo centro de distribui\u00e7\u00e3o; Entenda","author":"noticiasribeiraopreto.com.br","date":"10 de March de 2025","format":false,"excerpt":"A Rede Voa, concession\u00e1ria respons\u00e1vel pelo Aeroporto Leite Lopes, apresentou ao prefeito Ricardo Silva (PSD), os projetos do novo Boulevard e a internacionaliza\u00e7\u00e3o do aeroporto de Ribeir\u00e3o Preto at\u00e9 2026. Entre as novidades, est\u00e1 a constru\u00e7\u00e3o de um novo Centro de Distribui\u00e7\u00e3o \u2013 saiba mais abaixo. O encontro entre o\u2026","rel":"","context":"In &quot;Not\u00edcias de Ribeir\u00e3o Preto-SP e Regi\u00e3o&quot;","block_context":{"text":"Not\u00edcias de Ribeir\u00e3o Preto-SP e Regi\u00e3o","link":"https:\/\/noticiasribeiraopreto.com.br\/index.php\/category\/noticias-de-ribeirao-preto-sp-e-regiao-ismael-colosi\/"},"img":{"alt_text":"","src":"https:\/\/i0.wp.com\/noticiasribeiraopreto.com.br\/wp-content\/uploads\/2024\/07\/WhatsApp-Image-2023-09-18-at-14.49.44-1068x601-1_2024-07-10_18-40-53_jpeg_2024-07-10_18-40-53.webp.webp?fit=1068%2C601&ssl=1&resize=350%2C200","width":350,"height":200,"srcset":"https:\/\/i0.wp.com\/noticiasribeiraopreto.com.br\/wp-content\/uploads\/2024\/07\/WhatsApp-Image-2023-09-18-at-14.49.44-1068x601-1_2024-07-10_18-40-53_jpeg_2024-07-10_18-40-53.webp.webp?fit=1068%2C601&ssl=1&resize=350%2C200 1x, https:\/\/i0.wp.com\/noticiasribeiraopreto.com.br\/wp-content\/uploads\/2024\/07\/WhatsApp-Image-2023-09-18-at-14.49.44-1068x601-1_2024-07-10_18-40-53_jpeg_2024-07-10_18-40-53.webp.webp?fit=1068%2C601&ssl=1&resize=525%2C300 1.5x, https:\/\/i0.wp.com\/noticiasribeiraopreto.com.br\/wp-content\/uploads\/2024\/07\/WhatsApp-Image-2023-09-18-at-14.49.44-1068x601-1_2024-07-10_18-40-53_jpeg_2024-07-10_18-40-53.webp.webp?fit=1068%2C601&ssl=1&resize=700%2C400 2x, https:\/\/i0.wp.com\/noticiasribeiraopreto.com.br\/wp-content\/uploads\/2024\/07\/WhatsApp-Image-2023-09-18-at-14.49.44-1068x601-1_2024-07-10_18-40-53_jpeg_2024-07-10_18-40-53.webp.webp?fit=1068%2C601&ssl=1&resize=1050%2C600 3x"},"classes":[]},{"id":34856,"url":"https:\/\/noticiasribeiraopreto.com.br\/index.php\/2024\/02\/03\/rp-tera-voos-internacionais-em-2025\/","url_meta":{"origin":85344,"position":5},"title":"RP ter\u00e1 voos internacionais em 2025\u00a0","author":"noticiasribeiraopreto.com.br","date":"3 de February de 2024","format":false,"excerpt":"An\u00fancio foi feito pelo CEO da Rede Voa, Marcel Moure, ao prefeito Duarte Nogueira: boulevard do Leite Lopes ser\u00e1 entregue este ano\u00a0 3 de fevereiro de 2024 | 18:002 de fevereiro de 2024 | 20:55 0Em uma reuni\u00e3o realizada no Centro Administrativo Prefeito Jos\u00e9 de Magalh\u00e3es, sede da prefeitura de\u2026","rel":"","context":"In &quot;Not\u00edcias de Ribeir\u00e3o Preto-SP e Regi\u00e3o&quot;","block_context":{"text":"Not\u00edcias de Ribeir\u00e3o Preto-SP e Regi\u00e3o","link":"https:\/\/noticiasribeiraopreto.com.br\/index.php\/category\/noticias-de-ribeirao-preto-sp-e-regiao-ismael-colosi\/"},"img":{"alt_text":"","src":"https:\/\/i0.wp.com\/noticiasribeiraopreto.com.br\/wp-content\/uploads\/2024\/02\/AeroCEE-Fernando-Gonzaga-02-scaled.jpg?fit=967%2C645&ssl=1&resize=350%2C200","width":350,"height":200,"srcset":"https:\/\/i0.wp.com\/noticiasribeiraopreto.com.br\/wp-content\/uploads\/2024\/02\/AeroCEE-Fernando-Gonzaga-02-scaled.jpg?fit=967%2C645&ssl=1&resize=350%2C200 1x, https:\/\/i0.wp.com\/noticiasribeiraopreto.com.br\/wp-content\/uploads\/2024\/02\/AeroCEE-Fernando-Gonzaga-02-scaled.jpg?fit=967%2C645&ssl=1&resize=525%2C300 1.5x, https:\/\/i0.wp.com\/noticiasribeiraopreto.com.br\/wp-content\/uploads\/2024\/02\/AeroCEE-Fernando-Gonzaga-02-scaled.jpg?fit=967%2C645&ssl=1&resize=700%2C400 2x"},"classes":[]}],"jetpack_sharing_enabled":true,"jetpack_shortlink":"https:\/\/wp.me\/peQAOb-mcw","_links":{"self":[{"href":"https:\/\/noticiasribeiraopreto.com.br\/index.php\/wp-json\/wp\/v2\/posts\/85344","targetHints":{"allow":["GET"]}}],"collection":[{"href":"https:\/\/noticiasribeiraopreto.com.br\/index.php\/wp-json\/wp\/v2\/posts"}],"about":[{"href":"https:\/\/noticiasribeiraopreto.com.br\/index.php\/wp-json\/wp\/v2\/types\/post"}],"author":[{"embeddable":true,"href":"https:\/\/noticiasribeiraopreto.com.br\/index.php\/wp-json\/wp\/v2\/users\/1"}],"replies":[{"embeddable":true,"href":"https:\/\/noticiasribeiraopreto.com.br\/index.php\/wp-json\/wp\/v2\/comments?post=85344"}],"version-history":[{"count":0,"href":"https:\/\/noticiasribeiraopreto.com.br\/index.php\/wp-json\/wp\/v2\/posts\/85344\/revisions"}],"wp:featuredmedia":[{"embeddable":true,"href":"https:\/\/noticiasribeiraopreto.com.br\/index.php\/wp-json\/wp\/v2\/media\/85345"}],"wp:attachment":[{"href":"https:\/\/noticiasribeiraopreto.com.br\/index.php\/wp-json\/wp\/v2\/media?parent=85344"}],"wp:term":[{"taxonomy":"category","embeddable":true,"href":"https:\/\/noticiasribeiraopreto.com.br\/index.php\/wp-json\/wp\/v2\/categories?post=85344"},{"taxonomy":"post_tag","embeddable":true,"href":"https:\/\/noticiasribeiraopreto.com.br\/index.php\/wp-json\/wp\/v2\/tags?post=85344"}],"curies":[{"name":"wp","href":"https:\/\/api.w.org\/{rel}","templated":true}]}}