{"id":85346,"date":"2026-04-30T08:28:11","date_gmt":"2026-04-30T11:28:11","guid":{"rendered":"https:\/\/noticiasribeiraopreto.com.br\/index.php\/2026\/04\/30\/tarifa-de-pedagio-sobe-411-em-rodovias-do-estado-de-sp\/"},"modified":"2026-04-30T08:28:11","modified_gmt":"2026-04-30T11:28:11","slug":"tarifa-de-pedagio-sobe-411-em-rodovias-do-estado-de-sp","status":"publish","type":"post","link":"https:\/\/noticiasribeiraopreto.com.br\/index.php\/2026\/04\/30\/tarifa-de-pedagio-sobe-411-em-rodovias-do-estado-de-sp\/","title":{"rendered":"Tarifa de ped\u00e1gio sobe 4,11% em rodovias do estado de SP"},"content":{"rendered":"<div class='code-block code-block-1' style='margin: 8px 0 8px auto; text-align: right; display: block; clear: both;'>\n<p><a href=\"https:\/\/wa.link\/vpicfd\"><img data-recalc-dims=\"1\" class=\"wp-image-4922\" style=\"aspect-ratio: 2.0253164556962027; width: 561px; height: auto;\" src=\"https:\/\/i0.wp.com\/ismaelcolosi.com.br\/wp-content\/uploads\/2023\/11\/grupo-de-empregos-whatsapp-e-facebook-ismael-colosi-vagas.jpg?ssl=1\" alt=\"\" \/><\/a><\/p>\n<!-- \/wp:image -->\n<\/div>\n<p> <br \/>\n<\/p>\n<div>\n<p class=\"p1\"><i>Aumento tem por base o IPCA acumulado nos \u00faltimos doze meses; EcoNoroeste administra dez pra\u00e7as na macrorregi\u00e3o de Ribeir\u00e3o Preto<\/i><\/p>\n<p>As tarifas de ped\u00e1gio nas rodovias administradas pela Ecovias Noroeste Paulista (EcoNoroeste) ser\u00e3o reajustadas em 4,11% a partir da zero hora desta sexta-feira, 1\u00ba de maio. O aumento tem por base o \u00cdndice de Pre\u00e7os ao Consumidor Amplo (IPCA) acumulado em doze meses \u2013 de abril de 2024 e mar\u00e7o de 2025. A concession\u00e1ria administra dez pra\u00e7as na macrorregi\u00e3o.<\/p>\n<p>O reajuste deste ano \u00e9 1,37 ponto percentual inferior aos 5,48% praticados em 2025. A atualiza\u00e7\u00e3o dos valores est\u00e1 prevista no contrato de concess\u00e3o firmado com o governo estadual e foi oficializada pela Ag\u00eancia Reguladora de Transportes do Estado de S\u00e3o Paulo (Artesp). Usu\u00e1rios que utilizam TAGs de pagamento autom\u00e1tico continuam a receber 5% de desconto no valor das tarifas.<\/p>\n<p>Em 1\u00ba de maio de 2023, o grupo EcoNoroeste assumiu a opera\u00e7\u00e3o das rodovias que antes eram administradas pela AB Tri\u00e2ngulo do Sol na macrorregi\u00e3o. Na \u00e9poca, as tarifas de ped\u00e1gio ficaram, em m\u00e9dia, 9% mais baratas. Ve\u00edculos equipados com sistemas autom\u00e1ticos de pagamento tiveram desconto adicional de 5%.<\/p>\n<p>No dia 1\u00ba de maio e 2024, por\u00e9m, as tarifas subiram 4,66% com base no IPCA. Em 3 de mar\u00e7o de 2025, tamb\u00e9m assumiu a gest\u00e3o das rodiovias que estavam sob administra\u00e7\u00e3o da Concession\u00e1ria de Rodovias Tebe S\/A. As pra\u00e7as de ped\u00e1gio da EcoNoroeste na macrorregi\u00e3o ficam na Washington Lu\u00eds (SP-310), em Araraquara; e Rodovia Brigadeiro Faria Lima (SP-326), em Tai\u00fava e Dobrada.<\/p>\n<p>A Ecovias Noroeste Paulista tamb\u00e9m administra a Rodovia Orlando Chesini Ometto (SP-323), em Monte Alto; Rodovia Carlos Tonani (SP-333), em Jaboticabal; Rodovia Laurentino Mascari (SP-333), em It\u00e1polis; e Rodovia Comendador Pedro Monteleone (SP-351), em Pirangi<\/p>\n<p>Na Washington Lu\u00eds, em Araraquara, a taxa para ve\u00edculos de passeio saltar\u00e1 de R$ 21,90 para R$ 22,80. Na Faria Lima, em Tai\u00fava, passar\u00e1 de R$ 9,80 para R$ 10,20, em Dobrada vai subir de R$ 10,80 para R$ 11,20 e em Colina ir\u00e1 de R$ 11,20 para R$ 11,70. Na Carlos Tonani, em Jaboticabal, subir\u00e1 de R$ 16,90 para R$ 17,60.<\/p>\n<p>Na Rodovia Laurentino Mascari, em It\u00e1polis, avan\u00e7ar\u00e1 de R$ 9,40 para R$ 9,70. Na Rodovia Comendador Pedro Monteleone (SP-351), em Pirangi, vai subir de R$ 12,30 para R$ 12,80; e na Rodovia Orlando Chesini Ometto (SP-323), em Monte Alto, vai de R$ 7,50 para R$ 7,80.<\/p>\n<p>Usu\u00e1rios que utilizam TAGs para pagamento e libera\u00e7\u00e3o autom\u00e1ticos com 5% de desconto v\u00e3o pagar R$ 21,66 em Araraquara, R$ 10,64 em Dobrada, R$ 9,69 em Tai\u00fava, R$ 16,72 em Jaboticabal, R$ 9,21 em It\u00e1polis, R$ 11,11 em Colina, R$ 7,41 em Monte Alto.e R$ 12,16 em Pirangi.<\/p>\n<p>As pra\u00e7as de Dobrada, Tai\u00fava, Jaboticabal e It\u00e1polis operam no sistema free flow, sem cabines f\u00edsicas de cobran\u00e7a. O usu\u00e1rio passa sem reduzir a velocidade e o valor \u00e9 cobrado eletronicamente. Motoristas com TAG ativa t\u00eam a cobran\u00e7a feita automaticamente.<\/p>\n<p>O governo federal, por meio do Minist\u00e9rio dos Transportes e do Conselho Nacional de Tr\u00e2nsito (Contran), anunciou nesta ter\u00e7a-feira, 28 de abril, a suspens\u00e3o das multas por evas\u00e3o de ped\u00e1gio free flow (sem pra\u00e7as de cobran\u00e7a f\u00edsica).<\/p>\n<p>As cobran\u00e7as ficar\u00e3o suspensas por 200 dias e voltar\u00e3o a valer depois desse per\u00edodo caso o motorista n\u00e3o quite o valor. A medida tamb\u00e9m vale para os condutores que j\u00e1 tinham multas antes da divulga\u00e7\u00e3o da suspens\u00e3o. Cerca de 3,4 milh\u00f5es de infra\u00e7\u00f5es de tr\u00e2nsito emitidas em decorr\u00eancia de ped\u00e1gios free flow em rodovias federais e estaduais seriam canceladas.<\/p>\n<p>Os motociclistas tamb\u00e9m contam com tarifa diferenciada nas pra\u00e7as da Ecovias Noroeste Paulista. As motos pagam, exatamente, metade do valor cobrado para ve\u00edculos de passeio em todos os ped\u00e1gios da concess\u00e3o.<br \/>Os novos valores para motos s\u00e3o de R$ 11,40 em Araraquara, R$ 5,60 em Dobrada, R$ 5,10 em Tai\u00fava, R$ 8,80 em Jaboticabal, R$ 4,90 em It\u00e1polis, R$ 5,80 em Colina, R$ 3,90 em Monte Alto e R$ 6,40 em Pirangi.<\/p>\n<p><span class=\"s2\"><b>Valor das tarifas na regi\u00e3o de Ribeir\u00e3o<br \/><\/b><\/span><b\/><\/p>\n<p class=\"p1\"><span class=\"s3\"><b>EcoNoroeste *<br \/><\/b><\/span><b>(carros de passeio)<\/b><br \/><b>Rodovia Washington Luis<br \/>(SP-310) em Araraquara<br \/><\/b>Tarifa para carros: R$ 22,80<br \/>Com desconto: R$ 21,66<br \/>Motos: R$ 11,40<br \/><b>Rodovia Carlos Tonanni<br \/>(SP-333) em Jaboticabal **<br \/><\/b>Tarifa para carros: R$ 17,60<br \/>Com desconto: R$ 16,72<br \/>Motos: R$ 8,80<br \/><b>Rodovia Laurentino Mascari<br \/>(SP-333) em It\u00e1polis **<\/b><br \/>Tarifa para carros: R$ 9,70<br \/>Com desconto: R$ 9,21<br \/>Motos: R$ 4,90<br \/><b>Rodovia Brigadeiro<br \/>Faria Lima (SP-326)<br \/>em Tai\u00fava**<br \/><\/b>Tarifa para carros: R$ 10,20<br \/>Com desconto: R$ 9,69<br \/>Motos: R$ 5,10<br \/><b>Rodovia Brigadeiro<br \/>Faria Lima (SP-326)<br \/>em Dobrada **<br \/><\/b>Tarifa para carros: R$ 11,20<br \/>Com desconto: R$ 10,64<br \/>Motos: R$ 5,60<br \/><b>Rodovia Brigadeiro<br \/>Faria Lima (SP-326)<br \/>em Colina<br \/><\/b>Tarifa para carros: R$ 11,70<br \/>Com desconto: R$ 11,11<br \/>Motos: R$ 5,80<b><br \/>Rodovia Laurentino<br \/>Mascari (SP-333),<br \/>em It\u00e1polis<br \/><\/b>Tarifa para carros: R$ 9,70<br \/>Com desconto: R$ 11,<br \/>Motos: R$ 4,90<b><br \/>Rodovia Comendador<br \/>Pedro Monteleone<br \/>(SP-351), em Pirangi<\/b><br \/>Tarifa para carros: R$ 12,80<br \/>Com desconto: R$ 12,16<br \/>Motos: R$ 6,40<br \/><b>Rodovia Orlando <\/b><br \/><b>Chesini Ometto (SP-323),<br \/>em Monte Alto<\/b><br \/>Tarifa para carros: R$ 7,80<br \/>Com desconto: R$ 7,41<br \/>Motos: R$ 3,90<br \/><b>* a partir de 1\u00ba de maio<br \/>** Free flow<\/b><\/p>\n<\/div>\n<p><br \/>\n<br \/><a href=\"https:\/\/www.tribunaribeirao.com.br\/tarifa-de-pedagio-sobe-411-em-rodovias-do-estado-de-sp\/\">Texto original daqui <\/a><\/p>\n<!-- CONTENT END 1 -->\n","protected":false},"excerpt":{"rendered":"<p>Aumento tem por base o IPCA acumulado nos \u00faltimos doze meses; EcoNoroeste administra dez pra\u00e7as na macrorregi\u00e3o de Ribeir\u00e3o Preto As tarifas de ped\u00e1gio nas&#8230;<\/p>\n","protected":false},"author":1,"featured_media":85347,"comment_status":"","ping_status":"","sticky":false,"template":"","format":"standard","meta":{"advanced_seo_description":"","jetpack_seo_html_title":"","jetpack_seo_noindex":false,"jetpack_post_was_ever_published":false,"_jetpack_newsletter_access":"","_jetpack_dont_email_post_to_subs":false,"_jetpack_newsletter_tier_id":0,"_jetpack_memberships_contains_paywalled_content":false,"_jetpack_memberships_contains_paid_content":false,"footnotes":"","jetpack_publicize_message":"","jetpack_publicize_feature_enabled":true,"jetpack_social_post_already_shared":true,"jetpack_social_options":{"image_generator_settings":{"template":"highway","default_image_id":0,"font":"","enabled":false},"version":2}},"categories":[11],"tags":[160,4087,1047,1352,1851],"class_list":["post-85346","post","type-post","status-publish","format-standard","has-post-thumbnail","hentry","category-noticias-de-ribeirao-preto-sp-e-regiao-ismael-colosi","tag-estado","tag-pedagio","tag-rodovias","tag-sobe","tag-tarifa"],"jetpack_publicize_connections":[],"jetpack_featured_media_url":"https:\/\/i0.wp.com\/noticiasribeiraopreto.com.br\/wp-content\/uploads\/2026\/04\/PedagioRP-Governo-de-Sao-Paulo-scaled.jpg?fit=1200%2C675&ssl=1","jetpack-related-posts":[{"id":50546,"url":"https:\/\/noticiasribeiraopreto.com.br\/index.php\/2024\/05\/16\/entenda-como-funciona-o-pedagio-sem-cancela-em-rodovias-do-interior-de-sp\/","url_meta":{"origin":85346,"position":0},"title":"Entenda como funciona o ped\u00e1gio sem cancela em rodovias do interior de SP","author":"noticiasribeiraopreto.com.br","date":"16 de May de 2024","format":false,"excerpt":"Motoristas de S\u00e3o Paulo devem se livrar da necessidade de parar em pra\u00e7as de ped\u00e1gio em breve. Isso porque algumas rodovias do interior do estado passar\u00e3o a receber o sistema Free Flow, que substituir\u00e1 os ped\u00e1gios de barreiras por p\u00f3rticos de cobran\u00e7a. De acordo com o governo de S\u00e3o Paulo,\u2026","rel":"","context":"In &quot;Not\u00edcias de Ribeir\u00e3o Preto-SP e Regi\u00e3o&quot;","block_context":{"text":"Not\u00edcias de Ribeir\u00e3o Preto-SP e Regi\u00e3o","link":"https:\/\/noticiasribeiraopreto.com.br\/index.php\/category\/noticias-de-ribeirao-preto-sp-e-regiao-ismael-colosi\/"},"img":{"alt_text":"","src":"https:\/\/i0.wp.com\/noticiasribeiraopreto.com.br\/wp-content\/uploads\/2024\/05\/FREE-FLOW.webp.webp?fit=1024%2C682&ssl=1&resize=350%2C200","width":350,"height":200,"srcset":"https:\/\/i0.wp.com\/noticiasribeiraopreto.com.br\/wp-content\/uploads\/2024\/05\/FREE-FLOW.webp.webp?fit=1024%2C682&ssl=1&resize=350%2C200 1x, https:\/\/i0.wp.com\/noticiasribeiraopreto.com.br\/wp-content\/uploads\/2024\/05\/FREE-FLOW.webp.webp?fit=1024%2C682&ssl=1&resize=525%2C300 1.5x, https:\/\/i0.wp.com\/noticiasribeiraopreto.com.br\/wp-content\/uploads\/2024\/05\/FREE-FLOW.webp.webp?fit=1024%2C682&ssl=1&resize=700%2C400 2x"},"classes":[]},{"id":68729,"url":"https:\/\/noticiasribeiraopreto.com.br\/index.php\/2025\/04\/28\/tarifas-de-pedagio-serao-reajustadas-no-interior-de-sp-veja-data-e-rodovias\/","url_meta":{"origin":85346,"position":1},"title":"Tarifas de ped\u00e1gio ser\u00e3o reajustadas no interior de SP; Veja data e rodovias","author":"noticiasribeiraopreto.com.br","date":"28 de April de 2025","format":false,"excerpt":"As tarifas de ped\u00e1gio de rodovias no interior de S\u00e3o Paulo ter\u00e3o reajuste a partir da meia-noite desta quinta-feira (1\u00ba). Segundo a concession\u00e1ria Ecovias Noroeste Paulista, os valores ter\u00e3o aumento de 5,48% com base no IPCA (\u00cdndice de Pre\u00e7os ao Consumidor Amplo), acumulado entre mar\u00e7o de 2024 e mar\u00e7o de\u2026","rel":"","context":"In &quot;Not\u00edcias de Ribeir\u00e3o Preto-SP e Regi\u00e3o&quot;","block_context":{"text":"Not\u00edcias de Ribeir\u00e3o Preto-SP e Regi\u00e3o","link":"https:\/\/noticiasribeiraopreto.com.br\/index.php\/category\/noticias-de-ribeirao-preto-sp-e-regiao-ismael-colosi\/"},"img":{"alt_text":"","src":"https:\/\/i0.wp.com\/noticiasribeiraopreto.com.br\/wp-content\/uploads\/2024\/04\/Copia-de-Copia-de-TAMANHO-EXATO-PARA-FOTOS-NO-SISTEMA-NOVO-19-1_2024-04-29_19-07-46_jpg.webp.webp?fit=1200%2C675&ssl=1&resize=350%2C200","width":350,"height":200,"srcset":"https:\/\/i0.wp.com\/noticiasribeiraopreto.com.br\/wp-content\/uploads\/2024\/04\/Copia-de-Copia-de-TAMANHO-EXATO-PARA-FOTOS-NO-SISTEMA-NOVO-19-1_2024-04-29_19-07-46_jpg.webp.webp?fit=1200%2C675&ssl=1&resize=350%2C200 1x, https:\/\/i0.wp.com\/noticiasribeiraopreto.com.br\/wp-content\/uploads\/2024\/04\/Copia-de-Copia-de-TAMANHO-EXATO-PARA-FOTOS-NO-SISTEMA-NOVO-19-1_2024-04-29_19-07-46_jpg.webp.webp?fit=1200%2C675&ssl=1&resize=525%2C300 1.5x, https:\/\/i0.wp.com\/noticiasribeiraopreto.com.br\/wp-content\/uploads\/2024\/04\/Copia-de-Copia-de-TAMANHO-EXATO-PARA-FOTOS-NO-SISTEMA-NOVO-19-1_2024-04-29_19-07-46_jpg.webp.webp?fit=1200%2C675&ssl=1&resize=700%2C400 2x, https:\/\/i0.wp.com\/noticiasribeiraopreto.com.br\/wp-content\/uploads\/2024\/04\/Copia-de-Copia-de-TAMANHO-EXATO-PARA-FOTOS-NO-SISTEMA-NOVO-19-1_2024-04-29_19-07-46_jpg.webp.webp?fit=1200%2C675&ssl=1&resize=1050%2C600 3x"},"classes":[]},{"id":68837,"url":"https:\/\/noticiasribeiraopreto.com.br\/index.php\/2025\/04\/29\/pedagios-da-regiao-tem-reajuste-de-548-a-partir-de-1o-de-maio\/","url_meta":{"origin":85346,"position":2},"title":"Ped\u00e1gios da regi\u00e3o t\u00eam reajuste de 5,48% a partir de 1\u00ba de maio","author":"noticiasribeiraopreto.com.br","date":"29 de April de 2025","format":false,"excerpt":"29 de abril de 2025 15:1529 de abril de 2025 15:119 Compartilhar0 As tarifas de ped\u00e1gio das rodovias administradas pela Ecovias Noroeste Paulista ser\u00e3o reajustadas em 5,48% a partir da meia-noite desta quinta-feira (1\u00ba). O aumento segue o \u00cdndice de Pre\u00e7os ao Consumidor Amplo (IPCA) acumulado entre mar\u00e7o de 2024\u2026","rel":"","context":"In &quot;Not\u00edcias de Ribeir\u00e3o Preto-SP e Regi\u00e3o&quot;","block_context":{"text":"Not\u00edcias de Ribeir\u00e3o Preto-SP e Regi\u00e3o","link":"https:\/\/noticiasribeiraopreto.com.br\/index.php\/category\/noticias-de-ribeirao-preto-sp-e-regiao-ismael-colosi\/"},"img":{"alt_text":"","src":"https:\/\/i0.wp.com\/noticiasribeiraopreto.com.br\/wp-content\/uploads\/2025\/04\/pedagio.jpg?fit=700%2C438&ssl=1&resize=350%2C200","width":350,"height":200,"srcset":"https:\/\/i0.wp.com\/noticiasribeiraopreto.com.br\/wp-content\/uploads\/2025\/04\/pedagio.jpg?fit=700%2C438&ssl=1&resize=350%2C200 1x, https:\/\/i0.wp.com\/noticiasribeiraopreto.com.br\/wp-content\/uploads\/2025\/04\/pedagio.jpg?fit=700%2C438&ssl=1&resize=525%2C300 1.5x, https:\/\/i0.wp.com\/noticiasribeiraopreto.com.br\/wp-content\/uploads\/2025\/04\/pedagio.jpg?fit=700%2C438&ssl=1&resize=700%2C400 2x"},"classes":[]},{"id":60212,"url":"https:\/\/noticiasribeiraopreto.com.br\/index.php\/2024\/11\/08\/pedagio-free-flow-12-mil-motoristas-sao-multados-por-falta-de-pagamento-no-interior-de-sp\/","url_meta":{"origin":85346,"position":3},"title":"Ped\u00e1gio free flow: 12 mil motoristas s\u00e3o multados por falta de pagamento no interior de SP","author":"noticiasribeiraopreto.com.br","date":"8 de November de 2024","format":false,"excerpt":"Mais de 12 mil motoristas ser\u00e3o multados por n\u00e3o pagar a tarifa do ped\u00e1gio eletr\u00f4nico, o ped\u00e1gio free flow, no primeiro m\u00eas de opera\u00e7\u00e3o no interior de S\u00e3o Paulo. O per\u00edodo considerado pela EcoNoroeste vai de 4 de setembro, quando come\u00e7ou a opera\u00e7\u00e3o com cobran\u00e7a, at\u00e9 4 de outubro. O\u2026","rel":"","context":"In &quot;Not\u00edcias de Ribeir\u00e3o Preto-SP e Regi\u00e3o&quot;","block_context":{"text":"Not\u00edcias de Ribeir\u00e3o Preto-SP e Regi\u00e3o","link":"https:\/\/noticiasribeiraopreto.com.br\/index.php\/category\/noticias-de-ribeirao-preto-sp-e-regiao-ismael-colosi\/"},"img":{"alt_text":"","src":"https:\/\/i0.wp.com\/noticiasribeiraopreto.com.br\/wp-content\/uploads\/2024\/09\/pedagio-free-flow_2024-09-02_16-33-58_jpg_2024-09-02_16-33-58.webp.webp?fit=1079%2C682&ssl=1&resize=350%2C200","width":350,"height":200,"srcset":"https:\/\/i0.wp.com\/noticiasribeiraopreto.com.br\/wp-content\/uploads\/2024\/09\/pedagio-free-flow_2024-09-02_16-33-58_jpg_2024-09-02_16-33-58.webp.webp?fit=1079%2C682&ssl=1&resize=350%2C200 1x, https:\/\/i0.wp.com\/noticiasribeiraopreto.com.br\/wp-content\/uploads\/2024\/09\/pedagio-free-flow_2024-09-02_16-33-58_jpg_2024-09-02_16-33-58.webp.webp?fit=1079%2C682&ssl=1&resize=525%2C300 1.5x, https:\/\/i0.wp.com\/noticiasribeiraopreto.com.br\/wp-content\/uploads\/2024\/09\/pedagio-free-flow_2024-09-02_16-33-58_jpg_2024-09-02_16-33-58.webp.webp?fit=1079%2C682&ssl=1&resize=700%2C400 2x, https:\/\/i0.wp.com\/noticiasribeiraopreto.com.br\/wp-content\/uploads\/2024\/09\/pedagio-free-flow_2024-09-02_16-33-58_jpg_2024-09-02_16-33-58.webp.webp?fit=1079%2C682&ssl=1&resize=1050%2C600 3x"},"classes":[]},{"id":60227,"url":"https:\/\/noticiasribeiraopreto.com.br\/index.php\/2024\/11\/08\/pedagio-free-flow-12-mil-motoristas-sao-multados-por-falta-de-pagamento-no-interior-de-sp-2\/","url_meta":{"origin":85346,"position":4},"title":"Ped\u00e1gio free flow: 12 mil motoristas s\u00e3o multados por falta de pagamento no interior de SP","author":"noticiasribeiraopreto.com.br","date":"8 de November de 2024","format":false,"excerpt":"Mais de 12 mil motoristas ser\u00e3o multados por n\u00e3o pagar a tarifa do ped\u00e1gio eletr\u00f4nico, o ped\u00e1gio free flow, no primeiro m\u00eas de opera\u00e7\u00e3o no interior de S\u00e3o Paulo. O per\u00edodo considerado pela EcoNoroeste vai de 4 de setembro, quando come\u00e7ou a opera\u00e7\u00e3o com cobran\u00e7a, at\u00e9 4 de outubro. O\u2026","rel":"","context":"In &quot;Not\u00edcias de Ribeir\u00e3o Preto-SP e Regi\u00e3o&quot;","block_context":{"text":"Not\u00edcias de Ribeir\u00e3o Preto-SP e Regi\u00e3o","link":"https:\/\/noticiasribeiraopreto.com.br\/index.php\/category\/noticias-de-ribeirao-preto-sp-e-regiao-ismael-colosi\/"},"img":{"alt_text":"","src":"https:\/\/i0.wp.com\/noticiasribeiraopreto.com.br\/wp-content\/uploads\/2024\/09\/pedagio-free-flow_2024-09-02_16-33-58_jpg_2024-09-02_16-33-58.webp.webp?fit=1079%2C682&ssl=1&resize=350%2C200","width":350,"height":200,"srcset":"https:\/\/i0.wp.com\/noticiasribeiraopreto.com.br\/wp-content\/uploads\/2024\/09\/pedagio-free-flow_2024-09-02_16-33-58_jpg_2024-09-02_16-33-58.webp.webp?fit=1079%2C682&ssl=1&resize=350%2C200 1x, https:\/\/i0.wp.com\/noticiasribeiraopreto.com.br\/wp-content\/uploads\/2024\/09\/pedagio-free-flow_2024-09-02_16-33-58_jpg_2024-09-02_16-33-58.webp.webp?fit=1079%2C682&ssl=1&resize=525%2C300 1.5x, https:\/\/i0.wp.com\/noticiasribeiraopreto.com.br\/wp-content\/uploads\/2024\/09\/pedagio-free-flow_2024-09-02_16-33-58_jpg_2024-09-02_16-33-58.webp.webp?fit=1079%2C682&ssl=1&resize=700%2C400 2x, https:\/\/i0.wp.com\/noticiasribeiraopreto.com.br\/wp-content\/uploads\/2024\/09\/pedagio-free-flow_2024-09-02_16-33-58_jpg_2024-09-02_16-33-58.webp.webp?fit=1079%2C682&ssl=1&resize=1050%2C600 3x"},"classes":[]},{"id":4847,"url":"https:\/\/noticiasribeiraopreto.com.br\/index.php\/2023\/11\/22\/tarifas-de-pedagios-no-interior-de-sp-sofrem-reajuste-veja-os-novos-valores\/","url_meta":{"origin":85346,"position":5},"title":"Tarifas de ped\u00e1gios no interior de SP sofrem reajuste; Veja os novos valores","author":"noticiasribeiraopreto.com.br","date":"22 de November de 2023","format":false,"excerpt":"As pra\u00e7as de ped\u00e1gio do interior de S\u00e3o Paulo em rodovias sob concess\u00e3o da Arteris\/ViaPaulista v\u00e3o sofrer reajustes nas tarifas a partir desta quinta-feira (23). Na regi\u00e3o de Ribeir\u00e3o Preto, seis pra\u00e7as de ped\u00e1gio ter\u00e3o novos valores nas rodovias Anhanguera (SP-330), C\u00e2ndido Portinati (SP-334), Ant\u00f4nio Machado Sant\u2019Anna (SP-255) e Engenheiro\u2026","rel":"","context":"In &quot;Not\u00edcias de Ribeir\u00e3o Preto-SP e Regi\u00e3o&quot;","block_context":{"text":"Not\u00edcias de Ribeir\u00e3o Preto-SP e Regi\u00e3o","link":"https:\/\/noticiasribeiraopreto.com.br\/index.php\/category\/noticias-de-ribeirao-preto-sp-e-regiao-ismael-colosi\/"},"img":{"alt_text":"","src":"https:\/\/i0.wp.com\/noticiasribeiraopreto.com.br\/wp-content\/uploads\/2023\/11\/pedagio-sp-scaled.jpg?fit=1200%2C825&ssl=1&resize=350%2C200","width":350,"height":200,"srcset":"https:\/\/i0.wp.com\/noticiasribeiraopreto.com.br\/wp-content\/uploads\/2023\/11\/pedagio-sp-scaled.jpg?fit=1200%2C825&ssl=1&resize=350%2C200 1x, https:\/\/i0.wp.com\/noticiasribeiraopreto.com.br\/wp-content\/uploads\/2023\/11\/pedagio-sp-scaled.jpg?fit=1200%2C825&ssl=1&resize=525%2C300 1.5x, https:\/\/i0.wp.com\/noticiasribeiraopreto.com.br\/wp-content\/uploads\/2023\/11\/pedagio-sp-scaled.jpg?fit=1200%2C825&ssl=1&resize=700%2C400 2x, https:\/\/i0.wp.com\/noticiasribeiraopreto.com.br\/wp-content\/uploads\/2023\/11\/pedagio-sp-scaled.jpg?fit=1200%2C825&ssl=1&resize=1050%2C600 3x"},"classes":[]}],"jetpack_sharing_enabled":true,"jetpack_shortlink":"https:\/\/wp.me\/peQAOb-mcy","_links":{"self":[{"href":"https:\/\/noticiasribeiraopreto.com.br\/index.php\/wp-json\/wp\/v2\/posts\/85346","targetHints":{"allow":["GET"]}}],"collection":[{"href":"https:\/\/noticiasribeiraopreto.com.br\/index.php\/wp-json\/wp\/v2\/posts"}],"about":[{"href":"https:\/\/noticiasribeiraopreto.com.br\/index.php\/wp-json\/wp\/v2\/types\/post"}],"author":[{"embeddable":true,"href":"https:\/\/noticiasribeiraopreto.com.br\/index.php\/wp-json\/wp\/v2\/users\/1"}],"replies":[{"embeddable":true,"href":"https:\/\/noticiasribeiraopreto.com.br\/index.php\/wp-json\/wp\/v2\/comments?post=85346"}],"version-history":[{"count":0,"href":"https:\/\/noticiasribeiraopreto.com.br\/index.php\/wp-json\/wp\/v2\/posts\/85346\/revisions"}],"wp:featuredmedia":[{"embeddable":true,"href":"https:\/\/noticiasribeiraopreto.com.br\/index.php\/wp-json\/wp\/v2\/media\/85347"}],"wp:attachment":[{"href":"https:\/\/noticiasribeiraopreto.com.br\/index.php\/wp-json\/wp\/v2\/media?parent=85346"}],"wp:term":[{"taxonomy":"category","embeddable":true,"href":"https:\/\/noticiasribeiraopreto.com.br\/index.php\/wp-json\/wp\/v2\/categories?post=85346"},{"taxonomy":"post_tag","embeddable":true,"href":"https:\/\/noticiasribeiraopreto.com.br\/index.php\/wp-json\/wp\/v2\/tags?post=85346"}],"curies":[{"name":"wp","href":"https:\/\/api.w.org\/{rel}","templated":true}]}}