{"id":85348,"date":"2026-04-30T08:30:23","date_gmt":"2026-04-30T11:30:23","guid":{"rendered":"https:\/\/noticiasribeiraopreto.com.br\/index.php\/2026\/04\/30\/usuarios-denunciam-falhas-em-nota-fiscal-eletronica\/"},"modified":"2026-04-30T08:30:23","modified_gmt":"2026-04-30T11:30:23","slug":"usuarios-denunciam-falhas-em-nota-fiscal-eletronica","status":"publish","type":"post","link":"https:\/\/noticiasribeiraopreto.com.br\/index.php\/2026\/04\/30\/usuarios-denunciam-falhas-em-nota-fiscal-eletronica\/","title":{"rendered":"Usu\u00e1rios denunciam \u2028falhas em nota fiscal eletr\u00f4nica"},"content":{"rendered":"<div class='code-block code-block-1' style='margin: 8px 0 8px auto; text-align: right; display: block; clear: both;'>\n<p><a href=\"https:\/\/wa.link\/vpicfd\"><img data-recalc-dims=\"1\" class=\"wp-image-4922\" style=\"aspect-ratio: 2.0253164556962027; width: 561px; height: auto;\" src=\"https:\/\/i0.wp.com\/ismaelcolosi.com.br\/wp-content\/uploads\/2023\/11\/grupo-de-empregos-whatsapp-e-facebook-ismael-colosi-vagas.jpg?ssl=1\" alt=\"\" \/><\/a><\/p>\n<!-- \/wp:image -->\n<\/div>\n<p> <br \/>\n<\/p>\n<div id=\"\">&#13;<br \/>\n\t\t\t\t\t\t\t\t&#13;<\/p>\n<p>&#13;<br \/>\n\t\t\t\t\t\t\t\t\t<span class=\"entry-meta-item penci-posted-on\"><i class=\"fa fa-clock-o\"\/><time class=\"entry-date published updated\" datetime=\"2026-04-30T08:29:31-03:00\">30 de abril de 2026 08:29<\/time><\/span><span class=\"entry-meta-item penci-post-countview\"\/>\t\t\t\t\t\t\t\t<\/p>\n<p><!-- .entry-meta -->&#13;<br \/>\n\t\t\t\t\t\t\t\t<span class=\"penci-social-buttons penci-social-share-footer\"><span class=\"penci-social-share-text\">Compartilhar<\/span><a href=\"#\" class=\"penci-post-like penci_post-meta_item  single-like-button penci-social-item like\" data-post_id=\"462584\" title=\"Like\" data-like=\"Like\" data-unlike=\"Unlike\"><i class=\"fa fa-thumbs-o-up\"\/><span class=\"penci-share-number\">0<\/span><\/a><i class=\"fa fa-facebook\"\/><a class=\"penci-social-item twitter\" target=\"_blank\" rel=\"noopener\" title=\"\" href=\"https:\/\/twitter.com\/intent\/tweet?text=Usu\u00e1rios%20denunciam%20\u2028falhas%20em%20nota%20fiscal%20eletr\u00f4nica%20-%20https:\/\/www.tribunaribeirao.com.br\/usuarios-denunciam-falhas-em-nota-fiscal-eletronica\/\"><i class=\"fa fa-twitter\"\/><\/a><i class=\"fa fa-linkedin\"\/><i class=\"fa fa-whatsapp\"\/><i class=\"fa fa-telegram\"\/><i class=\"fa fa-envelope\"\/><\/span>\t\t\t\t\t\t\t<\/div>\n<div>\n<p class=\"p1\"><i>Secretaria da Fazenda afirma que o sistema de emiss\u00e3o da Nota Fiscal Eletr\u00f4nica passa por processo de atualiza\u00e7\u00e3o<\/i><\/p>\n<p>Usu\u00e1rios do sistema de Nota Fiscal Eletr\u00f4nica entraram em contato com o Tribuna para reclamar de dificuldades na emiss\u00e3o do documento devido a mudan\u00e7as no Web Service da empresa Nota Control, que presta servi\u00e7o para a prefeitura de Ribeir\u00e3o Preto.<\/p>\n<p>Um dos operadores, a Nota RP, que presta servi\u00e7os de emiss\u00e3o de nota fiscal em Ribeir\u00e3o Preto, por exemplo, tem informado a seus clientes que a partir desta quinta-feira, 30 de abril, o sistema poder\u00e1 ter instabilidade devido a poss\u00edvel desligamento do atual Web Service.<\/p>\n<p>A mudan\u00e7a teria sido anunciada pela Nota Control. Todo cliente da empresa quando tenta emitir uma Nota Fiscal Eletr\u00f4nica recebe uma mensagem com esta informa\u00e7\u00e3o. Procurada, a prefeitura de Ribeir\u00e3o Preto informou, por meio da Secretaria da Fazenda, que o sistema de emiss\u00e3o da Nota Fiscal de Servi\u00e7os Eletr\u00f4nica (NFS-e) passa por um processo de atualiza\u00e7\u00e3o em seu layout e funcionamento.<\/p>\n<p>\u201cA medida tem como objetivo adequar o munic\u00edpio \u00e0s regras estabelecidas pela reforma tribut\u00e1ria do consumo e ao novo padr\u00e3o nacional de emiss\u00e3o de notas fiscais de servi\u00e7os\u201d, diz. Tamb\u00e9m nega o desligamento do atual Web Servide nesta quinta-feira.<\/p>\n<p>Entre as principais mudan\u00e7as est\u00e1 a altera\u00e7\u00e3o no processo de sele\u00e7\u00e3o dos itens no momento da emiss\u00e3o da nota. Anteriormente, era necess\u00e1rio informar o CNAE, o item da Lista de Servi\u00e7os (LC) e a atividade municipal (ISS). Com a atualiza\u00e7\u00e3o, passa a ser obrigat\u00f3ria a sele\u00e7\u00e3o da atividade municipal (ISS), do C\u00f3digo de Tributa\u00e7\u00e3o Nacional e da Nomenclatura Brasileira de Servi\u00e7os (NBS).<\/p>\n<p>A prefeitura esclarece que os CNAEs permanecem vinculados ao cadastro da empresa, sem altera\u00e7\u00f5es. A mudan\u00e7a ocorre exclusivamente na etapa de emiss\u00e3o das notas fiscais, com a ado\u00e7\u00e3o de novos c\u00f3digos alinhados ao padr\u00e3o nacional.<\/p>\n<p>Em raz\u00e3o da atualiza\u00e7\u00e3o, os cadastros foram automaticamente padronizados. No entanto, caso o contribuinte encontre dificuldades para emitir notas fiscais, poder\u00e1 ser necess\u00e1rio realizar ajustes cadastrais junto aos \u00f3rg\u00e3os competentes.<\/p>\n<p>As atividades municipais e seus respectivos c\u00f3digos podem ser consultados no sistema ISS.net Online, no menu \u201cOutras Op\u00e7\u00f5es\u201d e, em seguida, \u201cFicha Cadastral\u201d. \u00c9 permitido apenas o uso de atividades relacionadas \u00e0 presta\u00e7\u00e3o de servi\u00e7os e que n\u00e3o possuam vig\u00eancia final determinada.<\/p>\n<p>A prefeitura orienta que d\u00favidas espec\u00edficas sobre a escolha do C\u00f3digo de Tributa\u00e7\u00e3o Nacional ou da NBS sejam esclarecidas com o contador respons\u00e1vel pela empresa, garantindo o correto enquadramento fiscal.<\/p>\n<\/div>\n<p><script async src=\"\/\/platform.twitter.com\/widgets.js\" charset=\"utf-8\"><\/script><br \/>\n<br \/><br \/>\n<br \/><a href=\"https:\/\/www.tribunaribeirao.com.br\/usuarios-denunciam-falhas-em-nota-fiscal-eletronica\/\">Texto original daqui <\/a><\/p>\n<!-- CONTENT END 1 -->\n","protected":false},"excerpt":{"rendered":"<p>&#13; &#13; &#13; 30 de abril de 2026 08:29 &#13; Compartilhar0 Secretaria da Fazenda afirma que o sistema de emiss\u00e3o da Nota Fiscal Eletr\u00f4nica passa&#8230;<\/p>\n","protected":false},"author":1,"featured_media":85349,"comment_status":"","ping_status":"","sticky":false,"template":"","format":"standard","meta":{"advanced_seo_description":"","jetpack_seo_html_title":"","jetpack_seo_noindex":false,"jetpack_post_was_ever_published":false,"_jetpack_newsletter_access":"","_jetpack_dont_email_post_to_subs":false,"_jetpack_newsletter_tier_id":0,"_jetpack_memberships_contains_paywalled_content":false,"_jetpack_memberships_contains_paid_content":false,"footnotes":"","jetpack_publicize_message":"","jetpack_publicize_feature_enabled":true,"jetpack_social_post_already_shared":true,"jetpack_social_options":{"image_generator_settings":{"template":"highway","default_image_id":0,"font":"","enabled":false},"version":2}},"categories":[11],"tags":[3662,562,3095,1541,1084,2728],"class_list":["post-85348","post","type-post","status-publish","format-standard","has-post-thumbnail","hentry","category-noticias-de-ribeirao-preto-sp-e-regiao-ismael-colosi","tag-denunciam","tag-eletronica","tag-falhas","tag-fiscal","tag-nota","tag-usuarios"],"jetpack_publicize_connections":[],"jetpack_featured_media_url":"https:\/\/i0.wp.com\/noticiasribeiraopreto.com.br\/wp-content\/uploads\/2026\/04\/Control-Fernando-Gonzaga-scaled.jpg?fit=1200%2C800&ssl=1","jetpack-related-posts":[{"id":75406,"url":"https:\/\/noticiasribeiraopreto.com.br\/index.php\/2025\/08\/08\/prefeitura-atualizara-nota-fiscal-eletronica\/","url_meta":{"origin":85348,"position":0},"title":"Prefeitura atualizar\u00e1 Nota Fiscal Eletr\u00f4nica","author":"noticiasribeiraopreto.com.br","date":"8 de August de 2025","format":false,"excerpt":"8 de agosto de 2025 12:008 de agosto de 2025 09:226 Compartilhar0 A prefeitura de Ribeir\u00e3o Preto, por meio da Secretaria da Fazenda, realizar\u00e1 ajustes no sistema da Nota Fiscal de Servi\u00e7os Eletr\u00f4nica (NFS-e), com o objetivo de adequar o modelo atual do documento fiscal \u00e0s novas exig\u00eancias previstas na\u2026","rel":"","context":"In &quot;Not\u00edcias de Ribeir\u00e3o Preto-SP e Regi\u00e3o&quot;","block_context":{"text":"Not\u00edcias de Ribeir\u00e3o Preto-SP e Regi\u00e3o","link":"https:\/\/noticiasribeiraopreto.com.br\/index.php\/category\/noticias-de-ribeirao-preto-sp-e-regiao-ismael-colosi\/"},"img":{"alt_text":"","src":"https:\/\/i0.wp.com\/noticiasribeiraopreto.com.br\/wp-content\/uploads\/2025\/08\/Nota-Guilherme-Sircili-scaled.jpg?fit=1171%2C780&ssl=1&resize=350%2C200","width":350,"height":200,"srcset":"https:\/\/i0.wp.com\/noticiasribeiraopreto.com.br\/wp-content\/uploads\/2025\/08\/Nota-Guilherme-Sircili-scaled.jpg?fit=1171%2C780&ssl=1&resize=350%2C200 1x, https:\/\/i0.wp.com\/noticiasribeiraopreto.com.br\/wp-content\/uploads\/2025\/08\/Nota-Guilherme-Sircili-scaled.jpg?fit=1171%2C780&ssl=1&resize=525%2C300 1.5x, https:\/\/i0.wp.com\/noticiasribeiraopreto.com.br\/wp-content\/uploads\/2025\/08\/Nota-Guilherme-Sircili-scaled.jpg?fit=1171%2C780&ssl=1&resize=700%2C400 2x, https:\/\/i0.wp.com\/noticiasribeiraopreto.com.br\/wp-content\/uploads\/2025\/08\/Nota-Guilherme-Sircili-scaled.jpg?fit=1171%2C780&ssl=1&resize=1050%2C600 3x"},"classes":[]},{"id":29420,"url":"https:\/\/noticiasribeiraopreto.com.br\/index.php\/2024\/01\/18\/com-falta-dagua-moradores-de-ribeirao-denunciam-vazamento-de-agua-limpa\/","url_meta":{"origin":85348,"position":1},"title":"Moradores de Ribeir\u00e3o denunciam vazamento de \u00e1gua limpa","author":"noticiasribeiraopreto.com.br","date":"18 de January de 2024","format":false,"excerpt":"Um vazamento de \u00e1gua limpa na rua Ant\u00f4nia Pimentel da Silva, no Paulo Gomes Romeo, na zona Oeste de Ribeir\u00e3o Preto, preocupa os moradores do bairro, em raz\u00e3o da falta d\u2019\u00e1gua nas resid\u00eancias. \u00a0 Os moradores relata que o vazamento de \u00e1gua limpa acontece h\u00e1 mais de 30 dias. Por\u2026","rel":"","context":"In &quot;Not\u00edcias de Ribeir\u00e3o Preto-SP e Regi\u00e3o&quot;","block_context":{"text":"Not\u00edcias de Ribeir\u00e3o Preto-SP e Regi\u00e3o","link":"https:\/\/noticiasribeiraopreto.com.br\/index.php\/category\/noticias-de-ribeirao-preto-sp-e-regiao-ismael-colosi\/"},"img":{"alt_text":"","src":"https:\/\/i0.wp.com\/noticiasribeiraopreto.com.br\/wp-content\/uploads\/2024\/01\/FOTO-CARDS.jpg?fit=640%2C500&ssl=1&resize=350%2C200","width":350,"height":200,"srcset":"https:\/\/i0.wp.com\/noticiasribeiraopreto.com.br\/wp-content\/uploads\/2024\/01\/FOTO-CARDS.jpg?fit=640%2C500&ssl=1&resize=350%2C200 1x, https:\/\/i0.wp.com\/noticiasribeiraopreto.com.br\/wp-content\/uploads\/2024\/01\/FOTO-CARDS.jpg?fit=640%2C500&ssl=1&resize=525%2C300 1.5x"},"classes":[]},{"id":66472,"url":"https:\/\/noticiasribeiraopreto.com.br\/index.php\/2025\/04\/01\/notas-fiscais-eletronicas-por-meis-veja-o-que-muda-com-novas-regras\/","url_meta":{"origin":85348,"position":2},"title":"Notas fiscais eletr\u00f4nicas por MEIs: veja o que muda com novas regras","author":"noticiasribeiraopreto.com.br","date":"1 de April de 2025","format":false,"excerpt":"As novas regras para emiss\u00e3o eletr\u00f4nica de notas fiscais por MEIs (Microempreendedores Individuais) come\u00e7aram a valer nesta ter\u00e7a-feira (1\u00ba de abril). A mudan\u00e7a \u00e9 v\u00e1lida para empreendedores que compram ou vendem produtos e est\u00e3o relacionadas \u00e0 necessidade de atualiza\u00e7\u00e3o de dados e c\u00f3digos no sistema. As novas regras valem para\u2026","rel":"","context":"In &quot;Not\u00edcias de Ribeir\u00e3o Preto-SP e Regi\u00e3o&quot;","block_context":{"text":"Not\u00edcias de Ribeir\u00e3o Preto-SP e Regi\u00e3o","link":"https:\/\/noticiasribeiraopreto.com.br\/index.php\/category\/noticias-de-ribeirao-preto-sp-e-regiao-ismael-colosi\/"},"img":{"alt_text":"","src":"https:\/\/i0.wp.com\/noticiasribeiraopreto.com.br\/wp-content\/uploads\/2025\/04\/MEIs_2025-04-01_19-42-35_jpg_2025-04-01_19-42-35.webp.webp?fit=1165%2C701&ssl=1&resize=350%2C200","width":350,"height":200,"srcset":"https:\/\/i0.wp.com\/noticiasribeiraopreto.com.br\/wp-content\/uploads\/2025\/04\/MEIs_2025-04-01_19-42-35_jpg_2025-04-01_19-42-35.webp.webp?fit=1165%2C701&ssl=1&resize=350%2C200 1x, https:\/\/i0.wp.com\/noticiasribeiraopreto.com.br\/wp-content\/uploads\/2025\/04\/MEIs_2025-04-01_19-42-35_jpg_2025-04-01_19-42-35.webp.webp?fit=1165%2C701&ssl=1&resize=525%2C300 1.5x, https:\/\/i0.wp.com\/noticiasribeiraopreto.com.br\/wp-content\/uploads\/2025\/04\/MEIs_2025-04-01_19-42-35_jpg_2025-04-01_19-42-35.webp.webp?fit=1165%2C701&ssl=1&resize=700%2C400 2x, https:\/\/i0.wp.com\/noticiasribeiraopreto.com.br\/wp-content\/uploads\/2025\/04\/MEIs_2025-04-01_19-42-35_jpg_2025-04-01_19-42-35.webp.webp?fit=1165%2C701&ssl=1&resize=1050%2C600 3x"},"classes":[]},{"id":29558,"url":"https:\/\/noticiasribeiraopreto.com.br\/index.php\/2024\/01\/18\/nubank-fora-do-ar-usuarios-reclamam-de-instabilidade-no-aplicativo-e-cartao-digital-e-banco-responde-sobre-a-falha\/","url_meta":{"origin":85348,"position":3},"title":"Nubank fora do ar? Usu\u00e1rios reclamam de instabilidade no aplicativo e cart\u00e3o digital \u2014 e banco responde sobre a falha","author":"noticiasribeiraopreto.com.br","date":"18 de January de 2024","format":false,"excerpt":"O \"quintou\" dos clientes do Nubank ter\u00e1 que ser adiado. Diversos usu\u00e1rios relatam dificuldades para acessar o aplicativo do banco digital no final da tarde desta quinta-feira (18). Os problemas na plataforma nos dispositivos m\u00f3veis come\u00e7aram por volta das 16h32 de hoje, de acordo com dados do site DownDetector. A\u2026","rel":"","context":"In &quot;Dinheiro e Investimento&quot;","block_context":{"text":"Dinheiro e Investimento","link":"https:\/\/noticiasribeiraopreto.com.br\/index.php\/category\/dinheiro-e-investimento-como-fazer-como-ganhar\/"},"img":{"alt_text":"","src":"https:\/\/i0.wp.com\/noticiasribeiraopreto.com.br\/wp-content\/uploads\/2024\/01\/Sede-do-Nubank-715x402.jpg?fit=715%2C402&ssl=1&resize=350%2C200","width":350,"height":200,"srcset":"https:\/\/i0.wp.com\/noticiasribeiraopreto.com.br\/wp-content\/uploads\/2024\/01\/Sede-do-Nubank-715x402.jpg?fit=715%2C402&ssl=1&resize=350%2C200 1x, https:\/\/i0.wp.com\/noticiasribeiraopreto.com.br\/wp-content\/uploads\/2024\/01\/Sede-do-Nubank-715x402.jpg?fit=715%2C402&ssl=1&resize=525%2C300 1.5x, https:\/\/i0.wp.com\/noticiasribeiraopreto.com.br\/wp-content\/uploads\/2024\/01\/Sede-do-Nubank-715x402.jpg?fit=715%2C402&ssl=1&resize=700%2C400 2x"},"classes":[]},{"id":80248,"url":"https:\/\/noticiasribeiraopreto.com.br\/index.php\/2025\/11\/18\/sem-internet-entenda-falha-generalizada-que-tirou-sites-do-ar\/","url_meta":{"origin":85348,"position":4},"title":"Sem internet? Entenda falha generalizada que tirou sites do ar","author":"noticiasribeiraopreto.com.br","date":"18 de November de 2025","format":false,"excerpt":"Desde as 9h desta ter\u00e7a-feira (18), usu\u00e1rios enfrentam dificuldades no acesso a grandes plataformas digitais. O X (antigo Twitter), o servi\u00e7o de intelig\u00eancia artificial ChatGPT, a ferramenta de design Canva e a varejista Amazon est\u00e3o entre as centenas de sites indispon\u00edveis. Reprodu\u00e7\u00e3o\/ChatGPT A dimens\u00e3o do problema \u00e9 significativa. O pr\u00f3prio\u2026","rel":"","context":"In &quot;Not\u00edcias de Ribeir\u00e3o Preto-SP e Regi\u00e3o&quot;","block_context":{"text":"Not\u00edcias de Ribeir\u00e3o Preto-SP e Regi\u00e3o","link":"https:\/\/noticiasribeiraopreto.com.br\/index.php\/category\/noticias-de-ribeirao-preto-sp-e-regiao-ismael-colosi\/"},"img":{"alt_text":"","src":"https:\/\/i0.wp.com\/noticiasribeiraopreto.com.br\/wp-content\/uploads\/2025\/06\/Copia-de-Copia-de-Copia-de-TAMANHO-EXATO-PARA-FOTOS-NO-SISTEMA-NOVO-2025-06-11T194516.435_2025-06-11_22-46-10.webp.webp?fit=1200%2C675&ssl=1&resize=350%2C200","width":350,"height":200,"srcset":"https:\/\/i0.wp.com\/noticiasribeiraopreto.com.br\/wp-content\/uploads\/2025\/06\/Copia-de-Copia-de-Copia-de-TAMANHO-EXATO-PARA-FOTOS-NO-SISTEMA-NOVO-2025-06-11T194516.435_2025-06-11_22-46-10.webp.webp?fit=1200%2C675&ssl=1&resize=350%2C200 1x, https:\/\/i0.wp.com\/noticiasribeiraopreto.com.br\/wp-content\/uploads\/2025\/06\/Copia-de-Copia-de-Copia-de-TAMANHO-EXATO-PARA-FOTOS-NO-SISTEMA-NOVO-2025-06-11T194516.435_2025-06-11_22-46-10.webp.webp?fit=1200%2C675&ssl=1&resize=525%2C300 1.5x, https:\/\/i0.wp.com\/noticiasribeiraopreto.com.br\/wp-content\/uploads\/2025\/06\/Copia-de-Copia-de-Copia-de-TAMANHO-EXATO-PARA-FOTOS-NO-SISTEMA-NOVO-2025-06-11T194516.435_2025-06-11_22-46-10.webp.webp?fit=1200%2C675&ssl=1&resize=700%2C400 2x, https:\/\/i0.wp.com\/noticiasribeiraopreto.com.br\/wp-content\/uploads\/2025\/06\/Copia-de-Copia-de-Copia-de-TAMANHO-EXATO-PARA-FOTOS-NO-SISTEMA-NOVO-2025-06-11T194516.435_2025-06-11_22-46-10.webp.webp?fit=1200%2C675&ssl=1&resize=1050%2C600 3x"},"classes":[]},{"id":64194,"url":"https:\/\/noticiasribeiraopreto.com.br\/index.php\/2025\/03\/04\/moradores-do-jardim-progresso-denunciam-falta-de-agua-ha-uma-semana-em-ribeirao-preto\/","url_meta":{"origin":85348,"position":5},"title":"Moradores do Jardim Progresso Denunciam Falta de \u00c1gua H\u00e1 Uma Semana em Ribeir\u00e3o Preto","author":"noticiasribeiraopreto.com.br","date":"4 de March de 2025","format":false,"excerpt":"Moradores do Jardim Progresso, localizado na zona oeste de Ribeir\u00e3o Preto, est\u00e3o enfrentando uma situa\u00e7\u00e3o cr\u00edtica: a falta de \u00e1gua j\u00e1 dura uma semana. A interrup\u00e7\u00e3o no abastecimento vem afetando o dia a dia dos residentes, que relatam dificuldades para realizar atividades b\u00e1sicas, como higiene pessoal, preparo de alimentos e\u2026","rel":"","context":"In &quot;Not\u00edcias de Ribeir\u00e3o Preto-SP e Regi\u00e3o&quot;","block_context":{"text":"Not\u00edcias de Ribeir\u00e3o Preto-SP e Regi\u00e3o","link":"https:\/\/noticiasribeiraopreto.com.br\/index.php\/category\/noticias-de-ribeirao-preto-sp-e-regiao-ismael-colosi\/"},"img":{"alt_text":"","src":"https:\/\/i0.wp.com\/noticiasribeiraopreto.com.br\/wp-content\/uploads\/2025\/03\/torneira_de_agua.webp.webp?fit=1170%2C700&ssl=1&resize=350%2C200","width":350,"height":200,"srcset":"https:\/\/i0.wp.com\/noticiasribeiraopreto.com.br\/wp-content\/uploads\/2025\/03\/torneira_de_agua.webp.webp?fit=1170%2C700&ssl=1&resize=350%2C200 1x, https:\/\/i0.wp.com\/noticiasribeiraopreto.com.br\/wp-content\/uploads\/2025\/03\/torneira_de_agua.webp.webp?fit=1170%2C700&ssl=1&resize=525%2C300 1.5x, https:\/\/i0.wp.com\/noticiasribeiraopreto.com.br\/wp-content\/uploads\/2025\/03\/torneira_de_agua.webp.webp?fit=1170%2C700&ssl=1&resize=700%2C400 2x, https:\/\/i0.wp.com\/noticiasribeiraopreto.com.br\/wp-content\/uploads\/2025\/03\/torneira_de_agua.webp.webp?fit=1170%2C700&ssl=1&resize=1050%2C600 3x"},"classes":[]}],"jetpack_sharing_enabled":true,"jetpack_shortlink":"https:\/\/wp.me\/peQAOb-mcA","_links":{"self":[{"href":"https:\/\/noticiasribeiraopreto.com.br\/index.php\/wp-json\/wp\/v2\/posts\/85348","targetHints":{"allow":["GET"]}}],"collection":[{"href":"https:\/\/noticiasribeiraopreto.com.br\/index.php\/wp-json\/wp\/v2\/posts"}],"about":[{"href":"https:\/\/noticiasribeiraopreto.com.br\/index.php\/wp-json\/wp\/v2\/types\/post"}],"author":[{"embeddable":true,"href":"https:\/\/noticiasribeiraopreto.com.br\/index.php\/wp-json\/wp\/v2\/users\/1"}],"replies":[{"embeddable":true,"href":"https:\/\/noticiasribeiraopreto.com.br\/index.php\/wp-json\/wp\/v2\/comments?post=85348"}],"version-history":[{"count":0,"href":"https:\/\/noticiasribeiraopreto.com.br\/index.php\/wp-json\/wp\/v2\/posts\/85348\/revisions"}],"wp:featuredmedia":[{"embeddable":true,"href":"https:\/\/noticiasribeiraopreto.com.br\/index.php\/wp-json\/wp\/v2\/media\/85349"}],"wp:attachment":[{"href":"https:\/\/noticiasribeiraopreto.com.br\/index.php\/wp-json\/wp\/v2\/media?parent=85348"}],"wp:term":[{"taxonomy":"category","embeddable":true,"href":"https:\/\/noticiasribeiraopreto.com.br\/index.php\/wp-json\/wp\/v2\/categories?post=85348"},{"taxonomy":"post_tag","embeddable":true,"href":"https:\/\/noticiasribeiraopreto.com.br\/index.php\/wp-json\/wp\/v2\/tags?post=85348"}],"curies":[{"name":"wp","href":"https:\/\/api.w.org\/{rel}","templated":true}]}}