{"id":85350,"date":"2026-04-30T09:46:35","date_gmt":"2026-04-30T12:46:35","guid":{"rendered":"https:\/\/noticiasribeiraopreto.com.br\/index.php\/2026\/04\/30\/governo-de-sp-integra-assentamentos-a-estrategia-de-combate-a-incendios-e-entrega-kits-ineditos-a-produtores-rurais\/"},"modified":"2026-04-30T09:46:35","modified_gmt":"2026-04-30T12:46:35","slug":"governo-de-sp-integra-assentamentos-a-estrategia-de-combate-a-incendios-e-entrega-kits-ineditos-a-produtores-rurais","status":"publish","type":"post","link":"https:\/\/noticiasribeiraopreto.com.br\/index.php\/2026\/04\/30\/governo-de-sp-integra-assentamentos-a-estrategia-de-combate-a-incendios-e-entrega-kits-ineditos-a-produtores-rurais\/","title":{"rendered":"Governo de SP integra assentamentos \u00e0 estrat\u00e9gia de combate a inc\u00eandios e entrega kits in\u00e9ditos a produtores rurais &#8211; THMais"},"content":{"rendered":"<div class='code-block code-block-1' style='margin: 8px 0 8px auto; text-align: right; display: block; clear: both;'>\n<p><a href=\"https:\/\/wa.link\/vpicfd\"><img data-recalc-dims=\"1\" class=\"wp-image-4922\" style=\"aspect-ratio: 2.0253164556962027; width: 561px; height: auto;\" src=\"https:\/\/i0.wp.com\/ismaelcolosi.com.br\/wp-content\/uploads\/2023\/11\/grupo-de-empregos-whatsapp-e-facebook-ismael-colosi-vagas.jpg?ssl=1\" alt=\"\" \/><\/a><\/p>\n<!-- \/wp:image -->\n<\/div>\n<p> <br \/>\n<\/p>\n<div>\n<p>O combate aos inc\u00eandios em \u00e1reas de vegeta\u00e7\u00e3o em S\u00e3o Paulo ganha um novo eixo estrat\u00e9gico: o pr\u00f3prio territ\u00f3rio onde o fogo come\u00e7a. Em uma medida in\u00e9dita, o Governo do Estado passa a equipar diretamente produtores rurais de assentamentos com kits completos de combate a inc\u00eandios, consolidando uma mudan\u00e7a de paradigma na atua\u00e7\u00e3o preventiva no campo.<\/p>\n<p>A iniciativa ser\u00e1 formalizada por resolu\u00e7\u00e3o conjunta da Coordenadoria Estadual de Prote\u00e7\u00e3o e Defesa Civil e da Secretaria de Agricultura e Abastecimento do Estado de S\u00e3o Paulo, assinada pelos respectivos secret\u00e1rios na pr\u00f3xima ter\u00e7a-feira (27), durante a abertura da Agrishow, em Ribeir\u00e3o Preto, vitrine internacional do agroneg\u00f3cio brasileiro.<\/p>\n<p>A a\u00e7\u00e3o insere, de forma estruturada, os assentamentos rurais na estrat\u00e9gia estadual de enfrentamento ao fogo. Mais do que ampliar o alcance das pol\u00edticas p\u00fablicas, a medida reconhece o papel desses produtores como agentes ativos na prote\u00e7\u00e3o ambiental e na defesa de suas pr\u00f3prias comunidades.<\/p>\n<p>Esse movimento n\u00e3o come\u00e7a do zero. Nos \u00faltimos meses, moradores de assentamentos j\u00e1 v\u00eam sendo capacitados pela Opera\u00e7\u00e3o SP Sem Fogo para atua\u00e7\u00e3o em ocorr\u00eancias de inc\u00eandio. Agora, o Estado d\u00e1 o passo seguinte: al\u00e9m do treinamento, passa a garantir os meios para a atua\u00e7\u00e3o em campo.<\/p>\n<p>Os kits estiagem re\u00fanem equipamentos de prote\u00e7\u00e3o individual, como \u00f3culos, luvas, capacetes e lanternas, e ferramentas essenciais para o combate direto \u00e0s chamas, como abafadores, bombas costais, sopradores e fac\u00f5es. Trata-se de uma estrutura decisiva para conter focos ainda no in\u00edcio, evitando que se transformem em inc\u00eandios de grandes propor\u00e7\u00f5es.<\/p>\n<p>A pol\u00edtica \u00e9 direcionada a assentamentos reconhecidos pela Funda\u00e7\u00e3o Instituto de Terras do Estado de S\u00e3o Paulo (ITESP), vinculada \u00e0 Secretaria de Agricultura e Abastecimento, que atua na identifica\u00e7\u00e3o, acompanhamento e apoio t\u00e9cnico a essas comunidades.<\/p>\n<figure id=\"attachment_616206\" aria-describedby=\"caption-attachment-616206\" style=\"width: 980px\" class=\"wp-caption alignnone\"><figcaption id=\"caption-attachment-616206\" class=\"wp-caption-text\">Foto: Divulga\u00e7\u00e3o<\/figcaption><\/figure>\n<p>A entrega dos kits est\u00e1 condicionada \u00e0 capacita\u00e7\u00e3o pr\u00e9via dos moradores e \u00e0 solicita\u00e7\u00e3o formal por parte dos munic\u00edpios, garantindo n\u00e3o apenas a distribui\u00e7\u00e3o dos equipamentos, mas o uso respons\u00e1vel, t\u00e9cnico e seguro. A articula\u00e7\u00e3o com as prefeituras segue como eixo central da estrat\u00e9gia, refor\u00e7ando a atua\u00e7\u00e3o integrada entre Estado e munic\u00edpios.<\/p>\n<p>\u201cA iniciativa refor\u00e7a a atua\u00e7\u00e3o integrada do Estado, ampliando a capacidade de preven\u00e7\u00e3o e resposta nos territ\u00f3rios mais vulner\u00e1veis e fortalecendo o papel das comunidades rurais na prote\u00e7\u00e3o ambiental e na seguran\u00e7a da popula\u00e7\u00e3o\u201d, afirma o Coordenador Estadual de Prote\u00e7\u00e3o e Defesa Civil, Coronel PM Rinaldo de Araujo Monteiro.<\/p>\n<p>Durante a Agrishow, a Defesa Civil do Estado tamb\u00e9m manter\u00e1 equipes no local para atendimento ao p\u00fablico, com agentes orientando produtores e visitantes sobre as condi\u00e7\u00f5es meteorol\u00f3gicas previstas para o per\u00edodo de estiagem e medidas de preven\u00e7\u00e3o, com foco na Opera\u00e7\u00e3o SP Sem Fogo 2026, que tem in\u00edcio em 1\u00ba de junho em todo o territ\u00f3rio paulista. No espa\u00e7o, produtores rurais poder\u00e3o ainda cadastrar seus e-mails para receber os boletins meteorol\u00f3gicos elaborados pelo Centro de Gerenciamento de Emerg\u00eancias (CGE) da Defesa Civil estadual.<\/p>\n<p>Com a medida, o Governo de S\u00e3o Paulo antecipa a resposta, descentraliza a atua\u00e7\u00e3o e encurta o tempo entre o surgimento do foco e a primeira interven\u00e7\u00e3o \u2014 fator determinante para evitar a propaga\u00e7\u00e3o do fogo.<\/p>\n<p>\u201cOs assentamentos paulistas produzem, geram renda e ocupam papel relevante no desenvolvimento regional. Integr\u00e1-los de forma efetiva \u00e0 pol\u00edtica de preven\u00e7\u00e3o e combate aos inc\u00eandios \u00e9 reconhecer a for\u00e7a dessas comunidades e garantir que tenham estrutura para proteger suas fam\u00edlias, sua produ\u00e7\u00e3o e o meio ambiente\u201d, afirma o secret\u00e1rio de Agricultura e Abastecimento, Geraldo Melo Filho.<\/p>\n<p>Na pr\u00e1tica, a nova resolu\u00e7\u00e3o leva estrutura onde antes havia apenas vulnerabilidade e transforma comunidades inteiras em pontos ativos de defesa. Um movimento que reposiciona o papel do Estado no campo: mais integrado, mais pr\u00f3ximo e mais efetivo diante de um dos principais desafios ambientais do per\u00edodo seco.<\/p>\n<\/div>\n<p><br \/>\n<br \/><a href=\"https:\/\/thmais.com.br\/cidades\/ribeirao-preto\/governo-de-sp-integra-assentamentos-a-estrategia-de-combate-a-incendios-e-entrega-kits-ineditos-a-produtores-rurais\/\">Link para o texto original <\/a><\/p>\n<!-- CONTENT END 1 -->\n","protected":false},"excerpt":{"rendered":"<p>O combate aos inc\u00eandios em \u00e1reas de vegeta\u00e7\u00e3o em S\u00e3o Paulo ganha um novo eixo estrat\u00e9gico: o pr\u00f3prio territ\u00f3rio onde o fogo come\u00e7a. Em uma&#8230;<\/p>\n","protected":false},"author":1,"featured_media":85351,"comment_status":"","ping_status":"","sticky":false,"template":"","format":"standard","meta":{"advanced_seo_description":"","jetpack_seo_html_title":"","jetpack_seo_noindex":false,"jetpack_post_was_ever_published":false,"_jetpack_newsletter_access":"","_jetpack_dont_email_post_to_subs":false,"_jetpack_newsletter_tier_id":0,"_jetpack_memberships_contains_paywalled_content":false,"_jetpack_memberships_contains_paid_content":false,"footnotes":"","jetpack_publicize_message":"","jetpack_publicize_feature_enabled":true,"jetpack_social_post_already_shared":true,"jetpack_social_options":{"image_generator_settings":{"template":"highway","default_image_id":0,"font":"","enabled":false},"version":2}},"categories":[11],"tags":[6520,1207,1398,4317,1271,6521,6523,6284,6522,195,196,6443],"class_list":["post-85350","post","type-post","status-publish","format-standard","has-post-thumbnail","hentry","category-noticias-de-ribeirao-preto-sp-e-regiao-ismael-colosi","tag-assentamentos","tag-combate","tag-entrega","tag-estrategia","tag-governo","tag-incendios","tag-ineditos","tag-integra","tag-kits","tag-produtores","tag-rurais","tag-thmais"],"jetpack_publicize_connections":[],"jetpack_featured_media_url":"https:\/\/i0.wp.com\/noticiasribeiraopreto.com.br\/wp-content\/uploads\/2026\/04\/amazonia.jpeg?fit=1024%2C684&ssl=1","jetpack-related-posts":[{"id":57139,"url":"https:\/\/noticiasribeiraopreto.com.br\/index.php\/2024\/08\/23\/interior-de-sao-paulo-em-chamas-veja-videos-impressionantes\/","url_meta":{"origin":85350,"position":0},"title":"Interior de S\u00e3o Paulo em chamas; Veja v\u00eddeos impressionantes","author":"noticiasribeiraopreto.com.br","date":"23 de August de 2024","format":false,"excerpt":"O governador de S\u00e3o Paulo, Tarc\u00edsio de Freitas (REP), determinou a cria\u00e7\u00e3o de um gabinete de crise por conta dos inc\u00eandios no interior do estado \u2013 veja o v\u00eddeo. Diversas rodovias precisaram ser interditadas por conta da fuma\u00e7a que invadiu as rodovias. VEJA O V\u00cdDEO O interior de S\u00e3o Paulo\u2026","rel":"","context":"In &quot;Not\u00edcias de Ribeir\u00e3o Preto-SP e Regi\u00e3o&quot;","block_context":{"text":"Not\u00edcias de Ribeir\u00e3o Preto-SP e Regi\u00e3o","link":"https:\/\/noticiasribeiraopreto.com.br\/index.php\/category\/noticias-de-ribeirao-preto-sp-e-regiao-ismael-colosi\/"},"img":{"alt_text":"","src":"https:\/\/i0.wp.com\/noticiasribeiraopreto.com.br\/wp-content\/uploads\/2024\/08\/gabinete-de-crise_2024-08-23_22-03-52_jpg_2024-08-23_22-03-52.webp.webp?fit=902%2C599&ssl=1&resize=350%2C200","width":350,"height":200,"srcset":"https:\/\/i0.wp.com\/noticiasribeiraopreto.com.br\/wp-content\/uploads\/2024\/08\/gabinete-de-crise_2024-08-23_22-03-52_jpg_2024-08-23_22-03-52.webp.webp?fit=902%2C599&ssl=1&resize=350%2C200 1x, https:\/\/i0.wp.com\/noticiasribeiraopreto.com.br\/wp-content\/uploads\/2024\/08\/gabinete-de-crise_2024-08-23_22-03-52_jpg_2024-08-23_22-03-52.webp.webp?fit=902%2C599&ssl=1&resize=525%2C300 1.5x, https:\/\/i0.wp.com\/noticiasribeiraopreto.com.br\/wp-content\/uploads\/2024\/08\/gabinete-de-crise_2024-08-23_22-03-52_jpg_2024-08-23_22-03-52.webp.webp?fit=902%2C599&ssl=1&resize=700%2C400 2x"},"classes":[]},{"id":68938,"url":"https:\/\/noticiasribeiraopreto.com.br\/index.php\/2025\/04\/30\/produtores-rurais-de-sp-poderao-plantar-em-faixas-de-dominio-das-rodovias-saiba-mais\/","url_meta":{"origin":85350,"position":1},"title":"Produtores rurais de SP poder\u00e3o plantar em faixas de dom\u00ednio das rodovias; saiba mais","author":"noticiasribeiraopreto.com.br","date":"30 de April de 2025","format":false,"excerpt":"Os produtores rurais poder\u00e3o ampliar as \u00e1reas de cultivo nas chamadas faixas de dom\u00ednio das rodovias sob jurisdi\u00e7\u00e3o do DER-SP (Departamento de Estradas de Rodagem de S\u00e3o Paulo). A medida foi anunciada pelo governador Tarc\u00edsio de Freitas (REP) na Agrishow, em Ribeir\u00e3o Preto, na ter\u00e7a-feira (29). As faixas de dom\u00ednio\u2026","rel":"","context":"In &quot;Not\u00edcias de Ribeir\u00e3o Preto-SP e Regi\u00e3o&quot;","block_context":{"text":"Not\u00edcias de Ribeir\u00e3o Preto-SP e Regi\u00e3o","link":"https:\/\/noticiasribeiraopreto.com.br\/index.php\/category\/noticias-de-ribeirao-preto-sp-e-regiao-ismael-colosi\/"},"img":{"alt_text":"","src":"https:\/\/i0.wp.com\/noticiasribeiraopreto.com.br\/wp-content\/uploads\/2025\/04\/area-dominio_2025-04-30_16-46-39.webp.webp?fit=1200%2C675&ssl=1&resize=350%2C200","width":350,"height":200,"srcset":"https:\/\/i0.wp.com\/noticiasribeiraopreto.com.br\/wp-content\/uploads\/2025\/04\/area-dominio_2025-04-30_16-46-39.webp.webp?fit=1200%2C675&ssl=1&resize=350%2C200 1x, https:\/\/i0.wp.com\/noticiasribeiraopreto.com.br\/wp-content\/uploads\/2025\/04\/area-dominio_2025-04-30_16-46-39.webp.webp?fit=1200%2C675&ssl=1&resize=525%2C300 1.5x, https:\/\/i0.wp.com\/noticiasribeiraopreto.com.br\/wp-content\/uploads\/2025\/04\/area-dominio_2025-04-30_16-46-39.webp.webp?fit=1200%2C675&ssl=1&resize=700%2C400 2x, https:\/\/i0.wp.com\/noticiasribeiraopreto.com.br\/wp-content\/uploads\/2025\/04\/area-dominio_2025-04-30_16-46-39.webp.webp?fit=1200%2C675&ssl=1&resize=1050%2C600 3x"},"classes":[]},{"id":60659,"url":"https:\/\/noticiasribeiraopreto.com.br\/index.php\/2024\/11\/21\/sp-autoriza-construcao-de-unidades-habitacionais-na-regiao-de-ribeirao-preto\/","url_meta":{"origin":85350,"position":2},"title":"SP autoriza constru\u00e7\u00e3o de unidades habitacionais na regi\u00e3o de Ribeir\u00e3o Preto","author":"noticiasribeiraopreto.com.br","date":"21 de November de 2024","format":false,"excerpt":"O Governo de S\u00e3o Paulo assinou na \u00faltima nesta ter\u00e7a-feira (19) a autoriza\u00e7\u00e3o para que a CDHU (Companhia de Desenvolvimento Habitacional e Urbano) e o Itesp (Funda\u00e7\u00e3o Instituto de Terras do Estado de S\u00e3o Paulo) firmem um conv\u00eanio para constru\u00e7\u00e3o de 49 unidades habitacionais na regi\u00e3o de Ribeir\u00e3o Preto para\u2026","rel":"","context":"In &quot;Not\u00edcias de Ribeir\u00e3o Preto-SP e Regi\u00e3o&quot;","block_context":{"text":"Not\u00edcias de Ribeir\u00e3o Preto-SP e Regi\u00e3o","link":"https:\/\/noticiasribeiraopreto.com.br\/index.php\/category\/noticias-de-ribeirao-preto-sp-e-regiao-ismael-colosi\/"},"img":{"alt_text":"","src":"https:\/\/i0.wp.com\/noticiasribeiraopreto.com.br\/wp-content\/uploads\/2024\/11\/casa-popular_2024-11-21_14-33-25_jpg_2024-11-21_14-33-25.webp.webp?fit=743%2C494&ssl=1&resize=350%2C200","width":350,"height":200,"srcset":"https:\/\/i0.wp.com\/noticiasribeiraopreto.com.br\/wp-content\/uploads\/2024\/11\/casa-popular_2024-11-21_14-33-25_jpg_2024-11-21_14-33-25.webp.webp?fit=743%2C494&ssl=1&resize=350%2C200 1x, https:\/\/i0.wp.com\/noticiasribeiraopreto.com.br\/wp-content\/uploads\/2024\/11\/casa-popular_2024-11-21_14-33-25_jpg_2024-11-21_14-33-25.webp.webp?fit=743%2C494&ssl=1&resize=525%2C300 1.5x, https:\/\/i0.wp.com\/noticiasribeiraopreto.com.br\/wp-content\/uploads\/2024\/11\/casa-popular_2024-11-21_14-33-25_jpg_2024-11-21_14-33-25.webp.webp?fit=743%2C494&ssl=1&resize=700%2C400 2x"},"classes":[]},{"id":58514,"url":"https:\/\/noticiasribeiraopreto.com.br\/index.php\/2024\/09\/29\/governo-de-sp-mobiliza-contingente-para-combater-incendio-na-regiao-de-ribeirao\/","url_meta":{"origin":85350,"position":3},"title":"Governo de SP mobiliza contingente para combater inc\u00eandio na regi\u00e3o de Ribeir\u00e3o","author":"noticiasribeiraopreto.com.br","date":"29 de September de 2024","format":false,"excerpt":"O Governo de S\u00e3o Paulo informou, neste domingo (29), que mobiliza um contingente duas vezes maior que o de 2020 e 2021 para combater um inc\u00eandio na Esta\u00e7\u00e3o Ecol\u00f3gica do Jata\u00ed, em Luiz Ant\u00f4nio, na regi\u00e3o de Ribeir\u00e3o Preto. Na manh\u00e3 deste s\u00e1bado (28), o fogo atingiu uma \u00e1rea da\u2026","rel":"","context":"In &quot;Not\u00edcias de Ribeir\u00e3o Preto-SP e Regi\u00e3o&quot;","block_context":{"text":"Not\u00edcias de Ribeir\u00e3o Preto-SP e Regi\u00e3o","link":"https:\/\/noticiasribeiraopreto.com.br\/index.php\/category\/noticias-de-ribeirao-preto-sp-e-regiao-ismael-colosi\/"},"img":{"alt_text":"","src":"https:\/\/i0.wp.com\/noticiasribeiraopreto.com.br\/wp-content\/uploads\/2024\/09\/WhatsApp-Image-2024-09-29-at-11.49.00_2024-09-29_15-59-32_jpeg_2024-09-29_15-59-33.webp.webp?fit=1200%2C800&ssl=1&resize=350%2C200","width":350,"height":200,"srcset":"https:\/\/i0.wp.com\/noticiasribeiraopreto.com.br\/wp-content\/uploads\/2024\/09\/WhatsApp-Image-2024-09-29-at-11.49.00_2024-09-29_15-59-32_jpeg_2024-09-29_15-59-33.webp.webp?fit=1200%2C800&ssl=1&resize=350%2C200 1x, https:\/\/i0.wp.com\/noticiasribeiraopreto.com.br\/wp-content\/uploads\/2024\/09\/WhatsApp-Image-2024-09-29-at-11.49.00_2024-09-29_15-59-32_jpeg_2024-09-29_15-59-33.webp.webp?fit=1200%2C800&ssl=1&resize=525%2C300 1.5x, https:\/\/i0.wp.com\/noticiasribeiraopreto.com.br\/wp-content\/uploads\/2024\/09\/WhatsApp-Image-2024-09-29-at-11.49.00_2024-09-29_15-59-32_jpeg_2024-09-29_15-59-33.webp.webp?fit=1200%2C800&ssl=1&resize=700%2C400 2x, https:\/\/i0.wp.com\/noticiasribeiraopreto.com.br\/wp-content\/uploads\/2024\/09\/WhatsApp-Image-2024-09-29-at-11.49.00_2024-09-29_15-59-32_jpeg_2024-09-29_15-59-33.webp.webp?fit=1200%2C800&ssl=1&resize=1050%2C600 3x"},"classes":[]},{"id":75990,"url":"https:\/\/noticiasribeiraopreto.com.br\/index.php\/2025\/08\/20\/focos-de-incendio-recuam-73-em-sp\/","url_meta":{"origin":85350,"position":4},"title":"Focos de inc\u00eandio recuam 73% em SP","author":"noticiasribeiraopreto.com.br","date":"20 de August de 2025","format":false,"excerpt":"20 de agosto de 2025 08:2020 de agosto de 2025 07:437 Compartilhar0 A Defesa Civil do Estado registrou uma redu\u00e7\u00e3o significativa nos focos de inc\u00eandio na primeira quinzena de agosto. Entre os dias 1\u00ba e 15, foram contabilizadas 148 ocorr\u00eancias em 2025, ante 548 no mesmo per\u00edodo de 2024, 400\u2026","rel":"","context":"In &quot;Not\u00edcias de Ribeir\u00e3o Preto-SP e Regi\u00e3o&quot;","block_context":{"text":"Not\u00edcias de Ribeir\u00e3o Preto-SP e Regi\u00e3o","link":"https:\/\/noticiasribeiraopreto.com.br\/index.php\/category\/noticias-de-ribeirao-preto-sp-e-regiao-ismael-colosi\/"},"img":{"alt_text":"","src":"https:\/\/i0.wp.com\/noticiasribeiraopreto.com.br\/wp-content\/uploads\/2025\/08\/dc142fb2-b4bc-496d-b9d0-33707dda3c0b-scaled.jpeg?fit=800%2C460&ssl=1&resize=350%2C200","width":350,"height":200,"srcset":"https:\/\/i0.wp.com\/noticiasribeiraopreto.com.br\/wp-content\/uploads\/2025\/08\/dc142fb2-b4bc-496d-b9d0-33707dda3c0b-scaled.jpeg?fit=800%2C460&ssl=1&resize=350%2C200 1x, https:\/\/i0.wp.com\/noticiasribeiraopreto.com.br\/wp-content\/uploads\/2025\/08\/dc142fb2-b4bc-496d-b9d0-33707dda3c0b-scaled.jpeg?fit=800%2C460&ssl=1&resize=525%2C300 1.5x, https:\/\/i0.wp.com\/noticiasribeiraopreto.com.br\/wp-content\/uploads\/2025\/08\/dc142fb2-b4bc-496d-b9d0-33707dda3c0b-scaled.jpeg?fit=800%2C460&ssl=1&resize=700%2C400 2x"},"classes":[]},{"id":57260,"url":"https:\/\/noticiasribeiraopreto.com.br\/index.php\/2024\/08\/27\/precos-do-acucar-e-do-etanol-devem-ser-afetados-por-incendios-no-interior-de-sp\/","url_meta":{"origin":85350,"position":5},"title":"Pre\u00e7os do a\u00e7\u00facar e do etanol devem ser afetados por inc\u00eandios no interior de SP","author":"noticiasribeiraopreto.com.br","date":"27 de August de 2024","format":false,"excerpt":"O CEO da Orplana (Organiza\u00e7\u00e3o de Associa\u00e7\u00f5es de Produtores de Cana do Brasil), Jos\u00e9 Guilherme Nogueira, disse que os inc\u00eandios em propriedades rurais do interior de S\u00e3o Paulo devem trazer efeitos diretos sobre os pre\u00e7os de a\u00e7\u00facar e etanol. Em nota, ele explicou que os incidentes afetaram tanto a cana-de-a\u00e7\u00facar\u2026","rel":"","context":"In &quot;Not\u00edcias de Ribeir\u00e3o Preto-SP e Regi\u00e3o&quot;","block_context":{"text":"Not\u00edcias de Ribeir\u00e3o Preto-SP e Regi\u00e3o","link":"https:\/\/noticiasribeiraopreto.com.br\/index.php\/category\/noticias-de-ribeirao-preto-sp-e-regiao-ismael-colosi\/"},"img":{"alt_text":"","src":"https:\/\/i0.wp.com\/noticiasribeiraopreto.com.br\/wp-content\/uploads\/2024\/08\/incendio-interior-de-sp_2024-08-23_22-59-14_jpg_2024-08-23_22-59-15.webp.webp?fit=1200%2C671&ssl=1&resize=350%2C200","width":350,"height":200,"srcset":"https:\/\/i0.wp.com\/noticiasribeiraopreto.com.br\/wp-content\/uploads\/2024\/08\/incendio-interior-de-sp_2024-08-23_22-59-14_jpg_2024-08-23_22-59-15.webp.webp?fit=1200%2C671&ssl=1&resize=350%2C200 1x, https:\/\/i0.wp.com\/noticiasribeiraopreto.com.br\/wp-content\/uploads\/2024\/08\/incendio-interior-de-sp_2024-08-23_22-59-14_jpg_2024-08-23_22-59-15.webp.webp?fit=1200%2C671&ssl=1&resize=525%2C300 1.5x, https:\/\/i0.wp.com\/noticiasribeiraopreto.com.br\/wp-content\/uploads\/2024\/08\/incendio-interior-de-sp_2024-08-23_22-59-14_jpg_2024-08-23_22-59-15.webp.webp?fit=1200%2C671&ssl=1&resize=700%2C400 2x, https:\/\/i0.wp.com\/noticiasribeiraopreto.com.br\/wp-content\/uploads\/2024\/08\/incendio-interior-de-sp_2024-08-23_22-59-14_jpg_2024-08-23_22-59-15.webp.webp?fit=1200%2C671&ssl=1&resize=1050%2C600 3x"},"classes":[]}],"jetpack_sharing_enabled":true,"jetpack_shortlink":"https:\/\/wp.me\/peQAOb-mcC","_links":{"self":[{"href":"https:\/\/noticiasribeiraopreto.com.br\/index.php\/wp-json\/wp\/v2\/posts\/85350","targetHints":{"allow":["GET"]}}],"collection":[{"href":"https:\/\/noticiasribeiraopreto.com.br\/index.php\/wp-json\/wp\/v2\/posts"}],"about":[{"href":"https:\/\/noticiasribeiraopreto.com.br\/index.php\/wp-json\/wp\/v2\/types\/post"}],"author":[{"embeddable":true,"href":"https:\/\/noticiasribeiraopreto.com.br\/index.php\/wp-json\/wp\/v2\/users\/1"}],"replies":[{"embeddable":true,"href":"https:\/\/noticiasribeiraopreto.com.br\/index.php\/wp-json\/wp\/v2\/comments?post=85350"}],"version-history":[{"count":0,"href":"https:\/\/noticiasribeiraopreto.com.br\/index.php\/wp-json\/wp\/v2\/posts\/85350\/revisions"}],"wp:featuredmedia":[{"embeddable":true,"href":"https:\/\/noticiasribeiraopreto.com.br\/index.php\/wp-json\/wp\/v2\/media\/85351"}],"wp:attachment":[{"href":"https:\/\/noticiasribeiraopreto.com.br\/index.php\/wp-json\/wp\/v2\/media?parent=85350"}],"wp:term":[{"taxonomy":"category","embeddable":true,"href":"https:\/\/noticiasribeiraopreto.com.br\/index.php\/wp-json\/wp\/v2\/categories?post=85350"},{"taxonomy":"post_tag","embeddable":true,"href":"https:\/\/noticiasribeiraopreto.com.br\/index.php\/wp-json\/wp\/v2\/tags?post=85350"}],"curies":[{"name":"wp","href":"https:\/\/api.w.org\/{rel}","templated":true}]}}