{"id":85352,"date":"2026-04-30T10:29:09","date_gmt":"2026-04-30T13:29:09","guid":{"rendered":"https:\/\/noticiasribeiraopreto.com.br\/index.php\/2026\/04\/30\/video-policia-divulga-video-de-feminicidio-e-autor-confesso-e-preso-em-rp\/"},"modified":"2026-04-30T10:29:09","modified_gmt":"2026-04-30T13:29:09","slug":"video-policia-divulga-video-de-feminicidio-e-autor-confesso-e-preso-em-rp","status":"publish","type":"post","link":"https:\/\/noticiasribeiraopreto.com.br\/index.php\/2026\/04\/30\/video-policia-divulga-video-de-feminicidio-e-autor-confesso-e-preso-em-rp\/","title":{"rendered":"V\u00cdDEO &#8211; Pol\u00edcia divulga v\u00eddeo de feminic\u00eddio e autor confesso \u00e9 preso em RP"},"content":{"rendered":"<div class='code-block code-block-1' style='margin: 8px 0 8px auto; text-align: right; display: block; clear: both;'>\n<p><a href=\"https:\/\/wa.link\/vpicfd\"><img data-recalc-dims=\"1\" class=\"wp-image-4922\" style=\"aspect-ratio: 2.0253164556962027; width: 561px; height: auto;\" src=\"https:\/\/i0.wp.com\/ismaelcolosi.com.br\/wp-content\/uploads\/2023\/11\/grupo-de-empregos-whatsapp-e-facebook-ismael-colosi-vagas.jpg?ssl=1\" alt=\"\" \/><\/a><\/p>\n<!-- \/wp:image -->\n<\/div>\n<p> <br \/>\n<\/p>\n<div>\n<p>| Por: Adalberto Luque |<\/p>\n<p>A Pol\u00edcia Civil divulgou, nesta quarta-feira (29) um v\u00eddeo registrado por uma c\u00e2mera de seguran\u00e7a que mostra a emboscada e o ataque de Cleomar Borges Gomes, de 53 anos, que resultou na morte com nove facadas da jovem Geniane Pereira, de 20 anos. O crime ocorreu na manh\u00e3 de 24 de abril, na Rua \u00c2ngelo Salvador, na Vila Adelaide de Freitas, em Pontal, uma das 34 cidades da regi\u00e3o metropolitana.<\/p>\n<p>As imagens registram Cleomar chegando ao local pouco antes, ficando de costas, enquanto a v\u00edtima e a filha do autor do crime se aproximavam. Quando elas chegam, Cleomar parte para cima de Geniane e desfere as facadas. Depois ele foge. Ela anda mais um pouco e cai.<\/p>\n<p>O Servi\u00e7o de Atendimento M\u00f3vel de Urg\u00eancia (Samu) chegou a ser acionado, e a jovem chegou a ser levada para a Santa Casa de Pontal, mas n\u00e3o resistiu aos ferimentos. Geniane, conhecida por Genynha, estava em Pontal desde 10 de abril, quando se mudou de Turmalina (MG), onde morava com a amiga. Vieram morar em Pontal depois de terem conseguido um emprego em uma grande empresa produtora de alimentos.<\/p>\n<figure id=\"attachment_462615\" aria-describedby=\"caption-attachment-462615\" style=\"width: 701px\" class=\"wp-caption alignnone\"><figcaption id=\"caption-attachment-462615\" class=\"wp-caption-text\">Cleomar chegou a negar a identidade, mas depois que foi preso, disse estar arrependido pelo crime (Foto: Redes Sociais)<\/figcaption><\/figure>\n<p>Se mudaram em 10 de abril e foram morar com o pai de sua amiga. Cleomar passou a assediar Genynha, que n\u00e3o correspondeu. Ela e a filha do homem decidiram ent\u00e3o se mudar de casa. Cleomar n\u00e3o aceitou a mudan\u00e7a e atacou a garota. As facadas causaram sua morte.<\/p>\n<p><strong>A pris\u00e3o<\/strong><\/p>\n<p>Cleomar foi preso na tarde desta quarta-feira (29). Ele estava na Pra\u00e7a XV de Novembro, Centro de Ribeir\u00e3o Preto, quando foi reconhecido por policiais militares. Chegou a omitir a identidade durante a abordagem. Contra ele havia um mandado de pris\u00e3o tempor\u00e1ria expedido pela Justi\u00e7a desde a semana passada, quando a jovem, que era amiga da filha dele, foi morta.<\/p>\n<p>Depois de preso, confessou o crime e disse estar arrependido. \u201cTenho que pagar o que eu fiz. Arrependido, eu estou. Eu estou arrependido\u201d, disse \u00e0 imprensa na sa\u00edda da delegacia. Seu defensor n\u00e3o foi localizado.<\/p>\n<figure id=\"attachment_462616\" aria-describedby=\"caption-attachment-462616\" style=\"width: 727px\" class=\"wp-caption alignnone\"><img data-recalc-dims=\"1\" loading=\"lazy\" decoding=\"async\" class=\"wp-image-462616 lazyload\" src=\"https:\/\/i0.wp.com\/www.tribunaribeirao.com.br\/wp-content\/uploads\/2026\/04\/30-abr-2026-feminicidiogenynha3.jpg?resize=727%2C891&#038;ssl=1\" alt=\"\" width=\"727\" height=\"891\" srcset=\"https:\/\/www.tribunaribeirao.com.br\/wp-content\/uploads\/2026\/04\/30-abr-2026-feminicidiogenynha3.jpg 638w, https:\/\/www.tribunaribeirao.com.br\/wp-content\/uploads\/2026\/04\/30-abr-2026-feminicidiogenynha3-245x300.jpg 245w, https:\/\/www.tribunaribeirao.com.br\/wp-content\/uploads\/2026\/04\/30-abr-2026-feminicidiogenynha3-326x400.jpg 326w, https:\/\/www.tribunaribeirao.com.br\/wp-content\/uploads\/2026\/04\/30-abr-2026-feminicidiogenynha3-585x717.jpg 585w\" data-sizes=\"(max-width: 727px) 100vw, 727px\" style=\"--smush-placeholder-width: 727px; --smush-placeholder-aspect-ratio: 727\/891;\"\/><figcaption id=\"caption-attachment-462616\" class=\"wp-caption-text\">Genynha adorava dan\u00e7ar forr\u00f3 e seu perfil em uma rede social tem mais de 42 mil seguidores (Foto: Rede Social)<\/figcaption><\/figure>\n<p><strong>Quem era Genynha<\/strong><\/p>\n<p>Geniane Ferreira era conhecida artisticamente como Genynha ou Genynha Forrozeira. Natural de Minas Novas (MG), residia em Turmalina antes de se mudar para Pontal, onde havia conseguido um emprego em uma ind\u00fastria de g\u00eaneros aliment\u00edcios.<\/p>\n<p>Desde cedo, gostava de dan\u00e7ar forr\u00f3 e chegou a ser dan\u00e7arina de um grupo de forr\u00f3 de Minas Gerais. Seu perfil em uma rede social tinha 27 mil seguidores, mas ap\u00f3s sua morte, j\u00e1 passa de 42 mil seguidores.<\/p>\n<p><strong>Feminic\u00eddios<\/strong><\/p>\n<p>Nos \u00faltimos dias, pelo menos mais tr\u00eas casos de feminic\u00eddio foram registrados na regi\u00e3o.<\/p>\n<p>A cabeleireira Jeane Ferreira da Silva Funes, de 38 anos, foi assassinada a facadas no dia 21 de abril, nos Campos El\u00edseos, Zona Norte de Ribeir\u00e3o Preto. O marido dela, Renato Augusto Funes, de 44 anos, foi preso na sexta-feira (24) portando duas facas. Segundo a Pol\u00edcia Militar, o suspeito alega leg\u00edtima defesa. Disse ter sido golpeado pela esposa e revidou. Confessou estar sob efeito de entorpecentes, acrescentando que \u00e9 usu\u00e1rio de crack.<\/p>\n<figure id=\"attachment_462617\" aria-describedby=\"caption-attachment-462617\" style=\"width: 1200px\" class=\"wp-caption alignnone\"><img data-recalc-dims=\"1\" loading=\"lazy\" decoding=\"async\" class=\"size-full wp-image-462617 lazyload\" src=\"https:\/\/i0.wp.com\/www.tribunaribeirao.com.br\/wp-content\/uploads\/2026\/04\/22-abr-2026-feminicidioribeirao3-1-scaled.jpg?resize=1200%2C743&#038;ssl=1\" alt=\"\" width=\"1200\" height=\"743\" srcset=\"https:\/\/www.tribunaribeirao.com.br\/wp-content\/uploads\/2026\/04\/22-abr-2026-feminicidioribeirao3-1-scaled.jpg 1200w, https:\/\/www.tribunaribeirao.com.br\/wp-content\/uploads\/2026\/04\/22-abr-2026-feminicidioribeirao3-1-300x186.jpg 300w, https:\/\/www.tribunaribeirao.com.br\/wp-content\/uploads\/2026\/04\/22-abr-2026-feminicidioribeirao3-1-1024x634.jpg 1024w, https:\/\/www.tribunaribeirao.com.br\/wp-content\/uploads\/2026\/04\/22-abr-2026-feminicidioribeirao3-1-768x476.jpg 768w, https:\/\/www.tribunaribeirao.com.br\/wp-content\/uploads\/2026\/04\/22-abr-2026-feminicidioribeirao3-1-960x595.jpg 960w, https:\/\/www.tribunaribeirao.com.br\/wp-content\/uploads\/2026\/04\/22-abr-2026-feminicidioribeirao3-1-646x400.jpg 646w, https:\/\/www.tribunaribeirao.com.br\/wp-content\/uploads\/2026\/04\/22-abr-2026-feminicidioribeirao3-1-585x362.jpg 585w\" data-sizes=\"(max-width: 1200px) 100vw, 1200px\" style=\"--smush-placeholder-width: 1200px; --smush-placeholder-aspect-ratio: 1200\/743;\"\/><figcaption id=\"caption-attachment-462617\" class=\"wp-caption-text\">Jeane foi morta a facadas pelo companheiro, que n\u00e3o aceitava o fim do relacionamento (Fotos: Redes Sociais e Google Street View)<\/figcaption><\/figure>\n<p>Ta\u00eds Rodrigues de Paulo, de 24 anos, foi assassinada a facadas no Jardim Presidente Dutra, Zona Norte de Ribeir\u00e3o Preto, no s\u00e1bado, 25 de abril, pelo ex-companheiro Maziel Dantas da Silva, de 51 anos. Ele est\u00e1 preso. A Pol\u00edcia Civil investiga o caso como crime passional e feminic\u00eddio.<\/p>\n<p><strong>Barretos<\/strong><\/p>\n<p>Deise Batista, de 33 anos, morreu em 21 de abril, tr\u00eas dias ap\u00f3s ser internada em estado grave na Santa Casa de Barretos, com 92% do corpo queimado. Ela havia sido atacada na madrugada de 18 de abril pelo ex-companheiro, Lucas Ant\u00f4nio, que n\u00e3o aceitava o fim do relacionamento.<\/p>\n<p>Segundo a Pol\u00edcia Militar, o agressor jogou gasolina na v\u00edtima e ateou fogo enquanto ela estava na cal\u00e7ada. Deise ainda tentou buscar abrigo dentro do im\u00f3vel, mas desmaiou devido \u00e0 gravidade das chamas. O assassino tem passagem anterior por homic\u00eddio. Chegou a fugir para Minas Gerais, mas foi preso e responder\u00e1 por feminic\u00eddio.<\/p>\n<p><strong>Tentativas<\/strong><\/p>\n<p>Al\u00e9m disso, outras duas tentativas ocorreram em Col\u00f4mbia e no Jardim Cristo Redentor, Zona Norte de Ribeir\u00e3o Preto. Tamb\u00e9m houve um caso em que um homem invadiu a casa para agredir a ex-companheira, no bairro Sumarezinho, Zona Oeste da cidade, mas acabou sendo esfaqueado e est\u00e1 em estado grave no Hospital das Cl\u00ednicas \u2013 Unidade de Emerg\u00eancia.<\/p>\n<\/div>\n<p><br \/>\n<br \/><a href=\"https:\/\/www.tribunaribeirao.com.br\/video-policia-divulga-video-de-feminicidio-e-autor-confesso-e-preso-em-rp\/\">Texto original daqui <\/a><\/p>\n<!-- CONTENT END 1 -->\n","protected":false},"excerpt":{"rendered":"<p>| Por: Adalberto Luque | A Pol\u00edcia Civil divulgou, nesta quarta-feira (29) um v\u00eddeo registrado por uma c\u00e2mera de seguran\u00e7a que mostra a emboscada e&#8230;<\/p>\n","protected":false},"author":1,"featured_media":85353,"comment_status":"","ping_status":"","sticky":false,"template":"","format":"standard","meta":{"advanced_seo_description":"","jetpack_seo_html_title":"","jetpack_seo_noindex":false,"jetpack_post_was_ever_published":false,"_jetpack_newsletter_access":"","_jetpack_dont_email_post_to_subs":false,"_jetpack_newsletter_tier_id":0,"_jetpack_memberships_contains_paywalled_content":false,"_jetpack_memberships_contains_paid_content":false,"footnotes":"","jetpack_publicize_message":"","jetpack_publicize_feature_enabled":true,"jetpack_social_post_already_shared":true,"jetpack_social_options":{"image_generator_settings":{"template":"highway","default_image_id":0,"font":"","enabled":false},"version":2}},"categories":[11],"tags":[970,6524,1250,4264,20,36,67],"class_list":["post-85352","post","type-post","status-publish","format-standard","has-post-thumbnail","hentry","category-noticias-de-ribeirao-preto-sp-e-regiao-ismael-colosi","tag-autor","tag-confesso","tag-divulga","tag-feminicidio","tag-policia","tag-preso","tag-video"],"jetpack_publicize_connections":[],"jetpack_featured_media_url":"https:\/\/i0.wp.com\/noticiasribeiraopreto.com.br\/wp-content\/uploads\/2026\/04\/30-abr-2026-feminicidiogenynha1.jpg?fit=837%2C467&ssl=1","jetpack-related-posts":[{"id":85264,"url":"https:\/\/noticiasribeiraopreto.com.br\/index.php\/2026\/04\/27\/mais-uma-mulher-e-vitima-de-feminicidio-em-rp\/","url_meta":{"origin":85352,"position":0},"title":"Mais uma mulher \u00e9 v\u00edtima de feminic\u00eddio em RP","author":"noticiasribeiraopreto.com.br","date":"27 de April de 2026","format":false,"excerpt":"\r Crime ocorreu na zona Norte da cidade e suspeito, que confessou o crime, foi preso horas depois na regi\u00e3o\r \r 27 de abril de 2026 09:53 \r Compartilhar1 | Por: Adalberto Luque | Uma mulher de 24 anos foi morta, neste s\u00e1bado (25) a facadas. O crime teria sido\u2026","rel":"","context":"In &quot;Not\u00edcias de Ribeir\u00e3o Preto-SP e Regi\u00e3o&quot;","block_context":{"text":"Not\u00edcias de Ribeir\u00e3o Preto-SP e Regi\u00e3o","link":"https:\/\/noticiasribeiraopreto.com.br\/index.php\/category\/noticias-de-ribeirao-preto-sp-e-regiao-ismael-colosi\/"},"img":{"alt_text":"","src":"https:\/\/i0.wp.com\/noticiasribeiraopreto.com.br\/wp-content\/uploads\/2026\/04\/27-abr-2026-feminicidiorp-scaled.jpg?fit=1200%2C670&ssl=1&resize=350%2C200","width":350,"height":200,"srcset":"https:\/\/i0.wp.com\/noticiasribeiraopreto.com.br\/wp-content\/uploads\/2026\/04\/27-abr-2026-feminicidiorp-scaled.jpg?fit=1200%2C670&ssl=1&resize=350%2C200 1x, https:\/\/i0.wp.com\/noticiasribeiraopreto.com.br\/wp-content\/uploads\/2026\/04\/27-abr-2026-feminicidiorp-scaled.jpg?fit=1200%2C670&ssl=1&resize=525%2C300 1.5x, https:\/\/i0.wp.com\/noticiasribeiraopreto.com.br\/wp-content\/uploads\/2026\/04\/27-abr-2026-feminicidiorp-scaled.jpg?fit=1200%2C670&ssl=1&resize=700%2C400 2x, https:\/\/i0.wp.com\/noticiasribeiraopreto.com.br\/wp-content\/uploads\/2026\/04\/27-abr-2026-feminicidiorp-scaled.jpg?fit=1200%2C670&ssl=1&resize=1050%2C600 3x"},"classes":[]},{"id":85166,"url":"https:\/\/noticiasribeiraopreto.com.br\/index.php\/2026\/04\/23\/video-mulher-e-esfaqueada-por-ex-no-meio-da-rua-em-rp\/","url_meta":{"origin":85352,"position":1},"title":"V\u00cdDEO &#8211; Mulher \u00e9 esfaqueada por ex no meio da rua em RP","author":"noticiasribeiraopreto.com.br","date":"23 de April de 2026","format":false,"excerpt":"\r \r \r Autor das facadas fugiu de moto, mas foi preso em Sert\u00e3ozinho e vai responder por tentativa de feminic\u00eddio\r \r 23 de abril de 2026 10:3923 de abril de 2026 10:39 \r Compartilhar2 \r | Por: Adalberto Luque | Uma mulher foi violentamente atacada pelo ex-companheiro nesta quarta-feira\u2026","rel":"","context":"In &quot;Not\u00edcias de Ribeir\u00e3o Preto-SP e Regi\u00e3o&quot;","block_context":{"text":"Not\u00edcias de Ribeir\u00e3o Preto-SP e Regi\u00e3o","link":"https:\/\/noticiasribeiraopreto.com.br\/index.php\/category\/noticias-de-ribeirao-preto-sp-e-regiao-ismael-colosi\/"},"img":{"alt_text":"","src":"https:\/\/i0.wp.com\/noticiasribeiraopreto.com.br\/wp-content\/uploads\/2026\/04\/23-abr-2026-mulheresfaqueada1.jpg?fit=945%2C991&ssl=1&resize=350%2C200","width":350,"height":200,"srcset":"https:\/\/i0.wp.com\/noticiasribeiraopreto.com.br\/wp-content\/uploads\/2026\/04\/23-abr-2026-mulheresfaqueada1.jpg?fit=945%2C991&ssl=1&resize=350%2C200 1x, https:\/\/i0.wp.com\/noticiasribeiraopreto.com.br\/wp-content\/uploads\/2026\/04\/23-abr-2026-mulheresfaqueada1.jpg?fit=945%2C991&ssl=1&resize=525%2C300 1.5x, https:\/\/i0.wp.com\/noticiasribeiraopreto.com.br\/wp-content\/uploads\/2026\/04\/23-abr-2026-mulheresfaqueada1.jpg?fit=945%2C991&ssl=1&resize=700%2C400 2x"},"classes":[]},{"id":18146,"url":"https:\/\/noticiasribeiraopreto.com.br\/index.php\/2023\/12\/19\/utm_sourcerssutm_mediumrssutm_campaignhomem-e-preso-apos-tentar-matar-sua-ex-a-facadas-no-simioni\/","url_meta":{"origin":85352,"position":2},"title":"Homem \u00e9 preso ap\u00f3s tentar matar sua ex a facadas no Simioni \u2013 X Tudo Ribeir\u00e3o","author":"noticiasribeiraopreto.com.br","date":"19 de December de 2023","format":false,"excerpt":"Um valent\u00e3o foi preso pela Pol\u00edcia Militar ap\u00f3s tentar matar sua ex-companheira com golpes de facadas no in\u00edcio da tarde desta ter\u00e7a-feira (19\/12), no Adelino Simioni, na zona Norte de Ribeir\u00e3o Preto. Segundo informa\u00e7\u00f5es da PM, populares acionaram os Policiais versando sobre uma tentativa de feminic\u00eddio defronte a Escola Municipal\u2026","rel":"","context":"In &quot;Not\u00edcias de Ribeir\u00e3o Preto-SP e Regi\u00e3o&quot;","block_context":{"text":"Not\u00edcias de Ribeir\u00e3o Preto-SP e Regi\u00e3o","link":"https:\/\/noticiasribeiraopreto.com.br\/index.php\/category\/noticias-de-ribeirao-preto-sp-e-regiao-ismael-colosi\/"},"img":{"alt_text":"","src":"https:\/\/i0.wp.com\/noticiasribeiraopreto.com.br\/wp-content\/uploads\/2023\/12\/136c14fb-da46-49a1-bf3d-f781ab4f7883.jpeg?fit=1200%2C803&ssl=1&resize=350%2C200","width":350,"height":200,"srcset":"https:\/\/i0.wp.com\/noticiasribeiraopreto.com.br\/wp-content\/uploads\/2023\/12\/136c14fb-da46-49a1-bf3d-f781ab4f7883.jpeg?fit=1200%2C803&ssl=1&resize=350%2C200 1x, https:\/\/i0.wp.com\/noticiasribeiraopreto.com.br\/wp-content\/uploads\/2023\/12\/136c14fb-da46-49a1-bf3d-f781ab4f7883.jpeg?fit=1200%2C803&ssl=1&resize=525%2C300 1.5x, https:\/\/i0.wp.com\/noticiasribeiraopreto.com.br\/wp-content\/uploads\/2023\/12\/136c14fb-da46-49a1-bf3d-f781ab4f7883.jpeg?fit=1200%2C803&ssl=1&resize=700%2C400 2x, https:\/\/i0.wp.com\/noticiasribeiraopreto.com.br\/wp-content\/uploads\/2023\/12\/136c14fb-da46-49a1-bf3d-f781ab4f7883.jpeg?fit=1200%2C803&ssl=1&resize=1050%2C600 3x"},"classes":[]},{"id":80494,"url":"https:\/\/noticiasribeiraopreto.com.br\/index.php\/2025\/12\/04\/mulher-e-morta-por-ex-na-regiao\/","url_meta":{"origin":85352,"position":3},"title":"Mulher \u00e9 morta por ex na regi\u00e3o","author":"noticiasribeiraopreto.com.br","date":"4 de December de 2025","format":false,"excerpt":"\r V\u00edtima de feminic\u00eddio tinha 29 anos e foi atacada a facadas pelo ex-companheiro\r \r 4 de dezembro de 2025 10:18 \r Compartilhar1 Uma mulher morreu, na tarde desta quarta-feira (3), ap\u00f3s ser atacada a facadas por seu ex-companheiro. O feminic\u00eddio ocorreu na rua Ida Venturelli Mengual, Residencial Bela Vista,\u2026","rel":"","context":"In &quot;Not\u00edcias de Ribeir\u00e3o Preto-SP e Regi\u00e3o&quot;","block_context":{"text":"Not\u00edcias de Ribeir\u00e3o Preto-SP e Regi\u00e3o","link":"https:\/\/noticiasribeiraopreto.com.br\/index.php\/category\/noticias-de-ribeirao-preto-sp-e-regiao-ismael-colosi\/"},"img":{"alt_text":"","src":"https:\/\/i0.wp.com\/noticiasribeiraopreto.com.br\/wp-content\/uploads\/2025\/12\/04-dez-2025-feminicidiopontal-scaled.jpg?fit=1106%2C780&ssl=1&resize=350%2C200","width":350,"height":200,"srcset":"https:\/\/i0.wp.com\/noticiasribeiraopreto.com.br\/wp-content\/uploads\/2025\/12\/04-dez-2025-feminicidiopontal-scaled.jpg?fit=1106%2C780&ssl=1&resize=350%2C200 1x, https:\/\/i0.wp.com\/noticiasribeiraopreto.com.br\/wp-content\/uploads\/2025\/12\/04-dez-2025-feminicidiopontal-scaled.jpg?fit=1106%2C780&ssl=1&resize=525%2C300 1.5x, https:\/\/i0.wp.com\/noticiasribeiraopreto.com.br\/wp-content\/uploads\/2025\/12\/04-dez-2025-feminicidiopontal-scaled.jpg?fit=1106%2C780&ssl=1&resize=700%2C400 2x, https:\/\/i0.wp.com\/noticiasribeiraopreto.com.br\/wp-content\/uploads\/2025\/12\/04-dez-2025-feminicidiopontal-scaled.jpg?fit=1106%2C780&ssl=1&resize=1050%2C600 3x"},"classes":[]},{"id":73218,"url":"https:\/\/noticiasribeiraopreto.com.br\/index.php\/2025\/06\/27\/jovem-e-preso-suspeito-de-matar-o-padrasto-a-facadas-em-ribeirao-preto\/","url_meta":{"origin":85352,"position":4},"title":"Jovem \u00e9 preso suspeito de matar o padrasto a facadas em Ribeir\u00e3o Preto","author":"noticiasribeiraopreto.com.br","date":"27 de June de 2025","format":false,"excerpt":"Um jovem de 19 anos foi preso suspeito de matar o padrasto a facadas na noite desta quinta-feira (26), na Comunidade Locomotiva, no Jardim J\u00f3quei Clube, zona Norte de Ribeir\u00e3o Preto. Segundo o boletim de ocorr\u00eancia (BO), Hudson Luiz Fran\u00e7a, de 52 anos, foi encontrado j\u00e1 sem vida na sala\u2026","rel":"","context":"In &quot;Not\u00edcias de Ribeir\u00e3o Preto-SP e Regi\u00e3o&quot;","block_context":{"text":"Not\u00edcias de Ribeir\u00e3o Preto-SP e Regi\u00e3o","link":"https:\/\/noticiasribeiraopreto.com.br\/index.php\/category\/noticias-de-ribeirao-preto-sp-e-regiao-ismael-colosi\/"},"img":{"alt_text":"","src":"https:\/\/i0.wp.com\/noticiasribeiraopreto.com.br\/wp-content\/uploads\/2025\/06\/sirene_pm_1024x576_04022021085205.jpg?fit=1024%2C576&ssl=1&resize=350%2C200","width":350,"height":200,"srcset":"https:\/\/i0.wp.com\/noticiasribeiraopreto.com.br\/wp-content\/uploads\/2025\/06\/sirene_pm_1024x576_04022021085205.jpg?fit=1024%2C576&ssl=1&resize=350%2C200 1x, https:\/\/i0.wp.com\/noticiasribeiraopreto.com.br\/wp-content\/uploads\/2025\/06\/sirene_pm_1024x576_04022021085205.jpg?fit=1024%2C576&ssl=1&resize=525%2C300 1.5x, https:\/\/i0.wp.com\/noticiasribeiraopreto.com.br\/wp-content\/uploads\/2025\/06\/sirene_pm_1024x576_04022021085205.jpg?fit=1024%2C576&ssl=1&resize=700%2C400 2x"},"classes":[]},{"id":82445,"url":"https:\/\/noticiasribeiraopreto.com.br\/index.php\/2026\/02\/14\/namorado-e-condenado-por-feminicidio\/","url_meta":{"origin":85352,"position":5},"title":"Namorado \u00e9 condenado por feminic\u00eddio","author":"noticiasribeiraopreto.com.br","date":"14 de February de 2026","format":false,"excerpt":"\r \r \r 14 de fevereiro de 2026 11:3013 de fevereiro de 2026 21:57 \r Compartilhar0 Adalberto Luque Um j\u00fari popular condenou Gabriel Francisco Barbosa, de 50 anos, a 18 anos de pris\u00e3o \u2013 em regime inicialmente fechado \u2013 pelo feminic\u00eddio qualificado da namorada, a t\u00e9cnica de enfermagem Jaqueline de\u2026","rel":"","context":"In &quot;Not\u00edcias de Ribeir\u00e3o Preto-SP e Regi\u00e3o&quot;","block_context":{"text":"Not\u00edcias de Ribeir\u00e3o Preto-SP e Regi\u00e3o","link":"https:\/\/noticiasribeiraopreto.com.br\/index.php\/category\/noticias-de-ribeirao-preto-sp-e-regiao-ismael-colosi\/"},"img":{"alt_text":"","src":"https:\/\/i0.wp.com\/noticiasribeiraopreto.com.br\/wp-content\/uploads\/2026\/02\/FeminiRP-Reproducao.jpg?fit=960%2C537&ssl=1&resize=350%2C200","width":350,"height":200,"srcset":"https:\/\/i0.wp.com\/noticiasribeiraopreto.com.br\/wp-content\/uploads\/2026\/02\/FeminiRP-Reproducao.jpg?fit=960%2C537&ssl=1&resize=350%2C200 1x, https:\/\/i0.wp.com\/noticiasribeiraopreto.com.br\/wp-content\/uploads\/2026\/02\/FeminiRP-Reproducao.jpg?fit=960%2C537&ssl=1&resize=525%2C300 1.5x, https:\/\/i0.wp.com\/noticiasribeiraopreto.com.br\/wp-content\/uploads\/2026\/02\/FeminiRP-Reproducao.jpg?fit=960%2C537&ssl=1&resize=700%2C400 2x"},"classes":[]}],"jetpack_sharing_enabled":true,"jetpack_shortlink":"https:\/\/wp.me\/peQAOb-mcE","_links":{"self":[{"href":"https:\/\/noticiasribeiraopreto.com.br\/index.php\/wp-json\/wp\/v2\/posts\/85352","targetHints":{"allow":["GET"]}}],"collection":[{"href":"https:\/\/noticiasribeiraopreto.com.br\/index.php\/wp-json\/wp\/v2\/posts"}],"about":[{"href":"https:\/\/noticiasribeiraopreto.com.br\/index.php\/wp-json\/wp\/v2\/types\/post"}],"author":[{"embeddable":true,"href":"https:\/\/noticiasribeiraopreto.com.br\/index.php\/wp-json\/wp\/v2\/users\/1"}],"replies":[{"embeddable":true,"href":"https:\/\/noticiasribeiraopreto.com.br\/index.php\/wp-json\/wp\/v2\/comments?post=85352"}],"version-history":[{"count":0,"href":"https:\/\/noticiasribeiraopreto.com.br\/index.php\/wp-json\/wp\/v2\/posts\/85352\/revisions"}],"wp:featuredmedia":[{"embeddable":true,"href":"https:\/\/noticiasribeiraopreto.com.br\/index.php\/wp-json\/wp\/v2\/media\/85353"}],"wp:attachment":[{"href":"https:\/\/noticiasribeiraopreto.com.br\/index.php\/wp-json\/wp\/v2\/media?parent=85352"}],"wp:term":[{"taxonomy":"category","embeddable":true,"href":"https:\/\/noticiasribeiraopreto.com.br\/index.php\/wp-json\/wp\/v2\/categories?post=85352"},{"taxonomy":"post_tag","embeddable":true,"href":"https:\/\/noticiasribeiraopreto.com.br\/index.php\/wp-json\/wp\/v2\/tags?post=85352"}],"curies":[{"name":"wp","href":"https:\/\/api.w.org\/{rel}","templated":true}]}}