{"id":85354,"date":"2026-04-30T11:05:33","date_gmt":"2026-04-30T14:05:33","guid":{"rendered":"https:\/\/noticiasribeiraopreto.com.br\/index.php\/2026\/04\/30\/policia-arquiva-inquerito-contra-elizabete\/"},"modified":"2026-04-30T11:05:33","modified_gmt":"2026-04-30T14:05:33","slug":"policia-arquiva-inquerito-contra-elizabete","status":"publish","type":"post","link":"https:\/\/noticiasribeiraopreto.com.br\/index.php\/2026\/04\/30\/policia-arquiva-inquerito-contra-elizabete\/","title":{"rendered":"Pol\u00edcia arquiva inqu\u00e9rito contra Elizabete"},"content":{"rendered":"<div class='code-block code-block-1' style='margin: 8px 0 8px auto; text-align: right; display: block; clear: both;'>\n<p><a href=\"https:\/\/wa.link\/vpicfd\"><img data-recalc-dims=\"1\" class=\"wp-image-4922\" style=\"aspect-ratio: 2.0253164556962027; width: 561px; height: auto;\" src=\"https:\/\/i0.wp.com\/ismaelcolosi.com.br\/wp-content\/uploads\/2023\/11\/grupo-de-empregos-whatsapp-e-facebook-ismael-colosi-vagas.jpg?ssl=1\" alt=\"\" \/><\/a><\/p>\n<!-- \/wp:image -->\n<\/div>\n<p> <br \/>\n<\/p>\n<div>\n<p>| Por: Adalberto Luque |<\/p>\n<p>A Pol\u00edcia Civil encerrou o inqu\u00e9rito que apurava se \u00c9lede Guidi teria sido morta por envenenamento por sua amiga, Elizabete Eug\u00eanio Arraba\u00e7a. O caso foi arquivado por falta de provas e pela impossibilidade de realizar o exame no cad\u00e1ver.<\/p>\n<p>O caso foi arquivado pela Delegacia de Homic\u00eddios da Divis\u00e3o Especializada de Investiga\u00e7\u00f5es Criminais (DEIC). Segundo o delegado Jos\u00e9 Carvalho de Ara\u00fajo J\u00fanior, o Instituto M\u00e9dico Legal (IML) informou que n\u00e3o h\u00e1 como realizar exames no corpo da amiga de Elizabete.<\/p>\n<p>\u201cN\u00f3s recebemos do IML uma informa\u00e7\u00e3o de que n\u00e3o h\u00e1 possibilidade de ser feito exame no cad\u00e1ver, na forma como ele se encontra\u201d, explicou o delegado. Com isso, a idosa, que responde a dois homic\u00eddios e uma tentativa, todos por envenenamento, n\u00e3o ser\u00e1 denunciada.<\/p>\n<figure id=\"attachment_441200\" aria-describedby=\"caption-attachment-441200\" style=\"width: 1170px\" class=\"wp-caption alignnone\"><figcaption id=\"caption-attachment-441200\" class=\"wp-caption-text\">Ara\u00fajo, delegado respons\u00e1vel pela DEIC, confirmou o encerramento do inqu\u00e9rito contra a idosa (Foto: Alfredo Risk)<\/figcaption><\/figure>\n<p>Em nota, os advogados Bruno Corr\u00eaa Ribeiro e Jo\u00e3o Pedro Soares Damasceno, informaram que o arquivamento refor\u00e7a o que a defesa sempre sustentou. \u201cA absoluta aus\u00eancia de lastro probat\u00f3rio seguro, especialmente da autoria, inclusive para qualquer outra acusa\u00e7\u00e3o que vem sofrendo, pois, salvo melhor ju\u00edzo, foram fundamentadas em meras conjecturas\u201d, disseram os defensores.<\/p>\n<p>Eles tamb\u00e9m reafirmaram que Elizabete \u00e9 inocente pelo princ\u00edpio da presun\u00e7\u00e3o da inoc\u00eancia ou de n\u00e3o culpabilidade prevista na Constitui\u00e7\u00e3o Federal. \u201cPor fim, a Defesa esclarece, ainda, que aguardar\u00e1 a posi\u00e7\u00e3o do Minist\u00e9rio P\u00fablico quanto ao desfecho do procedimento investigat\u00f3rio\u201d, encerra a nota.<\/p>\n<p><strong>O caso arquivado<\/strong><\/p>\n<p>Elizabete Arraba\u00e7a, de 68 anos, foi investigada pela morte de sua prima, \u00c9lede Guidi, de 80 anos, ocorrido em dezembro de 2026, em Pontal. Com as suspeitas envolvendo o nome da idosa, parentes de \u00c9lede suspeitaram que ela tamb\u00e9m teria sido morta pela amiga e prima Elizabete. O inqu\u00e9rito foi arquivado.<\/p>\n<p><strong>Tr\u00eas den\u00fancias<\/strong><\/p>\n<p>Elizabete foi denunciada por dois homic\u00eddios, de sua nora e sua filha, al\u00e9m da tentativa de homic\u00eddio de uma amiga. e o filho dela, o m\u00e9dico ortopedista Luiz Ant\u00f4nio Garnica, de 38 anos, j\u00e1 foram pronunciados pela morte de Larissa Rodrigues e v\u00e3o a j\u00fari popular pelo assassinato da professora de pilates. Ambos s\u00e3o r\u00e9us neste processo penal. M\u00e3e e filho respondem por feminic\u00eddio triplamente qualificado \u2013 emprego de veneno, meio cruel e mediante dissimula\u00e7\u00e3o e recurso que dificultou a defesa da v\u00edtima.<\/p>\n<figure id=\"attachment_444747\" aria-describedby=\"caption-attachment-444747\" style=\"width: 958px\" class=\"wp-caption alignnone\"><img data-recalc-dims=\"1\" loading=\"lazy\" decoding=\"async\" class=\"size-full wp-image-444747 lazyload\" src=\"https:\/\/i0.wp.com\/www.tribunaribeirao.com.br\/wp-content\/uploads\/2025\/10\/10-set-2025-casolarissa-1.jpg?resize=958%2C503&#038;ssl=1\" alt=\"\" width=\"958\" height=\"503\" srcset=\"https:\/\/www.tribunaribeirao.com.br\/wp-content\/uploads\/2025\/10\/10-set-2025-casolarissa-1.jpg 958w, https:\/\/www.tribunaribeirao.com.br\/wp-content\/uploads\/2025\/10\/10-set-2025-casolarissa-1-300x158.jpg 300w, https:\/\/www.tribunaribeirao.com.br\/wp-content\/uploads\/2025\/10\/10-set-2025-casolarissa-1-768x403.jpg 768w, https:\/\/www.tribunaribeirao.com.br\/wp-content\/uploads\/2025\/10\/10-set-2025-casolarissa-1-762x400.jpg 762w, https:\/\/www.tribunaribeirao.com.br\/wp-content\/uploads\/2025\/10\/10-set-2025-casolarissa-1-585x307.jpg 585w\" data-sizes=\"(max-width: 958px) 100vw, 958px\" style=\"--smush-placeholder-width: 958px; --smush-placeholder-aspect-ratio: 958\/503;\"\/><figcaption id=\"caption-attachment-444747\" class=\"wp-caption-text\">Elizabete e o filho v\u00e3o a j\u00fari popular pela morte da professora Larissa, que era esposa e nora dos r\u00e9us (Foto: Redes Sociais)<\/figcaption><\/figure>\n<p>Luiz Ant\u00f4nio tamb\u00e9m foi pronunciado por fraude processual, acusado de ter alterado a cena do crime. Ele era casado com Larissa Rodrigues.<\/p>\n<p>Elizabete Arraba\u00e7a tamb\u00e9m foi denunciada pelo assassinato da filha Nath\u00e1lia Garnica, de 42 anos, em 9 de fevereiro de 2025, por envenenamento.<\/p>\n<p>A promotora Anne Marie Louren\u00e7o Karsten, de Pontal, tamb\u00e9m acusa a idosa de feminic\u00eddio triplamente qualificado no caso da morte da veterin\u00e1ria \u2013 emprego de veneno, meio cruel e mediante dissimula\u00e7\u00e3o e de recurso que dificultou a defesa da v\u00edtima.<\/p>\n<p>O \u00d3rg\u00e3o Especial do Tribunal de Justi\u00e7a de S\u00e3o Paulo (TJSP) \u2013 inst\u00e2ncia m\u00e1xima da Corte Paulista, formado por 25 desembargadores, 13 mais antigos e doze eleitos pelo Tribunal Pleno \u2013 confirmou que a a\u00e7\u00e3o penal envolvendo a morte de Nathalia Garnica, de 42 anos, em 9 de fevereiro do ano passado, por envenenamento, continuar\u00e1 a tramitar em Pontal. A data do j\u00fari popular ainda n\u00e3o foi marcada.<\/p>\n<figure id=\"attachment_458683\" aria-describedby=\"caption-attachment-458683\" style=\"width: 906px\" class=\"wp-caption alignnone\"><img data-recalc-dims=\"1\" loading=\"lazy\" decoding=\"async\" class=\"size-full wp-image-458683 lazyload\" src=\"https:\/\/i0.wp.com\/www.tribunaribeirao.com.br\/wp-content\/uploads\/2026\/03\/MortePRO-Nat-Reproducao.jpg?resize=906%2C752&#038;ssl=1\" alt=\"\" width=\"906\" height=\"752\" srcset=\"https:\/\/www.tribunaribeirao.com.br\/wp-content\/uploads\/2026\/03\/MortePRO-Nat-Reproducao.jpg 906w, https:\/\/www.tribunaribeirao.com.br\/wp-content\/uploads\/2026\/03\/MortePRO-Nat-Reproducao-300x249.jpg 300w, https:\/\/www.tribunaribeirao.com.br\/wp-content\/uploads\/2026\/03\/MortePRO-Nat-Reproducao-768x637.jpg 768w, https:\/\/www.tribunaribeirao.com.br\/wp-content\/uploads\/2026\/03\/MortePRO-Nat-Reproducao-482x400.jpg 482w, https:\/\/www.tribunaribeirao.com.br\/wp-content\/uploads\/2026\/03\/MortePRO-Nat-Reproducao-585x486.jpg 585w\" data-sizes=\"(max-width: 906px) 100vw, 906px\" style=\"--smush-placeholder-width: 906px; --smush-placeholder-aspect-ratio: 906\/752;\"\/><figcaption id=\"caption-attachment-458683\" class=\"wp-caption-text\">Elizabete tamb\u00e9m responde pela morte da filha Nath\u00e1lia e por tentativa de homic\u00eddio de uma amiga, ocorrido em 2017, ambos em Pontal (Foto: Redes Sociais)<\/figcaption><\/figure>\n<p>No dia 24 de abril, a ju\u00edza Bruna Ara\u00fajo Capelin Matioli, da Vara Criminal de Pontal, acatou a den\u00fancia do promotor Vinicius Pascueto Amaral contra Elizabete, agora r\u00e9 por tentativa de homic\u00eddio qualificado \u2013 motivo torpe, emprego de veneno, meio insidioso e cruel e mediante dissimula\u00e7\u00e3o e recurso que dificultou a defesa da v\u00edtima, al\u00e9m do agravante de ter cometido o crime contra maior de 60 anos \u2013 contra a amiga Neusa Maria Costa de Andrade Ghioto, de 78 anos. A defesa alega inoc\u00eancia nos tr\u00eas casos em que ela foi denunciada.<\/p>\n<\/div>\n<p><br \/>\n<br \/><a href=\"https:\/\/www.tribunaribeirao.com.br\/policia-arquiva-inquerito-contra-elizabete\/\">Texto original daqui <\/a><\/p>\n<!-- CONTENT END 1 -->\n","protected":false},"excerpt":{"rendered":"<p>| Por: Adalberto Luque | A Pol\u00edcia Civil encerrou o inqu\u00e9rito que apurava se \u00c9lede Guidi teria sido morta por envenenamento por sua amiga, Elizabete&#8230;<\/p>\n","protected":false},"author":1,"featured_media":85355,"comment_status":"","ping_status":"","sticky":false,"template":"","format":"standard","meta":{"advanced_seo_description":"","jetpack_seo_html_title":"","jetpack_seo_noindex":false,"jetpack_post_was_ever_published":false,"_jetpack_newsletter_access":"","_jetpack_dont_email_post_to_subs":false,"_jetpack_newsletter_tier_id":0,"_jetpack_memberships_contains_paywalled_content":false,"_jetpack_memberships_contains_paid_content":false,"footnotes":"","jetpack_publicize_message":"","jetpack_publicize_feature_enabled":true,"jetpack_social_post_already_shared":true,"jetpack_social_options":{"image_generator_settings":{"template":"highway","default_image_id":0,"font":"","enabled":false},"version":2}},"categories":[11],"tags":[6525,109,6497,4333,20],"class_list":["post-85354","post","type-post","status-publish","format-standard","has-post-thumbnail","hentry","category-noticias-de-ribeirao-preto-sp-e-regiao-ismael-colosi","tag-arquiva","tag-contra","tag-elizabete","tag-inquerito","tag-policia"],"jetpack_publicize_connections":[],"jetpack_featured_media_url":"https:\/\/i0.wp.com\/noticiasribeiraopreto.com.br\/wp-content\/uploads\/2026\/04\/MortePRO-Mae-Reproducao.jpg?fit=540%2C432&ssl=1","jetpack-related-posts":[{"id":75417,"url":"https:\/\/noticiasribeiraopreto.com.br\/index.php\/2025\/08\/08\/elizabete-arrabaca-e-suspeita-em-novo-inquerito\/","url_meta":{"origin":85354,"position":0},"title":"Elizabete Arraba\u00e7a \u00e9 suspeita em novo inqu\u00e9rito","author":"noticiasribeiraopreto.com.br","date":"8 de August de 2025","format":false,"excerpt":"Por: Adalberto Luque A Pol\u00edcia Civil instaurou mais um inqu\u00e9rito contra Elizabete Arraba\u00e7a, de 68 anos. \u00c9 o quinto inqu\u00e9rito para investigar a participa\u00e7\u00e3o da idosa em homic\u00eddios causados por envenenamento. Elizabete \u00e9 a principal suspeita de ter envenenado sua nora, Larissa Talle Le\u00f4ncio Rodrigues, ocorrido em 22 de mar\u00e7o\u2026","rel":"","context":"In &quot;Not\u00edcias de Ribeir\u00e3o Preto-SP e Regi\u00e3o&quot;","block_context":{"text":"Not\u00edcias de Ribeir\u00e3o Preto-SP e Regi\u00e3o","link":"https:\/\/noticiasribeiraopreto.com.br\/index.php\/category\/noticias-de-ribeirao-preto-sp-e-regiao-ismael-colosi\/"},"img":{"alt_text":"","src":"https:\/\/i0.wp.com\/noticiasribeiraopreto.com.br\/wp-content\/uploads\/2025\/08\/06-mai-2025-envenenamentoprofessora5-1.jpg?fit=1200%2C800&ssl=1&resize=350%2C200","width":350,"height":200,"srcset":"https:\/\/i0.wp.com\/noticiasribeiraopreto.com.br\/wp-content\/uploads\/2025\/08\/06-mai-2025-envenenamentoprofessora5-1.jpg?fit=1200%2C800&ssl=1&resize=350%2C200 1x, https:\/\/i0.wp.com\/noticiasribeiraopreto.com.br\/wp-content\/uploads\/2025\/08\/06-mai-2025-envenenamentoprofessora5-1.jpg?fit=1200%2C800&ssl=1&resize=525%2C300 1.5x, https:\/\/i0.wp.com\/noticiasribeiraopreto.com.br\/wp-content\/uploads\/2025\/08\/06-mai-2025-envenenamentoprofessora5-1.jpg?fit=1200%2C800&ssl=1&resize=700%2C400 2x, https:\/\/i0.wp.com\/noticiasribeiraopreto.com.br\/wp-content\/uploads\/2025\/08\/06-mai-2025-envenenamentoprofessora5-1.jpg?fit=1200%2C800&ssl=1&resize=1050%2C600 3x"},"classes":[]},{"id":78629,"url":"https:\/\/noticiasribeiraopreto.com.br\/index.php\/2025\/10\/15\/elizabete-e-indiciada-pela-morte-de-filha\/","url_meta":{"origin":85354,"position":1},"title":"Elizabete \u00e9 indiciada pela morte de filha","author":"noticiasribeiraopreto.com.br","date":"15 de October de 2025","format":false,"excerpt":"Por: Adalberto Luque O delegado da Delegacia de Homic\u00eddios da Divis\u00e3o Especializada de Investiga\u00e7\u00f5es Criminais (DEIC), Fernando Bravo, concluiu, na tarde desta ter\u00e7a-feira, 14 de outubro, o inqu\u00e9rito que apura a morte de Nathalia Pontes, de 42 anos. Ela foi morta por envenenamento e o delegado indiciou a m\u00e3e da\u2026","rel":"","context":"In &quot;Not\u00edcias de Ribeir\u00e3o Preto-SP e Regi\u00e3o&quot;","block_context":{"text":"Not\u00edcias de Ribeir\u00e3o Preto-SP e Regi\u00e3o","link":"https:\/\/noticiasribeiraopreto.com.br\/index.php\/category\/noticias-de-ribeirao-preto-sp-e-regiao-ismael-colosi\/"},"img":{"alt_text":"","src":"https:\/\/i0.wp.com\/noticiasribeiraopreto.com.br\/wp-content\/uploads\/2025\/10\/12-set-2025-betechumbinhonathalia1.jpg?fit=906%2C752&ssl=1&resize=350%2C200","width":350,"height":200,"srcset":"https:\/\/i0.wp.com\/noticiasribeiraopreto.com.br\/wp-content\/uploads\/2025\/10\/12-set-2025-betechumbinhonathalia1.jpg?fit=906%2C752&ssl=1&resize=350%2C200 1x, https:\/\/i0.wp.com\/noticiasribeiraopreto.com.br\/wp-content\/uploads\/2025\/10\/12-set-2025-betechumbinhonathalia1.jpg?fit=906%2C752&ssl=1&resize=525%2C300 1.5x, https:\/\/i0.wp.com\/noticiasribeiraopreto.com.br\/wp-content\/uploads\/2025\/10\/12-set-2025-betechumbinhonathalia1.jpg?fit=906%2C752&ssl=1&resize=700%2C400 2x"},"classes":[]},{"id":80560,"url":"https:\/\/noticiasribeiraopreto.com.br\/index.php\/2025\/12\/06\/elizabete-arrabaca-e-indiciada-pelo-3o-crime-envolvendo-veneno-no-interior-de-sp\/","url_meta":{"origin":85354,"position":2},"title":"Elizabete Arraba\u00e7a \u00e9 indiciada pelo 3\u00ba crime envolvendo veneno no interior de SP","author":"noticiasribeiraopreto.com.br","date":"6 de December de 2025","format":false,"excerpt":"A Pol\u00edcia Civil indiciou Elizabete Arraba\u00e7a pela tentativa de homic\u00eddio de uma amiga em 2017, em Pontal, no interior de S\u00e3o Paulo. O caso se tornou o terceiro epis\u00f3dio que envolve o uso de veneno pela idosa. A investiga\u00e7\u00e3o aponta que a v\u00edtima, de 78 anos, passou cinco dias internada\u2026","rel":"","context":"In &quot;Not\u00edcias de Ribeir\u00e3o Preto-SP e Regi\u00e3o&quot;","block_context":{"text":"Not\u00edcias de Ribeir\u00e3o Preto-SP e Regi\u00e3o","link":"https:\/\/noticiasribeiraopreto.com.br\/index.php\/category\/noticias-de-ribeirao-preto-sp-e-regiao-ismael-colosi\/"},"img":{"alt_text":"","src":"https:\/\/i0.wp.com\/noticiasribeiraopreto.com.br\/wp-content\/uploads\/2025\/06\/ret_2025-06-26_17-04-24.webp.webp?fit=1200%2C675&ssl=1&resize=350%2C200","width":350,"height":200,"srcset":"https:\/\/i0.wp.com\/noticiasribeiraopreto.com.br\/wp-content\/uploads\/2025\/06\/ret_2025-06-26_17-04-24.webp.webp?fit=1200%2C675&ssl=1&resize=350%2C200 1x, https:\/\/i0.wp.com\/noticiasribeiraopreto.com.br\/wp-content\/uploads\/2025\/06\/ret_2025-06-26_17-04-24.webp.webp?fit=1200%2C675&ssl=1&resize=525%2C300 1.5x, https:\/\/i0.wp.com\/noticiasribeiraopreto.com.br\/wp-content\/uploads\/2025\/06\/ret_2025-06-26_17-04-24.webp.webp?fit=1200%2C675&ssl=1&resize=700%2C400 2x, https:\/\/i0.wp.com\/noticiasribeiraopreto.com.br\/wp-content\/uploads\/2025\/06\/ret_2025-06-26_17-04-24.webp.webp?fit=1200%2C675&ssl=1&resize=1050%2C600 3x"},"classes":[]},{"id":73224,"url":"https:\/\/noticiasribeiraopreto.com.br\/index.php\/2025\/06\/27\/policia-indicia-elizabete-e-garnica-pela-morte-de-larissa\/","url_meta":{"origin":85354,"position":3},"title":"Pol\u00edcia indicia Elizabete e Garnica pela morte de Larissa","author":"noticiasribeiraopreto.com.br","date":"27 de June de 2025","format":false,"excerpt":"Por: Adalberto Luque Em entrevista coletiva, na manh\u00e3 desta sexta-feira (27), o delegado Fernando Bravo, respons\u00e1vel pela investiga\u00e7\u00e3o das mortes por envenenamento de Larissa Talle Le\u00f4ncio e Nathalia Garnica, e o diretor da Divis\u00e3o Especializada de Investiga\u00e7\u00f5es Criminais (DEIC), Jos\u00e9 Carvalho de Ara\u00fajo, informaram que o inqu\u00e9rito que Elizabete Eug\u00eanio\u2026","rel":"","context":"In &quot;Not\u00edcias de Ribeir\u00e3o Preto-SP e Regi\u00e3o&quot;","block_context":{"text":"Not\u00edcias de Ribeir\u00e3o Preto-SP e Regi\u00e3o","link":"https:\/\/noticiasribeiraopreto.com.br\/index.php\/category\/noticias-de-ribeirao-preto-sp-e-regiao-ismael-colosi\/"},"img":{"alt_text":"","src":"https:\/\/i0.wp.com\/noticiasribeiraopreto.com.br\/wp-content\/uploads\/2025\/06\/1751041156_garnica_elisabete.jpg?fit=720%2C656&ssl=1&resize=350%2C200","width":350,"height":200,"srcset":"https:\/\/i0.wp.com\/noticiasribeiraopreto.com.br\/wp-content\/uploads\/2025\/06\/1751041156_garnica_elisabete.jpg?fit=720%2C656&ssl=1&resize=350%2C200 1x, https:\/\/i0.wp.com\/noticiasribeiraopreto.com.br\/wp-content\/uploads\/2025\/06\/1751041156_garnica_elisabete.jpg?fit=720%2C656&ssl=1&resize=525%2C300 1.5x, https:\/\/i0.wp.com\/noticiasribeiraopreto.com.br\/wp-content\/uploads\/2025\/06\/1751041156_garnica_elisabete.jpg?fit=720%2C656&ssl=1&resize=700%2C400 2x"},"classes":[]},{"id":85296,"url":"https:\/\/noticiasribeiraopreto.com.br\/index.php\/2026\/04\/28\/elizabete-vira-re-em-mais-um-caso\/","url_meta":{"origin":85354,"position":4},"title":"Elizabete vira r\u00e9 em mais um caso","author":"noticiasribeiraopreto.com.br","date":"28 de April de 2026","format":false,"excerpt":"A ju\u00edza Bruna Ara\u00fajo Capelin Matioli, da Vara Criminal de Pontal, acatou na sexta-feira, 24 de abril, a den\u00fancia do promotor Vinicius Pascueto Amaral contra Elizabete Eug\u00eanio Arraba\u00e7a, de 68 anos, agora r\u00e9 por tentativa de homic\u00eddio qualificada \u2013 motivo torpe, emprego de veneno, meio insidioso e cruel e mediante\u2026","rel":"","context":"In &quot;Not\u00edcias de Ribeir\u00e3o Preto-SP e Regi\u00e3o&quot;","block_context":{"text":"Not\u00edcias de Ribeir\u00e3o Preto-SP e Regi\u00e3o","link":"https:\/\/noticiasribeiraopreto.com.br\/index.php\/category\/noticias-de-ribeirao-preto-sp-e-regiao-ismael-colosi\/"},"img":{"alt_text":"","src":"https:\/\/i0.wp.com\/noticiasribeiraopreto.com.br\/wp-content\/uploads\/2026\/04\/MortePRO-Mae-Alfredo-Risk.jpg?fit=567%2C738&ssl=1&resize=350%2C200","width":350,"height":200,"srcset":"https:\/\/i0.wp.com\/noticiasribeiraopreto.com.br\/wp-content\/uploads\/2026\/04\/MortePRO-Mae-Alfredo-Risk.jpg?fit=567%2C738&ssl=1&resize=350%2C200 1x, https:\/\/i0.wp.com\/noticiasribeiraopreto.com.br\/wp-content\/uploads\/2026\/04\/MortePRO-Mae-Alfredo-Risk.jpg?fit=567%2C738&ssl=1&resize=525%2C300 1.5x"},"classes":[]},{"id":77147,"url":"https:\/\/noticiasribeiraopreto.com.br\/index.php\/2025\/09\/12\/delegado-deve-indiciar-so-elizabete-por-morte-de-nathalia\/","url_meta":{"origin":85354,"position":5},"title":"Delegado deve indiciar s\u00f3 Elizabete por morte de Nathalia","author":"noticiasribeiraopreto.com.br","date":"12 de September de 2025","format":false,"excerpt":"Por: Adalberto Luque O delegado Fernando Bravo, respons\u00e1vel pela apura\u00e7\u00e3o da morte por envenenamento de Nathalia Garnica adiantou que deve indiciar apenas sua m\u00e3e, Elizabete Eug\u00eanio Arraba\u00e7a, de 68 anos pelo homic\u00eddio. Elizabete e o filho, Luiz Ant\u00f4nio Garnica, de 38 anos, s\u00e3o r\u00e9us em processo que tramita na 2\u00aa\u2026","rel":"","context":"In &quot;Not\u00edcias de Ribeir\u00e3o Preto-SP e Regi\u00e3o&quot;","block_context":{"text":"Not\u00edcias de Ribeir\u00e3o Preto-SP e Regi\u00e3o","link":"https:\/\/noticiasribeiraopreto.com.br\/index.php\/category\/noticias-de-ribeirao-preto-sp-e-regiao-ismael-colosi\/"},"img":{"alt_text":"","src":"https:\/\/i0.wp.com\/noticiasribeiraopreto.com.br\/wp-content\/uploads\/2025\/09\/12-set-2025-betechumbinhonathalia1.jpg?fit=906%2C752&ssl=1&resize=350%2C200","width":350,"height":200,"srcset":"https:\/\/i0.wp.com\/noticiasribeiraopreto.com.br\/wp-content\/uploads\/2025\/09\/12-set-2025-betechumbinhonathalia1.jpg?fit=906%2C752&ssl=1&resize=350%2C200 1x, https:\/\/i0.wp.com\/noticiasribeiraopreto.com.br\/wp-content\/uploads\/2025\/09\/12-set-2025-betechumbinhonathalia1.jpg?fit=906%2C752&ssl=1&resize=525%2C300 1.5x, https:\/\/i0.wp.com\/noticiasribeiraopreto.com.br\/wp-content\/uploads\/2025\/09\/12-set-2025-betechumbinhonathalia1.jpg?fit=906%2C752&ssl=1&resize=700%2C400 2x"},"classes":[]}],"jetpack_sharing_enabled":true,"jetpack_shortlink":"https:\/\/wp.me\/peQAOb-mcG","_links":{"self":[{"href":"https:\/\/noticiasribeiraopreto.com.br\/index.php\/wp-json\/wp\/v2\/posts\/85354","targetHints":{"allow":["GET"]}}],"collection":[{"href":"https:\/\/noticiasribeiraopreto.com.br\/index.php\/wp-json\/wp\/v2\/posts"}],"about":[{"href":"https:\/\/noticiasribeiraopreto.com.br\/index.php\/wp-json\/wp\/v2\/types\/post"}],"author":[{"embeddable":true,"href":"https:\/\/noticiasribeiraopreto.com.br\/index.php\/wp-json\/wp\/v2\/users\/1"}],"replies":[{"embeddable":true,"href":"https:\/\/noticiasribeiraopreto.com.br\/index.php\/wp-json\/wp\/v2\/comments?post=85354"}],"version-history":[{"count":0,"href":"https:\/\/noticiasribeiraopreto.com.br\/index.php\/wp-json\/wp\/v2\/posts\/85354\/revisions"}],"wp:featuredmedia":[{"embeddable":true,"href":"https:\/\/noticiasribeiraopreto.com.br\/index.php\/wp-json\/wp\/v2\/media\/85355"}],"wp:attachment":[{"href":"https:\/\/noticiasribeiraopreto.com.br\/index.php\/wp-json\/wp\/v2\/media?parent=85354"}],"wp:term":[{"taxonomy":"category","embeddable":true,"href":"https:\/\/noticiasribeiraopreto.com.br\/index.php\/wp-json\/wp\/v2\/categories?post=85354"},{"taxonomy":"post_tag","embeddable":true,"href":"https:\/\/noticiasribeiraopreto.com.br\/index.php\/wp-json\/wp\/v2\/tags?post=85354"}],"curies":[{"name":"wp","href":"https:\/\/api.w.org\/{rel}","templated":true}]}}