{"id":85356,"date":"2026-04-30T11:47:27","date_gmt":"2026-04-30T14:47:27","guid":{"rendered":"https:\/\/noticiasribeiraopreto.com.br\/index.php\/2026\/04\/30\/estacionamento-rotativo-na-d-pedro-ja-esta-liberado\/"},"modified":"2026-04-30T11:47:27","modified_gmt":"2026-04-30T14:47:27","slug":"estacionamento-rotativo-na-d-pedro-ja-esta-liberado","status":"publish","type":"post","link":"https:\/\/noticiasribeiraopreto.com.br\/index.php\/2026\/04\/30\/estacionamento-rotativo-na-d-pedro-ja-esta-liberado\/","title":{"rendered":"Estacionamento rotativo na D. Pedro j\u00e1 est\u00e1 liberado &#8211; THMais"},"content":{"rendered":"<div class='code-block code-block-1' style='margin: 8px 0 8px auto; text-align: right; display: block; clear: both;'>\n<p><a href=\"https:\/\/wa.link\/vpicfd\"><img data-recalc-dims=\"1\" class=\"wp-image-4922\" style=\"aspect-ratio: 2.0253164556962027; width: 561px; height: auto;\" src=\"https:\/\/i0.wp.com\/ismaelcolosi.com.br\/wp-content\/uploads\/2023\/11\/grupo-de-empregos-whatsapp-e-facebook-ismael-colosi-vagas.jpg?ssl=1\" alt=\"\" \/><\/a><\/p>\n<!-- \/wp:image -->\n<\/div>\n<p> <br \/>\n<\/p>\n<div data-td-block-uid=\"tdi_144\">\n<div class=\"tdb-block-inner td-fix-index\">\n<p>A Associa\u00e7\u00e3o Comercial e Industrial de Ribeir\u00e3o Preto (Acirp) informa que os carros j\u00e1 podem voltar a estacionar na Avenida Dom Pedro I, uma das principais vias comerciais da cidade. O estacionamento rotativo da \u00c1rea Azul passa agora a vigorar no trecho entre as ruas Par\u00e1 e Japur\u00e1, antes limitado ao corredor de \u00f4nibus.<\/p>\n<p>O funcionamento de segunda-feira a sexta-feira \u00e9 das 9h \u00e0s 16h. Aos s\u00e1bados, a \u00c1rea Azul opera das 9h \u00e0s 13h. J\u00e1 aos domingos e feriados, o estacionamento est\u00e1 liberado durante todo o dia, sem custos.<\/p>\n<p>Para Aparecida Inacia Garcia Delgado, diretora da empresa Monte Alegre refrigera\u00e7\u00e3o e gourmet, a retomada da \u00c1rea Azul Digital na Avenida Dom Pedro I foi uma boa ideia. Ela atua h\u00e1 46 anos na regi\u00e3o e diz que mesmo a empresa tendo estacionamento pr\u00f3prio, a mudan\u00e7a beneficia o consumidor e lojista.<\/p>\n<p>\u201cEstacionamento f\u00e1cil, o cliente chega\u201d, afirma Delgado. A diretora considera que o envolvimento da Acirp ajudou a resolver a situa\u00e7\u00e3o na via e trouxe boa expectativa para os empres\u00e1rios da \u00e1rea.<\/p>\n<p>Edson Brussolo Saraiva Caldeira, superintendente da Distrital Oeste da Acirp, diz que a entidade est\u00e1 de portas abertas para ouvir e contribuir com as demandas dos empres\u00e1rios locais.<\/p>\n<p>\u201cNosso Institucional e Jur\u00eddico atuam em prol do coletivo. Queremos ampliar a sensa\u00e7\u00e3o de seguran\u00e7a e a circula\u00e7\u00e3o de pessoas em benef\u00edcios de todos que trabalham, empreendem e vivem na regi\u00e3o da D.Pedro\u201d, refor\u00e7a Caldeira.<\/p>\n<\/div>\n<\/div>\n<p><br \/>\n<br \/><a href=\"https:\/\/thmais.com.br\/cidades\/ribeirao-preto\/estacionamento-rotativo-na-d-pedro-ja-esta-liberado\/\">Link para o texto original <\/a><\/p>\n<!-- CONTENT END 1 -->\n","protected":false},"excerpt":{"rendered":"<p>A Associa\u00e7\u00e3o Comercial e Industrial de Ribeir\u00e3o Preto (Acirp) informa que os carros j\u00e1 podem voltar a estacionar na Avenida Dom Pedro I, uma das&#8230;<\/p>\n","protected":false},"author":1,"featured_media":85357,"comment_status":"","ping_status":"","sticky":false,"template":"","format":"standard","meta":{"advanced_seo_description":"","jetpack_seo_html_title":"","jetpack_seo_noindex":false,"jetpack_post_was_ever_published":false,"_jetpack_newsletter_access":"","_jetpack_dont_email_post_to_subs":false,"_jetpack_newsletter_tier_id":0,"_jetpack_memberships_contains_paywalled_content":false,"_jetpack_memberships_contains_paid_content":false,"footnotes":"","jetpack_publicize_message":"","jetpack_publicize_feature_enabled":true,"jetpack_social_post_already_shared":true,"jetpack_social_options":{"image_generator_settings":{"template":"highway","default_image_id":0,"font":"","enabled":false},"version":2}},"categories":[11],"tags":[656,4178,292,2979,58,2921,6443],"class_list":["post-85356","post","type-post","status-publish","format-standard","has-post-thumbnail","hentry","category-noticias-de-ribeirao-preto-sp-e-regiao-ismael-colosi","tag-esta","tag-estacionamento","tag-ja","tag-liberado","tag-pedro","tag-rotativo","tag-thmais"],"jetpack_publicize_connections":[],"jetpack_featured_media_url":"https:\/\/i0.wp.com\/noticiasribeiraopreto.com.br\/wp-content\/uploads\/2026\/04\/WhatsApp-Image-2022-07-11-at-09.09.06.jpeg?fit=1280%2C720&ssl=1","jetpack-related-posts":[{"id":62706,"url":"https:\/\/noticiasribeiraopreto.com.br\/index.php\/2025\/01\/22\/rp-mobi-comeca-fiscalizacao-das-vagas-da-area-azul-na-avenida-dom-pedro-i\/","url_meta":{"origin":85356,"position":0},"title":"RP Mobi come\u00e7a fiscaliza\u00e7\u00e3o das vagas da \u00c1rea Azul na avenida Dom Pedro I","author":"noticiasribeiraopreto.com.br","date":"22 de January de 2025","format":false,"excerpt":"A RP Mobi come\u00e7ou nesta quarta-feira (22) a fiscaliza\u00e7\u00e3o das vagas de estacionamento da \u00c1rea Azul na avenida Dom Pedro I, em Ribeir\u00e3o Preto. O estacionamento rotativo foi liberado no trecho entre as ruas Par\u00e1 e Japur\u00e1. O retorno do estacionamento rotativo foi liberado pelo decreto 1\/2025, assinado pelo prefeito\u2026","rel":"","context":"In &quot;Not\u00edcias de Ribeir\u00e3o Preto-SP e Regi\u00e3o&quot;","block_context":{"text":"Not\u00edcias de Ribeir\u00e3o Preto-SP e Regi\u00e3o","link":"https:\/\/noticiasribeiraopreto.com.br\/index.php\/category\/noticias-de-ribeirao-preto-sp-e-regiao-ismael-colosi\/"},"img":{"alt_text":"","src":"https:\/\/i0.wp.com\/noticiasribeiraopreto.com.br\/wp-content\/uploads\/2025\/01\/estacionamento-dom-pedro_2025-01-22_14-03-16_jpg_2025-01-22_14-03-16.webp.webp?fit=1200%2C702&ssl=1&resize=350%2C200","width":350,"height":200,"srcset":"https:\/\/i0.wp.com\/noticiasribeiraopreto.com.br\/wp-content\/uploads\/2025\/01\/estacionamento-dom-pedro_2025-01-22_14-03-16_jpg_2025-01-22_14-03-16.webp.webp?fit=1200%2C702&ssl=1&resize=350%2C200 1x, https:\/\/i0.wp.com\/noticiasribeiraopreto.com.br\/wp-content\/uploads\/2025\/01\/estacionamento-dom-pedro_2025-01-22_14-03-16_jpg_2025-01-22_14-03-16.webp.webp?fit=1200%2C702&ssl=1&resize=525%2C300 1.5x, https:\/\/i0.wp.com\/noticiasribeiraopreto.com.br\/wp-content\/uploads\/2025\/01\/estacionamento-dom-pedro_2025-01-22_14-03-16_jpg_2025-01-22_14-03-16.webp.webp?fit=1200%2C702&ssl=1&resize=700%2C400 2x, https:\/\/i0.wp.com\/noticiasribeiraopreto.com.br\/wp-content\/uploads\/2025\/01\/estacionamento-dom-pedro_2025-01-22_14-03-16_jpg_2025-01-22_14-03-16.webp.webp?fit=1200%2C702&ssl=1&resize=1050%2C600 3x"},"classes":[]},{"id":62573,"url":"https:\/\/noticiasribeiraopreto.com.br\/index.php\/2025\/01\/17\/area-azul-multas-na-avenida-dom-pedro-i-comecam-na-proxima-semana\/","url_meta":{"origin":85356,"position":1},"title":"\u00c1rea Azul: Multas na avenida Dom Pedro I come\u00e7am na pr\u00f3xima semana","author":"noticiasribeiraopreto.com.br","date":"17 de January de 2025","format":false,"excerpt":"A RP Mobi come\u00e7a na pr\u00f3xima quarta-feira (22) a fiscalizar as vagas de estacionamento da \u00c1rea Azul na avenida Dom Pedro I, em Ribeir\u00e3o Preto, no trecho entre as ruas Par\u00e1 e Japur\u00e1. Caso algum motorista desrespeite os estacionamento rotativo, poder\u00e1 ser multado em R$ 195,23, al\u00e9m de perder cinco\u2026","rel":"","context":"In &quot;Not\u00edcias de Ribeir\u00e3o Preto-SP e Regi\u00e3o&quot;","block_context":{"text":"Not\u00edcias de Ribeir\u00e3o Preto-SP e Regi\u00e3o","link":"https:\/\/noticiasribeiraopreto.com.br\/index.php\/category\/noticias-de-ribeirao-preto-sp-e-regiao-ismael-colosi\/"},"img":{"alt_text":"","src":"https:\/\/i0.wp.com\/noticiasribeiraopreto.com.br\/wp-content\/uploads\/2025\/01\/dom-pedro-i_2025-01-02_16-26-28_jpg_2025-01-02_16-26-28.webp.webp?fit=984%2C552&ssl=1&resize=350%2C200","width":350,"height":200,"srcset":"https:\/\/i0.wp.com\/noticiasribeiraopreto.com.br\/wp-content\/uploads\/2025\/01\/dom-pedro-i_2025-01-02_16-26-28_jpg_2025-01-02_16-26-28.webp.webp?fit=984%2C552&ssl=1&resize=350%2C200 1x, https:\/\/i0.wp.com\/noticiasribeiraopreto.com.br\/wp-content\/uploads\/2025\/01\/dom-pedro-i_2025-01-02_16-26-28_jpg_2025-01-02_16-26-28.webp.webp?fit=984%2C552&ssl=1&resize=525%2C300 1.5x, https:\/\/i0.wp.com\/noticiasribeiraopreto.com.br\/wp-content\/uploads\/2025\/01\/dom-pedro-i_2025-01-02_16-26-28_jpg_2025-01-02_16-26-28.webp.webp?fit=984%2C552&ssl=1&resize=700%2C400 2x"},"classes":[]},{"id":5015,"url":"https:\/\/noticiasribeiraopreto.com.br\/index.php\/2023\/11\/22\/rp-mobi-adia-inicio-da-fiscalizacao-da-area-azul-digital-na-regiao-da-dom-pedro-i\/","url_meta":{"origin":85356,"position":2},"title":"RP Mobi adia in\u00edcio da fiscaliza\u00e7\u00e3o da \u00c1rea Azul Digital na regi\u00e3o da Dom Pedro I","author":"noticiasribeiraopreto.com.br","date":"22 de November de 2023","format":false,"excerpt":"A RP Mobi informou que vai adiar para o dia 4 de dezembro o in\u00edcio da fiscaliza\u00e7\u00e3o das vagas da \u00c1rea Azul Digital na regi\u00e3o da avenida Dom Pedro I, em Ribeir\u00e3o Preto. Inicialmente, a aplica\u00e7\u00e3o de multas estava programada para esta quinta-feira (23). Ao todo, s\u00e3o 302 vagas de\u2026","rel":"","context":"In &quot;Not\u00edcias de Ribeir\u00e3o Preto-SP e Regi\u00e3o&quot;","block_context":{"text":"Not\u00edcias de Ribeir\u00e3o Preto-SP e Regi\u00e3o","link":"https:\/\/noticiasribeiraopreto.com.br\/index.php\/category\/noticias-de-ribeirao-preto-sp-e-regiao-ismael-colosi\/"},"img":{"alt_text":"","src":"https:\/\/i0.wp.com\/noticiasribeiraopreto.com.br\/wp-content\/uploads\/2023\/11\/area-azul-dom-pedro.jpeg?fit=1200%2C900&ssl=1&resize=350%2C200","width":350,"height":200,"srcset":"https:\/\/i0.wp.com\/noticiasribeiraopreto.com.br\/wp-content\/uploads\/2023\/11\/area-azul-dom-pedro.jpeg?fit=1200%2C900&ssl=1&resize=350%2C200 1x, https:\/\/i0.wp.com\/noticiasribeiraopreto.com.br\/wp-content\/uploads\/2023\/11\/area-azul-dom-pedro.jpeg?fit=1200%2C900&ssl=1&resize=525%2C300 1.5x, https:\/\/i0.wp.com\/noticiasribeiraopreto.com.br\/wp-content\/uploads\/2023\/11\/area-azul-dom-pedro.jpeg?fit=1200%2C900&ssl=1&resize=700%2C400 2x, https:\/\/i0.wp.com\/noticiasribeiraopreto.com.br\/wp-content\/uploads\/2023\/11\/area-azul-dom-pedro.jpeg?fit=1200%2C900&ssl=1&resize=1050%2C600 3x"},"classes":[]},{"id":55495,"url":"https:\/\/noticiasribeiraopreto.com.br\/index.php\/2024\/08\/02\/regiao-da-avenida-dom-pedro-i-ganha-novas-vagas-de-area-azul-veja-onde\/","url_meta":{"origin":85356,"position":3},"title":"Regi\u00e3o da avenida Dom Pedro I ganha novas vagas de \u00e1rea azul; Veja onde","author":"noticiasribeiraopreto.com.br","date":"2 de August de 2024","format":false,"excerpt":"O entorno da pra\u00e7a Pedro Biagi, no bairro Ipiranga, na zona Norte de Ribeir\u00e3o Preto, ter\u00e1 novas vagas de estacionamento nos pr\u00f3ximos dias. Os locais j\u00e1 est\u00e3o demarcados e sinalizados, mas a cobran\u00e7a da \u00e1rea azul, ainda, n\u00e3o tem data definida. A solicita\u00e7\u00e3o da Acirp (Associa\u00e7\u00e3o Comercial e Industrial de\u2026","rel":"","context":"In &quot;Not\u00edcias de Ribeir\u00e3o Preto-SP e Regi\u00e3o&quot;","block_context":{"text":"Not\u00edcias de Ribeir\u00e3o Preto-SP e Regi\u00e3o","link":"https:\/\/noticiasribeiraopreto.com.br\/index.php\/category\/noticias-de-ribeirao-preto-sp-e-regiao-ismael-colosi\/"},"img":{"alt_text":"","src":"https:\/\/i0.wp.com\/noticiasribeiraopreto.com.br\/wp-content\/uploads\/2024\/08\/4_2024-08-02_16-01-17_jpg_2024-08-02_16-01-17.webp.webp?fit=1200%2C675&ssl=1&resize=350%2C200","width":350,"height":200,"srcset":"https:\/\/i0.wp.com\/noticiasribeiraopreto.com.br\/wp-content\/uploads\/2024\/08\/4_2024-08-02_16-01-17_jpg_2024-08-02_16-01-17.webp.webp?fit=1200%2C675&ssl=1&resize=350%2C200 1x, https:\/\/i0.wp.com\/noticiasribeiraopreto.com.br\/wp-content\/uploads\/2024\/08\/4_2024-08-02_16-01-17_jpg_2024-08-02_16-01-17.webp.webp?fit=1200%2C675&ssl=1&resize=525%2C300 1.5x, https:\/\/i0.wp.com\/noticiasribeiraopreto.com.br\/wp-content\/uploads\/2024\/08\/4_2024-08-02_16-01-17_jpg_2024-08-02_16-01-17.webp.webp?fit=1200%2C675&ssl=1&resize=700%2C400 2x, https:\/\/i0.wp.com\/noticiasribeiraopreto.com.br\/wp-content\/uploads\/2024\/08\/4_2024-08-02_16-01-17_jpg_2024-08-02_16-01-17.webp.webp?fit=1200%2C675&ssl=1&resize=1050%2C600 3x"},"classes":[]},{"id":34624,"url":"https:\/\/noticiasribeiraopreto.com.br\/index.php\/2024\/02\/02\/avenida-nove-de-julho-comeca-a-receber-sinalizacao-para-area-azul-digital\/","url_meta":{"origin":85356,"position":4},"title":"Avenida Nove de Julho come\u00e7a a receber sinaliza\u00e7\u00e3o para \u00c1rea Azul Digital","author":"noticiasribeiraopreto.com.br","date":"2 de February de 2024","format":false,"excerpt":"A Prefeitura de Ribeir\u00e3o Preto informou, nesta sexta-feira (2), que a avenida Nove de Julho come\u00e7ou a receber sinaliza\u00e7\u00e3o para a \u00c1rea Azul Digital no trecho entre as ruas S\u00e3o Jos\u00e9 e Comandante Marcondes Salgado. O local est\u00e1 interditado desde dezembro do ano passado, ap\u00f3s a Prefeitura romper o contrato\u2026","rel":"","context":"In &quot;Not\u00edcias de Ribeir\u00e3o Preto-SP e Regi\u00e3o&quot;","block_context":{"text":"Not\u00edcias de Ribeir\u00e3o Preto-SP e Regi\u00e3o","link":"https:\/\/noticiasribeiraopreto.com.br\/index.php\/category\/noticias-de-ribeirao-preto-sp-e-regiao-ismael-colosi\/"},"img":{"alt_text":"","src":"https:\/\/i0.wp.com\/noticiasribeiraopreto.com.br\/wp-content\/uploads\/2024\/02\/gradil_instalacao_rpmobi_-_foto_fernando_gonzaga_5.jpg?fit=1200%2C800&ssl=1&resize=350%2C200","width":350,"height":200,"srcset":"https:\/\/i0.wp.com\/noticiasribeiraopreto.com.br\/wp-content\/uploads\/2024\/02\/gradil_instalacao_rpmobi_-_foto_fernando_gonzaga_5.jpg?fit=1200%2C800&ssl=1&resize=350%2C200 1x, https:\/\/i0.wp.com\/noticiasribeiraopreto.com.br\/wp-content\/uploads\/2024\/02\/gradil_instalacao_rpmobi_-_foto_fernando_gonzaga_5.jpg?fit=1200%2C800&ssl=1&resize=525%2C300 1.5x, https:\/\/i0.wp.com\/noticiasribeiraopreto.com.br\/wp-content\/uploads\/2024\/02\/gradil_instalacao_rpmobi_-_foto_fernando_gonzaga_5.jpg?fit=1200%2C800&ssl=1&resize=700%2C400 2x, https:\/\/i0.wp.com\/noticiasribeiraopreto.com.br\/wp-content\/uploads\/2024\/02\/gradil_instalacao_rpmobi_-_foto_fernando_gonzaga_5.jpg?fit=1200%2C800&ssl=1&resize=1050%2C600 3x"},"classes":[]},{"id":74285,"url":"https:\/\/noticiasribeiraopreto.com.br\/index.php\/2025\/07\/19\/area-azul-comeca-em-4-de-agosto\/","url_meta":{"origin":85356,"position":5},"title":"\u00c1rea Azul come\u00e7a em 4 de agosto","author":"noticiasribeiraopreto.com.br","date":"19 de July de 2025","format":false,"excerpt":"19 de julho de 2025 08:3018 de julho de 2025 20:047 Compartilhar0 A RP Mobi \u2013 Empresa de Mobilidade Urbana de Ribeir\u00e3o Preto S.A, a antiga Transerp, respons\u00e1vel pelo tr\u00e2nsito e transporte \u2013 anunciou que a rua Floriano Peixoto, entre as avenidas Doutor Francisco Junqueira e Nove de Julho, na\u2026","rel":"","context":"In &quot;Not\u00edcias de Ribeir\u00e3o Preto-SP e Regi\u00e3o&quot;","block_context":{"text":"Not\u00edcias de Ribeir\u00e3o Preto-SP e Regi\u00e3o","link":"https:\/\/noticiasribeiraopreto.com.br\/index.php\/category\/noticias-de-ribeirao-preto-sp-e-regiao-ismael-colosi\/"},"img":{"alt_text":"","src":"https:\/\/i0.wp.com\/noticiasribeiraopreto.com.br\/wp-content\/uploads\/2025\/07\/AreaAzul-Divulgacao.jpg?fit=960%2C646&ssl=1&resize=350%2C200","width":350,"height":200,"srcset":"https:\/\/i0.wp.com\/noticiasribeiraopreto.com.br\/wp-content\/uploads\/2025\/07\/AreaAzul-Divulgacao.jpg?fit=960%2C646&ssl=1&resize=350%2C200 1x, https:\/\/i0.wp.com\/noticiasribeiraopreto.com.br\/wp-content\/uploads\/2025\/07\/AreaAzul-Divulgacao.jpg?fit=960%2C646&ssl=1&resize=525%2C300 1.5x, https:\/\/i0.wp.com\/noticiasribeiraopreto.com.br\/wp-content\/uploads\/2025\/07\/AreaAzul-Divulgacao.jpg?fit=960%2C646&ssl=1&resize=700%2C400 2x"},"classes":[]}],"jetpack_sharing_enabled":true,"jetpack_shortlink":"https:\/\/wp.me\/peQAOb-mcI","_links":{"self":[{"href":"https:\/\/noticiasribeiraopreto.com.br\/index.php\/wp-json\/wp\/v2\/posts\/85356","targetHints":{"allow":["GET"]}}],"collection":[{"href":"https:\/\/noticiasribeiraopreto.com.br\/index.php\/wp-json\/wp\/v2\/posts"}],"about":[{"href":"https:\/\/noticiasribeiraopreto.com.br\/index.php\/wp-json\/wp\/v2\/types\/post"}],"author":[{"embeddable":true,"href":"https:\/\/noticiasribeiraopreto.com.br\/index.php\/wp-json\/wp\/v2\/users\/1"}],"replies":[{"embeddable":true,"href":"https:\/\/noticiasribeiraopreto.com.br\/index.php\/wp-json\/wp\/v2\/comments?post=85356"}],"version-history":[{"count":0,"href":"https:\/\/noticiasribeiraopreto.com.br\/index.php\/wp-json\/wp\/v2\/posts\/85356\/revisions"}],"wp:featuredmedia":[{"embeddable":true,"href":"https:\/\/noticiasribeiraopreto.com.br\/index.php\/wp-json\/wp\/v2\/media\/85357"}],"wp:attachment":[{"href":"https:\/\/noticiasribeiraopreto.com.br\/index.php\/wp-json\/wp\/v2\/media?parent=85356"}],"wp:term":[{"taxonomy":"category","embeddable":true,"href":"https:\/\/noticiasribeiraopreto.com.br\/index.php\/wp-json\/wp\/v2\/categories?post=85356"},{"taxonomy":"post_tag","embeddable":true,"href":"https:\/\/noticiasribeiraopreto.com.br\/index.php\/wp-json\/wp\/v2\/tags?post=85356"}],"curies":[{"name":"wp","href":"https:\/\/api.w.org\/{rel}","templated":true}]}}