{"id":85358,"date":"2026-04-30T12:27:11","date_gmt":"2026-04-30T15:27:11","guid":{"rendered":"https:\/\/noticiasribeiraopreto.com.br\/index.php\/2026\/04\/30\/video-mulher-atropela-idoso-com-carro-da-vitima-apos-desentendimento\/"},"modified":"2026-04-30T12:27:11","modified_gmt":"2026-04-30T15:27:11","slug":"video-mulher-atropela-idoso-com-carro-da-vitima-apos-desentendimento","status":"publish","type":"post","link":"https:\/\/noticiasribeiraopreto.com.br\/index.php\/2026\/04\/30\/video-mulher-atropela-idoso-com-carro-da-vitima-apos-desentendimento\/","title":{"rendered":"V\u00cdDEO &#8211; Mulher atropela idoso com carro da v\u00edtima ap\u00f3s desentendimento"},"content":{"rendered":"<div class='code-block code-block-1' style='margin: 8px 0 8px auto; text-align: right; display: block; clear: both;'>\n<p><a href=\"https:\/\/wa.link\/vpicfd\"><img data-recalc-dims=\"1\" class=\"wp-image-4922\" style=\"aspect-ratio: 2.0253164556962027; width: 561px; height: auto;\" src=\"https:\/\/i0.wp.com\/ismaelcolosi.com.br\/wp-content\/uploads\/2023\/11\/grupo-de-empregos-whatsapp-e-facebook-ismael-colosi-vagas.jpg?ssl=1\" alt=\"\" \/><\/a><\/p>\n<!-- \/wp:image -->\n<\/div>\n<p> <br \/>\n<\/p>\n<div id=\"\">&#13;<\/p>\n<h2 class=\"penci-post-subtitle\">Casal teria relacionamento e, segundo a condutora do ve\u00edculo que causou ferimentos grav\u00edssimos, eles teriam se desentendido<\/h2>\n<p>&#13;<\/p>\n<p>&#13;<br \/>\n\t\t\t\t\t\t\t\t\t<span class=\"entry-meta-item penci-posted-on\"><i class=\"fa fa-clock-o\"\/><time class=\"entry-date published updated\" datetime=\"2026-04-30T12:26:13-03:00\">30 de abril de 2026 12:26<\/time><\/span><span class=\"entry-meta-item penci-post-countview\"\/>\t\t\t\t\t\t\t\t<\/p>\n<p><!-- .entry-meta -->&#13;<br \/>\n\t\t\t\t\t\t\t\t<span class=\"penci-social-buttons penci-social-share-footer\"><span class=\"penci-social-share-text\">Compartilhar<\/span><a href=\"#\" class=\"penci-post-like penci_post-meta_item  single-like-button penci-social-item like\" data-post_id=\"462631\" title=\"Like\" data-like=\"Like\" data-unlike=\"Unlike\"><i class=\"fa fa-thumbs-o-up\"\/><span class=\"penci-share-number\">1<\/span><\/a><i class=\"fa fa-facebook\"\/><a class=\"penci-social-item twitter\" target=\"_blank\" rel=\"noopener\" title=\"\" href=\"https:\/\/twitter.com\/intent\/tweet?text=V\u00cdDEO%20-%20Mulher%20atropela%20idoso%20com%20carro%20da%20v\u00edtima%20ap\u00f3s%20desentendimento%20-%20https:\/\/www.tribunaribeirao.com.br\/video-mulher-atropela-idoso-com-carro-da-vitima-apos-desentendimento\/\"><i class=\"fa fa-twitter\"\/><\/a><i class=\"fa fa-linkedin\"\/><i class=\"fa fa-whatsapp\"\/><i class=\"fa fa-telegram\"\/><i class=\"fa fa-envelope\"\/><\/span>\t\t\t\t\t\t\t<\/div>\n<div>\n<p>| Por: Adalberto Luque |<\/p>\n<p>Um idoso de 72 anos foi atropelado, na madrugada desta quinta-feira (30), com seu pr\u00f3prio carro. Quem conduzia o ve\u00edculo \u00e9 uma mulher de 54 anos, com quem ele se relacionava. O atropelamento ocorreu na rua Dias da Costa, no Centro de Cravinhos, cidade da regi\u00e3o metropolitana de Ribeir\u00e3o Preto.<\/p>\n<p>De acordo com o Boletim de Ocorr\u00eancia (B.O.), o idoso teria sido conduzido at\u00e9 a Santa Casa de Cravinhos ap\u00f3s ser atropelado. Como o caso foi considerado muito grave, a Pol\u00edcia Militar foi acionada e a v\u00edtima foi transferida para Ribeir\u00e3o Preto.<\/p>\n<p>Como o idoso era conhecido em Cravinhos, os PMs foram at\u00e9 sua resid\u00eancia e n\u00e3o encontraram ningu\u00e9m, nem o carro. O ve\u00edculo foi encontrado na frente da casa de Elaine Regina Gouveia Silva, com quem ele se relacionava. Os policiais chamaram a mulher que admitiu ter atropelado o idoso.<\/p>\n<figure id=\"attachment_462632\" aria-describedby=\"caption-attachment-462632\" style=\"width: 1016px\" class=\"wp-caption alignnone\"><figcaption id=\"caption-attachment-462632\" class=\"wp-caption-text\">Homem foi atropelado pelo pr\u00f3prio carro e mulher que conduzia fugiu pela contram\u00e3o (Foto: Reprodu\u00e7\u00e3o)<\/figcaption><\/figure>\n<p>Ela teria dito que ambos passaram a noite consumindo bebidas alco\u00f3licas e, em dado momento, teriam se desentendido. Ela alega que ele teria desferido um soco e teria se irritado. O homem fugiu por uma avenida. A mulher apanhou o carro do companheiro e o perseguiu pela contram\u00e3o de dire\u00e7\u00e3o.<\/p>\n<p>Na rua Dias da Costa, ele tentou atravessar e a mulher acelerou, passando com o carro por sobre o corpo da v\u00edtima e fugindo pela contram\u00e3o. Uma c\u00e2mera de seguran\u00e7a registrou o atropelamento. Depois a mulher fugiu. O homem, que foi transferido em estado grav\u00edssimo para o Hospital das Cl\u00ednicas \u2013 Unidade de Emerg\u00eancia, n\u00e3o teve seu quadro cl\u00ednico atualizado.<\/p>\n<p>A mulher foi levada para a Delegacia de Cravinhos. O delegado determinou sua pris\u00e3o em flagrante e teria requisitado pris\u00e3o preventiva, que seria decidida em audi\u00eancia de cust\u00f3dia, que deve acontecer na sexta-feira (1\u00ba). Levada a uma unidade prisional, ela ficou \u00e0 disposi\u00e7\u00e3o da Justi\u00e7a para responder por tentativa de homic\u00eddio.<\/p>\n<\/div>\n<p><script async src=\"\/\/platform.twitter.com\/widgets.js\" charset=\"utf-8\"><\/script><br \/>\n<br \/><br \/>\n<br \/><a href=\"https:\/\/www.tribunaribeirao.com.br\/video-mulher-atropela-idoso-com-carro-da-vitima-apos-desentendimento\/\">Texto original daqui <\/a><\/p>\n<!-- CONTENT END 1 -->\n","protected":false},"excerpt":{"rendered":"<p>&#13; Casal teria relacionamento e, segundo a condutora do ve\u00edculo que causou ferimentos grav\u00edssimos, eles teriam se desentendido &#13; &#13; 30 de abril de 2026&#8230;<\/p>\n","protected":false},"author":1,"featured_media":85359,"comment_status":"","ping_status":"","sticky":false,"template":"","format":"standard","meta":{"advanced_seo_description":"","jetpack_seo_html_title":"","jetpack_seo_noindex":false,"jetpack_post_was_ever_published":false,"_jetpack_newsletter_access":"","_jetpack_dont_email_post_to_subs":false,"_jetpack_newsletter_tier_id":0,"_jetpack_memberships_contains_paywalled_content":false,"_jetpack_memberships_contains_paid_content":false,"footnotes":"","jetpack_publicize_message":"","jetpack_publicize_feature_enabled":true,"jetpack_social_post_already_shared":true,"jetpack_social_options":{"image_generator_settings":{"template":"highway","default_image_id":0,"font":"","enabled":false},"version":2}},"categories":[11],"tags":[37,5319,295,2747,1639,325,67,391],"class_list":["post-85358","post","type-post","status-publish","format-standard","has-post-thumbnail","hentry","category-noticias-de-ribeirao-preto-sp-e-regiao-ismael-colosi","tag-apos","tag-atropela","tag-carro","tag-desentendimento","tag-idoso","tag-mulher","tag-video","tag-vitima"],"jetpack_publicize_connections":[],"jetpack_featured_media_url":"https:\/\/i0.wp.com\/noticiasribeiraopreto.com.br\/wp-content\/uploads\/2026\/04\/30-abr-2026-atropelamentoidoso.jpg?fit=1016%2C568&ssl=1","jetpack-related-posts":[{"id":21725,"url":"https:\/\/noticiasribeiraopreto.com.br\/index.php\/2023\/12\/28\/jovem-e-baleado-apos-desentendimento-de-transito-em-ribeirao-preto\/","url_meta":{"origin":85358,"position":0},"title":"Jovem \u00e9 baleado ap\u00f3s desentendimento de tr\u00e2nsito em Ribeir\u00e3o Preto","author":"noticiasribeiraopreto.com.br","date":"28 de December de 2023","format":false,"excerpt":"Um jovem de 19 anos foi baleado ap\u00f3s um desentendimento de tr\u00e2nsito em Ribeir\u00e3o Preto, na madrugada da \u00faltima segunda-feira (25) \u2013 o caso foi registrado apenas na quarta-feira (27). O crime aconteceu no cruzamento da rua Tapaj\u00f3s com a avenida Dom Pedro I, no Alto do Ipiranga. Segundo o\u2026","rel":"","context":"In &quot;Not\u00edcias de Ribeir\u00e3o Preto-SP e Regi\u00e3o&quot;","block_context":{"text":"Not\u00edcias de Ribeir\u00e3o Preto-SP e Regi\u00e3o","link":"https:\/\/noticiasribeiraopreto.com.br\/index.php\/category\/noticias-de-ribeirao-preto-sp-e-regiao-ismael-colosi\/"},"img":{"alt_text":"","src":"https:\/\/i0.wp.com\/noticiasribeiraopreto.com.br\/wp-content\/uploads\/2023\/12\/hc_ue_1024x576_27072020163553.jpg?fit=1024%2C576&ssl=1&resize=350%2C200","width":350,"height":200,"srcset":"https:\/\/i0.wp.com\/noticiasribeiraopreto.com.br\/wp-content\/uploads\/2023\/12\/hc_ue_1024x576_27072020163553.jpg?fit=1024%2C576&ssl=1&resize=350%2C200 1x, https:\/\/i0.wp.com\/noticiasribeiraopreto.com.br\/wp-content\/uploads\/2023\/12\/hc_ue_1024x576_27072020163553.jpg?fit=1024%2C576&ssl=1&resize=525%2C300 1.5x, https:\/\/i0.wp.com\/noticiasribeiraopreto.com.br\/wp-content\/uploads\/2023\/12\/hc_ue_1024x576_27072020163553.jpg?fit=1024%2C576&ssl=1&resize=700%2C400 2x"},"classes":[]},{"id":65782,"url":"https:\/\/noticiasribeiraopreto.com.br\/index.php\/2025\/03\/24\/idosa-perde-o-controle-do-carro-invade-calcada-e-atropela-pedestre-no-interior-de-sp\/","url_meta":{"origin":85358,"position":1},"title":"Idosa perde o controle do carro, invade cal\u00e7ada e atropela pedestre no interior de SP","author":"noticiasribeiraopreto.com.br","date":"24 de March de 2025","format":false,"excerpt":"Na manh\u00e3 desta segunda-feira (24), uma idosa de 80 anos perdeu o controle do carro que dirigia, invadiu a cal\u00e7ada e atropelou uma mulher em Barretos, no interior de S\u00e3o Paulo. O atropelamento ocorreu no bairro Baroni, em frente a um supermercado, e foi registrado por uma c\u00e2mera de seguran\u00e7a.\u2026","rel":"","context":"In &quot;Not\u00edcias de Ribeir\u00e3o Preto-SP e Regi\u00e3o&quot;","block_context":{"text":"Not\u00edcias de Ribeir\u00e3o Preto-SP e Regi\u00e3o","link":"https:\/\/noticiasribeiraopreto.com.br\/index.php\/category\/noticias-de-ribeirao-preto-sp-e-regiao-ismael-colosi\/"},"img":{"alt_text":"","src":"https:\/\/i0.wp.com\/noticiasribeiraopreto.com.br\/wp-content\/uploads\/2025\/03\/Copia-de-Copia-de-Copia-de-TAMANHO-EXATO-PARA-FOTOS-NO-SISTEMA-NOVO-2025-03-24T131254.275_2025-03-24_16-13-04_png_2025-03-24_16-13-04.webp.webp?fit=1200%2C675&ssl=1&resize=350%2C200","width":350,"height":200,"srcset":"https:\/\/i0.wp.com\/noticiasribeiraopreto.com.br\/wp-content\/uploads\/2025\/03\/Copia-de-Copia-de-Copia-de-TAMANHO-EXATO-PARA-FOTOS-NO-SISTEMA-NOVO-2025-03-24T131254.275_2025-03-24_16-13-04_png_2025-03-24_16-13-04.webp.webp?fit=1200%2C675&ssl=1&resize=350%2C200 1x, https:\/\/i0.wp.com\/noticiasribeiraopreto.com.br\/wp-content\/uploads\/2025\/03\/Copia-de-Copia-de-Copia-de-TAMANHO-EXATO-PARA-FOTOS-NO-SISTEMA-NOVO-2025-03-24T131254.275_2025-03-24_16-13-04_png_2025-03-24_16-13-04.webp.webp?fit=1200%2C675&ssl=1&resize=525%2C300 1.5x, https:\/\/i0.wp.com\/noticiasribeiraopreto.com.br\/wp-content\/uploads\/2025\/03\/Copia-de-Copia-de-Copia-de-TAMANHO-EXATO-PARA-FOTOS-NO-SISTEMA-NOVO-2025-03-24T131254.275_2025-03-24_16-13-04_png_2025-03-24_16-13-04.webp.webp?fit=1200%2C675&ssl=1&resize=700%2C400 2x, https:\/\/i0.wp.com\/noticiasribeiraopreto.com.br\/wp-content\/uploads\/2025\/03\/Copia-de-Copia-de-Copia-de-TAMANHO-EXATO-PARA-FOTOS-NO-SISTEMA-NOVO-2025-03-24T131254.275_2025-03-24_16-13-04_png_2025-03-24_16-13-04.webp.webp?fit=1200%2C675&ssl=1&resize=1050%2C600 3x"},"classes":[]},{"id":81728,"url":"https:\/\/noticiasribeiraopreto.com.br\/index.php\/2026\/01\/15\/carro-invade-calcada-e-atropela-pedestre-no-centro-de-ribeirao-preto\/","url_meta":{"origin":85358,"position":2},"title":"Carro invade cal\u00e7ada e atropela pedestre no Centro de Ribeir\u00e3o Preto","author":"noticiasribeiraopreto.com.br","date":"15 de January de 2026","format":false,"excerpt":"Um carro invadiu a cal\u00e7ada e atropelou uma pedestre no Centro de Ribeir\u00e3o Preto, na tarde desta quarta-feira (14). O acidente ocorreu no cruzamento da rua Flor\u00eancio de Abreu com a rua Bar\u00e3o do Amazonas. Segundo testemunhas, um dos carros perdeu o controle ap\u00f3s a colis\u00e3o com outro ve\u00edculo, subiu\u2026","rel":"","context":"In &quot;Not\u00edcias de Ribeir\u00e3o Preto-SP e Regi\u00e3o&quot;","block_context":{"text":"Not\u00edcias de Ribeir\u00e3o Preto-SP e Regi\u00e3o","link":"https:\/\/noticiasribeiraopreto.com.br\/index.php\/category\/noticias-de-ribeirao-preto-sp-e-regiao-ismael-colosi\/"},"img":{"alt_text":"","src":"https:\/\/i0.wp.com\/noticiasribeiraopreto.com.br\/wp-content\/uploads\/2026\/01\/domingo-45_2026-01-14_19-42-28.webp.webp?fit=1200%2C675&ssl=1&resize=350%2C200","width":350,"height":200,"srcset":"https:\/\/i0.wp.com\/noticiasribeiraopreto.com.br\/wp-content\/uploads\/2026\/01\/domingo-45_2026-01-14_19-42-28.webp.webp?fit=1200%2C675&ssl=1&resize=350%2C200 1x, https:\/\/i0.wp.com\/noticiasribeiraopreto.com.br\/wp-content\/uploads\/2026\/01\/domingo-45_2026-01-14_19-42-28.webp.webp?fit=1200%2C675&ssl=1&resize=525%2C300 1.5x, https:\/\/i0.wp.com\/noticiasribeiraopreto.com.br\/wp-content\/uploads\/2026\/01\/domingo-45_2026-01-14_19-42-28.webp.webp?fit=1200%2C675&ssl=1&resize=700%2C400 2x, https:\/\/i0.wp.com\/noticiasribeiraopreto.com.br\/wp-content\/uploads\/2026\/01\/domingo-45_2026-01-14_19-42-28.webp.webp?fit=1200%2C675&ssl=1&resize=1050%2C600 3x"},"classes":[]},{"id":4528,"url":"https:\/\/noticiasribeiraopreto.com.br\/index.php\/2023\/11\/21\/casal-de-jovens-morre-apos-grave-acidente-e-motorista-tem-atitude-revoltante-apos-atropela-los\/","url_meta":{"origin":85358,"position":3},"title":"casal de jovens morre ap\u00f3s grave acidente e motorista tem atitude revoltante ap\u00f3s atropel\u00e1-los","author":"noticiasribeiraopreto.com.br","date":"21 de November de 2023","format":false,"excerpt":"Um casal acabou perdendo a vida depois de serem v\u00edtimas de um grave acidente na rodovia Man\u00edlio Gobbi (SP-284), que fica situada em Paragua\u00e7u Paulista, no estado de S\u00e3o Paulo. O tr\u00e1gico fato ocorreu na manh\u00e3 desta ter\u00e7a-feira (21).A Pol\u00edcia Rodovi\u00e1ria Federal (PRF) foi acionada ap\u00f3s o acidente e esteve\u2026","rel":"","context":"In &quot;Blog&quot;","block_context":{"text":"Blog","link":"https:\/\/noticiasribeiraopreto.com.br\/index.php\/category\/blog\/"},"img":{"alt_text":"","src":"https:\/\/i0.wp.com\/noticiasribeiraopreto.com.br\/wp-content\/uploads\/2023\/11\/postimg-655cde1cace894013.jpg?fit=1200%2C628&ssl=1&resize=350%2C200","width":350,"height":200,"srcset":"https:\/\/i0.wp.com\/noticiasribeiraopreto.com.br\/wp-content\/uploads\/2023\/11\/postimg-655cde1cace894013.jpg?fit=1200%2C628&ssl=1&resize=350%2C200 1x, https:\/\/i0.wp.com\/noticiasribeiraopreto.com.br\/wp-content\/uploads\/2023\/11\/postimg-655cde1cace894013.jpg?fit=1200%2C628&ssl=1&resize=525%2C300 1.5x, https:\/\/i0.wp.com\/noticiasribeiraopreto.com.br\/wp-content\/uploads\/2023\/11\/postimg-655cde1cace894013.jpg?fit=1200%2C628&ssl=1&resize=700%2C400 2x, https:\/\/i0.wp.com\/noticiasribeiraopreto.com.br\/wp-content\/uploads\/2023\/11\/postimg-655cde1cace894013.jpg?fit=1200%2C628&ssl=1&resize=1050%2C600 3x"},"classes":[]},{"id":28518,"url":"https:\/\/noticiasribeiraopreto.com.br\/index.php\/2024\/01\/16\/casal-de-idosos-morre-apos-colidir-com-caminhao-estacionado-na-regiao-de-ribeirao-veja-o-video\/","url_meta":{"origin":85358,"position":4},"title":"Casal de idosos morre ap\u00f3s colidir com caminh\u00e3o estacionado na regi\u00e3o de Ribeir\u00e3o; Veja o v\u00eddeo","author":"noticiasribeiraopreto.com.br","date":"16 de January de 2024","format":false,"excerpt":"Dois idosos morreram ap\u00f3s colidir com um caminh\u00e3o que estava estacionado em um posto de combust\u00edvel, na tarde deste domingo (14), em Sert\u00e3ozinho, cidade na regi\u00e3o de Ribeir\u00e3o Preto. O acidente aconteceu por volta das 15h22 e foi registrado por uma c\u00e2mera de seguran\u00e7a (veja o v\u00eddeo abaixo). Nas imagens\u2026","rel":"","context":"In &quot;Not\u00edcias de Ribeir\u00e3o Preto-SP e Regi\u00e3o&quot;","block_context":{"text":"Not\u00edcias de Ribeir\u00e3o Preto-SP e Regi\u00e3o","link":"https:\/\/noticiasribeiraopreto.com.br\/index.php\/category\/noticias-de-ribeirao-preto-sp-e-regiao-ismael-colosi\/"},"img":{"alt_text":"","src":"https:\/\/i0.wp.com\/noticiasribeiraopreto.com.br\/wp-content\/uploads\/2024\/01\/WhatsApp-Image-2024-01-15-at-17.34.55.jpeg?fit=750%2C424&ssl=1&resize=350%2C200","width":350,"height":200,"srcset":"https:\/\/i0.wp.com\/noticiasribeiraopreto.com.br\/wp-content\/uploads\/2024\/01\/WhatsApp-Image-2024-01-15-at-17.34.55.jpeg?fit=750%2C424&ssl=1&resize=350%2C200 1x, https:\/\/i0.wp.com\/noticiasribeiraopreto.com.br\/wp-content\/uploads\/2024\/01\/WhatsApp-Image-2024-01-15-at-17.34.55.jpeg?fit=750%2C424&ssl=1&resize=525%2C300 1.5x, https:\/\/i0.wp.com\/noticiasribeiraopreto.com.br\/wp-content\/uploads\/2024\/01\/WhatsApp-Image-2024-01-15-at-17.34.55.jpeg?fit=750%2C424&ssl=1&resize=700%2C400 2x"},"classes":[]},{"id":63040,"url":"https:\/\/noticiasribeiraopreto.com.br\/index.php\/2025\/01\/31\/video-carro-invade-loja-e-atropela-duas-pessoas-no-interior-de-sp\/","url_meta":{"origin":85358,"position":5},"title":"V\u00cdDEO: Carro invade loja e atropela duas pessoas no interior de SP","author":"noticiasribeiraopreto.com.br","date":"31 de January de 2025","format":false,"excerpt":"Na tarde desta sexta-feira (31), um carro invadiu um estabelecimento comercial, em Barretos, no interior de S\u00e3o Paulo, e atropelou dois funcion\u00e1rios da loja. Equipes do Corpo de Bombeiros, Samu e Pol\u00edcia Militar estiveram no local. De acordo com o propriet\u00e1rio do com\u00e9rcio, os funcion\u00e1rios seguem internados na Santa Casa\u2026","rel":"","context":"In &quot;Not\u00edcias de Ribeir\u00e3o Preto-SP e Regi\u00e3o&quot;","block_context":{"text":"Not\u00edcias de Ribeir\u00e3o Preto-SP e Regi\u00e3o","link":"https:\/\/noticiasribeiraopreto.com.br\/index.php\/category\/noticias-de-ribeirao-preto-sp-e-regiao-ismael-colosi\/"},"img":{"alt_text":"","src":"https:\/\/i0.wp.com\/noticiasribeiraopreto.com.br\/wp-content\/uploads\/2025\/01\/Sem-titulo_2025-01-31_19-40-55_png_2025-01-31_19-40-56.webp.webp?fit=1200%2C675&ssl=1&resize=350%2C200","width":350,"height":200,"srcset":"https:\/\/i0.wp.com\/noticiasribeiraopreto.com.br\/wp-content\/uploads\/2025\/01\/Sem-titulo_2025-01-31_19-40-55_png_2025-01-31_19-40-56.webp.webp?fit=1200%2C675&ssl=1&resize=350%2C200 1x, https:\/\/i0.wp.com\/noticiasribeiraopreto.com.br\/wp-content\/uploads\/2025\/01\/Sem-titulo_2025-01-31_19-40-55_png_2025-01-31_19-40-56.webp.webp?fit=1200%2C675&ssl=1&resize=525%2C300 1.5x, https:\/\/i0.wp.com\/noticiasribeiraopreto.com.br\/wp-content\/uploads\/2025\/01\/Sem-titulo_2025-01-31_19-40-55_png_2025-01-31_19-40-56.webp.webp?fit=1200%2C675&ssl=1&resize=700%2C400 2x, https:\/\/i0.wp.com\/noticiasribeiraopreto.com.br\/wp-content\/uploads\/2025\/01\/Sem-titulo_2025-01-31_19-40-55_png_2025-01-31_19-40-56.webp.webp?fit=1200%2C675&ssl=1&resize=1050%2C600 3x"},"classes":[]}],"jetpack_sharing_enabled":true,"jetpack_shortlink":"https:\/\/wp.me\/peQAOb-mcK","_links":{"self":[{"href":"https:\/\/noticiasribeiraopreto.com.br\/index.php\/wp-json\/wp\/v2\/posts\/85358","targetHints":{"allow":["GET"]}}],"collection":[{"href":"https:\/\/noticiasribeiraopreto.com.br\/index.php\/wp-json\/wp\/v2\/posts"}],"about":[{"href":"https:\/\/noticiasribeiraopreto.com.br\/index.php\/wp-json\/wp\/v2\/types\/post"}],"author":[{"embeddable":true,"href":"https:\/\/noticiasribeiraopreto.com.br\/index.php\/wp-json\/wp\/v2\/users\/1"}],"replies":[{"embeddable":true,"href":"https:\/\/noticiasribeiraopreto.com.br\/index.php\/wp-json\/wp\/v2\/comments?post=85358"}],"version-history":[{"count":0,"href":"https:\/\/noticiasribeiraopreto.com.br\/index.php\/wp-json\/wp\/v2\/posts\/85358\/revisions"}],"wp:featuredmedia":[{"embeddable":true,"href":"https:\/\/noticiasribeiraopreto.com.br\/index.php\/wp-json\/wp\/v2\/media\/85359"}],"wp:attachment":[{"href":"https:\/\/noticiasribeiraopreto.com.br\/index.php\/wp-json\/wp\/v2\/media?parent=85358"}],"wp:term":[{"taxonomy":"category","embeddable":true,"href":"https:\/\/noticiasribeiraopreto.com.br\/index.php\/wp-json\/wp\/v2\/categories?post=85358"},{"taxonomy":"post_tag","embeddable":true,"href":"https:\/\/noticiasribeiraopreto.com.br\/index.php\/wp-json\/wp\/v2\/tags?post=85358"}],"curies":[{"name":"wp","href":"https:\/\/api.w.org\/{rel}","templated":true}]}}