{"id":85361,"date":"2026-05-01T00:43:53","date_gmt":"2026-05-01T03:43:53","guid":{"rendered":"https:\/\/noticiasribeiraopreto.com.br\/index.php\/2026\/05\/01\/timao-vence-o-penarol-e-mantem-100-na-libertadores\/"},"modified":"2026-05-01T00:43:53","modified_gmt":"2026-05-01T03:43:53","slug":"timao-vence-o-penarol-e-mantem-100-na-libertadores","status":"publish","type":"post","link":"https:\/\/noticiasribeiraopreto.com.br\/index.php\/2026\/05\/01\/timao-vence-o-penarol-e-mantem-100-na-libertadores\/","title":{"rendered":"Tim\u00e3o vence o Pe\u00f1arol e mant\u00e9m 100% na Libertadores"},"content":{"rendered":"<div class='code-block code-block-1' style='margin: 8px 0 8px auto; text-align: right; display: block; clear: both;'>\n<p><a href=\"https:\/\/wa.link\/vpicfd\"><img data-recalc-dims=\"1\" class=\"wp-image-4922\" style=\"aspect-ratio: 2.0253164556962027; width: 561px; height: auto;\" src=\"https:\/\/i0.wp.com\/ismaelcolosi.com.br\/wp-content\/uploads\/2023\/11\/grupo-de-empregos-whatsapp-e-facebook-ismael-colosi-vagas.jpg?ssl=1\" alt=\"\" \/><\/a><\/p>\n<!-- \/wp:image -->\n<\/div>\n<p> <br \/>\n<\/p>\n<div>\n<p><em>Corinthians faz melhor jogo sob comando de Diniz, domina Pen\u00e3rol e mant\u00e9m 100% na Libertadores<\/em><\/p>\n<p>Por Leonardo Catto<\/p>\n<p>O Corinthians fechou a primeira parte da fase de grupos da Libertadores com vit\u00f3ria por 2 a 0 sobre o Pe\u00f1arol. O time paulista \u00e9 o \u00fanico brasileiro com 100% de aproveitamento no torneio at\u00e9 aqui. Gustavo Henrique e Jesse Lingard fizeram os gols.<\/p>\n<p>Mais do que o resultado, a exibi\u00e7\u00e3o desta quinta-feira foi a melhor da equipe desde a chegada de Fernando Diniz. Os jogadores mantiveram a solidez defensiva que tem sido marca do trabalho e ainda foram envolventes com a posse de bola, dominando o advers\u00e1rio. O \u201cporopop\u00f3\u201d virou \u201col\u00e9\u201d em Itaquera.<\/p>\n<p>As tr\u00eas vit\u00f3rias na Libertadores colocam o Corinthians na lideran\u00e7a do Grupo E, com nove pontos. S\u00e3o seis gols marcados e nenhum sofrido. O time tem tr\u00eas pontos de vantagem sobre o Platense, segundo colocado. Pe\u00f1arol e Santa F\u00e9 t\u00eam um cada. Al\u00e9m dos corintianos, apenas o Independiente Rivadavia, no Grupo C, venceu as tr\u00eas rodadas.<\/p>\n<p>O Corinthians cumpriu a expectativa de ter mais a posse desde o come\u00e7o do jogo. Com pouco mais de 10 minutos, os corintianos detinham a bola em 80% do tempo. Entretanto, o jogo estava truncado, com sequ\u00eancia de desarmes dos uruguaios. Os visitantes, por\u00e9m, n\u00e3o conseguiam articular jogadas.<\/p>\n<p>Apesar de divididas duras, o Pe\u00f1arol tentava evitar a falta. Aos 10 minutos, por\u00e9m, o zagueiro Maur\u00edcio Lemos puxou Yuri Alberto ainda na intermedi\u00e1ria. A cobran\u00e7a de Rodrigo Garro foi na cabe\u00e7a de Gustavo Henrique. Sozinho, o zagueiro desviou para abrir o placar. A bola a\u00e9rea, que j\u00e1 havia castigado o time uruguaio contra Platense e Santa F\u00e9 nesta Libertadores, voltou a ser problema para o time de Diego Aguirre.<\/p>\n<p>O dom\u00ednio corintiano se manteve. Pouco depois de abrir o placar, os mandantes quase ampliaram com Breno Bidon, exigindo defesa de Washington Aguerre. O Pe\u00f1arol chegou a ter a primeira chance ofensiva, mas faltou qualidade para finalizar.<\/p>\n<p>Com 20 minutos, o Corinthians fez o segundo, que acabou anulado. Andr\u00e9 havia chutado para as redes, mas a arbitragem marcou falta por a bola ter batido no bra\u00e7o de Jesse Lingard no come\u00e7o do lance.<\/p>\n<p>Logo ap\u00f3s a parada t\u00e9cnica do primeiro tempo, o Corinthians voltou avassalador. Lingard recuperou a posse j\u00e1 no ataque e passou para Yuri Alberto. O camisa 9 carregou pelo lado, invadiu a \u00e1rea e serviu o ingl\u00eas, que j\u00e1 aparecia no meio para finalizar firme e ampliar.<\/p>\n<p>Foi o segundo gol de Lingard pelo Corinthians, mas o primeiro na Neo Qu\u00edmica Arena. O resultado parcial brindava o atacante e o time, que brilhava em campo. A for\u00e7a defensiva ganhou forma em Hugo Souza ap\u00f3s escanteio dos uruguaios e finaliza\u00e7\u00e3o de Nicol\u00e1s Fern\u00e1ndez. Mais do que isso, foi poss\u00edvel ver boas trocas de passes e destaque para Rodrigo Garro, retomando as grandes atua\u00e7\u00f5es que j\u00e1 teve pelo clube e que vinham fazendo falta.<\/p>\n<p>O Pe\u00f1arol, \u2018sabendo perder\u2019 para n\u00e3o sofrer mais, voltou do intervalo retrancado. O objetivo do time era n\u00e3o sofrer mais gols. O Corinthians mantinha-se no ataque, com mais posse. Havia, contudo, mais dificuldade para infiltrar na defesa uruguaia. A alternativa de Diniz foi o ingresso de Kaio C\u00e9sar no lugar de Andr\u00e9, para ocupar ainda mais espa\u00e7os ofensivos.<\/p>\n<p>Deu certo pouco depois. De p\u00e9 em p\u00e9, o Corinthians avan\u00e7ou da defesa \u00e0 \u00e1rea advers\u00e1ria: Gustavo Henrique para Yuri Alberto (de calcanhar) para Raniele at\u00e9 chegar em Garro, na entrada da \u00e1rea. Mas o argentino chutou para fora.<\/p>\n<p>Ainda que a presen\u00e7a do Corinthians no ataque continuasse constante, a press\u00e3o ofensiva j\u00e1 era menor. O time tirou o p\u00e9 e parecia se preservar. Foi o suficiente para administrar o placar sem ser amea\u00e7ado pelo Pe\u00f1arol at\u00e9 o fim.<\/p>\n<p>No domingo, o Corinthians volta a campo, desta vez, pelo Brasileir\u00e3o, visitando o Mirassol. A Libertadores volta para a equipe na pr\u00f3xima semana, com duelo com o Santa F\u00e9, na Col\u00f4mbia<\/p>\n<p>CORINTHIANS 2 X 0 PE\u00d1AROL<\/p>\n<p>CORINTHIANS \u2013 Hugo; Matheuzinho, Gabriel Paulista, Gustavo Henrique e Matheus Bidu; Raniele, Andr\u00e9 (Kaio C\u00e9sar), Breno Bidon (Andr\u00e9 Carrillo) e Rodrigo Garro (Zakaria Labyad); Jesse Lingard (Vitinho) e Yuri Alberto (Pedro Raul). T\u00e9cnico: Fernando Diniz.<\/p>\n<p>PE\u00d1AROL \u2013 Washington Aguerre; Mat\u00edas Gonz\u00e1lez, Maur\u00edcio Lemos, Facundo \u00c1lvez e Diego Laxalt; Eric Remedi (Kevin Rodr\u00edguez), Nicol\u00e1s Fern\u00e1ndez e Jes\u00fas Trindade; Gast\u00f3n Togni (Luis Miguel Angulo) (Franco Gonz\u00e1lez), Leandro Umpi\u00e9rrez (Stiven Muhlethaler) e Mat\u00edas Arezo (Abel Hern\u00e1ndez). T\u00e9cnico: Diego Aguirre.<\/p>\n<p>GOLS \u2013 Gustavo Henrique, aos 11, e Jesse Lingard, aos 24 minutos do primeiro tempo.<\/p>\n<p>\u00c1RBITRO \u2013 Cristi\u00e1n Garay (CHI).<\/p>\n<p>CART\u00d5ES AMARELOS \u2013 Facundo \u00c1lvez e Jes\u00fas Trindade (Pe\u00f1arol).<\/p>\n<p>P\u00daBLICO \u2013 43.770 torcedores.<\/p>\n<p>RENDA \u2013 R$ 3.288.317,42.<\/p>\n<p>LOCAL \u2013 Neo Qu\u00edmica Arena, em S\u00e3o Paulo (BRA).<\/p>\n<\/div>\n<p><br \/>\n<br \/><a href=\"https:\/\/www.tribunaribeirao.com.br\/timao-vence-o-penarol-e-mantem-100-na-libertadores\/\">Texto original daqui <\/a><\/p>\n<!-- CONTENT END 1 -->\n","protected":false},"excerpt":{"rendered":"<p>Corinthians faz melhor jogo sob comando de Diniz, domina Pen\u00e3rol e mant\u00e9m 100% na Libertadores Por Leonardo Catto O Corinthians fechou a primeira parte da&#8230;<\/p>\n","protected":false},"author":1,"featured_media":85362,"comment_status":"","ping_status":"","sticky":false,"template":"","format":"standard","meta":{"advanced_seo_description":"","jetpack_seo_html_title":"","jetpack_seo_noindex":false,"jetpack_post_was_ever_published":false,"_jetpack_newsletter_access":"","_jetpack_dont_email_post_to_subs":false,"_jetpack_newsletter_tier_id":0,"_jetpack_memberships_contains_paywalled_content":false,"_jetpack_memberships_contains_paid_content":false,"footnotes":"","jetpack_publicize_message":"","jetpack_publicize_feature_enabled":true,"jetpack_social_post_already_shared":true,"jetpack_social_options":{"image_generator_settings":{"template":"highway","default_image_id":0,"font":"","enabled":false},"version":2}},"categories":[11],"tags":[3994,2139,5933,5441,1612],"class_list":["post-85361","post","type-post","status-publish","format-standard","has-post-thumbnail","hentry","category-noticias-de-ribeirao-preto-sp-e-regiao-ismael-colosi","tag-libertadores","tag-mantem","tag-penarol","tag-timao","tag-vence"],"jetpack_publicize_connections":[],"jetpack_featured_media_url":"https:\/\/i0.wp.com\/noticiasribeiraopreto.com.br\/wp-content\/uploads\/2026\/05\/timao2-a0-penarol.webp.webp?fit=774%2C508&ssl=1","jetpack-related-posts":[{"id":83523,"url":"https:\/\/noticiasribeiraopreto.com.br\/index.php\/2026\/03\/19\/conmebol-sorteia-grupos-da-libertadores-e-da-sul-americana\/","url_meta":{"origin":85361,"position":0},"title":"Conmebol sorteia grupos da Libertadores e da Sul-Americana","author":"noticiasribeiraopreto.com.br","date":"19 de March de 2026","format":false,"excerpt":"A Conmebol definiu, em sorteio realizado nesta quinta-feira (19), na cidade de Luque, no Paraguai, os componentes dos grupos da edi\u00e7\u00e3o de 2026 da Copa Libertadores. Corinthians e Palmeiras s\u00e3o os representantes dos grandes paulistas na competi\u00e7\u00e3o. Por ser o atual campe\u00e3o, o Flamengo foi alocado diretamente no Grupo A.\u2026","rel":"","context":"In &quot;Not\u00edcias de Ribeir\u00e3o Preto-SP e Regi\u00e3o&quot;","block_context":{"text":"Not\u00edcias de Ribeir\u00e3o Preto-SP e Regi\u00e3o","link":"https:\/\/noticiasribeiraopreto.com.br\/index.php\/category\/noticias-de-ribeirao-preto-sp-e-regiao-ismael-colosi\/"},"img":{"alt_text":"","src":"https:\/\/i0.wp.com\/noticiasribeiraopreto.com.br\/wp-content\/uploads\/2026\/03\/2-Trofeus-Libertadores-e-Sul-Americana-Divulgacao.jpg?fit=860%2C575&ssl=1&resize=350%2C200","width":350,"height":200,"srcset":"https:\/\/i0.wp.com\/noticiasribeiraopreto.com.br\/wp-content\/uploads\/2026\/03\/2-Trofeus-Libertadores-e-Sul-Americana-Divulgacao.jpg?fit=860%2C575&ssl=1&resize=350%2C200 1x, https:\/\/i0.wp.com\/noticiasribeiraopreto.com.br\/wp-content\/uploads\/2026\/03\/2-Trofeus-Libertadores-e-Sul-Americana-Divulgacao.jpg?fit=860%2C575&ssl=1&resize=525%2C300 1.5x, https:\/\/i0.wp.com\/noticiasribeiraopreto.com.br\/wp-content\/uploads\/2026\/03\/2-Trofeus-Libertadores-e-Sul-Americana-Divulgacao.jpg?fit=860%2C575&ssl=1&resize=700%2C400 2x"},"classes":[]},{"id":71084,"url":"https:\/\/noticiasribeiraopreto.com.br\/index.php\/2025\/06\/02\/veja-os-confrontos-das-oitavas-de-final-da-libertadores-2025\/","url_meta":{"origin":85361,"position":1},"title":"Veja os confrontos das oitavas de final da Libertadores 2025","author":"noticiasribeiraopreto.com.br","date":"2 de June de 2025","format":false,"excerpt":"O sorteio dos confrontos das oitavas de final da Libertadores 2025 aconteceu nesta segunda-feira (2), a partir das 12h \u2013 veja o v\u00eddeo acima. O sorteio foi realizado na sede da Conmebol, em Luque, no Paraguai. Os times classificados foram divididos em dois potes: no pote 1 estar\u00e3o os l\u00edderes\u2026","rel":"","context":"In &quot;Not\u00edcias de Ribeir\u00e3o Preto-SP e Regi\u00e3o&quot;","block_context":{"text":"Not\u00edcias de Ribeir\u00e3o Preto-SP e Regi\u00e3o","link":"https:\/\/noticiasribeiraopreto.com.br\/index.php\/category\/noticias-de-ribeirao-preto-sp-e-regiao-ismael-colosi\/"},"img":{"alt_text":"","src":"https:\/\/i0.wp.com\/noticiasribeiraopreto.com.br\/wp-content\/uploads\/2025\/06\/sorteio_da_1200x675_25032022133111.jpg?fit=1200%2C675&ssl=1&resize=350%2C200","width":350,"height":200,"srcset":"https:\/\/i0.wp.com\/noticiasribeiraopreto.com.br\/wp-content\/uploads\/2025\/06\/sorteio_da_1200x675_25032022133111.jpg?fit=1200%2C675&ssl=1&resize=350%2C200 1x, https:\/\/i0.wp.com\/noticiasribeiraopreto.com.br\/wp-content\/uploads\/2025\/06\/sorteio_da_1200x675_25032022133111.jpg?fit=1200%2C675&ssl=1&resize=525%2C300 1.5x, https:\/\/i0.wp.com\/noticiasribeiraopreto.com.br\/wp-content\/uploads\/2025\/06\/sorteio_da_1200x675_25032022133111.jpg?fit=1200%2C675&ssl=1&resize=700%2C400 2x, https:\/\/i0.wp.com\/noticiasribeiraopreto.com.br\/wp-content\/uploads\/2025\/06\/sorteio_da_1200x675_25032022133111.jpg?fit=1200%2C675&ssl=1&resize=1050%2C600 3x"},"classes":[]},{"id":81025,"url":"https:\/\/noticiasribeiraopreto.com.br\/index.php\/2025\/12\/21\/corinthians-e-vasco-decidem-a-copa-do-brasil\/","url_meta":{"origin":85361,"position":2},"title":"Corinthians e Vasco decidem a Copa do Brasil","author":"noticiasribeiraopreto.com.br","date":"21 de December de 2025","format":false,"excerpt":"\r \r \r 21 de dezembro de 2025 08:3520 de dezembro de 2025 03:23 \r Compartilhar0 Por Hugo Luque No fechamento da temporada de 2025 do futebol brasileiro, o Corinthians encara o Vasco neste domingo (21), \u00e0s 18h, no Maracan\u00e3, pela grande final da Copa do Brasil. Ap\u00f3s o empate\u2026","rel":"","context":"In &quot;Not\u00edcias de Ribeir\u00e3o Preto-SP e Regi\u00e3o&quot;","block_context":{"text":"Not\u00edcias de Ribeir\u00e3o Preto-SP e Regi\u00e3o","link":"https:\/\/noticiasribeiraopreto.com.br\/index.php\/category\/noticias-de-ribeirao-preto-sp-e-regiao-ismael-colosi\/"},"img":{"alt_text":"","src":"https:\/\/i0.wp.com\/noticiasribeiraopreto.com.br\/wp-content\/uploads\/2025\/12\/2-copa-br-Foto-01-Rodrigo-Coca_Ag.-Corinthians.jpg?fit=400%2C271&ssl=1&resize=350%2C200","width":350,"height":200},"classes":[]},{"id":31388,"url":"https:\/\/noticiasribeiraopreto.com.br\/index.php\/2024\/01\/22\/top-10-maiores-campeoes-da-libertadores-mundo-top-10\/","url_meta":{"origin":85361,"position":3},"title":"Top 10 maiores campe\u00f5es da Libertadores \u2022 Mundo Top 10","author":"noticiasribeiraopreto.com.br","date":"22 de January de 2024","format":false,"excerpt":"A Ta\u00e7a Libertadores da Am\u00e9rica, principal competi\u00e7\u00e3o de futebol da Am\u00e9rica do Sul, \u00e9 disputada desde 1960 e j\u00e1 teve 25 campe\u00f5es diferentes de sete pa\u00edses. Os times do futebol argentino lideram em n\u00famero total de t\u00edtulos, seguidos pelos clubes brasileiros e depois pelos uruguaios. O atual campe\u00e3o \u00e9 o\u2026","rel":"","context":"In &quot;Blog&quot;","block_context":{"text":"Blog","link":"https:\/\/noticiasribeiraopreto.com.br\/index.php\/category\/blog\/"},"img":{"alt_text":"","src":"https:\/\/i0.wp.com\/noticiasribeiraopreto.com.br\/wp-content\/uploads\/2024\/01\/top-10-clubes-com-mais-titulos-da-libertadores.jpg?fit=1200%2C745&ssl=1&resize=350%2C200","width":350,"height":200,"srcset":"https:\/\/i0.wp.com\/noticiasribeiraopreto.com.br\/wp-content\/uploads\/2024\/01\/top-10-clubes-com-mais-titulos-da-libertadores.jpg?fit=1200%2C745&ssl=1&resize=350%2C200 1x, https:\/\/i0.wp.com\/noticiasribeiraopreto.com.br\/wp-content\/uploads\/2024\/01\/top-10-clubes-com-mais-titulos-da-libertadores.jpg?fit=1200%2C745&ssl=1&resize=525%2C300 1.5x, https:\/\/i0.wp.com\/noticiasribeiraopreto.com.br\/wp-content\/uploads\/2024\/01\/top-10-clubes-com-mais-titulos-da-libertadores.jpg?fit=1200%2C745&ssl=1&resize=700%2C400 2x, https:\/\/i0.wp.com\/noticiasribeiraopreto.com.br\/wp-content\/uploads\/2024\/01\/top-10-clubes-com-mais-titulos-da-libertadores.jpg?fit=1200%2C745&ssl=1&resize=1050%2C600 3x"},"classes":[]},{"id":85111,"url":"https:\/\/noticiasribeiraopreto.com.br\/index.php\/2026\/04\/21\/corinthians-estreia-contra-o-barra-sc-pela-copa-do-brasil\/","url_meta":{"origin":85361,"position":4},"title":"Corinthians estreia contra o Barra-SC pela Copa do Brasil","author":"noticiasribeiraopreto.com.br","date":"21 de April de 2026","format":false,"excerpt":"\r \r \r 21 de abril de 2026 11:04 \r Compartilhar0 Tim\u00e3o defende t\u00edtulo da competi\u00e7\u00e3o nacional e inicia caminhada contra o campe\u00e3o catarinense Por Hugo Luque O atual campe\u00e3o da Copa do Brasil estreia no torneio nesta ter\u00e7a-feira (21), \u00e0s 21h30. Na Ressacada, em Florian\u00f3polis (SC), o Corinthians visita\u2026","rel":"","context":"In &quot;Not\u00edcias de Ribeir\u00e3o Preto-SP e Regi\u00e3o&quot;","block_context":{"text":"Not\u00edcias de Ribeir\u00e3o Preto-SP e Regi\u00e3o","link":"https:\/\/noticiasribeiraopreto.com.br\/index.php\/category\/noticias-de-ribeirao-preto-sp-e-regiao-ismael-colosi\/"},"img":{"alt_text":"","src":"https:\/\/i0.wp.com\/noticiasribeiraopreto.com.br\/wp-content\/uploads\/2026\/04\/2-Vitoria-x-Corinthians-Rodrigo-Coca_Ag.-Corinthians.jpg?fit=400%2C267&ssl=1&resize=350%2C200","width":350,"height":200},"classes":[]},{"id":84299,"url":"https:\/\/noticiasribeiraopreto.com.br\/index.php\/2026\/04\/07\/fernando-diniz-assume-como-novo-treinador-do-corinthians\/","url_meta":{"origin":85361,"position":5},"title":"Fernando Diniz assume como novo treinador do Corinthians","author":"noticiasribeiraopreto.com.br","date":"7 de April de 2026","format":false,"excerpt":"Por Lara Musa O Corinthians acertou a contrata\u00e7\u00e3o de Fernando Diniz como novo treinador do time principal. A diretoria definiu o t\u00e9cnico de 52 anos como prioridade e avan\u00e7ou rapidamente nas negocia\u00e7\u00f5es nesta segunda-feira (6). O desejo da c\u00fapula alvinegra \u00e9 de que o comandante j\u00e1 esteja \u00e0 beira do\u2026","rel":"","context":"In &quot;Not\u00edcias de Ribeir\u00e3o Preto-SP e Regi\u00e3o&quot;","block_context":{"text":"Not\u00edcias de Ribeir\u00e3o Preto-SP e Regi\u00e3o","link":"https:\/\/noticiasribeiraopreto.com.br\/index.php\/category\/noticias-de-ribeirao-preto-sp-e-regiao-ismael-colosi\/"},"img":{"alt_text":"","src":"https:\/\/i0.wp.com\/noticiasribeiraopreto.com.br\/wp-content\/uploads\/2026\/04\/fernando-diniz-utilizou-a-camisa-patrocinada-2k941w.jpg?fit=941%2C713&ssl=1&resize=350%2C200","width":350,"height":200,"srcset":"https:\/\/i0.wp.com\/noticiasribeiraopreto.com.br\/wp-content\/uploads\/2026\/04\/fernando-diniz-utilizou-a-camisa-patrocinada-2k941w.jpg?fit=941%2C713&ssl=1&resize=350%2C200 1x, https:\/\/i0.wp.com\/noticiasribeiraopreto.com.br\/wp-content\/uploads\/2026\/04\/fernando-diniz-utilizou-a-camisa-patrocinada-2k941w.jpg?fit=941%2C713&ssl=1&resize=525%2C300 1.5x, https:\/\/i0.wp.com\/noticiasribeiraopreto.com.br\/wp-content\/uploads\/2026\/04\/fernando-diniz-utilizou-a-camisa-patrocinada-2k941w.jpg?fit=941%2C713&ssl=1&resize=700%2C400 2x"},"classes":[]}],"jetpack_sharing_enabled":true,"jetpack_shortlink":"https:\/\/wp.me\/peQAOb-mcN","_links":{"self":[{"href":"https:\/\/noticiasribeiraopreto.com.br\/index.php\/wp-json\/wp\/v2\/posts\/85361","targetHints":{"allow":["GET"]}}],"collection":[{"href":"https:\/\/noticiasribeiraopreto.com.br\/index.php\/wp-json\/wp\/v2\/posts"}],"about":[{"href":"https:\/\/noticiasribeiraopreto.com.br\/index.php\/wp-json\/wp\/v2\/types\/post"}],"author":[{"embeddable":true,"href":"https:\/\/noticiasribeiraopreto.com.br\/index.php\/wp-json\/wp\/v2\/users\/1"}],"replies":[{"embeddable":true,"href":"https:\/\/noticiasribeiraopreto.com.br\/index.php\/wp-json\/wp\/v2\/comments?post=85361"}],"version-history":[{"count":0,"href":"https:\/\/noticiasribeiraopreto.com.br\/index.php\/wp-json\/wp\/v2\/posts\/85361\/revisions"}],"wp:featuredmedia":[{"embeddable":true,"href":"https:\/\/noticiasribeiraopreto.com.br\/index.php\/wp-json\/wp\/v2\/media\/85362"}],"wp:attachment":[{"href":"https:\/\/noticiasribeiraopreto.com.br\/index.php\/wp-json\/wp\/v2\/media?parent=85361"}],"wp:term":[{"taxonomy":"category","embeddable":true,"href":"https:\/\/noticiasribeiraopreto.com.br\/index.php\/wp-json\/wp\/v2\/categories?post=85361"},{"taxonomy":"post_tag","embeddable":true,"href":"https:\/\/noticiasribeiraopreto.com.br\/index.php\/wp-json\/wp\/v2\/tags?post=85361"}],"curies":[{"name":"wp","href":"https:\/\/api.w.org\/{rel}","templated":true}]}}