{"id":85363,"date":"2026-05-01T07:22:45","date_gmt":"2026-05-01T10:22:45","guid":{"rendered":"https:\/\/noticiasribeiraopreto.com.br\/index.php\/2026\/05\/01\/permuta-de-imoveis-retorna-a-camara\/"},"modified":"2026-05-01T07:22:45","modified_gmt":"2026-05-01T10:22:45","slug":"permuta-de-imoveis-retorna-a-camara","status":"publish","type":"post","link":"https:\/\/noticiasribeiraopreto.com.br\/index.php\/2026\/05\/01\/permuta-de-imoveis-retorna-a-camara\/","title":{"rendered":"\u2028Permuta de im\u00f3veis retorna \u00e0 C\u00e2mara"},"content":{"rendered":"<div class='code-block code-block-1' style='margin: 8px 0 8px auto; text-align: right; display: block; clear: both;'>\n<p><a href=\"https:\/\/wa.link\/vpicfd\"><img data-recalc-dims=\"1\" class=\"wp-image-4922\" style=\"aspect-ratio: 2.0253164556962027; width: 561px; height: auto;\" src=\"https:\/\/i0.wp.com\/ismaelcolosi.com.br\/wp-content\/uploads\/2023\/11\/grupo-de-empregos-whatsapp-e-facebook-ismael-colosi-vagas.jpg?ssl=1\" alt=\"\" \/><\/a><\/p>\n<!-- \/wp:image -->\n<\/div>\n<p> <br \/>\n<\/p>\n<div>\n<p class=\"p1\"><i>Projeto dever\u00e1 ser enviado para o Legislativo na pr\u00f3xima semana; prefeitura tenta articular audi\u00eancia p\u00fablica conduzida pela C\u00e2mara<\/i><\/p>\n<p>O projeto de lei que prop\u00f5e a permuta de im\u00f3veis entre a prefeitura de Ribeir\u00e3o Preto e o Col\u00e9gio Marista ser\u00e1 enviado \u00e0 C\u00e2mara de Vereadores para vota\u00e7\u00e3o na pr\u00f3xima semana. O governo municipal tamb\u00e9m tenta articular com os parlamentares a realiza\u00e7\u00e3o de audi\u00eancia p\u00fablica com a participa\u00e7\u00e3o da popula\u00e7\u00e3o para discutir a troca. O pr\u00e9dio da escola ser\u00e1 transformado em centro administrativo.<\/p>\n<p>Conforme o Tribuna publicou com exclusividade, a avalia\u00e7\u00e3o dos dois im\u00f3veis j\u00e1 foi entregue oficialmente ao governo municipal pelo Conselho Regional de Corretores de Im\u00f3veis de S\u00e3o Paulo (CreciSP). O relat\u00f3rio ficou pronto em dezembro do ano passado e j\u00e1 chegou ao prefeito Ricardo Silva (PSD).<\/p>\n<p>De acordo com fontes ouvidas pelo Tribuna, a \u00e1rea pertencente \u00e0 prefeitura \u2013 em \u00e1rea de aproximadamente 41 mil metros quadrados (40.928,38 m\u00b2) na conflu\u00eancia das ruas Palmyra Magnani Protti e Marcos Markarian, na regi\u00e3o da avenida Braz Olaia Acosta, na Zona Sul \u2013 vale R$ 29 milh\u00f5es a mais do que o pr\u00e9dio do Col\u00e9gio Marista, localizado na rua Bernardino de Campos n\u00ba 550, no Centro.<\/p>\n<p>O valor total de cada im\u00f3vel levantado pelo CreciSP n\u00e3o foi revelado. De acordo com o projeto de lei, a \u00e1rea p\u00fablica institucional localizada na avenida Braz Olaia Acosta, com quase 41 mil m\u00b2, foi avaliada pela Comiss\u00e3o de Avalia\u00e7\u00e3o T\u00e9cnica de Im\u00f3veis (Cati) em R$ 39.617.035. O setor \u00e9 vinculado \u00e0 Secretaria Municipal de Desenvolvimento Urbano e Habita\u00e7\u00e3o.<\/p>\n<p>J\u00e1 o pr\u00e9dio do Col\u00e9gio Marista foi avaliado em R$ 57.214.519,39. Segundo a prefeitura, a permuta \u201cpermitir\u00e1 a instala\u00e7\u00e3o centralizada da sede administrativa do governo municipal sem qualquer custo para os cofres p\u00fablicos, assegurando ainda um ganho patrimonial l\u00edquido superior a R$ 17,5 milh\u00f5es (R$ 17.597.484,39)\u201d, diz.<\/p>\n<p>Por\u00e9m, segundo fontes ouvidas pelo Tribuna, o terreno p\u00fablico vale bem mais do que o privado. No dia 1\u00ba de dezembro, a prefeitura de Ribeir\u00e3o Preto retirou o projeto de lei complementar n\u00ba 47\/2025, que trata da permuta, da pauta de vota\u00e7\u00f5es da C\u00e2mara de Vereadores. A suspens\u00e3o \u00e9 tempor\u00e1ria.<\/p>\n<p>Diz que a decis\u00e3o foi tomada em respeito \u00e0 transpar\u00eancia do processo e \u00e0 necessidade de assegurar que todas as informa\u00e7\u00f5es t\u00e9cnicas estejam completas antes da aprecia\u00e7\u00e3o legislativa.<\/p>\n<p>\u201cAssim que o CreciSP SP finalizar as avalia\u00e7\u00f5es pendentes, o projeto ser\u00e1 reapresentado com total clareza, embasamento t\u00e9cnico e seguran\u00e7a jur\u00eddica, refor\u00e7ando o compromisso da prefeitura com a responsabilidade administrativa, a transpar\u00eancia e o di\u00e1logo institucional\u201d, disse \u00e0 \u00e9poca.<\/p>\n<p>A proposta tem recebido cr\u00edticas de vereadores, entidades da sociedade civil organizada e moradores, que apontam poss\u00edvel subavalia\u00e7\u00e3o do terreno p\u00fablico envolvido na troca. Segundo as fontes ouvidas pelo Tribuna, devido ao resultado da avalia\u00e7\u00e3o, a prefeitura j\u00e1 teria elaborado ovo projeto de lei que estaria em fase de ajustes finais.<\/p>\n<p>O Col\u00e9gio Marista tamb\u00e9m teria aceitado pagar a diferen\u00e7a de R$ 29 milh\u00f5es para o munic\u00edpio. Se tudo der certo, a nova sede da prefeitura de Ribeir\u00e3o Preto atender\u00e1 no pr\u00e9dio pertencente ao Col\u00e9gio Marista a partir de julho de 2027. J\u00e1 no terreno da prefeitura, a rede de educa\u00e7\u00e3o pretende instalar sua nova unidade.<\/p>\n<p>A avalia\u00e7\u00e3o destes dois im\u00f3veis \u00e9 o primeiro passo de um acordo de coopera\u00e7\u00e3o t\u00e9cnica assinado pelo prefeito Ricardo Silva o CreciSP em novembro, na capital, com o presidente estadual do conselho. Jos\u00e9 Augusto Viana Neto. Outras \u00e1reas p\u00fablicas tamb\u00e9m passar\u00e3o por avalia\u00e7\u00e3o nos pr\u00f3ximos cinco anos.<\/p>\n<figure id=\"attachment_462715\" aria-describedby=\"caption-attachment-462715\" style=\"width: 446px\" class=\"wp-caption aligncenter\"><figcaption id=\"caption-attachment-462715\" class=\"wp-caption-text\">O terreno na avenida Braz Olaia Acosta est\u00e1 avaliado em R$ 39.617.035, mas CreciSP diz que \u00e1rea do munic\u00edpio vale R$ 29 milh\u00f5es a mais que a do Marista\u2028\u2028 (Alfredo Risk)<\/figcaption><\/figure>\n<p class=\"p1\">\n<span class=\"s1\"><b>Vereadores analisam\u00a0 <\/b><\/span><span class=\"s1\"><b>permuta de im\u00f3veis<\/b><\/span><br \/>O Tribuna contatou os quatro vereadores de Ribeir\u00e3o Preto mais votados nas elei\u00e7\u00f5es de 2024 para perguntar como cada um deles avalia a proposta da prefeitura de Ribeir\u00e3o Preto de permutar \u00e1rea p\u00fablica na Zona Sul, com o pr\u00e9dioda antiga sede do Col\u00e9gio Marista.<\/p>\n<p>O crit\u00e9rio foi adotado para estabelecer hierarquia e par\u00e2metro na escolha dos parlamentares que seriam ouvidos. S\u00e3o eles: Danilo Scochi (MDB, 12.296 votos), Isaac Antunes (PL, 9.896 votos), Duda Hidalgo (PT, 8.651 votos) e Igor Oliveira (MDB, 7.508 votos). Veja o que cada um disse. Isaac Antunes preferiu n\u00e3o se manifestar.<\/p>\n<p><b>Danilo Scochi (MDB)<\/b><br \/>\u201cComo o projeto ainda n\u00e3o chegou para nossa an\u00e1lise na C\u00e2mara, vou acreditar que a Prefeitura tenha se baseado em estudos t\u00e9cnicos bem definidos para a permuta, inclusive considerando a especula\u00e7\u00e3o imobili\u00e1ria. Sou defensor da requalifica\u00e7\u00e3o da regi\u00e3o central da nossa cidade e, nesse sentido, instalar o Centro Administrativo em um endere\u00e7o hist\u00f3rico e que deve agregar mais secretarias, penso ser importante, inclusive para o atendimento melhor, mais r\u00e1pido e eficaz para a nossa popula\u00e7\u00e3o.\u201d<\/p>\n<p><b>Duda Hidalgo (PT)<\/b><br \/>\u201cVoc\u00ea aceitaria que os recursos da sua fam\u00edlia fossem negociados sem transpar\u00eancia? Acho que n\u00e3o. A Prefeitura de Ribeir\u00e3o recuou e retirou o projeto de troca de terreno com o Marista ap\u00f3s a suspeita de que a \u00e1rea p\u00fablica vale R$ 29 milh\u00f5es a mais do que o pr\u00e9dio oferecido, e n\u00e3o o contr\u00e1rio como tentaram anunciar. Ribeir\u00e3o exige um debate t\u00e9cnico e honesto: se o projeto retornar sem clareza total sobre esses valores e sobre os custos da reforma, meu voto seguir\u00e1 sendo N\u00e3o\u201d.<\/p>\n<p><b>Igor Oliveira (MDB)<\/b><br \/>\u201cComo o projeto e os estudos t\u00e9cnicos ainda n\u00e3o chegaram \u00e0 C\u00e2mara, farei uma an\u00e1lise rigorosa dos valores no momento adequado. Contudo, a ideia tem m\u00e9ritos. A centraliza\u00e7\u00e3o das secretarias em um \u00fanico local otimiza o servi\u00e7o e facilita a vida da popula\u00e7\u00e3o. Al\u00e9m disso, a ida do Centro Administrativo para o Marista pode impulsionar a requalifica\u00e7\u00e3o e valoriza\u00e7\u00e3o do nosso Centro, a exemplo do movimento de resgate hist\u00f3rico que vemos hoje na capital paulista.\u201d<\/p>\n<\/div>\n<p><br \/>\n<br \/><a href=\"https:\/\/www.tribunaribeirao.com.br\/permuta-de-imoveis-retorna-a-camara\/\">Texto original daqui <\/a><\/p>\n<!-- CONTENT END 1 -->\n","protected":false},"excerpt":{"rendered":"<p>Projeto dever\u00e1 ser enviado para o Legislativo na pr\u00f3xima semana; prefeitura tenta articular audi\u00eancia p\u00fablica conduzida pela C\u00e2mara O projeto de lei que prop\u00f5e a&#8230;<\/p>\n","protected":false},"author":1,"featured_media":85364,"comment_status":"","ping_status":"","sticky":false,"template":"","format":"standard","meta":{"advanced_seo_description":"","jetpack_seo_html_title":"","jetpack_seo_noindex":false,"jetpack_post_was_ever_published":false,"_jetpack_newsletter_access":"","_jetpack_dont_email_post_to_subs":false,"_jetpack_newsletter_tier_id":0,"_jetpack_memberships_contains_paywalled_content":false,"_jetpack_memberships_contains_paid_content":false,"footnotes":"","jetpack_publicize_message":"","jetpack_publicize_feature_enabled":true,"jetpack_social_post_already_shared":true,"jetpack_social_options":{"image_generator_settings":{"template":"highway","default_image_id":0,"font":"","enabled":false},"version":2}},"categories":[11],"tags":[154,466,6436,2883],"class_list":["post-85363","post","type-post","status-publish","format-standard","has-post-thumbnail","hentry","category-noticias-de-ribeirao-preto-sp-e-regiao-ismael-colosi","tag-camara","tag-imoveis","tag-permuta","tag-retorna"],"jetpack_publicize_connections":[],"jetpack_featured_media_url":"https:\/\/i0.wp.com\/noticiasribeiraopreto.com.br\/wp-content\/uploads\/2026\/05\/CentroRP-Mar-Alfredo-Risk-scaled.jpg?fit=1200%2C675&ssl=1","jetpack-related-posts":[{"id":80106,"url":"https:\/\/noticiasribeiraopreto.com.br\/index.php\/2025\/11\/14\/proposta-de-permuta-da-prefeitura-de-ribeirao-preto-sera-debatida-na-camara\/","url_meta":{"origin":85363,"position":0},"title":"Proposta de permuta da Prefeitura de Ribeir\u00e3o Preto ser\u00e1 debatida na C\u00e2mara","author":"noticiasribeiraopreto.com.br","date":"14 de November de 2025","format":false,"excerpt":"A C\u00e2mara Municipal de Ribeir\u00e3o Preto vai debater, em audi\u00eancia p\u00fablica, o projeto de lei complementar 47\/2025, no qual a Prefeitura de Ribeir\u00e3o Preto prop\u00f5e a permuta para troca de uma \u00e1rea na zona Sul com o pr\u00e9dio do Col\u00e9gio Marista, no Centro. O encontro \u00e9 promovido pela comiss\u00e3o de\u2026","rel":"","context":"In &quot;Not\u00edcias de Ribeir\u00e3o Preto-SP e Regi\u00e3o&quot;","block_context":{"text":"Not\u00edcias de Ribeir\u00e3o Preto-SP e Regi\u00e3o","link":"https:\/\/noticiasribeiraopreto.com.br\/index.php\/category\/noticias-de-ribeirao-preto-sp-e-regiao-ismael-colosi\/"},"img":{"alt_text":"","src":"https:\/\/i0.wp.com\/noticiasribeiraopreto.com.br\/wp-content\/uploads\/2025\/10\/TERRENO-MARISTA_2025-10-16_18-42-07.webp.webp?fit=1200%2C904&ssl=1&resize=350%2C200","width":350,"height":200,"srcset":"https:\/\/i0.wp.com\/noticiasribeiraopreto.com.br\/wp-content\/uploads\/2025\/10\/TERRENO-MARISTA_2025-10-16_18-42-07.webp.webp?fit=1200%2C904&ssl=1&resize=350%2C200 1x, https:\/\/i0.wp.com\/noticiasribeiraopreto.com.br\/wp-content\/uploads\/2025\/10\/TERRENO-MARISTA_2025-10-16_18-42-07.webp.webp?fit=1200%2C904&ssl=1&resize=525%2C300 1.5x, https:\/\/i0.wp.com\/noticiasribeiraopreto.com.br\/wp-content\/uploads\/2025\/10\/TERRENO-MARISTA_2025-10-16_18-42-07.webp.webp?fit=1200%2C904&ssl=1&resize=700%2C400 2x, https:\/\/i0.wp.com\/noticiasribeiraopreto.com.br\/wp-content\/uploads\/2025\/10\/TERRENO-MARISTA_2025-10-16_18-42-07.webp.webp?fit=1200%2C904&ssl=1&resize=1050%2C600 3x"},"classes":[]},{"id":85174,"url":"https:\/\/noticiasribeiraopreto.com.br\/index.php\/2026\/04\/23\/permuta-com-marista-area-do-municipio-vale-r-29-mi-a-mais\/","url_meta":{"origin":85363,"position":1},"title":"Permuta com Marista &#8211; \u00c1rea do munic\u00edpio vale R$ 29 mi a mais","author":"noticiasribeiraopreto.com.br","date":"23 de April de 2026","format":false,"excerpt":"\r \r \r 23 de abril de 2026 08:0823 de abril de 2026 14:57 \r Compartilhar0 Segundo apura\u00e7\u00e3o do Tribuna, a avalia\u00e7\u00e3o do Cresci-SP constatou que a \u00e1rea p\u00fablica municipal vale R$ 29 milh\u00f5es a mais do que o pr\u00e9dio do Col\u00e9gio Marista O Tribuna apurou que a avalia\u00e7\u00e3o de\u2026","rel":"","context":"In &quot;Not\u00edcias de Ribeir\u00e3o Preto-SP e Regi\u00e3o&quot;","block_context":{"text":"Not\u00edcias de Ribeir\u00e3o Preto-SP e Regi\u00e3o","link":"https:\/\/noticiasribeiraopreto.com.br\/index.php\/category\/noticias-de-ribeirao-preto-sp-e-regiao-ismael-colosi\/"},"img":{"alt_text":"","src":"https:\/\/i0.wp.com\/noticiasribeiraopreto.com.br\/wp-content\/uploads\/2026\/04\/1776972562_CentroRP-Ola-Alfredo-Risk-Arquivo-scaled.jpg?fit=1200%2C675&ssl=1&resize=350%2C200","width":350,"height":200,"srcset":"https:\/\/i0.wp.com\/noticiasribeiraopreto.com.br\/wp-content\/uploads\/2026\/04\/1776972562_CentroRP-Ola-Alfredo-Risk-Arquivo-scaled.jpg?fit=1200%2C675&ssl=1&resize=350%2C200 1x, https:\/\/i0.wp.com\/noticiasribeiraopreto.com.br\/wp-content\/uploads\/2026\/04\/1776972562_CentroRP-Ola-Alfredo-Risk-Arquivo-scaled.jpg?fit=1200%2C675&ssl=1&resize=525%2C300 1.5x, https:\/\/i0.wp.com\/noticiasribeiraopreto.com.br\/wp-content\/uploads\/2026\/04\/1776972562_CentroRP-Ola-Alfredo-Risk-Arquivo-scaled.jpg?fit=1200%2C675&ssl=1&resize=700%2C400 2x, https:\/\/i0.wp.com\/noticiasribeiraopreto.com.br\/wp-content\/uploads\/2026\/04\/1776972562_CentroRP-Ola-Alfredo-Risk-Arquivo-scaled.jpg?fit=1200%2C675&ssl=1&resize=1050%2C600 3x"},"classes":[]},{"id":80414,"url":"https:\/\/noticiasribeiraopreto.com.br\/index.php\/2025\/12\/03\/administracao-retira-projeto-de-permuta\/","url_meta":{"origin":85363,"position":2},"title":"Administra\u00e7\u00e3o retira\u2028 projeto de permuta","author":"noticiasribeiraopreto.com.br","date":"3 de December de 2025","format":false,"excerpt":"Decis\u00e3o \u00e9 tempor\u00e1ria; projeto de lei trata de permuta de \u00e0rea p\u00fablica com pr\u00e9dio pertencente ao Col\u00e9gio Marista \u2028\u2028A prefeitura de Ribeir\u00e3o Preto solicitou \u00e0 C\u00e2mara de Vereadores, na tarde desta segunda-feira, 1\u00ba de dezembro, a retirada tempor\u00e1ria da pauta de vota\u00e7\u00f5es do projeto de lei complementar n\u00ba 47\/2025, que\u2026","rel":"","context":"In &quot;Not\u00edcias de Ribeir\u00e3o Preto-SP e Regi\u00e3o&quot;","block_context":{"text":"Not\u00edcias de Ribeir\u00e3o Preto-SP e Regi\u00e3o","link":"https:\/\/noticiasribeiraopreto.com.br\/index.php\/category\/noticias-de-ribeirao-preto-sp-e-regiao-ismael-colosi\/"},"img":{"alt_text":"","src":"https:\/\/i0.wp.com\/noticiasribeiraopreto.com.br\/wp-content\/uploads\/2025\/12\/CentroRP-Google-Street-View.jpg?fit=1047%2C675&ssl=1&resize=350%2C200","width":350,"height":200,"srcset":"https:\/\/i0.wp.com\/noticiasribeiraopreto.com.br\/wp-content\/uploads\/2025\/12\/CentroRP-Google-Street-View.jpg?fit=1047%2C675&ssl=1&resize=350%2C200 1x, https:\/\/i0.wp.com\/noticiasribeiraopreto.com.br\/wp-content\/uploads\/2025\/12\/CentroRP-Google-Street-View.jpg?fit=1047%2C675&ssl=1&resize=525%2C300 1.5x, https:\/\/i0.wp.com\/noticiasribeiraopreto.com.br\/wp-content\/uploads\/2025\/12\/CentroRP-Google-Street-View.jpg?fit=1047%2C675&ssl=1&resize=700%2C400 2x"},"classes":[]},{"id":80432,"url":"https:\/\/noticiasribeiraopreto.com.br\/index.php\/2025\/12\/03\/tecnicos-do-creci-estao-em-ribeirao-para-avaliar-terreno-da-prefeitura-e-predio-do-colegio-marista\/","url_meta":{"origin":85363,"position":3},"title":"T\u00e9cnicos do Creci est\u00e3o em Ribeir\u00e3o para avaliar terreno da prefeitura e pr\u00e9dio do Col\u00e9gio Marista","author":"noticiasribeiraopreto.com.br","date":"3 de December de 2025","format":false,"excerpt":"\r \r \r 3 de dezembro de 2025 15:14 \r Compartilhar0 T\u00e9cnicos do Conselho Regional de Corretores de Im\u00f3veis de S\u00e3o Paulo (CRECI\/SP) j\u00e1 est\u00e3o em Ribeir\u00e3o Preto para fazer a avalia\u00e7\u00e3o dos im\u00f3veis que a prefeitura e o Col\u00e9gio Marista pretendem permutar, entre si, para a implanta\u00e7\u00e3o do Centro\u2026","rel":"","context":"In &quot;Not\u00edcias de Ribeir\u00e3o Preto-SP e Regi\u00e3o&quot;","block_context":{"text":"Not\u00edcias de Ribeir\u00e3o Preto-SP e Regi\u00e3o","link":"https:\/\/noticiasribeiraopreto.com.br\/index.php\/category\/noticias-de-ribeirao-preto-sp-e-regiao-ismael-colosi\/"},"img":{"alt_text":"","src":"https:\/\/i0.wp.com\/noticiasribeiraopreto.com.br\/wp-content\/uploads\/2025\/12\/1764786154_CentroRP-Google-Street-View.jpg?fit=1047%2C675&ssl=1&resize=350%2C200","width":350,"height":200,"srcset":"https:\/\/i0.wp.com\/noticiasribeiraopreto.com.br\/wp-content\/uploads\/2025\/12\/1764786154_CentroRP-Google-Street-View.jpg?fit=1047%2C675&ssl=1&resize=350%2C200 1x, https:\/\/i0.wp.com\/noticiasribeiraopreto.com.br\/wp-content\/uploads\/2025\/12\/1764786154_CentroRP-Google-Street-View.jpg?fit=1047%2C675&ssl=1&resize=525%2C300 1.5x, https:\/\/i0.wp.com\/noticiasribeiraopreto.com.br\/wp-content\/uploads\/2025\/12\/1764786154_CentroRP-Google-Street-View.jpg?fit=1047%2C675&ssl=1&resize=700%2C400 2x"},"classes":[]},{"id":79437,"url":"https:\/\/noticiasribeiraopreto.com.br\/index.php\/2025\/10\/31\/terreno-envolvido-em-permuta-da-prefeitura-de-ribeirao-sera-avaliado-pelo-creci-sp\/","url_meta":{"origin":85363,"position":4},"title":"Terreno envolvido em permuta da Prefeitura de Ribeir\u00e3o ser\u00e1 avaliado pelo Creci-SP","author":"noticiasribeiraopreto.com.br","date":"31 de October de 2025","format":false,"excerpt":"O Creci-SP (Conselho Regional de Corretores de Im\u00f3veis) firmou com a C\u00e2mara de Ribeir\u00e3o Preto um termo de coopera\u00e7\u00e3o t\u00e9cnica para avaliar o terreno que a prefeitura pretende envolver na permuta com o Marista em troca do im\u00f3vel do col\u00e9gio no Centro. O acordo que formaliza o assessoramento t\u00e9cnico-cient\u00edfico necess\u00e1rio\u2026","rel":"","context":"In &quot;Not\u00edcias de Ribeir\u00e3o Preto-SP e Regi\u00e3o&quot;","block_context":{"text":"Not\u00edcias de Ribeir\u00e3o Preto-SP e Regi\u00e3o","link":"https:\/\/noticiasribeiraopreto.com.br\/index.php\/category\/noticias-de-ribeirao-preto-sp-e-regiao-ismael-colosi\/"},"img":{"alt_text":"","src":"https:\/\/i0.wp.com\/noticiasribeiraopreto.com.br\/wp-content\/uploads\/2025\/10\/TERRENO-MARISTA_2025-10-16_18-42-07.webp.webp?fit=1200%2C904&ssl=1&resize=350%2C200","width":350,"height":200,"srcset":"https:\/\/i0.wp.com\/noticiasribeiraopreto.com.br\/wp-content\/uploads\/2025\/10\/TERRENO-MARISTA_2025-10-16_18-42-07.webp.webp?fit=1200%2C904&ssl=1&resize=350%2C200 1x, https:\/\/i0.wp.com\/noticiasribeiraopreto.com.br\/wp-content\/uploads\/2025\/10\/TERRENO-MARISTA_2025-10-16_18-42-07.webp.webp?fit=1200%2C904&ssl=1&resize=525%2C300 1.5x, https:\/\/i0.wp.com\/noticiasribeiraopreto.com.br\/wp-content\/uploads\/2025\/10\/TERRENO-MARISTA_2025-10-16_18-42-07.webp.webp?fit=1200%2C904&ssl=1&resize=700%2C400 2x, https:\/\/i0.wp.com\/noticiasribeiraopreto.com.br\/wp-content\/uploads\/2025\/10\/TERRENO-MARISTA_2025-10-16_18-42-07.webp.webp?fit=1200%2C904&ssl=1&resize=1050%2C600 3x"},"classes":[]},{"id":78724,"url":"https:\/\/noticiasribeiraopreto.com.br\/index.php\/2025\/10\/17\/gobbi-questiona-valor-de-imovel-a-ser-permutado-com-marista\/","url_meta":{"origin":85363,"position":5},"title":"Gobbi questiona valor de im\u00f3vel a ser permutado com Marista","author":"noticiasribeiraopreto.com.br","date":"17 de October de 2025","format":false,"excerpt":"Vereador Daniel Gobbi (PP) solicitou que o Conselho Regional de Corretores de Im\u00f3veis verifique se o pre\u00e7o apurado pelo im\u00f3vel da prefeitura na Zona Sul est\u00e1 correto\u2028\u2028 O vereador Daniel Gobbi (PP) est\u00e1 questionando o valor do im\u00f3vel p\u00fablico que a prefeitura de Ribeir\u00e3o Preto ir\u00e1 permutar com o Col\u00e9gio\u2026","rel":"","context":"In &quot;Not\u00edcias de Ribeir\u00e3o Preto-SP e Regi\u00e3o&quot;","block_context":{"text":"Not\u00edcias de Ribeir\u00e3o Preto-SP e Regi\u00e3o","link":"https:\/\/noticiasribeiraopreto.com.br\/index.php\/category\/noticias-de-ribeirao-preto-sp-e-regiao-ismael-colosi\/"},"img":{"alt_text":"","src":"https:\/\/i0.wp.com\/noticiasribeiraopreto.com.br\/wp-content\/uploads\/2025\/10\/CentroRP-Thaisa-Coroado-Camara-scaled.jpg?fit=1170%2C780&ssl=1&resize=350%2C200","width":350,"height":200,"srcset":"https:\/\/i0.wp.com\/noticiasribeiraopreto.com.br\/wp-content\/uploads\/2025\/10\/CentroRP-Thaisa-Coroado-Camara-scaled.jpg?fit=1170%2C780&ssl=1&resize=350%2C200 1x, https:\/\/i0.wp.com\/noticiasribeiraopreto.com.br\/wp-content\/uploads\/2025\/10\/CentroRP-Thaisa-Coroado-Camara-scaled.jpg?fit=1170%2C780&ssl=1&resize=525%2C300 1.5x, https:\/\/i0.wp.com\/noticiasribeiraopreto.com.br\/wp-content\/uploads\/2025\/10\/CentroRP-Thaisa-Coroado-Camara-scaled.jpg?fit=1170%2C780&ssl=1&resize=700%2C400 2x, https:\/\/i0.wp.com\/noticiasribeiraopreto.com.br\/wp-content\/uploads\/2025\/10\/CentroRP-Thaisa-Coroado-Camara-scaled.jpg?fit=1170%2C780&ssl=1&resize=1050%2C600 3x"},"classes":[]}],"jetpack_sharing_enabled":true,"jetpack_shortlink":"https:\/\/wp.me\/peQAOb-mcP","_links":{"self":[{"href":"https:\/\/noticiasribeiraopreto.com.br\/index.php\/wp-json\/wp\/v2\/posts\/85363","targetHints":{"allow":["GET"]}}],"collection":[{"href":"https:\/\/noticiasribeiraopreto.com.br\/index.php\/wp-json\/wp\/v2\/posts"}],"about":[{"href":"https:\/\/noticiasribeiraopreto.com.br\/index.php\/wp-json\/wp\/v2\/types\/post"}],"author":[{"embeddable":true,"href":"https:\/\/noticiasribeiraopreto.com.br\/index.php\/wp-json\/wp\/v2\/users\/1"}],"replies":[{"embeddable":true,"href":"https:\/\/noticiasribeiraopreto.com.br\/index.php\/wp-json\/wp\/v2\/comments?post=85363"}],"version-history":[{"count":0,"href":"https:\/\/noticiasribeiraopreto.com.br\/index.php\/wp-json\/wp\/v2\/posts\/85363\/revisions"}],"wp:featuredmedia":[{"embeddable":true,"href":"https:\/\/noticiasribeiraopreto.com.br\/index.php\/wp-json\/wp\/v2\/media\/85364"}],"wp:attachment":[{"href":"https:\/\/noticiasribeiraopreto.com.br\/index.php\/wp-json\/wp\/v2\/media?parent=85363"}],"wp:term":[{"taxonomy":"category","embeddable":true,"href":"https:\/\/noticiasribeiraopreto.com.br\/index.php\/wp-json\/wp\/v2\/categories?post=85363"},{"taxonomy":"post_tag","embeddable":true,"href":"https:\/\/noticiasribeiraopreto.com.br\/index.php\/wp-json\/wp\/v2\/tags?post=85363"}],"curies":[{"name":"wp","href":"https:\/\/api.w.org\/{rel}","templated":true}]}}