{"id":85365,"date":"2026-05-01T07:24:50","date_gmt":"2026-05-01T10:24:50","guid":{"rendered":"https:\/\/noticiasribeiraopreto.com.br\/index.php\/2026\/05\/01\/terminal-rodoviario-ganhara-20-cameras\/"},"modified":"2026-05-01T07:24:50","modified_gmt":"2026-05-01T10:24:50","slug":"terminal-rodoviario-ganhara-20-cameras","status":"publish","type":"post","link":"https:\/\/noticiasribeiraopreto.com.br\/index.php\/2026\/05\/01\/terminal-rodoviario-ganhara-20-cameras\/","title":{"rendered":"Terminal Rodovi\u00e1rio\u2028 ganhar\u00e1 20 c\u00e2meras"},"content":{"rendered":"<div class='code-block code-block-1' style='margin: 8px 0 8px auto; text-align: right; display: block; clear: both;'>\n<p><a href=\"https:\/\/wa.link\/vpicfd\"><img data-recalc-dims=\"1\" class=\"wp-image-4922\" style=\"aspect-ratio: 2.0253164556962027; width: 561px; height: auto;\" src=\"https:\/\/i0.wp.com\/ismaelcolosi.com.br\/wp-content\/uploads\/2023\/11\/grupo-de-empregos-whatsapp-e-facebook-ismael-colosi-vagas.jpg?ssl=1\" alt=\"\" \/><\/a><\/p>\n<!-- \/wp:image -->\n<\/div>\n<p> <br \/>\n<\/p>\n<div id=\"\">&#13;<br \/>\n\t\t\t\t\t\t\t\t&#13;<\/p>\n<p>&#13;<br \/>\n\t\t\t\t\t\t\t\t\t<span class=\"entry-meta-item penci-posted-on\"><i class=\"fa fa-clock-o\"\/><time class=\"entry-date published\" datetime=\"2026-05-01T07:20:43-03:00\">1 de maio de 2026 07:20<\/time><time class=\"updated\" datetime=\"2026-05-01T00:49:38-03:00\">1 de maio de 2026 00:49<\/time><\/span><span class=\"entry-meta-item penci-post-countview\"\/>\t\t\t\t\t\t\t\t<\/p>\n<p><!-- .entry-meta -->&#13;<br \/>\n\t\t\t\t\t\t\t\t<span class=\"penci-social-buttons penci-social-share-footer\"><span class=\"penci-social-share-text\">Compartilhar<\/span><a href=\"#\" class=\"penci-post-like penci_post-meta_item  single-like-button penci-social-item like\" data-post_id=\"462726\" title=\"Like\" data-like=\"Like\" data-unlike=\"Unlike\"><i class=\"fa fa-thumbs-o-up\"\/><span class=\"penci-share-number\">0<\/span><\/a><i class=\"fa fa-facebook\"\/><a class=\"penci-social-item twitter\" target=\"_blank\" rel=\"noopener\" title=\"\" href=\"https:\/\/twitter.com\/intent\/tweet?text=Terminal%20Rodovi\u00e1rio\u2028%20ganhar\u00e1%2020%20c\u00e2meras%20-%20https:\/\/www.tribunaribeirao.com.br\/terminal-rodoviario-ganhara-20-cameras\/\"><i class=\"fa fa-twitter\"\/><\/a><i class=\"fa fa-linkedin\"\/><i class=\"fa fa-whatsapp\"\/><i class=\"fa fa-telegram\"\/><i class=\"fa fa-envelope\"\/><\/span>\t\t\t\t\t\t\t<\/div>\n<div>\n<p class=\"p1\"><i>Instala\u00e7\u00e3o de novos equipamentos foi comunicada ao presidente da C\u00e2mara de Ribeir\u00e3o Preto, Daniel Gobbi (PP)<\/i><\/p>\n<p class=\"p1\">O presidente da C\u00e2mara de Vereadores, Daniel Gobbi (PP), esteve reunido com o coordenador de opera\u00e7\u00f5es do Terminal Rodovi\u00e1rio de Ribeir\u00e3o Preto, Renato Franco, para cobrar a\u00e7\u00f5es de melhoria no equipamento p\u00fablico, administrado pela Sociedade Civil Campineira (Socicam) desde a inaugura\u00e7\u00e3o, em 1976. A reuni\u00e3o ocorreu em 27 de abril.<\/p>\n<p>Entre as reivindica\u00e7\u00f5es est\u00e1 o aumento no sistema de monitoramento por c\u00e2meras para garantir mais seguran\u00e7a aos usu\u00e1rios do transporte p\u00fablico que circulam pelo local. \u201cNa gest\u00e3o passada, enquanto vice-prefeito e secret\u00e1rio de Planejamento, iniciei um trabalho para requalificar o entorno do terminal rodovi\u00e1rio\u201d, diz Gobbi.<\/p>\n<p>\u201cForam a\u00e7\u00f5es multidisciplinares, com o apoio de v\u00e1rias secretarias, para tornar aquele espa\u00e7o mais seguro. A Socicam tamb\u00e9m contribuiu, avan\u00e7ando na melhoria da ilumina\u00e7\u00e3o externa. Agora, refor\u00e7o a necessidade de ampliar a vigil\u00e2ncia e utilizar a tecnologia como aliada nesse processo\u201d, destaca.<\/p>\n<p>Segundo o coordenador de opera\u00e7\u00f5es da Rodovi\u00e1ria Central, ser\u00e1 ampliado o sistema de monitoramento com a instala\u00e7\u00e3o de 20 novos equipamentos. \u201cAl\u00e9m da substitui\u00e7\u00e3o e atualiza\u00e7\u00e3o dos dispositivos existentes, vamos implantar mais pontos de monitoramento, permitindo o acompanhamento em tempo real das atividades no terminal\u201d, afirma.<\/p>\n<p>O Terminal Rodovi\u00e1rio de Ribeir\u00e3o Preto completa 50 anos em 2026. Com 17 plataformas de embarque, 37 empresas rodovi\u00e1rias, a Rodovi\u00e1ria Central<span class=\"Apple-converted-space\">\u00a0 <\/span>recebe, em m\u00e9dia, quatro mil passageiros por dia. A cidade mais distante com itiner\u00e1rio partindo de Ribeir\u00e3o Preto \u00e9 Bel\u00e9m, no Estado do Par\u00e1.<\/p>\n<p>O Terminal Rodovi\u00e1rio fica em condom\u00ednio comercial com cerca de 100 boxes que incluem desde sal\u00f5es e beleza e lanchonetes at\u00e9 lojas de artigos religiosos e roupas. Cada box tem um propriet\u00e1rio e administra\u00e7\u00e3o do espa\u00e7o \u00e9 responsabilidade do Condom\u00ednio Shopping Ribeir\u00e3o Preto, com sindica eleita pelos lojistas.<\/p>\n<p>A Socicam \u00e9 respons\u00e1vel apenas pela opera\u00e7\u00e3o do terminal de passageiros intermunicipais e pelos nove quiosques e dois caf\u00e9s que ficam localizados na \u00e1rea de embarque. Tamb\u00e9m n\u00e3o \u00e9 respons\u00e1vel pelas linhas suburbanas que partem e chegam na esta\u00e7\u00e3o. O atual contrato de concess\u00e3o de operacionaliza\u00e7\u00e3o do terminal com a Socicam vai at\u00e9 o ano de 2036.<\/p>\n<\/div>\n<p><script async src=\"\/\/platform.twitter.com\/widgets.js\" charset=\"utf-8\"><\/script><br \/>\n<br \/><br \/>\n<br \/><a href=\"https:\/\/www.tribunaribeirao.com.br\/terminal-rodoviario-ganhara-20-cameras\/\">Texto original daqui <\/a><\/p>\n<!-- CONTENT END 1 -->\n","protected":false},"excerpt":{"rendered":"<p>&#13; &#13; &#13; 1 de maio de 2026 07:201 de maio de 2026 00:49 &#13; Compartilhar0 Instala\u00e7\u00e3o de novos equipamentos foi comunicada ao presidente da&#8230;<\/p>\n","protected":false},"author":1,"featured_media":85366,"comment_status":"","ping_status":"","sticky":false,"template":"","format":"standard","meta":{"advanced_seo_description":"","jetpack_seo_html_title":"","jetpack_seo_noindex":false,"jetpack_post_was_ever_published":false,"_jetpack_newsletter_access":"","_jetpack_dont_email_post_to_subs":false,"_jetpack_newsletter_tier_id":0,"_jetpack_memberships_contains_paywalled_content":false,"_jetpack_memberships_contains_paid_content":false,"footnotes":"","jetpack_publicize_message":"","jetpack_publicize_feature_enabled":true,"jetpack_social_post_already_shared":true,"jetpack_social_options":{"image_generator_settings":{"template":"highway","default_image_id":0,"font":"","enabled":false},"version":2}},"categories":[11],"tags":[2958,3689,3087,334],"class_list":["post-85365","post","type-post","status-publish","format-standard","has-post-thumbnail","hentry","category-noticias-de-ribeirao-preto-sp-e-regiao-ismael-colosi","tag-cameras","tag-ganhara","tag-rodoviario","tag-terminal"],"jetpack_publicize_connections":[],"jetpack_featured_media_url":"https:\/\/i0.wp.com\/noticiasribeiraopreto.com.br\/wp-content\/uploads\/2026\/05\/Rodoviaria-Alfredo-Risk-scaled.jpg?fit=1200%2C800&ssl=1","jetpack-related-posts":[{"id":78991,"url":"https:\/\/noticiasribeiraopreto.com.br\/index.php\/2025\/10\/22\/homem-e-encontrado-morto-em-frente-ao-terminal-rodoviario-de-ribeirao-preto\/","url_meta":{"origin":85365,"position":0},"title":"Homem \u00e9 encontrado morto em frente ao Terminal Rodovi\u00e1rio de Ribeir\u00e3o Preto","author":"noticiasribeiraopreto.com.br","date":"22 de October de 2025","format":false,"excerpt":"Um homem foi encontrado morto na manh\u00e3 desta quarta-feira (22), em frente ao Terminal Rodovi\u00e1rio de Ribeir\u00e3o Preto, na avenida Jer\u00f4nimo Gon\u00e7alves. Segundo informa\u00e7\u00f5es, o homem, ainda sem identifica\u00e7\u00e3o e apar\u00eancia de 60 anos de idade, estava ca\u00eddo na cal\u00e7ada ao lado de um ponto de \u00f4nibus, onde h\u00e1 um\u2026","rel":"","context":"In &quot;Not\u00edcias de Ribeir\u00e3o Preto-SP e Regi\u00e3o&quot;","block_context":{"text":"Not\u00edcias de Ribeir\u00e3o Preto-SP e Regi\u00e3o","link":"https:\/\/noticiasribeiraopreto.com.br\/index.php\/category\/noticias-de-ribeirao-preto-sp-e-regiao-ismael-colosi\/"},"img":{"alt_text":"","src":"https:\/\/i0.wp.com\/noticiasribeiraopreto.com.br\/wp-content\/uploads\/2025\/10\/CORPO_2025-10-22_13-28-46.webp.webp?fit=1029%2C606&ssl=1&resize=350%2C200","width":350,"height":200,"srcset":"https:\/\/i0.wp.com\/noticiasribeiraopreto.com.br\/wp-content\/uploads\/2025\/10\/CORPO_2025-10-22_13-28-46.webp.webp?fit=1029%2C606&ssl=1&resize=350%2C200 1x, https:\/\/i0.wp.com\/noticiasribeiraopreto.com.br\/wp-content\/uploads\/2025\/10\/CORPO_2025-10-22_13-28-46.webp.webp?fit=1029%2C606&ssl=1&resize=525%2C300 1.5x, https:\/\/i0.wp.com\/noticiasribeiraopreto.com.br\/wp-content\/uploads\/2025\/10\/CORPO_2025-10-22_13-28-46.webp.webp?fit=1029%2C606&ssl=1&resize=700%2C400 2x"},"classes":[]},{"id":34060,"url":"https:\/\/noticiasribeiraopreto.com.br\/index.php\/2024\/01\/31\/rp-realiza-mutirao-de-emprego-com-mais-de-300-oportunidades-nesta-quinta-01\/","url_meta":{"origin":85365,"position":1},"title":"RP realiza mutir\u00e3o de emprego com mais de 300 oportunidades nesta quinta, 01","author":"noticiasribeiraopreto.com.br","date":"31 de January de 2024","format":false,"excerpt":"O Terminal Rodovi\u00e1rio de Ribeir\u00e3o Preto recebe nesta quinta-feira, dia primeiro de fevereiro o 3\u00ba Mini Mutir\u00e3o do Emprego, com mais de 300 vagas de trabalho. Realizado pela Prefeitura de Ribeir\u00e3o Preto, o evento, que acontece das 10h \u00e0s 14h, apresenta uma chance \u00edmpar para os cidad\u00e3os acessarem oportunidades de\u2026","rel":"","context":"In &quot;Not\u00edcias de Ribeir\u00e3o Preto-SP e Regi\u00e3o&quot;","block_context":{"text":"Not\u00edcias de Ribeir\u00e3o Preto-SP e Regi\u00e3o","link":"https:\/\/noticiasribeiraopreto.com.br\/index.php\/category\/noticias-de-ribeirao-preto-sp-e-regiao-ismael-colosi\/"},"img":{"alt_text":"","src":"https:\/\/i0.wp.com\/noticiasribeiraopreto.com.br\/wp-content\/uploads\/2024\/01\/mutirao-de-emprego.jpg?fit=900%2C600&ssl=1&resize=350%2C200","width":350,"height":200,"srcset":"https:\/\/i0.wp.com\/noticiasribeiraopreto.com.br\/wp-content\/uploads\/2024\/01\/mutirao-de-emprego.jpg?fit=900%2C600&ssl=1&resize=350%2C200 1x, https:\/\/i0.wp.com\/noticiasribeiraopreto.com.br\/wp-content\/uploads\/2024\/01\/mutirao-de-emprego.jpg?fit=900%2C600&ssl=1&resize=525%2C300 1.5x, https:\/\/i0.wp.com\/noticiasribeiraopreto.com.br\/wp-content\/uploads\/2024\/01\/mutirao-de-emprego.jpg?fit=900%2C600&ssl=1&resize=700%2C400 2x"},"classes":[]},{"id":79037,"url":"https:\/\/noticiasribeiraopreto.com.br\/index.php\/2025\/10\/23\/identificado-homem-encontrado-morto-em-frente-ao-terminal-rodoviario-de-ribeirao-preto\/","url_meta":{"origin":85365,"position":2},"title":"Identificado homem encontrado morto em frente ao Terminal Rodovi\u00e1rio de Ribeir\u00e3o Preto","author":"noticiasribeiraopreto.com.br","date":"23 de October de 2025","format":false,"excerpt":"A Pol\u00edcia Civil identificou o homem encontrado morto na manh\u00e3 desta quarta-feira (22), em frente ao Terminal Rodovi\u00e1rio de Ribeir\u00e3o Preto, na avenida Jer\u00f4nimo Gon\u00e7alves. Segundo o boletim de ocorr\u00eancia (BO), Sidnei Campos Rodrigues dos Santos, de 58 anos, estava ca\u00eddo na cal\u00e7ada com uma marca de sangue no ch\u00e3o\u2026","rel":"","context":"In &quot;Not\u00edcias de Ribeir\u00e3o Preto-SP e Regi\u00e3o&quot;","block_context":{"text":"Not\u00edcias de Ribeir\u00e3o Preto-SP e Regi\u00e3o","link":"https:\/\/noticiasribeiraopreto.com.br\/index.php\/category\/noticias-de-ribeirao-preto-sp-e-regiao-ismael-colosi\/"},"img":{"alt_text":"","src":"https:\/\/i0.wp.com\/noticiasribeiraopreto.com.br\/wp-content\/uploads\/2025\/10\/CORPO_2025-10-22_13-28-46.webp.webp?fit=1029%2C606&ssl=1&resize=350%2C200","width":350,"height":200,"srcset":"https:\/\/i0.wp.com\/noticiasribeiraopreto.com.br\/wp-content\/uploads\/2025\/10\/CORPO_2025-10-22_13-28-46.webp.webp?fit=1029%2C606&ssl=1&resize=350%2C200 1x, https:\/\/i0.wp.com\/noticiasribeiraopreto.com.br\/wp-content\/uploads\/2025\/10\/CORPO_2025-10-22_13-28-46.webp.webp?fit=1029%2C606&ssl=1&resize=525%2C300 1.5x, https:\/\/i0.wp.com\/noticiasribeiraopreto.com.br\/wp-content\/uploads\/2025\/10\/CORPO_2025-10-22_13-28-46.webp.webp?fit=1029%2C606&ssl=1&resize=700%2C400 2x"},"classes":[]},{"id":57755,"url":"https:\/\/noticiasribeiraopreto.com.br\/index.php\/2024\/09\/09\/ribeirao-preto-tem-mutirao-do-emprego-com-mais-de-mil-vagas-veja-como-participar\/","url_meta":{"origin":85365,"position":3},"title":"Ribeir\u00e3o Preto tem mutir\u00e3o do emprego com mais de mil vagas; Veja como participar","author":"noticiasribeiraopreto.com.br","date":"9 de September de 2024","format":false,"excerpt":"Um mutir\u00e3o do emprego com mais de mil oportunidades acontece nesta quarta-feira (11), das 9h \u00e0s 12h, no Terminal Rodovi\u00e1rio de Ribeir\u00e3o Preto, regi\u00e3o central do munic\u00edpio. Al\u00e9m das vagas de emprego, haver\u00e1 oportunidades para est\u00e1gio e aprendiz. O mutir\u00e3o tamb\u00e9m oferecer\u00e1 servi\u00e7os de orienta\u00e7\u00e3o profissional e dicas de curr\u00edculo\u2026","rel":"","context":"In &quot;Not\u00edcias de Ribeir\u00e3o Preto-SP e Regi\u00e3o&quot;","block_context":{"text":"Not\u00edcias de Ribeir\u00e3o Preto-SP e Regi\u00e3o","link":"https:\/\/noticiasribeiraopreto.com.br\/index.php\/category\/noticias-de-ribeirao-preto-sp-e-regiao-ismael-colosi\/"},"img":{"alt_text":"","src":"https:\/\/i0.wp.com\/noticiasribeiraopreto.com.br\/wp-content\/uploads\/2024\/09\/Copia-de-Copia-de-TAMANHO-EXATO-PARA-FOTOS-NO-SISTEMA-NOVO-76.jpg?fit=1200%2C675&ssl=1&resize=350%2C200","width":350,"height":200,"srcset":"https:\/\/i0.wp.com\/noticiasribeiraopreto.com.br\/wp-content\/uploads\/2024\/09\/Copia-de-Copia-de-TAMANHO-EXATO-PARA-FOTOS-NO-SISTEMA-NOVO-76.jpg?fit=1200%2C675&ssl=1&resize=350%2C200 1x, https:\/\/i0.wp.com\/noticiasribeiraopreto.com.br\/wp-content\/uploads\/2024\/09\/Copia-de-Copia-de-TAMANHO-EXATO-PARA-FOTOS-NO-SISTEMA-NOVO-76.jpg?fit=1200%2C675&ssl=1&resize=525%2C300 1.5x, https:\/\/i0.wp.com\/noticiasribeiraopreto.com.br\/wp-content\/uploads\/2024\/09\/Copia-de-Copia-de-TAMANHO-EXATO-PARA-FOTOS-NO-SISTEMA-NOVO-76.jpg?fit=1200%2C675&ssl=1&resize=700%2C400 2x, https:\/\/i0.wp.com\/noticiasribeiraopreto.com.br\/wp-content\/uploads\/2024\/09\/Copia-de-Copia-de-TAMANHO-EXATO-PARA-FOTOS-NO-SISTEMA-NOVO-76.jpg?fit=1200%2C675&ssl=1&resize=1050%2C600 3x"},"classes":[]},{"id":48781,"url":"https:\/\/noticiasribeiraopreto.com.br\/index.php\/2024\/05\/06\/ribeirao-preto-tem-mutirao-de-emprego-com-mais-de-300-vagas-saiba-mais\/","url_meta":{"origin":85365,"position":4},"title":"Ribeir\u00e3o Preto tem mutir\u00e3o de emprego com mais de 300 vagas; Saiba mais","author":"noticiasribeiraopreto.com.br","date":"6 de May de 2024","format":false,"excerpt":"A Prefeitura de Ribeir\u00e3o Preto realiza nesta quarta-feira (8) um \u201cMutir\u00e3o de Emprego\u201d com mais de 300 vagas. A a\u00e7\u00e3o ser\u00e1 no Terminal Rodovi\u00e1rio, que fica na avenida Jer\u00f4nimo Gon\u00e7alves, 640, das 9h \u00e0s 12h. Os interessados em concorrer a uma das vagas, que v\u00e3o desde est\u00e1gios at\u00e9 recoloca\u00e7\u00e3o no\u2026","rel":"","context":"In &quot;Not\u00edcias de Ribeir\u00e3o Preto-SP e Regi\u00e3o&quot;","block_context":{"text":"Not\u00edcias de Ribeir\u00e3o Preto-SP e Regi\u00e3o","link":"https:\/\/noticiasribeiraopreto.com.br\/index.php\/category\/noticias-de-ribeirao-preto-sp-e-regiao-ismael-colosi\/"},"img":{"alt_text":"","src":"https:\/\/i0.wp.com\/noticiasribeiraopreto.com.br\/wp-content\/uploads\/2024\/05\/closeup-de-candidato-a-emprego-dando-seu-curriculo-durante-a-entrevista-de-emprego-no-escritorio-scaled.jpg?fit=1200%2C800&ssl=1&resize=350%2C200","width":350,"height":200,"srcset":"https:\/\/i0.wp.com\/noticiasribeiraopreto.com.br\/wp-content\/uploads\/2024\/05\/closeup-de-candidato-a-emprego-dando-seu-curriculo-durante-a-entrevista-de-emprego-no-escritorio-scaled.jpg?fit=1200%2C800&ssl=1&resize=350%2C200 1x, https:\/\/i0.wp.com\/noticiasribeiraopreto.com.br\/wp-content\/uploads\/2024\/05\/closeup-de-candidato-a-emprego-dando-seu-curriculo-durante-a-entrevista-de-emprego-no-escritorio-scaled.jpg?fit=1200%2C800&ssl=1&resize=525%2C300 1.5x, https:\/\/i0.wp.com\/noticiasribeiraopreto.com.br\/wp-content\/uploads\/2024\/05\/closeup-de-candidato-a-emprego-dando-seu-curriculo-durante-a-entrevista-de-emprego-no-escritorio-scaled.jpg?fit=1200%2C800&ssl=1&resize=700%2C400 2x, https:\/\/i0.wp.com\/noticiasribeiraopreto.com.br\/wp-content\/uploads\/2024\/05\/closeup-de-candidato-a-emprego-dando-seu-curriculo-durante-a-entrevista-de-emprego-no-escritorio-scaled.jpg?fit=1200%2C800&ssl=1&resize=1050%2C600 3x"},"classes":[]},{"id":29632,"url":"https:\/\/noticiasribeiraopreto.com.br\/index.php\/2024\/01\/18\/a-sociedade-da-neve-sucesso-na-netflix-ganhara-documentario-sobre-sua-producao\/","url_meta":{"origin":85365,"position":5},"title":"&#8216;A Sociedade da Neve&#8217;, sucesso na Netflix, ganhar\u00e1 document\u00e1rio sobre sua produ\u00e7\u00e3o","author":"noticiasribeiraopreto.com.br","date":"18 de January de 2024","format":false,"excerpt":"18 de janeiro de 2024 | 15:3018 de janeiro de 2024 | 11:57 0Lan\u00e7ado em dezembro do ano passado, o filme\u00a0A sociedade da Neve, do diretor espanhol Juan Antonio Bayona \u00e9 sucesso na Netflix e conta sobre a trag\u00e9dia da Cordilheira dos Andes de 1972: um acidente de avi\u00e3o com\u2026","rel":"","context":"In &quot;Not\u00edcias de Ribeir\u00e3o Preto-SP e Regi\u00e3o&quot;","block_context":{"text":"Not\u00edcias de Ribeir\u00e3o Preto-SP e Regi\u00e3o","link":"https:\/\/noticiasribeiraopreto.com.br\/index.php\/category\/noticias-de-ribeirao-preto-sp-e-regiao-ismael-colosi\/"},"img":{"alt_text":"","src":"https:\/\/i0.wp.com\/noticiasribeiraopreto.com.br\/wp-content\/uploads\/2024\/01\/a-sociedade-da-neve-scaled.jpg?fit=1000%2C563&ssl=1&resize=350%2C200","width":350,"height":200,"srcset":"https:\/\/i0.wp.com\/noticiasribeiraopreto.com.br\/wp-content\/uploads\/2024\/01\/a-sociedade-da-neve-scaled.jpg?fit=1000%2C563&ssl=1&resize=350%2C200 1x, https:\/\/i0.wp.com\/noticiasribeiraopreto.com.br\/wp-content\/uploads\/2024\/01\/a-sociedade-da-neve-scaled.jpg?fit=1000%2C563&ssl=1&resize=525%2C300 1.5x, https:\/\/i0.wp.com\/noticiasribeiraopreto.com.br\/wp-content\/uploads\/2024\/01\/a-sociedade-da-neve-scaled.jpg?fit=1000%2C563&ssl=1&resize=700%2C400 2x"},"classes":[]}],"jetpack_sharing_enabled":true,"jetpack_shortlink":"https:\/\/wp.me\/peQAOb-mcR","_links":{"self":[{"href":"https:\/\/noticiasribeiraopreto.com.br\/index.php\/wp-json\/wp\/v2\/posts\/85365","targetHints":{"allow":["GET"]}}],"collection":[{"href":"https:\/\/noticiasribeiraopreto.com.br\/index.php\/wp-json\/wp\/v2\/posts"}],"about":[{"href":"https:\/\/noticiasribeiraopreto.com.br\/index.php\/wp-json\/wp\/v2\/types\/post"}],"author":[{"embeddable":true,"href":"https:\/\/noticiasribeiraopreto.com.br\/index.php\/wp-json\/wp\/v2\/users\/1"}],"replies":[{"embeddable":true,"href":"https:\/\/noticiasribeiraopreto.com.br\/index.php\/wp-json\/wp\/v2\/comments?post=85365"}],"version-history":[{"count":0,"href":"https:\/\/noticiasribeiraopreto.com.br\/index.php\/wp-json\/wp\/v2\/posts\/85365\/revisions"}],"wp:featuredmedia":[{"embeddable":true,"href":"https:\/\/noticiasribeiraopreto.com.br\/index.php\/wp-json\/wp\/v2\/media\/85366"}],"wp:attachment":[{"href":"https:\/\/noticiasribeiraopreto.com.br\/index.php\/wp-json\/wp\/v2\/media?parent=85365"}],"wp:term":[{"taxonomy":"category","embeddable":true,"href":"https:\/\/noticiasribeiraopreto.com.br\/index.php\/wp-json\/wp\/v2\/categories?post=85365"},{"taxonomy":"post_tag","embeddable":true,"href":"https:\/\/noticiasribeiraopreto.com.br\/index.php\/wp-json\/wp\/v2\/tags?post=85365"}],"curies":[{"name":"wp","href":"https:\/\/api.w.org\/{rel}","templated":true}]}}