{"id":85368,"date":"2026-05-01T08:31:58","date_gmt":"2026-05-01T11:31:58","guid":{"rendered":"https:\/\/noticiasribeiraopreto.com.br\/index.php\/2026\/05\/01\/ribeirao-preto-sedia-festa-do-trabalhador\/"},"modified":"2026-05-01T08:31:58","modified_gmt":"2026-05-01T11:31:58","slug":"ribeirao-preto-sedia-festa-do-trabalhador","status":"publish","type":"post","link":"https:\/\/noticiasribeiraopreto.com.br\/index.php\/2026\/05\/01\/ribeirao-preto-sedia-festa-do-trabalhador\/","title":{"rendered":"Ribeir\u00e3o Preto sedia \u2028Festa do Trabalhador"},"content":{"rendered":"<div class='code-block code-block-1' style='margin: 8px 0 8px auto; text-align: right; display: block; clear: both;'>\n<p><a href=\"https:\/\/wa.link\/vpicfd\"><img data-recalc-dims=\"1\" class=\"wp-image-4922\" style=\"aspect-ratio: 2.0253164556962027; width: 561px; height: auto;\" src=\"https:\/\/i0.wp.com\/ismaelcolosi.com.br\/wp-content\/uploads\/2023\/11\/grupo-de-empregos-whatsapp-e-facebook-ismael-colosi-vagas.jpg?ssl=1\" alt=\"\" \/><\/a><\/p>\n<!-- \/wp:image -->\n<\/div>\n<p> <br \/>\n<\/p>\n<div>\n<p class=\"p1\"><i>Evento ser\u00e1 nesta sexta-feira (1\u00ba) no Parque Maur\u00edlio Biagi e contar\u00e1 com shows, sorteios e mutir\u00e3o de empregos<\/i><\/p>\n<p>A prefeitura de Ribeir\u00e3o Preto e a Uni\u00e3o Sindical, que re\u00fane entidades de diversos setores, realizam nesta sexta-feira, feriado do Primeiro de Maio, a 15\u00aa Festa do Trabalhador, em celebra\u00e7\u00e3o do Dia Mundial do Trabalho. O evento acontece a partir das dez horas e segue at\u00e9 as seis da tarde, no Parque Maur\u00edlio Biagi, com uma programa\u00e7\u00e3o gratuita voltada \u00e0 valoriza\u00e7\u00e3o dos trabalhadores e ao conv\u00edvio familiar.<\/p>\n<p>A iniciativa integra o calend\u00e1rio oficial do munic\u00edpio e, neste ano, ganha ainda mais relev\u00e2ncia por fazer parte das comemora\u00e7\u00f5es dos 170 anos de Ribeir\u00e3o Preto. Ao longo de todo o dia, o p\u00fablico poder\u00e1 acompanhar apresenta\u00e7\u00f5es musicais, acessar servi\u00e7os e participar de atividades culturais. Entre os destaques est\u00e3o os shows com Duetos do Samba, Marcos e Lucas, Nil Guimar\u00e3es e Oba Oba Samba House, al\u00e9m da conta\u00e7\u00e3o de hist\u00f3rias, com sess\u00f5es em hor\u00e1rios espec\u00edficos ao longo da programa\u00e7\u00e3o.<\/p>\n<p>Os sorteios de pr\u00eamios integram a programa\u00e7\u00e3o do evento e s\u00e3o destinados exclusivamente aos trabalhadores sindicalizados, conforme crit\u00e9rios e organiza\u00e7\u00e3o definidos pelas entidades sindicais participantes, respons\u00e1veis pela condu\u00e7\u00e3o, regulamenta\u00e7\u00e3o e execu\u00e7\u00e3o da atividade, sem \u00f4nus ao munic\u00edpio.<br \/><br \/><b>Mutir\u00e3o de emprego \u2013 <\/b>A programa\u00e7\u00e3o inclui ainda mutir\u00e3o de empregos, integrado ao Programa Emprega Mais Ribeir\u00e3o. Empresas da cidade estar\u00e3o presentes no local realizando a sele\u00e7\u00e3o de candidatos. Ao todo, ser\u00e3o disponibilizadas mais de 500 vagas em diversas \u00e1reas, ampliando o acesso da popula\u00e7\u00e3o a oportunidades reais de inser\u00e7\u00e3o no mercado de trabalho.<\/p>\n<p>A realiza\u00e7\u00e3o \u00e9 do Instituto Brasileiro do Emprego e Empreendedorismo (iBee), Sindicato do Com\u00e9rcio Varejista e Ribeir\u00e3o Preto e Regi\u00e3o, da C\u00e2mara de Dirigentes Lojistas (CDL RP), Sindicato dos Empregados do Com\u00e9rcio),<span class=\"Apple-converted-space\">\u00a0 <\/span>(Sincomerciarios RP) e Secretaria Municipal de Inova\u00e7\u00e3o e Desenvolvimento Econ\u00f4mico.<\/p>\n<p>Outras 49 entidades apoiam o evento. A iniciativa integra a programa\u00e7\u00e3o de um projeto ainda mais amplo, o Emprega Mais Ribeir\u00e3o, resultado da uni\u00e3o de for\u00e7as entre 54 entidades\/movimentos setoriais e o poder p\u00fablico. Em 2025. inicialmente, a programa\u00e7\u00e3o previa a realiza\u00e7\u00e3o de 14 mutir\u00f5es de empregabilidade, entre julho e dezembro de 2025, com mais de 16 mil vagas oferecidas.<\/p>\n<p>Por\u00e9m, com a grande repercuss\u00e3o do trabalho, outros parceiros se inspiraram e a lista de mutir\u00f5es subiu para 17 at\u00e9 o fim do ano, alcan\u00e7ando cerca de 18 mil oportunidades de emprego disponibilizadas. A a\u00e7\u00e3o tamb\u00e9m contempla campanhas de conscientiza\u00e7\u00e3o e pra\u00e7a de alimenta\u00e7\u00e3o, refor\u00e7ando o car\u00e1ter do evento como espa\u00e7o de acesso a servi\u00e7os, gera\u00e7\u00e3o de oportunidades e integra\u00e7\u00e3o social.<\/p>\n<p>A edi\u00e7\u00e3o de 2026 tamb\u00e9m marca a retomada da Festa do Trabalhador em espa\u00e7o p\u00fablico aberto, ampliando o acesso da popula\u00e7\u00e3o e refor\u00e7ando o compromisso com a realiza\u00e7\u00e3o de eventos inclusivos, organizados e voltados ao interesse coletivo.<br \/><b><br \/>Feriado \u2013<\/b> O Dia Internacional do Trabalhador, tamb\u00e9m conhecido como Dia do Trabalhador ou Dia do Trabalho, comemorado anualmente em 1\u00ba de maio, \u00e9 feriado em muitos pa\u00edses. A data do Primeiro de Maio tem origem na greve geral iniciada por trabalhadores norte-americanos em 1886, em Chicago (Illinois, EUA).<\/p>\n<p>Eles reivindicavam melhores condi\u00e7\u00f5es de trabalho, principalmente a redu\u00e7\u00e3o da jornada que chegava a 17 ou 16 horas por dia para oito horas di\u00e1rias. A greve resultou em confrontos violentos entre trabalhadores e pol\u00edcia, resultando na morte de manifestantes e tamb\u00e9m de policiais.<\/p>\n<p>O reconhecimento internacional ocorreu durante o congresso socialista Segunda Internacional, em Paris, em 1889, que convocou uma manifesta\u00e7\u00e3o internacional para 1\u00ba de maio de 1890, consagrando a data como dia de luta pela conquista da jornada de trabalho de oito horas\/dia e em mem\u00f3ria aos oper\u00e1rios mortos de Chicago.<\/p>\n<\/div>\n<p><br \/>\n<br \/><a href=\"https:\/\/www.tribunaribeirao.com.br\/ribeirao-preto-sedia-festa-do-trabalhador\/\">Texto original daqui <\/a><\/p>\n<!-- CONTENT END 1 -->\n","protected":false},"excerpt":{"rendered":"<p>Evento ser\u00e1 nesta sexta-feira (1\u00ba) no Parque Maur\u00edlio Biagi e contar\u00e1 com shows, sorteios e mutir\u00e3o de empregos A prefeitura de Ribeir\u00e3o Preto e a&#8230;<\/p>\n","protected":false},"author":1,"featured_media":85369,"comment_status":"","ping_status":"","sticky":false,"template":"","format":"standard","meta":{"advanced_seo_description":"","jetpack_seo_html_title":"","jetpack_seo_noindex":false,"jetpack_post_was_ever_published":false,"_jetpack_newsletter_access":"","_jetpack_dont_email_post_to_subs":false,"_jetpack_newsletter_tier_id":0,"_jetpack_memberships_contains_paywalled_content":false,"_jetpack_memberships_contains_paid_content":false,"footnotes":"","jetpack_publicize_message":"","jetpack_publicize_feature_enabled":true,"jetpack_social_post_already_shared":true,"jetpack_social_options":{"image_generator_settings":{"template":"highway","default_image_id":0,"font":"","enabled":false},"version":2}},"categories":[11],"tags":[2017,27,26,228,3198],"class_list":["post-85368","post","type-post","status-publish","format-standard","has-post-thumbnail","hentry","category-noticias-de-ribeirao-preto-sp-e-regiao-ismael-colosi","tag-festa","tag-preto","tag-ribeirao","tag-sedia","tag-trabalhador"],"jetpack_publicize_connections":[],"jetpack_featured_media_url":"https:\/\/i0.wp.com\/noticiasribeiraopreto.com.br\/wp-content\/uploads\/2026\/05\/TrabalhoRP-Detalhe-Divulgacao.jpg?fit=1200%2C1200&ssl=1","jetpack-related-posts":[{"id":74409,"url":"https:\/\/noticiasribeiraopreto.com.br\/index.php\/2025\/07\/22\/viva-ribeirao-2025-confira-a-programacao-do-arraia-com-shows-e-dancas-no-fim-de-semana\/","url_meta":{"origin":85368,"position":0},"title":"Viva Ribeir\u00e3o 2025: Confira a programa\u00e7\u00e3o do arrai\u00e1 com shows e dan\u00e7as no fim de semana","author":"noticiasribeiraopreto.com.br","date":"22 de July de 2025","format":false,"excerpt":"O Arrai\u00e1 Viva Ribeir\u00e3o 2025 acontece no pr\u00f3ximo fim de semana no Parque Maur\u00edlio Biagi. A festa julina tem entrada gratuita e re\u00fane shows, dan\u00e7as, comidas t\u00edpicas e atra\u00e7\u00f5es para todas as idades. Veja todas as quermesses de Ribeir\u00e3o Preto no Rota do Arrai\u00e1 (clique aqui). Al\u00e9m de celebrar a\u2026","rel":"","context":"In &quot;Not\u00edcias de Ribeir\u00e3o Preto-SP e Regi\u00e3o&quot;","block_context":{"text":"Not\u00edcias de Ribeir\u00e3o Preto-SP e Regi\u00e3o","link":"https:\/\/noticiasribeiraopreto.com.br\/index.php\/category\/noticias-de-ribeirao-preto-sp-e-regiao-ismael-colosi\/"},"img":{"alt_text":"","src":"https:\/\/i0.wp.com\/noticiasribeiraopreto.com.br\/wp-content\/uploads\/2025\/07\/parque-maurilio-biagi_2025-07-22_13-13-00.webp.webp?fit=1200%2C800&ssl=1&resize=350%2C200","width":350,"height":200,"srcset":"https:\/\/i0.wp.com\/noticiasribeiraopreto.com.br\/wp-content\/uploads\/2025\/07\/parque-maurilio-biagi_2025-07-22_13-13-00.webp.webp?fit=1200%2C800&ssl=1&resize=350%2C200 1x, https:\/\/i0.wp.com\/noticiasribeiraopreto.com.br\/wp-content\/uploads\/2025\/07\/parque-maurilio-biagi_2025-07-22_13-13-00.webp.webp?fit=1200%2C800&ssl=1&resize=525%2C300 1.5x, https:\/\/i0.wp.com\/noticiasribeiraopreto.com.br\/wp-content\/uploads\/2025\/07\/parque-maurilio-biagi_2025-07-22_13-13-00.webp.webp?fit=1200%2C800&ssl=1&resize=700%2C400 2x, https:\/\/i0.wp.com\/noticiasribeiraopreto.com.br\/wp-content\/uploads\/2025\/07\/parque-maurilio-biagi_2025-07-22_13-13-00.webp.webp?fit=1200%2C800&ssl=1&resize=1050%2C600 3x"},"classes":[]},{"id":25732,"url":"https:\/\/noticiasribeiraopreto.com.br\/index.php\/2024\/01\/08\/utm_sourcerssutm_mediumrssutm_campaigntrabalhador-morre-apos-ser-prenssado-por-elevador-durante-soldagem-em-quadra-de-esporte-na-maurilio-biagi\/","url_meta":{"origin":85368,"position":1},"title":"Trabalhador morre ap\u00f3s ser prenssado por elevador durante soldagem em quadra de esporte na Maur\u00edlio Biagi \u2013 X Tudo Ribeir\u00e3o","author":"noticiasribeiraopreto.com.br","date":"8 de January de 2024","format":false,"excerpt":"Um trabalhador de 36 anos, morreu enquanto trabalhava na soldagem da estrutura met\u00e1lica de uma quadra de esportes situada no bairro Ribeir\u00e2nia, em Ribeir\u00e3o Preto.\u00a0 Segundo informa\u00e7\u00f5es da PM, por volta das 11h23 os PMs foram acionados para o atendimento de uma ocorr\u00eancia envolvendo acidente de trabalho com v\u00edtima fatal\u00a0na\u2026","rel":"","context":"In &quot;Not\u00edcias de Ribeir\u00e3o Preto-SP e Regi\u00e3o&quot;","block_context":{"text":"Not\u00edcias de Ribeir\u00e3o Preto-SP e Regi\u00e3o","link":"https:\/\/noticiasribeiraopreto.com.br\/index.php\/category\/noticias-de-ribeirao-preto-sp-e-regiao-ismael-colosi\/"},"img":{"alt_text":"","src":"https:\/\/i0.wp.com\/noticiasribeiraopreto.com.br\/wp-content\/uploads\/2024\/01\/WhatsApp-Image-2024-01-08-at-10.20.05.jpeg?fit=960%2C599&ssl=1&resize=350%2C200","width":350,"height":200,"srcset":"https:\/\/i0.wp.com\/noticiasribeiraopreto.com.br\/wp-content\/uploads\/2024\/01\/WhatsApp-Image-2024-01-08-at-10.20.05.jpeg?fit=960%2C599&ssl=1&resize=350%2C200 1x, https:\/\/i0.wp.com\/noticiasribeiraopreto.com.br\/wp-content\/uploads\/2024\/01\/WhatsApp-Image-2024-01-08-at-10.20.05.jpeg?fit=960%2C599&ssl=1&resize=525%2C300 1.5x, https:\/\/i0.wp.com\/noticiasribeiraopreto.com.br\/wp-content\/uploads\/2024\/01\/WhatsApp-Image-2024-01-08-at-10.20.05.jpeg?fit=960%2C599&ssl=1&resize=700%2C400 2x"},"classes":[]},{"id":64992,"url":"https:\/\/noticiasribeiraopreto.com.br\/index.php\/2025\/03\/14\/parque-maurilio-biagi-recebe-competicao-de-skate-amador-neste-sabado\/","url_meta":{"origin":85368,"position":2},"title":"Parque Maur\u00edlio Biagi recebe competi\u00e7\u00e3o de skate amador neste s\u00e1bado","author":"noticiasribeiraopreto.com.br","date":"14 de March de 2025","format":false,"excerpt":"O Parque Maur\u00edlio Biagi recebe neste s\u00e1bado (15), das 9h \u00e0s 19h, o Amazing AM, circuito interestadual de skate street amador, em Ribeir\u00e3o Preto. A entrada ser\u00e1 gratuita. Organizado pelo skatista Davison Fortunato, o evento, in\u00e9dito na cidade, tem o objetivo de revelar novos talentos em competi\u00e7\u00f5es de alto n\u00edvel\u2026","rel":"","context":"In &quot;Not\u00edcias de Ribeir\u00e3o Preto-SP e Regi\u00e3o&quot;","block_context":{"text":"Not\u00edcias de Ribeir\u00e3o Preto-SP e Regi\u00e3o","link":"https:\/\/noticiasribeiraopreto.com.br\/index.php\/category\/noticias-de-ribeirao-preto-sp-e-regiao-ismael-colosi\/"},"img":{"alt_text":"","src":"https:\/\/i0.wp.com\/noticiasribeiraopreto.com.br\/wp-content\/uploads\/2025\/03\/rp_skate_1200x675_09102021110533_2024-08-12_15-48-00_jpg_2024-08-12_15-48-00.webp.webp?fit=680%2C382&ssl=1&resize=350%2C200","width":350,"height":200,"srcset":"https:\/\/i0.wp.com\/noticiasribeiraopreto.com.br\/wp-content\/uploads\/2025\/03\/rp_skate_1200x675_09102021110533_2024-08-12_15-48-00_jpg_2024-08-12_15-48-00.webp.webp?fit=680%2C382&ssl=1&resize=350%2C200 1x, https:\/\/i0.wp.com\/noticiasribeiraopreto.com.br\/wp-content\/uploads\/2025\/03\/rp_skate_1200x675_09102021110533_2024-08-12_15-48-00_jpg_2024-08-12_15-48-00.webp.webp?fit=680%2C382&ssl=1&resize=525%2C300 1.5x"},"classes":[]},{"id":80459,"url":"https:\/\/noticiasribeiraopreto.com.br\/index.php\/2025\/12\/03\/chuva-derruba-arvore-e-interdita-parque-em-ribeirao-preto\/","url_meta":{"origin":85368,"position":3},"title":"Chuva derruba \u00e1rvore e interdita parque em Ribeir\u00e3o Preto","author":"noticiasribeiraopreto.com.br","date":"3 de December de 2025","format":false,"excerpt":"A chuva forte que atingiu Ribeir\u00e3o Preto nesta quarta-feira (3) derrubou uma \u00e1rvore de grande porte no Parque Maur\u00edlio Biagi e levou \u00e0 interdi\u00e7\u00e3o tempor\u00e1ria do espa\u00e7o. As equipes iniciaram a retirada da \u00e1rvore para garantir a seguran\u00e7a dos visitantes. A Prefeitura prev\u00ea a reabertura do parque nesta quinta-feira (4),\u2026","rel":"","context":"In &quot;Not\u00edcias de Ribeir\u00e3o Preto-SP e Regi\u00e3o&quot;","block_context":{"text":"Not\u00edcias de Ribeir\u00e3o Preto-SP e Regi\u00e3o","link":"https:\/\/noticiasribeiraopreto.com.br\/index.php\/category\/noticias-de-ribeirao-preto-sp-e-regiao-ismael-colosi\/"},"img":{"alt_text":"","src":"https:\/\/i0.wp.com\/noticiasribeiraopreto.com.br\/wp-content\/uploads\/2025\/12\/image_2025-12-03_23-08-52.webp.webp?fit=1200%2C675&ssl=1&resize=350%2C200","width":350,"height":200,"srcset":"https:\/\/i0.wp.com\/noticiasribeiraopreto.com.br\/wp-content\/uploads\/2025\/12\/image_2025-12-03_23-08-52.webp.webp?fit=1200%2C675&ssl=1&resize=350%2C200 1x, https:\/\/i0.wp.com\/noticiasribeiraopreto.com.br\/wp-content\/uploads\/2025\/12\/image_2025-12-03_23-08-52.webp.webp?fit=1200%2C675&ssl=1&resize=525%2C300 1.5x, https:\/\/i0.wp.com\/noticiasribeiraopreto.com.br\/wp-content\/uploads\/2025\/12\/image_2025-12-03_23-08-52.webp.webp?fit=1200%2C675&ssl=1&resize=700%2C400 2x, https:\/\/i0.wp.com\/noticiasribeiraopreto.com.br\/wp-content\/uploads\/2025\/12\/image_2025-12-03_23-08-52.webp.webp?fit=1200%2C675&ssl=1&resize=1050%2C600 3x"},"classes":[]},{"id":58459,"url":"https:\/\/noticiasribeiraopreto.com.br\/index.php\/2024\/09\/27\/confira-os-horarios-de-funcionamento-dos-parques-de-ribeirao-preto-2\/","url_meta":{"origin":85368,"position":4},"title":"Confira os hor\u00e1rios de funcionamento dos parques de Ribeir\u00e3o Preto","author":"noticiasribeiraopreto.com.br","date":"27 de September de 2024","format":false,"excerpt":"Ribeir\u00e3o Preto\u00a0tem seis parques\u00a0para quem prefere curtir ou fazer alguma atividade ao ar livre, pela cidade. Confira mais detalhes sobre os parques do munic\u00edpio O Parque Raya fica na zona Sul de Ribeir\u00e3o Preto (Foto de arquivo: Marcelo Fontes \/ acidade on) Parque Luis Carlos Raya O parque fica localizado\u2026","rel":"","context":"In &quot;Not\u00edcias de Ribeir\u00e3o Preto-SP e Regi\u00e3o&quot;","block_context":{"text":"Not\u00edcias de Ribeir\u00e3o Preto-SP e Regi\u00e3o","link":"https:\/\/noticiasribeiraopreto.com.br\/index.php\/category\/noticias-de-ribeirao-preto-sp-e-regiao-ismael-colosi\/"},"img":{"alt_text":"","src":"https:\/\/i0.wp.com\/noticiasribeiraopreto.com.br\/wp-content\/uploads\/2024\/09\/Copia-de-Copia-de-Copia-de-TAMANHO-EXATO-PARA-FOTOS-NO-SISTEMA-NOVO-49_2024-09-27_19-16-30_png_2024-09-27_19-16-30.webp.webp?fit=1200%2C675&ssl=1&resize=350%2C200","width":350,"height":200,"srcset":"https:\/\/i0.wp.com\/noticiasribeiraopreto.com.br\/wp-content\/uploads\/2024\/09\/Copia-de-Copia-de-Copia-de-TAMANHO-EXATO-PARA-FOTOS-NO-SISTEMA-NOVO-49_2024-09-27_19-16-30_png_2024-09-27_19-16-30.webp.webp?fit=1200%2C675&ssl=1&resize=350%2C200 1x, https:\/\/i0.wp.com\/noticiasribeiraopreto.com.br\/wp-content\/uploads\/2024\/09\/Copia-de-Copia-de-Copia-de-TAMANHO-EXATO-PARA-FOTOS-NO-SISTEMA-NOVO-49_2024-09-27_19-16-30_png_2024-09-27_19-16-30.webp.webp?fit=1200%2C675&ssl=1&resize=525%2C300 1.5x, https:\/\/i0.wp.com\/noticiasribeiraopreto.com.br\/wp-content\/uploads\/2024\/09\/Copia-de-Copia-de-Copia-de-TAMANHO-EXATO-PARA-FOTOS-NO-SISTEMA-NOVO-49_2024-09-27_19-16-30_png_2024-09-27_19-16-30.webp.webp?fit=1200%2C675&ssl=1&resize=700%2C400 2x, https:\/\/i0.wp.com\/noticiasribeiraopreto.com.br\/wp-content\/uploads\/2024\/09\/Copia-de-Copia-de-Copia-de-TAMANHO-EXATO-PARA-FOTOS-NO-SISTEMA-NOVO-49_2024-09-27_19-16-30_png_2024-09-27_19-16-30.webp.webp?fit=1200%2C675&ssl=1&resize=1050%2C600 3x"},"classes":[]},{"id":41933,"url":"https:\/\/noticiasribeiraopreto.com.br\/index.php\/2024\/03\/12\/parque-maurilio-biagi\/","url_meta":{"origin":85368,"position":5},"title":"Parque Maur\u00edlio Biagi &#8211; Jornal Tribuna Ribeir\u00e3o","author":"noticiasribeiraopreto.com.br","date":"12 de March de 2024","format":false,"excerpt":"Ribeir\u00e3o Preto \u00e9 o centro de uma regi\u00e3o com mais de 3 milh\u00f5es de habitantes. O agroneg\u00f3cio, o com\u00e9rcio e a presta\u00e7\u00e3o de servi\u00e7os s\u00e3o os pontos fortes da economia. O jornal Tribuna circula em Ribeir\u00e3o Preto e em outras 10 cidades da regi\u00e3o. Sua linha editorial \u00e9 informativa e\u2026","rel":"","context":"In &quot;Not\u00edcias de Ribeir\u00e3o Preto-SP e Regi\u00e3o&quot;","block_context":{"text":"Not\u00edcias de Ribeir\u00e3o Preto-SP e Regi\u00e3o","link":"https:\/\/noticiasribeiraopreto.com.br\/index.php\/category\/noticias-de-ribeirao-preto-sp-e-regiao-ismael-colosi\/"},"img":{"alt_text":"","src":"https:\/\/i0.wp.com\/noticiasribeiraopreto.com.br\/wp-content\/uploads\/2024\/03\/12-1-scaled.jpg?fit=860%2C645&ssl=1&resize=350%2C200","width":350,"height":200,"srcset":"https:\/\/i0.wp.com\/noticiasribeiraopreto.com.br\/wp-content\/uploads\/2024\/03\/12-1-scaled.jpg?fit=860%2C645&ssl=1&resize=350%2C200 1x, https:\/\/i0.wp.com\/noticiasribeiraopreto.com.br\/wp-content\/uploads\/2024\/03\/12-1-scaled.jpg?fit=860%2C645&ssl=1&resize=525%2C300 1.5x, https:\/\/i0.wp.com\/noticiasribeiraopreto.com.br\/wp-content\/uploads\/2024\/03\/12-1-scaled.jpg?fit=860%2C645&ssl=1&resize=700%2C400 2x"},"classes":[]}],"jetpack_sharing_enabled":true,"jetpack_shortlink":"https:\/\/wp.me\/peQAOb-mcU","_links":{"self":[{"href":"https:\/\/noticiasribeiraopreto.com.br\/index.php\/wp-json\/wp\/v2\/posts\/85368","targetHints":{"allow":["GET"]}}],"collection":[{"href":"https:\/\/noticiasribeiraopreto.com.br\/index.php\/wp-json\/wp\/v2\/posts"}],"about":[{"href":"https:\/\/noticiasribeiraopreto.com.br\/index.php\/wp-json\/wp\/v2\/types\/post"}],"author":[{"embeddable":true,"href":"https:\/\/noticiasribeiraopreto.com.br\/index.php\/wp-json\/wp\/v2\/users\/1"}],"replies":[{"embeddable":true,"href":"https:\/\/noticiasribeiraopreto.com.br\/index.php\/wp-json\/wp\/v2\/comments?post=85368"}],"version-history":[{"count":0,"href":"https:\/\/noticiasribeiraopreto.com.br\/index.php\/wp-json\/wp\/v2\/posts\/85368\/revisions"}],"wp:featuredmedia":[{"embeddable":true,"href":"https:\/\/noticiasribeiraopreto.com.br\/index.php\/wp-json\/wp\/v2\/media\/85369"}],"wp:attachment":[{"href":"https:\/\/noticiasribeiraopreto.com.br\/index.php\/wp-json\/wp\/v2\/media?parent=85368"}],"wp:term":[{"taxonomy":"category","embeddable":true,"href":"https:\/\/noticiasribeiraopreto.com.br\/index.php\/wp-json\/wp\/v2\/categories?post=85368"},{"taxonomy":"post_tag","embeddable":true,"href":"https:\/\/noticiasribeiraopreto.com.br\/index.php\/wp-json\/wp\/v2\/tags?post=85368"}],"curies":[{"name":"wp","href":"https:\/\/api.w.org\/{rel}","templated":true}]}}