{"id":85371,"date":"2026-05-01T09:48:59","date_gmt":"2026-05-01T12:48:59","guid":{"rendered":"https:\/\/noticiasribeiraopreto.com.br\/index.php\/2026\/05\/01\/publieditorial-unimed-ribeirao-preto-completa-55-anos-em-sintonia-com-o-crescimento-da-cidade\/"},"modified":"2026-05-01T09:48:59","modified_gmt":"2026-05-01T12:48:59","slug":"publieditorial-unimed-ribeirao-preto-completa-55-anos-em-sintonia-com-o-crescimento-da-cidade","status":"publish","type":"post","link":"https:\/\/noticiasribeiraopreto.com.br\/index.php\/2026\/05\/01\/publieditorial-unimed-ribeirao-preto-completa-55-anos-em-sintonia-com-o-crescimento-da-cidade\/","title":{"rendered":"Publieditorial &#8211; Unimed Ribeir\u00e3o Preto completa 55 anos em sintonia com o crescimento da cidade"},"content":{"rendered":"<div class='code-block code-block-1' style='margin: 8px 0 8px auto; text-align: right; display: block; clear: both;'>\n<p><a href=\"https:\/\/wa.link\/vpicfd\"><img data-recalc-dims=\"1\" class=\"wp-image-4922\" style=\"aspect-ratio: 2.0253164556962027; width: 561px; height: auto;\" src=\"https:\/\/i0.wp.com\/ismaelcolosi.com.br\/wp-content\/uploads\/2023\/11\/grupo-de-empregos-whatsapp-e-facebook-ismael-colosi-vagas.jpg?ssl=1\" alt=\"\" \/><\/a><\/p>\n<!-- \/wp:image -->\n<\/div>\n<p> <br \/>\n<\/p>\n<div>\n<p><em>Hist\u00f3ria constru\u00edda com impacto na regi\u00e3o reflete avan\u00e7os em estrutura, tecnologia e aten\u00e7\u00e3o \u00e0s pessoas<\/em><\/p>\n<figure id=\"attachment_462661\" aria-describedby=\"caption-attachment-462661\" style=\"width: 698px\" class=\"wp-caption alignnone\"><figcaption id=\"caption-attachment-462661\" class=\"wp-caption-text\">Hospital S\u00e3o Paulo: certificado com o mais alto reconhecimento em qualidade e gest\u00e3o hospitalar<\/figcaption><\/figure>\n<p>Ao completar 55 anos em 2026, a Unimed Ribeir\u00e3o Preto mant\u00e9m uma trajet\u00f3ria marcada pela conex\u00e3o com a cidade e pela evolu\u00e7\u00e3o da assist\u00eancia \u00e0 sa\u00fade. Fundada em 1971, a cooperativa nasceu da iniciativa de m\u00e9dicos que buscavam um modelo baseado na coopera\u00e7\u00e3o, na autonomia profissional e no cuidado centrado nas pessoas.<\/p>\n<p>Ao longo das \u00faltimas d\u00e9cadas, Ribeir\u00e3o Preto se consolidou como um dos principais polos brasileiros de servi\u00e7os, educa\u00e7\u00e3o e sa\u00fade. Nesse contexto, a Unimed acompanhou esse movimento, ampliou sua atua\u00e7\u00e3o, fortaleceu a rede assistencial e investiu em estrutura, tecnologia e qualifica\u00e7\u00e3o.<\/p>\n<p>A evolu\u00e7\u00e3o da cooperativa reflete as transforma\u00e7\u00f5es da cidade, com foco em atender uma popula\u00e7\u00e3o em constante mudan\u00e7a e responder aos desafios do setor com planejamento e consist\u00eancia.<\/p>\n<p><strong>Uma hist\u00f3ria constru\u00edda em conjunto<\/strong><\/p>\n<p>Esse avan\u00e7o n\u00e3o se explica apenas pela expans\u00e3o da estrutura, mas pelos v\u00ednculos constru\u00eddos ao longo do tempo. M\u00e9dicos cooperados, colaboradores, clientes e parceiros formam a base de uma trajet\u00f3ria que atravessa gera\u00e7\u00f5es e mant\u00e9m, como eixo central, a confian\u00e7a.<\/p>\n<p>\u201cA Unimed Ribeir\u00e3o Preto tem ra\u00edzes profundas nesta cidade. Nascemos aqui, crescemos junto com Ribeir\u00e3o e fazemos parte da sua hist\u00f3ria e do seu cotidiano. Em um cen\u00e1rio de constantes transforma\u00e7\u00f5es, o que nos move \u00e9 a capacidade de permanecer relevantes, fortalecendo v\u00ednculos e renovando, todos os dias, a confian\u00e7a de quem nos escolhe\u201d, afirma Nelson Hisamo Sato J\u00fanior, diretor-presidente.<\/p>\n<p>Ao longo dos anos, a cooperativa m\u00e9dica consolidou um modelo baseado em governan\u00e7a m\u00e9dica, rede pr\u00f3pria robusta e proximidade com a comunidade \u2013 pilares que sustentam sua credibilidade e sua atua\u00e7\u00e3o de forma cont\u00ednua.<\/p>\n<p>Em 1996, com a cria\u00e7\u00e3o do seu primeiro servi\u00e7o pr\u00f3prio \u2013 o Unimed 24h, deu um passo decisivo na verticaliza\u00e7\u00e3o do atendimento. Em 2016, inaugurou o Hospital Unimed Ribeir\u00e3o Preto, elevou seu patamar de resolutividade e infraestrutura, refor\u00e7ando sua lideran\u00e7a regional. Em 2021 assumiu a gest\u00e3o do Hospital S\u00e3o Paulo, ampliando sua escala e capacidade de atendimento. Cada movimento reflete um crescimento estruturado, orientado por vis\u00e3o de longo prazo e compromisso com a qualidade \u2013 uma atua\u00e7\u00e3o voltada \u00e0 seguran\u00e7a, \u00e0 excel\u00eancia assistencial e \u00e0 confian\u00e7a dos clientes.<\/p>\n<p><strong>Permanecer tamb\u00e9m \u00e9 evoluir<\/strong><\/p>\n<p>Nos \u00faltimos anos, a Unimed consolidou uma gest\u00e3o contempor\u00e2nea, orientada por prop\u00f3sito e centrada na experi\u00eancia das pessoas. Mais que acompanhar tend\u00eancias, estrutura suas decis\u00f5es a partir de v\u00ednculos duradouros, atendimento humanizado e gera\u00e7\u00e3o de valor em cada intera\u00e7\u00e3o.<\/p>\n<p>Esse direcionamento se traduz na atualiza\u00e7\u00e3o de processos, nos investimentos em inova\u00e7\u00e3o e no fortalecimento de uma cultura centrada nas pessoas. A governan\u00e7a, baseada em transpar\u00eancia, integridade e responsabilidade, sustenta esse movimento e orienta decis\u00f5es alinhadas \u00e0 qualidade assistencial e \u00e0 sustentabilidade.<\/p>\n<p>Esse padr\u00e3o \u00e9 reconhecido pela Ag\u00eancia Nacional de Sa\u00fade Suplementar (ANS), por meio da RN 507, que atesta boas pr\u00e1ticas de gest\u00e3o e alto padr\u00e3o de atendimento da cooperativa.<\/p>\n<p>Nos hospitais pr\u00f3prios, esse compromisso tamb\u00e9m se destaca: o Hospital Unimed possui acredita\u00e7\u00e3o internacional canadense Qmentum em n\u00edvel m\u00e1ximo, enquanto o Hospital S\u00e3o Paulo \u00e9 acreditado pela Organiza\u00e7\u00e3o Nacional de Acredita\u00e7\u00e3o (ONA), tamb\u00e9m em n\u00edvel m\u00e1ximo.<\/p>\n<p>Essas certifica\u00e7\u00f5es refletem protocolos estruturados, seguran\u00e7a assistencial e padr\u00e3o de excel\u00eancia. A solidez econ\u00f4mico-financeira possibilita investimentos cont\u00ednuos em estrutura, tecnologia e qualifica\u00e7\u00e3o profissional, com responsabilidade e vis\u00e3o de futuro.<\/p>\n<p>A agenda ambiental, social e de governan\u00e7a tamb\u00e9m ganhou maior integra\u00e7\u00e3o \u00e0 estrat\u00e9gia da institui\u00e7\u00e3o. Iniciativas voltadas \u00e0 gest\u00e3o de res\u00edduos, uso consciente de recursos, preserva\u00e7\u00e3o de \u00e1reas urbanas e a\u00e7\u00f5es com impacto direto na comunidade ampliam o alcance dessas iniciativas e qualificam sua atua\u00e7\u00e3o no territ\u00f3rio.<\/p>\n<p>\u201cNada disso teria sido poss\u00edvel sem os nossos maiores ativos: os m\u00e9dicos cooperados e os colaboradores. Nossos m\u00e9dicos tamb\u00e9m s\u00f3cios, assumem papel ativo nas decis\u00f5es e elevam o padr\u00e3o assistencial. S\u00e3o eles que diferenciam a cooperativa no mercado e sustentam a excel\u00eancia do atendimento.<\/p>\n<p>Ao lado deles, mais de 2.500 colaboradores atuam com dedica\u00e7\u00e3o e compromisso. A Unimed investe continuamente em qualifica\u00e7\u00e3o e na capacita\u00e7\u00e3o, fortalecendo uma cultura de desenvolvimento permanente e valoriza\u00e7\u00e3o das pessoas\u201d, destaca Julio Cesar Paim, diretor-geral.<\/p>\n<p><strong>Uma hist\u00f3ria feita por pessoas<\/strong><\/p>\n<p><em>Ao longo de 55 anos, m\u00e9dicos, colaboradores e clientes constroem, juntos, uma trajet\u00f3ria que vai al\u00e9m da assist\u00eancia em sa\u00fade<\/em><\/p>\n<p><img data-recalc-dims=\"1\" loading=\"lazy\" decoding=\"async\" class=\"alignnone size-medium wp-image-462654 lazyload\" src=\"https:\/\/i0.wp.com\/www.tribunaribeirao.com.br\/wp-content\/uploads\/2026\/04\/unimed-nelson-200x300.jpeg?resize=200%2C300&#038;ssl=1\" alt=\"\" width=\"200\" height=\"300\" srcset=\"https:\/\/www.tribunaribeirao.com.br\/wp-content\/uploads\/2026\/04\/unimed-nelson-200x300.jpeg 200w, https:\/\/www.tribunaribeirao.com.br\/wp-content\/uploads\/2026\/04\/unimed-nelson-682x1024.jpeg 682w, https:\/\/www.tribunaribeirao.com.br\/wp-content\/uploads\/2026\/04\/unimed-nelson-768x1153.jpeg 768w, https:\/\/www.tribunaribeirao.com.br\/wp-content\/uploads\/2026\/04\/unimed-nelson-1023x1536.jpeg 1023w, https:\/\/www.tribunaribeirao.com.br\/wp-content\/uploads\/2026\/04\/unimed-nelson-960x1441.jpeg 960w, https:\/\/www.tribunaribeirao.com.br\/wp-content\/uploads\/2026\/04\/unimed-nelson-267x400.jpeg 267w, https:\/\/www.tribunaribeirao.com.br\/wp-content\/uploads\/2026\/04\/unimed-nelson-585x878.jpeg 585w, https:\/\/www.tribunaribeirao.com.br\/wp-content\/uploads\/2026\/04\/unimed-nelson-scaled.jpeg 800w\" data-sizes=\"(max-width: 200px) 100vw, 200px\" style=\"--smush-placeholder-width: 200px; --smush-placeholder-aspect-ratio: 200\/300;\"\/><\/p>\n<p>\u201cQuando olhamos para esses 55 anos, n\u00e3o estamos falando apenas de uma trajet\u00f3ria institucional. Estamos falando de hist\u00f3rias de m\u00e9dicos, de pacientes e de fam\u00edlias que caminharam juntas com a Unimed Ribeir\u00e3o Preto. O cooperativismo nasce desse encontro \u2013 de pessoas que escolheram cuidar umas das outras e construir algo que permanece.\u201d\u00a0<strong>Nelson Hisamo Sato J\u00fanior, diretor-presidente.<\/strong><\/p>\n<p>-.-<\/p>\n<p><img data-recalc-dims=\"1\" loading=\"lazy\" decoding=\"async\" class=\"alignnone size-medium wp-image-462655 lazyload\" src=\"https:\/\/i0.wp.com\/www.tribunaribeirao.com.br\/wp-content\/uploads\/2026\/04\/unimed-fabiano-300x214.jpeg?resize=300%2C214&#038;ssl=1\" alt=\"\" width=\"300\" height=\"214\" srcset=\"https:\/\/www.tribunaribeirao.com.br\/wp-content\/uploads\/2026\/04\/unimed-fabiano-300x214.jpeg 300w, https:\/\/www.tribunaribeirao.com.br\/wp-content\/uploads\/2026\/04\/unimed-fabiano-1024x731.jpeg 1024w, https:\/\/www.tribunaribeirao.com.br\/wp-content\/uploads\/2026\/04\/unimed-fabiano-768x548.jpeg 768w, https:\/\/www.tribunaribeirao.com.br\/wp-content\/uploads\/2026\/04\/unimed-fabiano-1536x1096.jpeg 1536w, https:\/\/www.tribunaribeirao.com.br\/wp-content\/uploads\/2026\/04\/unimed-fabiano-960x685.jpeg 960w, https:\/\/www.tribunaribeirao.com.br\/wp-content\/uploads\/2026\/04\/unimed-fabiano-560x400.jpeg 560w, https:\/\/www.tribunaribeirao.com.br\/wp-content\/uploads\/2026\/04\/unimed-fabiano-585x418.jpeg 585w, https:\/\/www.tribunaribeirao.com.br\/wp-content\/uploads\/2026\/04\/unimed-fabiano-scaled.jpeg 1200w\" data-sizes=\"(max-width: 300px) 100vw, 300px\" style=\"--smush-placeholder-width: 300px; --smush-placeholder-aspect-ratio: 300\/214;\"\/><\/p>\n<p>\u201cCuidar, para n\u00f3s, sempre foi mais do que oferecer um servi\u00e7o. \u00c9 estar presente nos momentos importantes da vida das pessoas. Ao longo do tempo, fomos ampliando nossa estrutura, sem abrir m\u00e3o dessa proximidade, que \u00e9 o que faz com que cada atendimento tenha significado.\u201d\u00a0<strong>Fabiano Scandiuzzi, diretor-vice-presidente.<\/strong><\/p>\n<p>-.-<\/p>\n<p><img data-recalc-dims=\"1\" loading=\"lazy\" decoding=\"async\" class=\"alignnone size-medium wp-image-462657 lazyload\" src=\"https:\/\/i0.wp.com\/www.tribunaribeirao.com.br\/wp-content\/uploads\/2026\/04\/unimed-moyses-300x200.jpeg?resize=300%2C200&#038;ssl=1\" alt=\"\" width=\"300\" height=\"200\" srcset=\"https:\/\/www.tribunaribeirao.com.br\/wp-content\/uploads\/2026\/04\/unimed-moyses-300x200.jpeg 300w, https:\/\/www.tribunaribeirao.com.br\/wp-content\/uploads\/2026\/04\/unimed-moyses-1024x682.jpeg 1024w, https:\/\/www.tribunaribeirao.com.br\/wp-content\/uploads\/2026\/04\/unimed-moyses-768x512.jpeg 768w, https:\/\/www.tribunaribeirao.com.br\/wp-content\/uploads\/2026\/04\/unimed-moyses-1536x1023.jpeg 1536w, https:\/\/www.tribunaribeirao.com.br\/wp-content\/uploads\/2026\/04\/unimed-moyses-480x320.jpeg 480w, https:\/\/www.tribunaribeirao.com.br\/wp-content\/uploads\/2026\/04\/unimed-moyses-280x186.jpeg 280w, https:\/\/www.tribunaribeirao.com.br\/wp-content\/uploads\/2026\/04\/unimed-moyses-960x640.jpeg 960w, https:\/\/www.tribunaribeirao.com.br\/wp-content\/uploads\/2026\/04\/unimed-moyses-600x400.jpeg 600w, https:\/\/www.tribunaribeirao.com.br\/wp-content\/uploads\/2026\/04\/unimed-moyses-585x390.jpeg 585w, https:\/\/www.tribunaribeirao.com.br\/wp-content\/uploads\/2026\/04\/unimed-moyses-scaled.jpeg 1200w\" data-sizes=\"(max-width: 300px) 100vw, 300px\" style=\"--smush-placeholder-width: 300px; --smush-placeholder-aspect-ratio: 300\/200;\"\/><\/p>\n<p>\u201cA solidez que a Unimed construiu ao longo desses anos se reflete na confian\u00e7a que as pessoas depositam na institui\u00e7\u00e3o e em seu corpo cl\u00ednico. Cada decis\u00e3o \u00e9 pensada para garantir que essa hist\u00f3ria continue \u2013 com responsabilidade, equil\u00edbrio e a seguran\u00e7a de quem sabe que pode contar conosco no presente e no futuro.\u201d\u00a0<strong>Moys\u00e9s de Oliveira Lima Filho, diretor-financeiro.<\/strong><\/p>\n<p>-.-<\/p>\n<p><img data-recalc-dims=\"1\" loading=\"lazy\" decoding=\"async\" class=\"alignnone size-medium wp-image-462658 lazyload\" src=\"https:\/\/i0.wp.com\/www.tribunaribeirao.com.br\/wp-content\/uploads\/2026\/04\/unimed-julio-300x214.jpeg?resize=300%2C214&#038;ssl=1\" alt=\"\" width=\"300\" height=\"214\" srcset=\"https:\/\/www.tribunaribeirao.com.br\/wp-content\/uploads\/2026\/04\/unimed-julio-300x214.jpeg 300w, https:\/\/www.tribunaribeirao.com.br\/wp-content\/uploads\/2026\/04\/unimed-julio-1024x731.jpeg 1024w, https:\/\/www.tribunaribeirao.com.br\/wp-content\/uploads\/2026\/04\/unimed-julio-768x549.jpeg 768w, https:\/\/www.tribunaribeirao.com.br\/wp-content\/uploads\/2026\/04\/unimed-julio-960x686.jpeg 960w, https:\/\/www.tribunaribeirao.com.br\/wp-content\/uploads\/2026\/04\/unimed-julio-560x400.jpeg 560w, https:\/\/www.tribunaribeirao.com.br\/wp-content\/uploads\/2026\/04\/unimed-julio-585x418.jpeg 585w, https:\/\/www.tribunaribeirao.com.br\/wp-content\/uploads\/2026\/04\/unimed-julio-scaled.jpeg 1200w\" data-sizes=\"(max-width: 300px) 100vw, 300px\" style=\"--smush-placeholder-width: 300px; --smush-placeholder-aspect-ratio: 300\/214;\"\/><\/p>\n<p>\u201cA Unimed Ribeir\u00e3o Preto tem uma caracter\u00edstica que nos diferencia: somos uma institui\u00e7\u00e3o que nasceu, cresce e permanece na cidade. Em um cen\u00e1rio marcado por mudan\u00e7as r\u00e1pidas, nosso compromisso \u00e9 com a continuidade, com o v\u00ednculo e com a entrega de valor para m\u00e9dicos, colaboradores e clientes.\u201d.<strong>Julio Cesar Paim, diretor-geral (CEO)<\/strong><\/p>\n<p>-.-<\/p>\n<p><strong>Marcos ao longo dos \u00faltimos anos<\/strong><\/p>\n<p>1995 \u2013 Cria\u00e7\u00e3o da primeira Farm\u00e1cia Privativa e Home-Care do sistema Unimed.<\/p>\n<p>1996 \u2013 Implanta\u00e7\u00e3o do Unimed 24 Horas \u2013 primeiro servi\u00e7o pr\u00f3prio.<\/p>\n<p>1998 \u2013 Uma das primeiras operadoras do pa\u00eds a promover a automa\u00e7\u00e3o dos atendimentos por meio de transa\u00e7\u00f5es eletr\u00f4nicas.<\/p>\n<p>2000 \u2013 Cria\u00e7\u00e3o do N\u00facleo de Aten\u00e7\u00e3o \u00e0 Sa\u00fade.<\/p>\n<p>2009 \u2013 Implementa\u00e7\u00e3o da solicita\u00e7\u00e3o eletr\u00f4nica de exames, com redu\u00e7\u00e3o de 90% nas autoriza\u00e7\u00f5es presenciais e elimina\u00e7\u00e3o de grande volume de papel.<\/p>\n<p>2011 \u2013 Lan\u00e7amento da pedra fundamental do Hospital Unimed.<\/p>\n<p>2016 \u2013 Inaugura\u00e7\u00e3o do Hospital Unimed Ribeir\u00e3o Preto.<\/p>\n<p>2017 \u2013 Funda\u00e7\u00e3o do Laborat\u00f3rio pr\u00f3prio e amplia\u00e7\u00e3o da opera\u00e7\u00e3o para Sert\u00e3ozinho.<\/p>\n<p>2018\u20132023 \u2013 Cria\u00e7\u00e3o do Centro de Reabilita\u00e7\u00e3o adulto e infantil e Espa\u00e7o Viver Bem.<\/p>\n<p>2021 \u2013 Arrendamento do Hospital S\u00e3o Paulo pela Unimed Ribeir\u00e3o Preto.<\/p>\n<p>2022 \u2013 Inaugura\u00e7\u00e3o do Centro de Aten\u00e7\u00e3o \u00e0 Sa\u00fade Alto da Semar \u2013 Sert\u00e3ozinho.<\/p>\n<p>2023 \u2013 Inaugura\u00e7\u00e3o da Maternidade Unimed.<\/p>\n<p>2023 \u2013 Amplia\u00e7\u00e3o das opera\u00e7\u00f5es para as cidades de Santa Rosa de Viterbo, Santa Rita do Passa Quatro e S\u00e3o Sim\u00e3o.<\/p>\n<p>2024 \u2013 In\u00edcio da cirurgia rob\u00f3tica no Hospital Unimed.<\/p>\n<p>2024 \u2013 Inaugura\u00e7\u00e3o do Espa\u00e7o Bem Te Ver: terapias especiais para tratamento do autismo.<\/p>\n<p>2025 \u2013 Inaugura\u00e7\u00e3o do Servi\u00e7o de Onco-Hematologia Pedi\u00e1trica e de apartamentos revitalizados no Hospital S\u00e3o Paulo.<\/p>\n<p>2026 \u2013 Inaugura\u00e7\u00e3o do novo Centro Administrativo, visando maior efici\u00eancia operacional. A Unimed Ribeir\u00e3o Preto segue um novo ciclo de crescimento, com a amplia\u00e7\u00e3o de servi\u00e7os de urg\u00eancia para pacientes adultos e pedi\u00e1tricos com abertura prevista para o segundo semestre.<\/p>\n<p><strong>A dimens\u00e3o de um cuidado coletivo<\/strong><\/p>\n<p>\u2022 15 munic\u00edpios atendidos<br \/>\u2022 Mais de 1.000 m\u00e9dicos cooperados<br \/>\u2022 Mais de 2.500 colaboradores diretos<br \/>\u2022 Mais de 700 prestadores indiretos (terceirizados)<\/p>\n<p><strong>Assist\u00eancia prestada em 2025<\/strong><\/p>\n<p>\u2022 2 milh\u00f5es de consultas realizadas<br \/>\u2022 5,2 milh\u00f5es de exames realizados<br \/>\u2022 Mais de 34 mil interna\u00e7\u00f5es cobertas<br \/>\u2022 Mais de 2.500 partos realizados<br \/>\u2022 R$ 1,2 bilh\u00e3o em despesas assistenciais pagas<\/p>\n<p>Hoje, s\u00e3o 173 mil pessoas cuidadas diariamente. Mais de 4 mil atendimentos por dia. Cerca de 1 atendimento a cada 20 segundos.<\/p>\n<p data-start=\"0\" data-end=\"40\"><strong>Reconhecimentos que refletem a qualidade<\/strong><\/p>\n<p data-start=\"42\" data-end=\"91\">\u2022 IDSS (ANS): nota m\u00e1xima por 3 anos consecutivos<\/p>\n<p data-start=\"93\" data-end=\"385\">\u2022 Certifica\u00e7\u00f5es da operadora:<br data-start=\"122\" data-end=\"125\"\/>RN 452 n\u00edvel m\u00e1ximo (que certifica as boas pr\u00e1ticas da gest\u00e3o das operadoras de sa\u00fade de todo o pa\u00eds)<br data-start=\"226\" data-end=\"229\"\/>RN 277 n\u00edvel m\u00e1ximo (boas pr\u00e1ticas em gest\u00e3o e qualidade oferecida aos benefici\u00e1rios)<br data-start=\"314\" data-end=\"317\"\/>RN 507 n\u00edvel m\u00e1ximo (entre as operadoras mais bem avaliadas do pa\u00eds)<\/p>\n<p data-start=\"387\" data-end=\"449\">\u2022 Certifica\u00e7\u00e3o internacional Qmentum Diamond \u2013 Hospital Unimed<\/p>\n<p data-start=\"451\" data-end=\"517\">\u2022 Selo Angels (excel\u00eancia no atendimento ao AVC) \u2013 Hospital Unimed<\/p>\n<p data-start=\"519\" data-end=\"569\">\u2022 Certifica\u00e7\u00e3o UTI Top Performer \u2013 Hospital Unimed<\/p>\n<p data-start=\"571\" data-end=\"627\">\u2022 Certifica\u00e7\u00e3o ONA 3 (n\u00edvel m\u00e1ximo) \u2013 Hospital S\u00e3o Paulo<\/p>\n<p data-start=\"629\" data-end=\"696\">\u2022 Listada entre as maiores operadoras do pa\u00eds no Ranking Valor 1000<\/p>\n<p data-start=\"698\" data-end=\"753\">\u2022 Certifica\u00e7\u00e3o GPTW \u2013 conquista por 6 anos consecutivos<\/p>\n<p data-start=\"755\" data-end=\"772\" data-is-last-node=\"\" data-is-only-node=\"\">\u2022 Selo ESG Unimed<\/p>\n<\/div>\n<p><br \/>\n<br \/><a href=\"https:\/\/www.tribunaribeirao.com.br\/publieditorial-unimed-ribeirao-preto-completa-55-anos-em-sintonia-com-o-crescimento-da-cidade\/\">Texto original daqui <\/a><\/p>\n<!-- CONTENT END 1 -->\n","protected":false},"excerpt":{"rendered":"<p>Hist\u00f3ria constru\u00edda com impacto na regi\u00e3o reflete avan\u00e7os em estrutura, tecnologia e aten\u00e7\u00e3o \u00e0s pessoas Hospital S\u00e3o Paulo: certificado com o mais alto reconhecimento em&#8230;<\/p>\n","protected":false},"author":1,"featured_media":85372,"comment_status":"","ping_status":"","sticky":false,"template":"","format":"standard","meta":{"advanced_seo_description":"","jetpack_seo_html_title":"","jetpack_seo_noindex":false,"jetpack_post_was_ever_published":false,"_jetpack_newsletter_access":"","_jetpack_dont_email_post_to_subs":false,"_jetpack_newsletter_tier_id":0,"_jetpack_memberships_contains_paywalled_content":false,"_jetpack_memberships_contains_paid_content":false,"footnotes":"","jetpack_publicize_message":"","jetpack_publicize_feature_enabled":true,"jetpack_social_post_already_shared":true,"jetpack_social_options":{"image_generator_settings":{"template":"highway","default_image_id":0,"font":"","enabled":false},"version":2}},"categories":[11],"tags":[84,273,1528,101,27,6526,26,6527,6416],"class_list":["post-85371","post","type-post","status-publish","format-standard","has-post-thumbnail","hentry","category-noticias-de-ribeirao-preto-sp-e-regiao-ismael-colosi","tag-anos","tag-cidade","tag-completa","tag-crescimento","tag-preto","tag-publieditorial","tag-ribeirao","tag-sintonia","tag-unimed"],"jetpack_publicize_connections":[],"jetpack_featured_media_url":"https:\/\/i0.wp.com\/noticiasribeiraopreto.com.br\/wp-content\/uploads\/2026\/05\/unimed.jpeg?fit=937%2C711&ssl=1","jetpack-related-posts":[{"id":79340,"url":"https:\/\/noticiasribeiraopreto.com.br\/index.php\/2025\/10\/29\/tecnologia-e-precisao-na-nova-era-da-unimed-ribeirao-preto\/","url_meta":{"origin":85371,"position":0},"title":"Tecnologia e precis\u00e3o na nova era da Unimed Ribeir\u00e3o Preto","author":"noticiasribeiraopreto.com.br","date":"29 de October de 2025","format":false,"excerpt":"O Hospital Unimed Ribeir\u00e3o Preto vem escrevendo um novo cap\u00edtulo na hist\u00f3ria da medicina regional. Com o sistema rob\u00f3tico Da Vinci, a institui\u00e7\u00e3o ultrapassou a marca de 200 cirurgias em apenas 12 meses, confirmando sua voca\u00e7\u00e3o para unir tecnologia, seguran\u00e7a e excel\u00eancia em sa\u00fade. Desde a primeira cirurgia, em setembro\u2026","rel":"","context":"In &quot;Not\u00edcias de Ribeir\u00e3o Preto-SP e Regi\u00e3o&quot;","block_context":{"text":"Not\u00edcias de Ribeir\u00e3o Preto-SP e Regi\u00e3o","link":"https:\/\/noticiasribeiraopreto.com.br\/index.php\/category\/noticias-de-ribeirao-preto-sp-e-regiao-ismael-colosi\/"},"img":{"alt_text":"","src":"https:\/\/i0.wp.com\/noticiasribeiraopreto.com.br\/wp-content\/uploads\/2025\/10\/1-2025-10-29T170253.877_2025-10-29_20-09-43.webp.webp?fit=1200%2C800&ssl=1&resize=350%2C200","width":350,"height":200,"srcset":"https:\/\/i0.wp.com\/noticiasribeiraopreto.com.br\/wp-content\/uploads\/2025\/10\/1-2025-10-29T170253.877_2025-10-29_20-09-43.webp.webp?fit=1200%2C800&ssl=1&resize=350%2C200 1x, https:\/\/i0.wp.com\/noticiasribeiraopreto.com.br\/wp-content\/uploads\/2025\/10\/1-2025-10-29T170253.877_2025-10-29_20-09-43.webp.webp?fit=1200%2C800&ssl=1&resize=525%2C300 1.5x, https:\/\/i0.wp.com\/noticiasribeiraopreto.com.br\/wp-content\/uploads\/2025\/10\/1-2025-10-29T170253.877_2025-10-29_20-09-43.webp.webp?fit=1200%2C800&ssl=1&resize=700%2C400 2x, https:\/\/i0.wp.com\/noticiasribeiraopreto.com.br\/wp-content\/uploads\/2025\/10\/1-2025-10-29T170253.877_2025-10-29_20-09-43.webp.webp?fit=1200%2C800&ssl=1&resize=1050%2C600 3x"},"classes":[]},{"id":61365,"url":"https:\/\/noticiasribeiraopreto.com.br\/index.php\/2024\/12\/10\/bares-e-restaurantes-de-ribeirao-tem-crescimento-de-50-com-festas-de-fim-de-ano\/","url_meta":{"origin":85371,"position":1},"title":"Bares e restaurantes de Ribeir\u00e3o t\u00eam crescimento de 50% com festas de fim de ano","author":"noticiasribeiraopreto.com.br","date":"10 de December de 2024","format":false,"excerpt":"A Abrasel (Associa\u00e7\u00e3o Brasileira de Bares e Restaurantes) da Alta Mogiana, regi\u00e3o que compreende Ribeir\u00e3o Preto, informou que o setor registrou crescimento de 50% em dezembro. Segundo a entidade, o per\u00edodo \u00e9 o mais aquecido para bares e restaurantes, superando at\u00e9 mesmo datas como o Dia dos Namorados e o\u2026","rel":"","context":"In &quot;Not\u00edcias de Ribeir\u00e3o Preto-SP e Regi\u00e3o&quot;","block_context":{"text":"Not\u00edcias de Ribeir\u00e3o Preto-SP e Regi\u00e3o","link":"https:\/\/noticiasribeiraopreto.com.br\/index.php\/category\/noticias-de-ribeirao-preto-sp-e-regiao-ismael-colosi\/"},"img":{"alt_text":"","src":"https:\/\/i0.wp.com\/noticiasribeiraopreto.com.br\/wp-content\/uploads\/2024\/12\/Jovens-tomando-cerveja.jpg?fit=1200%2C800&ssl=1&resize=350%2C200","width":350,"height":200,"srcset":"https:\/\/i0.wp.com\/noticiasribeiraopreto.com.br\/wp-content\/uploads\/2024\/12\/Jovens-tomando-cerveja.jpg?fit=1200%2C800&ssl=1&resize=350%2C200 1x, https:\/\/i0.wp.com\/noticiasribeiraopreto.com.br\/wp-content\/uploads\/2024\/12\/Jovens-tomando-cerveja.jpg?fit=1200%2C800&ssl=1&resize=525%2C300 1.5x, https:\/\/i0.wp.com\/noticiasribeiraopreto.com.br\/wp-content\/uploads\/2024\/12\/Jovens-tomando-cerveja.jpg?fit=1200%2C800&ssl=1&resize=700%2C400 2x, https:\/\/i0.wp.com\/noticiasribeiraopreto.com.br\/wp-content\/uploads\/2024\/12\/Jovens-tomando-cerveja.jpg?fit=1200%2C800&ssl=1&resize=1050%2C600 3x"},"classes":[]},{"id":38644,"url":"https:\/\/noticiasribeiraopreto.com.br\/index.php\/2024\/02\/20\/ex-prefeito-welson-gasparini-esta-internado-em-hospital-de-ribeirao-preto\/","url_meta":{"origin":85371,"position":2},"title":"Ex-prefeito Welson Gasparini est\u00e1 internado em hospital de Ribeir\u00e3o Preto","author":"noticiasribeiraopreto.com.br","date":"20 de February de 2024","format":false,"excerpt":"O ex-prefeito de Ribeir\u00e3o Preto Welson Gasparini, de 87 anos, est\u00e1 internado no Hospital da Unimed, em Ribeir\u00e3o Preto. A informa\u00e7\u00e3o foi confirmada ao portal acidade on, na noite desta ter\u00e7a-feira (20), pelo filho dele, o vereador Mauricio Gasparini (UNI\u00c3O). Durante sess\u00e3o na C\u00e2mara Municipal desta ter\u00e7a, o vereador Igor\u2026","rel":"","context":"In &quot;Not\u00edcias de Ribeir\u00e3o Preto-SP e Regi\u00e3o&quot;","block_context":{"text":"Not\u00edcias de Ribeir\u00e3o Preto-SP e Regi\u00e3o","link":"https:\/\/noticiasribeiraopreto.com.br\/index.php\/category\/noticias-de-ribeirao-preto-sp-e-regiao-ismael-colosi\/"},"img":{"alt_text":"","src":"https:\/\/i0.wp.com\/noticiasribeiraopreto.com.br\/wp-content\/uploads\/2024\/02\/Copia-de-Copia-de-TAMANHO-EXATO-PARA-FOTOS-NO-SISTEMA-NOVO-42.png?fit=1200%2C675&ssl=1&resize=350%2C200","width":350,"height":200,"srcset":"https:\/\/i0.wp.com\/noticiasribeiraopreto.com.br\/wp-content\/uploads\/2024\/02\/Copia-de-Copia-de-TAMANHO-EXATO-PARA-FOTOS-NO-SISTEMA-NOVO-42.png?fit=1200%2C675&ssl=1&resize=350%2C200 1x, https:\/\/i0.wp.com\/noticiasribeiraopreto.com.br\/wp-content\/uploads\/2024\/02\/Copia-de-Copia-de-TAMANHO-EXATO-PARA-FOTOS-NO-SISTEMA-NOVO-42.png?fit=1200%2C675&ssl=1&resize=525%2C300 1.5x, https:\/\/i0.wp.com\/noticiasribeiraopreto.com.br\/wp-content\/uploads\/2024\/02\/Copia-de-Copia-de-TAMANHO-EXATO-PARA-FOTOS-NO-SISTEMA-NOVO-42.png?fit=1200%2C675&ssl=1&resize=700%2C400 2x, https:\/\/i0.wp.com\/noticiasribeiraopreto.com.br\/wp-content\/uploads\/2024\/02\/Copia-de-Copia-de-TAMANHO-EXATO-PARA-FOTOS-NO-SISTEMA-NOVO-42.png?fit=1200%2C675&ssl=1&resize=1050%2C600 3x"},"classes":[]},{"id":38937,"url":"https:\/\/noticiasribeiraopreto.com.br\/index.php\/2024\/02\/22\/saiba-o-estado-de-saude-do-ex-prefeito-de-ribeirao-preto-welson-gasparini\/","url_meta":{"origin":85371,"position":3},"title":"Saiba o estado de sa\u00fade do ex-prefeito de Ribeir\u00e3o Preto Welson Gasparini","author":"noticiasribeiraopreto.com.br","date":"22 de February de 2024","format":false,"excerpt":"O ex-prefeito de Ribeir\u00e3o Preto Welson Gasparini, de 87 anos, segue internado no Hospital da Unimed, em Bonfim Paulista. De acordo com o vereador Maur\u00edcio Gasparini (Uni\u00e3o), filho do ex-prefeito, Welson est\u00e1 passando por \u201cv\u00e1rios exames\u201d. O parlamentar ainda informou que ainda n\u00e3o h\u00e1 previs\u00e3o de alta. O ex-prefeito foi\u2026","rel":"","context":"In &quot;Not\u00edcias de Ribeir\u00e3o Preto-SP e Regi\u00e3o&quot;","block_context":{"text":"Not\u00edcias de Ribeir\u00e3o Preto-SP e Regi\u00e3o","link":"https:\/\/noticiasribeiraopreto.com.br\/index.php\/category\/noticias-de-ribeirao-preto-sp-e-regiao-ismael-colosi\/"},"img":{"alt_text":"","src":"https:\/\/i0.wp.com\/noticiasribeiraopreto.com.br\/wp-content\/uploads\/2024\/02\/gasparini.jpg?fit=1200%2C800&ssl=1&resize=350%2C200","width":350,"height":200,"srcset":"https:\/\/i0.wp.com\/noticiasribeiraopreto.com.br\/wp-content\/uploads\/2024\/02\/gasparini.jpg?fit=1200%2C800&ssl=1&resize=350%2C200 1x, https:\/\/i0.wp.com\/noticiasribeiraopreto.com.br\/wp-content\/uploads\/2024\/02\/gasparini.jpg?fit=1200%2C800&ssl=1&resize=525%2C300 1.5x, https:\/\/i0.wp.com\/noticiasribeiraopreto.com.br\/wp-content\/uploads\/2024\/02\/gasparini.jpg?fit=1200%2C800&ssl=1&resize=700%2C400 2x, https:\/\/i0.wp.com\/noticiasribeiraopreto.com.br\/wp-content\/uploads\/2024\/02\/gasparini.jpg?fit=1200%2C800&ssl=1&resize=1050%2C600 3x"},"classes":[]},{"id":80093,"url":"https:\/\/noticiasribeiraopreto.com.br\/index.php\/2025\/11\/14\/empresa-varejista-anuncia-carreata-de-natal-veja-quando-passa-pela-regiao\/","url_meta":{"origin":85371,"position":4},"title":"Empresa varejista anuncia Carreata de Natal; veja quando passa pela regi\u00e3o","author":"noticiasribeiraopreto.com.br","date":"14 de November de 2025","format":false,"excerpt":"A tradicional Carreata de Natal da Havan vai percorrer a regi\u00e3o de Ribeir\u00e3o Preto neste fim de ano. Em Franca, o evento ser\u00e1 realizado no dia 21 de novembro, enquanto em Sert\u00e3ozinho ocorre no dia 22. Segundo a empresa, a carreata contar\u00e1 com tr\u00eas caminh\u00f5es iluminados, show de luzes, presen\u00e7a\u2026","rel":"","context":"In &quot;Not\u00edcias de Ribeir\u00e3o Preto-SP e Regi\u00e3o&quot;","block_context":{"text":"Not\u00edcias de Ribeir\u00e3o Preto-SP e Regi\u00e3o","link":"https:\/\/noticiasribeiraopreto.com.br\/index.php\/category\/noticias-de-ribeirao-preto-sp-e-regiao-ismael-colosi\/"},"img":{"alt_text":"","src":"https:\/\/i0.wp.com\/noticiasribeiraopreto.com.br\/wp-content\/uploads\/2025\/11\/natal-luz-havan_2025-11-14_16-57-07.webp.webp?fit=1200%2C900&ssl=1&resize=350%2C200","width":350,"height":200,"srcset":"https:\/\/i0.wp.com\/noticiasribeiraopreto.com.br\/wp-content\/uploads\/2025\/11\/natal-luz-havan_2025-11-14_16-57-07.webp.webp?fit=1200%2C900&ssl=1&resize=350%2C200 1x, https:\/\/i0.wp.com\/noticiasribeiraopreto.com.br\/wp-content\/uploads\/2025\/11\/natal-luz-havan_2025-11-14_16-57-07.webp.webp?fit=1200%2C900&ssl=1&resize=525%2C300 1.5x, https:\/\/i0.wp.com\/noticiasribeiraopreto.com.br\/wp-content\/uploads\/2025\/11\/natal-luz-havan_2025-11-14_16-57-07.webp.webp?fit=1200%2C900&ssl=1&resize=700%2C400 2x, https:\/\/i0.wp.com\/noticiasribeiraopreto.com.br\/wp-content\/uploads\/2025\/11\/natal-luz-havan_2025-11-14_16-57-07.webp.webp?fit=1200%2C900&ssl=1&resize=1050%2C600 3x"},"classes":[]},{"id":7806,"url":"https:\/\/noticiasribeiraopreto.com.br\/index.php\/2023\/11\/28\/dilsinho-faz-show-gratuito-em-cidade-na-regiao-de-ribeirao-veja-quando\/","url_meta":{"origin":85371,"position":5},"title":"Dilsinho faz show gratuito em cidade na regi\u00e3o de Ribeir\u00e3o; Veja quando","author":"noticiasribeiraopreto.com.br","date":"28 de November de 2023","format":false,"excerpt":"O cantor Dilsinho se apresenta de forma gratuita, nesta sexta-feira (1\u00ba), em Sert\u00e3ozinho, cidade a 21 km de Ribeir\u00e3o Preto. O show acontece no Parque Linear da cidade, a partir das 22h. A apresenta\u00e7\u00e3o faz parte da programa\u00e7\u00e3o do 127\u00ba anivers\u00e1rio de Sert\u00e3ozinho. De acordo com a Prefeitura da cidade,\u2026","rel":"","context":"In &quot;Not\u00edcias de Ribeir\u00e3o Preto-SP e Regi\u00e3o&quot;","block_context":{"text":"Not\u00edcias de Ribeir\u00e3o Preto-SP e Regi\u00e3o","link":"https:\/\/noticiasribeiraopreto.com.br\/index.php\/category\/noticias-de-ribeirao-preto-sp-e-regiao-ismael-colosi\/"},"img":{"alt_text":"","src":"https:\/\/i0.wp.com\/noticiasribeiraopreto.com.br\/wp-content\/uploads\/2023\/11\/405194092_885948156420610_8403092677756061770_n.jpg?fit=1080%2C721&ssl=1&resize=350%2C200","width":350,"height":200,"srcset":"https:\/\/i0.wp.com\/noticiasribeiraopreto.com.br\/wp-content\/uploads\/2023\/11\/405194092_885948156420610_8403092677756061770_n.jpg?fit=1080%2C721&ssl=1&resize=350%2C200 1x, https:\/\/i0.wp.com\/noticiasribeiraopreto.com.br\/wp-content\/uploads\/2023\/11\/405194092_885948156420610_8403092677756061770_n.jpg?fit=1080%2C721&ssl=1&resize=525%2C300 1.5x, https:\/\/i0.wp.com\/noticiasribeiraopreto.com.br\/wp-content\/uploads\/2023\/11\/405194092_885948156420610_8403092677756061770_n.jpg?fit=1080%2C721&ssl=1&resize=700%2C400 2x, https:\/\/i0.wp.com\/noticiasribeiraopreto.com.br\/wp-content\/uploads\/2023\/11\/405194092_885948156420610_8403092677756061770_n.jpg?fit=1080%2C721&ssl=1&resize=1050%2C600 3x"},"classes":[]}],"jetpack_sharing_enabled":true,"jetpack_shortlink":"https:\/\/wp.me\/peQAOb-mcX","_links":{"self":[{"href":"https:\/\/noticiasribeiraopreto.com.br\/index.php\/wp-json\/wp\/v2\/posts\/85371","targetHints":{"allow":["GET"]}}],"collection":[{"href":"https:\/\/noticiasribeiraopreto.com.br\/index.php\/wp-json\/wp\/v2\/posts"}],"about":[{"href":"https:\/\/noticiasribeiraopreto.com.br\/index.php\/wp-json\/wp\/v2\/types\/post"}],"author":[{"embeddable":true,"href":"https:\/\/noticiasribeiraopreto.com.br\/index.php\/wp-json\/wp\/v2\/users\/1"}],"replies":[{"embeddable":true,"href":"https:\/\/noticiasribeiraopreto.com.br\/index.php\/wp-json\/wp\/v2\/comments?post=85371"}],"version-history":[{"count":0,"href":"https:\/\/noticiasribeiraopreto.com.br\/index.php\/wp-json\/wp\/v2\/posts\/85371\/revisions"}],"wp:featuredmedia":[{"embeddable":true,"href":"https:\/\/noticiasribeiraopreto.com.br\/index.php\/wp-json\/wp\/v2\/media\/85372"}],"wp:attachment":[{"href":"https:\/\/noticiasribeiraopreto.com.br\/index.php\/wp-json\/wp\/v2\/media?parent=85371"}],"wp:term":[{"taxonomy":"category","embeddable":true,"href":"https:\/\/noticiasribeiraopreto.com.br\/index.php\/wp-json\/wp\/v2\/categories?post=85371"},{"taxonomy":"post_tag","embeddable":true,"href":"https:\/\/noticiasribeiraopreto.com.br\/index.php\/wp-json\/wp\/v2\/tags?post=85371"}],"curies":[{"name":"wp","href":"https:\/\/api.w.org\/{rel}","templated":true}]}}