{"id":85376,"date":"2026-05-01T11:51:35","date_gmt":"2026-05-01T14:51:35","guid":{"rendered":"https:\/\/noticiasribeiraopreto.com.br\/index.php\/2026\/05\/01\/rio-preto-recebe-etapa-da-volta-ciclistica-internacional-nesta-terca\/"},"modified":"2026-05-01T11:51:35","modified_gmt":"2026-05-01T14:51:35","slug":"rio-preto-recebe-etapa-da-volta-ciclistica-internacional-nesta-terca","status":"publish","type":"post","link":"https:\/\/noticiasribeiraopreto.com.br\/index.php\/2026\/05\/01\/rio-preto-recebe-etapa-da-volta-ciclistica-internacional-nesta-terca\/","title":{"rendered":"Rio Preto recebe etapa da Volta Cicl\u00edstica Internacional nesta ter\u00e7a &#8211; THMais"},"content":{"rendered":"<div class='code-block code-block-1' style='margin: 8px 0 8px auto; text-align: right; display: block; clear: both;'>\n<p><a href=\"https:\/\/wa.link\/vpicfd\"><img data-recalc-dims=\"1\" class=\"wp-image-4922\" style=\"aspect-ratio: 2.0253164556962027; width: 561px; height: auto;\" src=\"https:\/\/i0.wp.com\/ismaelcolosi.com.br\/wp-content\/uploads\/2023\/11\/grupo-de-empregos-whatsapp-e-facebook-ismael-colosi-vagas.jpg?ssl=1\" alt=\"\" \/><\/a><\/p>\n<!-- \/wp:image -->\n<\/div>\n<p> <br \/>\n<\/p>\n<div>\n<p>Prova tem largada \u00e0s 10h na ponte estaiada e vai provocar interdi\u00e7\u00f5es perto da represa municipal<\/p>\n<p>S\u00e3o Jos\u00e9 do Rio Preto recebe nesta ter\u00e7a-feira, 5\/5, a etapa de n\u00famero 2 da 12\u00aa Volta Cicl\u00edstica Internacional do Estado de S\u00e3o Paulo.<\/p>\n<p>A largada ser\u00e1 \u00e0s 10h, na ponte estaiada entre os lagos 2 e 3 da Represa Municipal, com destino a Barretos. O percurso tem 121,8 quil\u00f4metros.<\/p>\n<p>Ao todo, a competi\u00e7\u00e3o soma mais de 700 quil\u00f4metros, ligando Tr\u00eas Fronteiras \u00e0 capital paulista.<\/p>\n<h2 class=\"wp-block-heading\">Interdi\u00e7\u00f5es<\/h2>\n<p>Por conta da prova, vias no entorno da represa ter\u00e3o interdi\u00e7\u00f5es. A avenida Sabino Cardoso Filho ficar\u00e1 totalmente interditada no trecho entre o pontilh\u00e3o no fim da avenida Murchid Homsi e a avenida Nadima Damha, onde est\u00e1 o ponto de largada.<\/p>\n<p>A interdi\u00e7\u00e3o come\u00e7a \u00e0s 20h de segunda-feira, 4\/5, e segue at\u00e9 o meio-dia de ter\u00e7a-feira.<\/p>\n<p>No restante do percurso dentro da cidade, os bloqueios ser\u00e3o tempor\u00e1rios, com acompanhamento de equipes da Guarda Civil Municipal e da Pol\u00edcia Militar.<\/p>\n<p>Os ciclistas ter\u00e3o escolta de batedores, respons\u00e1veis por liberar o trajeto durante a passagem do pelot\u00e3o, que deve durar cerca de 30 minutos no per\u00edmetro urbano.<\/p>\n<p>Ap\u00f3s a largada, os atletas seguem pela avenida Nadima Damha at\u00e9 a rotat\u00f3ria das estradas Vicente Polachini e Jo\u00e3o Parise, retornando para a avenida.<\/p>\n<p>Em seguida, acessam a avenida S\u00edlvio Dela Roveri, depois a avenida Gerassina Tavares e, por fim, entram na rodovia Assis Chateaubriand, deixando o munic\u00edpio em dire\u00e7\u00e3o a Barretos.<\/p>\n<p><a href=\"https:\/\/novopainel.riopreto.sp.gov.br\/uploads\/VOLTA_CICLISTICA_DA_FPC_PONTOS_DE_APOIO_e9fa1af774.pdf\">Mapa \u2013 interdi\u00e7\u00f5es e percurso<\/a><\/p>\n<h2 class=\"wp-block-heading\">A prova<\/h2>\n<figure class=\"wp-block-image is-resized\"><\/figure>\n<p>A Volta Cicl\u00edstica Internacional do Estado de S\u00e3o Paulo \u00e9 uma das principais competi\u00e7\u00f5es de ciclismo de estrada do pa\u00eds e integra o calend\u00e1rio internacional da Uni\u00e3o Cicl\u00edstica Internacional (UCI).<\/p>\n<p>A edi\u00e7\u00e3o de 2026 re\u00fane equipes de diferentes regi\u00f5es do Brasil e tamb\u00e9m de pa\u00edses da Am\u00e9rica do Sul, como Chile, Col\u00f4mbia e Argentina.<\/p>\n<p>A etapa de Rio Preto \u00e9 a segunda da competi\u00e7\u00e3o, que come\u00e7a na segunda-feira, 4\/5, em Tr\u00eas Fronteiras e segue por cidades como B\u00e1lsamo, Barretos, Franca, Ribeir\u00e3o Preto e Araraquara, antes da etapa final na capital paulista.<\/p>\n<p>Al\u00e9m da disputa pelo t\u00edtulo, os atletas somam pontos importantes para o ranking mundial, no ciclo rumo aos Jogos Ol\u00edmpicos de Los Angeles 2028.<\/p>\n<h2 class=\"wp-block-heading\">Servi\u00e7o<\/h2>\n<p>Mais informa\u00e7\u00f5es sobre a prova e equipes participantes est\u00e3o dispon\u00edveis no site oficial da federa\u00e7\u00e3o (<a href=\"https:\/\/www.riopreto.sp.gov.br\/noticias\/www.fpciclismo.org.br\">www.fpciclismo.org.br<\/a>), pelo release oficial do evento ou por meio dos contatos abaixo listados.<\/p>\n<blockquote class=\"wp-block-quote is-layout-flow wp-block-quote-is-layout-flow\">\n<p><strong>Diretoria de Imprensa \u2013 FPCiclismo<\/strong><\/p>\n<\/blockquote>\n<figure class=\"wp-block-image is-resized\"><img data-recalc-dims=\"1\" loading=\"lazy\" data-lazyloaded=\"1\" width=\"1122\" height=\"1402\" decoding=\"async\" src=\"https:\/\/i0.wp.com\/novopainel.riopreto.sp.gov.br\/uploads\/Volta_Ciclistica_Internacional_2026_Calendario_247ff93f06.jpeg?resize=1122%2C1402&#038;ssl=1\" alt=\"Volta Cicl\u00edstica Internacional 2026 Calend\u00e1rio.jpeg\" style=\"aspect-ratio:0.800292899991551;width:678px;height:auto\"\/><\/figure>\n<p><em><strong>Esta iniciativa contempla os itens 3, 9 e 11 dos Objetivos de Desenvolvimento Sustent\u00e1vel da ONU: Sa\u00fade e Bem-Estar (3), Ind\u00fastria, Inova\u00e7\u00e3o e Infraestrutura (9) e Cidades e Comunidades Sustent\u00e1veis (11). <\/strong><\/em><\/p>\n<p><em><strong>Conhe\u00e7a a Agenda 2030:\u00a0<\/strong><\/em><a href=\"https:\/\/brasil.un.org\/pt-br\/sdgs\"><em><strong>https:\/\/brasil.un.org\/pt-br\/sdgs<\/strong><\/em><\/a><\/p>\n<\/div>\n<p><br \/>\n<br \/><a href=\"https:\/\/thmais.com.br\/cidades\/sao-jose-rio-preto\/rio-preto-recebe-etapa-da-volta-ciclistica-internacional-nesta-terca\/\">Link para o texto original <\/a><\/p>\n<!-- CONTENT END 1 -->\n","protected":false},"excerpt":{"rendered":"<p>Prova tem largada \u00e0s 10h na ponte estaiada e vai provocar interdi\u00e7\u00f5es perto da represa municipal S\u00e3o Jos\u00e9 do Rio Preto recebe nesta ter\u00e7a-feira, 5\/5,&#8230;<\/p>\n","protected":false},"author":1,"featured_media":85377,"comment_status":"","ping_status":"","sticky":false,"template":"","format":"standard","meta":{"advanced_seo_description":"","jetpack_seo_html_title":"","jetpack_seo_noindex":false,"jetpack_post_was_ever_published":false,"_jetpack_newsletter_access":"","_jetpack_dont_email_post_to_subs":false,"_jetpack_newsletter_tier_id":0,"_jetpack_memberships_contains_paywalled_content":false,"_jetpack_memberships_contains_paid_content":false,"footnotes":"","jetpack_publicize_message":"","jetpack_publicize_feature_enabled":true,"jetpack_social_post_already_shared":true,"jetpack_social_options":{"image_generator_settings":{"template":"highway","default_image_id":0,"font":"","enabled":false},"version":2}},"categories":[11],"tags":[6528,4367,1620,207,27,407,1181,168,6443,2052],"class_list":["post-85376","post","type-post","status-publish","format-standard","has-post-thumbnail","hentry","category-noticias-de-ribeirao-preto-sp-e-regiao-ismael-colosi","tag-ciclistica","tag-etapa","tag-internacional","tag-nesta","tag-preto","tag-recebe","tag-rio","tag-terca","tag-thmais","tag-volta"],"jetpack_publicize_connections":[],"jetpack_featured_media_url":"https:\/\/i0.wp.com\/noticiasribeiraopreto.com.br\/wp-content\/uploads\/2026\/05\/Volta_Ciclistica_Internacional_2026_A_74cb447c6d.jpeg?fit=800%2C450&ssl=1","jetpack-related-posts":[{"id":74649,"url":"https:\/\/noticiasribeiraopreto.com.br\/index.php\/2025\/07\/26\/circuito-mais-mulher-ribeirao-preto-recebe-corrida-com-3-mil-atletas\/","url_meta":{"origin":85376,"position":0},"title":"Circuito Mais Mulher: Ribeir\u00e3o Preto recebe corrida com 3 mil atletas","author":"noticiasribeiraopreto.com.br","date":"26 de July de 2025","format":false,"excerpt":"Ribeir\u00e3o Preto recebe neste domingo (27) a terceira etapa de 2025 do Circuito Mais Mulher, promovido pela Secretaria de Esportes do Estado de S\u00e3o Paulo. Com todas as inscri\u00e7\u00f5es esgotadas em menos de cinco minutos, o evento reunir\u00e1 cerca de 3 mil mulheres, inscritas gratuitamente. A largada acontece \u00e0s 7h,\u2026","rel":"","context":"In &quot;Not\u00edcias de Ribeir\u00e3o Preto-SP e Regi\u00e3o&quot;","block_context":{"text":"Not\u00edcias de Ribeir\u00e3o Preto-SP e Regi\u00e3o","link":"https:\/\/noticiasribeiraopreto.com.br\/index.php\/category\/noticias-de-ribeirao-preto-sp-e-regiao-ismael-colosi\/"},"img":{"alt_text":"","src":"https:\/\/i0.wp.com\/noticiasribeiraopreto.com.br\/wp-content\/uploads\/2025\/07\/circuito-mais-mulher_2025-07-26_13-50-11.webp.webp?fit=1080%2C720&ssl=1&resize=350%2C200","width":350,"height":200,"srcset":"https:\/\/i0.wp.com\/noticiasribeiraopreto.com.br\/wp-content\/uploads\/2025\/07\/circuito-mais-mulher_2025-07-26_13-50-11.webp.webp?fit=1080%2C720&ssl=1&resize=350%2C200 1x, https:\/\/i0.wp.com\/noticiasribeiraopreto.com.br\/wp-content\/uploads\/2025\/07\/circuito-mais-mulher_2025-07-26_13-50-11.webp.webp?fit=1080%2C720&ssl=1&resize=525%2C300 1.5x, https:\/\/i0.wp.com\/noticiasribeiraopreto.com.br\/wp-content\/uploads\/2025\/07\/circuito-mais-mulher_2025-07-26_13-50-11.webp.webp?fit=1080%2C720&ssl=1&resize=700%2C400 2x, https:\/\/i0.wp.com\/noticiasribeiraopreto.com.br\/wp-content\/uploads\/2025\/07\/circuito-mais-mulher_2025-07-26_13-50-11.webp.webp?fit=1080%2C720&ssl=1&resize=1050%2C600 3x"},"classes":[]},{"id":69297,"url":"https:\/\/noticiasribeiraopreto.com.br\/index.php\/2025\/05\/04\/meia-internacional-de-ribeirao-tera-novo-percurso-mais-plano\/","url_meta":{"origin":85376,"position":1},"title":"Meia Internacional de Ribeir\u00e3o ter\u00e1 novo percurso mais plano\u00a0\u00a0","author":"noticiasribeiraopreto.com.br","date":"4 de May de 2025","format":false,"excerpt":"O percurso da Meia Maratona Internacional de Ribeir\u00e3o Preto (MMIRP) passou por mudan\u00e7as importantes para a edi\u00e7\u00e3o deste ano, a 13\u00aa. A principal altera\u00e7\u00e3o ser\u00e1 a retirada da subida completa da avenida Jos\u00e9 Adolfo Bianco Molina, o que deixar\u00e1 a prova mais plana e, consequentemente, mais r\u00e1pida e acess\u00edvel para\u2026","rel":"","context":"In &quot;Not\u00edcias de Ribeir\u00e3o Preto-SP e Regi\u00e3o&quot;","block_context":{"text":"Not\u00edcias de Ribeir\u00e3o Preto-SP e Regi\u00e3o","link":"https:\/\/noticiasribeiraopreto.com.br\/index.php\/category\/noticias-de-ribeirao-preto-sp-e-regiao-ismael-colosi\/"},"img":{"alt_text":"","src":"https:\/\/i0.wp.com\/noticiasribeiraopreto.com.br\/wp-content\/uploads\/2025\/05\/foto-box-albertogonzaga_meiarp24-7511_1158913_103796-scaled.jpg?fit=1200%2C800&ssl=1&resize=350%2C200","width":350,"height":200,"srcset":"https:\/\/i0.wp.com\/noticiasribeiraopreto.com.br\/wp-content\/uploads\/2025\/05\/foto-box-albertogonzaga_meiarp24-7511_1158913_103796-scaled.jpg?fit=1200%2C800&ssl=1&resize=350%2C200 1x, https:\/\/i0.wp.com\/noticiasribeiraopreto.com.br\/wp-content\/uploads\/2025\/05\/foto-box-albertogonzaga_meiarp24-7511_1158913_103796-scaled.jpg?fit=1200%2C800&ssl=1&resize=525%2C300 1.5x, https:\/\/i0.wp.com\/noticiasribeiraopreto.com.br\/wp-content\/uploads\/2025\/05\/foto-box-albertogonzaga_meiarp24-7511_1158913_103796-scaled.jpg?fit=1200%2C800&ssl=1&resize=700%2C400 2x, https:\/\/i0.wp.com\/noticiasribeiraopreto.com.br\/wp-content\/uploads\/2025\/05\/foto-box-albertogonzaga_meiarp24-7511_1158913_103796-scaled.jpg?fit=1200%2C800&ssl=1&resize=1050%2C600 3x"},"classes":[]},{"id":84385,"url":"https:\/\/noticiasribeiraopreto.com.br\/index.php\/2026\/04\/08\/prefeito-recebe-organizadores-da-meia-maratona-internacional-de-ribeirao-preto\/","url_meta":{"origin":85376,"position":2},"title":"Prefeito recebe organizadores da Meia Maratona Internacional de Ribeir\u00e3o Preto","author":"noticiasribeiraopreto.com.br","date":"8 de April de 2026","format":false,"excerpt":"Prova acontecer\u00e1 no dia 19 de julho, no estacionamento do Ribeir\u00e3oShopping; inscri\u00e7\u00f5es podem ser feitas pelo site meiaderibeirao.com.br O prefeito de Ribeir\u00e3o Preto, Ricardo Silva, recebeu nesta quarta-feira (8), no Centro Administrativo, os organizadores da Meia Maratona Internacional de Ribeir\u00e3o Preto, Eduardo Ferrari e Fabiano Ribeiro, para apresenta\u00e7\u00e3o oficial da\u2026","rel":"","context":"In &quot;Not\u00edcias de Ribeir\u00e3o Preto-SP e Regi\u00e3o&quot;","block_context":{"text":"Not\u00edcias de Ribeir\u00e3o Preto-SP e Regi\u00e3o","link":"https:\/\/noticiasribeiraopreto.com.br\/index.php\/category\/noticias-de-ribeirao-preto-sp-e-regiao-ismael-colosi\/"},"img":{"alt_text":"","src":"https:\/\/i0.wp.com\/noticiasribeiraopreto.com.br\/wp-content\/uploads\/2026\/04\/meia-de-rp-prefeito-scaled.jpeg?fit=1170%2C780&ssl=1&resize=350%2C200","width":350,"height":200,"srcset":"https:\/\/i0.wp.com\/noticiasribeiraopreto.com.br\/wp-content\/uploads\/2026\/04\/meia-de-rp-prefeito-scaled.jpeg?fit=1170%2C780&ssl=1&resize=350%2C200 1x, https:\/\/i0.wp.com\/noticiasribeiraopreto.com.br\/wp-content\/uploads\/2026\/04\/meia-de-rp-prefeito-scaled.jpeg?fit=1170%2C780&ssl=1&resize=525%2C300 1.5x, https:\/\/i0.wp.com\/noticiasribeiraopreto.com.br\/wp-content\/uploads\/2026\/04\/meia-de-rp-prefeito-scaled.jpeg?fit=1170%2C780&ssl=1&resize=700%2C400 2x, https:\/\/i0.wp.com\/noticiasribeiraopreto.com.br\/wp-content\/uploads\/2026\/04\/meia-de-rp-prefeito-scaled.jpeg?fit=1170%2C780&ssl=1&resize=1050%2C600 3x"},"classes":[]},{"id":64717,"url":"https:\/\/noticiasribeiraopreto.com.br\/index.php\/2025\/03\/11\/caminhao-pipa-cai-em-represa-no-interior-de-sp-veja-video\/","url_meta":{"origin":85376,"position":3},"title":"Caminh\u00e3o-pipa cai em represa no interior de SP; veja v\u00eddeo","author":"noticiasribeiraopreto.com.br","date":"11 de March de 2025","format":false,"excerpt":"Na segunda-feira (10), um caminh\u00e3o-pipa afundou na represa de Estreito, em Pedregulho, interior de S\u00e3o Paulo. O ve\u00edculo ficou a 22 metros de profundidade, mas o motorista conseguiu escapar a tempo e n\u00e3o foi atingido pela \u00e1gua. O acidente ocorreu enquanto o caminh\u00e3o estava pr\u00f3ximo \u00e0 margem da represa, realizando\u2026","rel":"","context":"In &quot;Not\u00edcias de Ribeir\u00e3o Preto-SP e Regi\u00e3o&quot;","block_context":{"text":"Not\u00edcias de Ribeir\u00e3o Preto-SP e Regi\u00e3o","link":"https:\/\/noticiasribeiraopreto.com.br\/index.php\/category\/noticias-de-ribeirao-preto-sp-e-regiao-ismael-colosi\/"},"img":{"alt_text":"","src":"https:\/\/i0.wp.com\/noticiasribeiraopreto.com.br\/wp-content\/uploads\/2025\/03\/Copia-de-Copia-de-Copia-de-TAMANHO-EXATO-PARA-FOTOS-NO-SISTEMA-NOVO-2025-03-11T174649.712_2025-03-11_20-47-05_png_2025-03-11_20-47-05.webp.webp?fit=1200%2C675&ssl=1&resize=350%2C200","width":350,"height":200,"srcset":"https:\/\/i0.wp.com\/noticiasribeiraopreto.com.br\/wp-content\/uploads\/2025\/03\/Copia-de-Copia-de-Copia-de-TAMANHO-EXATO-PARA-FOTOS-NO-SISTEMA-NOVO-2025-03-11T174649.712_2025-03-11_20-47-05_png_2025-03-11_20-47-05.webp.webp?fit=1200%2C675&ssl=1&resize=350%2C200 1x, https:\/\/i0.wp.com\/noticiasribeiraopreto.com.br\/wp-content\/uploads\/2025\/03\/Copia-de-Copia-de-Copia-de-TAMANHO-EXATO-PARA-FOTOS-NO-SISTEMA-NOVO-2025-03-11T174649.712_2025-03-11_20-47-05_png_2025-03-11_20-47-05.webp.webp?fit=1200%2C675&ssl=1&resize=525%2C300 1.5x, https:\/\/i0.wp.com\/noticiasribeiraopreto.com.br\/wp-content\/uploads\/2025\/03\/Copia-de-Copia-de-Copia-de-TAMANHO-EXATO-PARA-FOTOS-NO-SISTEMA-NOVO-2025-03-11T174649.712_2025-03-11_20-47-05_png_2025-03-11_20-47-05.webp.webp?fit=1200%2C675&ssl=1&resize=700%2C400 2x, https:\/\/i0.wp.com\/noticiasribeiraopreto.com.br\/wp-content\/uploads\/2025\/03\/Copia-de-Copia-de-Copia-de-TAMANHO-EXATO-PARA-FOTOS-NO-SISTEMA-NOVO-2025-03-11T174649.712_2025-03-11_20-47-05_png_2025-03-11_20-47-05.webp.webp?fit=1200%2C675&ssl=1&resize=1050%2C600 3x"},"classes":[]},{"id":40670,"url":"https:\/\/noticiasribeiraopreto.com.br\/index.php\/2024\/03\/05\/homem-morre-afogado-em-represa-na-regiao-de-ribeirao\/","url_meta":{"origin":85376,"position":4},"title":"Homem morre afogado em represa na regi\u00e3o de Ribeir\u00e3o","author":"noticiasribeiraopreto.com.br","date":"5 de March de 2024","format":false,"excerpt":"Um homem de 43 anos morreu afogado na represa de uma ch\u00e1cara no \u00faltimo domingo (3), nas proximidades da rodovia F\u00e1bio Talarico, em S\u00e3o Jos\u00e9 da Bela Vista, cidade a 85 quil\u00f4metros de Ribeir\u00e3o Preto. O corpo s\u00f3 foi encontrado na segunda-feira (4), boiando na represa. De acordo com o\u2026","rel":"","context":"In &quot;Not\u00edcias de Ribeir\u00e3o Preto-SP e Regi\u00e3o&quot;","block_context":{"text":"Not\u00edcias de Ribeir\u00e3o Preto-SP e Regi\u00e3o","link":"https:\/\/noticiasribeiraopreto.com.br\/index.php\/category\/noticias-de-ribeirao-preto-sp-e-regiao-ismael-colosi\/"},"img":{"alt_text":"","src":"https:\/\/i0.wp.com\/noticiasribeiraopreto.com.br\/wp-content\/uploads\/2024\/03\/AnyConv.com__eloisio.webp.webp?fit=1200%2C674&ssl=1&resize=350%2C200","width":350,"height":200,"srcset":"https:\/\/i0.wp.com\/noticiasribeiraopreto.com.br\/wp-content\/uploads\/2024\/03\/AnyConv.com__eloisio.webp.webp?fit=1200%2C674&ssl=1&resize=350%2C200 1x, https:\/\/i0.wp.com\/noticiasribeiraopreto.com.br\/wp-content\/uploads\/2024\/03\/AnyConv.com__eloisio.webp.webp?fit=1200%2C674&ssl=1&resize=525%2C300 1.5x, https:\/\/i0.wp.com\/noticiasribeiraopreto.com.br\/wp-content\/uploads\/2024\/03\/AnyConv.com__eloisio.webp.webp?fit=1200%2C674&ssl=1&resize=700%2C400 2x, https:\/\/i0.wp.com\/noticiasribeiraopreto.com.br\/wp-content\/uploads\/2024\/03\/AnyConv.com__eloisio.webp.webp?fit=1200%2C674&ssl=1&resize=1050%2C600 3x"},"classes":[]},{"id":40772,"url":"https:\/\/noticiasribeiraopreto.com.br\/index.php\/2024\/03\/05\/homem-morre-afogado-em-represa-na-regiao-de-ribeirao-2\/","url_meta":{"origin":85376,"position":5},"title":"Homem morre afogado em represa na regi\u00e3o de Ribeir\u00e3o","author":"noticiasribeiraopreto.com.br","date":"5 de March de 2024","format":false,"excerpt":"Um homem de 43 anos morreu afogado na represa de uma ch\u00e1cara no \u00faltimo domingo (3), nas proximidades da rodovia F\u00e1bio Talarico, em S\u00e3o Jos\u00e9 da Bela Vista, cidade a 85 quil\u00f4metros de Ribeir\u00e3o Preto. O corpo s\u00f3 foi encontrado na segunda-feira (4), boiando na represa. De acordo com o\u2026","rel":"","context":"In &quot;Not\u00edcias de Ribeir\u00e3o Preto-SP e Regi\u00e3o&quot;","block_context":{"text":"Not\u00edcias de Ribeir\u00e3o Preto-SP e Regi\u00e3o","link":"https:\/\/noticiasribeiraopreto.com.br\/index.php\/category\/noticias-de-ribeirao-preto-sp-e-regiao-ismael-colosi\/"},"img":{"alt_text":"","src":"https:\/\/i0.wp.com\/noticiasribeiraopreto.com.br\/wp-content\/uploads\/2024\/03\/AnyConv.com__eloisio.webp.webp?fit=1200%2C674&ssl=1&resize=350%2C200","width":350,"height":200,"srcset":"https:\/\/i0.wp.com\/noticiasribeiraopreto.com.br\/wp-content\/uploads\/2024\/03\/AnyConv.com__eloisio.webp.webp?fit=1200%2C674&ssl=1&resize=350%2C200 1x, https:\/\/i0.wp.com\/noticiasribeiraopreto.com.br\/wp-content\/uploads\/2024\/03\/AnyConv.com__eloisio.webp.webp?fit=1200%2C674&ssl=1&resize=525%2C300 1.5x, https:\/\/i0.wp.com\/noticiasribeiraopreto.com.br\/wp-content\/uploads\/2024\/03\/AnyConv.com__eloisio.webp.webp?fit=1200%2C674&ssl=1&resize=700%2C400 2x, https:\/\/i0.wp.com\/noticiasribeiraopreto.com.br\/wp-content\/uploads\/2024\/03\/AnyConv.com__eloisio.webp.webp?fit=1200%2C674&ssl=1&resize=1050%2C600 3x"},"classes":[]}],"jetpack_sharing_enabled":true,"jetpack_shortlink":"https:\/\/wp.me\/peQAOb-md2","_links":{"self":[{"href":"https:\/\/noticiasribeiraopreto.com.br\/index.php\/wp-json\/wp\/v2\/posts\/85376","targetHints":{"allow":["GET"]}}],"collection":[{"href":"https:\/\/noticiasribeiraopreto.com.br\/index.php\/wp-json\/wp\/v2\/posts"}],"about":[{"href":"https:\/\/noticiasribeiraopreto.com.br\/index.php\/wp-json\/wp\/v2\/types\/post"}],"author":[{"embeddable":true,"href":"https:\/\/noticiasribeiraopreto.com.br\/index.php\/wp-json\/wp\/v2\/users\/1"}],"replies":[{"embeddable":true,"href":"https:\/\/noticiasribeiraopreto.com.br\/index.php\/wp-json\/wp\/v2\/comments?post=85376"}],"version-history":[{"count":0,"href":"https:\/\/noticiasribeiraopreto.com.br\/index.php\/wp-json\/wp\/v2\/posts\/85376\/revisions"}],"wp:featuredmedia":[{"embeddable":true,"href":"https:\/\/noticiasribeiraopreto.com.br\/index.php\/wp-json\/wp\/v2\/media\/85377"}],"wp:attachment":[{"href":"https:\/\/noticiasribeiraopreto.com.br\/index.php\/wp-json\/wp\/v2\/media?parent=85376"}],"wp:term":[{"taxonomy":"category","embeddable":true,"href":"https:\/\/noticiasribeiraopreto.com.br\/index.php\/wp-json\/wp\/v2\/categories?post=85376"},{"taxonomy":"post_tag","embeddable":true,"href":"https:\/\/noticiasribeiraopreto.com.br\/index.php\/wp-json\/wp\/v2\/tags?post=85376"}],"curies":[{"name":"wp","href":"https:\/\/api.w.org\/{rel}","templated":true}]}}