{"id":85378,"date":"2026-05-01T12:32:36","date_gmt":"2026-05-01T15:32:36","guid":{"rendered":"https:\/\/noticiasribeiraopreto.com.br\/index.php\/2026\/05\/01\/video-briga-em-deposito-de-bebidas-na-regiao-acaba-em-morte\/"},"modified":"2026-05-01T12:32:36","modified_gmt":"2026-05-01T15:32:36","slug":"video-briga-em-deposito-de-bebidas-na-regiao-acaba-em-morte","status":"publish","type":"post","link":"https:\/\/noticiasribeiraopreto.com.br\/index.php\/2026\/05\/01\/video-briga-em-deposito-de-bebidas-na-regiao-acaba-em-morte\/","title":{"rendered":"V\u00cdDEO &#8211; Briga em dep\u00f3sito de bebidas na regi\u00e3o acaba em morte"},"content":{"rendered":"<div class='code-block code-block-1' style='margin: 8px 0 8px auto; text-align: right; display: block; clear: both;'>\n<p><a href=\"https:\/\/wa.link\/vpicfd\"><img data-recalc-dims=\"1\" class=\"wp-image-4922\" style=\"aspect-ratio: 2.0253164556962027; width: 561px; height: auto;\" src=\"https:\/\/i0.wp.com\/ismaelcolosi.com.br\/wp-content\/uploads\/2023\/11\/grupo-de-empregos-whatsapp-e-facebook-ismael-colosi-vagas.jpg?ssl=1\" alt=\"\" \/><\/a><\/p>\n<!-- \/wp:image -->\n<\/div>\n<p> <br \/>\n<\/p>\n<div id=\"post-462774\">&#13;<br \/>\n&#13;<\/p>\n<header class=\"entry-header penci-entry-header penci-title-center\">&#13;<\/p>\n<h2 class=\"penci-post-subtitle\">Discuss\u00e3o entre cliente e funcion\u00e1rio de local evoluiu para briga que terminou com a morte de um dos envolvidos<\/h2>\n<p>&#13;<\/p>\n<p>&#13;<br \/>\n\t\t\t\t\t\t\t\t\t<span class=\"entry-meta-item penci-posted-on\"><i class=\"fa fa-clock-o\"\/><time class=\"entry-date published\" datetime=\"2026-05-01T12:30:08-03:00\">1 de maio de 2026 12:30<\/time><time class=\"updated\" datetime=\"2026-05-01T12:30:37-03:00\">1 de maio de 2026 12:30<\/time><\/span><span class=\"entry-meta-item penci-post-countview\"\/>\t\t\t\t\t\t\t\t<\/p>\n<p><!-- .entry-meta -->&#13;<br \/>\n\t\t\t\t\t\t\t\t<span class=\"penci-social-buttons penci-social-share-footer\"><span class=\"penci-social-share-text\">Compartilhar<\/span><a href=\"#\" class=\"penci-post-like penci_post-meta_item  single-like-button penci-social-item like\" data-post_id=\"462774\" title=\"Like\" data-like=\"Like\" data-unlike=\"Unlike\"><i class=\"fa fa-thumbs-o-up\"\/><span class=\"penci-share-number\">2<\/span><\/a><i class=\"fa fa-facebook\"\/><a class=\"penci-social-item twitter\" target=\"_blank\" rel=\"noopener\" title=\"\" href=\"https:\/\/twitter.com\/intent\/tweet?text=V\u00cdDEO%20-%20Briga%20em%20dep\u00f3sito%20de%20bebidas%20na%20regi\u00e3o%20acaba%20em%20morte%20-%20https:\/\/www.tribunaribeirao.com.br\/video-briga-em-deposito-de-bebidas-na-regiao-acaba-em-morte\/\"><i class=\"fa fa-twitter\"\/><\/a><i class=\"fa fa-linkedin\"\/><i class=\"fa fa-whatsapp\"\/><i class=\"fa fa-telegram\"\/><i class=\"fa fa-envelope\"\/><\/span>\t\t\t\t\t\t\t<\/header>\n<p><!-- .entry-header -->&#13;<\/p>\n<div class=\"entry-media penci-entry-media\">\n<p><iframe loading=\"lazy\" title=\"Discuss\u00e3o dep\u00f3sito de bebidas\" width=\"500\" height=\"281\" src=\"https:\/\/www.youtube.com\/embed\/UrLK8SnENQ4?feature=oembed\" frameborder=\"0\" allow=\"accelerometer; autoplay; clipboard-write; encrypted-media; gyroscope; picture-in-picture; web-share\" referrerpolicy=\"strict-origin-when-cross-origin\" allowfullscreen><\/iframe><\/p>\n<\/p><\/div>\n<div class=\"penci-entry-content entry-content\">\n<p>| Por: Adalberto Luque |<\/p>\n<p>Um homem de 53 anos morreu na tarde desta quinta-feira (30), ap\u00f3s um desentendimento em um dep\u00f3sito de bebidas. A briga ocorreu no estabelecimento localizado na Rua 20, na regi\u00e3o central de Barretos, cidade a cerca de 130 quil\u00f4metros de Ribeir\u00e3o Preto.<\/p>\n<p>A Pol\u00edcia Militar foi acionada para atender a ocorr\u00eancia, inicialmente informada como uma discuss\u00e3o no estabelecimento. No local, os policiais encontraram uma equipe do Servi\u00e7o de Atendimento M\u00f3vel de Urg\u00eancia (Samu) realizando manobras de reanima\u00e7\u00e3o na v\u00edtima, identificada como Emerson Martinelli.<\/p>\n<p>De acordo com informa\u00e7\u00f5es preliminares, Martinelli era cliente do local. Nesta quinta-feira, ao ir ao estabelecimento para comprar bebidas, o cliente reclamou que a cerveja estaria quente. Houve um conflito com um funcion\u00e1rio, identificado como Bruno Lippi, de 27 anos, que evoluiu para agress\u00e3o f\u00edsica. Durante o epis\u00f3dio, ele caiu ao ch\u00e3o e perdeu a consci\u00eancia.<\/p>\n<p>A equipe avan\u00e7ada do Samu constatou a morte ainda no local. A suspeita \u00e9 que tenha ocorrido mal s\u00fabito. O estabelecimento possui sistema interno de c\u00e2meras de monitoramento, e as imagens poder\u00e3o auxiliar na apura\u00e7\u00e3o dos fatos.<\/p>\n<p>A ocorr\u00eancia foi registrada no Plant\u00e3o Policial como homic\u00eddio\/morte suspeita. O caso ser\u00e1 investigado pela Pol\u00edcia Civil.<\/p>\n<\/div>\n<p><!-- .entry-content -->&#13;<br \/>\n&#13;<\/p>\n<footer class=\"penci-entry-footer\">&#13;<br \/>\n\t\t\t\t\t\t\t\t<span class=\"penci-social-buttons penci-social-share-footer\"><span class=\"penci-social-share-text\">Compartilhar<\/span><a href=\"#\" class=\"penci-post-like penci_post-meta_item  single-like-button penci-social-item like\" data-post_id=\"462774\" title=\"Like\" data-like=\"Like\" data-unlike=\"Unlike\"><i class=\"fa fa-thumbs-o-up\"\/><span class=\"penci-share-number\">2<\/span><\/a><i class=\"fa fa-facebook\"\/><a class=\"penci-social-item twitter\" target=\"_blank\" rel=\"noopener\" title=\"\" href=\"https:\/\/twitter.com\/intent\/tweet?text=V\u00cdDEO%20-%20Briga%20em%20dep\u00f3sito%20de%20bebidas%20na%20regi\u00e3o%20acaba%20em%20morte%20-%20https:\/\/www.tribunaribeirao.com.br\/video-briga-em-deposito-de-bebidas-na-regiao-acaba-em-morte\/\"><i class=\"fa fa-twitter\"\/><\/a><i class=\"fa fa-linkedin\"\/><i class=\"fa fa-whatsapp\"\/><i class=\"fa fa-telegram\"\/><i class=\"fa fa-envelope\"\/><\/span>\t\t\t\t\t\t\t<\/footer>\n<p><!-- .entry-footer -->&#13;\n\t\t\t\t\t\t<\/div>\n<p><script async src=\"\/\/platform.twitter.com\/widgets.js\" charset=\"utf-8\"><\/script><br \/>\n<br \/><br \/>\n<br \/><a href=\"https:\/\/www.tribunaribeirao.com.br\/video-briga-em-deposito-de-bebidas-na-regiao-acaba-em-morte\/\">Texto original daqui <\/a><\/p>\n<!-- CONTENT END 1 -->\n","protected":false},"excerpt":{"rendered":"<p>&#13; &#13; &#13; Discuss\u00e3o entre cliente e funcion\u00e1rio de local evoluiu para briga que terminou com a morte de um dos envolvidos &#13; &#13; 1&#8230;<\/p>\n","protected":false},"author":1,"featured_media":85380,"comment_status":"","ping_status":"","sticky":false,"template":"","format":"standard","meta":{"advanced_seo_description":"","jetpack_seo_html_title":"","jetpack_seo_noindex":false,"jetpack_post_was_ever_published":false,"_jetpack_newsletter_access":"","_jetpack_dont_email_post_to_subs":false,"_jetpack_newsletter_tier_id":0,"_jetpack_memberships_contains_paywalled_content":false,"_jetpack_memberships_contains_paid_content":false,"footnotes":"","jetpack_publicize_message":"","jetpack_publicize_feature_enabled":true,"jetpack_social_post_already_shared":true,"jetpack_social_options":{"image_generator_settings":{"template":"highway","default_image_id":0,"font":"","enabled":false},"version":2}},"categories":[11],"tags":[2077,3379,2543,3378,558,277,67],"class_list":["post-85378","post","type-post","status-publish","format-standard","has-post-thumbnail","hentry","category-noticias-de-ribeirao-preto-sp-e-regiao-ismael-colosi","tag-acaba","tag-bebidas","tag-briga","tag-deposito","tag-morte","tag-regiao","tag-video"],"jetpack_publicize_connections":[],"jetpack_featured_media_url":"https:\/\/i0.wp.com\/noticiasribeiraopreto.com.br\/wp-content\/uploads\/2026\/05\/30-abr-2026-brigacervejaquente.jpg?fit=1019%2C569&ssl=1","jetpack-related-posts":[{"id":60310,"url":"https:\/\/noticiasribeiraopreto.com.br\/index.php\/2024\/11\/11\/briga-de-transito-acaba-em-morte-em-ribeirao-preto\/","url_meta":{"origin":85378,"position":0},"title":"Briga de tr\u00e2nsito acaba em morte em Ribeir\u00e3o Preto","author":"noticiasribeiraopreto.com.br","date":"11 de November de 2024","format":false,"excerpt":"Um passageiro de carro de aplicativo morreu na manh\u00e3 desta segunda-feira (11), depois de ser baleado durante uma briga de tr\u00e2nsito, na zona Norte de Ribeir\u00e3o Preto. Segundo a PM (Pol\u00edcia Militar), a v\u00edtima, um jovem de 20 anos, estava no banco de tr\u00e1s do ve\u00edculo e chegou a ser\u2026","rel":"","context":"In &quot;Not\u00edcias de Ribeir\u00e3o Preto-SP e Regi\u00e3o&quot;","block_context":{"text":"Not\u00edcias de Ribeir\u00e3o Preto-SP e Regi\u00e3o","link":"https:\/\/noticiasribeiraopreto.com.br\/index.php\/category\/noticias-de-ribeirao-preto-sp-e-regiao-ismael-colosi\/"},"img":{"alt_text":"","src":"https:\/\/i0.wp.com\/noticiasribeiraopreto.com.br\/wp-content\/uploads\/2024\/11\/CARRO-APLICATIVO_2024-11-11_11-46-54_jpg_2024-11-11_11-46-54.webp.webp?fit=1200%2C695&ssl=1&resize=350%2C200","width":350,"height":200,"srcset":"https:\/\/i0.wp.com\/noticiasribeiraopreto.com.br\/wp-content\/uploads\/2024\/11\/CARRO-APLICATIVO_2024-11-11_11-46-54_jpg_2024-11-11_11-46-54.webp.webp?fit=1200%2C695&ssl=1&resize=350%2C200 1x, https:\/\/i0.wp.com\/noticiasribeiraopreto.com.br\/wp-content\/uploads\/2024\/11\/CARRO-APLICATIVO_2024-11-11_11-46-54_jpg_2024-11-11_11-46-54.webp.webp?fit=1200%2C695&ssl=1&resize=525%2C300 1.5x, https:\/\/i0.wp.com\/noticiasribeiraopreto.com.br\/wp-content\/uploads\/2024\/11\/CARRO-APLICATIVO_2024-11-11_11-46-54_jpg_2024-11-11_11-46-54.webp.webp?fit=1200%2C695&ssl=1&resize=700%2C400 2x, https:\/\/i0.wp.com\/noticiasribeiraopreto.com.br\/wp-content\/uploads\/2024\/11\/CARRO-APLICATIVO_2024-11-11_11-46-54_jpg_2024-11-11_11-46-54.webp.webp?fit=1200%2C695&ssl=1&resize=1050%2C600 3x"},"classes":[]},{"id":61591,"url":"https:\/\/noticiasribeiraopreto.com.br\/index.php\/2024\/12\/17\/briga-por-causa-de-droga-acaba-em-morte-na-zona-oeste-de-ribeirao-preto\/","url_meta":{"origin":85378,"position":1},"title":"Briga por causa de droga acaba em morte na zona Oeste de Ribeir\u00e3o Preto","author":"noticiasribeiraopreto.com.br","date":"17 de December de 2024","format":false,"excerpt":"Um homem foi morto na madrugada desta ter\u00e7a-feira (17), na avenida Bandeirantes, na Vila Virg\u00ednia, zona Oeste de Ribeir\u00e3o Preto. Segundo a PM (Pol\u00edcia Militar), um suspeito do crime foi preso e levado \u00e0 CPJ (Central de Pol\u00edcia Judici\u00e1ria) Permanente. Ainda conforme a pol\u00edcia, os dois homens estariam em situa\u00e7\u00e3o\u2026","rel":"","context":"In &quot;Not\u00edcias de Ribeir\u00e3o Preto-SP e Regi\u00e3o&quot;","block_context":{"text":"Not\u00edcias de Ribeir\u00e3o Preto-SP e Regi\u00e3o","link":"https:\/\/noticiasribeiraopreto.com.br\/index.php\/category\/noticias-de-ribeirao-preto-sp-e-regiao-ismael-colosi\/"},"img":{"alt_text":"","src":"https:\/\/i0.wp.com\/noticiasribeiraopreto.com.br\/wp-content\/uploads\/2024\/12\/1734431017_JovemmortoporatiradoresemmotosemavenidadeRibeiroPreto_Tamanho_2_image.jpg?fit=1200%2C900&ssl=1&resize=350%2C200","width":350,"height":200,"srcset":"https:\/\/i0.wp.com\/noticiasribeiraopreto.com.br\/wp-content\/uploads\/2024\/12\/1734431017_JovemmortoporatiradoresemmotosemavenidadeRibeiroPreto_Tamanho_2_image.jpg?fit=1200%2C900&ssl=1&resize=350%2C200 1x, https:\/\/i0.wp.com\/noticiasribeiraopreto.com.br\/wp-content\/uploads\/2024\/12\/1734431017_JovemmortoporatiradoresemmotosemavenidadeRibeiroPreto_Tamanho_2_image.jpg?fit=1200%2C900&ssl=1&resize=525%2C300 1.5x, https:\/\/i0.wp.com\/noticiasribeiraopreto.com.br\/wp-content\/uploads\/2024\/12\/1734431017_JovemmortoporatiradoresemmotosemavenidadeRibeiroPreto_Tamanho_2_image.jpg?fit=1200%2C900&ssl=1&resize=700%2C400 2x, https:\/\/i0.wp.com\/noticiasribeiraopreto.com.br\/wp-content\/uploads\/2024\/12\/1734431017_JovemmortoporatiradoresemmotosemavenidadeRibeiroPreto_Tamanho_2_image.jpg?fit=1200%2C900&ssl=1&resize=1050%2C600 3x"},"classes":[]},{"id":73334,"url":"https:\/\/noticiasribeiraopreto.com.br\/index.php\/2025\/06\/30\/briga-por-causa-de-som-alto-acaba-em-morte-no-interior-de-sp\/","url_meta":{"origin":85378,"position":2},"title":"Briga por causa de som alto acaba em morte no interior de SP","author":"noticiasribeiraopreto.com.br","date":"30 de June de 2025","format":false,"excerpt":"Um homem de 25 anos morreu depois de sofrer uma queda ao ser empurrado durante uma confus\u00e3o neste domingo (29), no bairro Nossa Senhora Aparecida, em Gua\u00edra, a 120 quil\u00f4metros de Ribeir\u00e3o Preto. Um suspeito, de 31 anos, foi preso. Segundo o boletim de ocorr\u00eancia (BO), os dois homens teriam\u2026","rel":"","context":"In &quot;Not\u00edcias de Ribeir\u00e3o Preto-SP e Regi\u00e3o&quot;","block_context":{"text":"Not\u00edcias de Ribeir\u00e3o Preto-SP e Regi\u00e3o","link":"https:\/\/noticiasribeiraopreto.com.br\/index.php\/category\/noticias-de-ribeirao-preto-sp-e-regiao-ismael-colosi\/"},"img":{"alt_text":"","src":"https:\/\/i0.wp.com\/noticiasribeiraopreto.com.br\/wp-content\/uploads\/2025\/06\/policia_qru_1024x576_05012021162009.jpg?fit=1024%2C576&ssl=1&resize=350%2C200","width":350,"height":200,"srcset":"https:\/\/i0.wp.com\/noticiasribeiraopreto.com.br\/wp-content\/uploads\/2025\/06\/policia_qru_1024x576_05012021162009.jpg?fit=1024%2C576&ssl=1&resize=350%2C200 1x, https:\/\/i0.wp.com\/noticiasribeiraopreto.com.br\/wp-content\/uploads\/2025\/06\/policia_qru_1024x576_05012021162009.jpg?fit=1024%2C576&ssl=1&resize=525%2C300 1.5x, https:\/\/i0.wp.com\/noticiasribeiraopreto.com.br\/wp-content\/uploads\/2025\/06\/policia_qru_1024x576_05012021162009.jpg?fit=1024%2C576&ssl=1&resize=700%2C400 2x"},"classes":[]},{"id":85138,"url":"https:\/\/noticiasribeiraopreto.com.br\/index.php\/2026\/04\/22\/video-dois-sao-mortos-apos-briga-na-regiao\/","url_meta":{"origin":85378,"position":3},"title":"V\u00cdDEO &#8211; Dois s\u00e3o mortos ap\u00f3s briga na regi\u00e3o","author":"noticiasribeiraopreto.com.br","date":"22 de April de 2026","format":false,"excerpt":"\r Confus\u00e3o come\u00e7ou com discuss\u00e3o entre vizinhos e evoluiu para briga onde um deles foi atingido por facadas; durante tentativa de apartar outro homem tamb\u00e9m foi morto\r \r 22 de abril de 2026 12:4122 de abril de 2026 12:41 \r Compartilhar2 | Por: Adalberto Luque | Uma briga entre vizinhos,\u2026","rel":"","context":"In &quot;Not\u00edcias de Ribeir\u00e3o Preto-SP e Regi\u00e3o&quot;","block_context":{"text":"Not\u00edcias de Ribeir\u00e3o Preto-SP e Regi\u00e3o","link":"https:\/\/noticiasribeiraopreto.com.br\/index.php\/category\/noticias-de-ribeirao-preto-sp-e-regiao-ismael-colosi\/"},"img":{"alt_text":"","src":"https:\/\/i0.wp.com\/noticiasribeiraopreto.com.br\/wp-content\/uploads\/2026\/04\/22-abr-2026-confusaoguaira2.jpg?fit=1148%2C995&ssl=1&resize=350%2C200","width":350,"height":200,"srcset":"https:\/\/i0.wp.com\/noticiasribeiraopreto.com.br\/wp-content\/uploads\/2026\/04\/22-abr-2026-confusaoguaira2.jpg?fit=1148%2C995&ssl=1&resize=350%2C200 1x, https:\/\/i0.wp.com\/noticiasribeiraopreto.com.br\/wp-content\/uploads\/2026\/04\/22-abr-2026-confusaoguaira2.jpg?fit=1148%2C995&ssl=1&resize=525%2C300 1.5x, https:\/\/i0.wp.com\/noticiasribeiraopreto.com.br\/wp-content\/uploads\/2026\/04\/22-abr-2026-confusaoguaira2.jpg?fit=1148%2C995&ssl=1&resize=700%2C400 2x, https:\/\/i0.wp.com\/noticiasribeiraopreto.com.br\/wp-content\/uploads\/2026\/04\/22-abr-2026-confusaoguaira2.jpg?fit=1148%2C995&ssl=1&resize=1050%2C600 3x"},"classes":[]},{"id":60312,"url":"https:\/\/noticiasribeiraopreto.com.br\/index.php\/2024\/11\/11\/ex-vereador-de-ribeirao-preto-e-preso-em-olinda-com-documento-falso\/","url_meta":{"origin":85378,"position":4},"title":"Ex-vereador de Ribeir\u00e3o Preto \u00e9 preso em Olinda com documento falso","author":"noticiasribeiraopreto.com.br","date":"11 de November de 2024","format":false,"excerpt":"O ex-vereador de Ribeir\u00e3o Preto Oliveira Junior foi preso na \u00faltima quarta-feira (6), em Olinda (PE). Em 2006, ele havia sido condenado pela morte de um advogado em Itu (SP), onde foi vice-prefeito, e era considerado foragido desde pelo menos o ano de 2017. A Pol\u00edcia Civil de Pernambuco disse\u2026","rel":"","context":"In &quot;Not\u00edcias de Ribeir\u00e3o Preto-SP e Regi\u00e3o&quot;","block_context":{"text":"Not\u00edcias de Ribeir\u00e3o Preto-SP e Regi\u00e3o","link":"https:\/\/noticiasribeiraopreto.com.br\/index.php\/category\/noticias-de-ribeirao-preto-sp-e-regiao-ismael-colosi\/"},"img":{"alt_text":"","src":"https:\/\/i0.wp.com\/noticiasribeiraopreto.com.br\/wp-content\/uploads\/2024\/11\/OLIVEIRA-JUNIOR_2024-11-11_13-41-56_jpg_2024-11-11_13-41-56.webp.webp?fit=1200%2C773&ssl=1&resize=350%2C200","width":350,"height":200,"srcset":"https:\/\/i0.wp.com\/noticiasribeiraopreto.com.br\/wp-content\/uploads\/2024\/11\/OLIVEIRA-JUNIOR_2024-11-11_13-41-56_jpg_2024-11-11_13-41-56.webp.webp?fit=1200%2C773&ssl=1&resize=350%2C200 1x, https:\/\/i0.wp.com\/noticiasribeiraopreto.com.br\/wp-content\/uploads\/2024\/11\/OLIVEIRA-JUNIOR_2024-11-11_13-41-56_jpg_2024-11-11_13-41-56.webp.webp?fit=1200%2C773&ssl=1&resize=525%2C300 1.5x, https:\/\/i0.wp.com\/noticiasribeiraopreto.com.br\/wp-content\/uploads\/2024\/11\/OLIVEIRA-JUNIOR_2024-11-11_13-41-56_jpg_2024-11-11_13-41-56.webp.webp?fit=1200%2C773&ssl=1&resize=700%2C400 2x, https:\/\/i0.wp.com\/noticiasribeiraopreto.com.br\/wp-content\/uploads\/2024\/11\/OLIVEIRA-JUNIOR_2024-11-11_13-41-56_jpg_2024-11-11_13-41-56.webp.webp?fit=1200%2C773&ssl=1&resize=1050%2C600 3x"},"classes":[]},{"id":50786,"url":"https:\/\/noticiasribeiraopreto.com.br\/index.php\/2024\/05\/19\/briga-de-transito-acaba-com-motociclista-baleado-no-centro-de-ribeirao-preto\/","url_meta":{"origin":85378,"position":5},"title":"Briga de tr\u00e2nsito acaba com motociclista baleado no Centro de Ribeir\u00e3o Preto","author":"noticiasribeiraopreto.com.br","date":"19 de May de 2024","format":false,"excerpt":"Um motociclista de 29 anos foi baleado na noite deste s\u00e1bado (18), no Centro de Ribeir\u00e3o Preto. Os disparos teriam ocorrido por causa de uma briga de tr\u00e2nsito, segundo a v\u00edtima disse \u00e0 PM (Pol\u00edcia Militar). De acordo com o boletim de ocorr\u00eancia (BO), o motociclista caiu na esquina das\u2026","rel":"","context":"In &quot;Not\u00edcias de Ribeir\u00e3o Preto-SP e Regi\u00e3o&quot;","block_context":{"text":"Not\u00edcias de Ribeir\u00e3o Preto-SP e Regi\u00e3o","link":"https:\/\/noticiasribeiraopreto.com.br\/index.php\/category\/noticias-de-ribeirao-preto-sp-e-regiao-ismael-colosi\/"},"img":{"alt_text":"","src":"https:\/\/i0.wp.com\/noticiasribeiraopreto.com.br\/wp-content\/uploads\/2024\/05\/WhatsApp-Image-2024-05-18-at-19.37.24_2024-05-19_12-59-58_jpeg_2024-05-19_12-59-59-scaled.webp.webp?fit=1200%2C675&ssl=1&resize=350%2C200","width":350,"height":200,"srcset":"https:\/\/i0.wp.com\/noticiasribeiraopreto.com.br\/wp-content\/uploads\/2024\/05\/WhatsApp-Image-2024-05-18-at-19.37.24_2024-05-19_12-59-58_jpeg_2024-05-19_12-59-59-scaled.webp.webp?fit=1200%2C675&ssl=1&resize=350%2C200 1x, https:\/\/i0.wp.com\/noticiasribeiraopreto.com.br\/wp-content\/uploads\/2024\/05\/WhatsApp-Image-2024-05-18-at-19.37.24_2024-05-19_12-59-58_jpeg_2024-05-19_12-59-59-scaled.webp.webp?fit=1200%2C675&ssl=1&resize=525%2C300 1.5x, https:\/\/i0.wp.com\/noticiasribeiraopreto.com.br\/wp-content\/uploads\/2024\/05\/WhatsApp-Image-2024-05-18-at-19.37.24_2024-05-19_12-59-58_jpeg_2024-05-19_12-59-59-scaled.webp.webp?fit=1200%2C675&ssl=1&resize=700%2C400 2x, https:\/\/i0.wp.com\/noticiasribeiraopreto.com.br\/wp-content\/uploads\/2024\/05\/WhatsApp-Image-2024-05-18-at-19.37.24_2024-05-19_12-59-58_jpeg_2024-05-19_12-59-59-scaled.webp.webp?fit=1200%2C675&ssl=1&resize=1050%2C600 3x"},"classes":[]}],"jetpack_sharing_enabled":true,"jetpack_shortlink":"https:\/\/wp.me\/peQAOb-md4","_links":{"self":[{"href":"https:\/\/noticiasribeiraopreto.com.br\/index.php\/wp-json\/wp\/v2\/posts\/85378","targetHints":{"allow":["GET"]}}],"collection":[{"href":"https:\/\/noticiasribeiraopreto.com.br\/index.php\/wp-json\/wp\/v2\/posts"}],"about":[{"href":"https:\/\/noticiasribeiraopreto.com.br\/index.php\/wp-json\/wp\/v2\/types\/post"}],"author":[{"embeddable":true,"href":"https:\/\/noticiasribeiraopreto.com.br\/index.php\/wp-json\/wp\/v2\/users\/1"}],"replies":[{"embeddable":true,"href":"https:\/\/noticiasribeiraopreto.com.br\/index.php\/wp-json\/wp\/v2\/comments?post=85378"}],"version-history":[{"count":0,"href":"https:\/\/noticiasribeiraopreto.com.br\/index.php\/wp-json\/wp\/v2\/posts\/85378\/revisions"}],"wp:featuredmedia":[{"embeddable":true,"href":"https:\/\/noticiasribeiraopreto.com.br\/index.php\/wp-json\/wp\/v2\/media\/85380"}],"wp:attachment":[{"href":"https:\/\/noticiasribeiraopreto.com.br\/index.php\/wp-json\/wp\/v2\/media?parent=85378"}],"wp:term":[{"taxonomy":"category","embeddable":true,"href":"https:\/\/noticiasribeiraopreto.com.br\/index.php\/wp-json\/wp\/v2\/categories?post=85378"},{"taxonomy":"post_tag","embeddable":true,"href":"https:\/\/noticiasribeiraopreto.com.br\/index.php\/wp-json\/wp\/v2\/tags?post=85378"}],"curies":[{"name":"wp","href":"https:\/\/api.w.org\/{rel}","templated":true}]}}