{"id":85386,"date":"2026-05-02T07:53:11","date_gmt":"2026-05-02T10:53:11","guid":{"rendered":"https:\/\/noticiasribeiraopreto.com.br\/index.php\/2026\/05\/02\/ribeirao-preto-estrutura-diretrizes-para-qualificar-atendimento-a-adolescentes-em-conflito-com-a-lei\/"},"modified":"2026-05-02T07:53:11","modified_gmt":"2026-05-02T10:53:11","slug":"ribeirao-preto-estrutura-diretrizes-para-qualificar-atendimento-a-adolescentes-em-conflito-com-a-lei","status":"publish","type":"post","link":"https:\/\/noticiasribeiraopreto.com.br\/index.php\/2026\/05\/02\/ribeirao-preto-estrutura-diretrizes-para-qualificar-atendimento-a-adolescentes-em-conflito-com-a-lei\/","title":{"rendered":"Ribeir\u00e3o Preto estrutura diretrizes para qualificar atendimento a adolescentes em conflito com a lei &#8211; THMais"},"content":{"rendered":"<div class='code-block code-block-1' style='margin: 8px 0 8px auto; text-align: right; display: block; clear: both;'>\n<p><a href=\"https:\/\/wa.link\/vpicfd\"><img data-recalc-dims=\"1\" class=\"wp-image-4922\" style=\"aspect-ratio: 2.0253164556962027; width: 561px; height: auto;\" src=\"https:\/\/i0.wp.com\/ismaelcolosi.com.br\/wp-content\/uploads\/2023\/11\/grupo-de-empregos-whatsapp-e-facebook-ismael-colosi-vagas.jpg?ssl=1\" alt=\"\" \/><\/a><\/p>\n<!-- \/wp:image -->\n<\/div>\n<p> <br \/>\n<\/p>\n<div data-td-block-uid=\"tdi_144\">\n<div class=\"tdb-block-inner td-fix-index\">\n<p>A Prefeitura de Ribeir\u00e3o Preto, por meio das secretarias de Sa\u00fade e Assist\u00eancia Social, est\u00e1 trabalhando de forma integrada na elabora\u00e7\u00e3o de um guia pr\u00e1tico para qualificar o atendimento a adolescentes em conflito com a lei. A iniciativa integra as a\u00e7\u00f5es de implanta\u00e7\u00e3o da Pol\u00edtica Nacional de Aten\u00e7\u00e3o Integral \u00e0 Sa\u00fade de Adolescentes em Conflito com a Lei (PNAISARI) no munic\u00edpio.<\/p>\n<p>O material em desenvolvimento tem como objetivo orientar profissionais sobre abordagens adequadas, direitos desse p\u00fablico e fluxos de atendimento, promovendo maior efici\u00eancia e humaniza\u00e7\u00e3o nos servi\u00e7os prestados nas unidades de sa\u00fade e na rede de assist\u00eancia social.<\/p>\n<p>\u201cQuando diferentes secretarias trabalham de forma integrada, conseguimos enxergar o cidad\u00e3o de maneira completa. Essa parceria permite oferecer atendimento digno, \u00e1gil e humanizado a adolescentes que muitas vezes enfrentam contextos de extrema vulnerabilidade. Nosso compromisso \u00e9 garantir oportunidades de cuidado, prote\u00e7\u00e3o e reconstru\u00e7\u00e3o de trajet\u00f3rias\u201d, ressalta o secret\u00e1rio municipal da Sa\u00fade e tamb\u00e9m interino da Assist\u00eancia Social, Maur\u00edcio Godinho.<\/p>\n<p>Como parte desse processo, foi realizada uma integra\u00e7\u00e3o com gestores das Unidades B\u00e1sicas de Sa\u00fade para alinhamento sobre os servi\u00e7os de Medidas Socioeducativas em Meio Aberto. A a\u00e7\u00e3o incluiu a apresenta\u00e7\u00e3o do acompanhamento longitudinal pela Aten\u00e7\u00e3o Prim\u00e1ria, al\u00e9m de orienta\u00e7\u00f5es sobre encaminhamentos para especialidades, vacina\u00e7\u00e3o, sa\u00fade mental e articula\u00e7\u00e3o com o Centro de Refer\u00eancia Especializado de Assist\u00eancia Social (Creas), organiza\u00e7\u00f5es da sociedade civil e demais \u00f3rg\u00e3os da rede de prote\u00e7\u00e3o.<\/p>\n<p>Ap\u00f3s a conclus\u00e3o, o guia e as diretrizes da pol\u00edtica estar\u00e3o dispon\u00edveis no site da Secretaria Municipal da Sa\u00fade.<\/p>\n<\/div>\n<\/div>\n<p><br \/>\n<br \/><a href=\"https:\/\/thmais.com.br\/cidades\/ribeirao-preto\/ribeirao-preto-estrutura-diretrizes-para-qualificar-atendimento-a-adolescentes-em-conflito-com-a-lei\/\">Link para o texto original <\/a><\/p>\n<!-- CONTENT END 1 -->\n","protected":false},"excerpt":{"rendered":"<p>A Prefeitura de Ribeir\u00e3o Preto, por meio das secretarias de Sa\u00fade e Assist\u00eancia Social, est\u00e1 trabalhando de forma integrada na elabora\u00e7\u00e3o de um guia pr\u00e1tico&#8230;<\/p>\n","protected":false},"author":1,"featured_media":85387,"comment_status":"","ping_status":"","sticky":false,"template":"","format":"standard","meta":{"advanced_seo_description":"","jetpack_seo_html_title":"","jetpack_seo_noindex":false,"jetpack_post_was_ever_published":false,"_jetpack_newsletter_access":"","_jetpack_dont_email_post_to_subs":false,"_jetpack_newsletter_tier_id":0,"_jetpack_memberships_contains_paywalled_content":false,"_jetpack_memberships_contains_paid_content":false,"footnotes":"","jetpack_publicize_message":"","jetpack_publicize_feature_enabled":true,"jetpack_social_post_already_shared":true,"jetpack_social_options":{"image_generator_settings":{"template":"highway","default_image_id":0,"font":"","enabled":false},"version":2}},"categories":[11],"tags":[2483,983,6289,769,4091,1126,71,27,6529,26,6443],"class_list":["post-85386","post","type-post","status-publish","format-standard","has-post-thumbnail","hentry","category-noticias-de-ribeirao-preto-sp-e-regiao-ismael-colosi","tag-adolescentes","tag-atendimento","tag-conflito","tag-diretrizes","tag-estrutura","tag-lei","tag-para","tag-preto","tag-qualificar","tag-ribeirao","tag-thmais"],"jetpack_publicize_connections":[],"jetpack_featured_media_url":"https:\/\/i0.wp.com\/noticiasribeiraopreto.com.br\/wp-content\/uploads\/2026\/05\/semas_saude.jpeg?fit=1600%2C720&ssl=1","jetpack-related-posts":[{"id":74319,"url":"https:\/\/noticiasribeiraopreto.com.br\/index.php\/2025\/07\/20\/os-avancos-e-desafios-do-estatuto-da-crianca-e-do-adolescente\/","url_meta":{"origin":85386,"position":0},"title":"Os avan\u00e7os e desafios do Estatuto da Crian\u00e7a e do Adolescente","author":"noticiasribeiraopreto.com.br","date":"20 de July de 2025","format":false,"excerpt":"Por Adriana Cristofoli \u00a0 Em 13 de julho de 1990, o Brasil dava um passo hist\u00f3rico na garantia dos direitos de sua popula\u00e7\u00e3o infantojuvenil com a promulga\u00e7\u00e3o da Lei n\u00ba 8.069, que instituiu o Estatuto da Crian\u00e7a e do Adolescente (ECA). Inspirado pela Conven\u00e7\u00e3o sobre os Direitos da Crian\u00e7a das\u2026","rel":"","context":"In &quot;Not\u00edcias de Ribeir\u00e3o Preto-SP e Regi\u00e3o&quot;","block_context":{"text":"Not\u00edcias de Ribeir\u00e3o Preto-SP e Regi\u00e3o","link":"https:\/\/noticiasribeiraopreto.com.br\/index.php\/category\/noticias-de-ribeirao-preto-sp-e-regiao-ismael-colosi\/"},"img":{"alt_text":"","src":"https:\/\/i0.wp.com\/noticiasribeiraopreto.com.br\/wp-content\/uploads\/2025\/07\/2-Capa-ECA.jpeg?fit=1170%2C658&ssl=1&resize=350%2C200","width":350,"height":200,"srcset":"https:\/\/i0.wp.com\/noticiasribeiraopreto.com.br\/wp-content\/uploads\/2025\/07\/2-Capa-ECA.jpeg?fit=1170%2C658&ssl=1&resize=350%2C200 1x, https:\/\/i0.wp.com\/noticiasribeiraopreto.com.br\/wp-content\/uploads\/2025\/07\/2-Capa-ECA.jpeg?fit=1170%2C658&ssl=1&resize=525%2C300 1.5x, https:\/\/i0.wp.com\/noticiasribeiraopreto.com.br\/wp-content\/uploads\/2025\/07\/2-Capa-ECA.jpeg?fit=1170%2C658&ssl=1&resize=700%2C400 2x, https:\/\/i0.wp.com\/noticiasribeiraopreto.com.br\/wp-content\/uploads\/2025\/07\/2-Capa-ECA.jpeg?fit=1170%2C658&ssl=1&resize=1050%2C600 3x"},"classes":[]},{"id":65607,"url":"https:\/\/noticiasribeiraopreto.com.br\/index.php\/2025\/03\/22\/cee-discute-acolhimento-de-criancas-e-adolescentes-em-situacao-de-vulnerabilidade-em-ribeirao-preto\/","url_meta":{"origin":85386,"position":1},"title":"CEE Discute Acolhimento de Crian\u00e7as e Adolescentes em Situa\u00e7\u00e3o de Vulnerabilidade em Ribeir\u00e3o Preto","author":"noticiasribeiraopreto.com.br","date":"22 de March de 2025","format":false,"excerpt":"Comiss\u00e3o Especial de Estudos debate estrat\u00e9gias para fortalecer a rede de prote\u00e7\u00e3o e melhorar atendimento a menores em risco social. A Comiss\u00e3o Especial de Estudos (CEE) da C\u00e2mara Municipal de Ribeir\u00e3o Preto realizou uma reuni\u00e3o para discutir o acolhimento de crian\u00e7as e adolescentes em situa\u00e7\u00e3o de vulnerabilidade no munic\u00edpio. O\u2026","rel":"","context":"In &quot;Not\u00edcias de Ribeir\u00e3o Preto-SP e Regi\u00e3o&quot;","block_context":{"text":"Not\u00edcias de Ribeir\u00e3o Preto-SP e Regi\u00e3o","link":"https:\/\/noticiasribeiraopreto.com.br\/index.php\/category\/noticias-de-ribeirao-preto-sp-e-regiao-ismael-colosi\/"},"img":{"alt_text":"","src":"https:\/\/i0.wp.com\/noticiasribeiraopreto.com.br\/wp-content\/uploads\/2025\/03\/DSC_6578-scaled.jpg?fit=1200%2C800&ssl=1&resize=350%2C200","width":350,"height":200,"srcset":"https:\/\/i0.wp.com\/noticiasribeiraopreto.com.br\/wp-content\/uploads\/2025\/03\/DSC_6578-scaled.jpg?fit=1200%2C800&ssl=1&resize=350%2C200 1x, https:\/\/i0.wp.com\/noticiasribeiraopreto.com.br\/wp-content\/uploads\/2025\/03\/DSC_6578-scaled.jpg?fit=1200%2C800&ssl=1&resize=525%2C300 1.5x, https:\/\/i0.wp.com\/noticiasribeiraopreto.com.br\/wp-content\/uploads\/2025\/03\/DSC_6578-scaled.jpg?fit=1200%2C800&ssl=1&resize=700%2C400 2x, https:\/\/i0.wp.com\/noticiasribeiraopreto.com.br\/wp-content\/uploads\/2025\/03\/DSC_6578-scaled.jpg?fit=1200%2C800&ssl=1&resize=1050%2C600 3x"},"classes":[]},{"id":59081,"url":"https:\/\/noticiasribeiraopreto.com.br\/index.php\/2024\/10\/14\/lbv-oferece-atendimento-gratuito-para-criancas-e-adolescentes-em-ribeirao-preto\/","url_meta":{"origin":85386,"position":2},"title":"LBV oferece atendimento gratuito para crian\u00e7as e adolescentes em Ribeir\u00e3o Preto","author":"noticiasribeiraopreto.com.br","date":"14 de October de 2024","format":false,"excerpt":"A Legi\u00e3o da Boa Vontade de Ribeir\u00e3o Preto disp\u00f5e vagas no per\u00edodo da manh\u00e3 para crian\u00e7as e adolescentes na faixa et\u00e1ria de 6 a 15 anos para o servi\u00e7o \u201cCrian\u00e7a \u2013 Futuro no Presente!\u201d. O projeto proporciona atividades l\u00fadicas, recreativas, art\u00edsticas e culturais. Entre as atividades, est\u00e3o m\u00fasica, dan\u00e7a, esporte,\u2026","rel":"","context":"In &quot;Not\u00edcias de Ribeir\u00e3o Preto-SP e Regi\u00e3o&quot;","block_context":{"text":"Not\u00edcias de Ribeir\u00e3o Preto-SP e Regi\u00e3o","link":"https:\/\/noticiasribeiraopreto.com.br\/index.php\/category\/noticias-de-ribeirao-preto-sp-e-regiao-ismael-colosi\/"},"img":{"alt_text":"","src":"https:\/\/i0.wp.com\/noticiasribeiraopreto.com.br\/wp-content\/uploads\/2024\/10\/lbv-ribeirao-pretp_2024-10-14_15-53-20_jpg_2024-10-14_15-53-21.webp.webp?fit=1200%2C800&ssl=1&resize=350%2C200","width":350,"height":200,"srcset":"https:\/\/i0.wp.com\/noticiasribeiraopreto.com.br\/wp-content\/uploads\/2024\/10\/lbv-ribeirao-pretp_2024-10-14_15-53-20_jpg_2024-10-14_15-53-21.webp.webp?fit=1200%2C800&ssl=1&resize=350%2C200 1x, https:\/\/i0.wp.com\/noticiasribeiraopreto.com.br\/wp-content\/uploads\/2024\/10\/lbv-ribeirao-pretp_2024-10-14_15-53-20_jpg_2024-10-14_15-53-21.webp.webp?fit=1200%2C800&ssl=1&resize=525%2C300 1.5x, https:\/\/i0.wp.com\/noticiasribeiraopreto.com.br\/wp-content\/uploads\/2024\/10\/lbv-ribeirao-pretp_2024-10-14_15-53-20_jpg_2024-10-14_15-53-21.webp.webp?fit=1200%2C800&ssl=1&resize=700%2C400 2x, https:\/\/i0.wp.com\/noticiasribeiraopreto.com.br\/wp-content\/uploads\/2024\/10\/lbv-ribeirao-pretp_2024-10-14_15-53-20_jpg_2024-10-14_15-53-21.webp.webp?fit=1200%2C800&ssl=1&resize=1050%2C600 3x"},"classes":[]},{"id":70719,"url":"https:\/\/noticiasribeiraopreto.com.br\/index.php\/2025\/05\/29\/jornal-da-franca-cras-sul-realiza-oficina-de-combate-a-violencia-sexual-contra-crianca-e-adolescente\/","url_meta":{"origin":85386,"position":3},"title":"Jornal da Franca &#8211; CRAS Sul realiza oficina de combate \u00e0 viol\u00eancia sexual contra crian\u00e7a e adolescente","author":"noticiasribeiraopreto.com.br","date":"29 de May de 2025","format":false,"excerpt":"compartilhar no whatsapp compartilhar no telegram compartilhar no facebook compartilhar no linkedin Atividade integra o Maio Laranja e busca conscientizar mulheres e adolescentes de Franca Oficina no CRAS Sul aborda preven\u00e7\u00e3o ao abuso e explora\u00e7\u00e3o sexual infantojuvenil \u00a0 Nesta sexta-feira, 30 de maio, o CRAS Sul (Centro de Refer\u00eancia de\u2026","rel":"","context":"In &quot;Not\u00edcias de Franca-SP&quot;","block_context":{"text":"Not\u00edcias de Franca-SP","link":"https:\/\/noticiasribeiraopreto.com.br\/index.php\/category\/noticias-de-ribeirao-preto-sp-e-regiao-ismael-colosi\/noticias-franca-sp\/"},"img":{"alt_text":"","src":"https:\/\/i0.wp.com\/noticiasribeiraopreto.com.br\/wp-content\/uploads\/2025\/05\/CRAS-Sul.jpeg?fit=1200%2C794&ssl=1&resize=350%2C200","width":350,"height":200,"srcset":"https:\/\/i0.wp.com\/noticiasribeiraopreto.com.br\/wp-content\/uploads\/2025\/05\/CRAS-Sul.jpeg?fit=1200%2C794&ssl=1&resize=350%2C200 1x, https:\/\/i0.wp.com\/noticiasribeiraopreto.com.br\/wp-content\/uploads\/2025\/05\/CRAS-Sul.jpeg?fit=1200%2C794&ssl=1&resize=525%2C300 1.5x, https:\/\/i0.wp.com\/noticiasribeiraopreto.com.br\/wp-content\/uploads\/2025\/05\/CRAS-Sul.jpeg?fit=1200%2C794&ssl=1&resize=700%2C400 2x, https:\/\/i0.wp.com\/noticiasribeiraopreto.com.br\/wp-content\/uploads\/2025\/05\/CRAS-Sul.jpeg?fit=1200%2C794&ssl=1&resize=1050%2C600 3x"},"classes":[]},{"id":73917,"url":"https:\/\/noticiasribeiraopreto.com.br\/index.php\/2025\/07\/12\/saica-tera-triplice-gestao-tribuna-ribeirao\/","url_meta":{"origin":85386,"position":4},"title":"Saica ter\u00e1 tr\u00edplice gest\u00e3o &#8211; Tribuna Ribeir\u00e3o","author":"noticiasribeiraopreto.com.br","date":"12 de July de 2025","format":false,"excerpt":"A prefeitura de Ribeir\u00e3o Preto, por meio da Secretaria Municipal de Assist\u00eancia Social (Semas), divulgou o resultado final do chamamento para sele\u00e7\u00e3o de tr\u00eas Organiza\u00e7\u00f5es da Sociedade Civil (OSC) interessadas em administrar o Servi\u00e7o de Acolhimento Institucional para Crian\u00e7as e Adolescentes (Saica). O resultado foi publicado no Di\u00e1rio Oficial do\u2026","rel":"","context":"In &quot;Not\u00edcias de Ribeir\u00e3o Preto-SP e Regi\u00e3o&quot;","block_context":{"text":"Not\u00edcias de Ribeir\u00e3o Preto-SP e Regi\u00e3o","link":"https:\/\/noticiasribeiraopreto.com.br\/index.php\/category\/noticias-de-ribeirao-preto-sp-e-regiao-ismael-colosi\/"},"img":{"alt_text":"","src":"https:\/\/i0.wp.com\/noticiasribeiraopreto.com.br\/wp-content\/uploads\/2025\/07\/Saica-Alfredo-Risk-1-scaled.jpg?fit=800%2C417&ssl=1&resize=350%2C200","width":350,"height":200,"srcset":"https:\/\/i0.wp.com\/noticiasribeiraopreto.com.br\/wp-content\/uploads\/2025\/07\/Saica-Alfredo-Risk-1-scaled.jpg?fit=800%2C417&ssl=1&resize=350%2C200 1x, https:\/\/i0.wp.com\/noticiasribeiraopreto.com.br\/wp-content\/uploads\/2025\/07\/Saica-Alfredo-Risk-1-scaled.jpg?fit=800%2C417&ssl=1&resize=525%2C300 1.5x, https:\/\/i0.wp.com\/noticiasribeiraopreto.com.br\/wp-content\/uploads\/2025\/07\/Saica-Alfredo-Risk-1-scaled.jpg?fit=800%2C417&ssl=1&resize=700%2C400 2x"},"classes":[]},{"id":83614,"url":"https:\/\/noticiasribeiraopreto.com.br\/index.php\/2026\/03\/22\/ribeirao-podera-ter-samu-mental\/","url_meta":{"origin":85386,"position":5},"title":"Ribeir\u00e3o poder\u00e1 ter Samu Mental","author":"noticiasribeiraopreto.com.br","date":"22 de March de 2026","format":false,"excerpt":"Projeto de lei em an\u00e1lise na C\u00e2mara de Vereadores de Ribeir\u00e3o Preto quer instituir, na cidade, o Servi\u00e7o de Atendimento M\u00f3vel de Urg\u00eancia (Samu) para Sa\u00fade Mental. A proposta \u00e9 destinada ao atendimento de pessoas em situa\u00e7\u00e3o de crise ps\u00edquica e transtornos mentais agudos. O projeto, de autoria do vereador\u2026","rel":"","context":"In &quot;Not\u00edcias de Ribeir\u00e3o Preto-SP e Regi\u00e3o&quot;","block_context":{"text":"Not\u00edcias de Ribeir\u00e3o Preto-SP e Regi\u00e3o","link":"https:\/\/noticiasribeiraopreto.com.br\/index.php\/category\/noticias-de-ribeirao-preto-sp-e-regiao-ismael-colosi\/"},"img":{"alt_text":"","src":"https:\/\/i0.wp.com\/noticiasribeiraopreto.com.br\/wp-content\/uploads\/2026\/03\/saude-mental-1.png?fit=800%2C500&ssl=1&resize=350%2C200","width":350,"height":200,"srcset":"https:\/\/i0.wp.com\/noticiasribeiraopreto.com.br\/wp-content\/uploads\/2026\/03\/saude-mental-1.png?fit=800%2C500&ssl=1&resize=350%2C200 1x, https:\/\/i0.wp.com\/noticiasribeiraopreto.com.br\/wp-content\/uploads\/2026\/03\/saude-mental-1.png?fit=800%2C500&ssl=1&resize=525%2C300 1.5x, https:\/\/i0.wp.com\/noticiasribeiraopreto.com.br\/wp-content\/uploads\/2026\/03\/saude-mental-1.png?fit=800%2C500&ssl=1&resize=700%2C400 2x"},"classes":[]}],"jetpack_sharing_enabled":true,"jetpack_shortlink":"https:\/\/wp.me\/peQAOb-mdc","_links":{"self":[{"href":"https:\/\/noticiasribeiraopreto.com.br\/index.php\/wp-json\/wp\/v2\/posts\/85386","targetHints":{"allow":["GET"]}}],"collection":[{"href":"https:\/\/noticiasribeiraopreto.com.br\/index.php\/wp-json\/wp\/v2\/posts"}],"about":[{"href":"https:\/\/noticiasribeiraopreto.com.br\/index.php\/wp-json\/wp\/v2\/types\/post"}],"author":[{"embeddable":true,"href":"https:\/\/noticiasribeiraopreto.com.br\/index.php\/wp-json\/wp\/v2\/users\/1"}],"replies":[{"embeddable":true,"href":"https:\/\/noticiasribeiraopreto.com.br\/index.php\/wp-json\/wp\/v2\/comments?post=85386"}],"version-history":[{"count":0,"href":"https:\/\/noticiasribeiraopreto.com.br\/index.php\/wp-json\/wp\/v2\/posts\/85386\/revisions"}],"wp:featuredmedia":[{"embeddable":true,"href":"https:\/\/noticiasribeiraopreto.com.br\/index.php\/wp-json\/wp\/v2\/media\/85387"}],"wp:attachment":[{"href":"https:\/\/noticiasribeiraopreto.com.br\/index.php\/wp-json\/wp\/v2\/media?parent=85386"}],"wp:term":[{"taxonomy":"category","embeddable":true,"href":"https:\/\/noticiasribeiraopreto.com.br\/index.php\/wp-json\/wp\/v2\/categories?post=85386"},{"taxonomy":"post_tag","embeddable":true,"href":"https:\/\/noticiasribeiraopreto.com.br\/index.php\/wp-json\/wp\/v2\/tags?post=85386"}],"curies":[{"name":"wp","href":"https:\/\/api.w.org\/{rel}","templated":true}]}}