{"id":85856,"date":"2026-05-21T07:34:15","date_gmt":"2026-05-21T10:34:15","guid":{"rendered":"https:\/\/noticiasribeiraopreto.com.br\/index.php\/2026\/05\/21\/ribeirao-rodeo-music-arrecada-cerca-de-14-toneladas-de-alimentos-para-o-fundo-social-de-solidariedade\/"},"modified":"2026-05-21T07:34:15","modified_gmt":"2026-05-21T10:34:15","slug":"ribeirao-rodeo-music-arrecada-cerca-de-14-toneladas-de-alimentos-para-o-fundo-social-de-solidariedade","status":"publish","type":"post","link":"https:\/\/noticiasribeiraopreto.com.br\/index.php\/2026\/05\/21\/ribeirao-rodeo-music-arrecada-cerca-de-14-toneladas-de-alimentos-para-o-fundo-social-de-solidariedade\/","title":{"rendered":"Ribeir\u00e3o Rodeo Music arrecada cerca de 14 toneladas de alimentos para o Fundo Social de Solidariedade &#8211; THMais"},"content":{"rendered":"<div class='code-block code-block-1' style='margin: 8px 0 8px auto; text-align: right; display: block; clear: both;'>\n<p><a href=\"https:\/\/wa.link\/vpicfd\"><img data-recalc-dims=\"1\" class=\"wp-image-4922\" style=\"aspect-ratio: 2.0253164556962027; width: 561px; height: auto;\" src=\"https:\/\/i0.wp.com\/ismaelcolosi.com.br\/wp-content\/uploads\/2023\/11\/grupo-de-empregos-whatsapp-e-facebook-ismael-colosi-vagas.jpg?ssl=1\" alt=\"\" \/><\/a><\/p>\n<!-- \/wp:image -->\n<\/div>\n<p> <br \/>\n<\/p>\n<div data-td-block-uid=\"tdi_142\">\n<div class=\"tdb-block-inner td-fix-index\">\n<p>O Ribeir\u00e3o Rodeo Music encerrou mais uma edi\u00e7\u00e3o com resultados que v\u00e3o al\u00e9m do entretenimento. Durante os quatro dias de evento, de 30 de abril a 9 de maio, foram arrecadadas aproximadamente 14 toneladas de alimentos n\u00e3o perec\u00edveis, que ser\u00e3o destinadas ao Fundo Social de Solidariedade da Prefeitura de Ribeir\u00e3o Preto para atendimento de organiza\u00e7\u00f5es sociais vinculadas aos conselhos municipais.<\/p>\n<p>A iniciativa refor\u00e7a o compromisso social do evento, mobilizando o p\u00fablico em uma grande corrente de solidariedade em benef\u00edcio de fam\u00edlias em situa\u00e7\u00e3o de vulnerabilidade social no munic\u00edpio.<\/p>\n<p>\u201c\u00c9 muito gratificante ver a resposta positiva do p\u00fablico do Ribeir\u00e3o Rodeo Music. A solidariedade fez parte da festa e cada doa\u00e7\u00e3o representa apoio e esperan\u00e7a para muitas fam\u00edlias atendidas pelas entidades sociais da cidade\u201d, destacou Carol Silva.<\/p>\n<p>Segundo ela, a mobiliza\u00e7\u00e3o demonstra a for\u00e7a da uni\u00e3o entre entretenimento e responsabilidade social. \u201cO Ribeir\u00e3o Rodeo Music vai muito al\u00e9m dos shows e da experi\u00eancia do evento. Ficamos felizes em contribuir com a\u00e7\u00f5es que geram impacto positivo para a comunidade e fortalecem o trabalho realizado pelas organiza\u00e7\u00f5es sociais do munic\u00edpio\u201d, completou.<\/p>\n<p>O ingresso solid\u00e1rio foi uma das iniciativas respons\u00e1veis pela arrecada\u00e7\u00e3o dos alimentos durante o evento. Para Antonio Gualtieri, diretor jur\u00eddico do Ribeir\u00e3o Rodeo Music e do Instituto de Compromisso com o Desenvolvimento Humano, a\u00e7\u00f5es como essa fortalecem o papel social dos grandes eventos culturais.<\/p>\n<p>\u201cOs eventos culturais t\u00eam um papel que vai al\u00e9m do entretenimento. Quando promovemos iniciativas como o ingresso solid\u00e1rio, conseguimos transformar a participa\u00e7\u00e3o do p\u00fablico em uma importante corrente de apoio \u00e0s pessoas que mais precisam. A arrecada\u00e7\u00e3o de alimentos representa solidariedade, responsabilidade social e refor\u00e7a o compromisso do Ribeir\u00e3o Rodeo Music com a comunidade\u201d, afirmou.<\/p>\n<p>O Fundo Social de Solidariedade ser\u00e1 respons\u00e1vel pela triagem e distribui\u00e7\u00e3o dos alimentos arrecadados \u00e0s institui\u00e7\u00f5es cadastradas e assistidas pelos conselhos municipais.<\/p>\n<p>Considerado um dos principais eventos do segmento no pa\u00eds, o Ribeir\u00e3o Rodeo Music re\u00fane grandes atra\u00e7\u00f5es musicais, movimenta a economia regional e desenvolve a\u00e7\u00f5es de impacto social ao longo de sua programa\u00e7\u00e3o.<\/p>\n<p>\u00a0<\/p>\n<\/div>\n<\/div>\n<p><br \/>\n<br \/><a href=\"https:\/\/thmais.com.br\/cidades\/ribeirao-preto\/ribeirao-rodeo-music-arrecada-cerca-de-14-toneladas-de-alimentos-para-o-fundo-social-de-solidariedade\/\">Link para o texto original aqui <\/a><\/p>\n<!-- CONTENT END 1 -->\n","protected":false},"excerpt":{"rendered":"<p>O Ribeir\u00e3o Rodeo Music encerrou mais uma edi\u00e7\u00e3o com resultados que v\u00e3o al\u00e9m do entretenimento. Durante os quatro dias de evento, de 30 de abril&#8230;<\/p>\n","protected":false},"author":1,"featured_media":85857,"comment_status":"","ping_status":"","sticky":false,"template":"","format":"standard","meta":{"advanced_seo_description":"","jetpack_seo_html_title":"","jetpack_seo_noindex":false,"jetpack_seo_schema_type":"","_jetpack_newsletter_access":"","_jetpack_dont_email_post_to_subs":false,"_jetpack_newsletter_tier_id":0,"_jetpack_memberships_contains_paywalled_content":false,"_jetpack_feature_clip_id":0,"_jetpack_memberships_contains_paid_content":false,"footnotes":"","jetpack_publicize_message":"","jetpack_publicize_feature_enabled":true,"jetpack_social_post_already_shared":true,"jetpack_social_options":{"image_generator_settings":{"template":"highway","default_image_id":0,"font":"","enabled":false},"version":2},"jetpack_post_was_ever_published":false},"categories":[11],"tags":[2892,2042,1678,1182,1958,71,26,1957,1754,869,6443,939],"class_list":["post-85856","post","type-post","status-publish","format-standard","has-post-thumbnail","hentry","category-noticias-de-ribeirao-preto-sp-e-regiao-ismael-colosi","tag-alimentos","tag-arrecada","tag-cerca","tag-fundo","tag-music","tag-para","tag-ribeirao","tag-rodeo","tag-social","tag-solidariedade","tag-thmais","tag-toneladas"],"jetpack_publicize_connections":[],"jetpack-related-posts":[{"id":65909,"url":"https:\/\/noticiasribeiraopreto.com.br\/index.php\/2025\/03\/25\/show-do-capital-inicial-arrecada-16-tonelada-de-alimentos-para-o-fundo-social-de-solidariedade-de-ribeirao-preto\/","url_meta":{"origin":85856,"position":0},"title":"Show do Capital Inicial arrecada 1,6 tonelada de alimentos para o Fundo Social de Solidariedade de Ribeir\u00e3o Preto","author":"noticiasribeiraopreto.com.br","date":"25 de March de 2025","format":false,"excerpt":"Se em cima do palco a Banda Capital Inicial deu um verdadeiro show com a turn\u00ea que celebra os 25 anos do \u00e1lbum ac\u00fastico, fora dele, a solidariedade tamb\u00e9m teve seu espa\u00e7o. A apresenta\u00e7\u00e3o, realizada no \u00faltimo s\u00e1bado, 22, reuniu mais de 5 mil pessoas e arrecadou 1,6 tonelada de\u2026","rel":"","context":"In &quot;Not\u00edcias de Ribeir\u00e3o Preto-SP e Regi\u00e3o&quot;","block_context":{"text":"Not\u00edcias de Ribeir\u00e3o Preto-SP e Regi\u00e3o","link":"https:\/\/noticiasribeiraopreto.com.br\/index.php\/category\/noticias-de-ribeirao-preto-sp-e-regiao-ismael-colosi\/"},"img":{"alt_text":"","src":"https:\/\/i0.wp.com\/noticiasribeiraopreto.com.br\/wp-content\/uploads\/2025\/03\/WhatsApp-Image-2025-03-25-at-15.59.50.jpeg?fit=1200%2C900&ssl=1&resize=350%2C200","width":350,"height":200,"srcset":"https:\/\/i0.wp.com\/noticiasribeiraopreto.com.br\/wp-content\/uploads\/2025\/03\/WhatsApp-Image-2025-03-25-at-15.59.50.jpeg?fit=1200%2C900&ssl=1&resize=350%2C200 1x, https:\/\/i0.wp.com\/noticiasribeiraopreto.com.br\/wp-content\/uploads\/2025\/03\/WhatsApp-Image-2025-03-25-at-15.59.50.jpeg?fit=1200%2C900&ssl=1&resize=525%2C300 1.5x, https:\/\/i0.wp.com\/noticiasribeiraopreto.com.br\/wp-content\/uploads\/2025\/03\/WhatsApp-Image-2025-03-25-at-15.59.50.jpeg?fit=1200%2C900&ssl=1&resize=700%2C400 2x, https:\/\/i0.wp.com\/noticiasribeiraopreto.com.br\/wp-content\/uploads\/2025\/03\/WhatsApp-Image-2025-03-25-at-15.59.50.jpeg?fit=1200%2C900&ssl=1&resize=1050%2C600 3x"},"classes":[]},{"id":90597,"url":"https:\/\/noticiasribeiraopreto.com.br\/index.php\/2026\/08\/25\/mirage-circus-arrecada-5-toneladas-de-alimentos-para-o-fundo-social-de-ribeirao-preto\/","url_meta":{"origin":85856,"position":1},"title":"Mirage Circus arrecada 5 toneladas de alimentos para o Fundo Social de Ribeir\u00e3o Preto","author":"noticiasribeiraopreto.com.br","date":"25 de August de 2026","format":false,"excerpt":"O Mirage Circus, que encerrou a temporada em Ribeir\u00e3o Preto no \u00faltimo fim de semana, arrecadou 5 toneladas de alimentos n\u00e3o perec\u00edveis para o Fundo Social de Solidariedade durante as sess\u00f5es solid\u00e1rias. Receba not\u00edcias do\u00a0acidade on Ribeir\u00e3o\u00a0no WhatsApp e fique por dentro de tudo! Basta acessar o link\u00a0aqui! Sess\u00f5es solid\u00e1rias\u2026","rel":"","context":"In &quot;Not\u00edcias de Ribeir\u00e3o Preto-SP e Regi\u00e3o&quot;","block_context":{"text":"Not\u00edcias de Ribeir\u00e3o Preto-SP e Regi\u00e3o","link":"https:\/\/noticiasribeiraopreto.com.br\/index.php\/category\/noticias-de-ribeirao-preto-sp-e-regiao-ismael-colosi\/"},"img":{"alt_text":"","src":"https:\/\/i0.wp.com\/noticiasribeiraopreto.com.br\/wp-content\/uploads\/2026\/08\/mirage-circus.jpeg?fit=1200%2C800&ssl=1&resize=350%2C200","width":350,"height":200,"srcset":"https:\/\/i0.wp.com\/noticiasribeiraopreto.com.br\/wp-content\/uploads\/2026\/08\/mirage-circus.jpeg?fit=1200%2C800&ssl=1&resize=350%2C200 1x, https:\/\/i0.wp.com\/noticiasribeiraopreto.com.br\/wp-content\/uploads\/2026\/08\/mirage-circus.jpeg?fit=1200%2C800&ssl=1&resize=525%2C300 1.5x, https:\/\/i0.wp.com\/noticiasribeiraopreto.com.br\/wp-content\/uploads\/2026\/08\/mirage-circus.jpeg?fit=1200%2C800&ssl=1&resize=700%2C400 2x, https:\/\/i0.wp.com\/noticiasribeiraopreto.com.br\/wp-content\/uploads\/2026\/08\/mirage-circus.jpeg?fit=1200%2C800&ssl=1&resize=1050%2C600 3x"},"classes":[]},{"id":69839,"url":"https:\/\/noticiasribeiraopreto.com.br\/index.php\/2025\/05\/09\/fundo-social-recebeu-12-toneladas-de-alimentos-do-ribeirao-rodeo-music\/","url_meta":{"origin":85856,"position":2},"title":"Fundo Social recebeu 12 toneladas de alimentos do Ribeir\u00e3o Rodeo Music","author":"noticiasribeiraopreto.com.br","date":"9 de May de 2025","format":false,"excerpt":"O Fundo Social de Solidariedade de Ribeir\u00e3o Preto recebeu 12 toneladas de alimentos arrecadados durante os quatro dias do Ribeir\u00e3o Rodeo Music. O evento aconteceu nos dias 26 e 30 de abril e 2 e 3 de maio, no Parque Permanente de Exposi\u00e7\u00f5es. De acordo com o Fundo Social de\u2026","rel":"","context":"In &quot;Not\u00edcias de Ribeir\u00e3o Preto-SP e Regi\u00e3o&quot;","block_context":{"text":"Not\u00edcias de Ribeir\u00e3o Preto-SP e Regi\u00e3o","link":"https:\/\/noticiasribeiraopreto.com.br\/index.php\/category\/noticias-de-ribeirao-preto-sp-e-regiao-ismael-colosi\/"},"img":{"alt_text":"","src":"https:\/\/i0.wp.com\/noticiasribeiraopreto.com.br\/wp-content\/uploads\/2025\/05\/alimentos-RRM_2025-05-09_20-31-03.webp.webp?fit=1200%2C800&ssl=1&resize=350%2C200","width":350,"height":200,"srcset":"https:\/\/i0.wp.com\/noticiasribeiraopreto.com.br\/wp-content\/uploads\/2025\/05\/alimentos-RRM_2025-05-09_20-31-03.webp.webp?fit=1200%2C800&ssl=1&resize=350%2C200 1x, https:\/\/i0.wp.com\/noticiasribeiraopreto.com.br\/wp-content\/uploads\/2025\/05\/alimentos-RRM_2025-05-09_20-31-03.webp.webp?fit=1200%2C800&ssl=1&resize=525%2C300 1.5x, https:\/\/i0.wp.com\/noticiasribeiraopreto.com.br\/wp-content\/uploads\/2025\/05\/alimentos-RRM_2025-05-09_20-31-03.webp.webp?fit=1200%2C800&ssl=1&resize=700%2C400 2x, https:\/\/i0.wp.com\/noticiasribeiraopreto.com.br\/wp-content\/uploads\/2025\/05\/alimentos-RRM_2025-05-09_20-31-03.webp.webp?fit=1200%2C800&ssl=1&resize=1050%2C600 3x"},"classes":[]},{"id":69858,"url":"https:\/\/noticiasribeiraopreto.com.br\/index.php\/2025\/05\/09\/fundo-social-recebe-12-toneladas-de-alimentos-do-ribeirao-rodeo-music\/","url_meta":{"origin":85856,"position":3},"title":"Fundo Social recebe 12 toneladas de alimentos do Ribeir\u00e3o Rodeo Music","author":"noticiasribeiraopreto.com.br","date":"9 de May de 2025","format":false,"excerpt":"O Fundo Social de Solidariedade de Ribeir\u00e3o Preto recebeu 12 toneladas de alimentos arrecadados durante os quatro dias do Ribeir\u00e3o Rodeo Music. O evento aconteceu nos dias 26 e 30 de abril e 2 e 3 de maio, no Parque Permanente de Exposi\u00e7\u00f5es. De acordo com o Fundo Social de\u2026","rel":"","context":"In &quot;Not\u00edcias de Ribeir\u00e3o Preto-SP e Regi\u00e3o&quot;","block_context":{"text":"Not\u00edcias de Ribeir\u00e3o Preto-SP e Regi\u00e3o","link":"https:\/\/noticiasribeiraopreto.com.br\/index.php\/category\/noticias-de-ribeirao-preto-sp-e-regiao-ismael-colosi\/"},"img":{"alt_text":"","src":"https:\/\/i0.wp.com\/noticiasribeiraopreto.com.br\/wp-content\/uploads\/2025\/05\/alimentos-RRM_2025-05-09_20-31-03.webp.webp?fit=1200%2C800&ssl=1&resize=350%2C200","width":350,"height":200,"srcset":"https:\/\/i0.wp.com\/noticiasribeiraopreto.com.br\/wp-content\/uploads\/2025\/05\/alimentos-RRM_2025-05-09_20-31-03.webp.webp?fit=1200%2C800&ssl=1&resize=350%2C200 1x, https:\/\/i0.wp.com\/noticiasribeiraopreto.com.br\/wp-content\/uploads\/2025\/05\/alimentos-RRM_2025-05-09_20-31-03.webp.webp?fit=1200%2C800&ssl=1&resize=525%2C300 1.5x, https:\/\/i0.wp.com\/noticiasribeiraopreto.com.br\/wp-content\/uploads\/2025\/05\/alimentos-RRM_2025-05-09_20-31-03.webp.webp?fit=1200%2C800&ssl=1&resize=700%2C400 2x, https:\/\/i0.wp.com\/noticiasribeiraopreto.com.br\/wp-content\/uploads\/2025\/05\/alimentos-RRM_2025-05-09_20-31-03.webp.webp?fit=1200%2C800&ssl=1&resize=1050%2C600 3x"},"classes":[]},{"id":90651,"url":"https:\/\/noticiasribeiraopreto.com.br\/index.php\/2026\/08\/26\/mirage-circus-arrecada-cinco-toneladas-alimentos-ribeirao-preto\/","url_meta":{"origin":85856,"position":4},"title":"Mirage Circus arrecada cinco toneladas de alimentos em Ribeir\u00e3o Preto","author":"noticiasribeiraopreto.com.br","date":"26 de August de 2026","format":false,"excerpt":"O Mirage Circus em parceria com o Fundo Social de Solidariedade da Prefeitura, realizou sess\u00f5es solid\u00e1rias em Ribeir\u00e3o Preto.Foram arrecadadas cinco toneladas de alimentos n\u00e3o perec\u00edveis, que j\u00e1 foram destinadas ao Fundo Social para auxiliar no atendimento a fam\u00edlias em situa\u00e7\u00e3o de vulnerabilidade social.A iniciativa possibilitou a troca do ingresso\u2026","rel":"","context":"In &quot;Not\u00edcias de Ribeir\u00e3o Preto-SP e Regi\u00e3o&quot;","block_context":{"text":"Not\u00edcias de Ribeir\u00e3o Preto-SP e Regi\u00e3o","link":"https:\/\/noticiasribeiraopreto.com.br\/index.php\/category\/noticias-de-ribeirao-preto-sp-e-regiao-ismael-colosi\/"},"img":{"alt_text":"","src":"https:\/\/i0.wp.com\/noticiasribeiraopreto.com.br\/wp-content\/uploads\/2026\/08\/image-385-1024x683.png?fit=1024%2C683&ssl=1&resize=350%2C200","width":350,"height":200,"srcset":"https:\/\/i0.wp.com\/noticiasribeiraopreto.com.br\/wp-content\/uploads\/2026\/08\/image-385-1024x683.png?fit=1024%2C683&ssl=1&resize=350%2C200 1x, https:\/\/i0.wp.com\/noticiasribeiraopreto.com.br\/wp-content\/uploads\/2026\/08\/image-385-1024x683.png?fit=1024%2C683&ssl=1&resize=525%2C300 1.5x, https:\/\/i0.wp.com\/noticiasribeiraopreto.com.br\/wp-content\/uploads\/2026\/08\/image-385-1024x683.png?fit=1024%2C683&ssl=1&resize=700%2C400 2x"},"classes":[]},{"id":90309,"url":"https:\/\/noticiasribeiraopreto.com.br\/index.php\/2026\/08\/20\/joao-rock-entrega-28-toneladas-de-alimentos-ao-fundo-social-de-ribeirao-preto\/","url_meta":{"origin":85856,"position":5},"title":"Jo\u00e3o Rock entrega 28 toneladas de alimentos ao Fundo Social de Ribeir\u00e3o Preto","author":"noticiasribeiraopreto.com.br","date":"20 de August de 2026","format":false,"excerpt":"O Jo\u00e3o Rock entregou 28 toneladas de alimentos ao Fundo Social de Solidariedade de Ribeir\u00e3o Preto nesta ter\u00e7a-feira (18). A doa\u00e7\u00e3o re\u00fane os alimentos arrecadados durante a 23\u00aa edi\u00e7\u00e3o do festival, que aconteceu no dia 1\u00ba de agosto. De acordo com a organiza\u00e7\u00e3o do evento, o volume \u00e9 o maior\u2026","rel":"","context":"In &quot;Not\u00edcias de Ribeir\u00e3o Preto-SP e Regi\u00e3o&quot;","block_context":{"text":"Not\u00edcias de Ribeir\u00e3o Preto-SP e Regi\u00e3o","link":"https:\/\/noticiasribeiraopreto.com.br\/index.php\/category\/noticias-de-ribeirao-preto-sp-e-regiao-ismael-colosi\/"},"img":{"alt_text":"","src":"https:\/\/i0.wp.com\/noticiasribeiraopreto.com.br\/wp-content\/uploads\/2026\/08\/acidente-2-10.jpg?fit=1200%2C675&ssl=1&resize=350%2C200","width":350,"height":200,"srcset":"https:\/\/i0.wp.com\/noticiasribeiraopreto.com.br\/wp-content\/uploads\/2026\/08\/acidente-2-10.jpg?fit=1200%2C675&ssl=1&resize=350%2C200 1x, https:\/\/i0.wp.com\/noticiasribeiraopreto.com.br\/wp-content\/uploads\/2026\/08\/acidente-2-10.jpg?fit=1200%2C675&ssl=1&resize=525%2C300 1.5x, https:\/\/i0.wp.com\/noticiasribeiraopreto.com.br\/wp-content\/uploads\/2026\/08\/acidente-2-10.jpg?fit=1200%2C675&ssl=1&resize=700%2C400 2x, https:\/\/i0.wp.com\/noticiasribeiraopreto.com.br\/wp-content\/uploads\/2026\/08\/acidente-2-10.jpg?fit=1200%2C675&ssl=1&resize=1050%2C600 3x"},"classes":[]}],"jetpack_sharing_enabled":true,"jetpack_shortlink":"https:\/\/wp.me\/peQAOb-mkM","jetpack_featured_media_url":"https:\/\/i0.wp.com\/noticiasribeiraopreto.com.br\/wp-content\/uploads\/2026\/05\/banco_de_alimentos_rodeio_-_foto_fernando_gonzaga_6-1.jpg?fit=1620%2C1080&ssl=1","_links":{"self":[{"href":"https:\/\/noticiasribeiraopreto.com.br\/index.php\/wp-json\/wp\/v2\/posts\/85856","targetHints":{"allow":["GET"]}}],"collection":[{"href":"https:\/\/noticiasribeiraopreto.com.br\/index.php\/wp-json\/wp\/v2\/posts"}],"about":[{"href":"https:\/\/noticiasribeiraopreto.com.br\/index.php\/wp-json\/wp\/v2\/types\/post"}],"author":[{"embeddable":true,"href":"https:\/\/noticiasribeiraopreto.com.br\/index.php\/wp-json\/wp\/v2\/users\/1"}],"replies":[{"embeddable":true,"href":"https:\/\/noticiasribeiraopreto.com.br\/index.php\/wp-json\/wp\/v2\/comments?post=85856"}],"version-history":[{"count":0,"href":"https:\/\/noticiasribeiraopreto.com.br\/index.php\/wp-json\/wp\/v2\/posts\/85856\/revisions"}],"wp:featuredmedia":[{"embeddable":true,"href":"https:\/\/noticiasribeiraopreto.com.br\/index.php\/wp-json\/wp\/v2\/media\/85857"}],"wp:attachment":[{"href":"https:\/\/noticiasribeiraopreto.com.br\/index.php\/wp-json\/wp\/v2\/media?parent=85856"}],"wp:term":[{"taxonomy":"category","embeddable":true,"href":"https:\/\/noticiasribeiraopreto.com.br\/index.php\/wp-json\/wp\/v2\/categories?post=85856"},{"taxonomy":"post_tag","embeddable":true,"href":"https:\/\/noticiasribeiraopreto.com.br\/index.php\/wp-json\/wp\/v2\/tags?post=85856"}],"curies":[{"name":"wp","href":"https:\/\/api.w.org\/{rel}","templated":true}]}}