{"id":85865,"date":"2026-05-21T11:04:29","date_gmt":"2026-05-21T14:04:29","guid":{"rendered":"https:\/\/noticiasribeiraopreto.com.br\/index.php\/2026\/05\/21\/video-engavetamento-deixa-tres-feridos-no-anel-viario\/"},"modified":"2026-05-21T11:04:29","modified_gmt":"2026-05-21T14:04:29","slug":"video-engavetamento-deixa-tres-feridos-no-anel-viario","status":"publish","type":"post","link":"https:\/\/noticiasribeiraopreto.com.br\/index.php\/2026\/05\/21\/video-engavetamento-deixa-tres-feridos-no-anel-viario\/","title":{"rendered":"V\u00cdDEO &#8211; Engavetamento deixa tr\u00eas feridos no Anel Vi\u00e1rio"},"content":{"rendered":"<div class='code-block code-block-1' style='margin: 8px 0 8px auto; text-align: right; display: block; clear: both;'>\n<p><a href=\"https:\/\/wa.link\/vpicfd\"><img data-recalc-dims=\"1\" class=\"wp-image-4922\" style=\"aspect-ratio: 2.0253164556962027; width: 561px; height: auto;\" src=\"https:\/\/i0.wp.com\/ismaelcolosi.com.br\/wp-content\/uploads\/2023\/11\/grupo-de-empregos-whatsapp-e-facebook-ismael-colosi-vagas.jpg?ssl=1\" alt=\"\" \/><\/a><\/p>\n<!-- \/wp:image -->\n<\/div>\n<p> <br \/>\n<\/p>\n<div id=\"post-464706\">&#13;<br \/>\n&#13;<\/p>\n<header class=\"entry-header penci-entry-header penci-title-center\">&#13;<\/p>\n<h2 class=\"penci-post-subtitle\">Acidente envolveu quatro carros e um caminh\u00e3o pr\u00f3ximo ao trevo de acesso para Dumont<\/h2>\n<p>&#13;<\/p>\n<p>&#13;<br \/>\n\t\t\t\t\t\t\t\t\t<span class=\"entry-meta-item penci-posted-on\"><i class=\"fa fa-clock-o\"\/><time class=\"entry-date published\" datetime=\"2026-05-21T11:03:24-03:00\">21 de maio de 2026 11:03<\/time><time class=\"updated\" datetime=\"2026-05-21T11:03:39-03:00\">21 de maio de 2026 11:03<\/time><\/span><span class=\"entry-meta-item penci-post-countview\"\/>\t\t\t\t\t\t\t\t<\/p>\n<p><!-- .entry-meta -->&#13;<br \/>\n\t\t\t\t\t\t\t\t<span class=\"penci-social-buttons penci-social-share-footer\"><span class=\"penci-social-share-text\">Compartilhar<\/span><a href=\"#\" class=\"penci-post-like penci_post-meta_item  single-like-button penci-social-item like\" data-post_id=\"464706\" title=\"Like\" data-like=\"Like\" data-unlike=\"Unlike\"><i class=\"fa fa-thumbs-o-up\"\/><span class=\"penci-share-number\">2<\/span><\/a><i class=\"fa fa-facebook\"\/><a class=\"penci-social-item twitter\" target=\"_blank\" rel=\"noopener\" title=\"\" href=\"https:\/\/twitter.com\/intent\/tweet?text=V\u00cdDEO%20-%20Engavetamento%20deixa%20tr\u00eas%20feridos%20no%20Anel%20Vi\u00e1rio%20-%20https:\/\/www.tribunaribeirao.com.br\/video-engavetamento-deixa-tres-feridos-no-anel-viario\/\"><i class=\"fa fa-twitter\"\/><\/a><i class=\"fa fa-linkedin\"\/><i class=\"fa fa-whatsapp\"\/><i class=\"fa fa-telegram\"\/><i class=\"fa fa-envelope\"\/><\/span>\t\t\t\t\t\t\t<\/header>\n<p><!-- .entry-header -->&#13;<\/p>\n<div class=\"entry-media penci-entry-media\">\n<p><iframe loading=\"lazy\" title=\"Engavetamento Anel Vi\u00e1rio\" width=\"500\" height=\"281\" src=\"https:\/\/www.youtube.com\/embed\/ujK46T_nN-4?feature=oembed\" frameborder=\"0\" allow=\"accelerometer; autoplay; clipboard-write; encrypted-media; gyroscope; picture-in-picture; web-share\" referrerpolicy=\"strict-origin-when-cross-origin\" allowfullscreen><\/iframe><\/p>\n<\/p><\/div>\n<div class=\"penci-entry-content entry-content\">\n<p>| Por: Adalberto Luque |<\/p>\n<p>Um engavetamento deixou tr\u00eas pessoas feridas, uma delas ficou presa \u00e0s ferragens, na noite desta quarta-feira (20). O acidente ocorreu na altura do km 321 da Rodovia Prefeito Ant\u00f4nio Duarte Nogueira (SP-322), na pista Oeste.<\/p>\n<p>De acordo com a Pol\u00edcia Militar Rodovi\u00e1ria (PMRv), os ve\u00edculos seguiam sentido a Sert\u00e3ozinho quando, por motivos a serem esclarecidos, ocorreu a s\u00e9rie de colis\u00f5es. De acordo com o Corpo de Bombeiros, o caminh\u00e3o teria atingido a traseira de um dos carros, o que ocasionou a s\u00e9rie de batidas.<\/p>\n<p>Duas pessoas foram levadas para hospitais particulares com ferimentos leves. Al\u00e9m do Corpo de Bombeiros e da PMRv, equipes da concession\u00e1ria Entrevias e do Servi\u00e7o de Atendimento M\u00f3vel de Urg\u00eancia (Samu), estiveram no local.<\/p>\n<figure id=\"attachment_464707\" aria-describedby=\"caption-attachment-464707\" style=\"width: 812px\" class=\"wp-caption alignnone\"><figcaption id=\"caption-attachment-464707\" class=\"wp-caption-text\">Uma das v\u00edtimas ficou presa \u00e0s ferragens e precisou ser desencarcerada pelo Corpo de Bombeiros (Foto e V\u00eddeo: Edmilson Roque Guedes Nunes\/Dr. Edmilson Instagram)<\/figcaption><\/figure>\n<p>Uma das v\u00edtimas ficou presa \u00e0s ferragens e os bombeiros tiveram que desencarcer\u00e1-la. Depois ela foi levada pelo Samu para a Unidade de Pronto Atendimento (UPA) Sul, na Vila Virg\u00ednia. Seu estado de sa\u00fade n\u00e3o foi informado.<\/p>\n<p>A pista ficou totalmente interditada por 50 minutos, para o resgate das v\u00edtimas e retirada dos ve\u00edculos. Durante a interdi\u00e7\u00e3o, os motoristas foram orientados pelos agentes da Entrevias e da PMRv a apanhar a continua\u00e7\u00e3o da Rodovia M\u00e1rio Doneg\u00e1 at\u00e9 a avenida Bandeirantes e, de l\u00e1, seguirem seus destinos.<\/p>\n<p>A ocorr\u00eancia foi registrada na Central de Pol\u00edcia Judici\u00e1ria (CPJ), no Centro da cidade. As circunst\u00e2ncias do engavetamento ser\u00e3o investigadas pela Pol\u00edcia Civil.<\/p>\n<\/div>\n<p><!-- .entry-content -->&#13;<br \/>\n&#13;<\/p>\n<footer class=\"penci-entry-footer\">&#13;<br \/>\n\t\t\t\t\t\t\t\t<span class=\"penci-social-buttons penci-social-share-footer\"><span class=\"penci-social-share-text\">Compartilhar<\/span><a href=\"#\" class=\"penci-post-like penci_post-meta_item  single-like-button penci-social-item like\" data-post_id=\"464706\" title=\"Like\" data-like=\"Like\" data-unlike=\"Unlike\"><i class=\"fa fa-thumbs-o-up\"\/><span class=\"penci-share-number\">2<\/span><\/a><i class=\"fa fa-facebook\"\/><a class=\"penci-social-item twitter\" target=\"_blank\" rel=\"noopener\" title=\"\" href=\"https:\/\/twitter.com\/intent\/tweet?text=V\u00cdDEO%20-%20Engavetamento%20deixa%20tr\u00eas%20feridos%20no%20Anel%20Vi\u00e1rio%20-%20https:\/\/www.tribunaribeirao.com.br\/video-engavetamento-deixa-tres-feridos-no-anel-viario\/\"><i class=\"fa fa-twitter\"\/><\/a><i class=\"fa fa-linkedin\"\/><i class=\"fa fa-whatsapp\"\/><i class=\"fa fa-telegram\"\/><i class=\"fa fa-envelope\"\/><\/span>\t\t\t\t\t\t\t<\/footer>\n<p><!-- .entry-footer -->&#13;\n\t\t\t\t\t\t<\/div>\n<p><script async src=\"\/\/platform.twitter.com\/widgets.js\" charset=\"utf-8\"><\/script><br \/>\n<br \/><br \/>\n<br \/><a href=\"https:\/\/www.tribunaribeirao.com.br\/video-engavetamento-deixa-tres-feridos-no-anel-viario\/\">Texto original daqui <\/a><\/p>\n<!-- CONTENT END 1 -->\n","protected":false},"excerpt":{"rendered":"<p>&#13; &#13; &#13; Acidente envolveu quatro carros e um caminh\u00e3o pr\u00f3ximo ao trevo de acesso para Dumont &#13; &#13; 21 de maio de 2026 11:0321&#8230;<\/p>\n","protected":false},"author":1,"featured_media":85867,"comment_status":"","ping_status":"","sticky":false,"template":"","format":"standard","meta":{"advanced_seo_description":"","jetpack_seo_html_title":"","jetpack_seo_noindex":false,"jetpack_seo_schema_type":"","_jetpack_newsletter_access":"","_jetpack_dont_email_post_to_subs":false,"_jetpack_newsletter_tier_id":0,"_jetpack_memberships_contains_paywalled_content":false,"_jetpack_feature_clip_id":0,"_jetpack_memberships_contains_paid_content":false,"footnotes":"","jetpack_publicize_message":"","jetpack_publicize_feature_enabled":true,"jetpack_social_post_already_shared":true,"jetpack_social_options":{"image_generator_settings":{"template":"highway","default_image_id":0,"font":"","enabled":false},"version":2},"jetpack_post_was_ever_published":false},"categories":[11],"tags":[927,77,6731,1802,639,928,67],"class_list":["post-85865","post","type-post","status-publish","format-standard","has-post-thumbnail","hentry","category-noticias-de-ribeirao-preto-sp-e-regiao-ismael-colosi","tag-anel","tag-deixa","tag-engavetamento","tag-feridos","tag-tres","tag-viario","tag-video"],"jetpack_publicize_connections":[],"jetpack-related-posts":[{"id":71059,"url":"https:\/\/noticiasribeiraopreto.com.br\/index.php\/2025\/06\/02\/veiculo-para-transporte-de-presos-se-envolve-em-engavetamento-no-anel-viario-sul\/","url_meta":{"origin":85865,"position":0},"title":"Ve\u00edculo para transporte de presos se envolve em engavetamento no Anel Vi\u00e1rio Sul","author":"noticiasribeiraopreto.com.br","date":"2 de June de 2025","format":false,"excerpt":"Seis ve\u00edculos se envolveram em um engavetamento, entre os quais um furg\u00e3o utilizado para o transporte de presos da SAP (Secretaria da Administra\u00e7\u00e3o Penitenci\u00e1ria) de S\u00e3o Paulo, na manh\u00e3 desta segunda-feira (2), no Anel Vi\u00e1rio Sul (rodovia Ant\u00f4nio Duarte Nogueira, SP-322), em Ribeir\u00e3o Preto. Segundo informa\u00e7\u00f5es da Artesp (Ag\u00eancia de\u2026","rel":"","context":"In &quot;Not\u00edcias de Ribeir\u00e3o Preto-SP e Regi\u00e3o&quot;","block_context":{"text":"Not\u00edcias de Ribeir\u00e3o Preto-SP e Regi\u00e3o","link":"https:\/\/noticiasribeiraopreto.com.br\/index.php\/category\/noticias-de-ribeirao-preto-sp-e-regiao-ismael-colosi\/"},"img":{"alt_text":"","src":"https:\/\/i0.wp.com\/noticiasribeiraopreto.com.br\/wp-content\/uploads\/2025\/06\/WhatsApp-Image-2025-06-02-at-09.40.29-1_2025-06-02_13-00-22.webp.webp?fit=1200%2C675&ssl=1&resize=350%2C200","width":350,"height":200,"srcset":"https:\/\/i0.wp.com\/noticiasribeiraopreto.com.br\/wp-content\/uploads\/2025\/06\/WhatsApp-Image-2025-06-02-at-09.40.29-1_2025-06-02_13-00-22.webp.webp?fit=1200%2C675&ssl=1&resize=350%2C200 1x, https:\/\/i0.wp.com\/noticiasribeiraopreto.com.br\/wp-content\/uploads\/2025\/06\/WhatsApp-Image-2025-06-02-at-09.40.29-1_2025-06-02_13-00-22.webp.webp?fit=1200%2C675&ssl=1&resize=525%2C300 1.5x, https:\/\/i0.wp.com\/noticiasribeiraopreto.com.br\/wp-content\/uploads\/2025\/06\/WhatsApp-Image-2025-06-02-at-09.40.29-1_2025-06-02_13-00-22.webp.webp?fit=1200%2C675&ssl=1&resize=700%2C400 2x, https:\/\/i0.wp.com\/noticiasribeiraopreto.com.br\/wp-content\/uploads\/2025\/06\/WhatsApp-Image-2025-06-02-at-09.40.29-1_2025-06-02_13-00-22.webp.webp?fit=1200%2C675&ssl=1&resize=1050%2C600 3x"},"classes":[]},{"id":86065,"url":"https:\/\/noticiasribeiraopreto.com.br\/index.php\/2026\/05\/29\/engavetamento-trava-trecho-de-rodovia-de-rp\/","url_meta":{"origin":85865,"position":1},"title":"Engavetamento trava trecho de rodovia de RP","author":"noticiasribeiraopreto.com.br","date":"29 de May de 2026","format":false,"excerpt":"\r \r \r Caminh\u00e3o pipa carregado teria perdido o freio e atingiu outros quatro carros\r \r 29 de maio de 2026 12:3529 de maio de 2026 12:38 \r Compartilhar3 \r | Por: Adalberto Luque | Um engavetamento ocorrido no final da manh\u00e3 desta sexta-feira (29) causou grande lentid\u00e3o no centro.\u2026","rel":"","context":"In &quot;Not\u00edcias de Ribeir\u00e3o Preto-SP e Regi\u00e3o&quot;","block_context":{"text":"Not\u00edcias de Ribeir\u00e3o Preto-SP e Regi\u00e3o","link":"https:\/\/noticiasribeiraopreto.com.br\/index.php\/category\/noticias-de-ribeirao-preto-sp-e-regiao-ismael-colosi\/"},"img":{"alt_text":"","src":"https:\/\/i0.wp.com\/noticiasribeiraopreto.com.br\/wp-content\/uploads\/2026\/05\/29-mai-2026-acidentesp255b-scaled.jpg?fit=1174%2C780&ssl=1&resize=350%2C200","width":350,"height":200,"srcset":"https:\/\/i0.wp.com\/noticiasribeiraopreto.com.br\/wp-content\/uploads\/2026\/05\/29-mai-2026-acidentesp255b-scaled.jpg?fit=1174%2C780&ssl=1&resize=350%2C200 1x, https:\/\/i0.wp.com\/noticiasribeiraopreto.com.br\/wp-content\/uploads\/2026\/05\/29-mai-2026-acidentesp255b-scaled.jpg?fit=1174%2C780&ssl=1&resize=525%2C300 1.5x, https:\/\/i0.wp.com\/noticiasribeiraopreto.com.br\/wp-content\/uploads\/2026\/05\/29-mai-2026-acidentesp255b-scaled.jpg?fit=1174%2C780&ssl=1&resize=700%2C400 2x, https:\/\/i0.wp.com\/noticiasribeiraopreto.com.br\/wp-content\/uploads\/2026\/05\/29-mai-2026-acidentesp255b-scaled.jpg?fit=1174%2C780&ssl=1&resize=1050%2C600 3x"},"classes":[]},{"id":89093,"url":"https:\/\/noticiasribeiraopreto.com.br\/index.php\/2026\/07\/30\/sete-veiculos-envolvidos-em-dois-acidentes-no-anel-viario\/","url_meta":{"origin":85865,"position":2},"title":"Sete ve\u00edculos envolvidos em dois acidentes no Anel Vi\u00e1rio","author":"noticiasribeiraopreto.com.br","date":"30 de July de 2026","format":false,"excerpt":"\r \r \r 30 de julho de 2026 10:23 \r Compartilhar1 | Por: Alfredo Risk e Adalberto Luque | Dois acidentes deixaram uma pessoa ferida e causaram transtornos na manh\u00e3 desta quinta-feira. Os dois casos ocorreram no Anel Vi\u00e1rio Sul, na Rodovia Prefeito Ant\u00f4nio Duarte Nogueira (SP-322), na pista sentido\u2026","rel":"","context":"In &quot;Not\u00edcias de Ribeir\u00e3o Preto-SP e Regi\u00e3o&quot;","block_context":{"text":"Not\u00edcias de Ribeir\u00e3o Preto-SP e Regi\u00e3o","link":"https:\/\/noticiasribeiraopreto.com.br\/index.php\/category\/noticias-de-ribeirao-preto-sp-e-regiao-ismael-colosi\/"},"img":{"alt_text":"","src":"https:\/\/i0.wp.com\/noticiasribeiraopreto.com.br\/wp-content\/uploads\/2026\/07\/30-jul-2026-acidenteengavetamento3-scaled.jpg?fit=1170%2C780&ssl=1&resize=350%2C200","width":350,"height":200,"srcset":"https:\/\/i0.wp.com\/noticiasribeiraopreto.com.br\/wp-content\/uploads\/2026\/07\/30-jul-2026-acidenteengavetamento3-scaled.jpg?fit=1170%2C780&ssl=1&resize=350%2C200 1x, https:\/\/i0.wp.com\/noticiasribeiraopreto.com.br\/wp-content\/uploads\/2026\/07\/30-jul-2026-acidenteengavetamento3-scaled.jpg?fit=1170%2C780&ssl=1&resize=525%2C300 1.5x, https:\/\/i0.wp.com\/noticiasribeiraopreto.com.br\/wp-content\/uploads\/2026\/07\/30-jul-2026-acidenteengavetamento3-scaled.jpg?fit=1170%2C780&ssl=1&resize=700%2C400 2x, https:\/\/i0.wp.com\/noticiasribeiraopreto.com.br\/wp-content\/uploads\/2026\/07\/30-jul-2026-acidenteengavetamento3-scaled.jpg?fit=1170%2C780&ssl=1&resize=1050%2C600 3x"},"classes":[]},{"id":90212,"url":"https:\/\/noticiasribeiraopreto.com.br\/index.php\/2026\/08\/19\/acidente-deixa-1-morto-e-2-feridos-no-anel-viario-norte-de-ribeirao-preto\/","url_meta":{"origin":85865,"position":3},"title":"Acidente deixa 1 morto e 2 feridos no Anel Vi\u00e1rio Norte de Ribeir\u00e3o Preto","author":"noticiasribeiraopreto.com.br","date":"19 de August de 2026","format":false,"excerpt":"Uma pessoa morreu e outras duas ficaram feridas em um acidente envolvendo quatro ve\u00edculos na noite desta ter\u00e7a-feira (18), no km 333 do Anel Vi\u00e1rio Norte (rodovia Alexandre Balbo, SP-328), em Ribeir\u00e3o Preto. Receba not\u00edcias do\u00a0acidade on Ribeir\u00e3o\u00a0no WhatsApp e fique por dentro de tudo! Basta acessar o link\u00a0aqui! Acidente\u2026","rel":"","context":"In &quot;Not\u00edcias de Ribeir\u00e3o Preto-SP e Regi\u00e3o&quot;","block_context":{"text":"Not\u00edcias de Ribeir\u00e3o Preto-SP e Regi\u00e3o","link":"https:\/\/noticiasribeiraopreto.com.br\/index.php\/category\/noticias-de-ribeirao-preto-sp-e-regiao-ismael-colosi\/"},"img":{"alt_text":"","src":"https:\/\/i0.wp.com\/noticiasribeiraopreto.com.br\/wp-content\/uploads\/2026\/08\/e93d626a-9b6a-46b1-a49c-01b402c79aca.jpg?fit=1200%2C677&ssl=1&resize=350%2C200","width":350,"height":200,"srcset":"https:\/\/i0.wp.com\/noticiasribeiraopreto.com.br\/wp-content\/uploads\/2026\/08\/e93d626a-9b6a-46b1-a49c-01b402c79aca.jpg?fit=1200%2C677&ssl=1&resize=350%2C200 1x, https:\/\/i0.wp.com\/noticiasribeiraopreto.com.br\/wp-content\/uploads\/2026\/08\/e93d626a-9b6a-46b1-a49c-01b402c79aca.jpg?fit=1200%2C677&ssl=1&resize=525%2C300 1.5x, https:\/\/i0.wp.com\/noticiasribeiraopreto.com.br\/wp-content\/uploads\/2026\/08\/e93d626a-9b6a-46b1-a49c-01b402c79aca.jpg?fit=1200%2C677&ssl=1&resize=700%2C400 2x, https:\/\/i0.wp.com\/noticiasribeiraopreto.com.br\/wp-content\/uploads\/2026\/08\/e93d626a-9b6a-46b1-a49c-01b402c79aca.jpg?fit=1200%2C677&ssl=1&resize=1050%2C600 3x"},"classes":[]},{"id":53995,"url":"https:\/\/noticiasribeiraopreto.com.br\/index.php\/2024\/06\/26\/engavetamento-deixa-feridos-e-causa-congestionamento-em-rodovia-de-ribeirao-preto\/","url_meta":{"origin":85865,"position":4},"title":"Engavetamento deixa feridos e causa congestionamento em rodovia de Ribeir\u00e3o Preto","author":"noticiasribeiraopreto.com.br","date":"26 de June de 2024","format":false,"excerpt":"Um engavetamento envolvendo tr\u00eas ve\u00edculos na rodovia Jos\u00e9 Fregonesi, que liga Ribeir\u00e3o Preto a Bonfim Paulista deixou feridos, entre eles, um em estado grave. O acidente ocorreu no in\u00edcio da noite desta quarta-feira (26). Segundo a Arteris Via Paulista, concession\u00e1ria que administra o trecho, h\u00e1 congestionamento de mais de tr\u00eas\u2026","rel":"","context":"In &quot;Not\u00edcias de Ribeir\u00e3o Preto-SP e Regi\u00e3o&quot;","block_context":{"text":"Not\u00edcias de Ribeir\u00e3o Preto-SP e Regi\u00e3o","link":"https:\/\/noticiasribeiraopreto.com.br\/index.php\/category\/noticias-de-ribeirao-preto-sp-e-regiao-ismael-colosi\/"},"img":{"alt_text":"","src":"https:\/\/i0.wp.com\/noticiasribeiraopreto.com.br\/wp-content\/uploads\/2024\/06\/Capturar_2024-06-26_21-58-42_jpg_2024-06-26_21-58-42.webp.webp?fit=789%2C362&ssl=1&resize=350%2C200","width":350,"height":200,"srcset":"https:\/\/i0.wp.com\/noticiasribeiraopreto.com.br\/wp-content\/uploads\/2024\/06\/Capturar_2024-06-26_21-58-42_jpg_2024-06-26_21-58-42.webp.webp?fit=789%2C362&ssl=1&resize=350%2C200 1x, https:\/\/i0.wp.com\/noticiasribeiraopreto.com.br\/wp-content\/uploads\/2024\/06\/Capturar_2024-06-26_21-58-42_jpg_2024-06-26_21-58-42.webp.webp?fit=789%2C362&ssl=1&resize=525%2C300 1.5x, https:\/\/i0.wp.com\/noticiasribeiraopreto.com.br\/wp-content\/uploads\/2024\/06\/Capturar_2024-06-26_21-58-42_jpg_2024-06-26_21-58-42.webp.webp?fit=789%2C362&ssl=1&resize=700%2C400 2x"},"classes":[]},{"id":88161,"url":"https:\/\/noticiasribeiraopreto.com.br\/index.php\/2026\/07\/15\/engavetamento-entre-duas-carretas-uma-van-e-um-carro-deixa-dois-feridos-na-anhanguera\/","url_meta":{"origin":85865,"position":5},"title":"Engavetamento entre duas carretas, uma van e um carro deixa dois feridos na Anhanguera","author":"noticiasribeiraopreto.com.br","date":"15 de July de 2026","format":false,"excerpt":"Um engavetamento envolvendo dois caminh\u00f5es, uma van e um carro deixou duas pessoas com ferimentos leves na tarde desta quarta-feira (15), na rodovia Anhanguera (SP-330), em Cravinhos, na regi\u00e3o de Ribeir\u00e3o Preto. O acidente aconteceu no km 295 da pista Norte, no sentido Ribeir\u00e3o Preto. De acordo com a concession\u00e1ria,\u2026","rel":"","context":"In &quot;Not\u00edcias de Ribeir\u00e3o Preto-SP e Regi\u00e3o&quot;","block_context":{"text":"Not\u00edcias de Ribeir\u00e3o Preto-SP e Regi\u00e3o","link":"https:\/\/noticiasribeiraopreto.com.br\/index.php\/category\/noticias-de-ribeirao-preto-sp-e-regiao-ismael-colosi\/"},"img":{"alt_text":"","src":"https:\/\/i0.wp.com\/noticiasribeiraopreto.com.br\/wp-content\/uploads\/2026\/07\/IMAGENS-FORTES-14.png?fit=1200%2C675&ssl=1&resize=350%2C200","width":350,"height":200,"srcset":"https:\/\/i0.wp.com\/noticiasribeiraopreto.com.br\/wp-content\/uploads\/2026\/07\/IMAGENS-FORTES-14.png?fit=1200%2C675&ssl=1&resize=350%2C200 1x, https:\/\/i0.wp.com\/noticiasribeiraopreto.com.br\/wp-content\/uploads\/2026\/07\/IMAGENS-FORTES-14.png?fit=1200%2C675&ssl=1&resize=525%2C300 1.5x, https:\/\/i0.wp.com\/noticiasribeiraopreto.com.br\/wp-content\/uploads\/2026\/07\/IMAGENS-FORTES-14.png?fit=1200%2C675&ssl=1&resize=700%2C400 2x, https:\/\/i0.wp.com\/noticiasribeiraopreto.com.br\/wp-content\/uploads\/2026\/07\/IMAGENS-FORTES-14.png?fit=1200%2C675&ssl=1&resize=1050%2C600 3x"},"classes":[]}],"jetpack_sharing_enabled":true,"jetpack_shortlink":"https:\/\/wp.me\/peQAOb-mkV","jetpack_featured_media_url":"https:\/\/i0.wp.com\/noticiasribeiraopreto.com.br\/wp-content\/uploads\/2026\/05\/21-mai-2026-acidenteanelsul1.jpg?fit=812%2C459&ssl=1","_links":{"self":[{"href":"https:\/\/noticiasribeiraopreto.com.br\/index.php\/wp-json\/wp\/v2\/posts\/85865","targetHints":{"allow":["GET"]}}],"collection":[{"href":"https:\/\/noticiasribeiraopreto.com.br\/index.php\/wp-json\/wp\/v2\/posts"}],"about":[{"href":"https:\/\/noticiasribeiraopreto.com.br\/index.php\/wp-json\/wp\/v2\/types\/post"}],"author":[{"embeddable":true,"href":"https:\/\/noticiasribeiraopreto.com.br\/index.php\/wp-json\/wp\/v2\/users\/1"}],"replies":[{"embeddable":true,"href":"https:\/\/noticiasribeiraopreto.com.br\/index.php\/wp-json\/wp\/v2\/comments?post=85865"}],"version-history":[{"count":0,"href":"https:\/\/noticiasribeiraopreto.com.br\/index.php\/wp-json\/wp\/v2\/posts\/85865\/revisions"}],"wp:featuredmedia":[{"embeddable":true,"href":"https:\/\/noticiasribeiraopreto.com.br\/index.php\/wp-json\/wp\/v2\/media\/85867"}],"wp:attachment":[{"href":"https:\/\/noticiasribeiraopreto.com.br\/index.php\/wp-json\/wp\/v2\/media?parent=85865"}],"wp:term":[{"taxonomy":"category","embeddable":true,"href":"https:\/\/noticiasribeiraopreto.com.br\/index.php\/wp-json\/wp\/v2\/categories?post=85865"},{"taxonomy":"post_tag","embeddable":true,"href":"https:\/\/noticiasribeiraopreto.com.br\/index.php\/wp-json\/wp\/v2\/tags?post=85865"}],"curies":[{"name":"wp","href":"https:\/\/api.w.org\/{rel}","templated":true}]}}