{"id":85930,"date":"2026-05-27T21:50:52","date_gmt":"2026-05-28T00:50:52","guid":{"rendered":"https:\/\/noticiasribeiraopreto.com.br\/index.php\/2026\/05\/27\/video-carro-e-levado-de-dentro-de-condominio\/"},"modified":"2026-05-27T21:50:52","modified_gmt":"2026-05-28T00:50:52","slug":"video-carro-e-levado-de-dentro-de-condominio","status":"publish","type":"post","link":"https:\/\/noticiasribeiraopreto.com.br\/index.php\/2026\/05\/27\/video-carro-e-levado-de-dentro-de-condominio\/","title":{"rendered":"V\u00cdDEO &#8211; Carro \u00e9 levado de dentro de condom\u00ednio"},"content":{"rendered":"<div class='code-block code-block-1' style='margin: 8px 0 8px auto; text-align: right; display: block; clear: both;'>\n<p><a href=\"https:\/\/wa.link\/vpicfd\"><img data-recalc-dims=\"1\" class=\"wp-image-4922\" style=\"aspect-ratio: 2.0253164556962027; width: 561px; height: auto;\" src=\"https:\/\/i0.wp.com\/ismaelcolosi.com.br\/wp-content\/uploads\/2023\/11\/grupo-de-empregos-whatsapp-e-facebook-ismael-colosi-vagas.jpg?ssl=1\" alt=\"\" \/><\/a><\/p>\n<!-- \/wp:image -->\n<\/div>\n<p> <br \/>\n<\/p>\n<div id=\"post-465254\">&#13;<br \/>\n&#13;<\/p>\n<header class=\"entry-header penci-entry-header penci-title-center\">&#13;<\/p>\n<h2 class=\"penci-post-subtitle\">Furto ocorreu em pr\u00e9dio que conta com portaria remota e autor n\u00e3o foi identificado<\/h2>\n<p>&#13;<\/p>\n<p>&#13;<br \/>\n\t\t\t\t\t\t\t\t\t<span class=\"entry-meta-item penci-posted-on\"><i class=\"fa fa-clock-o\"\/><time class=\"entry-date published\" datetime=\"2026-05-26T12:55:21-03:00\">26 de maio de 2026 12:55<\/time><time class=\"updated\" datetime=\"2026-05-26T12:55:35-03:00\">26 de maio de 2026 12:55<\/time><\/span><span class=\"entry-meta-item penci-post-countview\"\/>\t\t\t\t\t\t\t\t<\/p>\n<p><!-- .entry-meta -->&#13;<br \/>\n\t\t\t\t\t\t\t\t<span class=\"penci-social-buttons penci-social-share-footer\"><span class=\"penci-social-share-text\">Compartilhar<\/span><a href=\"#\" class=\"penci-post-like penci_post-meta_item  single-like-button penci-social-item like\" data-post_id=\"465254\" title=\"Like\" data-like=\"Like\" data-unlike=\"Unlike\"><i class=\"fa fa-thumbs-o-up\"\/><span class=\"penci-share-number\">3<\/span><\/a><i class=\"fa fa-facebook\"\/><a class=\"penci-social-item twitter\" target=\"_blank\" rel=\"noopener\" title=\"\" href=\"https:\/\/twitter.com\/intent\/tweet?text=V\u00cdDEO%20-%20Carro%20\u00e9%20levado%20de%20dentro%20de%20condom\u00ednio%20-%20https:\/\/www.tribunaribeirao.com.br\/video-carro-e-levado-de-dentro-de-condominio\/\"><i class=\"fa fa-twitter\"\/><\/a><i class=\"fa fa-linkedin\"\/><i class=\"fa fa-whatsapp\"\/><i class=\"fa fa-telegram\"\/><i class=\"fa fa-envelope\"\/><\/span>\t\t\t\t\t\t\t<\/header>\n<p><!-- .entry-header -->&#13;<\/p>\n<div class=\"entry-media penci-entry-media\">\n<p><iframe loading=\"lazy\" title=\"VW Tera\" width=\"500\" height=\"281\" src=\"https:\/\/www.youtube.com\/embed\/OgV2HXd2QqI?feature=oembed\" frameborder=\"0\" allow=\"accelerometer; autoplay; clipboard-write; encrypted-media; gyroscope; picture-in-picture; web-share\" referrerpolicy=\"strict-origin-when-cross-origin\" allowfullscreen><\/iframe><\/p>\n<\/p><\/div>\n<div class=\"penci-entry-content entry-content\">\n<p>| Por: Adalberto Luque |<\/p>\n<p>Um Volkswagen Tera azul escuro foi furtado dentro de um condom\u00ednio, no final da tarde deste domingo (24). O crime ocorreu em um pr\u00e9dio que conta com portaria remota, localizado na rua Eug\u00eanio Rocha Filho, Jardim Bot\u00e2nico, zona Sul de Ribeir\u00e3o Preto.<\/p>\n<p>O furto foi registrado por c\u00e2meras de monitoramento do condom\u00ednio. As imagens mostram o momento em que uma pessoa, ainda n\u00e3o identificada, deixa o local conduzindo o ve\u00edculo da v\u00edtima, uma psic\u00f3loga que mora no pr\u00e9dio.<\/p>\n<figure id=\"attachment_465255\" aria-describedby=\"caption-attachment-465255\" style=\"width: 837px\" class=\"wp-caption alignnone\"><figcaption id=\"caption-attachment-465255\" class=\"wp-caption-text\">Carro foi levado de dentro da garagem do condom\u00ednio (Foto: Reprodu\u00e7\u00e3o)<\/figcaption><\/figure>\n<p>Segundo a moradora, o condom\u00ednio possui sistema de portaria remota, monitoramento por c\u00e2meras e acesso liberado por reconhecimento facial ou autoriza\u00e7\u00e3o \u00e0 dist\u00e2ncia.<\/p>\n<p>De acordo com a propriet\u00e1ria do autom\u00f3vel, o carro foi levado por volta das 16h, mas o desaparecimento s\u00f3 foi percebido na manh\u00e3 desta segunda-feira (25). Inicialmente, ela acreditou que a m\u00e3e tivesse sa\u00eddo com o ve\u00edculo.<\/p>\n<p>A v\u00edtima relatou que mora no condom\u00ednio h\u00e1 cerca de cinco anos e suspeita que o autor tenha aproveitado alguma falha no sistema de seguran\u00e7a para entrar no pr\u00e9dio. Ainda segundo ela, o suspeito teria utilizado o controle do port\u00e3o, que estava dentro do pr\u00f3prio carro, para deixar o local.<\/p>\n<p>As imagens das c\u00e2meras de seguran\u00e7a e do circuito interno do pr\u00e9dio foram entregues \u00e0 Pol\u00edcia Civil. O objetivo \u00e9 que ajudem a identificar o criminoso. O caso segue em investiga\u00e7\u00e3o, mas ningu\u00e9m foi preso e o carro ainda n\u00e3o foi localizado.<\/p>\n<\/div>\n<p><!-- .entry-content -->&#13;<br \/>\n&#13;<\/p>\n<footer class=\"penci-entry-footer\">&#13;<br \/>\n\t\t\t\t\t\t\t\t<span class=\"penci-social-buttons penci-social-share-footer\"><span class=\"penci-social-share-text\">Compartilhar<\/span><a href=\"#\" class=\"penci-post-like penci_post-meta_item  single-like-button penci-social-item like\" data-post_id=\"465254\" title=\"Like\" data-like=\"Like\" data-unlike=\"Unlike\"><i class=\"fa fa-thumbs-o-up\"\/><span class=\"penci-share-number\">3<\/span><\/a><i class=\"fa fa-facebook\"\/><a class=\"penci-social-item twitter\" target=\"_blank\" rel=\"noopener\" title=\"\" href=\"https:\/\/twitter.com\/intent\/tweet?text=V\u00cdDEO%20-%20Carro%20\u00e9%20levado%20de%20dentro%20de%20condom\u00ednio%20-%20https:\/\/www.tribunaribeirao.com.br\/video-carro-e-levado-de-dentro-de-condominio\/\"><i class=\"fa fa-twitter\"\/><\/a><i class=\"fa fa-linkedin\"\/><i class=\"fa fa-whatsapp\"\/><i class=\"fa fa-telegram\"\/><i class=\"fa fa-envelope\"\/><\/span>\t\t\t\t\t\t\t<\/footer>\n<p><!-- .entry-footer -->&#13;\n\t\t\t\t\t\t<\/div>\n<p><script async src=\"\/\/platform.twitter.com\/widgets.js\" charset=\"utf-8\"><\/script><br \/>\n<br \/><br \/>\n<br \/><a href=\"https:\/\/www.tribunaribeirao.com.br\/video-carro-e-levado-de-dentro-de-condominio\/\">Texto original daqui <\/a><\/p>\n<!-- CONTENT END 1 -->\n","protected":false},"excerpt":{"rendered":"<p>&#13; &#13; &#13; Furto ocorreu em pr\u00e9dio que conta com portaria remota e autor n\u00e3o foi identificado &#13; &#13; 26 de maio de 2026 12:5526&#8230;<\/p>\n","protected":false},"author":1,"featured_media":85932,"comment_status":"","ping_status":"","sticky":false,"template":"","format":"standard","meta":{"advanced_seo_description":"","jetpack_seo_html_title":"","jetpack_seo_noindex":false,"jetpack_seo_schema_type":"","_jetpack_newsletter_access":"","_jetpack_dont_email_post_to_subs":false,"_jetpack_newsletter_tier_id":0,"_jetpack_memberships_contains_paywalled_content":false,"_jetpack_feature_clip_id":0,"_jetpack_memberships_contains_paid_content":false,"footnotes":"","jetpack_publicize_message":"","jetpack_publicize_feature_enabled":true,"jetpack_social_post_already_shared":true,"jetpack_social_options":{"image_generator_settings":{"template":"highway","default_image_id":0,"font":"","enabled":false},"version":2},"jetpack_post_was_ever_published":false},"categories":[11],"tags":[295,2348,2776,6761,67],"class_list":["post-85930","post","type-post","status-publish","format-standard","has-post-thumbnail","hentry","category-noticias-de-ribeirao-preto-sp-e-regiao-ismael-colosi","tag-carro","tag-condominio","tag-dentro","tag-levado","tag-video"],"jetpack_publicize_connections":[],"jetpack-related-posts":[{"id":45776,"url":"https:\/\/noticiasribeiraopreto.com.br\/index.php\/2024\/04\/07\/homem-e-preso-por-embriaguez-apos-provocar-dois-acidentes-em-ribeirao-preto\/","url_meta":{"origin":85930,"position":0},"title":"Homem \u00e9 preso por embriaguez ap\u00f3s provocar dois acidentes em Ribeir\u00e3o Preto","author":"noticiasribeiraopreto.com.br","date":"7 de April de 2024","format":false,"excerpt":"Um homem de 26 anos foi preso em flagrante depois de bater em dois carros em Ribeir\u00e3o Preto na madrugada de domingo (7). De acordo com a Pol\u00edcia Civil, o motorista estava embriagado. Segundo apura\u00e7\u00e3o da EPTV, o primeiro acidente aconteceu no cruzamento das avenidas Quito Junqueira com a Paschoal\u2026","rel":"","context":"In &quot;Not\u00edcias de Ribeir\u00e3o Preto-SP e Regi\u00e3o&quot;","block_context":{"text":"Not\u00edcias de Ribeir\u00e3o Preto-SP e Regi\u00e3o","link":"https:\/\/noticiasribeiraopreto.com.br\/index.php\/category\/noticias-de-ribeirao-preto-sp-e-regiao-ismael-colosi\/"},"img":{"alt_text":"","src":"https:\/\/i0.wp.com\/noticiasribeiraopreto.com.br\/wp-content\/uploads\/2024\/04\/cpj_1024x576_04082020121137.jpg?fit=1024%2C575&ssl=1&resize=350%2C200","width":350,"height":200,"srcset":"https:\/\/i0.wp.com\/noticiasribeiraopreto.com.br\/wp-content\/uploads\/2024\/04\/cpj_1024x576_04082020121137.jpg?fit=1024%2C575&ssl=1&resize=350%2C200 1x, https:\/\/i0.wp.com\/noticiasribeiraopreto.com.br\/wp-content\/uploads\/2024\/04\/cpj_1024x576_04082020121137.jpg?fit=1024%2C575&ssl=1&resize=525%2C300 1.5x, https:\/\/i0.wp.com\/noticiasribeiraopreto.com.br\/wp-content\/uploads\/2024\/04\/cpj_1024x576_04082020121137.jpg?fit=1024%2C575&ssl=1&resize=700%2C400 2x"},"classes":[]},{"id":85428,"url":"https:\/\/noticiasribeiraopreto.com.br\/index.php\/2026\/05\/05\/video-trio-furta-duas-motos-em-poucos-minutos\/","url_meta":{"origin":85930,"position":1},"title":"V\u00cdDEO \u2013 Trio furta duas motos em poucos minutos \u2013 Tribuna Ribeir\u00e3o","author":"noticiasribeiraopreto.com.br","date":"5 de May de 2026","format":false,"excerpt":"\r \r \r Crime ocorreu em frente a condom\u00ednio residencial localizado na Via Norte\r \r 5 de maio de 2026 08:375 de maio de 2026 08:37 \r Compartilhar1 \r | Por: Adalberto Luque | Tr\u00eas pessoas levaram duas motos estacionada, com poucos minutos de diferen\u00e7a, na noite de s\u00e1bado (2).\u2026","rel":"","context":"In &quot;Not\u00edcias de Ribeir\u00e3o Preto-SP e Regi\u00e3o&quot;","block_context":{"text":"Not\u00edcias de Ribeir\u00e3o Preto-SP e Regi\u00e3o","link":"https:\/\/noticiasribeiraopreto.com.br\/index.php\/category\/noticias-de-ribeirao-preto-sp-e-regiao-ismael-colosi\/"},"img":{"alt_text":"","src":"https:\/\/i0.wp.com\/noticiasribeiraopreto.com.br\/wp-content\/uploads\/2026\/05\/04-mai-2026-furtomotos.jpg?fit=1168%2C710&ssl=1&resize=350%2C200","width":350,"height":200,"srcset":"https:\/\/i0.wp.com\/noticiasribeiraopreto.com.br\/wp-content\/uploads\/2026\/05\/04-mai-2026-furtomotos.jpg?fit=1168%2C710&ssl=1&resize=350%2C200 1x, https:\/\/i0.wp.com\/noticiasribeiraopreto.com.br\/wp-content\/uploads\/2026\/05\/04-mai-2026-furtomotos.jpg?fit=1168%2C710&ssl=1&resize=525%2C300 1.5x, https:\/\/i0.wp.com\/noticiasribeiraopreto.com.br\/wp-content\/uploads\/2026\/05\/04-mai-2026-furtomotos.jpg?fit=1168%2C710&ssl=1&resize=700%2C400 2x, https:\/\/i0.wp.com\/noticiasribeiraopreto.com.br\/wp-content\/uploads\/2026\/05\/04-mai-2026-furtomotos.jpg?fit=1168%2C710&ssl=1&resize=1050%2C600 3x"},"classes":[]},{"id":80976,"url":"https:\/\/noticiasribeiraopreto.com.br\/index.php\/2025\/12\/19\/video-carro-desgovernado-atropela-motociclista-e-atinge-7-veiculos\/","url_meta":{"origin":85930,"position":2},"title":"V\u00cdDEO &#8211; Carro desgovernado atropela motociclista e atinge 7 ve\u00edculos","author":"noticiasribeiraopreto.com.br","date":"19 de December de 2025","format":false,"excerpt":"\r Motorista, que \u00e9 m\u00e9dico aposentado, sofreu ferimentos leves e motociclista foi levado para UPA, al\u00e9m de ter moto apreendida\r \r 19 de dezembro de 2025 10:52 \r Compartilhar1 Por: Adalberto Luque Um carro desgovernado causou um acidente impressionante, envolvendo pelo menos seis carros e duas motos, na tarde desta\u2026","rel":"","context":"In &quot;Not\u00edcias de Ribeir\u00e3o Preto-SP e Regi\u00e3o&quot;","block_context":{"text":"Not\u00edcias de Ribeir\u00e3o Preto-SP e Regi\u00e3o","link":"https:\/\/noticiasribeiraopreto.com.br\/index.php\/category\/noticias-de-ribeirao-preto-sp-e-regiao-ismael-colosi\/"},"img":{"alt_text":"","src":"https:\/\/i0.wp.com\/noticiasribeiraopreto.com.br\/wp-content\/uploads\/2025\/12\/19-dez-2025-acidentenove2-scaled.jpg?fit=1200%2C723&ssl=1&resize=350%2C200","width":350,"height":200,"srcset":"https:\/\/i0.wp.com\/noticiasribeiraopreto.com.br\/wp-content\/uploads\/2025\/12\/19-dez-2025-acidentenove2-scaled.jpg?fit=1200%2C723&ssl=1&resize=350%2C200 1x, https:\/\/i0.wp.com\/noticiasribeiraopreto.com.br\/wp-content\/uploads\/2025\/12\/19-dez-2025-acidentenove2-scaled.jpg?fit=1200%2C723&ssl=1&resize=525%2C300 1.5x, https:\/\/i0.wp.com\/noticiasribeiraopreto.com.br\/wp-content\/uploads\/2025\/12\/19-dez-2025-acidentenove2-scaled.jpg?fit=1200%2C723&ssl=1&resize=700%2C400 2x, https:\/\/i0.wp.com\/noticiasribeiraopreto.com.br\/wp-content\/uploads\/2025\/12\/19-dez-2025-acidentenove2-scaled.jpg?fit=1200%2C723&ssl=1&resize=1050%2C600 3x"},"classes":[]},{"id":90517,"url":"https:\/\/noticiasribeiraopreto.com.br\/index.php\/2026\/08\/24\/video-homem-cai-com-carro-em-corrego-na-via-norte\/","url_meta":{"origin":85930,"position":3},"title":"V\u00cdDEO &#8211; Homem cai com carro em c\u00f3rrego na Via Norte","author":"noticiasribeiraopreto.com.br","date":"24 de August de 2026","format":false,"excerpt":"\r \r \r Ve\u00edculo ficou com as rodas suspensas, e socorristas retiraram a v\u00edtima com ferimentos leves\r \r 24 de agosto de 2026 11:20 \r Compartilhar2 \r | Por: Adalberto Luque | Um homem de 43 anos caiu com o carro em um c\u00f3rrego, na noite deste domingo (23). O\u2026","rel":"","context":"In &quot;Not\u00edcias de Ribeir\u00e3o Preto-SP e Regi\u00e3o&quot;","block_context":{"text":"Not\u00edcias de Ribeir\u00e3o Preto-SP e Regi\u00e3o","link":"https:\/\/noticiasribeiraopreto.com.br\/index.php\/category\/noticias-de-ribeirao-preto-sp-e-regiao-ismael-colosi\/"},"img":{"alt_text":"","src":"https:\/\/i0.wp.com\/noticiasribeiraopreto.com.br\/wp-content\/uploads\/2026\/08\/24-ago-2026-caiunocorrego.jpg?fit=598%2C519&ssl=1&resize=350%2C200","width":350,"height":200,"srcset":"https:\/\/i0.wp.com\/noticiasribeiraopreto.com.br\/wp-content\/uploads\/2026\/08\/24-ago-2026-caiunocorrego.jpg?fit=598%2C519&ssl=1&resize=350%2C200 1x, https:\/\/i0.wp.com\/noticiasribeiraopreto.com.br\/wp-content\/uploads\/2026\/08\/24-ago-2026-caiunocorrego.jpg?fit=598%2C519&ssl=1&resize=525%2C300 1.5x"},"classes":[]},{"id":87041,"url":"https:\/\/noticiasribeiraopreto.com.br\/index.php\/2026\/06\/26\/video-bando-faz-arrastao-em-condominio-e-leva-bicicletas\/","url_meta":{"origin":85930,"position":4},"title":"V\u00cdDEO &#8211; Bando faz arrast\u00e3o em condom\u00ednio e leva bicicletas","author":"noticiasribeiraopreto.com.br","date":"26 de June de 2026","format":false,"excerpt":"\r \r \r Uma das bicicletas furtadas foi avaliada em R$ 30 mil; sete menores foram apreendidos pela PM\r \r 26 de junho de 2026 10:5026 de junho de 2026 10:50 \r Compartilhar2 \r | Por: Adalberto Luque | A Pol\u00edcia Militar apreendeu sete menores, no in\u00edcio da madrugada desta\u2026","rel":"","context":"In &quot;Not\u00edcias de Ribeir\u00e3o Preto-SP e Regi\u00e3o&quot;","block_context":{"text":"Not\u00edcias de Ribeir\u00e3o Preto-SP e Regi\u00e3o","link":"https:\/\/noticiasribeiraopreto.com.br\/index.php\/category\/noticias-de-ribeirao-preto-sp-e-regiao-ismael-colosi\/"},"img":{"alt_text":"","src":"https:\/\/i0.wp.com\/noticiasribeiraopreto.com.br\/wp-content\/uploads\/2026\/06\/26-jun-2026-furtobikes1.jpg?fit=882%2C502&ssl=1&resize=350%2C200","width":350,"height":200,"srcset":"https:\/\/i0.wp.com\/noticiasribeiraopreto.com.br\/wp-content\/uploads\/2026\/06\/26-jun-2026-furtobikes1.jpg?fit=882%2C502&ssl=1&resize=350%2C200 1x, https:\/\/i0.wp.com\/noticiasribeiraopreto.com.br\/wp-content\/uploads\/2026\/06\/26-jun-2026-furtobikes1.jpg?fit=882%2C502&ssl=1&resize=525%2C300 1.5x, https:\/\/i0.wp.com\/noticiasribeiraopreto.com.br\/wp-content\/uploads\/2026\/06\/26-jun-2026-furtobikes1.jpg?fit=882%2C502&ssl=1&resize=700%2C400 2x"},"classes":[]},{"id":87148,"url":"https:\/\/noticiasribeiraopreto.com.br\/index.php\/2026\/06\/28\/motorista-bate-caminhonete-em-muro-de-condominio-e-estrutura-cai-sobre-cinco-carros\/","url_meta":{"origin":85930,"position":5},"title":"Motorista bate caminhonete em muro de condom\u00ednio e estrutura cai sobre cinco carros","author":"noticiasribeiraopreto.com.br","date":"28 de June de 2026","format":false,"excerpt":"Um motorista de 51 anos se envolveu em um acidente de tr\u00e2nsito e bateu uma caminhonete contra o muro de um condom\u00ednio na noite deste s\u00e1bado (27), no Jardim Nova Alian\u00e7a Sul, zona Sul de Ribeir\u00e3o Preto. Com a for\u00e7a do impacto, a estrutura desabou e atingiu cinco ve\u00edculos que\u2026","rel":"","context":"In &quot;Not\u00edcias de Ribeir\u00e3o Preto-SP e Regi\u00e3o&quot;","block_context":{"text":"Not\u00edcias de Ribeir\u00e3o Preto-SP e Regi\u00e3o","link":"https:\/\/noticiasribeiraopreto.com.br\/index.php\/category\/noticias-de-ribeirao-preto-sp-e-regiao-ismael-colosi\/"},"img":{"alt_text":"","src":"https:\/\/i0.wp.com\/noticiasribeiraopreto.com.br\/wp-content\/uploads\/2026\/06\/acidente-ribeirao_2026-06-28_19-11-14.webp.webp?fit=1200%2C675&ssl=1&resize=350%2C200","width":350,"height":200,"srcset":"https:\/\/i0.wp.com\/noticiasribeiraopreto.com.br\/wp-content\/uploads\/2026\/06\/acidente-ribeirao_2026-06-28_19-11-14.webp.webp?fit=1200%2C675&ssl=1&resize=350%2C200 1x, https:\/\/i0.wp.com\/noticiasribeiraopreto.com.br\/wp-content\/uploads\/2026\/06\/acidente-ribeirao_2026-06-28_19-11-14.webp.webp?fit=1200%2C675&ssl=1&resize=525%2C300 1.5x, https:\/\/i0.wp.com\/noticiasribeiraopreto.com.br\/wp-content\/uploads\/2026\/06\/acidente-ribeirao_2026-06-28_19-11-14.webp.webp?fit=1200%2C675&ssl=1&resize=700%2C400 2x, https:\/\/i0.wp.com\/noticiasribeiraopreto.com.br\/wp-content\/uploads\/2026\/06\/acidente-ribeirao_2026-06-28_19-11-14.webp.webp?fit=1200%2C675&ssl=1&resize=1050%2C600 3x"},"classes":[]}],"jetpack_sharing_enabled":true,"jetpack_shortlink":"https:\/\/wp.me\/peQAOb-mlY","jetpack_featured_media_url":"https:\/\/i0.wp.com\/noticiasribeiraopreto.com.br\/wp-content\/uploads\/2026\/05\/26-mai-2026-carrofurtado1.jpg?fit=836%2C458&ssl=1","_links":{"self":[{"href":"https:\/\/noticiasribeiraopreto.com.br\/index.php\/wp-json\/wp\/v2\/posts\/85930","targetHints":{"allow":["GET"]}}],"collection":[{"href":"https:\/\/noticiasribeiraopreto.com.br\/index.php\/wp-json\/wp\/v2\/posts"}],"about":[{"href":"https:\/\/noticiasribeiraopreto.com.br\/index.php\/wp-json\/wp\/v2\/types\/post"}],"author":[{"embeddable":true,"href":"https:\/\/noticiasribeiraopreto.com.br\/index.php\/wp-json\/wp\/v2\/users\/1"}],"replies":[{"embeddable":true,"href":"https:\/\/noticiasribeiraopreto.com.br\/index.php\/wp-json\/wp\/v2\/comments?post=85930"}],"version-history":[{"count":0,"href":"https:\/\/noticiasribeiraopreto.com.br\/index.php\/wp-json\/wp\/v2\/posts\/85930\/revisions"}],"wp:featuredmedia":[{"embeddable":true,"href":"https:\/\/noticiasribeiraopreto.com.br\/index.php\/wp-json\/wp\/v2\/media\/85932"}],"wp:attachment":[{"href":"https:\/\/noticiasribeiraopreto.com.br\/index.php\/wp-json\/wp\/v2\/media?parent=85930"}],"wp:term":[{"taxonomy":"category","embeddable":true,"href":"https:\/\/noticiasribeiraopreto.com.br\/index.php\/wp-json\/wp\/v2\/categories?post=85930"},{"taxonomy":"post_tag","embeddable":true,"href":"https:\/\/noticiasribeiraopreto.com.br\/index.php\/wp-json\/wp\/v2\/tags?post=85930"}],"curies":[{"name":"wp","href":"https:\/\/api.w.org\/{rel}","templated":true}]}}