{"id":85933,"date":"2026-05-27T21:53:48","date_gmt":"2026-05-28T00:53:48","guid":{"rendered":"https:\/\/noticiasribeiraopreto.com.br\/index.php\/2026\/05\/27\/video-ladroes-violentos-roubam-loja-na-regiao\/"},"modified":"2026-05-27T21:53:48","modified_gmt":"2026-05-28T00:53:48","slug":"video-ladroes-violentos-roubam-loja-na-regiao","status":"publish","type":"post","link":"https:\/\/noticiasribeiraopreto.com.br\/index.php\/2026\/05\/27\/video-ladroes-violentos-roubam-loja-na-regiao\/","title":{"rendered":"V\u00cdDEO &#8211; Ladr\u00f5es violentos roubam loja na regi\u00e3o"},"content":{"rendered":"<div class='code-block code-block-1' style='margin: 8px 0 8px auto; text-align: right; display: block; clear: both;'>\n<p><a href=\"https:\/\/wa.link\/vpicfd\"><img data-recalc-dims=\"1\" class=\"wp-image-4922\" style=\"aspect-ratio: 2.0253164556962027; width: 561px; height: auto;\" src=\"https:\/\/i0.wp.com\/ismaelcolosi.com.br\/wp-content\/uploads\/2023\/11\/grupo-de-empregos-whatsapp-e-facebook-ismael-colosi-vagas.jpg?ssl=1\" alt=\"\" \/><\/a><\/p>\n<!-- \/wp:image -->\n<\/div>\n<p> <br \/>\n<\/p>\n<div id=\"post-465248\">&#13;<br \/>\n&#13;<\/p>\n<header class=\"entry-header penci-entry-header penci-title-center\">&#13;<\/p>\n<h2 class=\"penci-post-subtitle\">Assaltantes entraram armados, amea\u00e7ando e agredindo funcion\u00e1rios e levaram dinheiro e bebidas, al\u00e9m de efetuar um disparo<\/h2>\n<p>&#13;<\/p>\n<p>&#13;<br \/>\n\t\t\t\t\t\t\t\t\t<span class=\"entry-meta-item penci-posted-on\"><i class=\"fa fa-clock-o\"\/><time class=\"entry-date published\" datetime=\"2026-05-26T12:24:07-03:00\">26 de maio de 2026 12:24<\/time><time class=\"updated\" datetime=\"2026-05-26T12:32:53-03:00\">26 de maio de 2026 12:32<\/time><\/span><span class=\"entry-meta-item penci-post-countview\"\/>\t\t\t\t\t\t\t\t<\/p>\n<p><!-- .entry-meta -->&#13;<br \/>\n\t\t\t\t\t\t\t\t<span class=\"penci-social-buttons penci-social-share-footer\"><span class=\"penci-social-share-text\">Compartilhar<\/span><a href=\"#\" class=\"penci-post-like penci_post-meta_item  single-like-button penci-social-item like\" data-post_id=\"465248\" title=\"Like\" data-like=\"Like\" data-unlike=\"Unlike\"><i class=\"fa fa-thumbs-o-up\"\/><span class=\"penci-share-number\">3<\/span><\/a><i class=\"fa fa-facebook\"\/><a class=\"penci-social-item twitter\" target=\"_blank\" rel=\"noopener\" title=\"\" href=\"https:\/\/twitter.com\/intent\/tweet?text=V\u00cdDEO%20-%20Ladr\u00f5es%20violentos%20roubam%20loja%20na%20regi\u00e3o%20-%20https:\/\/www.tribunaribeirao.com.br\/video-ladroes-violentos-roubam-loja-na-regiao\/\"><i class=\"fa fa-twitter\"\/><\/a><i class=\"fa fa-linkedin\"\/><i class=\"fa fa-whatsapp\"\/><i class=\"fa fa-telegram\"\/><i class=\"fa fa-envelope\"\/><\/span>\t\t\t\t\t\t\t<\/header>\n<p><!-- .entry-header -->&#13;<\/p>\n<div class=\"entry-media penci-entry-media\">\n<p><iframe loading=\"lazy\" title=\"Loja de conveni\u00eancia 2\" width=\"500\" height=\"281\" src=\"https:\/\/www.youtube.com\/embed\/-jsNQfjzuKc?feature=oembed\" frameborder=\"0\" allow=\"accelerometer; autoplay; clipboard-write; encrypted-media; gyroscope; picture-in-picture; web-share\" referrerpolicy=\"strict-origin-when-cross-origin\" allowfullscreen><\/iframe><\/p>\n<\/p><\/div>\n<div class=\"penci-entry-content entry-content\">\n<p>| Por: Adalberto Luque |<\/p>\n<p>Quatro homens armados roubaram, na madrugada desta ter\u00e7a-feira (26), uma loja de conveni\u00eancia. O estabelecimento fica na Vila Nossa Senhora das Gra\u00e7as, em Brodowski, regi\u00e3o metropolitana de Ribeir\u00e3o Preto.<\/p>\n<p>O assalto foi gravado por c\u00e2meras de seguran\u00e7a. Um carro estaciona ao lado do dep\u00f3sito e quatro homens encapuzados descem armados. Logo na porta eles abordam um jovem e o obrigam a entrar na loja, que j\u00e1 estava com meia porta abaixada, pr\u00f3ximo ao hor\u00e1rio de fechamento.<\/p>\n<figure id=\"attachment_465249\" aria-describedby=\"caption-attachment-465249\" style=\"width: 1146px\" class=\"wp-caption alignnone\"><figcaption id=\"caption-attachment-465249\" class=\"wp-caption-text\">Bando agiu com extrema viol\u00eancia, chegando a agredir dois funcion\u00e1rios (Foto: Reprodu\u00e7\u00e3o)<\/figcaption><\/figure>\n<p>Todos os funcion\u00e1rios foram obrigados a se deitarem no ch\u00e3o. Dois deles chegaram a ser agredidos pelos criminosos. Depois um deles pega uma mulher de forma abrupta e a empurra para que ela o acompanhe at\u00e9 os fundos da loja.<\/p>\n<p>L\u00e1, ele exige que a funcion\u00e1ria abra um arm\u00e1rio, enquanto os comparsas seguem roubando diversos produtos, sobretudo garrafas de bebida. Depois o homem volta com a funcion\u00e1ria empurrada e amea\u00e7ada.<\/p>\n<p>Neste momento, um ve\u00edculo branco chega ao local. Era o gerente da loja. Mas ele deve ter percebido o assalto e arranca. Os quatro assaltantes saem rapidamente da loja. Um deles ainda disparou, mas n\u00e3o atingiu o ve\u00edculo do gerente.<\/p>\n<p>Subiram no carro e fugiram. Ningu\u00e9m foi identificado. O preju\u00edzo foi de aproximadamente R$ 7 mil. A Pol\u00edcia Militar chegou pouco depois e fez buscas, mas sem sucesso. O caso ser\u00e1 investigado pela Pol\u00edcia Civil.<\/p>\n<\/div>\n<p><!-- .entry-content -->&#13;<br \/>\n&#13;<\/p>\n<footer class=\"penci-entry-footer\">&#13;<br \/>\n\t\t\t\t\t\t\t\t<span class=\"penci-social-buttons penci-social-share-footer\"><span class=\"penci-social-share-text\">Compartilhar<\/span><a href=\"#\" class=\"penci-post-like penci_post-meta_item  single-like-button penci-social-item like\" data-post_id=\"465248\" title=\"Like\" data-like=\"Like\" data-unlike=\"Unlike\"><i class=\"fa fa-thumbs-o-up\"\/><span class=\"penci-share-number\">3<\/span><\/a><i class=\"fa fa-facebook\"\/><a class=\"penci-social-item twitter\" target=\"_blank\" rel=\"noopener\" title=\"\" href=\"https:\/\/twitter.com\/intent\/tweet?text=V\u00cdDEO%20-%20Ladr\u00f5es%20violentos%20roubam%20loja%20na%20regi\u00e3o%20-%20https:\/\/www.tribunaribeirao.com.br\/video-ladroes-violentos-roubam-loja-na-regiao\/\"><i class=\"fa fa-twitter\"\/><\/a><i class=\"fa fa-linkedin\"\/><i class=\"fa fa-whatsapp\"\/><i class=\"fa fa-telegram\"\/><i class=\"fa fa-envelope\"\/><\/span>\t\t\t\t\t\t\t<\/footer>\n<p><!-- .entry-footer -->&#13;\n\t\t\t\t\t\t<\/div>\n<p><script async src=\"\/\/platform.twitter.com\/widgets.js\" charset=\"utf-8\"><\/script><br \/>\n<br \/><br \/>\n<br \/><a href=\"https:\/\/www.tribunaribeirao.com.br\/video-ladroes-violentos-roubam-loja-na-regiao\/\">Texto original daqui <\/a><\/p>\n<!-- CONTENT END 1 -->\n","protected":false},"excerpt":{"rendered":"<p>&#13; &#13; &#13; Assaltantes entraram armados, amea\u00e7ando e agredindo funcion\u00e1rios e levaram dinheiro e bebidas, al\u00e9m de efetuar um disparo &#13; &#13; 26 de maio&#8230;<\/p>\n","protected":false},"author":1,"featured_media":85935,"comment_status":"","ping_status":"","sticky":false,"template":"","format":"standard","meta":{"advanced_seo_description":"","jetpack_seo_html_title":"","jetpack_seo_noindex":false,"jetpack_seo_schema_type":"","_jetpack_newsletter_access":"","_jetpack_dont_email_post_to_subs":false,"_jetpack_newsletter_tier_id":0,"_jetpack_memberships_contains_paywalled_content":false,"_jetpack_feature_clip_id":0,"_jetpack_memberships_contains_paid_content":false,"footnotes":"","jetpack_publicize_message":"","jetpack_publicize_feature_enabled":true,"jetpack_social_post_already_shared":true,"jetpack_social_options":{"image_generator_settings":{"template":"highway","default_image_id":0,"font":"","enabled":false},"version":2},"jetpack_post_was_ever_published":false},"categories":[11],"tags":[294,1591,277,1953,67,6762],"class_list":["post-85933","post","type-post","status-publish","format-standard","has-post-thumbnail","hentry","category-noticias-de-ribeirao-preto-sp-e-regiao-ismael-colosi","tag-ladroes","tag-loja","tag-regiao","tag-roubam","tag-video","tag-violentos"],"jetpack_publicize_connections":[],"jetpack-related-posts":[{"id":85198,"url":"https:\/\/noticiasribeiraopreto.com.br\/index.php\/2026\/04\/24\/video-ladroes-roubam-duas-sorveterias-em-10-minutos\/","url_meta":{"origin":85933,"position":0},"title":"V\u00cdDEO &#8211; Ladr\u00f5es roubam duas sorveterias em 10 minutos","author":"noticiasribeiraopreto.com.br","date":"24 de April de 2026","format":false,"excerpt":"\r \r \r Num dos estabelecimentos, assaltante desistiu do roubo por s\u00f3 encontrar moedas no caixa\r \r 24 de abril de 2026 12:19 \r Compartilhar2 \r | Por: Adalberto Luque | Duas sorveterias foram alvo de assalto, no in\u00edcio da noite desta quinta-feira (23). Ambas ficam na R. Emigdio Rosseto,\u2026","rel":"","context":"In &quot;Not\u00edcias de Ribeir\u00e3o Preto-SP e Regi\u00e3o&quot;","block_context":{"text":"Not\u00edcias de Ribeir\u00e3o Preto-SP e Regi\u00e3o","link":"https:\/\/noticiasribeiraopreto.com.br\/index.php\/category\/noticias-de-ribeirao-preto-sp-e-regiao-ismael-colosi\/"},"img":{"alt_text":"","src":"https:\/\/i0.wp.com\/noticiasribeiraopreto.com.br\/wp-content\/uploads\/2026\/04\/24-abr-2026-furtosorveteria1.jpg?fit=719%2C704&ssl=1&resize=350%2C200","width":350,"height":200,"srcset":"https:\/\/i0.wp.com\/noticiasribeiraopreto.com.br\/wp-content\/uploads\/2026\/04\/24-abr-2026-furtosorveteria1.jpg?fit=719%2C704&ssl=1&resize=350%2C200 1x, https:\/\/i0.wp.com\/noticiasribeiraopreto.com.br\/wp-content\/uploads\/2026\/04\/24-abr-2026-furtosorveteria1.jpg?fit=719%2C704&ssl=1&resize=525%2C300 1.5x, https:\/\/i0.wp.com\/noticiasribeiraopreto.com.br\/wp-content\/uploads\/2026\/04\/24-abr-2026-furtosorveteria1.jpg?fit=719%2C704&ssl=1&resize=700%2C400 2x"},"classes":[]},{"id":89859,"url":"https:\/\/noticiasribeiraopreto.com.br\/index.php\/2026\/08\/12\/ladroes-roubam-moto-em-frente-a-banca-de-frutas-na-zona-norte-de-ribeirao-preto-video\/","url_meta":{"origin":85933,"position":1},"title":"Ladr\u00f5es roubam moto em frente \u00e0 banca de frutas na zona Norte de Ribeir\u00e3o Preto; V\u00eddeo","author":"noticiasribeiraopreto.com.br","date":"12 de August de 2026","format":false,"excerpt":"Ver essa foto no Instagram Um post compartilhado por acidade on Ribeir\u00e3o (@acidadeonribeirao) Uma moto foi roubada ap\u00f3s o motociclista parar em frente a uma banca de frutas, na madrugada desta quarta-feira (12), na avenida Thomaz Alberto Whately, zona Norte de Ribeir\u00e3o Preto. Receba not\u00edcias do\u00a0acidade on Ribeir\u00e3o\u00a0no WhatsApp e\u2026","rel":"","context":"In &quot;Not\u00edcias de Ribeir\u00e3o Preto-SP e Regi\u00e3o&quot;","block_context":{"text":"Not\u00edcias de Ribeir\u00e3o Preto-SP e Regi\u00e3o","link":"https:\/\/noticiasribeiraopreto.com.br\/index.php\/category\/noticias-de-ribeirao-preto-sp-e-regiao-ismael-colosi\/"},"img":{"alt_text":"","src":"https:\/\/i0.wp.com\/noticiasribeiraopreto.com.br\/wp-content\/uploads\/2026\/08\/moto-1.jpg?fit=1200%2C753&ssl=1&resize=350%2C200","width":350,"height":200,"srcset":"https:\/\/i0.wp.com\/noticiasribeiraopreto.com.br\/wp-content\/uploads\/2026\/08\/moto-1.jpg?fit=1200%2C753&ssl=1&resize=350%2C200 1x, https:\/\/i0.wp.com\/noticiasribeiraopreto.com.br\/wp-content\/uploads\/2026\/08\/moto-1.jpg?fit=1200%2C753&ssl=1&resize=525%2C300 1.5x, https:\/\/i0.wp.com\/noticiasribeiraopreto.com.br\/wp-content\/uploads\/2026\/08\/moto-1.jpg?fit=1200%2C753&ssl=1&resize=700%2C400 2x, https:\/\/i0.wp.com\/noticiasribeiraopreto.com.br\/wp-content\/uploads\/2026\/08\/moto-1.jpg?fit=1200%2C753&ssl=1&resize=1050%2C600 3x"},"classes":[]},{"id":84879,"url":"https:\/\/noticiasribeiraopreto.com.br\/index.php\/2026\/04\/17\/ladroes-rendem-familia-na-garagem-de-casa-e-roubam-bmw-video\/","url_meta":{"origin":85933,"position":2},"title":"Ladr\u00f5es rendem fam\u00edlia na garagem de casa e roubam BMW; V\u00eddeo","author":"noticiasribeiraopreto.com.br","date":"17 de April de 2026","format":false,"excerpt":"Ler o resumo da not\u00edcia Na noite de quinta\u2011feira (16), ladr\u00f5es invadiram a garagem do Residencial Dourados, em Franca (80\u202fkm de Ribeir\u00e3o\u202fPreto), rendendo a fam\u00edlia que estava no local. Os criminosos subtra\u00edram um BMW, um celular, um rel\u00f3gio inteligente e duas correntinhas de ouro. A Pol\u00edcia Militar realizou buscas na\u2026","rel":"","context":"In &quot;Not\u00edcias de Ribeir\u00e3o Preto-SP e Regi\u00e3o&quot;","block_context":{"text":"Not\u00edcias de Ribeir\u00e3o Preto-SP e Regi\u00e3o","link":"https:\/\/noticiasribeiraopreto.com.br\/index.php\/category\/noticias-de-ribeirao-preto-sp-e-regiao-ismael-colosi\/"},"img":{"alt_text":"","src":"https:\/\/i0.wp.com\/noticiasribeiraopreto.com.br\/wp-content\/uploads\/2026\/04\/bmw_2026-04-17_11-05-54.webp.webp?fit=1200%2C780&ssl=1&resize=350%2C200","width":350,"height":200,"srcset":"https:\/\/i0.wp.com\/noticiasribeiraopreto.com.br\/wp-content\/uploads\/2026\/04\/bmw_2026-04-17_11-05-54.webp.webp?fit=1200%2C780&ssl=1&resize=350%2C200 1x, https:\/\/i0.wp.com\/noticiasribeiraopreto.com.br\/wp-content\/uploads\/2026\/04\/bmw_2026-04-17_11-05-54.webp.webp?fit=1200%2C780&ssl=1&resize=525%2C300 1.5x, https:\/\/i0.wp.com\/noticiasribeiraopreto.com.br\/wp-content\/uploads\/2026\/04\/bmw_2026-04-17_11-05-54.webp.webp?fit=1200%2C780&ssl=1&resize=700%2C400 2x, https:\/\/i0.wp.com\/noticiasribeiraopreto.com.br\/wp-content\/uploads\/2026\/04\/bmw_2026-04-17_11-05-54.webp.webp?fit=1200%2C780&ssl=1&resize=1050%2C600 3x"},"classes":[]},{"id":78759,"url":"https:\/\/noticiasribeiraopreto.com.br\/index.php\/2025\/10\/17\/ladroes-roubam-moto-celular-e-aliancas-no-sumarezinho-em-ribeirao-preto\/","url_meta":{"origin":85933,"position":3},"title":"Ladr\u00f5es roubam moto, celular e alian\u00e7as no Sumarezinho em Ribeir\u00e3o Preto","author":"noticiasribeiraopreto.com.br","date":"17 de October de 2025","format":false,"excerpt":"Um homem de 64 anos teve sua moto, alian\u00e7as e um celular roubados na tarde desta quinta-feira (16), no bairro Sumarezinho, zona Oeste de Ribeir\u00e3o Preto. Segundo o boletim de ocorr\u00eancia (BO), a v\u00edtima aguardava o filho na rua Jos\u00e9 Hanna, quando foi abordada por dois criminosos em uma moto,\u2026","rel":"","context":"In &quot;Not\u00edcias de Ribeir\u00e3o Preto-SP e Regi\u00e3o&quot;","block_context":{"text":"Not\u00edcias de Ribeir\u00e3o Preto-SP e Regi\u00e3o","link":"https:\/\/noticiasribeiraopreto.com.br\/index.php\/category\/noticias-de-ribeirao-preto-sp-e-regiao-ismael-colosi\/"},"img":{"alt_text":"","src":"https:\/\/i0.wp.com\/noticiasribeiraopreto.com.br\/wp-content\/uploads\/2025\/10\/MOTO_2025-10-17_16-15-59.webp.webp?fit=1200%2C765&ssl=1&resize=350%2C200","width":350,"height":200,"srcset":"https:\/\/i0.wp.com\/noticiasribeiraopreto.com.br\/wp-content\/uploads\/2025\/10\/MOTO_2025-10-17_16-15-59.webp.webp?fit=1200%2C765&ssl=1&resize=350%2C200 1x, https:\/\/i0.wp.com\/noticiasribeiraopreto.com.br\/wp-content\/uploads\/2025\/10\/MOTO_2025-10-17_16-15-59.webp.webp?fit=1200%2C765&ssl=1&resize=525%2C300 1.5x, https:\/\/i0.wp.com\/noticiasribeiraopreto.com.br\/wp-content\/uploads\/2025\/10\/MOTO_2025-10-17_16-15-59.webp.webp?fit=1200%2C765&ssl=1&resize=700%2C400 2x, https:\/\/i0.wp.com\/noticiasribeiraopreto.com.br\/wp-content\/uploads\/2025\/10\/MOTO_2025-10-17_16-15-59.webp.webp?fit=1200%2C765&ssl=1&resize=1050%2C600 3x"},"classes":[]},{"id":68353,"url":"https:\/\/noticiasribeiraopreto.com.br\/index.php\/2025\/04\/24\/bandidos-invadem-casa-e-roubam-quadro-na-zona-leste-de-ribeirao-preto-video\/","url_meta":{"origin":85933,"position":4},"title":"Bandidos invadem casa e roubam quadro na zona Leste de Ribeir\u00e3o Preto; V\u00eddeo","author":"noticiasribeiraopreto.com.br","date":"24 de April de 2025","format":false,"excerpt":"Dois criminosos \u2013 um dos quais armado e outro com um uniforme \u2013 invadiram uma casa na manh\u00e3 desta quinta-feira (24), renderam uma funcion\u00e1ria e roubaram um quadro no bairro Ribeir\u00e2nia, zona Leste de Ribeir\u00e3o Preto. Assista ao v\u00eddeo abaixo. Segundo informa\u00e7\u00f5es, a moldura do quadro levado da resid\u00eancia, na\u2026","rel":"","context":"In &quot;Not\u00edcias de Ribeir\u00e3o Preto-SP e Regi\u00e3o&quot;","block_context":{"text":"Not\u00edcias de Ribeir\u00e3o Preto-SP e Regi\u00e3o","link":"https:\/\/noticiasribeiraopreto.com.br\/index.php\/category\/noticias-de-ribeirao-preto-sp-e-regiao-ismael-colosi\/"},"img":{"alt_text":"","src":"https:\/\/i0.wp.com\/noticiasribeiraopreto.com.br\/wp-content\/uploads\/2025\/04\/ROUBO_2025-04-24_15-16-15.webp.webp?fit=1200%2C754&ssl=1&resize=350%2C200","width":350,"height":200,"srcset":"https:\/\/i0.wp.com\/noticiasribeiraopreto.com.br\/wp-content\/uploads\/2025\/04\/ROUBO_2025-04-24_15-16-15.webp.webp?fit=1200%2C754&ssl=1&resize=350%2C200 1x, https:\/\/i0.wp.com\/noticiasribeiraopreto.com.br\/wp-content\/uploads\/2025\/04\/ROUBO_2025-04-24_15-16-15.webp.webp?fit=1200%2C754&ssl=1&resize=525%2C300 1.5x, https:\/\/i0.wp.com\/noticiasribeiraopreto.com.br\/wp-content\/uploads\/2025\/04\/ROUBO_2025-04-24_15-16-15.webp.webp?fit=1200%2C754&ssl=1&resize=700%2C400 2x, https:\/\/i0.wp.com\/noticiasribeiraopreto.com.br\/wp-content\/uploads\/2025\/04\/ROUBO_2025-04-24_15-16-15.webp.webp?fit=1200%2C754&ssl=1&resize=1050%2C600 3x"},"classes":[]},{"id":23903,"url":"https:\/\/noticiasribeiraopreto.com.br\/index.php\/2024\/01\/03\/ladroes-roubam-r-15-mil-em-assalto-a-mercado-de-ribeirao-preto\/","url_meta":{"origin":85933,"position":5},"title":"Ladr\u00f5es roubam R$ 15 mil em assalto a mercado de Ribeir\u00e3o Preto","author":"noticiasribeiraopreto.com.br","date":"3 de January de 2024","format":false,"excerpt":"Uma dupla de criminosos assaltou um mercado no Sumarezinho, na zona Oeste de Ribeir\u00e3o Preto, e levou R$ 15 mil do cofre do estabelecimento. O crime aconteceu no dia 30 de dezembro, mas foi registrado apenas na ter\u00e7a-feira (2). De acordo com o B.O. (boletim de ocorr\u00eancia), o crime aconteceu\u2026","rel":"","context":"In &quot;Not\u00edcias de Ribeir\u00e3o Preto-SP e Regi\u00e3o&quot;","block_context":{"text":"Not\u00edcias de Ribeir\u00e3o Preto-SP e Regi\u00e3o","link":"https:\/\/noticiasribeiraopreto.com.br\/index.php\/category\/noticias-de-ribeirao-preto-sp-e-regiao-ismael-colosi\/"},"img":{"alt_text":"","src":"https:\/\/i0.wp.com\/noticiasribeiraopreto.com.br\/wp-content\/uploads\/2024\/01\/HomemmorreapscairdeandaimeenquantotrabalhavaemRibeiroPreto_Tamanho_2_image.jpg?fit=1200%2C900&ssl=1&resize=350%2C200","width":350,"height":200,"srcset":"https:\/\/i0.wp.com\/noticiasribeiraopreto.com.br\/wp-content\/uploads\/2024\/01\/HomemmorreapscairdeandaimeenquantotrabalhavaemRibeiroPreto_Tamanho_2_image.jpg?fit=1200%2C900&ssl=1&resize=350%2C200 1x, https:\/\/i0.wp.com\/noticiasribeiraopreto.com.br\/wp-content\/uploads\/2024\/01\/HomemmorreapscairdeandaimeenquantotrabalhavaemRibeiroPreto_Tamanho_2_image.jpg?fit=1200%2C900&ssl=1&resize=525%2C300 1.5x, https:\/\/i0.wp.com\/noticiasribeiraopreto.com.br\/wp-content\/uploads\/2024\/01\/HomemmorreapscairdeandaimeenquantotrabalhavaemRibeiroPreto_Tamanho_2_image.jpg?fit=1200%2C900&ssl=1&resize=700%2C400 2x, https:\/\/i0.wp.com\/noticiasribeiraopreto.com.br\/wp-content\/uploads\/2024\/01\/HomemmorreapscairdeandaimeenquantotrabalhavaemRibeiroPreto_Tamanho_2_image.jpg?fit=1200%2C900&ssl=1&resize=1050%2C600 3x"},"classes":[]}],"jetpack_sharing_enabled":true,"jetpack_shortlink":"https:\/\/wp.me\/peQAOb-mm1","jetpack_featured_media_url":"https:\/\/i0.wp.com\/noticiasribeiraopreto.com.br\/wp-content\/uploads\/2026\/05\/26-mai-2026-roubobrodowski3.jpg?fit=1016%2C570&ssl=1","_links":{"self":[{"href":"https:\/\/noticiasribeiraopreto.com.br\/index.php\/wp-json\/wp\/v2\/posts\/85933","targetHints":{"allow":["GET"]}}],"collection":[{"href":"https:\/\/noticiasribeiraopreto.com.br\/index.php\/wp-json\/wp\/v2\/posts"}],"about":[{"href":"https:\/\/noticiasribeiraopreto.com.br\/index.php\/wp-json\/wp\/v2\/types\/post"}],"author":[{"embeddable":true,"href":"https:\/\/noticiasribeiraopreto.com.br\/index.php\/wp-json\/wp\/v2\/users\/1"}],"replies":[{"embeddable":true,"href":"https:\/\/noticiasribeiraopreto.com.br\/index.php\/wp-json\/wp\/v2\/comments?post=85933"}],"version-history":[{"count":0,"href":"https:\/\/noticiasribeiraopreto.com.br\/index.php\/wp-json\/wp\/v2\/posts\/85933\/revisions"}],"wp:featuredmedia":[{"embeddable":true,"href":"https:\/\/noticiasribeiraopreto.com.br\/index.php\/wp-json\/wp\/v2\/media\/85935"}],"wp:attachment":[{"href":"https:\/\/noticiasribeiraopreto.com.br\/index.php\/wp-json\/wp\/v2\/media?parent=85933"}],"wp:term":[{"taxonomy":"category","embeddable":true,"href":"https:\/\/noticiasribeiraopreto.com.br\/index.php\/wp-json\/wp\/v2\/categories?post=85933"},{"taxonomy":"post_tag","embeddable":true,"href":"https:\/\/noticiasribeiraopreto.com.br\/index.php\/wp-json\/wp\/v2\/tags?post=85933"}],"curies":[{"name":"wp","href":"https:\/\/api.w.org\/{rel}","templated":true}]}}