{"id":8597,"date":"2023-11-30T13:07:06","date_gmt":"2023-11-30T16:07:06","guid":{"rendered":"https:\/\/noticiasribeiraopreto.com.br\/index.php\/2023\/11\/30\/saiba-tudo-sobre-a-programacao-do-aniversario-de-sertaozinho\/"},"modified":"2023-11-30T13:07:06","modified_gmt":"2023-11-30T16:07:06","slug":"saiba-tudo-sobre-a-programacao-do-aniversario-de-sertaozinho","status":"publish","type":"post","link":"https:\/\/noticiasribeiraopreto.com.br\/index.php\/2023\/11\/30\/saiba-tudo-sobre-a-programacao-do-aniversario-de-sertaozinho\/","title":{"rendered":"Saiba tudo sobre a programa\u00e7\u00e3o do anivers\u00e1rio de Sert\u00e3ozinho\u00a0"},"content":{"rendered":"<div class='code-block code-block-1' style='margin: 8px 0 8px auto; text-align: right; display: block; clear: both;'>\n<p><a href=\"https:\/\/wa.link\/vpicfd\"><img data-recalc-dims=\"1\" class=\"wp-image-4922\" style=\"aspect-ratio: 2.0253164556962027; width: 561px; height: auto;\" src=\"https:\/\/i0.wp.com\/ismaelcolosi.com.br\/wp-content\/uploads\/2023\/11\/grupo-de-empregos-whatsapp-e-facebook-ismael-colosi-vagas.jpg?ssl=1\" alt=\"\" \/><\/a><\/p>\n<!-- \/wp:image -->\n<\/div>\n<p> <br \/>\n<\/p>\n<div>\n<p>Em comemora\u00e7\u00e3o aos 127 anos de Sert\u00e3ozinho, na regi\u00e3o de Ribeir\u00e3o Preto, que ser\u00e1 celebrado no dia <strong>5 de dezembro<\/strong>, a cidade ir\u00e1 promover eventos <strong>gratuitos<\/strong> durante todo o m\u00eas de dezembro. \u00a0<\/p>\n<p>A programa\u00e7\u00e3o conta com <strong>Dilsinho<\/strong>,<strong> Alexandre Pires<\/strong>, <strong>feira gastron\u00f4mica<\/strong>, chegada do <strong>Papai Noel<\/strong>, entre outros. \u00a0<\/p>\n<h4 class=\"wp-block-heading\"><strong>Confira a programa\u00e7\u00e3o \u00a0<\/strong><\/h4>\n<h4 class=\"wp-block-heading\"><strong>Data: Sexta-feira, 1\/12 <\/strong><\/h4>\n<p>17h \u2013 Festival Gastron\u00f4mico\u00a0Cervejarias e food trucks. Local: Parque Linear Urbano\u00a0\u201cGuiomar Carvalho Benelli\u201d<\/p>\n<p>22h\u00a0\u2013 <strong>Sert\u00e3ozinho Show\u00a0Dilsinho<\/strong>. Local: Parque Linear Urbano\u00a0\u201cGuiomar Carvalho Benelli\u201d<\/p>\n<h4 class=\"wp-block-heading\"><strong>Data: S\u00e1bado,<\/strong> <strong>2\/12<\/strong><\/h4>\n<p>8h \u2013 Corrida IFSP<strong>\u00a0<\/strong>Caminhada 3Km e corrida 3Km e 6Km. Local: Parque Linear<\/p>\n<p>8h30 \u00e0s\u00a012h \u2013 Campanha Ado\u00e7\u00e3o + Inclus\u00e3o\u00a0Feira de ado\u00e7\u00e3o de c\u00e3es e gatos com apoio das protetoras da cidade. Local: Estrada Herm\u00ednio B\u00edzio, 3400<\/p>\n<p>9h \u2013 Conhe\u00e7a o Sim Digital\u00a0Educa\u00e7\u00e3o Tecnol\u00f3gica. Local: Pra\u00e7a 21 de Abril<\/p>\n<p>9h \u2013 Espa\u00e7o Saemas Kids\u00a0Educa\u00e7\u00e3o Ambiental para crian\u00e7as. Local: Pra\u00e7a 21 de Abril<\/p>\n<p>10h\u00a0\u2013 Sert\u00e3ozinho Show\u00a0Orquestra Jovem. Local: Pra\u00e7a 21 de Abril<\/p>\n<p>14h \u2013 Festival Gastron\u00f4mico\u00a0Cervejarias e food trucks. Local: Parque Linear Urbano \u201cGuiomar Carvalho Benelli\u201d<\/p>\n<p>20h\u00a0\u2013 Sert\u00e3ozinho Show\u00a0Renan &amp; Leandro. Local: Parque Linear Urbano \u201cGuiomar Carvalho Benelli\u201d<\/p>\n<p>23h \u2013 Sert\u00e3ozinho Show\u00a0Lucas e Luan. Local: Parque Linear Urbano \u201cGuiomar Carvalho Benelli\u201d<\/p>\n<h4 class=\"wp-block-heading\"><strong>Data: Domingo, 3\/12 <\/strong><\/h4>\n<p>9h \u2013 Sert\u00e3ozinho Show Coral Minaz. Local: Pra\u00e7a\u00a0\u201cCel. Francisco Schmidt\u201d \u2013\u00a0Cruz das Posses<\/p>\n<p>14h \u2013 Final 16\u00b0 Copa Gospel de Futsal Torneio Amador. Local: Gin\u00e1sio de Esportes \u201cPedro Ferreira dos Reis\u201d (Doc\u00e3o)<\/p>\n<p>14h \u2013 Festival Gastron\u00f4mico Cervejarias e food trucks. Local: Parque Linear Urbano \u201cGuiomar Carvalho Benelli\u201d<\/p>\n<p>19h \u2013 Sert\u00e3ozinho Show Coral Minaz. Local: Pra\u00e7a\u00a021 de Abril<\/p>\n<p>21h\u00a0\u2013 Sert\u00e3ozinho Show. Local:\u00a0Diego &amp; Victor Hugo<\/p>\n<h4 class=\"wp-block-heading\"><strong>Data: Segunda-feira, 04\/12 <\/strong><\/h4>\n<p>14h \u2013 Festival Gastron\u00f4mico Cervejarias e food trucks. Local: Parque Linear Urbano \u201cGuiomar Carvalho Benelli\u201d<\/p>\n<p>18h \u2013 \u00a0Abertura\u00a0Cal\u00e7ad\u00e3o Natalino. Local:<strong>\u00a0<\/strong>Pra\u00e7a 21 de Abril \u2013 Rua Bar\u00e3o do Rio Branco, trecho entre a Dr. Ant\u00f4nio Furlan Jr. e Washington Luiz<\/p>\n<p>19h \u2013 Acendimento Ilumina\u00e7\u00e3o\u00a0Natalina\u00a0Fonte luminosa e ruas do Centro. Local: Pra\u00e7a 21 de Abril<\/p>\n<p>19h30 \u2013 Abertura\u00a0Feira Gastron\u00f4mica\u00a0de fim de ano<strong>\u00a0<\/strong>Atividades culturais e art\u00edsticas. Local: Pra\u00e7a 21 de Abril<\/p>\n<p>22h \u2013 Sert\u00e3ozinho Show\u00a0Augusto &amp; At\u00edlio. Local: Parque Linear Urbano \u201cGuiomar Carvalho Benelli\u201d<\/p>\n<h4 class=\"wp-block-heading\"><strong>Data: Ter\u00e7a-feira, 05\/12<\/strong><\/h4>\n<p>9h \u2013 60 anos em 60 Ip\u00eas Amarelos. Local: Parque Linear Urbano \u201cGuiomar Carvalho Benelli\u201d<\/p>\n<p>10h \u2013 Sert\u00e3ozinho Show<strong>\u00a0<\/strong>Zezinho Atrapalhado. Local: Pra\u00e7a 21 de Abril <\/p>\n<p>11h \u2013 Chegada do Papai Noel<strong>\u00a0<\/strong>Carreata com sa\u00edda \u00e0s 10h, da ACIS. Local: Pra\u00e7a de Abril <\/p>\n<p>19h \u2013 Sert\u00e3ozinho Show\u00a0Banda Minaz. Local: Pra\u00e7a 21 de Abril <\/p>\n<p>20h \u2013 <strong>Sert\u00e3ozinho Show Alexandre Pires<\/strong>. Local: Parque Linear Urbano \u201cGuiomar Carvalho Benelli\u201d<\/p>\n<h4 class=\"wp-block-heading\"><strong>Data: Quarta-feira, 06\/12<\/strong><\/h4>\n<p>12h \u2013 Inaugura\u00e7\u00e3o Centro de AVC. Local: Santa Casa<\/p>\n<p>17h30 \u2013 A\u00e7\u00e3o Diabetes<strong>\u00a0<\/strong>Com equipe da Etec Sert\u00e3ozinho e Expresso Viver. Local: Pra\u00e7a 21 de Abril<\/p>\n<p>20h \u2013 Sert\u00e3ozinho Show\u00a0Banda gospel A Arca. Local: Pra\u00e7a 21 de Abril <\/p>\n<h4 class=\"wp-block-heading\"><strong>Data: Quinta-feira, 07\/12 <\/strong><\/h4>\n<p>17h30\u00a0\u2013 A\u00e7\u00e3o Sa\u00fade\u00a0Aferi\u00e7\u00e3o de press\u00e3o e orienta\u00e7\u00f5es sobre sa\u00fade mental. Local: Pra\u00e7a 21 de Abril <\/p>\n<p>19h \u2013 Feira Noturna<strong>\u00a0<\/strong>Atra\u00e7\u00f5es culturais e show. Local: Pra\u00e7a \u201cJos\u00e9 Ferraz\u00a0de Toledo\u201d\u00a0(Alto do Gin\u00e1sio)<\/p>\n<p>19h \u2013 Jantar de Gala<strong>\u00a0<\/strong>Evento da Melhor Idade. Local: Vilas Espa\u00e7o de Eventos <\/p>\n<p>20h- Sert\u00e3ozinho Show<strong>\u00a0<\/strong>Banda Cheiro de Samba. Local: Pra\u00e7a 21 de Abril (Coreto)<\/p>\n<h4 class=\"wp-block-heading\"><strong>Data: Sexta-feira, 08\/12 <\/strong><\/h4>\n<p>17h \u2013 A\u00c7\u00c3O SAD<strong>\u00a0<\/strong>Aferi\u00e7\u00e3o de press\u00e3o e orienta\u00e7\u00f5es sobre nutri\u00e7\u00e3o e preven\u00e7\u00e3o ao AVC. Local: Pra\u00e7a Dr. Isa\u00edas Jos\u00e9 Ferreira \u2013 Cruz das Posses<\/p>\n<p>20h \u2013 Sert\u00e3ozinho Show<strong>\u00a0<\/strong>Rota 330. Local: Sert\u00e3ozinho Show Rota 330. Local: Pra\u00e7a 21 de Abril (Coreto) <\/p>\n<h4 class=\"wp-block-heading\"><strong>Data: S\u00e1bado, 09\/12<\/strong><\/h4>\n<p>7h30 \u2013 Mutir\u00e3o\u00a0Sa\u00fade\u00a0Atendimentos com fonoaudi\u00f3logo, neurologista, neuropediatra, oftalmologista e dermatologista. Local: Pra\u00e7a 21 de Abril<\/p>\n<p>8h30 \u2013 Lan\u00e7amento Projeto \u201cLer E Crescer\u201d<strong>\u00a0<\/strong>A\u00e7\u00e3o da Secretaria da Educa\u00e7\u00e3o. Local: Pra\u00e7a 21 de Abril <\/p>\n<p>9h \u2013 Espa\u00e7o SAEMAS KIds\u00a0Educa\u00e7\u00e3o Ambiental para crian\u00e7as. Local: Pra\u00e7a 21 de Abril<\/p>\n<p>9h \u2013 Conhe\u00e7a o Sim Digital<strong>\u00a0<\/strong>Educa\u00e7\u00e3o Tecnol\u00f3gica. Local: Pra\u00e7a 21 Abril <\/p>\n<p>9h \u2013 Final do Campeonato de Futebol Amador\u00a0Categoria S\u00eanior 2\u00aa Divis\u00e3o. Local: Est\u00e1dio Municipal \u201cArnaldo Bonini\u201d<\/p>\n<p>10h \u2013 Sert\u00e3ozinho Show\u00a0Mirela Branquinho. Local: Pra\u00e7a 21 de Abril<\/p>\n<p>12h \u2013 Sert\u00e3ozinho Show<strong>\u00a0<\/strong>Edu Mineiro. Local: Pra\u00e7a 21 de Abril <\/p>\n<p>19h \u2013 Chegada do Papai Noel\u00a0Carreata e atra\u00e7\u00f5es culturais. Local: Pra\u00e7a \u201cCel. Francisco Schmidt\u201d \u2013 Cruz das Posses<\/p>\n<p>19h30 \u2013 Festival de Patina\u00e7\u00e3o Art\u00edstica\u00a0SHC\u00a0Tema Hollywood Show. Local: Gin\u00e1sio de Esportes \u201cPedro Ferreira dos Reis\u201d (Doc\u00e3o)<\/p>\n<h4 class=\"wp-block-heading\"><strong>Data: Domingo, 10\/12 <\/strong><\/h4>\n<p>7h \u2013 Corrida E Caminhada Ecol\u00f3gica 127 anos<strong>\u00a0<\/strong>Prova de 5K. Local: Parque Ecol\u00f3gico e de Lazer \u201cGustavo Simioni\u201d<\/p>\n<p>8h30 C\u00c3OPANHEIRO\u00a0Feira de ado\u00e7\u00e3o de c\u00e3es e gatos. Local: Pra\u00e7a \u201cAnt\u00f4nio Almussa\u201d (Pra\u00e7a dos Peixes)<\/p>\n<p>9h\u00a0\u2013 3\u00aa Caminhada pelo fim da Viol\u00eancia contra mulheres e meninas com<strong>\u00a0<\/strong>sa\u00edda a partir do Doc\u00e3o com destino \u00e0 Pra\u00e7a 21 de Abril. Local: Gin\u00e1sio de Esportes \u201cPedro Ferreira dos Reis\u201d (Doc\u00e3o)<\/p>\n<p>9h \u2013 Final do Campeonato de Futebol amador<strong>\u00a0<\/strong>Categoria S\u00eanior 3\u00aa Divis\u00e3o. Local: Est\u00e1dio Municipal \u201cArnaldo Bonini\u201d<\/p>\n<p>19h30 \u2013 Festival de Patina\u00e7\u00e3o Art\u00edstica\u00a0SHC\u00a0Tema Hollywood Show. Local: Gin\u00e1sio de Esportes \u201cPedro Ferreira dos Reis\u201d (Doc\u00e3o)<\/p>\n<h4 class=\"wp-block-heading\"><strong>Data: Segunda-feira, 11\/12 <\/strong><\/h4>\n<p>9h \u2013 Natal + Solid\u00e1rio\u00a0Atra\u00e7\u00f5es culturais e art\u00edsticas. Local: Centro de Artes e Esportes Unificados \u201cEurides Ferraz Teixeira\u201d (CEU das Artes)<\/p>\n<p>17h \u2013 A\u00e7\u00e3o Hemocentro\u00a0Educa\u00e7\u00e3o para sa\u00fade. Local: Pra\u00e7a 21 de Abril <\/p>\n<p>20h \u2013 Sert\u00e3ozinho Show<strong>\u00a0<\/strong>Comemora\u00e7\u00e3o Dia da B\u00edblia. Local: Pra\u00e7a 21 de Abril <\/p>\n<h4 class=\"wp-block-heading\"><strong>Data: Ter\u00e7a-feira, 12\/12<\/strong><\/h4>\n<p>7h30 \u2013 Formatura\u00a0Ensino Fundamental II (9\u00ba ANO)\u00a0Escolas Municipais<strong>\u00a0<\/strong>Secretaria Municipal de Educa\u00e7\u00e3o. Local: Centro de Eventos Copercana<\/p>\n<p>9h \u2013 Natal + Solid\u00e1rio\u00a0Atra\u00e7\u00f5es culturais e art\u00edsticas. Local: Centro Esportivo Mogiana \u201cVereador Paulo Aparecido Braga\u201d<\/p>\n<p>17h \u2013 A\u00e7\u00e3o Hemocentro\u00a0Educa\u00e7\u00e3o para sa\u00fade. Local: Pra\u00e7a 21 de Abril<\/p>\n<p>20h Sert\u00e3ozinho Show<strong>\u00a0<\/strong>Orquestra Beija-Flor. Local: Pra\u00e7a 21 de Abril<\/p>\n<h4 class=\"wp-block-heading\"><strong>Data: Quarta-feira, 13\/12<\/strong><\/h4>\n<p>7h30 \u2013 Formatura Ensino Fundamental II (9\u00ba ANO)\u00a0Escolas Municipais\u00a0Secretaria Municipal de Educa\u00e7\u00e3o. Local: Centro de Eventos Copercana<\/p>\n<p>9h Natal + Solid\u00e1rio<strong>\u00a0<\/strong>Atra\u00e7\u00f5es culturais e art\u00edsticas. Local: Complexo Esportivo \u201cEdgard Dega Gon\u00e7alves\u201d (Patin\u00f3dromo)<\/p>\n<p>9h \u2013 Confraterniza\u00e7\u00e3o Grupo de Idosos<strong>\u00a0<\/strong>Atra\u00e7\u00f5es art\u00edsticas. Local: CRAS 1, Rua Ant\u00f4nio Zanandr\u00e9a, 776 \u2013 Conjunto Habitacional An\u00e9lio Celline<\/p>\n<p>17h30 \u2013 A\u00c7\u00c3O SAMU\u00a0Orienta\u00e7\u00f5es sobre afogamento. Local: Pra\u00e7a 21 de abril<\/p>\n<p>19h \u2013 Sert\u00e3ozinho Show\u00a0Banda local. Local: Pra\u00e7a 21 de abril<\/p>\n<h4 class=\"wp-block-heading\"><strong>Data: Quinta-feira, 14\/12 <\/strong><\/h4>\n<p>9h Natal + Solid\u00e1rio<strong>\u00a0<\/strong>Atra\u00e7\u00f5es culturais e art\u00edsticas. Local CRAS 3 \u2013 Vila \u00c1urea <\/p>\n<p>17h30 \u2013 Almo\u00e7o de Confraterniza\u00e7\u00e3o com idosos e suas fam\u00edlias. Local: Centro Dia\u00a0do Idoso\u00a0(CDI)<\/p>\n<p>17h30\u00a0\u2013 A\u00e7\u00e3o Sa\u00fade Mental\u00a0Orienta\u00e7\u00f5es sobre Sa\u00fade Mental. Local: Pra\u00e7a 21 de abril<\/p>\n<p>19h \u2013 Sert\u00e3ozinho Show\u00a0Banda local. Local: Pra\u00e7a 21 de abril<\/p>\n<p>19h\u00a0\u2013 Feira Noturna\u00a0Atividades art\u00edsticas e show. Local: C\u00e2mara Municipal<\/p>\n<p>19h \u2013 Exposi\u00e7\u00e3o Cultural\u00a0Artistas Eric Pereira de Lima e Everton Pereira de Lima. Local: C\u00e2mara Municipal<\/p>\n<h4 class=\"wp-block-heading\"><strong>Data: Sexta-feira, 15\/12<\/strong><\/h4>\n<p>9h \u2013 Natal + Solid\u00e1rio\u00a0Atra\u00e7\u00f5es culturais e art\u00edsticas. Local: Centro Comunit\u00e1rio \u201cMaria Cavestro\u201d \u2013 Cruz das Posses<\/p>\n<p>9h \u2013 Confraterniza\u00e7\u00e3o Infantil<strong>\u00a0<\/strong>Atra\u00e7\u00f5es art\u00edsticas e culturais. Local: CRAS 1, Rua Ant\u00f4nio Zanandr\u00e9a, 776 \u2013 Conjunto Habitacional An\u00e9lio Celline<\/p>\n<p>17h\u00a0\u2013 A\u00e7\u00e3o SAMU\u00a0Orienta\u00e7\u00f5es a popula\u00e7\u00e3o sobre picadas de escorpi\u00e3o. Local: Pra\u00e7a 21 de abril<\/p>\n<p>19h \u2013 Sert\u00e3ozinho Show<strong>\u00a0<\/strong>Banda local. Local: Pra\u00e7a 21 de abril<\/p>\n<p>19h\u00a0\u2013 Festival Art\u00edstico Encerramento de projetos do Distrito. Local: CRAS 4 \u2013 Cruz das Posses,  Rua Floriano Peixoto, 1.034<\/p>\n<h4 class=\"wp-block-heading\"><strong>Data: S\u00e1bado, 16\/12 <\/strong><\/h4>\n<p>8h30 Feira de Ado\u00e7\u00e3o de Animais de\u00a0C\u00e3es e gatos do Canil Municipal. Local: Pra\u00e7a 21 de Abril<\/p>\n<p>9h \u2013 Natal + Solid\u00e1rio\u00a0Atra\u00e7\u00f5es culturais e art\u00edsticas. Local: Pra\u00e7a 21 de Abril<\/p>\n<p>9h \u2013 Espa\u00e7o SAEMAS Kids\u00a0Educa\u00e7\u00e3o Ambiental para crian\u00e7as. Local: Pra\u00e7a 21 de Abril<\/p>\n<p>10h \u2013 Sert\u00e3ozinho Show\u00a0Banda local contemplada em edital. Local: Pra\u00e7a 21 de Abril<\/p>\n<p>9h \u2013 Final do Campeonato de Futebol Amador\u00a0Categoria S\u00eanior 1\u00aa Divis\u00e3o. Local: Est\u00e1dio Municipal \u201cArnaldo Bonini\u201d<\/p>\n<p>17h \u2013 A\u00c7\u00c3O SAD\u00a0Atualiza\u00e7\u00e3o de vacina para crian\u00e7as e adolescentes de 0 a 14 anos, testagem e aconselhamento de s\u00edfilis e HIV, vacina\u00e7\u00e3o dos acamados do SAD. Local: Pra\u00e7a 21 de Abril<\/p>\n<h4 class=\"wp-block-heading\"><strong>Data: Domingo, 17\/12\u00a0<\/strong><\/h4>\n<p>9h Final da Copa Prefeito de Sert\u00e3ozinho 2023<strong>\u00a0<\/strong>Atividade Esportiva. Local: Est\u00e1dio Municipal \u201cArnaldo Bonini\u201d<\/p>\n<p>10h Inaugura\u00e7\u00e3o Exposi\u00e7\u00e3o \u201cANIMAIS NO PARQUE\u201d\u00a0Atividade cultural. Local: Parque do Cristo Salvador<\/p>\n<p>20h \u2013 Sert\u00e3ozinho Show<strong>\u00a0<\/strong>Orquestra Jovem. Local: Pra\u00e7a 21 de abril<\/p>\n<h4 class=\"wp-block-heading\"><strong>Data: Segunda-feira, 18\/12 <\/strong><\/h4>\n<p>9h Confraterniza\u00e7\u00e3o Grupo de Mulheres Atra\u00e7\u00f5es art\u00edsticas. Local: CRAS 1, Rua Ant\u00f4nio Zanandr\u00e9a, 776 \u2013 Conjunto Habitacional An\u00e9lio Celline<\/p>\n<p>17h \u2013 A\u00e7\u00e3o Farm\u00e1cia Solid\u00e1ria<strong>\u00a0<\/strong>Doa\u00e7\u00e3o de medicamentos v\u00e1lidos e descarte de rem\u00e9dios vencidos. Local: Pra\u00e7a 21 de abril<\/p>\n<p>18h \u2013 Cerim\u00f4nia de Entrega de Troca de Faixas Jud\u00f4\u00a0Atividade Esportiva. Local: Gin\u00e1sio de Esportes \u201cPedro Ferreira dos Reis\u201d (Doc\u00e3o)<\/p>\n<p>19h \u2013 Encerramento\u00a0Grupo de Fortalecimento de V\u00ednculos. Local: N\u00facleo\u00a0de Atendimento\u00a0CRAS II, Rua Paulo Meloni, 720 \u2013 Jardim Alvorada<\/p>\n<h4 class=\"wp-block-heading\"><strong>Data: Ter\u00e7a-feira, 19\/12 <\/strong><\/h4>\n<p>9h \u2013 Evento SAEMAS\u00a0Plano de Efici\u00eancia Energ\u00e9tica. Local: Audit\u00f3rio do Senai Sert\u00e3ozinho<\/p>\n<p>17h \u2013 A\u00e7\u00e3o Farm\u00e1cia Solid\u00e1ria<strong>\u00a0<\/strong>Doa\u00e7\u00e3o de medicamentos v\u00e1lidos e descarte de rem\u00e9dios vencidos. Local: Pra\u00e7a 21 de abril<\/p>\n<h4 class=\"wp-block-heading\"><strong>Data: Quarta-feira, 20\/12 <\/strong><\/h4>\n<p>9h \u2013 Confraterniza\u00e7\u00e3o Grupo de Idosos\u00a0Atra\u00e7\u00f5es art\u00edsticas. Local: CRAS 3, Rua Ant\u00f4nio Bianchi, 156 \u2013 Conjunto Habitacional \u00c1urea Mendes Gimenes<\/p>\n<p>19h \u2013 Encerramento\u00a0Grupo de Fortalecimento de V\u00ednculos. Local: CRAS 5, Av. Hideo Takada, 155 \u2013 Conjunto Habitacional Ant\u00f4nio Pedro Ortolan (Cohab 3)<\/p>\n<p>17h \u2013 A\u00e7\u00e3o Sa\u00fade Bucal Orienta\u00e7\u00f5es sobre sa\u00fade bucal. Local: Pra\u00e7a 21 de Abril<\/p>\n<p>19h \u2013 Parada de Natal\u00a0Atividades art\u00edsticas e culturais. Local: Rua Bar\u00e3o do Rio Branco<\/p>\n<p>20h- Viva Sert\u00e3ozinho<strong>\u00a0<\/strong>Show R\u00e1dio Conex\u00e3o. Local: Pra\u00e7a 21 de Abril\u00a0(Coreto)<\/p>\n<h4 class=\"wp-block-heading\"><strong>Data: Quinta-feira, 21\/12 <\/strong><\/h4>\n<p>10h \u2013 Confraterniza\u00e7\u00e3o\u00a0Pessoas em situa\u00e7\u00e3o de rua\u00a0Almo\u00e7o com utilizadores do Centro POP. Local: Centro POP, Rua Epit\u00e1cio Pessoa, 2.650 \u2013 Jardim Alvorada<\/p>\n<p>19h \u2013 Parada de Natal. Local: Pra\u00e7a Central Cruz das Posses (ao lado da Sub-Prefeitura). <\/p>\n<p>19h Feira Noturna\u00a0Atra\u00e7\u00f5es culturais e show. Local: Pra\u00e7a \u201cJos\u00e9 Ferraz\u00a0de Toledo\u201d\u00a0(Alto do Gin\u00e1sio)<\/p>\n<h4 class=\"wp-block-heading\"><strong>Data: Sexta-feira, 22\/12<\/strong><\/h4>\n<p>9h \u2013 Encerramento grupo de fortalecimento de v\u00ednculos. Local: CRAS 5 \u2013 Extens\u00e3o da Vila\u00a0Garcia<\/p>\n<h4 class=\"wp-block-heading\"><strong>Data: S\u00e1bado, 23\/12\u00a0s\u00e1bado<\/strong><\/h4>\n<p>8h30 \u2013 Feira de Ado\u00e7\u00f5es de Animais<strong>\u00a0<\/strong>C\u00e3es e gatos do Canil Municipal. Local: Pra\u00e7a 21 de Abril<\/p>\n<h4 class=\"wp-block-heading\"><strong>Data: Ter\u00e7a-feira, 26\/12<\/strong><\/h4>\n<p>16h \u2013 Festival de Dan\u00e7a Inclusiva Grupo S\u00f3 Alegria Teatro em Libras. Local: Teatro Municipal \u201cProf\u00aa Olympia Faria de Aguiar Adami\u201d<\/p>\n<h4 class=\"wp-block-heading\"><strong>Data: Quarta-feira, 27\/12<\/strong><\/h4>\n<p>9h \u2013 Confraterniza\u00e7\u00e3o Grupo de Crian\u00e7as \u00a0Atra\u00e7\u00f5es art\u00edsticas. Local: CRAS 3, Rua Ant\u00f4nio Bianchi, 156 \u2013 Conjunto Habitacional \u00c1urea Mendes Gimenes<\/p>\n<h4 class=\"wp-block-heading\"><strong>Data: Quinta-feira, 28\/12\u00a0<\/strong><\/h4>\n<p>19h \u2013 Feira Noturna<strong>\u00a0<\/strong>Atra\u00e7\u00f5es culturais e show. Local: Pra\u00e7a \u201cJos\u00e9 Ferraz\u00a0de Toledo\u201d\u00a0(Alto do Gin\u00e1sio)<\/p>\n<h4 class=\"wp-block-heading\"><strong>Data: S\u00e1bado, 30\/12<\/strong><\/h4>\n<p>8h30 \u2013 Feira de Ado\u00e7\u00f5es de Animais<strong>\u00a0<\/strong>C\u00e3es e gatos do Canil Municipal. Local: Pra\u00e7a 21 de Abril<\/p>\n<h4 class=\"wp-block-heading\"><strong>Data: Domingo, 31\/12<\/strong><\/h4>\n<p>R\u00e9veillon <\/p>\n<h4 class=\"wp-block-heading\">VEJA TAMB\u00c9M<\/h4>\n<p>Ribeir\u00e3o tem evento de ado\u00e7\u00e3o de c\u00e3es e gatos no pr\u00f3ximo s\u00e1bado<\/p>\n<h4 class=\"wp-block-heading\"><strong><span style=\"background-color:#f7cc62\" class=\"td_text_highlight_marker\">FIQUE ON <\/span><\/strong><\/h4>\n<p>Fique ligado em tudo que acontece em Ribeir\u00e3o Preto e regi\u00e3o. Siga os perfis do\u00a0<strong>acidade on<\/strong>\u00a0no\u00a0<a href=\"https:\/\/www.instagram.com\/acidadeonribeirao\" target=\"_blank\" rel=\"noreferrer noopener\">Instagram\u00a0<\/a>e no<a href=\"https:\/\/www.facebook.com\/acidadeonribeirao\" target=\"_blank\" rel=\"noreferrer noopener\">\u00a0Facebook.<\/a><\/p>\n<p>Receba not\u00edcias do\u00a0<strong>acidade on\u00a0<\/strong>no WhatsApp.\u00a0<a href=\"https:\/\/chat.whatsapp.com\/Bnv2w66ZT4VDyZW3oiZ69n\" target=\"_blank\" rel=\"noreferrer noopener\">Para entrar no grupo, basta clicar aqui.<\/a><\/p>\n<p>Fa\u00e7a uma den\u00fancia ou sugira uma reportagem sobre Ribeir\u00e3o Preto e regi\u00e3o pelo WhatsApp:\u00a0<strong>(16) 99117 7802.<\/strong><\/p>\n<h4 class=\"wp-block-heading\"><strong>LEIA MAIS <\/strong><\/h4>\n<p><a href=\"https:\/\/www.tudoep.com\/ep-agro\/NOT,0,0,1868343,historia-do-vinho-no-brasil-saiba-como-a-bebida-chegou-ao-pais.aspx\" target=\"_blank\" rel=\"noreferrer noopener\">Hist\u00f3ria do vinho no Brasil: saiba como a bebida chegou ao pa\u00eds<\/a><\/p>\n<p><!-- AI CONTENT END 1 -->\n<\/div>\n<p><script async src=\"\/\/www.instagram.com\/embed.js\"><\/script><br \/>\n<br \/><br \/>\n<br \/><a href=\"https:\/\/www.acidadeon.com\/ribeiraopreto\/lazer-e-cultura\/saiba-tudo-sobre-a-programacao-do-aniversario-de-sertaozinho\/\">Source link <\/a><\/p>\n<!-- CONTENT END 1 -->\n","protected":false},"excerpt":{"rendered":"<p>Em comemora\u00e7\u00e3o aos 127 anos de Sert\u00e3ozinho, na regi\u00e3o de Ribeir\u00e3o Preto, que ser\u00e1 celebrado no dia 5 de dezembro, a cidade ir\u00e1 promover eventos&#8230;<\/p>\n","protected":false},"author":1,"featured_media":8598,"comment_status":"open","ping_status":"open","sticky":false,"template":"","format":"standard","meta":{"advanced_seo_description":"","jetpack_seo_html_title":"","jetpack_seo_noindex":false,"jetpack_post_was_ever_published":false,"_jetpack_newsletter_access":"","_jetpack_dont_email_post_to_subs":false,"_jetpack_newsletter_tier_id":0,"_jetpack_memberships_contains_paywalled_content":false,"_jetpack_memberships_contains_paid_content":false,"footnotes":"","jetpack_publicize_message":"","jetpack_publicize_feature_enabled":true,"jetpack_social_post_already_shared":true,"jetpack_social_options":{"image_generator_settings":{"template":"highway","default_image_id":0,"font":"","enabled":false},"version":2}},"categories":[11],"tags":[959,70,123,865,468,43],"class_list":["post-8597","post","type-post","status-publish","format-standard","has-post-thumbnail","hentry","category-noticias-de-ribeirao-preto-sp-e-regiao-ismael-colosi","tag-aniversario","tag-programacao","tag-saiba","tag-sertaozinho","tag-sobre","tag-tudo"],"jetpack_publicize_connections":[],"jetpack_featured_media_url":"https:\/\/i0.wp.com\/noticiasribeiraopreto.com.br\/wp-content\/uploads\/2023\/11\/sertaozinho-1-1068x713-1.jpg?fit=1068%2C713&ssl=1","jetpack-related-posts":[{"id":7806,"url":"https:\/\/noticiasribeiraopreto.com.br\/index.php\/2023\/11\/28\/dilsinho-faz-show-gratuito-em-cidade-na-regiao-de-ribeirao-veja-quando\/","url_meta":{"origin":8597,"position":0},"title":"Dilsinho faz show gratuito em cidade na regi\u00e3o de Ribeir\u00e3o; Veja quando","author":"noticiasribeiraopreto.com.br","date":"28 de November de 2023","format":false,"excerpt":"O cantor Dilsinho se apresenta de forma gratuita, nesta sexta-feira (1\u00ba), em Sert\u00e3ozinho, cidade a 21 km de Ribeir\u00e3o Preto. O show acontece no Parque Linear da cidade, a partir das 22h. A apresenta\u00e7\u00e3o faz parte da programa\u00e7\u00e3o do 127\u00ba anivers\u00e1rio de Sert\u00e3ozinho. De acordo com a Prefeitura da cidade,\u2026","rel":"","context":"In &quot;Not\u00edcias de Ribeir\u00e3o Preto-SP e Regi\u00e3o&quot;","block_context":{"text":"Not\u00edcias de Ribeir\u00e3o Preto-SP e Regi\u00e3o","link":"https:\/\/noticiasribeiraopreto.com.br\/index.php\/category\/noticias-de-ribeirao-preto-sp-e-regiao-ismael-colosi\/"},"img":{"alt_text":"","src":"https:\/\/i0.wp.com\/noticiasribeiraopreto.com.br\/wp-content\/uploads\/2023\/11\/405194092_885948156420610_8403092677756061770_n.jpg?fit=1080%2C721&ssl=1&resize=350%2C200","width":350,"height":200,"srcset":"https:\/\/i0.wp.com\/noticiasribeiraopreto.com.br\/wp-content\/uploads\/2023\/11\/405194092_885948156420610_8403092677756061770_n.jpg?fit=1080%2C721&ssl=1&resize=350%2C200 1x, https:\/\/i0.wp.com\/noticiasribeiraopreto.com.br\/wp-content\/uploads\/2023\/11\/405194092_885948156420610_8403092677756061770_n.jpg?fit=1080%2C721&ssl=1&resize=525%2C300 1.5x, https:\/\/i0.wp.com\/noticiasribeiraopreto.com.br\/wp-content\/uploads\/2023\/11\/405194092_885948156420610_8403092677756061770_n.jpg?fit=1080%2C721&ssl=1&resize=700%2C400 2x, https:\/\/i0.wp.com\/noticiasribeiraopreto.com.br\/wp-content\/uploads\/2023\/11\/405194092_885948156420610_8403092677756061770_n.jpg?fit=1080%2C721&ssl=1&resize=1050%2C600 3x"},"classes":[]},{"id":58874,"url":"https:\/\/noticiasribeiraopreto.com.br\/index.php\/2024\/10\/08\/regiao-de-ribeirao-preto-recebe-oktoberfest-nesta-semana\/","url_meta":{"origin":8597,"position":1},"title":"Regi\u00e3o de Ribeir\u00e3o Preto recebe oktoberfest nesta semana","author":"noticiasribeiraopreto.com.br","date":"8 de October de 2024","format":false,"excerpt":"Sert\u00e3ozinho, na regi\u00e3o de Ribeir\u00e3o Preto, recebe a oktoberfest entre os dias 11 e 12 de outubro. O evento acontece no Parque Linear Urbano \u201cGuiomar Carvalho Benelli\u201d e contar\u00e1 com diversas atra\u00e7\u00f5es. A entrada \u00e9 solid\u00e1ria. Para participar, basta doar 1kg de alimento n\u00e3o perec\u00edvel (exceto sal) e, dentro do\u2026","rel":"","context":"In &quot;Not\u00edcias de Ribeir\u00e3o Preto-SP e Regi\u00e3o&quot;","block_context":{"text":"Not\u00edcias de Ribeir\u00e3o Preto-SP e Regi\u00e3o","link":"https:\/\/noticiasribeiraopreto.com.br\/index.php\/category\/noticias-de-ribeirao-preto-sp-e-regiao-ismael-colosi\/"},"img":{"alt_text":"","src":"https:\/\/i0.wp.com\/noticiasribeiraopreto.com.br\/wp-content\/uploads\/2024\/10\/pexels-pavel-danilyuk-5858056_2024-10-08_13-19-25_jpg_2024-10-08_13-19-29-scaled.webp.webp?fit=1200%2C801&ssl=1&resize=350%2C200","width":350,"height":200,"srcset":"https:\/\/i0.wp.com\/noticiasribeiraopreto.com.br\/wp-content\/uploads\/2024\/10\/pexels-pavel-danilyuk-5858056_2024-10-08_13-19-25_jpg_2024-10-08_13-19-29-scaled.webp.webp?fit=1200%2C801&ssl=1&resize=350%2C200 1x, https:\/\/i0.wp.com\/noticiasribeiraopreto.com.br\/wp-content\/uploads\/2024\/10\/pexels-pavel-danilyuk-5858056_2024-10-08_13-19-25_jpg_2024-10-08_13-19-29-scaled.webp.webp?fit=1200%2C801&ssl=1&resize=525%2C300 1.5x, https:\/\/i0.wp.com\/noticiasribeiraopreto.com.br\/wp-content\/uploads\/2024\/10\/pexels-pavel-danilyuk-5858056_2024-10-08_13-19-25_jpg_2024-10-08_13-19-29-scaled.webp.webp?fit=1200%2C801&ssl=1&resize=700%2C400 2x, https:\/\/i0.wp.com\/noticiasribeiraopreto.com.br\/wp-content\/uploads\/2024\/10\/pexels-pavel-danilyuk-5858056_2024-10-08_13-19-25_jpg_2024-10-08_13-19-29-scaled.webp.webp?fit=1200%2C801&ssl=1&resize=1050%2C600 3x"},"classes":[]},{"id":8289,"url":"https:\/\/noticiasribeiraopreto.com.br\/index.php\/2023\/11\/29\/cidade-na-regiao-de-ribeirao-tem-show-gratuito-de-alexandre-pires-dilsinho-e-mais-veja-quando\/","url_meta":{"origin":8597,"position":2},"title":"Cidade na regi\u00e3o de Ribeir\u00e3o tem show gratuito de Alexandre Pires, Dilsinho e mais; Veja quando","author":"noticiasribeiraopreto.com.br","date":"29 de November de 2023","format":false,"excerpt":"As celebra\u00e7\u00f5es para o 127\u00ba anivers\u00e1rio de Sert\u00e3ozinho, cidade na regi\u00e3o de Ribeir\u00e3o Preto, come\u00e7am a partir desta sexta-feira (1\u00ba) e v\u00e3o at\u00e9 a pr\u00f3xima ter\u00e7a-feira (5), de acordo com a Prefeitura do munic\u00edpio. Com entrada gratuita, a programa\u00e7\u00e3o para os cinco dias de festa conta com apresenta\u00e7\u00f5es dos cantores\u2026","rel":"","context":"In &quot;Not\u00edcias de Ribeir\u00e3o Preto-SP e Regi\u00e3o&quot;","block_context":{"text":"Not\u00edcias de Ribeir\u00e3o Preto-SP e Regi\u00e3o","link":"https:\/\/noticiasribeiraopreto.com.br\/index.php\/category\/noticias-de-ribeirao-preto-sp-e-regiao-ismael-colosi\/"},"img":{"alt_text":"","src":"https:\/\/i0.wp.com\/noticiasribeiraopreto.com.br\/wp-content\/uploads\/2023\/11\/Copia-de-Copia-de-TAMANHO-EXATO-PARA-FOTOS-NO-SISTEMA-NOVO-3-1.png?fit=1200%2C675&ssl=1&resize=350%2C200","width":350,"height":200,"srcset":"https:\/\/i0.wp.com\/noticiasribeiraopreto.com.br\/wp-content\/uploads\/2023\/11\/Copia-de-Copia-de-TAMANHO-EXATO-PARA-FOTOS-NO-SISTEMA-NOVO-3-1.png?fit=1200%2C675&ssl=1&resize=350%2C200 1x, https:\/\/i0.wp.com\/noticiasribeiraopreto.com.br\/wp-content\/uploads\/2023\/11\/Copia-de-Copia-de-TAMANHO-EXATO-PARA-FOTOS-NO-SISTEMA-NOVO-3-1.png?fit=1200%2C675&ssl=1&resize=525%2C300 1.5x, https:\/\/i0.wp.com\/noticiasribeiraopreto.com.br\/wp-content\/uploads\/2023\/11\/Copia-de-Copia-de-TAMANHO-EXATO-PARA-FOTOS-NO-SISTEMA-NOVO-3-1.png?fit=1200%2C675&ssl=1&resize=700%2C400 2x, https:\/\/i0.wp.com\/noticiasribeiraopreto.com.br\/wp-content\/uploads\/2023\/11\/Copia-de-Copia-de-TAMANHO-EXATO-PARA-FOTOS-NO-SISTEMA-NOVO-3-1.png?fit=1200%2C675&ssl=1&resize=1050%2C600 3x"},"classes":[]},{"id":80850,"url":"https:\/\/noticiasribeiraopreto.com.br\/index.php\/2025\/12\/16\/relatos-de-onca-em-parque-preocupam-moradores-e-prefeitura-divulga-orientacoes\/","url_meta":{"origin":8597,"position":3},"title":"Relatos de on\u00e7a em parque preocupam moradores e Prefeitura divulga orienta\u00e7\u00f5es","author":"noticiasribeiraopreto.com.br","date":"16 de December de 2025","format":false,"excerpt":"A Prefeitura de Sert\u00e3ozinho, cidade a cerca de 20 quil\u00f4metros de Ribeir\u00e3o Preto, divulgou na tarde desta segunda-feira (15) uma nota ap\u00f3s dois relatos de avistamento de um felino silvestre, possivelmente uma on\u00e7a-parda, no munic\u00edpio. Segundo o comunicado, o relato mais recente ocorreu na tarde de domingo (14), nas depend\u00eancias\u2026","rel":"","context":"In &quot;Not\u00edcias de Ribeir\u00e3o Preto-SP e Regi\u00e3o&quot;","block_context":{"text":"Not\u00edcias de Ribeir\u00e3o Preto-SP e Regi\u00e3o","link":"https:\/\/noticiasribeiraopreto.com.br\/index.php\/category\/noticias-de-ribeirao-preto-sp-e-regiao-ismael-colosi\/"},"img":{"alt_text":"","src":"https:\/\/i0.wp.com\/noticiasribeiraopreto.com.br\/wp-content\/uploads\/2025\/12\/parque-linear-ribeirao_2025-12-15_18-31-24.webp.webp?fit=800%2C600&ssl=1&resize=350%2C200","width":350,"height":200,"srcset":"https:\/\/i0.wp.com\/noticiasribeiraopreto.com.br\/wp-content\/uploads\/2025\/12\/parque-linear-ribeirao_2025-12-15_18-31-24.webp.webp?fit=800%2C600&ssl=1&resize=350%2C200 1x, https:\/\/i0.wp.com\/noticiasribeiraopreto.com.br\/wp-content\/uploads\/2025\/12\/parque-linear-ribeirao_2025-12-15_18-31-24.webp.webp?fit=800%2C600&ssl=1&resize=525%2C300 1.5x, https:\/\/i0.wp.com\/noticiasribeiraopreto.com.br\/wp-content\/uploads\/2025\/12\/parque-linear-ribeirao_2025-12-15_18-31-24.webp.webp?fit=800%2C600&ssl=1&resize=700%2C400 2x"},"classes":[]},{"id":79712,"url":"https:\/\/noticiasribeiraopreto.com.br\/index.php\/2025\/11\/06\/corrida-e-caminhada-reunem-35-mil-participantes-no-domingo-em-sertaozinho\/","url_meta":{"origin":8597,"position":4},"title":"Corrida e caminhada re\u00fanem 3,5 mil participantes no domingo em Sert\u00e3ozinho","author":"noticiasribeiraopreto.com.br","date":"6 de November de 2025","format":false,"excerpt":"A 12\u00aa Corrida Viva a Vida Savegnago ser\u00e1 realizada no pr\u00f3ximo domingo (9), em Sert\u00e3ozinho, na regi\u00e3o de Ribeir\u00e3o Preto. Segundo a organiza\u00e7\u00e3o, foram registrados 3,5 mil inscritos, incluindo a modalidade caminhada, n\u00famero recorde de todas as edi\u00e7\u00f5es do evento. As inscri\u00e7\u00f5es, contudo, j\u00e1 est\u00e3o encerradas. A largada ser\u00e1 \u00e0s\u2026","rel":"","context":"In &quot;Not\u00edcias de Ribeir\u00e3o Preto-SP e Regi\u00e3o&quot;","block_context":{"text":"Not\u00edcias de Ribeir\u00e3o Preto-SP e Regi\u00e3o","link":"https:\/\/noticiasribeiraopreto.com.br\/index.php\/category\/noticias-de-ribeirao-preto-sp-e-regiao-ismael-colosi\/"},"img":{"alt_text":"","src":"https:\/\/i0.wp.com\/noticiasribeiraopreto.com.br\/wp-content\/uploads\/2025\/11\/IMG_7168_2025-11-06_15-38-37.webp.webp?fit=1200%2C800&ssl=1&resize=350%2C200","width":350,"height":200,"srcset":"https:\/\/i0.wp.com\/noticiasribeiraopreto.com.br\/wp-content\/uploads\/2025\/11\/IMG_7168_2025-11-06_15-38-37.webp.webp?fit=1200%2C800&ssl=1&resize=350%2C200 1x, https:\/\/i0.wp.com\/noticiasribeiraopreto.com.br\/wp-content\/uploads\/2025\/11\/IMG_7168_2025-11-06_15-38-37.webp.webp?fit=1200%2C800&ssl=1&resize=525%2C300 1.5x, https:\/\/i0.wp.com\/noticiasribeiraopreto.com.br\/wp-content\/uploads\/2025\/11\/IMG_7168_2025-11-06_15-38-37.webp.webp?fit=1200%2C800&ssl=1&resize=700%2C400 2x, https:\/\/i0.wp.com\/noticiasribeiraopreto.com.br\/wp-content\/uploads\/2025\/11\/IMG_7168_2025-11-06_15-38-37.webp.webp?fit=1200%2C800&ssl=1&resize=1050%2C600 3x"},"classes":[]},{"id":70534,"url":"https:\/\/noticiasribeiraopreto.com.br\/index.php\/2025\/05\/27\/parque-sera-fechado-para-acao-contra-carrapato-estrela-saiba-quando\/","url_meta":{"origin":8597,"position":5},"title":"Parque ser\u00e1 fechado para a\u00e7\u00e3o contra carrapato-estrela; Saiba quando","author":"noticiasribeiraopreto.com.br","date":"27 de May de 2025","format":false,"excerpt":"O Parque Linear Urbano \u201cGuiomar Carvalho Benelli\u201d, em Sert\u00e3ozinho, cidade na regi\u00e3o de Ribeir\u00e3o Preto, estar\u00e1 fechado nesta quarta-feira (28), para a realiza\u00e7\u00e3o de uma a\u00e7\u00e3o preventiva contra o carrapato-estrela, transmissor da febre maculosa. A medida prev\u00ea a aplica\u00e7\u00e3o de defensivo no local a partir das 8h, com interdi\u00e7\u00e3o do\u2026","rel":"","context":"In &quot;Not\u00edcias de Ribeir\u00e3o Preto-SP e Regi\u00e3o&quot;","block_context":{"text":"Not\u00edcias de Ribeir\u00e3o Preto-SP e Regi\u00e3o","link":"https:\/\/noticiasribeiraopreto.com.br\/index.php\/category\/noticias-de-ribeirao-preto-sp-e-regiao-ismael-colosi\/"},"img":{"alt_text":"","src":"https:\/\/i0.wp.com\/noticiasribeiraopreto.com.br\/wp-content\/uploads\/2025\/05\/SaibaquantoscasosemortesporfebremaculosaforamconfirmadosemSPnesteano_Tamanho_2_image.jpg?fit=1200%2C900&ssl=1&resize=350%2C200","width":350,"height":200,"srcset":"https:\/\/i0.wp.com\/noticiasribeiraopreto.com.br\/wp-content\/uploads\/2025\/05\/SaibaquantoscasosemortesporfebremaculosaforamconfirmadosemSPnesteano_Tamanho_2_image.jpg?fit=1200%2C900&ssl=1&resize=350%2C200 1x, https:\/\/i0.wp.com\/noticiasribeiraopreto.com.br\/wp-content\/uploads\/2025\/05\/SaibaquantoscasosemortesporfebremaculosaforamconfirmadosemSPnesteano_Tamanho_2_image.jpg?fit=1200%2C900&ssl=1&resize=525%2C300 1.5x, https:\/\/i0.wp.com\/noticiasribeiraopreto.com.br\/wp-content\/uploads\/2025\/05\/SaibaquantoscasosemortesporfebremaculosaforamconfirmadosemSPnesteano_Tamanho_2_image.jpg?fit=1200%2C900&ssl=1&resize=700%2C400 2x, https:\/\/i0.wp.com\/noticiasribeiraopreto.com.br\/wp-content\/uploads\/2025\/05\/SaibaquantoscasosemortesporfebremaculosaforamconfirmadosemSPnesteano_Tamanho_2_image.jpg?fit=1200%2C900&ssl=1&resize=1050%2C600 3x"},"classes":[]}],"jetpack_sharing_enabled":true,"jetpack_shortlink":"https:\/\/wp.me\/peQAOb-2eF","_links":{"self":[{"href":"https:\/\/noticiasribeiraopreto.com.br\/index.php\/wp-json\/wp\/v2\/posts\/8597","targetHints":{"allow":["GET"]}}],"collection":[{"href":"https:\/\/noticiasribeiraopreto.com.br\/index.php\/wp-json\/wp\/v2\/posts"}],"about":[{"href":"https:\/\/noticiasribeiraopreto.com.br\/index.php\/wp-json\/wp\/v2\/types\/post"}],"author":[{"embeddable":true,"href":"https:\/\/noticiasribeiraopreto.com.br\/index.php\/wp-json\/wp\/v2\/users\/1"}],"replies":[{"embeddable":true,"href":"https:\/\/noticiasribeiraopreto.com.br\/index.php\/wp-json\/wp\/v2\/comments?post=8597"}],"version-history":[{"count":0,"href":"https:\/\/noticiasribeiraopreto.com.br\/index.php\/wp-json\/wp\/v2\/posts\/8597\/revisions"}],"wp:featuredmedia":[{"embeddable":true,"href":"https:\/\/noticiasribeiraopreto.com.br\/index.php\/wp-json\/wp\/v2\/media\/8598"}],"wp:attachment":[{"href":"https:\/\/noticiasribeiraopreto.com.br\/index.php\/wp-json\/wp\/v2\/media?parent=8597"}],"wp:term":[{"taxonomy":"category","embeddable":true,"href":"https:\/\/noticiasribeiraopreto.com.br\/index.php\/wp-json\/wp\/v2\/categories?post=8597"},{"taxonomy":"post_tag","embeddable":true,"href":"https:\/\/noticiasribeiraopreto.com.br\/index.php\/wp-json\/wp\/v2\/tags?post=8597"}],"curies":[{"name":"wp","href":"https:\/\/api.w.org\/{rel}","templated":true}]}}