{"id":86099,"date":"2026-05-31T19:50:14","date_gmt":"2026-05-31T22:50:14","guid":{"rendered":"https:\/\/noticiasribeiraopreto.com.br\/index.php\/2026\/05\/31\/parque-curupira-fecha-temporariamente-para-resgate-de-ave-em-ribeirao-preto\/"},"modified":"2026-05-31T19:50:14","modified_gmt":"2026-05-31T22:50:14","slug":"parque-curupira-fecha-temporariamente-para-resgate-de-ave-em-ribeirao-preto","status":"publish","type":"post","link":"https:\/\/noticiasribeiraopreto.com.br\/index.php\/2026\/05\/31\/parque-curupira-fecha-temporariamente-para-resgate-de-ave-em-ribeirao-preto\/","title":{"rendered":"Parque Curupira fecha temporariamente para resgate de ave em Ribeir\u00e3o Preto &#8211; THMais"},"content":{"rendered":"<div class='code-block code-block-1' style='margin: 8px 0 8px auto; text-align: right; display: block; clear: both;'>\n<p><a href=\"https:\/\/wa.link\/vpicfd\"><img data-recalc-dims=\"1\" class=\"wp-image-4922\" style=\"aspect-ratio: 2.0253164556962027; width: 561px; height: auto;\" src=\"https:\/\/i0.wp.com\/ismaelcolosi.com.br\/wp-content\/uploads\/2023\/11\/grupo-de-empregos-whatsapp-e-facebook-ismael-colosi-vagas.jpg?ssl=1\" alt=\"\" \/><\/a><\/p>\n<!-- \/wp:image -->\n<\/div>\n<p> <br \/>\n<\/p>\n<div data-td-block-uid=\"tdi_142\">\n<div class=\"tdb-block-inner td-fix-index\">\n<p class=\"wp-block-paragraph\">O Parque Municipal Prefeito Luiz Roberto J\u00e1bali, o Curupira, permanecer\u00e1 fechado ao p\u00fablico na manh\u00e3 desta segunda-feira (1\u00ba), em Ribeir\u00e3o Preto. A medida foi adotada para viabilizar uma nova a\u00e7\u00e3o de resgate de uma ave que segue com uma linha presa ao corpo.<\/p>\n<p class=\"wp-block-paragraph\">De acordo com a Prefeitura, a opera\u00e7\u00e3o ser\u00e1 realizada por equipes do Bosque e Zool\u00f3gico Dr. F\u00e1bio Barreto, com apoio do Corpo de Bombeiros. O fechamento tempor\u00e1rio do parque tem como objetivo garantir a seguran\u00e7a dos visitantes e oferecer as condi\u00e7\u00f5es necess\u00e1rias para o trabalho das equipes envolvidas na captura do animal.<\/p>\n<p class=\"wp-block-paragraph\">A administra\u00e7\u00e3o municipal informou que a expectativa \u00e9 de que o local seja reaberto ap\u00f3s o meio-dia, desde que o resgate seja conclu\u00eddo com sucesso.<\/p>\n<\/div>\n<\/div>\n<p><br \/>\n<br \/><a href=\"https:\/\/thmais.com.br\/cidades\/ribeirao-preto\/parque-curupira-fecha-temporariamente-para-resgate-de-ave-em-ribeirao-preto\/\">Link para o texto original aqui <\/a><\/p>\n<!-- CONTENT END 1 -->\n","protected":false},"excerpt":{"rendered":"<p>O Parque Municipal Prefeito Luiz Roberto J\u00e1bali, o Curupira, permanecer\u00e1 fechado ao p\u00fablico na manh\u00e3 desta segunda-feira (1\u00ba), em Ribeir\u00e3o Preto. A medida foi adotada&#8230;<\/p>\n","protected":false},"author":1,"featured_media":86100,"comment_status":"","ping_status":"","sticky":false,"template":"","format":"standard","meta":{"advanced_seo_description":"","jetpack_seo_html_title":"","jetpack_seo_noindex":false,"jetpack_seo_schema_type":"","_jetpack_newsletter_access":"","_jetpack_dont_email_post_to_subs":false,"_jetpack_newsletter_tier_id":0,"_jetpack_memberships_contains_paywalled_content":false,"_jetpack_feature_clip_id":0,"_jetpack_memberships_contains_paid_content":false,"footnotes":"","jetpack_publicize_message":"","jetpack_publicize_feature_enabled":true,"jetpack_social_post_already_shared":true,"jetpack_social_options":{"image_generator_settings":{"template":"highway","default_image_id":0,"font":"","enabled":false},"version":2},"jetpack_post_was_ever_published":false},"categories":[11],"tags":[6811,6809,726,71,406,27,1823,26,6456,6810,6443],"class_list":["post-86099","post","type-post","status-publish","format-standard","has-post-thumbnail","hentry","category-noticias-de-ribeirao-preto-sp-e-regiao-ismael-colosi","tag-ave","tag-curupira","tag-fecha","tag-para","tag-parque","tag-preto","tag-resgate","tag-ribeirao","tag-ribeirao-preto","tag-temporariamente","tag-thmais"],"jetpack_publicize_connections":[],"jetpack-related-posts":[{"id":89116,"url":"https:\/\/noticiasribeiraopreto.com.br\/index.php\/2026\/07\/30\/ribeirao-preto-reabre-parque-curupira-apos-vendaval-4-parques-estao-abertos\/","url_meta":{"origin":86099,"position":0},"title":"Ribeir\u00e3o Preto reabre Parque Curupira ap\u00f3s vendaval; 4 parques est\u00e3o abertos","author":"noticiasribeiraopreto.com.br","date":"30 de July de 2026","format":false,"excerpt":"A Secretaria Municipal de Infraestrutura e Zeladoria de Ribeir\u00e3o Preto informou que o Parque Luiz Roberto J\u00e1bali, o Curupira, foi reaberto na tarde desta quinta-feira (30), ap\u00f3s o vendaval que atingiu a cidade na \u00faltima sexta-feira (24). Receba not\u00edcias do\u00a0acidade on Ribeir\u00e3o\u00a0no WhatsApp e fique por dentro de tudo! Basta\u2026","rel":"","context":"In &quot;Not\u00edcias de Ribeir\u00e3o Preto-SP e Regi\u00e3o&quot;","block_context":{"text":"Not\u00edcias de Ribeir\u00e3o Preto-SP e Regi\u00e3o","link":"https:\/\/noticiasribeiraopreto.com.br\/index.php\/category\/noticias-de-ribeirao-preto-sp-e-regiao-ismael-colosi\/"},"img":{"alt_text":"","src":"https:\/\/i0.wp.com\/noticiasribeiraopreto.com.br\/wp-content\/uploads\/2026\/07\/parque-curupira.jpeg?fit=1200%2C800&ssl=1&resize=350%2C200","width":350,"height":200,"srcset":"https:\/\/i0.wp.com\/noticiasribeiraopreto.com.br\/wp-content\/uploads\/2026\/07\/parque-curupira.jpeg?fit=1200%2C800&ssl=1&resize=350%2C200 1x, https:\/\/i0.wp.com\/noticiasribeiraopreto.com.br\/wp-content\/uploads\/2026\/07\/parque-curupira.jpeg?fit=1200%2C800&ssl=1&resize=525%2C300 1.5x, https:\/\/i0.wp.com\/noticiasribeiraopreto.com.br\/wp-content\/uploads\/2026\/07\/parque-curupira.jpeg?fit=1200%2C800&ssl=1&resize=700%2C400 2x, https:\/\/i0.wp.com\/noticiasribeiraopreto.com.br\/wp-content\/uploads\/2026\/07\/parque-curupira.jpeg?fit=1200%2C800&ssl=1&resize=1050%2C600 3x"},"classes":[]},{"id":83966,"url":"https:\/\/noticiasribeiraopreto.com.br\/index.php\/2026\/03\/30\/parque-em-ribeirao-preto-sera-fechado-nesta-segunda-feira-saiba-o-motivo\/","url_meta":{"origin":86099,"position":1},"title":"Parque em Ribeir\u00e3o Preto ser\u00e1 fechado nesta segunda-feira; Saiba o motivo","author":"noticiasribeiraopreto.com.br","date":"30 de March de 2026","format":false,"excerpt":"Ler o resumo da not\u00edcia Parque Curupira, na zona Leste de Ribeir\u00e3o Preto, ser\u00e1 fechado nesta segunda-feira (30) a partir das 13h. O motivo \u00e9 a retirada de um enxame de abelhas identificado no local para garantir a seguran\u00e7a dos frequentadores. A previs\u00e3o de reabertura \u00e9 nesta ter\u00e7a-feira (31), no\u2026","rel":"","context":"In &quot;Not\u00edcias de Ribeir\u00e3o Preto-SP e Regi\u00e3o&quot;","block_context":{"text":"Not\u00edcias de Ribeir\u00e3o Preto-SP e Regi\u00e3o","link":"https:\/\/noticiasribeiraopreto.com.br\/index.php\/category\/noticias-de-ribeirao-preto-sp-e-regiao-ismael-colosi\/"},"img":{"alt_text":"","src":"https:\/\/i0.wp.com\/noticiasribeiraopreto.com.br\/wp-content\/uploads\/2026\/03\/WhatsApp-Image-2026-03-30-at-10.03.43_2026-03-30_14-13-24.webp.webp?fit=1200%2C800&ssl=1&resize=350%2C200","width":350,"height":200,"srcset":"https:\/\/i0.wp.com\/noticiasribeiraopreto.com.br\/wp-content\/uploads\/2026\/03\/WhatsApp-Image-2026-03-30-at-10.03.43_2026-03-30_14-13-24.webp.webp?fit=1200%2C800&ssl=1&resize=350%2C200 1x, https:\/\/i0.wp.com\/noticiasribeiraopreto.com.br\/wp-content\/uploads\/2026\/03\/WhatsApp-Image-2026-03-30-at-10.03.43_2026-03-30_14-13-24.webp.webp?fit=1200%2C800&ssl=1&resize=525%2C300 1.5x, https:\/\/i0.wp.com\/noticiasribeiraopreto.com.br\/wp-content\/uploads\/2026\/03\/WhatsApp-Image-2026-03-30-at-10.03.43_2026-03-30_14-13-24.webp.webp?fit=1200%2C800&ssl=1&resize=700%2C400 2x, https:\/\/i0.wp.com\/noticiasribeiraopreto.com.br\/wp-content\/uploads\/2026\/03\/WhatsApp-Image-2026-03-30-at-10.03.43_2026-03-30_14-13-24.webp.webp?fit=1200%2C800&ssl=1&resize=1050%2C600 3x"},"classes":[]},{"id":83426,"url":"https:\/\/noticiasribeiraopreto.com.br\/index.php\/2026\/03\/18\/bosque-e-parque-sao-fechados-temporariamente-apos-fortes-chuvas-em-ribeirao-preto\/","url_meta":{"origin":86099,"position":2},"title":"Bosque e parque s\u00e3o fechados temporariamente ap\u00f3s fortes chuvas em Ribeir\u00e3o Preto","author":"noticiasribeiraopreto.com.br","date":"18 de March de 2026","format":false,"excerpt":"O Bosque Zool\u00f3gico F\u00e1bio Barreto e o Parque Curupira foram fechados temporariamente para visita\u00e7\u00e3o, depois do temporal que atingiu Ribeir\u00e3o Preto na tarde desta ter\u00e7a-feira (17). Segundo a Prefeitura de Ribeir\u00e3o Preto, equipes t\u00e9cnicas e de manuten\u00e7\u00e3o iniciaram uma for\u00e7a-tarefa para limpeza e reparos emergenciais nos dois espa\u00e7os p\u00fablicos, pois\u2026","rel":"","context":"In &quot;Not\u00edcias de Ribeir\u00e3o Preto-SP e Regi\u00e3o&quot;","block_context":{"text":"Not\u00edcias de Ribeir\u00e3o Preto-SP e Regi\u00e3o","link":"https:\/\/noticiasribeiraopreto.com.br\/index.php\/category\/noticias-de-ribeirao-preto-sp-e-regiao-ismael-colosi\/"},"img":{"alt_text":"","src":"https:\/\/i0.wp.com\/noticiasribeiraopreto.com.br\/wp-content\/uploads\/2026\/03\/WhatsApp-Image-2025-11-08-at-14.23.19_2025-11-08_17-24-00.webp.webp?fit=852%2C429&ssl=1&resize=350%2C200","width":350,"height":200,"srcset":"https:\/\/i0.wp.com\/noticiasribeiraopreto.com.br\/wp-content\/uploads\/2026\/03\/WhatsApp-Image-2025-11-08-at-14.23.19_2025-11-08_17-24-00.webp.webp?fit=852%2C429&ssl=1&resize=350%2C200 1x, https:\/\/i0.wp.com\/noticiasribeiraopreto.com.br\/wp-content\/uploads\/2026\/03\/WhatsApp-Image-2025-11-08-at-14.23.19_2025-11-08_17-24-00.webp.webp?fit=852%2C429&ssl=1&resize=525%2C300 1.5x, https:\/\/i0.wp.com\/noticiasribeiraopreto.com.br\/wp-content\/uploads\/2026\/03\/WhatsApp-Image-2025-11-08-at-14.23.19_2025-11-08_17-24-00.webp.webp?fit=852%2C429&ssl=1&resize=700%2C400 2x"},"classes":[]},{"id":48792,"url":"https:\/\/noticiasribeiraopreto.com.br\/index.php\/2024\/05\/06\/area-pega-fogo-ao-lado-do-parque-curupira-em-ribeirao-preto-veja-o-video\/","url_meta":{"origin":86099,"position":3},"title":"\u00c1rea pega fogo ao lado do Parque Curupira em Ribeir\u00e3o Preto; Veja o v\u00eddeo","author":"noticiasribeiraopreto.com.br","date":"6 de May de 2024","format":false,"excerpt":"Uma \u00e1rea ao lado do Parque Luiz Roberto J\u00e1bali, o Curupira, pegou fogo na tarde desta segunda-feira (6). Por conta do inc\u00eandio, um caminh\u00e3o-pipa da Prefeitura de Ribeir\u00e3o Preto foi enviado ao local. Segundo a Defesa Civil, o fogo \u00e9 de grandes propor\u00e7\u00f5es e est\u00e1 pr\u00f3ximo da grade do parque.\u2026","rel":"","context":"In &quot;Not\u00edcias de Ribeir\u00e3o Preto-SP e Regi\u00e3o&quot;","block_context":{"text":"Not\u00edcias de Ribeir\u00e3o Preto-SP e Regi\u00e3o","link":"https:\/\/noticiasribeiraopreto.com.br\/index.php\/category\/noticias-de-ribeirao-preto-sp-e-regiao-ismael-colosi\/"},"img":{"alt_text":"","src":"https:\/\/i0.wp.com\/noticiasribeiraopreto.com.br\/wp-content\/uploads\/2024\/05\/AnyConv.com__curupira_2024-05-06_19-55-14.webp.webp?fit=1196%2C673&ssl=1&resize=350%2C200","width":350,"height":200,"srcset":"https:\/\/i0.wp.com\/noticiasribeiraopreto.com.br\/wp-content\/uploads\/2024\/05\/AnyConv.com__curupira_2024-05-06_19-55-14.webp.webp?fit=1196%2C673&ssl=1&resize=350%2C200 1x, https:\/\/i0.wp.com\/noticiasribeiraopreto.com.br\/wp-content\/uploads\/2024\/05\/AnyConv.com__curupira_2024-05-06_19-55-14.webp.webp?fit=1196%2C673&ssl=1&resize=525%2C300 1.5x, https:\/\/i0.wp.com\/noticiasribeiraopreto.com.br\/wp-content\/uploads\/2024\/05\/AnyConv.com__curupira_2024-05-06_19-55-14.webp.webp?fit=1196%2C673&ssl=1&resize=700%2C400 2x, https:\/\/i0.wp.com\/noticiasribeiraopreto.com.br\/wp-content\/uploads\/2024\/05\/AnyConv.com__curupira_2024-05-06_19-55-14.webp.webp?fit=1196%2C673&ssl=1&resize=1050%2C600 3x"},"classes":[]},{"id":86103,"url":"https:\/\/noticiasribeiraopreto.com.br\/index.php\/2026\/06\/01\/captura-de-ave-fechara-parque-nesta-segunda\/","url_meta":{"origin":86099,"position":4},"title":"Captura de ave fechar\u00e1 parque nesta segunda","author":"noticiasribeiraopreto.com.br","date":"1 de June de 2026","format":false,"excerpt":"\r \r \r \r \r 1 de junho de 2026 06:4831 de maio de 2026 20:59 \r Compartilhar0 \r Medida \u00e9 necess\u00e1ria para a captura de uma ave que est\u00e1 com uma linha presa ao corpo; reabertura est\u00e1 prevista para ap\u00f3s o meio-dia A Prefeitura de Ribeir\u00e3o Preto informa que\u2026","rel":"","context":"In &quot;Not\u00edcias de Ribeir\u00e3o Preto-SP e Regi\u00e3o&quot;","block_context":{"text":"Not\u00edcias de Ribeir\u00e3o Preto-SP e Regi\u00e3o","link":"https:\/\/noticiasribeiraopreto.com.br\/index.php\/category\/noticias-de-ribeirao-preto-sp-e-regiao-ismael-colosi\/"},"img":{"alt_text":"","src":"https:\/\/i0.wp.com\/noticiasribeiraopreto.com.br\/wp-content\/uploads\/2026\/06\/parquejabali.jpg?fit=700%2C450&ssl=1&resize=350%2C200","width":350,"height":200,"srcset":"https:\/\/i0.wp.com\/noticiasribeiraopreto.com.br\/wp-content\/uploads\/2026\/06\/parquejabali.jpg?fit=700%2C450&ssl=1&resize=350%2C200 1x, https:\/\/i0.wp.com\/noticiasribeiraopreto.com.br\/wp-content\/uploads\/2026\/06\/parquejabali.jpg?fit=700%2C450&ssl=1&resize=525%2C300 1.5x, https:\/\/i0.wp.com\/noticiasribeiraopreto.com.br\/wp-content\/uploads\/2026\/06\/parquejabali.jpg?fit=700%2C450&ssl=1&resize=700%2C400 2x"},"classes":[]},{"id":86515,"url":"https:\/\/noticiasribeiraopreto.com.br\/index.php\/2026\/06\/15\/parque-de-ribeirao-preto-recebe-festival-de-yoga-com-programacao-gratuita-veja-quando\/","url_meta":{"origin":86099,"position":5},"title":"Parque de Ribeir\u00e3o Preto recebe festival de yoga com programa\u00e7\u00e3o gratuita; Veja quando","author":"noticiasribeiraopreto.com.br","date":"15 de June de 2026","format":false,"excerpt":"A 5\u00aa edi\u00e7\u00e3o do OM Festival de Yoga ser\u00e1 realizada no pr\u00f3ximo domingo (21), Dia Internacional do Yoga, no Parque Prefeito Luiz Roberto J\u00e1bali (Curupira), a partir das 7h30, em Ribeir\u00e3o Preto. A programa\u00e7\u00e3o \u00e9 gratuita. Com o tema \u201cYoga para Todos \u2013 Um Chamado ao Essencial\u201d, os organizadores dizem\u2026","rel":"","context":"In &quot;Not\u00edcias de Ribeir\u00e3o Preto-SP e Regi\u00e3o&quot;","block_context":{"text":"Not\u00edcias de Ribeir\u00e3o Preto-SP e Regi\u00e3o","link":"https:\/\/noticiasribeiraopreto.com.br\/index.php\/category\/noticias-de-ribeirao-preto-sp-e-regiao-ismael-colosi\/"},"img":{"alt_text":"","src":"https:\/\/i0.wp.com\/noticiasribeiraopreto.com.br\/wp-content\/uploads\/2026\/06\/yogabelloso-yoga-6128116_2026-06-15_17-08-34.webp.webp?fit=1200%2C797&ssl=1&resize=350%2C200","width":350,"height":200,"srcset":"https:\/\/i0.wp.com\/noticiasribeiraopreto.com.br\/wp-content\/uploads\/2026\/06\/yogabelloso-yoga-6128116_2026-06-15_17-08-34.webp.webp?fit=1200%2C797&ssl=1&resize=350%2C200 1x, https:\/\/i0.wp.com\/noticiasribeiraopreto.com.br\/wp-content\/uploads\/2026\/06\/yogabelloso-yoga-6128116_2026-06-15_17-08-34.webp.webp?fit=1200%2C797&ssl=1&resize=525%2C300 1.5x, https:\/\/i0.wp.com\/noticiasribeiraopreto.com.br\/wp-content\/uploads\/2026\/06\/yogabelloso-yoga-6128116_2026-06-15_17-08-34.webp.webp?fit=1200%2C797&ssl=1&resize=700%2C400 2x, https:\/\/i0.wp.com\/noticiasribeiraopreto.com.br\/wp-content\/uploads\/2026\/06\/yogabelloso-yoga-6128116_2026-06-15_17-08-34.webp.webp?fit=1200%2C797&ssl=1&resize=1050%2C600 3x"},"classes":[]}],"jetpack_sharing_enabled":true,"jetpack_shortlink":"https:\/\/wp.me\/peQAOb-moH","jetpack_featured_media_url":"https:\/\/i0.wp.com\/noticiasribeiraopreto.com.br\/wp-content\/uploads\/2026\/05\/internet-ribeirao.webp.webp?fit=1360%2C799&ssl=1","_links":{"self":[{"href":"https:\/\/noticiasribeiraopreto.com.br\/index.php\/wp-json\/wp\/v2\/posts\/86099","targetHints":{"allow":["GET"]}}],"collection":[{"href":"https:\/\/noticiasribeiraopreto.com.br\/index.php\/wp-json\/wp\/v2\/posts"}],"about":[{"href":"https:\/\/noticiasribeiraopreto.com.br\/index.php\/wp-json\/wp\/v2\/types\/post"}],"author":[{"embeddable":true,"href":"https:\/\/noticiasribeiraopreto.com.br\/index.php\/wp-json\/wp\/v2\/users\/1"}],"replies":[{"embeddable":true,"href":"https:\/\/noticiasribeiraopreto.com.br\/index.php\/wp-json\/wp\/v2\/comments?post=86099"}],"version-history":[{"count":0,"href":"https:\/\/noticiasribeiraopreto.com.br\/index.php\/wp-json\/wp\/v2\/posts\/86099\/revisions"}],"wp:featuredmedia":[{"embeddable":true,"href":"https:\/\/noticiasribeiraopreto.com.br\/index.php\/wp-json\/wp\/v2\/media\/86100"}],"wp:attachment":[{"href":"https:\/\/noticiasribeiraopreto.com.br\/index.php\/wp-json\/wp\/v2\/media?parent=86099"}],"wp:term":[{"taxonomy":"category","embeddable":true,"href":"https:\/\/noticiasribeiraopreto.com.br\/index.php\/wp-json\/wp\/v2\/categories?post=86099"},{"taxonomy":"post_tag","embeddable":true,"href":"https:\/\/noticiasribeiraopreto.com.br\/index.php\/wp-json\/wp\/v2\/tags?post=86099"}],"curies":[{"name":"wp","href":"https:\/\/api.w.org\/{rel}","templated":true}]}}