{"id":86127,"date":"2026-06-01T17:59:50","date_gmt":"2026-06-01T20:59:50","guid":{"rendered":"https:\/\/noticiasribeiraopreto.com.br\/index.php\/2026\/06\/01\/concurso-incentivo-leitura-inscricoes-abertas\/"},"modified":"2026-06-01T17:59:50","modified_gmt":"2026-06-01T20:59:50","slug":"concurso-incentivo-leitura-inscricoes-abertas","status":"publish","type":"post","link":"https:\/\/noticiasribeiraopreto.com.br\/index.php\/2026\/06\/01\/concurso-incentivo-leitura-inscricoes-abertas\/","title":{"rendered":"Unaerp abre inscri\u00e7\u00f5es para concurso de incentivo \u00e0 leitura &#8211; THMais"},"content":{"rendered":"<div class='code-block code-block-1' style='margin: 8px 0 8px auto; text-align: right; display: block; clear: both;'>\n<p><a href=\"https:\/\/wa.link\/vpicfd\"><img data-recalc-dims=\"1\" class=\"wp-image-4922\" style=\"aspect-ratio: 2.0253164556962027; width: 561px; height: auto;\" src=\"https:\/\/i0.wp.com\/ismaelcolosi.com.br\/wp-content\/uploads\/2023\/11\/grupo-de-empregos-whatsapp-e-facebook-ismael-colosi-vagas.jpg?ssl=1\" alt=\"\" \/><\/a><\/p>\n<!-- \/wp:image -->\n<\/div>\n<p> <br \/>\n<\/p>\n<div data-td-block-uid=\"tdi_142\">\n<div class=\"tdb-block-inner td-fix-index\">\n<p class=\"wp-block-paragraph\">Est\u00e3o abertas, at\u00e9 o dia 10 de agosto, as inscri\u00e7\u00f5es para o XIII Concurso Nacional de Projetos Escolares de Incentivo \u00e0 Leitura \u2013 Prof Electro Bonini, promovido pela<br \/>Universidade de Ribeir\u00e3o Preto \u2013 Unaerp em parceria com a Funda\u00e7\u00e3o do Livro e Leitura de Ribeir\u00e3o Preto.<\/p>\n<p class=\"wp-block-paragraph\">Voltado para professores das s\u00e9ries finais do Ensino Fundamental (6\u00ba ao 9\u00ba ano), das redes p\u00fablica e particular de ensino de todo o Pa\u00eds, o Concurso tem o objetivo<br \/>de incentivar, divulgar e premiar o trabalho de forma\u00e7\u00e3o de leitores jovens, desenvolvido por professores em ambiente escolar.<\/p>\n<p class=\"wp-block-paragraph\"><a href=\"https:\/\/www.instagram.com\/thmaisband\/\"><strong><mark>Siga o perfil do THMais Band Litoral no Instagram<\/mark><\/strong><\/a><\/p>\n<p class=\"wp-block-paragraph\"><strong>\u00a0<mark><a href=\"https:\/\/whatsapp.com\/channel\/0029VaAB4TDBKfiAjYT4TL20\">Fa\u00e7a parte do canal de WhatsApp do THMais e fique bem-informado o dia todo<\/a><\/mark><\/strong><\/p>\n<p class=\"wp-block-paragraph\"><strong>\u00a0<a href=\"https:\/\/www.youtube.com\/@thmaisband\"\/><a href=\"https:\/\/www.youtube.com\/@thmaisband\"><mark>Se inscreva no canal do Youtube da THMais Band Litoral e veja nossos v\u00eddeos<\/mark><\/a><\/strong><\/p>\n<p class=\"wp-block-paragraph\">O professor que tiver o projeto vencedor receber\u00e1 um notebook e a escola uma TV 55\u201d; o segundo lugar um tablet; e o terceiro colocado um smartphone. Os docentes<br \/>vencedores tamb\u00e9m receber\u00e3o acesso a uma plataforma gratuita de estudo de idiomas. A cerim\u00f4nia de premia\u00e7\u00e3o acontece durante a 25\u00aa Feira Internacional do Livro de Ribeir\u00e3o Preto, no dia 9 de setembro.<\/p>\n<p class=\"wp-block-paragraph\">O regulamento e o link para inscri\u00e7\u00e3o est\u00e3o dispon\u00edveis <a href=\"https:\/\/lp.unaerp.br\/concurso\/\" type=\"link\" id=\"https:\/\/lp.unaerp.br\/concurso\/\">neste link<\/a>.<\/p>\n<\/div>\n<\/div>\n<p><script async src=\"\/\/www.instagram.com\/embed.js\"><\/script><br \/>\n<br \/><br \/>\n<br \/><a href=\"https:\/\/thmais.com.br\/cidades\/baixada-santista\/concurso-incentivo-leitura-inscricoes-abertas\/\">Link para o texto original aqui <\/a><\/p>\n<!-- CONTENT END 1 -->\n","protected":false},"excerpt":{"rendered":"<p>Est\u00e3o abertas, at\u00e9 o dia 10 de agosto, as inscri\u00e7\u00f5es para o XIII Concurso Nacional de Projetos Escolares de Incentivo \u00e0 Leitura \u2013 Prof Electro&#8230;<\/p>\n","protected":false},"author":1,"featured_media":86128,"comment_status":"","ping_status":"","sticky":false,"template":"","format":"standard","meta":{"advanced_seo_description":"","jetpack_seo_html_title":"","jetpack_seo_noindex":false,"jetpack_seo_schema_type":"","_jetpack_newsletter_access":"","_jetpack_dont_email_post_to_subs":false,"_jetpack_newsletter_tier_id":0,"_jetpack_memberships_contains_paywalled_content":false,"_jetpack_feature_clip_id":0,"_jetpack_memberships_contains_paid_content":false,"footnotes":"","jetpack_publicize_message":"","jetpack_publicize_feature_enabled":true,"jetpack_social_post_already_shared":true,"jetpack_social_options":{"image_generator_settings":{"template":"highway","default_image_id":0,"font":"","enabled":false},"version":2},"jetpack_post_was_ever_published":false},"categories":[11],"tags":[210,567,1927,566,3847,71,6443,4872],"class_list":["post-86127","post","type-post","status-publish","format-standard","has-post-thumbnail","hentry","category-noticias-de-ribeirao-preto-sp-e-regiao-ismael-colosi","tag-abre","tag-concurso","tag-incentivo","tag-inscricoes","tag-leitura","tag-para","tag-thmais","tag-unaerp"],"jetpack_publicize_connections":[],"jetpack-related-posts":[{"id":84831,"url":"https:\/\/noticiasribeiraopreto.com.br\/index.php\/2026\/04\/16\/feira-do-livro-de-ribeirao-preto-abre-inscricoes-para-concurso-literario\/","url_meta":{"origin":86127,"position":0},"title":"Feira do Livro de Ribeir\u00e3o Preto abre inscri\u00e7\u00f5es para concurso liter\u00e1rio","author":"noticiasribeiraopreto.com.br","date":"16 de April de 2026","format":false,"excerpt":"Ler o resumo da not\u00edcia Feira do Livro de Ribeir\u00e3o Preto abre inscri\u00e7\u00f5es para o concurso liter\u00e1rio \"Professora Zoraide Rocha de Freitas\", com tema \"Gera\u00e7\u00f5es Liter\u00e1rias\". Categoria Estudantil Regional contempla alunos de 6 a 17 anos em modalidades desenho, poema e conto; categoria Adulto tem cr\u00f4nica. Tema para estudantes \u00e9\u2026","rel":"","context":"In &quot;Not\u00edcias de Ribeir\u00e3o Preto-SP e Regi\u00e3o&quot;","block_context":{"text":"Not\u00edcias de Ribeir\u00e3o Preto-SP e Regi\u00e3o","link":"https:\/\/noticiasribeiraopreto.com.br\/index.php\/category\/noticias-de-ribeirao-preto-sp-e-regiao-ismael-colosi\/"},"img":{"alt_text":"","src":"https:\/\/i0.wp.com\/noticiasribeiraopreto.com.br\/wp-content\/uploads\/2026\/04\/Premiacao-Concurso-Literario-FIL_2025-3_2026-04-16_12-43-59.webp.webp?fit=1200%2C800&ssl=1&resize=350%2C200","width":350,"height":200,"srcset":"https:\/\/i0.wp.com\/noticiasribeiraopreto.com.br\/wp-content\/uploads\/2026\/04\/Premiacao-Concurso-Literario-FIL_2025-3_2026-04-16_12-43-59.webp.webp?fit=1200%2C800&ssl=1&resize=350%2C200 1x, https:\/\/i0.wp.com\/noticiasribeiraopreto.com.br\/wp-content\/uploads\/2026\/04\/Premiacao-Concurso-Literario-FIL_2025-3_2026-04-16_12-43-59.webp.webp?fit=1200%2C800&ssl=1&resize=525%2C300 1.5x, https:\/\/i0.wp.com\/noticiasribeiraopreto.com.br\/wp-content\/uploads\/2026\/04\/Premiacao-Concurso-Literario-FIL_2025-3_2026-04-16_12-43-59.webp.webp?fit=1200%2C800&ssl=1&resize=700%2C400 2x, https:\/\/i0.wp.com\/noticiasribeiraopreto.com.br\/wp-content\/uploads\/2026\/04\/Premiacao-Concurso-Literario-FIL_2025-3_2026-04-16_12-43-59.webp.webp?fit=1200%2C800&ssl=1&resize=1050%2C600 3x"},"classes":[]},{"id":86062,"url":"https:\/\/noticiasribeiraopreto.com.br\/index.php\/2026\/05\/29\/universidade-promove-feira-de-vinil-aberta-ao-publico-em-ribeirao-preto\/","url_meta":{"origin":86127,"position":1},"title":"Universidade promove Feira de Vinil aberta ao p\u00fablico em Ribeir\u00e3o Preto &#8211; THMais","author":"noticiasribeiraopreto.com.br","date":"29 de May de 2026","format":false,"excerpt":"Neste s\u00e1bado (30), a Universidade de Ribeir\u00e3o Preto (Unaerp) promove a segunda edi\u00e7\u00e3o da Feira de Vinil, voltada a colecionadores, fam\u00edlias e entusiastas de LPs e CDs. O evento tem entrada gratuita e aberta ao p\u00fablico e ser\u00e1 realizado no Bloco I de Cultura, ao lado da Farm\u00e1cia Universit\u00e1ria Cidinha\u2026","rel":"","context":"In &quot;Not\u00edcias de Ribeir\u00e3o Preto-SP e Regi\u00e3o&quot;","block_context":{"text":"Not\u00edcias de Ribeir\u00e3o Preto-SP e Regi\u00e3o","link":"https:\/\/noticiasribeiraopreto.com.br\/index.php\/category\/noticias-de-ribeirao-preto-sp-e-regiao-ismael-colosi\/"},"img":{"alt_text":"","src":"https:\/\/i0.wp.com\/noticiasribeiraopreto.com.br\/wp-content\/uploads\/2026\/05\/dia-vinil-2.jpg?fit=619%2C413&ssl=1&resize=350%2C200","width":350,"height":200,"srcset":"https:\/\/i0.wp.com\/noticiasribeiraopreto.com.br\/wp-content\/uploads\/2026\/05\/dia-vinil-2.jpg?fit=619%2C413&ssl=1&resize=350%2C200 1x, https:\/\/i0.wp.com\/noticiasribeiraopreto.com.br\/wp-content\/uploads\/2026\/05\/dia-vinil-2.jpg?fit=619%2C413&ssl=1&resize=525%2C300 1.5x"},"classes":[]},{"id":88906,"url":"https:\/\/noticiasribeiraopreto.com.br\/index.php\/2026\/07\/27\/cidade-do-interior-de-sp-abre-concurso-com-salarios-de-ate-r-6-mil-veja-oportunidades\/","url_meta":{"origin":86127,"position":2},"title":"Cidade do interior de SP abre concurso com sal\u00e1rios de at\u00e9 R$ 6 mil; Veja oportunidades","author":"noticiasribeiraopreto.com.br","date":"27 de July de 2026","format":false,"excerpt":"A BebedouroPrev, autarquia respons\u00e1vel pela gest\u00e3o previdenci\u00e1ria dos servidores municipais de Bebedouro, no interior de S\u00e3o Paulo, abriu inscri\u00e7\u00f5es para um concurso p\u00fablico com cinco vagas em diferentes \u00e1reas. As oportunidades s\u00e3o para candidatos de n\u00edvel fundamental, m\u00e9dio, t\u00e9cnico e superior, com sal\u00e1rios de at\u00e9 R$ 6 mil \u2013 veja\u2026","rel":"","context":"In &quot;Not\u00edcias de Ribeir\u00e3o Preto-SP e Regi\u00e3o&quot;","block_context":{"text":"Not\u00edcias de Ribeir\u00e3o Preto-SP e Regi\u00e3o","link":"https:\/\/noticiasribeiraopreto.com.br\/index.php\/category\/noticias-de-ribeirao-preto-sp-e-regiao-ismael-colosi\/"},"img":{"alt_text":"","src":"https:\/\/i0.wp.com\/noticiasribeiraopreto.com.br\/wp-content\/uploads\/2026\/07\/concurso-publico-2_2026-05-26_12-52-19.webp.webp?fit=1200%2C800&ssl=1&resize=350%2C200","width":350,"height":200,"srcset":"https:\/\/i0.wp.com\/noticiasribeiraopreto.com.br\/wp-content\/uploads\/2026\/07\/concurso-publico-2_2026-05-26_12-52-19.webp.webp?fit=1200%2C800&ssl=1&resize=350%2C200 1x, https:\/\/i0.wp.com\/noticiasribeiraopreto.com.br\/wp-content\/uploads\/2026\/07\/concurso-publico-2_2026-05-26_12-52-19.webp.webp?fit=1200%2C800&ssl=1&resize=525%2C300 1.5x, https:\/\/i0.wp.com\/noticiasribeiraopreto.com.br\/wp-content\/uploads\/2026\/07\/concurso-publico-2_2026-05-26_12-52-19.webp.webp?fit=1200%2C800&ssl=1&resize=700%2C400 2x, https:\/\/i0.wp.com\/noticiasribeiraopreto.com.br\/wp-content\/uploads\/2026\/07\/concurso-publico-2_2026-05-26_12-52-19.webp.webp?fit=1200%2C800&ssl=1&resize=1050%2C600 3x"},"classes":[]},{"id":79743,"url":"https:\/\/noticiasribeiraopreto.com.br\/index.php\/2025\/11\/06\/avenida-nove-de-julho-recebe-evento-gratuito-com-shows-artesanato-e-leitura\/","url_meta":{"origin":86127,"position":3},"title":"Avenida Nove de Julho recebe evento gratuito com shows, artesanato e leitura","author":"noticiasribeiraopreto.com.br","date":"6 de November de 2025","format":false,"excerpt":"A avenida Nove de Julho, em Ribeir\u00e3o Preto, recebe neste domingo (9) a 5\u00aa edi\u00e7\u00e3o do Viva a Nove, das 9h \u00e0s 12h. O evento gratuito oferece programa\u00e7\u00e3o com m\u00fasica, feira de artesanato, atividades de sa\u00fade e a\u00e7\u00f5es voltadas \u00e0 leitura. Divulga\u00e7\u00e3o Viva a Nove e Sesc O Sesc Ribeir\u00e3o\u2026","rel":"","context":"In &quot;Not\u00edcias de Ribeir\u00e3o Preto-SP e Regi\u00e3o&quot;","block_context":{"text":"Not\u00edcias de Ribeir\u00e3o Preto-SP e Regi\u00e3o","link":"https:\/\/noticiasribeiraopreto.com.br\/index.php\/category\/noticias-de-ribeirao-preto-sp-e-regiao-ismael-colosi\/"},"img":{"alt_text":"","src":"https:\/\/i0.wp.com\/noticiasribeiraopreto.com.br\/wp-content\/uploads\/2025\/07\/avenida-nove-de-julho_2025-07-18_19-28-18.webp.webp?fit=1200%2C800&ssl=1&resize=350%2C200","width":350,"height":200,"srcset":"https:\/\/i0.wp.com\/noticiasribeiraopreto.com.br\/wp-content\/uploads\/2025\/07\/avenida-nove-de-julho_2025-07-18_19-28-18.webp.webp?fit=1200%2C800&ssl=1&resize=350%2C200 1x, https:\/\/i0.wp.com\/noticiasribeiraopreto.com.br\/wp-content\/uploads\/2025\/07\/avenida-nove-de-julho_2025-07-18_19-28-18.webp.webp?fit=1200%2C800&ssl=1&resize=525%2C300 1.5x, https:\/\/i0.wp.com\/noticiasribeiraopreto.com.br\/wp-content\/uploads\/2025\/07\/avenida-nove-de-julho_2025-07-18_19-28-18.webp.webp?fit=1200%2C800&ssl=1&resize=700%2C400 2x, https:\/\/i0.wp.com\/noticiasribeiraopreto.com.br\/wp-content\/uploads\/2025\/07\/avenida-nove-de-julho_2025-07-18_19-28-18.webp.webp?fit=1200%2C800&ssl=1&resize=1050%2C600 3x"},"classes":[]},{"id":63692,"url":"https:\/\/noticiasribeiraopreto.com.br\/index.php\/2025\/02\/19\/feira-do-livro-de-ribeirao-preto-abre-inscricoes-para-concurso-literario-veja-como-participar\/","url_meta":{"origin":86127,"position":4},"title":"Feira do Livro de Ribeir\u00e3o Preto abre inscri\u00e7\u00f5es para concurso liter\u00e1rio; Veja como participar","author":"noticiasribeiraopreto.com.br","date":"19 de February de 2025","format":false,"excerpt":"A 24\u00aa Feira Internacional do Livro de Ribeir\u00e3o Preto abriu as inscri\u00e7\u00f5es para o Concurso Liter\u00e1rio Professora Zoraide Rocha de Freitas. As inscri\u00e7\u00f5es podem ser feitas at\u00e9 o dia 15 de maio. Veja como participar abaixo. A competi\u00e7\u00e3o \u00e9 aberta para estudantes das redes p\u00fablicas e privada, al\u00e9m do p\u00fablico\u2026","rel":"","context":"In &quot;Not\u00edcias de Ribeir\u00e3o Preto-SP e Regi\u00e3o&quot;","block_context":{"text":"Not\u00edcias de Ribeir\u00e3o Preto-SP e Regi\u00e3o","link":"https:\/\/noticiasribeiraopreto.com.br\/index.php\/category\/noticias-de-ribeirao-preto-sp-e-regiao-ismael-colosi\/"},"img":{"alt_text":"","src":"https:\/\/i0.wp.com\/noticiasribeiraopreto.com.br\/wp-content\/uploads\/2025\/02\/d80798c5-9369-45b4-8b02-371811c96de9_2025-02-19_14-40-25_jpg_2025-02-19_14-40-26.webp.webp?fit=1200%2C756&ssl=1&resize=350%2C200","width":350,"height":200,"srcset":"https:\/\/i0.wp.com\/noticiasribeiraopreto.com.br\/wp-content\/uploads\/2025\/02\/d80798c5-9369-45b4-8b02-371811c96de9_2025-02-19_14-40-25_jpg_2025-02-19_14-40-26.webp.webp?fit=1200%2C756&ssl=1&resize=350%2C200 1x, https:\/\/i0.wp.com\/noticiasribeiraopreto.com.br\/wp-content\/uploads\/2025\/02\/d80798c5-9369-45b4-8b02-371811c96de9_2025-02-19_14-40-25_jpg_2025-02-19_14-40-26.webp.webp?fit=1200%2C756&ssl=1&resize=525%2C300 1.5x, https:\/\/i0.wp.com\/noticiasribeiraopreto.com.br\/wp-content\/uploads\/2025\/02\/d80798c5-9369-45b4-8b02-371811c96de9_2025-02-19_14-40-25_jpg_2025-02-19_14-40-26.webp.webp?fit=1200%2C756&ssl=1&resize=700%2C400 2x, https:\/\/i0.wp.com\/noticiasribeiraopreto.com.br\/wp-content\/uploads\/2025\/02\/d80798c5-9369-45b4-8b02-371811c96de9_2025-02-19_14-40-25_jpg_2025-02-19_14-40-26.webp.webp?fit=1200%2C756&ssl=1&resize=1050%2C600 3x"},"classes":[]},{"id":86015,"url":"https:\/\/noticiasribeiraopreto.com.br\/index.php\/2026\/05\/28\/inscricoes-do-vestibular-da-fatec-ribeirao-preto-sao-prorrogadas-ate-08-de-junho\/","url_meta":{"origin":86127,"position":5},"title":"Inscri\u00e7\u00f5es do vestibular da FATEC Ribeir\u00e3o Preto s\u00e3o prorrogadas at\u00e9 08 de junho &#8211; THMais","author":"noticiasribeiraopreto.com.br","date":"28 de May de 2026","format":false,"excerpt":"A Faculdade de Tecnologia de Ribeir\u00e3o Preto (FATEC Ribeir\u00e3o Preto) informa que o prazo de inscri\u00e7\u00f5es para o Vestibular foi prorrogado at\u00e9 o dia 08 de junho, \u00e0s 20h.A extens\u00e3o do prazo oferece uma nova oportunidade para estudantes que desejam ingressar em uma institui\u00e7\u00e3o p\u00fablica reconhecida pela qualidade do ensino\u2026","rel":"","context":"In &quot;Not\u00edcias de Ribeir\u00e3o Preto-SP e Regi\u00e3o&quot;","block_context":{"text":"Not\u00edcias de Ribeir\u00e3o Preto-SP e Regi\u00e3o","link":"https:\/\/noticiasribeiraopreto.com.br\/index.php\/category\/noticias-de-ribeirao-preto-sp-e-regiao-ismael-colosi\/"},"img":{"alt_text":"","src":"https:\/\/i0.wp.com\/noticiasribeiraopreto.com.br\/wp-content\/uploads\/2026\/05\/Vestibular.jpg?fit=620%2C413&ssl=1&resize=350%2C200","width":350,"height":200,"srcset":"https:\/\/i0.wp.com\/noticiasribeiraopreto.com.br\/wp-content\/uploads\/2026\/05\/Vestibular.jpg?fit=620%2C413&ssl=1&resize=350%2C200 1x, https:\/\/i0.wp.com\/noticiasribeiraopreto.com.br\/wp-content\/uploads\/2026\/05\/Vestibular.jpg?fit=620%2C413&ssl=1&resize=525%2C300 1.5x"},"classes":[]}],"jetpack_sharing_enabled":true,"jetpack_shortlink":"https:\/\/wp.me\/peQAOb-mp9","jetpack_featured_media_url":"https:\/\/i0.wp.com\/noticiasribeiraopreto.com.br\/wp-content\/uploads\/2026\/06\/Unaerp.jpg?fit=357%2C489&ssl=1","_links":{"self":[{"href":"https:\/\/noticiasribeiraopreto.com.br\/index.php\/wp-json\/wp\/v2\/posts\/86127","targetHints":{"allow":["GET"]}}],"collection":[{"href":"https:\/\/noticiasribeiraopreto.com.br\/index.php\/wp-json\/wp\/v2\/posts"}],"about":[{"href":"https:\/\/noticiasribeiraopreto.com.br\/index.php\/wp-json\/wp\/v2\/types\/post"}],"author":[{"embeddable":true,"href":"https:\/\/noticiasribeiraopreto.com.br\/index.php\/wp-json\/wp\/v2\/users\/1"}],"replies":[{"embeddable":true,"href":"https:\/\/noticiasribeiraopreto.com.br\/index.php\/wp-json\/wp\/v2\/comments?post=86127"}],"version-history":[{"count":0,"href":"https:\/\/noticiasribeiraopreto.com.br\/index.php\/wp-json\/wp\/v2\/posts\/86127\/revisions"}],"wp:featuredmedia":[{"embeddable":true,"href":"https:\/\/noticiasribeiraopreto.com.br\/index.php\/wp-json\/wp\/v2\/media\/86128"}],"wp:attachment":[{"href":"https:\/\/noticiasribeiraopreto.com.br\/index.php\/wp-json\/wp\/v2\/media?parent=86127"}],"wp:term":[{"taxonomy":"category","embeddable":true,"href":"https:\/\/noticiasribeiraopreto.com.br\/index.php\/wp-json\/wp\/v2\/categories?post=86127"},{"taxonomy":"post_tag","embeddable":true,"href":"https:\/\/noticiasribeiraopreto.com.br\/index.php\/wp-json\/wp\/v2\/tags?post=86127"}],"curies":[{"name":"wp","href":"https:\/\/api.w.org\/{rel}","templated":true}]}}