{"id":8621,"date":"2023-11-30T14:00:30","date_gmt":"2023-11-30T17:00:30","guid":{"rendered":"https:\/\/noticiasribeiraopreto.com.br\/index.php\/2023\/11\/30\/receita-credita-r-76290-mi-do-irpf\/"},"modified":"2023-11-30T14:00:30","modified_gmt":"2023-11-30T17:00:30","slug":"receita-credita-r-76290-mi-do-irpf","status":"publish","type":"post","link":"https:\/\/noticiasribeiraopreto.com.br\/index.php\/2023\/11\/30\/receita-credita-r-76290-mi-do-irpf\/","title":{"rendered":"Receita credita R$\u00a0762,90 mi do IRPF \u00a0"},"content":{"rendered":"<div class='code-block code-block-1' style='margin: 8px 0 8px auto; text-align: right; display: block; clear: both;'>\n<p><a href=\"https:\/\/wa.link\/vpicfd\"><img data-recalc-dims=\"1\" class=\"wp-image-4922\" style=\"aspect-ratio: 2.0253164556962027; width: 561px; height: auto;\" src=\"https:\/\/i0.wp.com\/ismaelcolosi.com.br\/wp-content\/uploads\/2023\/11\/grupo-de-empregos-whatsapp-e-facebook-ismael-colosi-vagas.jpg?ssl=1\" alt=\"\" \/><\/a><\/p>\n<!-- \/wp:image -->\n<\/div>\n<p> <br \/>\n<\/p>\n<div id=\"\">\n<p> <span class=\"entry-meta-item penci-posted-on\"><i class=\"fa fa-clock-o\"\/><time class=\"entry-date published\" datetime=\"2023-11-30T14:00:30-03:00\">30 de novembro de 2023 | 14:00<\/time><time class=\"updated\" datetime=\"2023-11-30T09:36:50-03:00\">30 de novembro de 2023 | 9:36<\/time><\/span><\/p>\n<p> <span class=\"penci-social-buttons penci-social-share-footer\"><a href=\"#\" class=\"penci-post-like penci_post-meta_item  single-like-button penci-social-item like\" data-post_id=\"365761\" title=\"Like\" data-like=\"Like\" data-unlike=\"Unlike\"><i class=\"fa fa-thumbs-o-up\"\/><span class=\"penci-share-number\">0<\/span><\/a><i class=\"fa fa-facebook\"\/><a class=\"penci-social-item twitter\" target=\"_blank\" rel=\"noopener\" title=\"\" href=\"https:\/\/twitter.com\/intent\/tweet?text=Receita%20credita%20R$\u00a0762,90%20mi%20do%20IRPF%20\u00a0%20-%20https:\/\/www.tribunaribeirao.com.br\/site\/receita-credita-r-76290-mi-do-irpf\/\"><i class=\"fa fa-twitter\"\/><\/a><i class=\"fa fa-whatsapp\"\/><\/span><\/div>\n<div>\n<p><span class=\"TextRun SCXW206074674 BCX0\" lang=\"PT-BR\" xml:lang=\"PT-BR\" data-contrast=\"auto\"><span class=\"NormalTextRun SCXW206074674 BCX0\">A <\/span><span class=\"NormalTextRun SCXW206074674 BCX0\">Receita Federal credita nesta quinta-feira, 30 de novembro, o montante referente ao <\/span><span class=\"NormalTextRun SCXW206074674 BCX0\">segundo <\/span><span class=\"NormalTextRun SCXW206074674 BCX0\">lote residual de restitui\u00e7\u00e3o do Imposto de Renda da Pessoa F\u00edsica (IRPF) de 2023<\/span><span class=\"NormalTextRun SCXW206074674 BCX0\">. <\/span><span class=\"NormalTextRun SCXW206074674 BCX0\">De acordo com <\/span><span class=\"NormalTextRun SCXW206074674 BCX0\">o Fisco<\/span><span class=\"NormalTextRun SCXW206074674 BCX0\">, o cr\u00e9dito banc\u00e1rio para 358.737 contribuintes ser\u00e1 no valor total de R$ 762.906.928,68. <\/span><\/span><span class=\"LineBreakBlob BlobObject DragDrop SCXW206074674 BCX0\"><span class=\"SCXW206074674 BCX0\">\u00a0<\/span><br class=\"SCXW206074674 BCX0\"\/><\/span><span class=\"LineBreakBlob BlobObject DragDrop SCXW206074674 BCX0\"><span class=\"SCXW206074674 BCX0\">\u00a0<\/span><br class=\"SCXW206074674 BCX0\"\/><\/span><span class=\"TextRun SCXW206074674 BCX0\" lang=\"PT-BR\" xml:lang=\"PT-BR\" data-contrast=\"auto\"><span class=\"NormalTextRun SCXW206074674 BCX0\">Desse total, R$ 524.811.239,34 referem-se aos que t\u00eam prioridade, sendo 5.774 idosos acima de 80 anos, 58.060 entre 60 e 79 anos, e 6.654 contribuintes com alguma defici\u00eancia f\u00edsica ou mental ou mol\u00e9stia grave.<\/span><span class=\"NormalTextRun SCXW206074674 BCX0\">\u00a0 <\/span><span class=\"NormalTextRun SCXW206074674 BCX0\">Tamb\u00e9m <\/span><span class=\"NormalTextRun SCXW206074674 BCX0\">est\u00e3o<\/span><span class=\"NormalTextRun SCXW206074674 BCX0\"> na lista de prioridades<\/span> <span class=\"NormalTextRun SCXW206074674 BCX0\">14.863 contribuintes cuja maior fonte de renda seja o magist\u00e9rio<\/span><span class=\"NormalTextRun SCXW206074674 BCX0\">.<\/span><\/span><span class=\"LineBreakBlob BlobObject DragDrop SCXW206074674 BCX0\"><span class=\"SCXW206074674 BCX0\">\u00a0<\/span><br class=\"SCXW206074674 BCX0\"\/><\/span><span class=\"LineBreakBlob BlobObject DragDrop SCXW206074674 BCX0\"><span class=\"SCXW206074674 BCX0\">\u00a0<\/span><br class=\"SCXW206074674 BCX0\"\/><\/span><span class=\"TextRun SCXW206074674 BCX0\" lang=\"PT-BR\" xml:lang=\"PT-BR\" data-contrast=\"auto\"><span class=\"NormalTextRun SCXW206074674 BCX0\">Por f<\/span><span class=\"NormalTextRun SCXW206074674 BCX0\">im, <\/span><span class=\"NormalTextRun SCXW206074674 BCX0\">segundo a Receita Federal, h\u00e1 <\/span><span class=\"NormalTextRun SCXW206074674 BCX0\">129.019 <\/span><span class=\"NormalTextRun SCXW206074674 BCX0\">pessoas <\/span><span class=\"NormalTextRun SCXW206074674 BCX0\">que n\u00e3o possuem prioridade legal, mas por terem utilizado a Declara\u00e7\u00e3o <\/span><span class=\"NormalTextRun SpellingErrorV2Themed SCXW206074674 BCX0\">Pr\u00e9<\/span><span class=\"NormalTextRun SCXW206074674 BCX0\">-preenchida ou optado por receber a restitui\u00e7\u00e3o via <\/span><span class=\"NormalTextRun SpellingErrorV2Themed SCXW206074674 BCX0\">pix<\/span><span class=\"NormalTextRun SCXW206074674 BCX0\">. Foram contemplados ainda 144.367 contribuintes n\u00e3o priorit\u00e1rios.<\/span><\/span><span class=\"LineBreakBlob BlobObject DragDrop SCXW206074674 BCX0\"><span class=\"SCXW206074674 BCX0\">\u00a0<\/span><br class=\"SCXW206074674 BCX0\"\/><\/span><span class=\"LineBreakBlob BlobObject DragDrop SCXW206074674 BCX0\"><span class=\"SCXW206074674 BCX0\">\u00a0<\/span><br class=\"SCXW206074674 BCX0\"\/><\/span><span class=\"TextRun SCXW206074674 BCX0\" lang=\"PT-BR\" xml:lang=\"PT-BR\" data-contrast=\"auto\"><span class=\"NormalTextRun SCXW206074674 BCX0\">Na <\/span><\/span><span class=\"TextRun SCXW206074674 BCX0\" lang=\"PT-BR\" xml:lang=\"PT-BR\" data-contrast=\"none\"><span class=\"NormalTextRun SCXW206074674 BCX0\">\u00e1rea da Delegacia da Receita Federal de Ribeir\u00e3o Preto, <\/span><span class=\"NormalTextRun SCXW206074674 BCX0\">6.293 contribuintes v\u00e3o dividir <\/span><\/span><span class=\"TextRun SCXW206074674 BCX0\" lang=\"PT-BR\" xml:lang=\"PT-BR\" data-contrast=\"auto\"><span class=\"NormalTextRun SCXW206074674 BCX0\">R$ 9.589.442,29. Em outubro, <\/span><span class=\"NormalTextRun SCXW206074674 BCX0\">6.010 <\/span><span class=\"NormalTextRun SCXW206074674 BCX0\">pessoas repartiram <\/span><span class=\"NormalTextRun SCXW206074674 BCX0\">R$ 7.784.067,69. <\/span><span class=\"NormalTextRun SCXW206074674 BCX0\">Neste ano, 359.757 pessoas<\/span><\/span> <span class=\"TextRun SCXW206074674 BCX0\" lang=\"PT-BR\" xml:lang=\"PT-BR\" data-contrast=\"auto\"><span class=\"NormalTextRun SCXW206074674 BCX0\">dividiram R$ 405.207.765,43 em cinco lotes regulares de restitui\u00e7\u00e3o do Imposto de Renda. <\/span><span class=\"NormalTextRun SCXW206074674 BCX0\">Com o<\/span><span class=\"NormalTextRun SCXW206074674 BCX0\">s<\/span><span class=\"NormalTextRun SCXW206074674 BCX0\"> residua<\/span><span class=\"NormalTextRun SCXW206074674 BCX0\">is<\/span><span class=\"NormalTextRun SCXW206074674 BCX0\">, os n\u00fameros sobem para 3<\/span><span class=\"NormalTextRun SCXW206074674 BCX0\">72.060 e R$ 42<\/span><span class=\"NormalTextRun SCXW206074674 BCX0\">2.<\/span><span class=\"NormalTextRun SCXW206074674 BCX0\">581.275,41<\/span><span class=\"NormalTextRun SCXW206074674 BCX0\">, respectivamente.<\/span><\/span><span class=\"LineBreakBlob BlobObject DragDrop SCXW206074674 BCX0\"><span class=\"SCXW206074674 BCX0\">\u00a0<\/span><br class=\"SCXW206074674 BCX0\"\/><\/span><span class=\"LineBreakBlob BlobObject DragDrop SCXW206074674 BCX0\"><span class=\"SCXW206074674 BCX0\">\u00a0<\/span><br class=\"SCXW206074674 BCX0\"\/><\/span><span class=\"TextRun SCXW206074674 BCX0\" lang=\"PT-BR\" xml:lang=\"PT-BR\" data-contrast=\"auto\"><span class=\"NormalTextRun SCXW206074674 BCX0\">No ano passado, 297.330 contribuintes <\/span><span class=\"NormalTextRun SCXW206074674 BCX0\">da regi\u00e3o <\/span><span class=\"NormalTextRun SCXW206074674 BCX0\">receberam R$ 321.661.462,72. Com os aportes da malha fina em outubro, novembro e dezembro de 2022 e de janeiro a abril deste ano, no valor de R$ 46.923.059,89 para 33.554 pessoas, o total <\/span><span class=\"NormalTextRun SCXW206074674 BCX0\">do ano passado <\/span><span class=\"NormalTextRun SCXW206074674 BCX0\">sobe para 330.884 contribuintes beneficiados com a devolu\u00e7\u00e3o de<\/span><\/span> <span class=\"TextRun SCXW206074674 BCX0\" lang=\"PT-BR\" xml:lang=\"PT-BR\" data-contrast=\"auto\"><span class=\"NormalTextRun SCXW206074674 BCX0\">R$ 368.584.522,61.<\/span><\/span><span class=\"LineBreakBlob BlobObject DragDrop SCXW206074674 BCX0\"><span class=\"SCXW206074674 BCX0\">\u00a0<\/span><br class=\"SCXW206074674 BCX0\"\/><\/span><span class=\"LineBreakBlob BlobObject DragDrop SCXW206074674 BCX0\"><span class=\"SCXW206074674 BCX0\">\u00a0<\/span><br class=\"SCXW206074674 BCX0\"\/><\/span><span class=\"TextRun SCXW206074674 BCX0\" lang=\"PT-BR\" xml:lang=\"PT-BR\" data-contrast=\"auto\"><span class=\"NormalTextRun SCXW206074674 BCX0\">Consulta \u2013<\/span> <\/span><span class=\"TextRun SCXW206074674 BCX0\" lang=\"PT-BR\" xml:lang=\"PT-BR\" data-contrast=\"auto\"><span class=\"NormalTextRun SCXW206074674 BCX0\">A consulta pode ser feita na p\u00e1gina d<\/span><span class=\"NormalTextRun SCXW206074674 BCX0\">a Receita Federal da internet. <\/span><span class=\"NormalTextRun SCXW206074674 BCX0\">Basta o contribuinte clicar no campo \u201cMeu Imposto de Renda\u201d. Em seguida, deve acessar \u201cConsultar Restitui\u00e7\u00e3o\u201d, segundo orienta\u00e7\u00e3o da Receita Federal. A consulta ao lote da malha fina tamb\u00e9m pode ser feita no aplicativo Meu Imposto de Renda.<\/span><\/span><span class=\"LineBreakBlob BlobObject DragDrop SCXW206074674 BCX0\"><span class=\"SCXW206074674 BCX0\">\u00a0<\/span><br class=\"SCXW206074674 BCX0\"\/><\/span><span class=\"LineBreakBlob BlobObject DragDrop SCXW206074674 BCX0\"><span class=\"SCXW206074674 BCX0\">\u00a0<\/span><br class=\"SCXW206074674 BCX0\"\/><\/span><span class=\"TextRun SCXW206074674 BCX0\" lang=\"PT-BR\" xml:lang=\"PT-BR\" data-contrast=\"auto\"><span class=\"NormalTextRun SCXW206074674 BCX0\">Est\u00e1 dispon\u00edvel para os <\/span><span class=\"NormalTextRun SCXW206074674 BCX0\">smartphones<\/span><span class=\"NormalTextRun SCXW206074674 BCX0\"> dos sistemas <\/span><span class=\"NormalTextRun SCXW206074674 BCX0\">Android<\/span><span class=\"NormalTextRun SCXW206074674 BCX0\"> e <\/span><span class=\"NormalTextRun SCXW206074674 BCX0\">iOS<\/span><span class=\"NormalTextRun SCXW206074674 BCX0\">. Caso o contribuinte n\u00e3o esteja na lista, dever\u00e1 entrar no Centro Virtual de Atendimento ao Contribuinte (<\/span><span class=\"NormalTextRun SpellingErrorV2Themed SCXW206074674 BCX0\">e-CAC<\/span><span class=\"NormalTextRun SCXW206074674 BCX0\">) e tirar o extrato da declara\u00e7\u00e3o. Se verificar pend\u00eancia, <\/span><span class=\"NormalTextRun SCXW206074674 BCX0\">pode enviar uma declara\u00e7\u00e3o retificadora e esperar os pr\u00f3ximos lotes da malha fina.<\/span><\/span><span class=\"LineBreakBlob BlobObject DragDrop SCXW206074674 BCX0\"><span class=\"SCXW206074674 BCX0\">\u00a0<\/span><br class=\"SCXW206074674 BCX0\"\/><\/span><span class=\"LineBreakBlob BlobObject DragDrop SCXW206074674 BCX0\"><span class=\"SCXW206074674 BCX0\">\u00a0<\/span><br class=\"SCXW206074674 BCX0\"\/><\/span><span class=\"TextRun SCXW206074674 BCX0\" lang=\"PT-BR\" xml:lang=\"PT-BR\" data-contrast=\"auto\"><span class=\"NormalTextRun SCXW206074674 BCX0\">Cr\u00e9dito \u2013 <\/span><\/span><span class=\"TextRun SCXW206074674 BCX0\" lang=\"PT-BR\" xml:lang=\"PT-BR\" data-contrast=\"auto\"><span class=\"NormalTextRun SCXW206074674 BCX0\">A restitui\u00e7\u00e3o ser\u00e1 depositada <\/span><span class=\"NormalTextRun SCXW206074674 BCX0\">na conta banc\u00e1ria informada na d<\/span><span class=\"NormalTextRun SCXW206074674 BCX0\">eclara\u00e7\u00e3o de Imposto de Renda<\/span><span class=\"NormalTextRun SCXW206074674 BCX0\"> ou chave <\/span><span class=\"NormalTextRun SpellingErrorV2Themed SCXW206074674 BCX0\">pix<\/span><span class=\"NormalTextRun SCXW206074674 BCX0\">. <\/span><span class=\"NormalTextRun SCXW206074674 BCX0\">Se, por algum motivo, o cr\u00e9dito n\u00e3o for realizado (por exemplo, a conta informada foi desativada), os valores ficar\u00e3o di<\/span><span class=\"NormalTextRun SCXW206074674 BCX0\">spon\u00edveis para resgate por at\u00e9 uma <\/span><span class=\"NormalTextRun SCXW206074674 BCX0\">um ano no Banco do Brasil. <\/span><\/span><span class=\"LineBreakBlob BlobObject DragDrop SCXW206074674 BCX0\"><span class=\"SCXW206074674 BCX0\">\u00a0<\/span><br class=\"SCXW206074674 BCX0\"\/><\/span><span class=\"LineBreakBlob BlobObject DragDrop SCXW206074674 BCX0\"><span class=\"SCXW206074674 BCX0\">\u00a0<\/span><br class=\"SCXW206074674 BCX0\"\/><\/span><span class=\"TextRun SCXW206074674 BCX0\" lang=\"PT-BR\" xml:lang=\"PT-BR\" data-contrast=\"auto\"><span class=\"NormalTextRun SCXW206074674 BCX0\">Neste caso, o <\/span><span class=\"NormalTextRun SCXW206074674 BCX0\">cidad\u00e3o pode <\/span><span class=\"NormalTextRun SCXW206074674 BCX0\">reagendar<\/span><span class=\"NormalTextRun SCXW206074674 BCX0\"> o cr\u00e9dito dos valores de forma simples e r\u00e1pida pelo Portal BB<\/span><span class=\"NormalTextRun SCXW206074674 BCX0\"> (<\/span><span class=\"NormalTextRun SCXW206074674 BCX0\">https<\/span><span class=\"NormalTextRun SCXW206074674 BCX0\">:\/\/www.bb.com.br\/<\/span><span class=\"NormalTextRun SpellingErrorV2Themed SCXW206074674 BCX0\">irpf<\/span><span class=\"NormalTextRun SCXW206074674 BCX0\">),<\/span><span class=\"NormalTextRun SCXW206074674 BCX0\"> ou ligando para a Central de Relacionamento BB por meio dos telefones 4004-0001 (capitais), 0800-729-0001 (demais localidades) e 0800-729-0088 (telefone especial exclusivo para deficientes auditivos).<\/span><\/span><span class=\"LineBreakBlob BlobObject DragDrop SCXW206074674 BCX0\"><span class=\"SCXW206074674 BCX0\">\u00a0<\/span><br class=\"SCXW206074674 BCX0\"\/><\/span><span class=\"LineBreakBlob BlobObject DragDrop SCXW206074674 BCX0\"><span class=\"SCXW206074674 BCX0\">\u00a0<\/span><br class=\"SCXW206074674 BCX0\"\/><\/span><\/p>\n<\/div>\n<p><script async src=\"\/\/platform.twitter.com\/widgets.js\" charset=\"utf-8\"><\/script><br \/>\n<br \/><br \/>\n<br \/><a href=\"https:\/\/www.tribunaribeirao.com.br\/site\/receita-credita-r-76290-mi-do-irpf\/\">Source link <\/a><\/p>\n<!-- CONTENT END 1 -->\n","protected":false},"excerpt":{"rendered":"<p>30 de novembro de 2023 | 14:0030 de novembro de 2023 | 9:36 0 A Receita Federal credita nesta quinta-feira, 30 de novembro, o montante&#8230;<\/p>\n","protected":false},"author":1,"featured_media":8622,"comment_status":"open","ping_status":"open","sticky":false,"template":"","format":"standard","meta":{"advanced_seo_description":"","jetpack_seo_html_title":"","jetpack_seo_noindex":false,"jetpack_seo_schema_type":"","_jetpack_newsletter_access":"","_jetpack_dont_email_post_to_subs":false,"_jetpack_newsletter_tier_id":0,"_jetpack_memberships_contains_paywalled_content":false,"_jetpack_feature_clip_id":0,"_jetpack_memberships_contains_paid_content":false,"footnotes":"","jetpack_publicize_message":"","jetpack_publicize_feature_enabled":true,"jetpack_social_post_already_shared":true,"jetpack_social_options":{"image_generator_settings":{"template":"highway","default_image_id":0,"font":"","enabled":false},"version":2},"jetpack_post_was_ever_published":false},"categories":[11],"tags":[1132,1134,1133,1131],"class_list":["post-8621","post","type-post","status-publish","format-standard","has-post-thumbnail","hentry","category-noticias-de-ribeirao-preto-sp-e-regiao-ismael-colosi","tag-credita","tag-irpf","tag-r76290","tag-receita"],"jetpack_publicize_connections":[],"jetpack-related-posts":[{"id":39964,"url":"https:\/\/noticiasribeiraopreto.com.br\/index.php\/2024\/02\/29\/receita-paga-nesta-quinta-restituicoes-de-lote-residual-do-irpf\/","url_meta":{"origin":8621,"position":0},"title":"Receita paga nesta quinta restitui\u00e7\u00f5es de lote residual do IRPF","author":"noticiasribeiraopreto.com.br","date":"29 de February de 2024","format":false,"excerpt":"29 de fevereiro de 2024 | 9:0028 de fevereiro de 2024 | 18:26 0A Receita Federal credita, nesta quinta-feira (29), os valores das restitui\u00e7\u00f5es do lote residual do Imposto de Renda Pessoa F\u00edsica (IRPF) de fevereiro de 2024. Os lotes s\u00e3o de contribuintes que ca\u00edram na malha fina e regularizaram\u2026","rel":"","context":"In &quot;Not\u00edcias de Ribeir\u00e3o Preto-SP e Regi\u00e3o&quot;","block_context":{"text":"Not\u00edcias de Ribeir\u00e3o Preto-SP e Regi\u00e3o","link":"https:\/\/noticiasribeiraopreto.com.br\/index.php\/category\/noticias-de-ribeirao-preto-sp-e-regiao-ismael-colosi\/"},"img":{"alt_text":"","src":"https:\/\/i0.wp.com\/noticiasribeiraopreto.com.br\/wp-content\/uploads\/2024\/02\/ecb6130b-ddd4-4515-bf11-90fc583207b1-scaled.jpg?fit=1000%2C598&ssl=1&resize=350%2C200","width":350,"height":200,"srcset":"https:\/\/i0.wp.com\/noticiasribeiraopreto.com.br\/wp-content\/uploads\/2024\/02\/ecb6130b-ddd4-4515-bf11-90fc583207b1-scaled.jpg?fit=1000%2C598&ssl=1&resize=350%2C200 1x, https:\/\/i0.wp.com\/noticiasribeiraopreto.com.br\/wp-content\/uploads\/2024\/02\/ecb6130b-ddd4-4515-bf11-90fc583207b1-scaled.jpg?fit=1000%2C598&ssl=1&resize=525%2C300 1.5x, https:\/\/i0.wp.com\/noticiasribeiraopreto.com.br\/wp-content\/uploads\/2024\/02\/ecb6130b-ddd4-4515-bf11-90fc583207b1-scaled.jpg?fit=1000%2C598&ssl=1&resize=700%2C400 2x"},"classes":[]},{"id":64900,"url":"https:\/\/noticiasribeiraopreto.com.br\/index.php\/2025\/03\/13\/receita-federal-inicia-prazo-para-declaracao-do-irpf-2025-no-dia-17-de-marco\/","url_meta":{"origin":8621,"position":1},"title":"Receita Federal inicia prazo para declara\u00e7\u00e3o do IRPF 2025 no dia 17 de mar\u00e7o","author":"noticiasribeiraopreto.com.br","date":"13 de March de 2025","format":false,"excerpt":"A Receita Federal come\u00e7a a receber as declara\u00e7\u00f5es do Imposto de Renda Pessoa F\u00edsica 2025 a partir de 17 de mar\u00e7o. O prazo vai at\u00e9 30 de abril, e este ano, o IR traz algumas atualiza\u00e7\u00f5es, incluindo novas faixas de isen\u00e7\u00e3o, simplifica\u00e7\u00f5es no preenchimento e ajustes na restitui\u00e7\u00e3o. Quem tiver\u2026","rel":"","context":"In &quot;Not\u00edcias de Ribeir\u00e3o Preto-SP e Regi\u00e3o&quot;","block_context":{"text":"Not\u00edcias de Ribeir\u00e3o Preto-SP e Regi\u00e3o","link":"https:\/\/noticiasribeiraopreto.com.br\/index.php\/category\/noticias-de-ribeirao-preto-sp-e-regiao-ismael-colosi\/"},"img":{"alt_text":"","src":"https:\/\/i0.wp.com\/noticiasribeiraopreto.com.br\/wp-content\/uploads\/2024\/10\/real_moeda_dinheiro_mcajr_2904223667.webp.webp?fit=1170%2C700&ssl=1&resize=350%2C200","width":350,"height":200,"srcset":"https:\/\/i0.wp.com\/noticiasribeiraopreto.com.br\/wp-content\/uploads\/2024\/10\/real_moeda_dinheiro_mcajr_2904223667.webp.webp?fit=1170%2C700&ssl=1&resize=350%2C200 1x, https:\/\/i0.wp.com\/noticiasribeiraopreto.com.br\/wp-content\/uploads\/2024\/10\/real_moeda_dinheiro_mcajr_2904223667.webp.webp?fit=1170%2C700&ssl=1&resize=525%2C300 1.5x, https:\/\/i0.wp.com\/noticiasribeiraopreto.com.br\/wp-content\/uploads\/2024\/10\/real_moeda_dinheiro_mcajr_2904223667.webp.webp?fit=1170%2C700&ssl=1&resize=700%2C400 2x, https:\/\/i0.wp.com\/noticiasribeiraopreto.com.br\/wp-content\/uploads\/2024\/10\/real_moeda_dinheiro_mcajr_2904223667.webp.webp?fit=1170%2C700&ssl=1&resize=1050%2C600 3x"},"classes":[]},{"id":51936,"url":"https:\/\/noticiasribeiraopreto.com.br\/index.php\/2024\/06\/01\/receita-recebe-220-mil-declaracoes-do-irpf-em-ribeirao-veja-o-calendario-da-restituicao\/","url_meta":{"origin":8621,"position":2},"title":"Receita recebe 220 mil declara\u00e7\u00f5es do IRPF em Ribeir\u00e3o; Veja o calend\u00e1rio da restitui\u00e7\u00e3o\u00a0","author":"noticiasribeiraopreto.com.br","date":"1 de June de 2024","format":false,"excerpt":"Acabou nesta sexta-feira (1\u00ba) o prazo para a entrega da declara\u00e7\u00e3o de Imposto de Renda de Pessoas F\u00edsicas (IRPF). Em Ribeir\u00e3o Preto, 230 mil declara\u00e7\u00f5es foram entregues pelos contribuintes. O total de contribuintes que entregaram a declara\u00e7\u00e3o representou um aumento de 4,5% em rela\u00e7\u00e3o ao ano de 2023, quando foram\u2026","rel":"","context":"In &quot;Not\u00edcias de Ribeir\u00e3o Preto-SP e Regi\u00e3o&quot;","block_context":{"text":"Not\u00edcias de Ribeir\u00e3o Preto-SP e Regi\u00e3o","link":"https:\/\/noticiasribeiraopreto.com.br\/index.php\/category\/noticias-de-ribeirao-preto-sp-e-regiao-ismael-colosi\/"},"img":{"alt_text":"","src":"https:\/\/i0.wp.com\/noticiasribeiraopreto.com.br\/wp-content\/uploads\/2024\/06\/o_lote_1200x675_23012022100706.jpg?fit=1200%2C675&ssl=1&resize=350%2C200","width":350,"height":200,"srcset":"https:\/\/i0.wp.com\/noticiasribeiraopreto.com.br\/wp-content\/uploads\/2024\/06\/o_lote_1200x675_23012022100706.jpg?fit=1200%2C675&ssl=1&resize=350%2C200 1x, https:\/\/i0.wp.com\/noticiasribeiraopreto.com.br\/wp-content\/uploads\/2024\/06\/o_lote_1200x675_23012022100706.jpg?fit=1200%2C675&ssl=1&resize=525%2C300 1.5x, https:\/\/i0.wp.com\/noticiasribeiraopreto.com.br\/wp-content\/uploads\/2024\/06\/o_lote_1200x675_23012022100706.jpg?fit=1200%2C675&ssl=1&resize=700%2C400 2x, https:\/\/i0.wp.com\/noticiasribeiraopreto.com.br\/wp-content\/uploads\/2024\/06\/o_lote_1200x675_23012022100706.jpg?fit=1200%2C675&ssl=1&resize=1050%2C600 3x"},"classes":[]},{"id":41054,"url":"https:\/\/noticiasribeiraopreto.com.br\/index.php\/2024\/03\/06\/receita-divulga-regras-para-irpf-2024-confira-prazos-e-limites\/","url_meta":{"origin":8621,"position":3},"title":"Receita divulga regras para IRPF 2024; confira prazos e limites","author":"noticiasribeiraopreto.com.br","date":"6 de March de 2024","format":false,"excerpt":"6 de mar\u00e7o de 2024 | 14:306 de mar\u00e7o de 2024 | 13:57 0O prazo de entrega do Imposto de Renda Pessoa F\u00edsica (IRPF) em 2024 come\u00e7a em 15 de mar\u00e7o e vai at\u00e9 31 de maio. A Receita Federal divulgou hoje (6) as regras para a declara\u00e7\u00e3o do IRPF,\u2026","rel":"","context":"In &quot;Not\u00edcias de Ribeir\u00e3o Preto-SP e Regi\u00e3o&quot;","block_context":{"text":"Not\u00edcias de Ribeir\u00e3o Preto-SP e Regi\u00e3o","link":"https:\/\/noticiasribeiraopreto.com.br\/index.php\/category\/noticias-de-ribeirao-preto-sp-e-regiao-ismael-colosi\/"},"img":{"alt_text":"","src":"https:\/\/i0.wp.com\/noticiasribeiraopreto.com.br\/wp-content\/uploads\/2024\/03\/imposto-de-renda-scaled.jpg?fit=1000%2C598&ssl=1&resize=350%2C200","width":350,"height":200,"srcset":"https:\/\/i0.wp.com\/noticiasribeiraopreto.com.br\/wp-content\/uploads\/2024\/03\/imposto-de-renda-scaled.jpg?fit=1000%2C598&ssl=1&resize=350%2C200 1x, https:\/\/i0.wp.com\/noticiasribeiraopreto.com.br\/wp-content\/uploads\/2024\/03\/imposto-de-renda-scaled.jpg?fit=1000%2C598&ssl=1&resize=525%2C300 1.5x, https:\/\/i0.wp.com\/noticiasribeiraopreto.com.br\/wp-content\/uploads\/2024\/03\/imposto-de-renda-scaled.jpg?fit=1000%2C598&ssl=1&resize=700%2C400 2x"},"classes":[]},{"id":83582,"url":"https:\/\/noticiasribeiraopreto.com.br\/index.php\/2026\/03\/21\/receita-libera-programa-do-irpf\/","url_meta":{"origin":8621,"position":4},"title":"Receita libera programa do IRPF","author":"noticiasribeiraopreto.com.br","date":"21 de March de 2026","format":false,"excerpt":"O prazo para envio da Declara\u00e7\u00e3o de Ajuste Anual do Imposto de Renda de Pessoa F\u00edsica (IRPF) de 2026 come\u00e7a \u00e0s oito horas desta segunda-feira, 23 de mar\u00e7o, e segue at\u00e9 as 23h59 do dia 29 de maio. As informa\u00e7\u00f5es, referentes ao ano-calend\u00e1rio de 2025, foram publicadas pela Receita Federal\u2026","rel":"","context":"In &quot;Not\u00edcias de Ribeir\u00e3o Preto-SP e Regi\u00e3o&quot;","block_context":{"text":"Not\u00edcias de Ribeir\u00e3o Preto-SP e Regi\u00e3o","link":"https:\/\/noticiasribeiraopreto.com.br\/index.php\/category\/noticias-de-ribeirao-preto-sp-e-regiao-ismael-colosi\/"},"img":{"alt_text":"","src":"https:\/\/i0.wp.com\/noticiasribeiraopreto.com.br\/wp-content\/uploads\/2026\/03\/LeaoIR-Rafa-Neddermeyer-Ag.Br_.jpg?fit=1170%2C700&ssl=1&resize=350%2C200","width":350,"height":200,"srcset":"https:\/\/i0.wp.com\/noticiasribeiraopreto.com.br\/wp-content\/uploads\/2026\/03\/LeaoIR-Rafa-Neddermeyer-Ag.Br_.jpg?fit=1170%2C700&ssl=1&resize=350%2C200 1x, https:\/\/i0.wp.com\/noticiasribeiraopreto.com.br\/wp-content\/uploads\/2026\/03\/LeaoIR-Rafa-Neddermeyer-Ag.Br_.jpg?fit=1170%2C700&ssl=1&resize=525%2C300 1.5x, https:\/\/i0.wp.com\/noticiasribeiraopreto.com.br\/wp-content\/uploads\/2026\/03\/LeaoIR-Rafa-Neddermeyer-Ag.Br_.jpg?fit=1170%2C700&ssl=1&resize=700%2C400 2x, https:\/\/i0.wp.com\/noticiasribeiraopreto.com.br\/wp-content\/uploads\/2026\/03\/LeaoIR-Rafa-Neddermeyer-Ag.Br_.jpg?fit=1170%2C700&ssl=1&resize=1050%2C600 3x"},"classes":[]},{"id":85153,"url":"https:\/\/noticiasribeiraopreto.com.br\/index.php\/2026\/04\/23\/receita-federal-abre-consulta-a-lote-do-ir\/","url_meta":{"origin":8621,"position":5},"title":"Receita Federal abre \u2028consulta a lote do IR","author":"noticiasribeiraopreto.com.br","date":"23 de April de 2026","format":false,"excerpt":"Lote \u00e9 composto por 415.277 contribuintes priorit\u00e1rios e n\u00e3o priorit\u00e1rios, com valor total de R$ 592.212.767,86 A Receita Federal vai abrir, \u00e0s dez horas desta quinta-feira (23), a consulta ao terceiro lote residual de restitui\u00e7\u00e3o do Imposto de Renda de Pessoa F\u00edsica (IRPF) deste ano, referente a abril de 2026,\u2026","rel":"","context":"In &quot;Not\u00edcias de Ribeir\u00e3o Preto-SP e Regi\u00e3o&quot;","block_context":{"text":"Not\u00edcias de Ribeir\u00e3o Preto-SP e Regi\u00e3o","link":"https:\/\/noticiasribeiraopreto.com.br\/index.php\/category\/noticias-de-ribeirao-preto-sp-e-regiao-ismael-colosi\/"},"img":{"alt_text":"","src":"https:\/\/i0.wp.com\/noticiasribeiraopreto.com.br\/wp-content\/uploads\/2026\/04\/LeaoIR-Joedson-Alves-Ag.Br_.jpg?fit=1170%2C700&ssl=1&resize=350%2C200","width":350,"height":200,"srcset":"https:\/\/i0.wp.com\/noticiasribeiraopreto.com.br\/wp-content\/uploads\/2026\/04\/LeaoIR-Joedson-Alves-Ag.Br_.jpg?fit=1170%2C700&ssl=1&resize=350%2C200 1x, https:\/\/i0.wp.com\/noticiasribeiraopreto.com.br\/wp-content\/uploads\/2026\/04\/LeaoIR-Joedson-Alves-Ag.Br_.jpg?fit=1170%2C700&ssl=1&resize=525%2C300 1.5x, https:\/\/i0.wp.com\/noticiasribeiraopreto.com.br\/wp-content\/uploads\/2026\/04\/LeaoIR-Joedson-Alves-Ag.Br_.jpg?fit=1170%2C700&ssl=1&resize=700%2C400 2x, https:\/\/i0.wp.com\/noticiasribeiraopreto.com.br\/wp-content\/uploads\/2026\/04\/LeaoIR-Joedson-Alves-Ag.Br_.jpg?fit=1170%2C700&ssl=1&resize=1050%2C600 3x"},"classes":[]}],"jetpack_sharing_enabled":true,"jetpack_shortlink":"https:\/\/wp.me\/peQAOb-2f3","jetpack_featured_media_url":"https:\/\/i0.wp.com\/noticiasribeiraopreto.com.br\/wp-content\/uploads\/2023\/11\/imposto-de-renda-scaled.jpg?fit=1000%2C598&ssl=1","_links":{"self":[{"href":"https:\/\/noticiasribeiraopreto.com.br\/index.php\/wp-json\/wp\/v2\/posts\/8621","targetHints":{"allow":["GET"]}}],"collection":[{"href":"https:\/\/noticiasribeiraopreto.com.br\/index.php\/wp-json\/wp\/v2\/posts"}],"about":[{"href":"https:\/\/noticiasribeiraopreto.com.br\/index.php\/wp-json\/wp\/v2\/types\/post"}],"author":[{"embeddable":true,"href":"https:\/\/noticiasribeiraopreto.com.br\/index.php\/wp-json\/wp\/v2\/users\/1"}],"replies":[{"embeddable":true,"href":"https:\/\/noticiasribeiraopreto.com.br\/index.php\/wp-json\/wp\/v2\/comments?post=8621"}],"version-history":[{"count":0,"href":"https:\/\/noticiasribeiraopreto.com.br\/index.php\/wp-json\/wp\/v2\/posts\/8621\/revisions"}],"wp:featuredmedia":[{"embeddable":true,"href":"https:\/\/noticiasribeiraopreto.com.br\/index.php\/wp-json\/wp\/v2\/media\/8622"}],"wp:attachment":[{"href":"https:\/\/noticiasribeiraopreto.com.br\/index.php\/wp-json\/wp\/v2\/media?parent=8621"}],"wp:term":[{"taxonomy":"category","embeddable":true,"href":"https:\/\/noticiasribeiraopreto.com.br\/index.php\/wp-json\/wp\/v2\/categories?post=8621"},{"taxonomy":"post_tag","embeddable":true,"href":"https:\/\/noticiasribeiraopreto.com.br\/index.php\/wp-json\/wp\/v2\/tags?post=8621"}],"curies":[{"name":"wp","href":"https:\/\/api.w.org\/{rel}","templated":true}]}}