{"id":8667,"date":"2023-11-30T16:00:30","date_gmt":"2023-11-30T19:00:30","guid":{"rendered":"https:\/\/noticiasribeiraopreto.com.br\/index.php\/2023\/11\/30\/ribeirao-preto-tem-427-professores-mediadores\/"},"modified":"2023-11-30T16:00:30","modified_gmt":"2023-11-30T19:00:30","slug":"ribeirao-preto-tem-427-professores-mediadores","status":"publish","type":"post","link":"https:\/\/noticiasribeiraopreto.com.br\/index.php\/2023\/11\/30\/ribeirao-preto-tem-427-professores-mediadores\/","title":{"rendered":"Ribeir\u00e3o Preto tem 427 professores mediadores\u00a0"},"content":{"rendered":"<div class='code-block code-block-1' style='margin: 8px 0 8px auto; text-align: right; display: block; clear: both;'>\n<p><a href=\"https:\/\/wa.link\/vpicfd\"><img data-recalc-dims=\"1\" class=\"wp-image-4922\" style=\"aspect-ratio: 2.0253164556962027; width: 561px; height: auto;\" src=\"https:\/\/i0.wp.com\/ismaelcolosi.com.br\/wp-content\/uploads\/2023\/11\/grupo-de-empregos-whatsapp-e-facebook-ismael-colosi-vagas.jpg?ssl=1\" alt=\"\" \/><\/a><\/p>\n<!-- \/wp:image -->\n<\/div>\n<p> <br \/>\n<\/p>\n<div id=\"post-365755\">\n<header class=\"entry-header penci-entry-header penci-title-center\">\n<p> <span class=\"entry-meta-item penci-posted-on\"><i class=\"fa fa-clock-o\"\/><time class=\"entry-date published\" datetime=\"2023-11-30T16:00:30-03:00\">30 de novembro de 2023 | 16:00<\/time><time class=\"updated\" datetime=\"2023-11-30T09:37:08-03:00\">30 de novembro de 2023 | 9:37<\/time><\/span><\/p>\n<p> <span class=\"penci-social-buttons penci-social-share-footer\"><a href=\"#\" class=\"penci-post-like penci_post-meta_item  single-like-button penci-social-item like\" data-post_id=\"365755\" title=\"Like\" data-like=\"Like\" data-unlike=\"Unlike\"><i class=\"fa fa-thumbs-o-up\"\/><span class=\"penci-share-number\">0<\/span><\/a><i class=\"fa fa-facebook\"\/><a class=\"penci-social-item twitter\" target=\"_blank\" rel=\"noopener\" title=\"\" href=\"https:\/\/twitter.com\/intent\/tweet?text=Ribeir\u00e3o%20Preto%20tem%20427%20professores%20mediadores\u00a0%20-%20https:\/\/www.tribunaribeirao.com.br\/site\/ribeirao-preto-tem-427-professores-mediadores\/\"><i class=\"fa fa-twitter\"\/><\/a><i class=\"fa fa-whatsapp\"\/><\/span><\/header>\n<div class=\"penci-entry-content entry-content\">\n<p><span class=\"TextRun SCXW258195822 BCX0\" lang=\"PT-BR\" xml:lang=\"PT-BR\" data-contrast=\"auto\"><span class=\"NormalTextRun SCXW258195822 BCX0\">Projeto de lei do <\/span><span class=\"NormalTextRun SCXW258195822 BCX0\">prefeito Duarte Nogueira (PSDB), <\/span><span class=\"NormalTextRun SCXW258195822 BCX0\">em an\u00e1lise na C\u00e2mara <\/span><span class=\"NormalTextRun SCXW258195822 BCX0\">de Vereadores, <\/span><span class=\"NormalTextRun SCXW258195822 BCX0\">pretende autorizar a Secretaria <\/span><span class=\"NormalTextRun SCXW258195822 BCX0\">Municipal <\/span><span class=\"NormalTextRun SCXW258195822 BCX0\">da Fazenda a abrir cr\u00e9dito de at\u00e9 R$ 31 milh\u00f5es a favor da <\/span><span class=\"NormalTextRun SCXW258195822 BCX0\">pasta <\/span><span class=\"NormalTextRun SCXW258195822 BCX0\">da Educa\u00e7\u00e3o. Segundo a proposta, os recursos ser\u00e3o utilizados para complementar o pagamento dos <\/span><span class=\"NormalTextRun SCXW258195822 BCX0\">educadores <\/span><span class=\"NormalTextRun SCXW258195822 BCX0\">que integram o Professor Mediador, que passou de 231 <\/span><span class=\"NormalTextRun SCXW258195822 BCX0\">profissionais <\/span><span class=\"NormalTextRun SCXW258195822 BCX0\">em 2022 para 427 este an<\/span><span class=\"NormalTextRun SCXW258195822 BCX0\">o.\u00a0 S\u00e3o 196 a mais e alta de 84,85%<\/span><span class=\"NormalTextRun SCXW258195822 BCX0\">. <\/span><\/span><span class=\"LineBreakBlob BlobObject DragDrop SCXW258195822 BCX0\"><span class=\"SCXW258195822 BCX0\">\u00a0<\/span><br class=\"SCXW258195822 BCX0\"\/><\/span><span class=\"LineBreakBlob BlobObject DragDrop SCXW258195822 BCX0\"><span class=\"SCXW258195822 BCX0\">\u00a0<\/span><br class=\"SCXW258195822 BCX0\"\/><\/span><span class=\"TextRun SCXW258195822 BCX0\" lang=\"PT-BR\" xml:lang=\"PT-BR\" data-contrast=\"auto\"><span class=\"NormalTextRun SCXW258195822 BCX0\">No total, a <\/span><span class=\"NormalTextRun SCXW258195822 BCX0\">r<\/span><span class=\"NormalTextRun SCXW258195822 BCX0\">ede <\/span><span class=\"NormalTextRun SCXW258195822 BCX0\">m<\/span><span class=\"NormalTextRun SCXW258195822 BCX0\">unicipal <\/span><span class=\"NormalTextRun SCXW258195822 BCX0\">de ensino conta com aproximadamente quatro <\/span><span class=\"NormalTextRun SCXW258195822 BCX0\">mil professores.<\/span> <span class=\"NormalTextRun SCXW258195822 BCX0\">O mediador trabalha dentro das salas de aula das escolas da <\/span><span class=\"NormalTextRun SCXW258195822 BCX0\">e<\/span><span class=\"NormalTextRun SCXW258195822 BCX0\">duca\u00e7\u00e3o <\/span><span class=\"NormalTextRun SCXW258195822 BCX0\">i<\/span><span class=\"NormalTextRun SCXW258195822 BCX0\">nfantil e do <\/span><span class=\"NormalTextRun SCXW258195822 BCX0\">e<\/span><span class=\"NormalTextRun SCXW258195822 BCX0\">nsino <\/span><span class=\"NormalTextRun SCXW258195822 BCX0\">f<\/span><span class=\"NormalTextRun SCXW258195822 BCX0\">undamental. Em conjunto com o titular, estes profissionais auxiliam os alunos com defici\u00eancia no processo de aprendizagem, assim como na comunica\u00e7\u00e3o dos estudantes da <\/span><span class=\"NormalTextRun SCXW258195822 BCX0\">e<\/span><span class=\"NormalTextRun SCXW258195822 BCX0\">duca\u00e7\u00e3o <\/span><span class=\"NormalTextRun SCXW258195822 BCX0\">e<\/span><span class=\"NormalTextRun SCXW258195822 BCX0\">special. <\/span><\/span><span class=\"LineBreakBlob BlobObject DragDrop SCXW258195822 BCX0\"><span class=\"SCXW258195822 BCX0\">\u00a0<\/span><br class=\"SCXW258195822 BCX0\"\/><\/span><span class=\"LineBreakBlob BlobObject DragDrop SCXW258195822 BCX0\"><span class=\"SCXW258195822 BCX0\">\u00a0<\/span><br class=\"SCXW258195822 BCX0\"\/><\/span><span class=\"TextRun SCXW258195822 BCX0\" lang=\"PT-BR\" xml:lang=\"PT-BR\" data-contrast=\"auto\"><span class=\"NormalTextRun SCXW258195822 BCX0\">O professor mediador trabalha apoiado em tr\u00eas pilares: comunica\u00e7\u00e3o alternativa; adapta\u00e7\u00f5es curriculares e desenho universal de aprendizagem.\u00a0<\/span> <span class=\"NormalTextRun SCXW258195822 BCX0\">Segundo a prefeitura, os recursos s\u00e3o necess\u00e1rios porque a folha de pagamento da Secretaria Municipal da Educa\u00e7\u00e3o sofreu um aumento durante o exerc\u00edcio de 2023, devido <\/span><span class=\"NormalTextRun SCXW258195822 BCX0\">\u00e0<\/span><span class=\"NormalTextRun SCXW258195822 BCX0\"> amplia\u00e7\u00e3o do Professor Mediador. <\/span><\/span><span class=\"LineBreakBlob BlobObject DragDrop SCXW258195822 BCX0\"><span class=\"SCXW258195822 BCX0\">\u00a0<\/span><br class=\"SCXW258195822 BCX0\"\/><\/span><span class=\"LineBreakBlob BlobObject DragDrop SCXW258195822 BCX0\"><span class=\"SCXW258195822 BCX0\">\u00a0<\/span><br class=\"SCXW258195822 BCX0\"\/><\/span><span class=\"TextRun SCXW258195822 BCX0\" lang=\"PT-BR\" xml:lang=\"PT-BR\" data-contrast=\"auto\"><span class=\"NormalTextRun SCXW258195822 BCX0\">Outro fator citado na justificativa do projeto para o repasse <\/span><span class=\"NormalTextRun SCXW258195822 BCX0\">\u00e9 <\/span><span class=\"NormalTextRun SCXW258195822 BCX0\">a queda no recebimento pelo munic\u00edpio dos valores do Fundo de Manuten\u00e7\u00e3o e Desenvolvimento da Educa\u00e7\u00e3o B\u00e1sica (<\/span><span class=\"NormalTextRun SCXW258195822 BCX0\">Fundeb<\/span><span class=\"NormalTextRun SCXW258195822 BCX0\">). \u201cOcorre que esses valores t\u00eam sido menores durante a maioria dos meses at\u00e9 aqui e, portanto, a expectativa da Secretaria Municipal da Educa\u00e7\u00e3o \u00e9 de que os valores anuais n\u00e3o cheguem aos inicialmente or\u00e7ados<\/span><span class=\"NormalTextRun SCXW258195822 BCX0\">\u201d, diz<\/span><span class=\"NormalTextRun SCXW258195822 BCX0\">, <\/span><\/span><span class=\"LineBreakBlob BlobObject DragDrop SCXW258195822 BCX0\"><span class=\"SCXW258195822 BCX0\">\u00a0<\/span><br class=\"SCXW258195822 BCX0\"\/><\/span><span class=\"LineBreakBlob BlobObject DragDrop SCXW258195822 BCX0\"><span class=\"SCXW258195822 BCX0\">\u00a0<\/span><br class=\"SCXW258195822 BCX0\"\/><\/span><span class=\"TextRun SCXW258195822 BCX0\" lang=\"PT-BR\" xml:lang=\"PT-BR\" data-contrast=\"auto\"><span class=\"NormalTextRun SCXW258195822 BCX0\">Segundo o projeto, isso \u201c<\/span><span class=\"NormalTextRun SCXW258195822 BCX0\">acarretou e continuar\u00e1 <\/span><span class=\"NormalTextRun ContextualSpellingAndGrammarErrorV2Themed SCXW258195822 BCX0\">acarretando <\/span><span class=\"NormalTextRun ContextualSpellingAndGrammarErrorV2Themed SCXW258195822 BCX0\">em<\/span> <span class=\"NormalTextRun SCXW258195822 BCX0\">aumento das despesas com recursos pr\u00f3prios, uma vez que a pasta s\u00f3 conta com essas duas fontes de recursos para pagamento de despesas de pessoal\u201d, diz parte da justificativa. <\/span><span class=\"NormalTextRun SCXW258195822 BCX0\">A proposta <\/span><span class=\"NormalTextRun SCXW258195822 BCX0\">ainda n\u00e3o tem data par ser votad<\/span><span class=\"NormalTextRun SCXW258195822 BCX0\">a<\/span><span class=\"NormalTextRun SCXW258195822 BCX0\">.<\/span><\/span><span class=\"LineBreakBlob BlobObject DragDrop SCXW258195822 BCX0\"><span class=\"SCXW258195822 BCX0\">\u00a0<\/span><br class=\"SCXW258195822 BCX0\"\/><\/span><span class=\"LineBreakBlob BlobObject DragDrop SCXW258195822 BCX0\"><span class=\"SCXW258195822 BCX0\">\u00a0<\/span><br class=\"SCXW258195822 BCX0\"\/><\/span><span class=\"LineBreakBlob BlobObject DragDrop SCXW258195822 BCX0\"><br class=\"SCXW258195822 BCX0\"\/><\/span><\/p>\n<\/div>\n<footer class=\"penci-entry-footer\"\/><\/div>\n<p><script async src=\"\/\/platform.twitter.com\/widgets.js\" charset=\"utf-8\"><\/script><br \/>\n<br \/><br \/>\n<br \/><a href=\"https:\/\/www.tribunaribeirao.com.br\/site\/ribeirao-preto-tem-427-professores-mediadores\/\">Source link <\/a><\/p>\n<!-- CONTENT END 1 -->\n","protected":false},"excerpt":{"rendered":"<p>30 de novembro de 2023 | 16:0030 de novembro de 2023 | 9:37 0 Projeto de lei do prefeito Duarte Nogueira (PSDB), em an\u00e1lise na&#8230;<\/p>\n","protected":false},"author":1,"featured_media":8668,"comment_status":"open","ping_status":"open","sticky":false,"template":"","format":"standard","meta":{"advanced_seo_description":"","jetpack_seo_html_title":"","jetpack_seo_noindex":false,"jetpack_post_was_ever_published":false,"_jetpack_newsletter_access":"","_jetpack_dont_email_post_to_subs":false,"_jetpack_newsletter_tier_id":0,"_jetpack_memberships_contains_paywalled_content":false,"_jetpack_memberships_contains_paid_content":false,"footnotes":"","jetpack_publicize_message":"","jetpack_publicize_feature_enabled":true,"jetpack_social_post_already_shared":true,"jetpack_social_options":{"image_generator_settings":{"template":"highway","default_image_id":0,"font":"","enabled":false},"version":2}},"categories":[11],"tags":[1146,27,247,26,162],"class_list":["post-8667","post","type-post","status-publish","format-standard","has-post-thumbnail","hentry","category-noticias-de-ribeirao-preto-sp-e-regiao-ismael-colosi","tag-mediadores","tag-preto","tag-professores","tag-ribeirao","tag-tem"],"jetpack_publicize_connections":[],"jetpack_featured_media_url":"https:\/\/i0.wp.com\/noticiasribeiraopreto.com.br\/wp-content\/uploads\/2023\/11\/mediador-scaled.jpg?fit=484%2C645&ssl=1","jetpack-related-posts":[{"id":39118,"url":"https:\/\/noticiasribeiraopreto.com.br\/index.php\/2024\/02\/23\/aluno-pcd-tem-direito-a-professor-de-apoio\/","url_meta":{"origin":8667,"position":0},"title":"Aluno PcD tem direito a professor de apoio\u00a0","author":"noticiasribeiraopreto.com.br","date":"23 de February de 2024","format":false,"excerpt":"23 de fevereiro de 2024 | 13:0023 de fevereiro de 2024 | 7:56 0A C\u00e2mara Especial do Tribunal de Justi\u00e7a do Estado de S\u00e3o Paulo (TJSP) deu provimento ao agravo de instrumento impetrado pela Promotoria da Pessoa com Defici\u00eancia de Ribeir\u00e3o Preto e determinou que a Secretaria Municipal de Educa\u00e7\u00e3o\u2026","rel":"","context":"In &quot;Not\u00edcias de Ribeir\u00e3o Preto-SP e Regi\u00e3o&quot;","block_context":{"text":"Not\u00edcias de Ribeir\u00e3o Preto-SP e Regi\u00e3o","link":"https:\/\/noticiasribeiraopreto.com.br\/index.php\/category\/noticias-de-ribeirao-preto-sp-e-regiao-ismael-colosi\/"},"img":{"alt_text":"","src":"https:\/\/i0.wp.com\/noticiasribeiraopreto.com.br\/wp-content\/uploads\/2024\/02\/9da43ff7-2ee1-437b-8657-2709217f2b5a-scaled.jpg?fit=860%2C645&ssl=1&resize=350%2C200","width":350,"height":200,"srcset":"https:\/\/i0.wp.com\/noticiasribeiraopreto.com.br\/wp-content\/uploads\/2024\/02\/9da43ff7-2ee1-437b-8657-2709217f2b5a-scaled.jpg?fit=860%2C645&ssl=1&resize=350%2C200 1x, https:\/\/i0.wp.com\/noticiasribeiraopreto.com.br\/wp-content\/uploads\/2024\/02\/9da43ff7-2ee1-437b-8657-2709217f2b5a-scaled.jpg?fit=860%2C645&ssl=1&resize=525%2C300 1.5x, https:\/\/i0.wp.com\/noticiasribeiraopreto.com.br\/wp-content\/uploads\/2024\/02\/9da43ff7-2ee1-437b-8657-2709217f2b5a-scaled.jpg?fit=860%2C645&ssl=1&resize=700%2C400 2x"},"classes":[]},{"id":60381,"url":"https:\/\/noticiasribeiraopreto.com.br\/index.php\/2024\/11\/12\/ribeirao-preto-devera-oferecer-atendimento-especializado-para-alunos-com-deficiencia\/","url_meta":{"origin":8667,"position":1},"title":"Ribeir\u00e3o Preto dever\u00e1 oferecer atendimento especializado para alunos com defici\u00eancia","author":"noticiasribeiraopreto.com.br","date":"12 de November de 2024","format":false,"excerpt":"O juiz Paulo C\u00e9sar Gentile, da Vara da Inf\u00e2ncia e Juventude de Ribeir\u00e3o Preto, determinou que a prefeitura disponibilize profissionais de apoio pedag\u00f3gico e cuidadores para todos os alunos com defici\u00eancia intelectual matriculados na rede municipal de ensino. A decis\u00e3o foi publicada no \u00faltimo dia 5 de novembro. De acordo\u2026","rel":"","context":"In &quot;Not\u00edcias de Ribeir\u00e3o Preto-SP e Regi\u00e3o&quot;","block_context":{"text":"Not\u00edcias de Ribeir\u00e3o Preto-SP e Regi\u00e3o","link":"https:\/\/noticiasribeiraopreto.com.br\/index.php\/category\/noticias-de-ribeirao-preto-sp-e-regiao-ismael-colosi\/"},"img":{"alt_text":"","src":"https:\/\/i0.wp.com\/noticiasribeiraopreto.com.br\/wp-content\/uploads\/2024\/09\/escola-infantil-ribeirao-preto_2024-09-03_19-11-33_jpg_2024-09-03_19-11-33.webp.webp?fit=1200%2C675&ssl=1&resize=350%2C200","width":350,"height":200,"srcset":"https:\/\/i0.wp.com\/noticiasribeiraopreto.com.br\/wp-content\/uploads\/2024\/09\/escola-infantil-ribeirao-preto_2024-09-03_19-11-33_jpg_2024-09-03_19-11-33.webp.webp?fit=1200%2C675&ssl=1&resize=350%2C200 1x, https:\/\/i0.wp.com\/noticiasribeiraopreto.com.br\/wp-content\/uploads\/2024\/09\/escola-infantil-ribeirao-preto_2024-09-03_19-11-33_jpg_2024-09-03_19-11-33.webp.webp?fit=1200%2C675&ssl=1&resize=525%2C300 1.5x, https:\/\/i0.wp.com\/noticiasribeiraopreto.com.br\/wp-content\/uploads\/2024\/09\/escola-infantil-ribeirao-preto_2024-09-03_19-11-33_jpg_2024-09-03_19-11-33.webp.webp?fit=1200%2C675&ssl=1&resize=700%2C400 2x, https:\/\/i0.wp.com\/noticiasribeiraopreto.com.br\/wp-content\/uploads\/2024\/09\/escola-infantil-ribeirao-preto_2024-09-03_19-11-33_jpg_2024-09-03_19-11-33.webp.webp?fit=1200%2C675&ssl=1&resize=1050%2C600 3x"},"classes":[]},{"id":56232,"url":"https:\/\/noticiasribeiraopreto.com.br\/index.php\/2024\/08\/12\/grafiteira-de-ribeirao-expoe-arte-em-1o-museu-de-hip-hop-da-america-latina\/","url_meta":{"origin":8667,"position":2},"title":"Grafiteira de Ribeir\u00e3o exp\u00f5e arte em 1\u00ba Museu de Hip Hop da Am\u00e9rica Latina","author":"noticiasribeiraopreto.com.br","date":"12 de August de 2024","format":false,"excerpt":"A grafiteira Joy, nascida em Sert\u00e3ozinho, e tem diversas obras espalhadas por Ribeir\u00e3o Preto, ir\u00e1 expor sua arte no Museu de Cultura Hip Hop RS, o primeiro e \u00fanico da Am\u00e9rica Latina, na segunda edi\u00e7\u00e3o do evento \u201cVem Pro Museu\u201d, que acontece no dia 24 de agosto. Joy tem diversas\u2026","rel":"","context":"In &quot;Not\u00edcias de Ribeir\u00e3o Preto-SP e Regi\u00e3o&quot;","block_context":{"text":"Not\u00edcias de Ribeir\u00e3o Preto-SP e Regi\u00e3o","link":"https:\/\/noticiasribeiraopreto.com.br\/index.php\/category\/noticias-de-ribeirao-preto-sp-e-regiao-ismael-colosi\/"},"img":{"alt_text":"","src":"https:\/\/i0.wp.com\/noticiasribeiraopreto.com.br\/wp-content\/uploads\/2024\/08\/Copia-de-Copia-de-TAMANHO-EXATO-PARA-FOTOS-NO-SISTEMA-NOVO-40_2024-08-09_14-43-26_jpg_2024-08-09_14-43-26.webp.webp?fit=1200%2C675&ssl=1&resize=350%2C200","width":350,"height":200,"srcset":"https:\/\/i0.wp.com\/noticiasribeiraopreto.com.br\/wp-content\/uploads\/2024\/08\/Copia-de-Copia-de-TAMANHO-EXATO-PARA-FOTOS-NO-SISTEMA-NOVO-40_2024-08-09_14-43-26_jpg_2024-08-09_14-43-26.webp.webp?fit=1200%2C675&ssl=1&resize=350%2C200 1x, https:\/\/i0.wp.com\/noticiasribeiraopreto.com.br\/wp-content\/uploads\/2024\/08\/Copia-de-Copia-de-TAMANHO-EXATO-PARA-FOTOS-NO-SISTEMA-NOVO-40_2024-08-09_14-43-26_jpg_2024-08-09_14-43-26.webp.webp?fit=1200%2C675&ssl=1&resize=525%2C300 1.5x, https:\/\/i0.wp.com\/noticiasribeiraopreto.com.br\/wp-content\/uploads\/2024\/08\/Copia-de-Copia-de-TAMANHO-EXATO-PARA-FOTOS-NO-SISTEMA-NOVO-40_2024-08-09_14-43-26_jpg_2024-08-09_14-43-26.webp.webp?fit=1200%2C675&ssl=1&resize=700%2C400 2x, https:\/\/i0.wp.com\/noticiasribeiraopreto.com.br\/wp-content\/uploads\/2024\/08\/Copia-de-Copia-de-TAMANHO-EXATO-PARA-FOTOS-NO-SISTEMA-NOVO-40_2024-08-09_14-43-26_jpg_2024-08-09_14-43-26.webp.webp?fit=1200%2C675&ssl=1&resize=1050%2C600 3x"},"classes":[]},{"id":78507,"url":"https:\/\/noticiasribeiraopreto.com.br\/index.php\/2025\/10\/12\/prefeitura-no-interior-de-sp-tem-concurso-com-vagas-em-diversas-areas-e-salarios-de-ate-r-52-mil\/","url_meta":{"origin":8667,"position":3},"title":"Prefeitura no interior de SP tem concurso com vagas em diversas \u00e1reas e sal\u00e1rios de at\u00e9 R$ 5,2 mil","author":"noticiasribeiraopreto.com.br","date":"12 de October de 2025","format":false,"excerpt":"A Prefeitura de Cristais Paulista, no interior de S\u00e3o Paulo, abriu concurso p\u00fablico e processo seletivo para forma\u00e7\u00e3o de cadastro de reserva. As vagas s\u00e3o destinadas a candidatos de n\u00edvel fundamental, m\u00e9dio e superior, com sal\u00e1rios que variam de R$ 1.700 a R$ 5.200. Para o cargo de professor, a\u2026","rel":"","context":"In &quot;Not\u00edcias de Ribeir\u00e3o Preto-SP e Regi\u00e3o&quot;","block_context":{"text":"Not\u00edcias de Ribeir\u00e3o Preto-SP e Regi\u00e3o","link":"https:\/\/noticiasribeiraopreto.com.br\/index.php\/category\/noticias-de-ribeirao-preto-sp-e-regiao-ismael-colosi\/"},"img":{"alt_text":"","src":"https:\/\/i0.wp.com\/noticiasribeiraopreto.com.br\/wp-content\/uploads\/2025\/09\/public-examination-preparation-concept_2025-09-19_17-43-12.webp.webp?fit=1200%2C801&ssl=1&resize=350%2C200","width":350,"height":200,"srcset":"https:\/\/i0.wp.com\/noticiasribeiraopreto.com.br\/wp-content\/uploads\/2025\/09\/public-examination-preparation-concept_2025-09-19_17-43-12.webp.webp?fit=1200%2C801&ssl=1&resize=350%2C200 1x, https:\/\/i0.wp.com\/noticiasribeiraopreto.com.br\/wp-content\/uploads\/2025\/09\/public-examination-preparation-concept_2025-09-19_17-43-12.webp.webp?fit=1200%2C801&ssl=1&resize=525%2C300 1.5x, https:\/\/i0.wp.com\/noticiasribeiraopreto.com.br\/wp-content\/uploads\/2025\/09\/public-examination-preparation-concept_2025-09-19_17-43-12.webp.webp?fit=1200%2C801&ssl=1&resize=700%2C400 2x, https:\/\/i0.wp.com\/noticiasribeiraopreto.com.br\/wp-content\/uploads\/2025\/09\/public-examination-preparation-concept_2025-09-19_17-43-12.webp.webp?fit=1200%2C801&ssl=1&resize=1050%2C600 3x"},"classes":[]},{"id":859,"url":"https:\/\/noticiasribeiraopreto.com.br\/index.php\/2023\/11\/09\/usp-de-ribeirao-preto-tem-concurso-publico-com-salarios-de-r-14-mil\/","url_meta":{"origin":8667,"position":4},"title":"USP de Ribeir\u00e3o Preto tem concurso p\u00fablico com sal\u00e1rios de R$ 14 mil","author":"noticiasribeiraopreto.com.br","date":"9 de November de 2023","format":false,"excerpt":"A Faculdade de Ci\u00eancias Farmac\u00eauticas de Ribeir\u00e3o Preto da USP (Universidade de S\u00e3o Paulo) publicou nesta quinta-feira (9) edital de concurso p\u00fablico para o cargo de professor doutor. Os sal\u00e1rios para fun\u00e7\u00e3o s\u00e3o de R$ 14.761,02. O cargo \u00e9 para o Departamento de Ci\u00eancias Biomoleculares da Faculdade de Ci\u00eancias Farmac\u00eauticas,\u2026","rel":"","context":"In &quot;Not\u00edcias de Ribeir\u00e3o Preto-SP e Regi\u00e3o&quot;","block_context":{"text":"Not\u00edcias de Ribeir\u00e3o Preto-SP e Regi\u00e3o","link":"https:\/\/noticiasribeiraopreto.com.br\/index.php\/category\/noticias-de-ribeirao-preto-sp-e-regiao-ismael-colosi\/"},"img":{"alt_text":"","src":"https:\/\/i0.wp.com\/noticiasribeiraopreto.com.br\/wp-content\/uploads\/2023\/11\/CAMPUS-DA-USP-DE-RIBEIRAO-PRETO-1024x683.jpg?fit=1024%2C683&ssl=1&resize=350%2C200","width":350,"height":200,"srcset":"https:\/\/i0.wp.com\/noticiasribeiraopreto.com.br\/wp-content\/uploads\/2023\/11\/CAMPUS-DA-USP-DE-RIBEIRAO-PRETO-1024x683.jpg?fit=1024%2C683&ssl=1&resize=350%2C200 1x, https:\/\/i0.wp.com\/noticiasribeiraopreto.com.br\/wp-content\/uploads\/2023\/11\/CAMPUS-DA-USP-DE-RIBEIRAO-PRETO-1024x683.jpg?fit=1024%2C683&ssl=1&resize=525%2C300 1.5x, https:\/\/i0.wp.com\/noticiasribeiraopreto.com.br\/wp-content\/uploads\/2023\/11\/CAMPUS-DA-USP-DE-RIBEIRAO-PRETO-1024x683.jpg?fit=1024%2C683&ssl=1&resize=700%2C400 2x"},"classes":[]},{"id":21918,"url":"https:\/\/noticiasribeiraopreto.com.br\/index.php\/2023\/12\/28\/ribeirao-tem-saldo-positivo-de-novos-empregos-em-novembro-veja-o-setor-que-mais-contratou\/","url_meta":{"origin":8667,"position":5},"title":"Ribeir\u00e3o tem saldo positivo de novos empregos em novembro; Veja o setor que mais contratou","author":"noticiasribeiraopreto.com.br","date":"28 de December de 2023","format":false,"excerpt":"Ribeir\u00e3o Preto fechou o m\u00eas de novembro com um saldo positivo de 793 novos empregos criados, de acordo com o Cadastro Geral de Empregados e Desempregados (Caged), divulgado nesta quinta-feira (28). Apesar do bom resultado, o munic\u00edpio registrou queda na compara\u00e7\u00e3o com o mesmo m\u00eas do ano passado. De acordo\u2026","rel":"","context":"In &quot;Not\u00edcias de Ribeir\u00e3o Preto-SP e Regi\u00e3o&quot;","block_context":{"text":"Not\u00edcias de Ribeir\u00e3o Preto-SP e Regi\u00e3o","link":"https:\/\/noticiasribeiraopreto.com.br\/index.php\/category\/noticias-de-ribeirao-preto-sp-e-regiao-ismael-colosi\/"},"img":{"alt_text":"","src":"https:\/\/i0.wp.com\/noticiasribeiraopreto.com.br\/wp-content\/uploads\/2023\/12\/caged.jpg?fit=1200%2C799&ssl=1&resize=350%2C200","width":350,"height":200,"srcset":"https:\/\/i0.wp.com\/noticiasribeiraopreto.com.br\/wp-content\/uploads\/2023\/12\/caged.jpg?fit=1200%2C799&ssl=1&resize=350%2C200 1x, https:\/\/i0.wp.com\/noticiasribeiraopreto.com.br\/wp-content\/uploads\/2023\/12\/caged.jpg?fit=1200%2C799&ssl=1&resize=525%2C300 1.5x, https:\/\/i0.wp.com\/noticiasribeiraopreto.com.br\/wp-content\/uploads\/2023\/12\/caged.jpg?fit=1200%2C799&ssl=1&resize=700%2C400 2x, https:\/\/i0.wp.com\/noticiasribeiraopreto.com.br\/wp-content\/uploads\/2023\/12\/caged.jpg?fit=1200%2C799&ssl=1&resize=1050%2C600 3x"},"classes":[]}],"jetpack_sharing_enabled":true,"jetpack_shortlink":"https:\/\/wp.me\/peQAOb-2fN","_links":{"self":[{"href":"https:\/\/noticiasribeiraopreto.com.br\/index.php\/wp-json\/wp\/v2\/posts\/8667","targetHints":{"allow":["GET"]}}],"collection":[{"href":"https:\/\/noticiasribeiraopreto.com.br\/index.php\/wp-json\/wp\/v2\/posts"}],"about":[{"href":"https:\/\/noticiasribeiraopreto.com.br\/index.php\/wp-json\/wp\/v2\/types\/post"}],"author":[{"embeddable":true,"href":"https:\/\/noticiasribeiraopreto.com.br\/index.php\/wp-json\/wp\/v2\/users\/1"}],"replies":[{"embeddable":true,"href":"https:\/\/noticiasribeiraopreto.com.br\/index.php\/wp-json\/wp\/v2\/comments?post=8667"}],"version-history":[{"count":0,"href":"https:\/\/noticiasribeiraopreto.com.br\/index.php\/wp-json\/wp\/v2\/posts\/8667\/revisions"}],"wp:featuredmedia":[{"embeddable":true,"href":"https:\/\/noticiasribeiraopreto.com.br\/index.php\/wp-json\/wp\/v2\/media\/8668"}],"wp:attachment":[{"href":"https:\/\/noticiasribeiraopreto.com.br\/index.php\/wp-json\/wp\/v2\/media?parent=8667"}],"wp:term":[{"taxonomy":"category","embeddable":true,"href":"https:\/\/noticiasribeiraopreto.com.br\/index.php\/wp-json\/wp\/v2\/categories?post=8667"},{"taxonomy":"post_tag","embeddable":true,"href":"https:\/\/noticiasribeiraopreto.com.br\/index.php\/wp-json\/wp\/v2\/tags?post=8667"}],"curies":[{"name":"wp","href":"https:\/\/api.w.org\/{rel}","templated":true}]}}