{"id":8671,"date":"2023-11-30T16:11:07","date_gmt":"2023-11-30T19:11:07","guid":{"rendered":"https:\/\/noticiasribeiraopreto.com.br\/index.php\/2023\/11\/30\/padaria-brasileira-prepara-menu-exclusivo-e-variado-para-as-ceias-de-natal-e-ano-novo\/"},"modified":"2023-11-30T16:11:07","modified_gmt":"2023-11-30T19:11:07","slug":"padaria-brasileira-prepara-menu-exclusivo-e-variado-para-as-ceias-de-natal-e-ano-novo","status":"publish","type":"post","link":"https:\/\/noticiasribeiraopreto.com.br\/index.php\/2023\/11\/30\/padaria-brasileira-prepara-menu-exclusivo-e-variado-para-as-ceias-de-natal-e-ano-novo\/","title":{"rendered":"Padaria Brasileira prepara menu exclusivo e variado para as Ceias de Natal e Ano Novo"},"content":{"rendered":"<div class='code-block code-block-1' style='margin: 8px 0 8px auto; text-align: right; display: block; clear: both;'>\n<p><a href=\"https:\/\/wa.link\/vpicfd\"><img data-recalc-dims=\"1\" class=\"wp-image-4922\" style=\"aspect-ratio: 2.0253164556962027; width: 561px; height: auto;\" src=\"https:\/\/i0.wp.com\/ismaelcolosi.com.br\/wp-content\/uploads\/2023\/11\/grupo-de-empregos-whatsapp-e-facebook-ismael-colosi-vagas.jpg?ssl=1\" alt=\"\" \/><\/a><\/p>\n<!-- \/wp:image -->\n<\/div>\n<p> <br \/>\n<\/p>\n<div>\n<p>\u00c0 medida que as comemora\u00e7\u00f5es de fim de ano se aproximam, a corrida para planejar as ceias de Natal e Ano Novo ganha for\u00e7a. A Padaria Brasileira tem a solu\u00e7\u00e3o para quem busca praticidade, sabor, requinte e uma ampla variedade de op\u00e7\u00f5es de pratos. Seu card\u00e1pio completo abrange desde entradas at\u00e9 sobremesas, abrindo um leque de possibilidades gastron\u00f4micas.<br \/>Com a variedade e qualidade deste ano, a expectativa da padaria, \u00e9 que as vendas cres\u00e7am entre 8% e 10% em compara\u00e7\u00e3o com o mesmo per\u00edodo de 2022, atendendo \u00e0s expectativas das centenas de fam\u00edlias que buscam uma ceia de Natal e Ano Novo.<br \/>Entre as op\u00e7\u00f5es de entradas, destaque para o lan\u00e7amento do Salpic\u00e3o de Salm\u00e3o. O prato \u00e9 elaborado com uma combina\u00e7\u00e3o de salm\u00e3o, sals\u00e3o, cenoura e uva-passa, dispon\u00edvel por R$ 149 o quilo. Al\u00e9m disso, a maionese de Natal, feita com palmito, champignon, uva-passa, azeitonas e batatas, est\u00e1 dispon\u00edvel por R$ 105,60 o quilo.<br \/>Para os amantes de farofa, a Padaria Brasileira oferece seis vers\u00f5es desse acompanhamento, incluindo a in\u00e9dita Farofa de Figos com Am\u00eandoas, feita com farinhas de mandioca e de rosca, figo em calda, am\u00eandoas laminadas e cebolinha verde, por R$ 114 o quilo.<br \/>Na categoria de massas, h\u00e1 op\u00e7\u00f5es como o Raviolli de Damasco com Molho de Gorgonzola e o Ravioloni de Lim\u00e3o Siciliano e Mozzarella de B\u00fafala, ambos dispon\u00edveis por R$ 126 o quilo. Entre as escolhas, tem tamb\u00e9m o Rondelli de Catupiry\u00ae com Presunto, o Rondelli \u00e0 Mineira e as Lasanhas \u00e0 Bolonhesa e aos Quatro Queijos, todos por R$ 98 o quilo.<br \/>Para o prato principal, a sugest\u00e3o \u00e9 o Frango Desossado recheado e decorado com farofa salgada, feita com farinha de milho, farinha de mandioca, ovo, bacon, presunto e azeitona, e est\u00e1 dispon\u00edvel por R$ 114,30 o quilo. Esse prato n\u00e3o apenas oferece sabor, mas tamb\u00e9m praticidade, pois vem pronto e j\u00e1 cortado.<br \/>Al\u00e9m disso, o card\u00e1pio apresenta o Lombo Fatiado com Molho de Mostarda e Vinho (R$ 149 o quilo) e o Frango Recheado com Molho de Laranja (R$ 168,20 o quilo). Para quem prefere carne vermelha, a op\u00e7\u00e3o \u00e9 o cl\u00e1ssico Medalh\u00e3o Fil\u00e9 Mignon ao molho de vinho, acompanhado de aspargos, por R$ 279 o quilo. Outras sugest\u00f5es incluem peru, pernil e chester.<br \/>Para quem aprecia peixes, a Padaria Brasileira oferece o Bacalhau \u00e0 Portuguesa, composto por batatas, ovos cozidos, piment\u00f5es amarelo e vermelho e azeitonas, dispon\u00edvel por R$ 213 o quilo. Os pratos com arroz especial e cuscuz tamb\u00e9m s\u00e3o destaques, com op\u00e7\u00f5es com ou sem carne.<br \/>A sobremesa n\u00e3o fica de fora, com o lan\u00e7amento da Torta Mousse de Doce de Leite e Nozes. Essa novidade \u00e9 composta por camada de p\u00e3o de l\u00f3 de am\u00eandoas, creme de nozes com chantilly, mousse de doce de leite, coberta com doce de leite e a\u00e7\u00facar de confeiteiro, decorada com nozes mo\u00eddas e inteiras, dispon\u00edvel por R$ 109 o quilo.<br \/>O card\u00e1pio ainda inclui outros pratos, como a Torta Choconoffe, a Torta Mousse de Chocolate com Am\u00eandoas, o Bolo Dois Mousses, o Bolo Mousse Brull\u00e9 e Morango (em comemora\u00e7\u00e3o aos 70 anos da rede), a Torta Panacota com Geleia de Morango, o Naked Cake de Frutas Vermelhas, o Bolo Red Velvet, o Bolo do Luca, o Bolo Floresta Negra, o Bolo Tenta\u00e7\u00e3o, a Torta Banoffee, al\u00e9m das tradicionais rabanadas (com op\u00e7\u00e3o assada).<br \/>As encomendas podem ser feitas nas nove lojas da Padaria Brasileira, inclusive nas Express, com pelo menos 24 horas de anteced\u00eancia, garantindo assim a disponibilidade de todas as op\u00e7\u00f5es do card\u00e1pio.<\/p>\n<p>Padaria Brasileira \u2013 Neste ano, a Padaria Brasileira completa sete d\u00e9cadas no mercado de panifica\u00e7\u00e3o \u2013 surgiu em 1953, na cidade de Santo Andr\u00e9. A linha de salgados foi lan\u00e7ada em 1962 e desde ent\u00e3o incluiu em seu card\u00e1pio a famosa coxinha, premiada pelo site internacional Taste Atlas, como a melhor do mundo, no fim de fevereiro deste ano. A rede, que soma nove unidades, sendo quatro no formato Express, conta com mix de produtos, entre p\u00e3es, bolos, doces, sopas, rotisserie e sorvetes \u2013 al\u00e9m dos sonhos de doce de leite, creme e Nutella\u00ae. Os pedidos podem ser feitos diretamente nas lojas, pelo site oficial (www.padariabrasileira.com.br), pelo IFood ou pelo nosso app (https:\/\/deliverydireto.com.br\/padariabrasileira).<\/p>\n<p>Onde encontrar a Padaria Brasileira<br \/>Loja Vila \u2013 Rua Regente Feij\u00f3, 325 Vila Assun\u00e7\u00e3o \u2013 Santo Andr\u00e9. Tel: (11) 4990-4142. Todos os dias das 6h40 \u00e0s 22h10 e delivery das 8h \u00e0s 21h30<br \/>Loja Matriz \u2013 R. Santo Andr\u00e9, 232, Vila Assun\u00e7\u00e3o, Santo Andr\u00e9, SP. Tel.: (11) 3757-2277. Todos os dias das 6h40 \u00e0s 22h10 e delivery das 8h \u00e0s 20h30<br \/>Loja Jardim \u2013 R. das Figueiras, 664, Bairro Jardim, Santo Andr\u00e9, SP. Tel.: (11) 4437-3545. Todos os dias das 6h40 \u00e0s 22h10 e delivery das 8h \u00e0s 20h30<br \/>Loja F\u00f3rum \u2013 Av. Jos\u00e9 Caballero, 189, Vila Bastos, Santo Andr\u00e9, SP. Tel.: (11) 4994-1027. Todos os dias das 6h40 \u00e0s 22h10.<br \/>Loja Fl\u00e1quer \u2013 R. Dr. Fl\u00e1quer, 639, Centro, S\u00e3o Bernardo, SP. Tel.: (11) 4337-1110. Todos os dias das 6h40 \u00e0s 22h10 e delivery das 8h \u00e0s 20h30.<br \/>Unidades Express<br \/>Shopping ABC \u2013 Avenida Pereira Barreto, 42, Loja F15, Vila Gilda, Santo Andr\u00e9, SP. Tel.: (11) 4436-4852<br \/>Super Banca \u2013 Avenida Lino Jardim, 1168, Jardim Bela Vista, Santo Andr\u00e9, SP. Tel.: (11) 4994-0443.<br \/>Senador Fl\u00e1quer \u2013 Avenida Senador Fl\u00e1quer, 115, Centro, Santo Andr\u00e9, SP. Tel.: (11) 4427-7879<br \/>Hospital e Maternidade Brasil \u2013 Rua Votuporanga, 75, Vila Dora, Santo Andr\u00e9, SP. Tel.: (11) 2127-6877<br \/>Site: www.padariabrasileira.com.br<br \/>Fanpage: www.facebook.com\/PadariaBrasileira\/<br \/>Instagram: @padariabrasileira<\/p>\n<\/div>\n<p><script>\n\t\t! function(f, b, e, v, n, t, s) {\n\t\t\tif (f.fbq) return;\n\t\t\tn = f.fbq = function() {\n\t\t\t\tn.callMethod ?\n\t\t\t\t\tn.callMethod.apply(n, arguments) : n.queue.push(arguments)\n\t\t\t};\n\t\t\tif (!f._fbq) f._fbq = n;\n\t\t\tn.push = n;\n\t\t\tn.loaded = !0;\n\t\t\tn.version = '2.0';\n\t\t\tn.queue = [];\n\t\t\tt = b.createElement(e);\n\t\t\tt.async = !0;\n\t\t\tt.src = v;\n\t\t\ts = b.getElementsByTagName(e)[0];\n\t\t\ts.parentNode.insertBefore(t, s)\n\t\t}(window, document, 'script',\n\t\t\t'https:\/\/connect.facebook.net\/en_US\/fbevents.js');\n\t\tfbq('init', '338315473262380');\n\t\tfbq('track', 'PageView');\n\t<\/script><br \/>\n<br \/><br \/>\n<br \/><a href=\"https:\/\/catracalivre.com.br\/vila-mundo\/padaria-brasileira-prepara-menu-exclusivo-e-variado-para-as-ceias-de-natal-e-ano-novo\/\">Source link <\/a><\/p>\n<!-- CONTENT END 1 -->\n","protected":false},"excerpt":{"rendered":"<p>\u00c0 medida que as comemora\u00e7\u00f5es de fim de ano se aproximam, a corrida para planejar as ceias de Natal e Ano Novo ganha for\u00e7a. A&#8230;<\/p>\n","protected":false},"author":1,"featured_media":8672,"comment_status":"open","ping_status":"open","sticky":false,"template":"","format":"standard","meta":{"advanced_seo_description":"","jetpack_seo_html_title":"","jetpack_seo_noindex":false,"jetpack_post_was_ever_published":false,"_jetpack_newsletter_access":"","_jetpack_dont_email_post_to_subs":false,"_jetpack_newsletter_tier_id":0,"_jetpack_memberships_contains_paywalled_content":false,"_jetpack_memberships_contains_paid_content":false,"footnotes":"","jetpack_publicize_message":"","jetpack_publicize_feature_enabled":true,"jetpack_social_post_already_shared":true,"jetpack_social_options":{"image_generator_settings":{"template":"highway","default_image_id":0,"font":"","enabled":false},"version":2}},"categories":[19],"tags":[],"class_list":["post-8671","post","type-post","status-publish","format-standard","has-post-thumbnail","hentry","category-variedades"],"jetpack_publicize_connections":[],"jetpack_featured_media_url":"https:\/\/i0.wp.com\/noticiasribeiraopreto.com.br\/wp-content\/uploads\/2023\/11\/dsc-5899-scaled.jpg?fit=1200%2C638&ssl=1","jetpack-related-posts":[{"id":18192,"url":"https:\/\/noticiasribeiraopreto.com.br\/index.php\/2023\/12\/19\/como-e-a-ceia-de-quem-nao-come-carne-meu-valor-digital\/","url_meta":{"origin":8671,"position":0},"title":"Como \u00e9 a ceia de quem n\u00e3o come carne? &#8211; Meu Valor Digital","author":"noticiasribeiraopreto.com.br","date":"19 de December de 2023","format":false,"excerpt":"Para as pessoas que n\u00e3o comem carne na ceia de Natal e Ano Novo pode ser uma tortura! Na maioria das vezes os pratos para quem n\u00e3o comem carne se limita a salada mais elaborada ou massas recheadas. Para quem \u00e9 vegetariano fugir do b\u00e1sico nas comemora\u00e7\u00f5es de fim de\u2026","rel":"","context":"In &quot;Vagas de Emprego em Ribeir\u00e3o Preto-SP&quot;","block_context":{"text":"Vagas de Emprego em Ribeir\u00e3o Preto-SP","link":"https:\/\/noticiasribeiraopreto.com.br\/index.php\/category\/empregos-classificados-vagas-trabalho\/vagas-de-empregos-em-ribeirao-preto-regiao-brasil\/"},"img":{"alt_text":"","src":"https:\/\/i0.wp.com\/noticiasribeiraopreto.com.br\/wp-content\/uploads\/2023\/12\/5-Natal-sem-Carne.jpg?fit=1200%2C773&ssl=1&resize=350%2C200","width":350,"height":200,"srcset":"https:\/\/i0.wp.com\/noticiasribeiraopreto.com.br\/wp-content\/uploads\/2023\/12\/5-Natal-sem-Carne.jpg?fit=1200%2C773&ssl=1&resize=350%2C200 1x, https:\/\/i0.wp.com\/noticiasribeiraopreto.com.br\/wp-content\/uploads\/2023\/12\/5-Natal-sem-Carne.jpg?fit=1200%2C773&ssl=1&resize=525%2C300 1.5x, https:\/\/i0.wp.com\/noticiasribeiraopreto.com.br\/wp-content\/uploads\/2023\/12\/5-Natal-sem-Carne.jpg?fit=1200%2C773&ssl=1&resize=700%2C400 2x, https:\/\/i0.wp.com\/noticiasribeiraopreto.com.br\/wp-content\/uploads\/2023\/12\/5-Natal-sem-Carne.jpg?fit=1200%2C773&ssl=1&resize=1050%2C600 3x"},"classes":[]},{"id":12337,"url":"https:\/\/noticiasribeiraopreto.com.br\/index.php\/2023\/12\/07\/qual-o-prato-mais-pedido-na-ceia-de-natal-meu-valor-digital\/","url_meta":{"origin":8671,"position":1},"title":"Qual o prato mais pedido na ceia de Natal? &#8211; Meu Valor Digital","author":"noticiasribeiraopreto.com.br","date":"7 de December de 2023","format":false,"excerpt":"A noite da v\u00e9spera de Natal tem momentos memor\u00e1veis. Aquele tio que exagera na bebida e faz brincadeiras irritantes. Tem a crian\u00e7ada agitada e ansiosa pela chegada de Papai Noel. E tem tamb\u00e9m a m\u00e3e e av\u00f3 preparando del\u00edcias para ceia. Essa agita\u00e7\u00e3o acaba sendo compensada com muitas gostosuras que\u2026","rel":"","context":"In &quot;Vagas de Emprego em Ribeir\u00e3o Preto-SP&quot;","block_context":{"text":"Vagas de Emprego em Ribeir\u00e3o Preto-SP","link":"https:\/\/noticiasribeiraopreto.com.br\/index.php\/category\/empregos-classificados-vagas-trabalho\/vagas-de-empregos-em-ribeirao-preto-regiao-brasil\/"},"img":{"alt_text":"","src":"https:\/\/i0.wp.com\/noticiasribeiraopreto.com.br\/wp-content\/uploads\/2023\/12\/Ceia-de-Natal-1.jpg?fit=1200%2C773&ssl=1&resize=350%2C200","width":350,"height":200,"srcset":"https:\/\/i0.wp.com\/noticiasribeiraopreto.com.br\/wp-content\/uploads\/2023\/12\/Ceia-de-Natal-1.jpg?fit=1200%2C773&ssl=1&resize=350%2C200 1x, https:\/\/i0.wp.com\/noticiasribeiraopreto.com.br\/wp-content\/uploads\/2023\/12\/Ceia-de-Natal-1.jpg?fit=1200%2C773&ssl=1&resize=525%2C300 1.5x, https:\/\/i0.wp.com\/noticiasribeiraopreto.com.br\/wp-content\/uploads\/2023\/12\/Ceia-de-Natal-1.jpg?fit=1200%2C773&ssl=1&resize=700%2C400 2x, https:\/\/i0.wp.com\/noticiasribeiraopreto.com.br\/wp-content\/uploads\/2023\/12\/Ceia-de-Natal-1.jpg?fit=1200%2C773&ssl=1&resize=1050%2C600 3x"},"classes":[]},{"id":13567,"url":"https:\/\/noticiasribeiraopreto.com.br\/index.php\/2023\/12\/10\/como-economizar-na-ceia-de-natal-veja-5-dicas-incriveis\/","url_meta":{"origin":8671,"position":2},"title":"Como economizar na Ceia de Natal? Veja 5 dicas incr\u00edveis","author":"noticiasribeiraopreto.com.br","date":"10 de December de 2023","format":false,"excerpt":"O Natal \u00e9 uma das datas mais esperadas do ano, pois \u00e9 um momento de reunir a fam\u00edlia e os amigos, trocar presentes e compartilhar uma ceia deliciosa. Mas, ao mesmo tempo, \u00e9 uma \u00e9poca que gera muitos gastos, podendo apertar o or\u00e7amento de dezembro. Por isso, muitas pessoas buscam\u2026","rel":"","context":"In &quot;Vagas de Emprego em Ribeir\u00e3o Preto-SP&quot;","block_context":{"text":"Vagas de Emprego em Ribeir\u00e3o Preto-SP","link":"https:\/\/noticiasribeiraopreto.com.br\/index.php\/category\/empregos-classificados-vagas-trabalho\/vagas-de-empregos-em-ribeirao-preto-regiao-brasil\/"},"img":{"alt_text":"","src":"https:\/\/i0.wp.com\/noticiasribeiraopreto.com.br\/wp-content\/uploads\/2023\/12\/noticiasconcursos.com_.br-como-economizar-na-ceia-de-natal-veja-5-dicas-incriveis-reproducao-canva-16.jpg?fit=1200%2C800&ssl=1&resize=350%2C200","width":350,"height":200,"srcset":"https:\/\/i0.wp.com\/noticiasribeiraopreto.com.br\/wp-content\/uploads\/2023\/12\/noticiasconcursos.com_.br-como-economizar-na-ceia-de-natal-veja-5-dicas-incriveis-reproducao-canva-16.jpg?fit=1200%2C800&ssl=1&resize=350%2C200 1x, https:\/\/i0.wp.com\/noticiasribeiraopreto.com.br\/wp-content\/uploads\/2023\/12\/noticiasconcursos.com_.br-como-economizar-na-ceia-de-natal-veja-5-dicas-incriveis-reproducao-canva-16.jpg?fit=1200%2C800&ssl=1&resize=525%2C300 1.5x, https:\/\/i0.wp.com\/noticiasribeiraopreto.com.br\/wp-content\/uploads\/2023\/12\/noticiasconcursos.com_.br-como-economizar-na-ceia-de-natal-veja-5-dicas-incriveis-reproducao-canva-16.jpg?fit=1200%2C800&ssl=1&resize=700%2C400 2x, https:\/\/i0.wp.com\/noticiasribeiraopreto.com.br\/wp-content\/uploads\/2023\/12\/noticiasconcursos.com_.br-como-economizar-na-ceia-de-natal-veja-5-dicas-incriveis-reproducao-canva-16.jpg?fit=1200%2C800&ssl=1&resize=1050%2C600 3x"},"classes":[]},{"id":20532,"url":"https:\/\/noticiasribeiraopreto.com.br\/index.php\/2023\/12\/25\/pai-e-filho-perderam-suas-vidas-abracados-durante-ceia-de-natal-no-pr-video-flagrou-tragico-momento\/","url_meta":{"origin":8671,"position":3},"title":"Pai e filho perderam suas vidas abra\u00e7ados durante ceia de Natal no PR; v\u00eddeo flagrou tr\u00e1gico momento","author":"noticiasribeiraopreto.com.br","date":"25 de December de 2023","format":false,"excerpt":"A trag\u00e9dia que assolou uma fam\u00edlia durante a ceia de Natal em Maring\u00e1, no norte do Paran\u00e1, revelou-se ainda mais devastadora com a descoberta dos corpos de pai e filho, encontrados abra\u00e7ados na casa onde tr\u00eas membros da mesma fam\u00edlia perderam a vida.O atentado, ocorrido neste \u00faltimo domingo, dia 24\u2026","rel":"","context":"In &quot;Blog&quot;","block_context":{"text":"Blog","link":"https:\/\/noticiasribeiraopreto.com.br\/index.php\/category\/blog\/"},"img":{"alt_text":"","src":"https:\/\/i0.wp.com\/noticiasribeiraopreto.com.br\/wp-content\/uploads\/2023\/12\/postimg-658a0af8b81599786.jpg?fit=1200%2C628&ssl=1&resize=350%2C200","width":350,"height":200,"srcset":"https:\/\/i0.wp.com\/noticiasribeiraopreto.com.br\/wp-content\/uploads\/2023\/12\/postimg-658a0af8b81599786.jpg?fit=1200%2C628&ssl=1&resize=350%2C200 1x, https:\/\/i0.wp.com\/noticiasribeiraopreto.com.br\/wp-content\/uploads\/2023\/12\/postimg-658a0af8b81599786.jpg?fit=1200%2C628&ssl=1&resize=525%2C300 1.5x, https:\/\/i0.wp.com\/noticiasribeiraopreto.com.br\/wp-content\/uploads\/2023\/12\/postimg-658a0af8b81599786.jpg?fit=1200%2C628&ssl=1&resize=700%2C400 2x, https:\/\/i0.wp.com\/noticiasribeiraopreto.com.br\/wp-content\/uploads\/2023\/12\/postimg-658a0af8b81599786.jpg?fit=1200%2C628&ssl=1&resize=1050%2C600 3x"},"classes":[]},{"id":61857,"url":"https:\/\/noticiasribeiraopreto.com.br\/index.php\/2024\/12\/25\/funcionarios-da-rede-municipal-de-saude-em-ribeirao-ficam-sem-comida-na-noite-de-natal-entenda-o-motivo\/","url_meta":{"origin":8671,"position":4},"title":"Funcion\u00e1rios da rede municipal de Sa\u00fade em Ribeir\u00e3o ficam sem comida na noite de Natal; Entenda o motivo","author":"noticiasribeiraopreto.com.br","date":"25 de December de 2024","format":false,"excerpt":"Servidores das UPAs de Ribeir\u00e3o Preto ficaram sem receber a comida no plant\u00e3o da noite de Natal, nesta ter\u00e7a-feira (24). A Secretaria Municipal da Sa\u00fade de Ribeir\u00e3o informou, por meio de nota, que a empresa contratada ap\u00f3s licita\u00e7\u00e3o para fornecer a ceia de Natal nas UPAs e outras unidades administradas\u2026","rel":"","context":"In &quot;Not\u00edcias de Ribeir\u00e3o Preto-SP e Regi\u00e3o&quot;","block_context":{"text":"Not\u00edcias de Ribeir\u00e3o Preto-SP e Regi\u00e3o","link":"https:\/\/noticiasribeiraopreto.com.br\/index.php\/category\/noticias-de-ribeirao-preto-sp-e-regiao-ismael-colosi\/"},"img":{"alt_text":"","src":"https:\/\/i0.wp.com\/noticiasribeiraopreto.com.br\/wp-content\/uploads\/2024\/12\/upa_oeste_1024x576_04112020114329.jpg?fit=1024%2C575&ssl=1&resize=350%2C200","width":350,"height":200,"srcset":"https:\/\/i0.wp.com\/noticiasribeiraopreto.com.br\/wp-content\/uploads\/2024\/12\/upa_oeste_1024x576_04112020114329.jpg?fit=1024%2C575&ssl=1&resize=350%2C200 1x, https:\/\/i0.wp.com\/noticiasribeiraopreto.com.br\/wp-content\/uploads\/2024\/12\/upa_oeste_1024x576_04112020114329.jpg?fit=1024%2C575&ssl=1&resize=525%2C300 1.5x, https:\/\/i0.wp.com\/noticiasribeiraopreto.com.br\/wp-content\/uploads\/2024\/12\/upa_oeste_1024x576_04112020114329.jpg?fit=1024%2C575&ssl=1&resize=700%2C400 2x"},"classes":[]},{"id":20997,"url":"https:\/\/noticiasribeiraopreto.com.br\/index.php\/2023\/12\/26\/bom-prato-abre-no-natal-pela-primeira-vez\/","url_meta":{"origin":8671,"position":5},"title":"Bom Prato abre no Natal pela primeira vez","author":"noticiasribeiraopreto.com.br","date":"26 de December de 2023","format":false,"excerpt":"26 de dezembro de 2023 | 15:50 0Pela primeira vez na hist\u00f3ria do programa Bom Prato, restaurantes abrem na v\u00e9spera e dia de Natal, garantindo uma ceia especial para milhares de pessoas a 1 real. Em Ribeir\u00e3o Preto, as unidades do Centro e HC funcionaram das 12h \u00e0s 15h nos\u2026","rel":"","context":"In &quot;Not\u00edcias de Ribeir\u00e3o Preto-SP e Regi\u00e3o&quot;","block_context":{"text":"Not\u00edcias de Ribeir\u00e3o Preto-SP e Regi\u00e3o","link":"https:\/\/noticiasribeiraopreto.com.br\/index.php\/category\/noticias-de-ribeirao-preto-sp-e-regiao-ismael-colosi\/"},"img":{"alt_text":"","src":"https:\/\/i0.wp.com\/noticiasribeiraopreto.com.br\/wp-content\/uploads\/2023\/12\/bom_prato_natal4-scaled.jpeg?fit=860%2C645&ssl=1&resize=350%2C200","width":350,"height":200,"srcset":"https:\/\/i0.wp.com\/noticiasribeiraopreto.com.br\/wp-content\/uploads\/2023\/12\/bom_prato_natal4-scaled.jpeg?fit=860%2C645&ssl=1&resize=350%2C200 1x, https:\/\/i0.wp.com\/noticiasribeiraopreto.com.br\/wp-content\/uploads\/2023\/12\/bom_prato_natal4-scaled.jpeg?fit=860%2C645&ssl=1&resize=525%2C300 1.5x, https:\/\/i0.wp.com\/noticiasribeiraopreto.com.br\/wp-content\/uploads\/2023\/12\/bom_prato_natal4-scaled.jpeg?fit=860%2C645&ssl=1&resize=700%2C400 2x"},"classes":[]}],"jetpack_sharing_enabled":true,"jetpack_shortlink":"https:\/\/wp.me\/peQAOb-2fR","_links":{"self":[{"href":"https:\/\/noticiasribeiraopreto.com.br\/index.php\/wp-json\/wp\/v2\/posts\/8671","targetHints":{"allow":["GET"]}}],"collection":[{"href":"https:\/\/noticiasribeiraopreto.com.br\/index.php\/wp-json\/wp\/v2\/posts"}],"about":[{"href":"https:\/\/noticiasribeiraopreto.com.br\/index.php\/wp-json\/wp\/v2\/types\/post"}],"author":[{"embeddable":true,"href":"https:\/\/noticiasribeiraopreto.com.br\/index.php\/wp-json\/wp\/v2\/users\/1"}],"replies":[{"embeddable":true,"href":"https:\/\/noticiasribeiraopreto.com.br\/index.php\/wp-json\/wp\/v2\/comments?post=8671"}],"version-history":[{"count":0,"href":"https:\/\/noticiasribeiraopreto.com.br\/index.php\/wp-json\/wp\/v2\/posts\/8671\/revisions"}],"wp:featuredmedia":[{"embeddable":true,"href":"https:\/\/noticiasribeiraopreto.com.br\/index.php\/wp-json\/wp\/v2\/media\/8672"}],"wp:attachment":[{"href":"https:\/\/noticiasribeiraopreto.com.br\/index.php\/wp-json\/wp\/v2\/media?parent=8671"}],"wp:term":[{"taxonomy":"category","embeddable":true,"href":"https:\/\/noticiasribeiraopreto.com.br\/index.php\/wp-json\/wp\/v2\/categories?post=8671"},{"taxonomy":"post_tag","embeddable":true,"href":"https:\/\/noticiasribeiraopreto.com.br\/index.php\/wp-json\/wp\/v2\/tags?post=8671"}],"curies":[{"name":"wp","href":"https:\/\/api.w.org\/{rel}","templated":true}]}}