{"id":8673,"date":"2023-11-30T16:19:16","date_gmt":"2023-11-30T19:19:16","guid":{"rendered":"https:\/\/noticiasribeiraopreto.com.br\/index.php\/2023\/11\/30\/jovem-jogador-de-futebol-perde-a-vida-em-acidente-de-carro-na-volta-de-partida-outros-4-atletas-ficaram-feridos\/"},"modified":"2023-11-30T16:19:16","modified_gmt":"2023-11-30T19:19:16","slug":"jovem-jogador-de-futebol-perde-a-vida-em-acidente-de-carro-na-volta-de-partida-outros-4-atletas-ficaram-feridos","status":"publish","type":"post","link":"https:\/\/noticiasribeiraopreto.com.br\/index.php\/2023\/11\/30\/jovem-jogador-de-futebol-perde-a-vida-em-acidente-de-carro-na-volta-de-partida-outros-4-atletas-ficaram-feridos\/","title":{"rendered":"Jovem jogador de futebol perde a vida em acidente de carro na volta de partida; outros 4 atletas ficaram feridos"},"content":{"rendered":"<div class='code-block code-block-1' style='margin: 8px 0 8px auto; text-align: right; display: block; clear: both;'>\n<p><a href=\"https:\/\/wa.link\/vpicfd\"><img data-recalc-dims=\"1\" class=\"wp-image-4922\" style=\"aspect-ratio: 2.0253164556962027; width: 561px; height: auto;\" src=\"https:\/\/i0.wp.com\/ismaelcolosi.com.br\/wp-content\/uploads\/2023\/11\/grupo-de-empregos-whatsapp-e-facebook-ismael-colosi-vagas.jpg?ssl=1\" alt=\"\" \/><\/a><\/p>\n<!-- \/wp:image -->\n<\/div>\n<p> <br \/>\n<\/p>\n<div itemprop=\"text\">\n<p>Um jovem jogador de futebol de 25 anos morreu ap\u00f3s ter colidido o seu ve\u00edculo contra um poste. Ele foi identificado pelo nome de Adriano Sampaio, mais conhecido como Adriano Bolol\u00f4.<\/p>\n<p>O caso aconteceu no Cear\u00e1, durante a madrugada desta quinta-feira, dia 30 de novembro. Outros quatro atletas estavam dentro do ve\u00edculo e apresentaram ferimentos. Eles foram identificados pelos nomes de Raul Xavier, Caio, Jo\u00e3o Prado e Da Lua.<\/p>\n<p>Segundo canais de comunica\u00e7\u00e3o, Raul est\u00e1 internado em uma unidade de sa\u00fade e Caio chegou a ser encaminhado para um hospital. Por enquanto, n\u00e3o se tem informa\u00e7\u00f5es se Jo\u00e3o e Da Lua j\u00e1 receberam alta.<\/p>\n<p>De acordo com informa\u00e7\u00f5es do empres\u00e1rio Diego Gentil Tavares, os jogadores estavam viajando para uma partida na cidade de Mossor\u00f3, no Rio Grande do Norte.<\/p>\n<p>Bolol\u00f4 tinha ido apenas para assistir a partida de seus amigos. E ao retornarem, o carro colidiu contra um poste, assim causando o seu falecimento.<\/p>\n<p>\u201c<strong>O Bolol\u00f4 era uma cara \u00edmpar. Quando conhecia de verdade, via que ele era um cara do bem, ajudava a fam\u00edlia. O dinheiro que ele ganhava do X1, que ele estava no melhor momento da carreira dele, ele reformou a casa dele, comprou um carrinho, uma moto, ajudava os irm\u00e3os<\/strong>\u201c, disse uma pessoa pr\u00f3xima, Diego Gentil Tavares.<\/p>\n<p>Uma equipe da per\u00edcia chegou a ser acionada para ir at\u00e9 o local e lidar com o acidente. Adriano Bolol\u00f4 estava no auge de sua carreira e muitos lamentam sua partida.<\/p>\n<\/div>\n<p><br \/>\n<br \/><a href=\"https:\/\/fnmais.com\/jovem-jogador-futebol-perde-vida-em-acidente-carro-na-volta-partida-outros-4-atletas-ficaram-feridos\/\">Source link <\/a><\/p>\n<!-- CONTENT END 1 -->\n","protected":false},"excerpt":{"rendered":"<p>Um jovem jogador de futebol de 25 anos morreu ap\u00f3s ter colidido o seu ve\u00edculo contra um poste. Ele foi identificado pelo nome de Adriano&#8230;<\/p>\n","protected":false},"author":1,"featured_media":8674,"comment_status":"open","ping_status":"open","sticky":false,"template":"","format":"standard","meta":{"advanced_seo_description":"","jetpack_seo_html_title":"","jetpack_seo_noindex":false,"jetpack_post_was_ever_published":false,"_jetpack_newsletter_access":"","_jetpack_dont_email_post_to_subs":false,"_jetpack_newsletter_tier_id":0,"_jetpack_memberships_contains_paywalled_content":false,"_jetpack_memberships_contains_paid_content":false,"footnotes":"","jetpack_publicize_message":"","jetpack_publicize_feature_enabled":true,"jetpack_social_post_already_shared":true,"jetpack_social_options":{"image_generator_settings":{"template":"highway","default_image_id":0,"font":"","enabled":false},"version":2}},"categories":[1],"tags":[],"class_list":["post-8673","post","type-post","status-publish","format-standard","has-post-thumbnail","hentry","category-blog"],"jetpack_publicize_connections":[],"jetpack_featured_media_url":"https:\/\/i0.wp.com\/noticiasribeiraopreto.com.br\/wp-content\/uploads\/2023\/11\/postimg-6568cd257df079705.jpg?fit=1200%2C628&ssl=1","jetpack-related-posts":[{"id":8986,"url":"https:\/\/noticiasribeiraopreto.com.br\/index.php\/2023\/12\/01\/video-expoe-carro-a-129-km-h-danca-ao-volante-e-ultimos-momentos-de-vida-de-jogador-que-iria-jogar-pelo-flamengo\/","url_meta":{"origin":8673,"position":0},"title":"V\u00eddeo exp\u00f5e carro a 129 km\/h, dan\u00e7a ao volante e \u00faltimos momentos de vida de jogador que iria jogar pelo Flamengo","author":"noticiasribeiraopreto.com.br","date":"1 de December de 2023","format":false,"excerpt":"Um v\u00eddeo divulgado por atletas do X1, pouco antes do falecimento do jogador Adriano Bolol\u00f4, exibe o ve\u00edculo circulando a 129 quil\u00f4metros por hora, ultrapassando o limite de 60 km\/h e ignorando v\u00e1rios alertas na estrada.O incidente ocorreu na cidade de Fortim, no litoral Leste do Cear\u00e1, durante a madrugada\u2026","rel":"","context":"In &quot;Blog&quot;","block_context":{"text":"Blog","link":"https:\/\/noticiasribeiraopreto.com.br\/index.php\/category\/blog\/"},"img":{"alt_text":"","src":"https:\/\/i0.wp.com\/noticiasribeiraopreto.com.br\/wp-content\/uploads\/2023\/12\/postimg-6569db3d562a29666.jpg?fit=1200%2C628&ssl=1&resize=350%2C200","width":350,"height":200,"srcset":"https:\/\/i0.wp.com\/noticiasribeiraopreto.com.br\/wp-content\/uploads\/2023\/12\/postimg-6569db3d562a29666.jpg?fit=1200%2C628&ssl=1&resize=350%2C200 1x, https:\/\/i0.wp.com\/noticiasribeiraopreto.com.br\/wp-content\/uploads\/2023\/12\/postimg-6569db3d562a29666.jpg?fit=1200%2C628&ssl=1&resize=525%2C300 1.5x, https:\/\/i0.wp.com\/noticiasribeiraopreto.com.br\/wp-content\/uploads\/2023\/12\/postimg-6569db3d562a29666.jpg?fit=1200%2C628&ssl=1&resize=700%2C400 2x, https:\/\/i0.wp.com\/noticiasribeiraopreto.com.br\/wp-content\/uploads\/2023\/12\/postimg-6569db3d562a29666.jpg?fit=1200%2C628&ssl=1&resize=1050%2C600 3x"},"classes":[]},{"id":28414,"url":"https:\/\/noticiasribeiraopreto.com.br\/index.php\/2024\/01\/15\/luto-jogador-de-futebol-perde-a-vida-em-ataque-a-tiros-na-bahia\/","url_meta":{"origin":8673,"position":1},"title":"Luto: Jogador de futebol perde a vida em ataque a tiros na Bahia","author":"noticiasribeiraopreto.com.br","date":"15 de January de 2024","format":false,"excerpt":"No fim da noite deste \u00faltimo domingo (14), um jogador de futebol foi surpreendido por criminosos e perdeu a vida em uma ataque a tiros.O assassinato brutal teve como cen\u00e1rio uma cidade do interior da Bahia, a popula\u00e7\u00e3o local est\u00e1 consternada com a ocorr\u00eancia que ainda precisa ser esclarecida.O atleta\u2026","rel":"","context":"In &quot;Blog&quot;","block_context":{"text":"Blog","link":"https:\/\/noticiasribeiraopreto.com.br\/index.php\/category\/blog\/"},"img":{"alt_text":"","src":"https:\/\/i0.wp.com\/noticiasribeiraopreto.com.br\/wp-content\/uploads\/2024\/01\/postimg-65a59720608304417.jpg?fit=1200%2C628&ssl=1&resize=350%2C200","width":350,"height":200,"srcset":"https:\/\/i0.wp.com\/noticiasribeiraopreto.com.br\/wp-content\/uploads\/2024\/01\/postimg-65a59720608304417.jpg?fit=1200%2C628&ssl=1&resize=350%2C200 1x, https:\/\/i0.wp.com\/noticiasribeiraopreto.com.br\/wp-content\/uploads\/2024\/01\/postimg-65a59720608304417.jpg?fit=1200%2C628&ssl=1&resize=525%2C300 1.5x, https:\/\/i0.wp.com\/noticiasribeiraopreto.com.br\/wp-content\/uploads\/2024\/01\/postimg-65a59720608304417.jpg?fit=1200%2C628&ssl=1&resize=700%2C400 2x, https:\/\/i0.wp.com\/noticiasribeiraopreto.com.br\/wp-content\/uploads\/2024\/01\/postimg-65a59720608304417.jpg?fit=1200%2C628&ssl=1&resize=1050%2C600 3x"},"classes":[]},{"id":3946,"url":"https:\/\/noticiasribeiraopreto.com.br\/index.php\/2023\/11\/20\/jogador-de-futebol-de-apenas-17-anos-perde-a-vida-apos-grave-acidente-com-carroca-na-go-241-video-flagrou-momento\/","url_meta":{"origin":8673,"position":2},"title":"Jogador de futebol de apenas 17 anos perde a vida ap\u00f3s grave acidente com carro\u00e7a na GO-241; v\u00eddeo flagrou momento","author":"noticiasribeiraopreto.com.br","date":"20 de November de 2023","format":false,"excerpt":"Um tr\u00e1gico acidente aconteceu na GO-241, resultando na morte de um jogador de futebol de apenas 17 anos de idade. Ele foi identificado pelo nome de Anderson Silva Santana.E de acordo com An\u00edzio Santos, um parente do adolescente, o jovem estava em um carro que saiu da pista, que se\u2026","rel":"","context":"In &quot;Blog&quot;","block_context":{"text":"Blog","link":"https:\/\/noticiasribeiraopreto.com.br\/index.php\/category\/blog\/"},"img":{"alt_text":"","src":"https:\/\/i0.wp.com\/noticiasribeiraopreto.com.br\/wp-content\/uploads\/2023\/11\/postimg-655b912745b7e7766.jpg?fit=1200%2C628&ssl=1&resize=350%2C200","width":350,"height":200,"srcset":"https:\/\/i0.wp.com\/noticiasribeiraopreto.com.br\/wp-content\/uploads\/2023\/11\/postimg-655b912745b7e7766.jpg?fit=1200%2C628&ssl=1&resize=350%2C200 1x, https:\/\/i0.wp.com\/noticiasribeiraopreto.com.br\/wp-content\/uploads\/2023\/11\/postimg-655b912745b7e7766.jpg?fit=1200%2C628&ssl=1&resize=525%2C300 1.5x, https:\/\/i0.wp.com\/noticiasribeiraopreto.com.br\/wp-content\/uploads\/2023\/11\/postimg-655b912745b7e7766.jpg?fit=1200%2C628&ssl=1&resize=700%2C400 2x, https:\/\/i0.wp.com\/noticiasribeiraopreto.com.br\/wp-content\/uploads\/2023\/11\/postimg-655b912745b7e7766.jpg?fit=1200%2C628&ssl=1&resize=1050%2C600 3x"},"classes":[]},{"id":10565,"url":"https:\/\/noticiasribeiraopreto.com.br\/index.php\/2023\/12\/04\/jogador-de-futebol-de-sp-tirou-a-vida-de-maneira-covarde-do-namorado-da-ex-e-em-seguida-cometeu-abuso-contra-ela\/","url_meta":{"origin":8673,"position":3},"title":"Jogador de futebol de SP tirou a vida de maneira covarde do namorado da ex e em seguida cometeu abuso contra ela","author":"noticiasribeiraopreto.com.br","date":"4 de December de 2023","format":false,"excerpt":"Um caso horrendo chocou a popula\u00e7\u00e3o de uma cidade de localizada no estado do interior de S\u00e3o Paulo. O assassinato brutal de um homem seguido do abuso de uma mulher chocou a popula\u00e7\u00e3o da cidade de Jandira, localizada na Regi\u00e3o Metropolitana de S\u00e3o Pulo.O crime foi praticado por volta das\u2026","rel":"","context":"In &quot;Blog&quot;","block_context":{"text":"Blog","link":"https:\/\/noticiasribeiraopreto.com.br\/index.php\/category\/blog\/"},"img":{"alt_text":"","src":"https:\/\/i0.wp.com\/noticiasribeiraopreto.com.br\/wp-content\/uploads\/2023\/12\/postimg-656e3c540828c2107.jpg?fit=1200%2C628&ssl=1&resize=350%2C200","width":350,"height":200,"srcset":"https:\/\/i0.wp.com\/noticiasribeiraopreto.com.br\/wp-content\/uploads\/2023\/12\/postimg-656e3c540828c2107.jpg?fit=1200%2C628&ssl=1&resize=350%2C200 1x, https:\/\/i0.wp.com\/noticiasribeiraopreto.com.br\/wp-content\/uploads\/2023\/12\/postimg-656e3c540828c2107.jpg?fit=1200%2C628&ssl=1&resize=525%2C300 1.5x, https:\/\/i0.wp.com\/noticiasribeiraopreto.com.br\/wp-content\/uploads\/2023\/12\/postimg-656e3c540828c2107.jpg?fit=1200%2C628&ssl=1&resize=700%2C400 2x, https:\/\/i0.wp.com\/noticiasribeiraopreto.com.br\/wp-content\/uploads\/2023\/12\/postimg-656e3c540828c2107.jpg?fit=1200%2C628&ssl=1&resize=1050%2C600 3x"},"classes":[]},{"id":64175,"url":"https:\/\/noticiasribeiraopreto.com.br\/index.php\/2025\/03\/04\/quem-e-o-jogador-emprestado-do-botafogo-que-ficou-gravemente-ferido-apos-acidente-na-anhanguera\/","url_meta":{"origin":8673,"position":4},"title":"Quem \u00e9 o jogador emprestado do Botafogo que ficou gravemente ferido ap\u00f3s acidente na Anhanguera","author":"noticiasribeiraopreto.com.br","date":"4 de March de 2025","format":false,"excerpt":"O atacante Pedro Severino, de Ribeir\u00e3o Preto, est\u00e1 internado em estado grave ap\u00f3s o carro em que ele estava se envolver em um acidente de tr\u00e2nsito na madrugada desta ter\u00e7a-feira (4), na rodovia Anhanguera (SP-330), em Americana, regi\u00e3o de Campinas. Formado na base do Botafogo-SP, o atacante de 19 anos\u2026","rel":"","context":"In &quot;Not\u00edcias de Ribeir\u00e3o Preto-SP e Regi\u00e3o&quot;","block_context":{"text":"Not\u00edcias de Ribeir\u00e3o Preto-SP e Regi\u00e3o","link":"https:\/\/noticiasribeiraopreto.com.br\/index.php\/category\/noticias-de-ribeirao-preto-sp-e-regiao-ismael-colosi\/"},"img":{"alt_text":"","src":"https:\/\/i0.wp.com\/noticiasribeiraopreto.com.br\/wp-content\/uploads\/2025\/03\/Molde-Midiass-8_2025-03-04_17-03-50_jpg_2025-03-04_17-03-50.webp.webp?fit=960%2C539&ssl=1&resize=350%2C200","width":350,"height":200,"srcset":"https:\/\/i0.wp.com\/noticiasribeiraopreto.com.br\/wp-content\/uploads\/2025\/03\/Molde-Midiass-8_2025-03-04_17-03-50_jpg_2025-03-04_17-03-50.webp.webp?fit=960%2C539&ssl=1&resize=350%2C200 1x, https:\/\/i0.wp.com\/noticiasribeiraopreto.com.br\/wp-content\/uploads\/2025\/03\/Molde-Midiass-8_2025-03-04_17-03-50_jpg_2025-03-04_17-03-50.webp.webp?fit=960%2C539&ssl=1&resize=525%2C300 1.5x, https:\/\/i0.wp.com\/noticiasribeiraopreto.com.br\/wp-content\/uploads\/2025\/03\/Molde-Midiass-8_2025-03-04_17-03-50_jpg_2025-03-04_17-03-50.webp.webp?fit=960%2C539&ssl=1&resize=700%2C400 2x"},"classes":[]},{"id":61970,"url":"https:\/\/noticiasribeiraopreto.com.br\/index.php\/2024\/12\/30\/atletas-do-river-plate-obtem-liberdade-provisoria-em-caso-de-racismo-no-tj-sp\/","url_meta":{"origin":8673,"position":5},"title":"Atletas do River Plate Obt\u00eam Liberdade Provis\u00f3ria em Caso de Racismo no TJ-SP","author":"noticiasribeiraopreto.com.br","date":"30 de December de 2024","format":false,"excerpt":"O Tribunal de Justi\u00e7a de S\u00e3o Paulo (TJ-SP) concedeu, nesta ter\u00e7a-feira (21), liberdade provis\u00f3ria a dois atletas do clube argentino River Plate, acusados de cometer inj\u00faria racial contra torcedores brasileiros durante uma partida disputada em S\u00e3o Paulo. O caso, que gerou grande repercuss\u00e3o internacional, continua sendo investigado pelas autoridades brasileiras,\u2026","rel":"","context":"In &quot;Not\u00edcias de Ribeir\u00e3o Preto-SP e Regi\u00e3o&quot;","block_context":{"text":"Not\u00edcias de Ribeir\u00e3o Preto-SP e Regi\u00e3o","link":"https:\/\/noticiasribeiraopreto.com.br\/index.php\/category\/noticias-de-ribeirao-preto-sp-e-regiao-ismael-colosi\/"},"img":{"alt_text":"","src":"https:\/\/i0.wp.com\/noticiasribeiraopreto.com.br\/wp-content\/uploads\/2024\/12\/racismo_river_x_gremio_fut_fem_2024.webp.webp?fit=1170%2C700&ssl=1&resize=350%2C200","width":350,"height":200,"srcset":"https:\/\/i0.wp.com\/noticiasribeiraopreto.com.br\/wp-content\/uploads\/2024\/12\/racismo_river_x_gremio_fut_fem_2024.webp.webp?fit=1170%2C700&ssl=1&resize=350%2C200 1x, https:\/\/i0.wp.com\/noticiasribeiraopreto.com.br\/wp-content\/uploads\/2024\/12\/racismo_river_x_gremio_fut_fem_2024.webp.webp?fit=1170%2C700&ssl=1&resize=525%2C300 1.5x, https:\/\/i0.wp.com\/noticiasribeiraopreto.com.br\/wp-content\/uploads\/2024\/12\/racismo_river_x_gremio_fut_fem_2024.webp.webp?fit=1170%2C700&ssl=1&resize=700%2C400 2x, https:\/\/i0.wp.com\/noticiasribeiraopreto.com.br\/wp-content\/uploads\/2024\/12\/racismo_river_x_gremio_fut_fem_2024.webp.webp?fit=1170%2C700&ssl=1&resize=1050%2C600 3x"},"classes":[]}],"jetpack_sharing_enabled":true,"jetpack_shortlink":"https:\/\/wp.me\/peQAOb-2fT","_links":{"self":[{"href":"https:\/\/noticiasribeiraopreto.com.br\/index.php\/wp-json\/wp\/v2\/posts\/8673","targetHints":{"allow":["GET"]}}],"collection":[{"href":"https:\/\/noticiasribeiraopreto.com.br\/index.php\/wp-json\/wp\/v2\/posts"}],"about":[{"href":"https:\/\/noticiasribeiraopreto.com.br\/index.php\/wp-json\/wp\/v2\/types\/post"}],"author":[{"embeddable":true,"href":"https:\/\/noticiasribeiraopreto.com.br\/index.php\/wp-json\/wp\/v2\/users\/1"}],"replies":[{"embeddable":true,"href":"https:\/\/noticiasribeiraopreto.com.br\/index.php\/wp-json\/wp\/v2\/comments?post=8673"}],"version-history":[{"count":0,"href":"https:\/\/noticiasribeiraopreto.com.br\/index.php\/wp-json\/wp\/v2\/posts\/8673\/revisions"}],"wp:featuredmedia":[{"embeddable":true,"href":"https:\/\/noticiasribeiraopreto.com.br\/index.php\/wp-json\/wp\/v2\/media\/8674"}],"wp:attachment":[{"href":"https:\/\/noticiasribeiraopreto.com.br\/index.php\/wp-json\/wp\/v2\/media?parent=8673"}],"wp:term":[{"taxonomy":"category","embeddable":true,"href":"https:\/\/noticiasribeiraopreto.com.br\/index.php\/wp-json\/wp\/v2\/categories?post=8673"},{"taxonomy":"post_tag","embeddable":true,"href":"https:\/\/noticiasribeiraopreto.com.br\/index.php\/wp-json\/wp\/v2\/tags?post=8673"}],"curies":[{"name":"wp","href":"https:\/\/api.w.org\/{rel}","templated":true}]}}