{"id":8683,"date":"2023-11-30T16:39:10","date_gmt":"2023-11-30T19:39:10","guid":{"rendered":"https:\/\/noticiasribeiraopreto.com.br\/index.php\/2023\/11\/30\/luisa-mell-expoe-caso-onde-bruna-surfistinha-e-acusada-de-abandono-de-animais\/"},"modified":"2023-11-30T16:39:10","modified_gmt":"2023-11-30T19:39:10","slug":"luisa-mell-expoe-caso-onde-bruna-surfistinha-e-acusada-de-abandono-de-animais","status":"publish","type":"post","link":"https:\/\/noticiasribeiraopreto.com.br\/index.php\/2023\/11\/30\/luisa-mell-expoe-caso-onde-bruna-surfistinha-e-acusada-de-abandono-de-animais\/","title":{"rendered":"Lu\u00edsa Mell exp\u00f5e caso onde Bruna Surfistinha \u00e9 acusada de abandono de animais"},"content":{"rendered":"<div class='code-block code-block-1' style='margin: 8px 0 8px auto; text-align: right; display: block; clear: both;'>\n<p><a href=\"https:\/\/wa.link\/vpicfd\"><img data-recalc-dims=\"1\" class=\"wp-image-4922\" style=\"aspect-ratio: 2.0253164556962027; width: 561px; height: auto;\" src=\"https:\/\/i0.wp.com\/ismaelcolosi.com.br\/wp-content\/uploads\/2023\/11\/grupo-de-empregos-whatsapp-e-facebook-ismael-colosi-vagas.jpg?ssl=1\" alt=\"\" \/><\/a><\/p>\n<!-- \/wp:image -->\n<\/div>\n<p> <br \/>\n<\/p>\n<div itemprop=\"text\">\n<p>Ativista pelos direitos dos animais, Lu\u00edsa Mell foi a p\u00fablico mais uma vez em defesa de animais abandonados. Dessa vez, em um apartamento de uma outra famosa.<\/p>\n<p>Segundo Lu\u00edsa, Rachel Pacheco, conhecida como Bruna Surfistinha, teria sa\u00eddo do apartamento em que morava e deixou 4 animais l\u00e1 sozinhos: um cachorro e tr\u00eas gatos.<\/p>\n<p>Ela relatou que Rachel ia ao apartamento apenas para dar \u00e1gua e comida aos animais, mas que j\u00e1 tinha mais de uma semana que os animais estavam l\u00e1 sozinhos e sem comida.<\/p>\n<p><strong>\u201cEla estava indo alimentar e colocar \u00e1gua, mas parece que ela n\u00e3o ia ao local j\u00e1 h\u00e1 mais de uma semana, ent\u00e3o a administradora do condom\u00ednio chamou a pol\u00edcia e uma veterin\u00e1ria para ajudar. Eles entraram e viram essa situa\u00e7\u00e3o\u201d<\/strong>, disse.<\/p>\n<p>Video (<a href=\"https:\/\/revistaquem.globo.com\/video\/luisa-mell-expoe-denuncia-contra-bruna-surfistinha-por-abandono-animal-12157251.ghtml\" target=\"_blank\" rel=\"nofollow noopener sponsored\">clique aqui<\/a>)<\/p>\n<p>Segundo Lu\u00edsa, ela saiu do apartamento por falta de pagamento de energia e os animais ser\u00e3o tirados do local. No Brasil, abandono de animais \u00e9 crime desde 1998.<\/p>\n<p>Em 2020, a Lei Federal 14.064\/20 teve aumento da pena de maus tratos com reclus\u00e3o de dois a cinco anos, multa e proibi\u00e7\u00e3o da guarda, se tratando de c\u00e3o ou gato.<\/p>\n<p>Rachel Pacheco teve sua hist\u00f3ria contada, ap\u00f3s revela\u00e7\u00f5es em seu blog, em um filme interpretado por Deborah Secco e virou sucesso no cinema nacional.<\/p>\n<p>Em seu blog, ela constava suas experi\u00eancias afetivas e sexuais vividas ap\u00f3s decidir sair de casa, mudar de vida e se tornar garota de programa com codinome Bruna Surfistinha.<\/p>\n<\/div>\n<p><br \/>\n<br \/><a href=\"https:\/\/fnmais.com\/video-luisa-mell-expoe-caso-onde-bruna-surfistinha-acusada-abandono-animais\/\">Source link <\/a><\/p>\n<!-- CONTENT END 1 -->\n","protected":false},"excerpt":{"rendered":"<p>Ativista pelos direitos dos animais, Lu\u00edsa Mell foi a p\u00fablico mais uma vez em defesa de animais abandonados. Dessa vez, em um apartamento de uma&#8230;<\/p>\n","protected":false},"author":1,"featured_media":8684,"comment_status":"open","ping_status":"open","sticky":false,"template":"","format":"standard","meta":{"advanced_seo_description":"","jetpack_seo_html_title":"","jetpack_seo_noindex":false,"jetpack_post_was_ever_published":false,"_jetpack_newsletter_access":"","_jetpack_dont_email_post_to_subs":false,"_jetpack_newsletter_tier_id":0,"_jetpack_memberships_contains_paywalled_content":false,"_jetpack_memberships_contains_paid_content":false,"footnotes":"","jetpack_publicize_message":"","jetpack_publicize_feature_enabled":true,"jetpack_social_post_already_shared":true,"jetpack_social_options":{"image_generator_settings":{"template":"highway","default_image_id":0,"font":"","enabled":false},"version":2}},"categories":[1],"tags":[],"class_list":["post-8683","post","type-post","status-publish","format-standard","has-post-thumbnail","hentry","category-blog"],"jetpack_publicize_connections":[],"jetpack_featured_media_url":"https:\/\/i0.wp.com\/noticiasribeiraopreto.com.br\/wp-content\/uploads\/2023\/11\/postimg-6568cc8305b6e1857.jpg?fit=1200%2C628&ssl=1","jetpack-related-posts":[{"id":7152,"url":"https:\/\/noticiasribeiraopreto.com.br\/index.php\/2023\/11\/27\/luisa-mell-faz-publicacao-para-cachorro-que-ana-hickmann-resgatou-ajudou-quando-ela-precisou\/","url_meta":{"origin":8683,"position":0},"title":"Luisa Mell faz publica\u00e7\u00e3o para cachorro que Ana Hickmann resgatou: &#8216;Ajudou quando ela precisou&#8217;","author":"noticiasribeiraopreto.com.br","date":"27 de November de 2023","format":false,"excerpt":"\u2018 Nem todo her\u00f3i usa capa\u2019 \u00e9 uma frase muito comum usada para situa\u00e7\u00f5es em que algu\u00e9m usa toda sua coragem para enfrentar alguma situa\u00e7\u00e3o de perigo. Mas n\u00e3o quer dizer que seja s\u00f3 com seres humanos.Dessa vez, quem ganhou o t\u00edtulo de her\u00f3i foi Joaquim, cachorro da apresentadora Ana\u2026","rel":"","context":"In &quot;Blog&quot;","block_context":{"text":"Blog","link":"https:\/\/noticiasribeiraopreto.com.br\/index.php\/category\/blog\/"},"img":{"alt_text":"","src":"https:\/\/i0.wp.com\/noticiasribeiraopreto.com.br\/wp-content\/uploads\/2023\/11\/postimg-6564ef559ccfb3120.jpg?fit=1200%2C628&ssl=1&resize=350%2C200","width":350,"height":200,"srcset":"https:\/\/i0.wp.com\/noticiasribeiraopreto.com.br\/wp-content\/uploads\/2023\/11\/postimg-6564ef559ccfb3120.jpg?fit=1200%2C628&ssl=1&resize=350%2C200 1x, https:\/\/i0.wp.com\/noticiasribeiraopreto.com.br\/wp-content\/uploads\/2023\/11\/postimg-6564ef559ccfb3120.jpg?fit=1200%2C628&ssl=1&resize=525%2C300 1.5x, https:\/\/i0.wp.com\/noticiasribeiraopreto.com.br\/wp-content\/uploads\/2023\/11\/postimg-6564ef559ccfb3120.jpg?fit=1200%2C628&ssl=1&resize=700%2C400 2x, https:\/\/i0.wp.com\/noticiasribeiraopreto.com.br\/wp-content\/uploads\/2023\/11\/postimg-6564ef559ccfb3120.jpg?fit=1200%2C628&ssl=1&resize=1050%2C600 3x"},"classes":[]},{"id":65818,"url":"https:\/\/noticiasribeiraopreto.com.br\/index.php\/2025\/03\/24\/jornal-da-franca-pets-conquistam-cada-vez-mais-direitos-e-ja-sao-reconhecidos-como-membros-da-familia\/","url_meta":{"origin":8683,"position":1},"title":"Jornal da Franca &#8211; Pets conquistam cada vez mais direitos e j\u00e1 s\u00e3o reconhecidos como membros da fam\u00edlia","author":"noticiasribeiraopreto.com.br","date":"24 de March de 2025","format":false,"excerpt":"Em casos de separa\u00e7\u00e3o conjugal, pode haver a divis\u00e3o da guarda dos animais e at\u00e9 a obrigatoriedade do pagamento de pens\u00e3o para os pets Uma pesquisa realizada pela Quaest descobriu que 72% dos brasileiros possuem pets em casa, colocando o Brasil na terceira posi\u00e7\u00e3o no ranking da maior popula\u00e7\u00e3o de\u2026","rel":"","context":"In &quot;Not\u00edcias de Franca-SP&quot;","block_context":{"text":"Not\u00edcias de Franca-SP","link":"https:\/\/noticiasribeiraopreto.com.br\/index.php\/category\/noticias-de-ribeirao-preto-sp-e-regiao-ismael-colosi\/noticias-franca-sp\/"},"img":{"alt_text":"","src":"https:\/\/i0.wp.com\/noticiasribeiraopreto.com.br\/wp-content\/uploads\/2025\/03\/23020.jpg?fit=1000%2C667&ssl=1&resize=350%2C200","width":350,"height":200,"srcset":"https:\/\/i0.wp.com\/noticiasribeiraopreto.com.br\/wp-content\/uploads\/2025\/03\/23020.jpg?fit=1000%2C667&ssl=1&resize=350%2C200 1x, https:\/\/i0.wp.com\/noticiasribeiraopreto.com.br\/wp-content\/uploads\/2025\/03\/23020.jpg?fit=1000%2C667&ssl=1&resize=525%2C300 1.5x, https:\/\/i0.wp.com\/noticiasribeiraopreto.com.br\/wp-content\/uploads\/2025\/03\/23020.jpg?fit=1000%2C667&ssl=1&resize=700%2C400 2x"},"classes":[]},{"id":68673,"url":"https:\/\/noticiasribeiraopreto.com.br\/index.php\/2025\/04\/27\/jornal-da-franca-vida-em-apartamento-desafios-e-solucoes-para-o-bem-estar-dos-animais-de-estimacao\/","url_meta":{"origin":8683,"position":2},"title":"Jornal da Franca &#8211; Vida em apartamento: desafios e solu\u00e7\u00f5es para o bem-estar dos animais de estima\u00e7\u00e3o","author":"noticiasribeiraopreto.com.br","date":"27 de April de 2025","format":false,"excerpt":"Adapta\u00e7\u00f5es de rotina, ambiente e comportamento s\u00e3o fundamentais para a sa\u00fade f\u00edsica e emocional dos pets que moram em apartamentos Com a crescente verticaliza\u00e7\u00e3o das cidades, a vida em apartamento tornou-se realidade para milhares de fam\u00edlias brasileiras \u2013 e, com elas, seus animais de estima\u00e7\u00e3o.Gatos, c\u00e3es de pequeno, m\u00e9dio ou\u2026","rel":"","context":"In &quot;Not\u00edcias de Franca-SP&quot;","block_context":{"text":"Not\u00edcias de Franca-SP","link":"https:\/\/noticiasribeiraopreto.com.br\/index.php\/category\/noticias-de-ribeirao-preto-sp-e-regiao-ismael-colosi\/noticias-franca-sp\/"},"img":{"alt_text":"","src":"https:\/\/i0.wp.com\/noticiasribeiraopreto.com.br\/wp-content\/uploads\/2025\/04\/27299654.jpg?fit=1000%2C667&ssl=1&resize=350%2C200","width":350,"height":200,"srcset":"https:\/\/i0.wp.com\/noticiasribeiraopreto.com.br\/wp-content\/uploads\/2025\/04\/27299654.jpg?fit=1000%2C667&ssl=1&resize=350%2C200 1x, https:\/\/i0.wp.com\/noticiasribeiraopreto.com.br\/wp-content\/uploads\/2025\/04\/27299654.jpg?fit=1000%2C667&ssl=1&resize=525%2C300 1.5x, https:\/\/i0.wp.com\/noticiasribeiraopreto.com.br\/wp-content\/uploads\/2025\/04\/27299654.jpg?fit=1000%2C667&ssl=1&resize=700%2C400 2x"},"classes":[]},{"id":51394,"url":"https:\/\/noticiasribeiraopreto.com.br\/index.php\/2024\/05\/25\/luisa-sonza-lanca-escandalo-intimo-o-filme\/","url_meta":{"origin":8683,"position":3},"title":"Lu\u00edsa Sonza lan\u00e7a &#8216;Esc\u00e2ndalo \u00cdntimo &#8211; O Filme&#8217;","author":"noticiasribeiraopreto.com.br","date":"25 de May de 2024","format":false,"excerpt":"Lu\u00edsa Sonza lan\u00e7a \u2018Esc\u00e2ndalo \u00cdntimo \u2013 O Filme\u2019Narrado pela pr\u00f3pria artista, obra ser\u00e1 disponibilizada no Youtube no dia 26\/05 Dando sequ\u00eancia aos lan\u00e7amentos da Era \u201cEsc\u00e2ndalo \u00cdntimo\u201d, Lu\u00edsa Sonza apresentar\u00e1 o filme de seu novo \u00e1lbum em primeira m\u00e3o na abertura do seu pr\u00f3ximo show, que acontece nos dias 24\/05\u2026","rel":"","context":"In &quot;Not\u00edcias de Ribeir\u00e3o Preto-SP e Regi\u00e3o&quot;","block_context":{"text":"Not\u00edcias de Ribeir\u00e3o Preto-SP e Regi\u00e3o","link":"https:\/\/noticiasribeiraopreto.com.br\/index.php\/category\/noticias-de-ribeirao-preto-sp-e-regiao-ismael-colosi\/"},"img":{"alt_text":"","src":"https:\/\/i0.wp.com\/noticiasribeiraopreto.com.br\/wp-content\/uploads\/2024\/05\/handler.jpg?fit=1200%2C800&ssl=1&resize=350%2C200","width":350,"height":200,"srcset":"https:\/\/i0.wp.com\/noticiasribeiraopreto.com.br\/wp-content\/uploads\/2024\/05\/handler.jpg?fit=1200%2C800&ssl=1&resize=350%2C200 1x, https:\/\/i0.wp.com\/noticiasribeiraopreto.com.br\/wp-content\/uploads\/2024\/05\/handler.jpg?fit=1200%2C800&ssl=1&resize=525%2C300 1.5x, https:\/\/i0.wp.com\/noticiasribeiraopreto.com.br\/wp-content\/uploads\/2024\/05\/handler.jpg?fit=1200%2C800&ssl=1&resize=700%2C400 2x, https:\/\/i0.wp.com\/noticiasribeiraopreto.com.br\/wp-content\/uploads\/2024\/05\/handler.jpg?fit=1200%2C800&ssl=1&resize=1050%2C600 3x"},"classes":[]},{"id":59279,"url":"https:\/\/noticiasribeiraopreto.com.br\/index.php\/2024\/10\/19\/reserva-na-regiao-de-ribeirao-cria-pontos-de-agua-e-comida-para-animais-apos-queimadas\/","url_meta":{"origin":8683,"position":4},"title":"Reserva na regi\u00e3o de Ribeir\u00e3o cria pontos de \u00e1gua e comida para animais ap\u00f3s queimadas","author":"noticiasribeiraopreto.com.br","date":"19 de October de 2024","format":false,"excerpt":"A Esta\u00e7\u00e3o Ecol\u00f3gica Jata\u00ed, em Luis Ant\u00f4nio, na regi\u00e3o de Ribeir\u00e3o Preto, instalou oito caixas d\u2019\u00e1gua em locais estrat\u00e9gicos em uma opera\u00e7\u00e3o especial para tentar salvar a vida dos animais afetados pelo\u00a0fogo que j\u00e1 destruiu mais de 70% da reserva. Al\u00e9m dos pontos para hidrata\u00e7\u00e3o, equipes que trabalham na unidade\u2026","rel":"","context":"In &quot;Not\u00edcias de Ribeir\u00e3o Preto-SP e Regi\u00e3o&quot;","block_context":{"text":"Not\u00edcias de Ribeir\u00e3o Preto-SP e Regi\u00e3o","link":"https:\/\/noticiasribeiraopreto.com.br\/index.php\/category\/noticias-de-ribeirao-preto-sp-e-regiao-ismael-colosi\/"},"img":{"alt_text":"","src":"https:\/\/i0.wp.com\/noticiasribeiraopreto.com.br\/wp-content\/uploads\/2024\/10\/reserva-jatai_2024-10-04_18-35-16_jpeg_2024-10-04_18-35-16.webp.webp?fit=1200%2C540&ssl=1&resize=350%2C200","width":350,"height":200,"srcset":"https:\/\/i0.wp.com\/noticiasribeiraopreto.com.br\/wp-content\/uploads\/2024\/10\/reserva-jatai_2024-10-04_18-35-16_jpeg_2024-10-04_18-35-16.webp.webp?fit=1200%2C540&ssl=1&resize=350%2C200 1x, https:\/\/i0.wp.com\/noticiasribeiraopreto.com.br\/wp-content\/uploads\/2024\/10\/reserva-jatai_2024-10-04_18-35-16_jpeg_2024-10-04_18-35-16.webp.webp?fit=1200%2C540&ssl=1&resize=525%2C300 1.5x, https:\/\/i0.wp.com\/noticiasribeiraopreto.com.br\/wp-content\/uploads\/2024\/10\/reserva-jatai_2024-10-04_18-35-16_jpeg_2024-10-04_18-35-16.webp.webp?fit=1200%2C540&ssl=1&resize=700%2C400 2x, https:\/\/i0.wp.com\/noticiasribeiraopreto.com.br\/wp-content\/uploads\/2024\/10\/reserva-jatai_2024-10-04_18-35-16_jpeg_2024-10-04_18-35-16.webp.webp?fit=1200%2C540&ssl=1&resize=1050%2C600 3x"},"classes":[]},{"id":65588,"url":"https:\/\/noticiasribeiraopreto.com.br\/index.php\/2025\/03\/21\/jornal-da-franca-pets-em-condominio-residencial-reforma-do-codigo-civil-cria-um-novo-paradigma-legal\/","url_meta":{"origin":8683,"position":5},"title":"Jornal da Franca &#8211; Pets em condom\u00ednio residencial: Reforma do C\u00f3digo Civil cria um novo paradigma legal","author":"noticiasribeiraopreto.com.br","date":"21 de March de 2025","format":false,"excerpt":"O C\u00f3digo Civil est\u00e1 passando por uma reforma recente e os animais ganharam um novo status legal. Deixaram finalmente de serem considerados meros objetos e\/ou animais irracionais, mas sim seres vivos sencientes, ou seja, capazes de sentir sensa\u00e7\u00f5es e emo\u00e7\u00f5es e pass\u00edveis de prote\u00e7\u00e3o jur\u00eddica pr\u00f3pria. A conviv\u00eancia entre humanos\u2026","rel":"","context":"In &quot;Not\u00edcias de Franca-SP&quot;","block_context":{"text":"Not\u00edcias de Franca-SP","link":"https:\/\/noticiasribeiraopreto.com.br\/index.php\/category\/noticias-de-ribeirao-preto-sp-e-regiao-ismael-colosi\/noticias-franca-sp\/"},"img":{"alt_text":"","src":"https:\/\/i0.wp.com\/noticiasribeiraopreto.com.br\/wp-content\/uploads\/2025\/03\/d530adfd-6a58-4431-9d64-559b5ed40f87.jpg?fit=1200%2C822&ssl=1&resize=350%2C200","width":350,"height":200,"srcset":"https:\/\/i0.wp.com\/noticiasribeiraopreto.com.br\/wp-content\/uploads\/2025\/03\/d530adfd-6a58-4431-9d64-559b5ed40f87.jpg?fit=1200%2C822&ssl=1&resize=350%2C200 1x, https:\/\/i0.wp.com\/noticiasribeiraopreto.com.br\/wp-content\/uploads\/2025\/03\/d530adfd-6a58-4431-9d64-559b5ed40f87.jpg?fit=1200%2C822&ssl=1&resize=525%2C300 1.5x, https:\/\/i0.wp.com\/noticiasribeiraopreto.com.br\/wp-content\/uploads\/2025\/03\/d530adfd-6a58-4431-9d64-559b5ed40f87.jpg?fit=1200%2C822&ssl=1&resize=700%2C400 2x, https:\/\/i0.wp.com\/noticiasribeiraopreto.com.br\/wp-content\/uploads\/2025\/03\/d530adfd-6a58-4431-9d64-559b5ed40f87.jpg?fit=1200%2C822&ssl=1&resize=1050%2C600 3x"},"classes":[]}],"jetpack_sharing_enabled":true,"jetpack_shortlink":"https:\/\/wp.me\/peQAOb-2g3","_links":{"self":[{"href":"https:\/\/noticiasribeiraopreto.com.br\/index.php\/wp-json\/wp\/v2\/posts\/8683","targetHints":{"allow":["GET"]}}],"collection":[{"href":"https:\/\/noticiasribeiraopreto.com.br\/index.php\/wp-json\/wp\/v2\/posts"}],"about":[{"href":"https:\/\/noticiasribeiraopreto.com.br\/index.php\/wp-json\/wp\/v2\/types\/post"}],"author":[{"embeddable":true,"href":"https:\/\/noticiasribeiraopreto.com.br\/index.php\/wp-json\/wp\/v2\/users\/1"}],"replies":[{"embeddable":true,"href":"https:\/\/noticiasribeiraopreto.com.br\/index.php\/wp-json\/wp\/v2\/comments?post=8683"}],"version-history":[{"count":0,"href":"https:\/\/noticiasribeiraopreto.com.br\/index.php\/wp-json\/wp\/v2\/posts\/8683\/revisions"}],"wp:featuredmedia":[{"embeddable":true,"href":"https:\/\/noticiasribeiraopreto.com.br\/index.php\/wp-json\/wp\/v2\/media\/8684"}],"wp:attachment":[{"href":"https:\/\/noticiasribeiraopreto.com.br\/index.php\/wp-json\/wp\/v2\/media?parent=8683"}],"wp:term":[{"taxonomy":"category","embeddable":true,"href":"https:\/\/noticiasribeiraopreto.com.br\/index.php\/wp-json\/wp\/v2\/categories?post=8683"},{"taxonomy":"post_tag","embeddable":true,"href":"https:\/\/noticiasribeiraopreto.com.br\/index.php\/wp-json\/wp\/v2\/tags?post=8683"}],"curies":[{"name":"wp","href":"https:\/\/api.w.org\/{rel}","templated":true}]}}