{"id":8699,"date":"2023-11-30T17:00:06","date_gmt":"2023-11-30T20:00:06","guid":{"rendered":"https:\/\/noticiasribeiraopreto.com.br\/index.php\/2023\/11\/30\/desmatamento-na-mata-atlantica-cai-59\/"},"modified":"2023-11-30T17:00:06","modified_gmt":"2023-11-30T20:00:06","slug":"desmatamento-na-mata-atlantica-cai-59","status":"publish","type":"post","link":"https:\/\/noticiasribeiraopreto.com.br\/index.php\/2023\/11\/30\/desmatamento-na-mata-atlantica-cai-59\/","title":{"rendered":"Desmatamento na Mata Atl\u00e2ntica cai 59% \u00a0"},"content":{"rendered":"<div class='code-block code-block-1' style='margin: 8px 0 8px auto; text-align: right; display: block; clear: both;'>\n<p><a href=\"https:\/\/wa.link\/vpicfd\"><img data-recalc-dims=\"1\" class=\"wp-image-4922\" style=\"aspect-ratio: 2.0253164556962027; width: 561px; height: auto;\" src=\"https:\/\/i0.wp.com\/ismaelcolosi.com.br\/wp-content\/uploads\/2023\/11\/grupo-de-empregos-whatsapp-e-facebook-ismael-colosi-vagas.jpg?ssl=1\" alt=\"\" \/><\/a><\/p>\n<!-- \/wp:image -->\n<\/div>\n<p> <br \/>\n<\/p>\n<div id=\"\">\n<p> <span class=\"entry-meta-item penci-posted-on\"><i class=\"fa fa-clock-o\"\/><time class=\"entry-date published\" datetime=\"2023-11-30T17:00:06-03:00\">30 de novembro de 2023 | 17:00<\/time><time class=\"updated\" datetime=\"2023-11-30T09:32:51-03:00\">30 de novembro de 2023 | 9:32<\/time><\/span><\/p>\n<p> <span class=\"penci-social-buttons penci-social-share-footer\"><a href=\"#\" class=\"penci-post-like penci_post-meta_item  single-like-button penci-social-item like\" data-post_id=\"365765\" title=\"Like\" data-like=\"Like\" data-unlike=\"Unlike\"><i class=\"fa fa-thumbs-o-up\"\/><span class=\"penci-share-number\">0<\/span><\/a><i class=\"fa fa-facebook\"\/><a class=\"penci-social-item twitter\" target=\"_blank\" rel=\"noopener\" title=\"\" href=\"https:\/\/twitter.com\/intent\/tweet?text=Desmatamento%20na%20Mata%20Atl\u00e2ntica%20cai%2059%20\u00a0%20-%20https:\/\/www.tribunaribeirao.com.br\/site\/desmatamento-na-mata-atlantica-cai-59\/\"><i class=\"fa fa-twitter\"\/><\/a><i class=\"fa fa-whatsapp\"\/><\/span><\/div>\n<div>\n<p><span class=\"TextRun SCXW144307814 BCX0\" lang=\"PT-BR\" xml:lang=\"PT-BR\" data-contrast=\"auto\"><span class=\"NormalTextRun SCXW144307814 BCX0\">O desmatamento na Mata Atl\u00e2ntica caiu 59% de janeiro a agosto deste ano em compara\u00e7\u00e3o com o mesmo per\u00edodo de 2022, informa o novo boletim do Sistema de Alertas de Desmatamento, parceria entre a Funda\u00e7\u00e3o SOS Mata Atl\u00e2ntica, a <\/span><span class=\"NormalTextRun SpellingErrorV2Themed SCXW144307814 BCX0\">Arcplan<\/span><span class=\"NormalTextRun SCXW144307814 BCX0\"> e o <\/span><span class=\"NormalTextRun SpellingErrorV2Themed SCXW144307814 BCX0\">MapBiomas<\/span><span class=\"NormalTextRun SCXW144307814 BCX0\">.<\/span><\/span><span class=\"LineBreakBlob BlobObject DragDrop SCXW144307814 BCX0\"><span class=\"SCXW144307814 BCX0\">\u00a0<\/span><br class=\"SCXW144307814 BCX0\"\/><\/span><span class=\"LineBreakBlob BlobObject DragDrop SCXW144307814 BCX0\"><span class=\"SCXW144307814 BCX0\">\u00a0<\/span><br class=\"SCXW144307814 BCX0\"\/><\/span><span class=\"TextRun SCXW144307814 BCX0\" lang=\"PT-BR\" xml:lang=\"PT-BR\" data-contrast=\"auto\"><span class=\"NormalTextRun SCXW144307814 BCX0\">Consolidados na plataforma <\/span><span class=\"NormalTextRun SpellingErrorV2Themed SCXW144307814 BCX0\">MapBiomas<\/span><span class=\"NormalTextRun SCXW144307814 BCX0\"> Alerta, os dados mostram que a \u00e1rea desmatada entre janeiro e agosto foi de 9.216 hectares, ante 22.240 hectares registrados no mesmo per\u00edodo do ano passado.<\/span> <span class=\"NormalTextRun SCXW144307814 BCX0\">Segundo a SOS Mata Atl\u00e2ntica, o levantamento refor\u00e7a a tend\u00eancia de redu\u00e7\u00e3o significativa no <\/span><span class=\"NormalTextRun SCXW144307814 BCX0\">desflorestamento do bioma j\u00e1 observada desde o in\u00edcio do ano<\/span><span class=\"NormalTextRun SCXW144307814 BCX0\">. <\/span><\/span><span class=\"LineBreakBlob BlobObject DragDrop SCXW144307814 BCX0\"><span class=\"SCXW144307814 BCX0\">\u00a0<\/span><br class=\"SCXW144307814 BCX0\"\/><\/span><span class=\"LineBreakBlob BlobObject DragDrop SCXW144307814 BCX0\"><span class=\"SCXW144307814 BCX0\">\u00a0<\/span><br class=\"SCXW144307814 BCX0\"\/><\/span><span class=\"TextRun SCXW144307814 BCX0\" lang=\"PT-BR\" xml:lang=\"PT-BR\" data-contrast=\"auto\"><span class=\"NormalTextRun SCXW144307814 BCX0\">Boletim anterior, divulgado em julho, mostrou que a redu\u00e7\u00e3o era de 42% at\u00e9 o m\u00eas de maio, quando a \u00e1rea desmatada estava em 7.088 hectares, ante 12.166 hectares registrados no mesmo per\u00edodo do ano anterior. <\/span><span class=\"NormalTextRun SCXW144307814 BCX0\">O<\/span><span class=\"NormalTextRun SCXW144307814 BCX0\"> diretor executivo da Funda\u00e7\u00e3o SOS Mata Atl\u00e2ntica, Lu\u00eds Fernando Guedes Pinto<\/span><span class=\"NormalTextRun SCXW144307814 BCX0\">, explica<\/span><span class=\"NormalTextRun SCXW144307814 BCX0\">.<\/span><\/span><span class=\"LineBreakBlob BlobObject DragDrop SCXW144307814 BCX0\"><span class=\"SCXW144307814 BCX0\">\u00a0<\/span><br class=\"SCXW144307814 BCX0\"\/><\/span><span class=\"LineBreakBlob BlobObject DragDrop SCXW144307814 BCX0\"><span class=\"SCXW144307814 BCX0\">\u00a0<\/span><br class=\"SCXW144307814 BCX0\"\/><\/span><span class=\"TextRun SCXW144307814 BCX0\" lang=\"PT-BR\" xml:lang=\"PT-BR\" data-contrast=\"auto\"><span class=\"NormalTextRun SCXW144307814 BCX0\">\u201c<\/span><span class=\"NormalTextRun SCXW144307814 BCX0\">Nos \u00faltimos anos do governo <\/span><span class=\"NormalTextRun SCXW144307814 BCX0\">Bolsonaro<\/span><span class=\"NormalTextRun SCXW144307814 BCX0\">, o desmatamento aumentou. Agora a gente tem uma revers\u00e3o de tend\u00eancia, porque o desmatamento no bioma estava em alta e agora, com esses dados parciais, est\u00e1 em baixa, com 59%. H\u00e1 uma redu\u00e7\u00e3o significativa, um n\u00famero surpreendente, muito bom\u201d<\/span><span class=\"NormalTextRun SCXW144307814 BCX0\">.<\/span><\/span><span class=\"LineBreakBlob BlobObject DragDrop SCXW144307814 BCX0\"><span class=\"SCXW144307814 BCX0\">\u00a0<\/span><br class=\"SCXW144307814 BCX0\"\/><\/span><span class=\"LineBreakBlob BlobObject DragDrop SCXW144307814 BCX0\"><span class=\"SCXW144307814 BCX0\">\u00a0<\/span><br class=\"SCXW144307814 BCX0\"\/><\/span><span class=\"TextRun SCXW144307814 BCX0\" lang=\"PT-BR\" xml:lang=\"PT-BR\" data-contrast=\"auto\"><span class=\"NormalTextRun SCXW144307814 BCX0\">Ele ressalta que estados que costumam ser l\u00edderes do desmatamento, como Paran\u00e1 e Santa Catarina, tiveram queda expressiva, em torno de 60%. Elementos que ajudam a explicar os dados s\u00e3o o aumento da fiscaliza\u00e7\u00e3o e de embargos e o fato de produtores ficarem sem acesso a cr\u00e9dito por terem desmatado.<\/span><\/span><span class=\"LineBreakBlob BlobObject DragDrop SCXW144307814 BCX0\"><span class=\"SCXW144307814 BCX0\">\u00a0<\/span><br class=\"SCXW144307814 BCX0\"\/><\/span><span class=\"LineBreakBlob BlobObject DragDrop SCXW144307814 BCX0\"><span class=\"SCXW144307814 BCX0\">\u00a0<\/span><br class=\"SCXW144307814 BCX0\"\/><\/span><span class=\"TextRun SCXW144307814 BCX0\" lang=\"PT-BR\" xml:lang=\"PT-BR\" data-contrast=\"auto\"><span class=\"NormalTextRun SCXW144307814 BCX0\">\u201c<\/span><span class=\"NormalTextRun SCXW144307814 BCX0\">Isso realmente \u00e9 uma mudan\u00e7a resultado de um fortalecimento da pol\u00edtica ambiental, da fiscaliza\u00e7\u00e3o, de acabar aquela expectativa de impunidade. A gente tinha praticamente um convite ao desmatamento no governo passado\u201d, di<\/span><span class=\"NormalTextRun SCXW144307814 BCX0\">z <\/span><span class=\"NormalTextRun SCXW144307814 BCX0\">Lu\u00eds Fernando Guedes Pinto<\/span><span class=\"NormalTextRun SCXW144307814 BCX0\">. <\/span><\/span><span class=\"LineBreakBlob BlobObject DragDrop SCXW144307814 BCX0\"><span class=\"SCXW144307814 BCX0\">\u00a0<\/span><br class=\"SCXW144307814 BCX0\"\/><\/span><span class=\"LineBreakBlob BlobObject DragDrop SCXW144307814 BCX0\"><span class=\"SCXW144307814 BCX0\">\u00a0<\/span><br class=\"SCXW144307814 BCX0\"\/><\/span><span class=\"TextRun SCXW144307814 BCX0\" lang=\"PT-BR\" xml:lang=\"PT-BR\" data-contrast=\"auto\"><span class=\"NormalTextRun SCXW144307814 BCX0\">Os dados compilados incluem os limites do bioma estabelecidos pelo Instituto Brasileiro de Geografia e Estat\u00edstica (IBGE), excluindo desmatamentos <\/span><span class=\"NormalTextRun SCXW144307814 BCX0\">ocorridos nos fragmentos de Mata Atl\u00e2ntica localizados nos territ\u00f3rios de Cerrado e Caatinga. <\/span><\/span><span class=\"LineBreakBlob BlobObject DragDrop SCXW144307814 BCX0\"><span class=\"SCXW144307814 BCX0\">\u00a0<\/span><br class=\"SCXW144307814 BCX0\"\/><\/span><span class=\"LineBreakBlob BlobObject DragDrop SCXW144307814 BCX0\"><span class=\"SCXW144307814 BCX0\">\u00a0<\/span><br class=\"SCXW144307814 BCX0\"\/><\/span><span class=\"TextRun SCXW144307814 BCX0\" lang=\"PT-BR\" xml:lang=\"PT-BR\" data-contrast=\"auto\"><span class=\"NormalTextRun SCXW144307814 BCX0\">Os chamados encraves nesses dois biomas correspondem a cerca de 5% do total de Mata Atl\u00e2ntica do pa\u00eds. Na contram\u00e3o da queda no desmatamento dentro dos limites estipulados pelo IBGE, os encraves florestais s\u00e3o regi\u00f5es que apresentaram alta. <\/span><\/span><span class=\"LineBreakBlob BlobObject DragDrop SCXW144307814 BCX0\"><span class=\"SCXW144307814 BCX0\">\u00a0<\/span><br class=\"SCXW144307814 BCX0\"\/><\/span><span class=\"LineBreakBlob BlobObject DragDrop SCXW144307814 BCX0\"><span class=\"SCXW144307814 BCX0\">\u00a0<\/span><br class=\"SCXW144307814 BCX0\"\/><\/span><span class=\"TextRun SCXW144307814 BCX0\" lang=\"PT-BR\" xml:lang=\"PT-BR\" data-contrast=\"auto\"><span class=\"NormalTextRun SCXW144307814 BCX0\">Guedes Pinto destaca que os encraves tamb\u00e9m s\u00e3o protegidos pela Lei da Mata Atl\u00e2ntica. A disparidade na defini\u00e7\u00e3o dos limites do bioma ocorre porque o IBGE considera apenas os limites geogr\u00e1ficos cont\u00ednuos, enquanto a lei tem como objetivo preservar toda a vegeta\u00e7\u00e3o caracter\u00edstica do bioma e ecossistemas associados, incluindo os encraves. <\/span><\/span><span class=\"LineBreakBlob BlobObject DragDrop SCXW144307814 BCX0\"><span class=\"SCXW144307814 BCX0\">\u00a0<\/span><br class=\"SCXW144307814 BCX0\"\/><\/span><span class=\"LineBreakBlob BlobObject DragDrop SCXW144307814 BCX0\"><span class=\"SCXW144307814 BCX0\">\u00a0<\/span><br class=\"SCXW144307814 BCX0\"\/><\/span><span class=\"TextRun SCXW144307814 BCX0\" lang=\"PT-BR\" xml:lang=\"PT-BR\" data-contrast=\"auto\"><span class=\"NormalTextRun SCXW144307814 BCX0\">Entre janeiro e maio de 2023, as derrubadas nos encraves do Cerrado e da Caatinga aumentaram, respectivamente, 13% e 123%. Para Guedes Pinto, esse cen\u00e1rio demanda uma a\u00e7\u00e3o contundente do poder p\u00fablico.<\/span> <span class=\"NormalTextRun SCXW144307814 BCX0\">Quando se somam todas as \u00e1reas desmatadas da Mata Atl\u00e2ntica \u2013 tanto nos limites do IBGE, entre janeiro e agosto, quanto nos encraves, de janeiro a maio \u2013 a queda do desmatamento foi de apenas 26%. <\/span><\/span><span class=\"LineBreakBlob BlobObject DragDrop SCXW144307814 BCX0\"><span class=\"SCXW144307814 BCX0\">\u00a0<\/span><br class=\"SCXW144307814 BCX0\"\/><\/span><span class=\"LineBreakBlob BlobObject DragDrop SCXW144307814 BCX0\"><span class=\"SCXW144307814 BCX0\">\u00a0<\/span><br class=\"SCXW144307814 BCX0\"\/><\/span><span class=\"TextRun SCXW144307814 BCX0\" lang=\"PT-BR\" xml:lang=\"PT-BR\" data-contrast=\"auto\"><span class=\"NormalTextRun SCXW144307814 BCX0\">A porcentagem foi puxada para baixo justamente pela alta no desmatamento dos entraves. \u201cA gente fica preocupado nessa regi\u00e3o de transi\u00e7\u00e3o da Mata Atl\u00e2ntica com o Cerrado e a Catinga. Ali a gente ainda tem um problema. A gente sabe que o desmatamento no Cerrado est\u00e1 em alta\u201d, acrescenta Guedes Pinto. <\/span><\/span><span class=\"LineBreakBlob BlobObject DragDrop SCXW144307814 BCX0\"><span class=\"SCXW144307814 BCX0\">\u00a0<\/span><br class=\"SCXW144307814 BCX0\"\/><\/span><span class=\"LineBreakBlob BlobObject DragDrop SCXW144307814 BCX0\"><span class=\"SCXW144307814 BCX0\">\u00a0<\/span><br class=\"SCXW144307814 BCX0\"\/><\/span><span class=\"TextRun SCXW144307814 BCX0\" lang=\"PT-BR\" xml:lang=\"PT-BR\" data-contrast=\"auto\"><span class=\"NormalTextRun SCXW144307814 BCX0\">Apesar da mudan\u00e7a de tend\u00eancia deste ano, ele diz que qualquer desmatamento na Mata Atl\u00e2ntica \u00e9 muito ruim e que a expectativa \u00e9 chegar ao zero no bioma. Para combater o desmatamento nos encraves, onde h\u00e1 um avan\u00e7o, Guedes Pinto avalia que o principal mecanismo \u00e9 a aplica\u00e7\u00e3o da Lei da Mata Atl\u00e2ntica nessas regi\u00f5es com bastante rigor pelos \u00f3rg\u00e3os ambientais locais. <\/span><\/span><span class=\"LineBreakBlob BlobObject DragDrop SCXW144307814 BCX0\"><span class=\"SCXW144307814 BCX0\">\u00a0<\/span><br class=\"SCXW144307814 BCX0\"\/><\/span><span class=\"LineBreakBlob BlobObject DragDrop SCXW144307814 BCX0\"><span class=\"SCXW144307814 BCX0\">\u00a0<\/span><br class=\"SCXW144307814 BCX0\"\/><\/span><span class=\"LineBreakBlob BlobObject DragDrop SCXW144307814 BCX0\"><br class=\"SCXW144307814 BCX0\"\/><\/span><span class=\"EOP SCXW144307814 BCX0\" data-ccp-props=\"{&quot;201341983&quot;:0,&quot;335559739&quot;:200,&quot;335559740&quot;:276}\">\u00a0<\/span><\/p>\n<\/div>\n<p><script async src=\"\/\/platform.twitter.com\/widgets.js\" charset=\"utf-8\"><\/script><br \/>\n<br \/><br \/>\n<br \/><a href=\"https:\/\/www.tribunaribeirao.com.br\/site\/desmatamento-na-mata-atlantica-cai-59\/\">Source link <\/a><\/p>\n<!-- CONTENT END 1 -->\n","protected":false},"excerpt":{"rendered":"<p>30 de novembro de 2023 | 17:0030 de novembro de 2023 | 9:32 0 O desmatamento na Mata Atl\u00e2ntica caiu 59% de janeiro a agosto&#8230;<\/p>\n","protected":false},"author":1,"featured_media":8700,"comment_status":"open","ping_status":"open","sticky":false,"template":"","format":"standard","meta":{"advanced_seo_description":"","jetpack_seo_html_title":"","jetpack_seo_noindex":false,"jetpack_post_was_ever_published":false,"_jetpack_newsletter_access":"","_jetpack_dont_email_post_to_subs":false,"_jetpack_newsletter_tier_id":0,"_jetpack_memberships_contains_paywalled_content":false,"_jetpack_memberships_contains_paid_content":false,"footnotes":"","jetpack_publicize_message":"","jetpack_publicize_feature_enabled":true,"jetpack_social_post_already_shared":true,"jetpack_social_options":{"image_generator_settings":{"template":"highway","default_image_id":0,"font":"","enabled":false},"version":2}},"categories":[11],"tags":[1148,634,1086,603],"class_list":["post-8699","post","type-post","status-publish","format-standard","has-post-thumbnail","hentry","category-noticias-de-ribeirao-preto-sp-e-regiao-ismael-colosi","tag-atlantica","tag-cai","tag-desmatamento","tag-mata"],"jetpack_publicize_connections":[],"jetpack_featured_media_url":"https:\/\/i0.wp.com\/noticiasribeiraopreto.com.br\/wp-content\/uploads\/2023\/11\/mata-scaled.jpg?fit=1000%2C599&ssl=1","jetpack-related-posts":[{"id":20971,"url":"https:\/\/noticiasribeiraopreto.com.br\/index.php\/2023\/12\/26\/desmatamento-na-amazonia-registra-maior-queda-do-ano-em-novembro\/","url_meta":{"origin":8699,"position":0},"title":"Desmatamento na Amaz\u00f4nia registra maior queda do ano em novembro","author":"noticiasribeiraopreto.com.br","date":"26 de December de 2023","format":false,"excerpt":"26 de dezembro de 2023 | 17:0026 de dezembro de 2023 | 14:48 0Em novembro, a Amaz\u00f4nia registrou a maior queda na taxa de desmatamento de todo o ano. Levantamento do Imazon, consolidado a partir do monitoramento por sat\u00e9lites, indica que a perda de vegeta\u00e7\u00e3o foi de 116 quil\u00f4metros quadrados\u2026","rel":"","context":"In &quot;Not\u00edcias de Ribeir\u00e3o Preto-SP e Regi\u00e3o&quot;","block_context":{"text":"Not\u00edcias de Ribeir\u00e3o Preto-SP e Regi\u00e3o","link":"https:\/\/noticiasribeiraopreto.com.br\/index.php\/category\/noticias-de-ribeirao-preto-sp-e-regiao-ismael-colosi\/"},"img":{"alt_text":"","src":"https:\/\/i0.wp.com\/noticiasribeiraopreto.com.br\/wp-content\/uploads\/2023\/12\/amazonia-scaled.jpg?fit=1000%2C598&ssl=1&resize=350%2C200","width":350,"height":200,"srcset":"https:\/\/i0.wp.com\/noticiasribeiraopreto.com.br\/wp-content\/uploads\/2023\/12\/amazonia-scaled.jpg?fit=1000%2C598&ssl=1&resize=350%2C200 1x, https:\/\/i0.wp.com\/noticiasribeiraopreto.com.br\/wp-content\/uploads\/2023\/12\/amazonia-scaled.jpg?fit=1000%2C598&ssl=1&resize=525%2C300 1.5x, https:\/\/i0.wp.com\/noticiasribeiraopreto.com.br\/wp-content\/uploads\/2023\/12\/amazonia-scaled.jpg?fit=1000%2C598&ssl=1&resize=700%2C400 2x"},"classes":[]},{"id":40206,"url":"https:\/\/noticiasribeiraopreto.com.br\/index.php\/2024\/03\/01\/desmatamento-no-cerrado-cai-48\/","url_meta":{"origin":8699,"position":1},"title":"Desmatamento no Cerrado cai 48%","author":"noticiasribeiraopreto.com.br","date":"1 de March de 2024","format":false,"excerpt":"1 de mar\u00e7o de 2024 | 15:001 de mar\u00e7o de 2024 | 9:58 0Em janeiro, a \u00e1rea de desmatamento no Cerrado diminuiu 48%, na compara\u00e7\u00e3o com dezembro de 2023, chegando a 51 mil hectares. Entre os fatores que explicam a varia\u00e7\u00e3o est\u00e3o a efetividade de pol\u00edticas p\u00fablicas de combate \u00e0\u2026","rel":"","context":"In &quot;Not\u00edcias de Ribeir\u00e3o Preto-SP e Regi\u00e3o&quot;","block_context":{"text":"Not\u00edcias de Ribeir\u00e3o Preto-SP e Regi\u00e3o","link":"https:\/\/noticiasribeiraopreto.com.br\/index.php\/category\/noticias-de-ribeirao-preto-sp-e-regiao-ismael-colosi\/"},"img":{"alt_text":"","src":"https:\/\/i0.wp.com\/noticiasribeiraopreto.com.br\/wp-content\/uploads\/2024\/03\/Cerrado-Amanda-Perobelli-Reuters-scaled.jpg?fit=1000%2C608&ssl=1&resize=350%2C200","width":350,"height":200,"srcset":"https:\/\/i0.wp.com\/noticiasribeiraopreto.com.br\/wp-content\/uploads\/2024\/03\/Cerrado-Amanda-Perobelli-Reuters-scaled.jpg?fit=1000%2C608&ssl=1&resize=350%2C200 1x, https:\/\/i0.wp.com\/noticiasribeiraopreto.com.br\/wp-content\/uploads\/2024\/03\/Cerrado-Amanda-Perobelli-Reuters-scaled.jpg?fit=1000%2C608&ssl=1&resize=525%2C300 1.5x, https:\/\/i0.wp.com\/noticiasribeiraopreto.com.br\/wp-content\/uploads\/2024\/03\/Cerrado-Amanda-Perobelli-Reuters-scaled.jpg?fit=1000%2C608&ssl=1&resize=700%2C400 2x"},"classes":[]},{"id":8334,"url":"https:\/\/noticiasribeiraopreto.com.br\/index.php\/2023\/11\/29\/desmatamento-do-cerrado-cresce-3\/","url_meta":{"origin":8699,"position":2},"title":"Desmatamento do Cerrado cresce 3%","author":"noticiasribeiraopreto.com.br","date":"29 de November de 2023","format":false,"excerpt":"29 de novembro de 2023 | 16:3029 de novembro de 2023 | 15:58 1O Cerrado perdeu 11.011 quil\u00f4metros quadrados (km\u00b2) de vegeta\u00e7\u00e3o nativa de agosto de 2022 a julho de 2023. Segundo dados do projeto Prodes Cerrado, que faz o monitoramento por sat\u00e9lite do bioma, a \u00e1rea suprimida \u00e9 3%\u2026","rel":"","context":"In &quot;Not\u00edcias de Ribeir\u00e3o Preto-SP e Regi\u00e3o&quot;","block_context":{"text":"Not\u00edcias de Ribeir\u00e3o Preto-SP e Regi\u00e3o","link":"https:\/\/noticiasribeiraopreto.com.br\/index.php\/category\/noticias-de-ribeirao-preto-sp-e-regiao-ismael-colosi\/"},"img":{"alt_text":"","src":"https:\/\/i0.wp.com\/noticiasribeiraopreto.com.br\/wp-content\/uploads\/2023\/11\/Desmate-scaled.jpg?fit=1000%2C597&ssl=1&resize=350%2C200","width":350,"height":200,"srcset":"https:\/\/i0.wp.com\/noticiasribeiraopreto.com.br\/wp-content\/uploads\/2023\/11\/Desmate-scaled.jpg?fit=1000%2C597&ssl=1&resize=350%2C200 1x, https:\/\/i0.wp.com\/noticiasribeiraopreto.com.br\/wp-content\/uploads\/2023\/11\/Desmate-scaled.jpg?fit=1000%2C597&ssl=1&resize=525%2C300 1.5x, https:\/\/i0.wp.com\/noticiasribeiraopreto.com.br\/wp-content\/uploads\/2023\/11\/Desmate-scaled.jpg?fit=1000%2C597&ssl=1&resize=700%2C400 2x"},"classes":[]},{"id":75396,"url":"https:\/\/noticiasribeiraopreto.com.br\/index.php\/2025\/08\/08\/desmate-cai-mais-de-20-no-cerrado\/","url_meta":{"origin":8699,"position":3},"title":"Desmate cai mais de 20% no Cerrado","author":"noticiasribeiraopreto.com.br","date":"8 de August de 2025","format":false,"excerpt":"8 de agosto de 2025 08:454 Compartilhar0 O bioma Amaz\u00f4nia registrou, ao longo dos \u00faltimos doze meses, aumento de 4% nos alertas de desmatamento, emitidos em um total de 4.495 quil\u00f4metros quadrados (km\u00b2), contra 4.321 km\u00b2 no per\u00edodo anterior. Apesar do crescimento, que interrompe uma sequ\u00eancia de quatro quedas, o\u2026","rel":"","context":"In &quot;Not\u00edcias de Ribeir\u00e3o Preto-SP e Regi\u00e3o&quot;","block_context":{"text":"Not\u00edcias de Ribeir\u00e3o Preto-SP e Regi\u00e3o","link":"https:\/\/noticiasribeiraopreto.com.br\/index.php\/category\/noticias-de-ribeirao-preto-sp-e-regiao-ismael-colosi\/"},"img":{"alt_text":"","src":"https:\/\/i0.wp.com\/noticiasribeiraopreto.com.br\/wp-content\/uploads\/2025\/08\/Desmate-Marcelo-Camargo-Ag.Br_.jpg?fit=1170%2C700&ssl=1&resize=350%2C200","width":350,"height":200,"srcset":"https:\/\/i0.wp.com\/noticiasribeiraopreto.com.br\/wp-content\/uploads\/2025\/08\/Desmate-Marcelo-Camargo-Ag.Br_.jpg?fit=1170%2C700&ssl=1&resize=350%2C200 1x, https:\/\/i0.wp.com\/noticiasribeiraopreto.com.br\/wp-content\/uploads\/2025\/08\/Desmate-Marcelo-Camargo-Ag.Br_.jpg?fit=1170%2C700&ssl=1&resize=525%2C300 1.5x, https:\/\/i0.wp.com\/noticiasribeiraopreto.com.br\/wp-content\/uploads\/2025\/08\/Desmate-Marcelo-Camargo-Ag.Br_.jpg?fit=1170%2C700&ssl=1&resize=700%2C400 2x, https:\/\/i0.wp.com\/noticiasribeiraopreto.com.br\/wp-content\/uploads\/2025\/08\/Desmate-Marcelo-Camargo-Ag.Br_.jpg?fit=1170%2C700&ssl=1&resize=1050%2C600 3x"},"classes":[]},{"id":64151,"url":"https:\/\/noticiasribeiraopreto.com.br\/index.php\/2025\/03\/03\/conheca-12-lugares-para-curtir-o-carnaval-em-refugios-da-natureza-em-sp\/","url_meta":{"origin":8699,"position":4},"title":"Conhe\u00e7a 12 lugares para curtir o Carnaval em ref\u00fagios da natureza em SP","author":"noticiasribeiraopreto.com.br","date":"3 de March de 2025","format":false,"excerpt":"Para quem deseja curtir o a reta final do Carnaval 2025 em um ref\u00fagio tranquilo e de beleza natural, as Unidades de Conserva\u00e7\u00e3o da Funda\u00e7\u00e3o Florestal do estado de S\u00e3o Paulo oferecem diversas atra\u00e7\u00f5es. Todas as unidades estar\u00e3o abertas durante o Carnaval, mas \u00e9 recomend\u00e1vel confirmar a necessidade de reserva\u2026","rel":"","context":"In &quot;Not\u00edcias de Ribeir\u00e3o Preto-SP e Regi\u00e3o&quot;","block_context":{"text":"Not\u00edcias de Ribeir\u00e3o Preto-SP e Regi\u00e3o","link":"https:\/\/noticiasribeiraopreto.com.br\/index.php\/category\/noticias-de-ribeirao-preto-sp-e-regiao-ismael-colosi\/"},"img":{"alt_text":"","src":"https:\/\/i0.wp.com\/noticiasribeiraopreto.com.br\/wp-content\/uploads\/2025\/03\/PISCINAS-NATURAIS_2025-03-03_15-54-15_jpg_2025-03-03_15-54-15.webp.webp?fit=1024%2C683&ssl=1&resize=350%2C200","width":350,"height":200,"srcset":"https:\/\/i0.wp.com\/noticiasribeiraopreto.com.br\/wp-content\/uploads\/2025\/03\/PISCINAS-NATURAIS_2025-03-03_15-54-15_jpg_2025-03-03_15-54-15.webp.webp?fit=1024%2C683&ssl=1&resize=350%2C200 1x, https:\/\/i0.wp.com\/noticiasribeiraopreto.com.br\/wp-content\/uploads\/2025\/03\/PISCINAS-NATURAIS_2025-03-03_15-54-15_jpg_2025-03-03_15-54-15.webp.webp?fit=1024%2C683&ssl=1&resize=525%2C300 1.5x, https:\/\/i0.wp.com\/noticiasribeiraopreto.com.br\/wp-content\/uploads\/2025\/03\/PISCINAS-NATURAIS_2025-03-03_15-54-15_jpg_2025-03-03_15-54-15.webp.webp?fit=1024%2C683&ssl=1&resize=700%2C400 2x"},"classes":[]},{"id":2787,"url":"https:\/\/noticiasribeiraopreto.com.br\/index.php\/2023\/11\/16\/bosque-zoologico-e-opcao-de-lazer-em-ribeirao-durante-o-feriado-de-20-de-novembro\/","url_meta":{"origin":8699,"position":5},"title":"Bosque Zool\u00f3gico \u00e9 op\u00e7\u00e3o de lazer em Ribeir\u00e3o durante o feriado de 20 de novembro","author":"noticiasribeiraopreto.com.br","date":"16 de November de 2023","format":false,"excerpt":"A Prefeitura de Ribeir\u00e3o Preto informou que o Bosque Zool\u00f3gico F\u00e1bio Barreto, localizado na zona Norte da cidade, estar\u00e1 aberto para visita\u00e7\u00e3o, durante o Dia da Consci\u00eancia Negra, celebrado em 20 de novembro. A data vai proporcionar o \u00faltimo feriado prolongado antes do Natal no Estado. O local funcionar\u00e1, excepcionalmente,\u2026","rel":"","context":"In &quot;Not\u00edcias de Ribeir\u00e3o Preto-SP e Regi\u00e3o&quot;","block_context":{"text":"Not\u00edcias de Ribeir\u00e3o Preto-SP e Regi\u00e3o","link":"https:\/\/noticiasribeiraopreto.com.br\/index.php\/category\/noticias-de-ribeirao-preto-sp-e-regiao-ismael-colosi\/"},"img":{"alt_text":"","src":"https:\/\/i0.wp.com\/noticiasribeiraopreto.com.br\/wp-content\/uploads\/2023\/11\/bosque.jpg?fit=1200%2C620&ssl=1&resize=350%2C200","width":350,"height":200,"srcset":"https:\/\/i0.wp.com\/noticiasribeiraopreto.com.br\/wp-content\/uploads\/2023\/11\/bosque.jpg?fit=1200%2C620&ssl=1&resize=350%2C200 1x, https:\/\/i0.wp.com\/noticiasribeiraopreto.com.br\/wp-content\/uploads\/2023\/11\/bosque.jpg?fit=1200%2C620&ssl=1&resize=525%2C300 1.5x, https:\/\/i0.wp.com\/noticiasribeiraopreto.com.br\/wp-content\/uploads\/2023\/11\/bosque.jpg?fit=1200%2C620&ssl=1&resize=700%2C400 2x, https:\/\/i0.wp.com\/noticiasribeiraopreto.com.br\/wp-content\/uploads\/2023\/11\/bosque.jpg?fit=1200%2C620&ssl=1&resize=1050%2C600 3x"},"classes":[]}],"jetpack_sharing_enabled":true,"jetpack_shortlink":"https:\/\/wp.me\/peQAOb-2gj","_links":{"self":[{"href":"https:\/\/noticiasribeiraopreto.com.br\/index.php\/wp-json\/wp\/v2\/posts\/8699","targetHints":{"allow":["GET"]}}],"collection":[{"href":"https:\/\/noticiasribeiraopreto.com.br\/index.php\/wp-json\/wp\/v2\/posts"}],"about":[{"href":"https:\/\/noticiasribeiraopreto.com.br\/index.php\/wp-json\/wp\/v2\/types\/post"}],"author":[{"embeddable":true,"href":"https:\/\/noticiasribeiraopreto.com.br\/index.php\/wp-json\/wp\/v2\/users\/1"}],"replies":[{"embeddable":true,"href":"https:\/\/noticiasribeiraopreto.com.br\/index.php\/wp-json\/wp\/v2\/comments?post=8699"}],"version-history":[{"count":0,"href":"https:\/\/noticiasribeiraopreto.com.br\/index.php\/wp-json\/wp\/v2\/posts\/8699\/revisions"}],"wp:featuredmedia":[{"embeddable":true,"href":"https:\/\/noticiasribeiraopreto.com.br\/index.php\/wp-json\/wp\/v2\/media\/8700"}],"wp:attachment":[{"href":"https:\/\/noticiasribeiraopreto.com.br\/index.php\/wp-json\/wp\/v2\/media?parent=8699"}],"wp:term":[{"taxonomy":"category","embeddable":true,"href":"https:\/\/noticiasribeiraopreto.com.br\/index.php\/wp-json\/wp\/v2\/categories?post=8699"},{"taxonomy":"post_tag","embeddable":true,"href":"https:\/\/noticiasribeiraopreto.com.br\/index.php\/wp-json\/wp\/v2\/tags?post=8699"}],"curies":[{"name":"wp","href":"https:\/\/api.w.org\/{rel}","templated":true}]}}