{"id":8705,"date":"2023-11-30T17:15:47","date_gmt":"2023-11-30T20:15:47","guid":{"rendered":"https:\/\/noticiasribeiraopreto.com.br\/index.php\/2023\/11\/30\/prefeito-de-ribeirao-preto-e-eleito-2o-vice-presidente-do-psdb-nacional\/"},"modified":"2023-11-30T17:15:47","modified_gmt":"2023-11-30T20:15:47","slug":"prefeito-de-ribeirao-preto-e-eleito-2o-vice-presidente-do-psdb-nacional","status":"publish","type":"post","link":"https:\/\/noticiasribeiraopreto.com.br\/index.php\/2023\/11\/30\/prefeito-de-ribeirao-preto-e-eleito-2o-vice-presidente-do-psdb-nacional\/","title":{"rendered":"Prefeito de Ribeir\u00e3o Preto \u00e9 eleito 2\u00ba vice-presidente do PSDB Nacional"},"content":{"rendered":"<div class='code-block code-block-1' style='margin: 8px 0 8px auto; text-align: right; display: block; clear: both;'>\n<p><a href=\"https:\/\/wa.link\/vpicfd\"><img data-recalc-dims=\"1\" class=\"wp-image-4922\" style=\"aspect-ratio: 2.0253164556962027; width: 561px; height: auto;\" src=\"https:\/\/i0.wp.com\/ismaelcolosi.com.br\/wp-content\/uploads\/2023\/11\/grupo-de-empregos-whatsapp-e-facebook-ismael-colosi-vagas.jpg?ssl=1\" alt=\"\" \/><\/a><\/p>\n<!-- \/wp:image -->\n<\/div>\n<p> <br \/>\n<\/p>\n<div data-td-block-uid=\"tdi_104\">\n<div class=\"tdb-block-inner td-fix-index\">\n<p><strong>O prefeito de Ribeir\u00e3o Preto, Duarte Nogueira, foi eleito o 2\u00ba vice-presidente da Comiss\u00e3o Executiva Nacional do PSDB para o per\u00edodo entre 2023 e 2025. A conven\u00e7\u00e3o nacional do partido aconteceu nesta quinta-feira (30), em Bras\u00edlia.<\/strong><\/p>\n<p>Al\u00e9m de Nogueira, foi eleito como 1\u00ba vice-presidente a prefeita de Pelotas-RS, Paula Mascarenhas. J\u00e1 o presidente eleito foi o ex-governador de Goi\u00e1s, Marconi Perillo. <mark style=\"background-color:#fcb900\" class=\"has-inline-color has-black-color\">O 1\u00ba e o 2\u00ba vice-presidente assumiriam o comando do partido em caso de impedimento do presidente.<\/mark><\/p>\n<p>O partido conta com outros seis vice-presidentes que assume fun\u00e7\u00f5es jur\u00eddicas, que ser\u00e3o ocupadas pelos governadores do Rio Grande do Sul, Eduardo Leite, de Mato Grosso do Sul, Eduardo Riedel, de Pernambuco, Raquel Lyra, e pelos deputados Beto Richa, Geovania de S\u00e1 e Marcos Vieira.<\/p>\n<h4 class=\"wp-block-heading\"><strong>Viagem internacional<\/strong><\/h4>\n<p>O prefeito de Ribeir\u00e3o Preto ter\u00e1 uma nova agenda fora de Ribeir\u00e3o Preto na pr\u00f3xima semana, j\u00e1 que ele participar\u00e1 da COP28, em Dubai, nos Emirados \u00c1rabes Unidos. Segundo a Administra\u00e7\u00e3o Municipal, Nogueira participar\u00e1 de dois pain\u00e9is nos dias 5 e 6 de dezembro.<\/p>\n<p>VEJA TAMB\u00c9M<br \/>Vulc\u00e3o em Ribeir\u00e3o Preto? Especialista gravou v\u00eddeo explicando o caso<\/p>\n<h4 class=\"wp-block-heading\"><strong>FIQUE ON<\/strong><\/h4>\n<p>Fique ligado em tudo que acontece em Ribeir\u00e3o Preto e regi\u00e3o. Siga os perfis do <strong>acidade on <\/strong>no <a href=\"https:\/\/www.instagram.com\/acidadeonribeirao\" target=\"_blank\" rel=\"noreferrer noopener nofollow\">Instagram<\/a> e no <a href=\"https:\/\/www.facebook.com\/acidadeonribeirao\" target=\"_blank\" rel=\"noreferrer noopener nofollow\">Facebook<\/a>.<\/p>\n<p>Receba not\u00edcias do <strong>acidade on<\/strong> no WhatsApp.<a href=\"https:\/\/chat.whatsapp.com\/Bnv2w66ZT4VDyZW3oiZ69n\" target=\"_blank\" rel=\"noreferrer noopener nofollow\"> Para entrar no grupo, basta clicar aqui.<\/a><\/p>\n<p>Fa\u00e7a uma den\u00fancia ou sugira uma reportagem sobre a Ribeir\u00e3o Preto e regi\u00e3o pelo WhatsApp: (16) 99117 7802.<\/p>\n<p>LEIA MAIS<br \/><a href=\"https:\/\/www.tudoep.com\/tudo-receitas\/NOT,0,0,1868373,creme-de-milho-aprenda-a-melhor-forma-de-fazer-essa-receita.aspx\" target=\"_blank\" rel=\"noreferrer noopener nofollow\">Creme de milho: aprenda a melhor forma de fazer essa receita<\/a><\/p>\n<p><!-- AI CONTENT END 1 -->\n<\/div>\n<\/div>\n<p><script async src=\"\/\/www.instagram.com\/embed.js\"><\/script><br \/>\n<br \/><br \/>\n<br \/><a href=\"https:\/\/www.acidadeon.com\/ribeiraopreto\/politica\/prefeito-de-ribeirao-preto-e-eleito-2o-vice-presidente-do-psdb-nacional\/\">Source link <\/a><\/p>\n<!-- CONTENT END 1 -->\n","protected":false},"excerpt":{"rendered":"<p>O prefeito de Ribeir\u00e3o Preto, Duarte Nogueira, foi eleito o 2\u00ba vice-presidente da Comiss\u00e3o Executiva Nacional do PSDB para o per\u00edodo entre 2023 e 2025&#8230;.<\/p>\n","protected":false},"author":1,"featured_media":8706,"comment_status":"open","ping_status":"open","sticky":false,"template":"","format":"standard","meta":{"advanced_seo_description":"","jetpack_seo_html_title":"","jetpack_seo_noindex":false,"jetpack_post_was_ever_published":false,"_jetpack_newsletter_access":"","_jetpack_dont_email_post_to_subs":false,"_jetpack_newsletter_tier_id":0,"_jetpack_memberships_contains_paywalled_content":false,"_jetpack_memberships_contains_paid_content":false,"footnotes":"","jetpack_publicize_message":"","jetpack_publicize_feature_enabled":true,"jetpack_social_post_already_shared":true,"jetpack_social_options":{"image_generator_settings":{"template":"highway","default_image_id":0,"font":"","enabled":false},"version":2}},"categories":[11],"tags":[1149,488,721,1020,27,1151,26,1150],"class_list":["post-8705","post","type-post","status-publish","format-standard","has-post-thumbnail","hentry","category-noticias-de-ribeirao-preto-sp-e-regiao-ismael-colosi","tag-2o","tag-eleito","tag-nacional","tag-prefeito","tag-preto","tag-psdb","tag-ribeirao","tag-vicepresidente"],"jetpack_publicize_connections":[],"jetpack_featured_media_url":"https:\/\/i0.wp.com\/noticiasribeiraopreto.com.br\/wp-content\/uploads\/2023\/11\/1701376281_duarte-nogueira.jpg?fit=1623%2C1080&ssl=1","jetpack-related-posts":[{"id":8740,"url":"https:\/\/noticiasribeiraopreto.com.br\/index.php\/2023\/11\/30\/isaac-antunes-e-eleito-presidente-da-camara-de-ribeirao-preto\/","url_meta":{"origin":8705,"position":0},"title":"Isaac Antunes \u00e9 eleito presidente da C\u00e2mara de Ribeir\u00e3o Preto","author":"noticiasribeiraopreto.com.br","date":"30 de November de 2023","format":false,"excerpt":"O vereador Isaac Antunes (PL) foi eleito presidente da Mesa Diretora da C\u00e2mara de Ribeir\u00e3o Preto para o ano de 2024. O parlamentar foi o \u00fanico indicado para fun\u00e7\u00e3o e recebeu 17 votos no pleito realizado na noite desta quinta-feira (30) \u2013 quatro parlamentares se abstiveram. O parlamentar est\u00e1 no\u2026","rel":"","context":"In &quot;Not\u00edcias de Ribeir\u00e3o Preto-SP e Regi\u00e3o&quot;","block_context":{"text":"Not\u00edcias de Ribeir\u00e3o Preto-SP e Regi\u00e3o","link":"https:\/\/noticiasribeiraopreto.com.br\/index.php\/category\/noticias-de-ribeirao-preto-sp-e-regiao-ismael-colosi\/"},"img":{"alt_text":"","src":"https:\/\/i0.wp.com\/noticiasribeiraopreto.com.br\/wp-content\/uploads\/2023\/11\/isaac-antunes-pl.jpg?fit=1200%2C799&ssl=1&resize=350%2C200","width":350,"height":200,"srcset":"https:\/\/i0.wp.com\/noticiasribeiraopreto.com.br\/wp-content\/uploads\/2023\/11\/isaac-antunes-pl.jpg?fit=1200%2C799&ssl=1&resize=350%2C200 1x, https:\/\/i0.wp.com\/noticiasribeiraopreto.com.br\/wp-content\/uploads\/2023\/11\/isaac-antunes-pl.jpg?fit=1200%2C799&ssl=1&resize=525%2C300 1.5x, https:\/\/i0.wp.com\/noticiasribeiraopreto.com.br\/wp-content\/uploads\/2023\/11\/isaac-antunes-pl.jpg?fit=1200%2C799&ssl=1&resize=700%2C400 2x, https:\/\/i0.wp.com\/noticiasribeiraopreto.com.br\/wp-content\/uploads\/2023\/11\/isaac-antunes-pl.jpg?fit=1200%2C799&ssl=1&resize=1050%2C600 3x"},"classes":[]},{"id":72971,"url":"https:\/\/noticiasribeiraopreto.com.br\/index.php\/2025\/06\/23\/ex-prefeito-de-ribeirao-deixa-o-psdb-apos-mais-de-26-anos\/","url_meta":{"origin":8705,"position":1},"title":"Ex-prefeito de Ribeir\u00e3o deixa o PSDB ap\u00f3s mais de 26 anos","author":"noticiasribeiraopreto.com.br","date":"23 de June de 2025","format":false,"excerpt":"O ex-prefeito de Ribeir\u00e3o Preto, Duarte Nogueira, protocolou nesta segunda-feira (23), sua desfilia\u00e7\u00e3o do PSDB (Partido da Social Democracia Brasileira), ap\u00f3s mais de 26 anos. A decis\u00e3o foi comunicada por meio de carta enviada ao presidente nacional do partido, Marconi Perillo (veja abaixo). Em dezembro de 2024, durante entrevista ao\u2026","rel":"","context":"In &quot;Not\u00edcias de Ribeir\u00e3o Preto-SP e Regi\u00e3o&quot;","block_context":{"text":"Not\u00edcias de Ribeir\u00e3o Preto-SP e Regi\u00e3o","link":"https:\/\/noticiasribeiraopreto.com.br\/index.php\/category\/noticias-de-ribeirao-preto-sp-e-regiao-ismael-colosi\/"},"img":{"alt_text":"","src":"https:\/\/i0.wp.com\/noticiasribeiraopreto.com.br\/wp-content\/uploads\/2025\/06\/duarte-nogueira.jpg?fit=1200%2C799&ssl=1&resize=350%2C200","width":350,"height":200,"srcset":"https:\/\/i0.wp.com\/noticiasribeiraopreto.com.br\/wp-content\/uploads\/2025\/06\/duarte-nogueira.jpg?fit=1200%2C799&ssl=1&resize=350%2C200 1x, https:\/\/i0.wp.com\/noticiasribeiraopreto.com.br\/wp-content\/uploads\/2025\/06\/duarte-nogueira.jpg?fit=1200%2C799&ssl=1&resize=525%2C300 1.5x, https:\/\/i0.wp.com\/noticiasribeiraopreto.com.br\/wp-content\/uploads\/2025\/06\/duarte-nogueira.jpg?fit=1200%2C799&ssl=1&resize=700%2C400 2x, https:\/\/i0.wp.com\/noticiasribeiraopreto.com.br\/wp-content\/uploads\/2025\/06\/duarte-nogueira.jpg?fit=1200%2C799&ssl=1&resize=1050%2C600 3x"},"classes":[]},{"id":42235,"url":"https:\/\/noticiasribeiraopreto.com.br\/index.php\/2024\/03\/13\/prefeito-de-ribeirao-preto-e-nomeado-presidente-de-federacao-em-sp-entenda\/","url_meta":{"origin":8705,"position":2},"title":"Prefeito de Ribeir\u00e3o Preto \u00e9 nomeado presidente de federa\u00e7\u00e3o em SP; Entenda","author":"noticiasribeiraopreto.com.br","date":"13 de March de 2024","format":false,"excerpt":"O prefeito de Ribeir\u00e3o Preto, Duarte Nogueira (PSDB), foi nomeado presidente da federa\u00e7\u00e3o PSDB-Cidadania, no Estado de S\u00e3o Paulo. O an\u00fancio foi realizado nesta quarta-feira (13) pelo presidente nacional do partido, Marconi Perillo. J\u00e1 o diret\u00f3rio estadual do partido ser\u00e1 presidido pelo prefeito de Santo Andr\u00e9, Paulo Serra. \u201cCom muita\u2026","rel":"","context":"In &quot;Not\u00edcias de Ribeir\u00e3o Preto-SP e Regi\u00e3o&quot;","block_context":{"text":"Not\u00edcias de Ribeir\u00e3o Preto-SP e Regi\u00e3o","link":"https:\/\/noticiasribeiraopreto.com.br\/index.php\/category\/noticias-de-ribeirao-preto-sp-e-regiao-ismael-colosi\/"},"img":{"alt_text":"","src":"https:\/\/i0.wp.com\/noticiasribeiraopreto.com.br\/wp-content\/uploads\/2024\/03\/duarte-nogueira.jpg?fit=1200%2C799&ssl=1&resize=350%2C200","width":350,"height":200,"srcset":"https:\/\/i0.wp.com\/noticiasribeiraopreto.com.br\/wp-content\/uploads\/2024\/03\/duarte-nogueira.jpg?fit=1200%2C799&ssl=1&resize=350%2C200 1x, https:\/\/i0.wp.com\/noticiasribeiraopreto.com.br\/wp-content\/uploads\/2024\/03\/duarte-nogueira.jpg?fit=1200%2C799&ssl=1&resize=525%2C300 1.5x, https:\/\/i0.wp.com\/noticiasribeiraopreto.com.br\/wp-content\/uploads\/2024\/03\/duarte-nogueira.jpg?fit=1200%2C799&ssl=1&resize=700%2C400 2x, https:\/\/i0.wp.com\/noticiasribeiraopreto.com.br\/wp-content\/uploads\/2024\/03\/duarte-nogueira.jpg?fit=1200%2C799&ssl=1&resize=1050%2C600 3x"},"classes":[]},{"id":55782,"url":"https:\/\/noticiasribeiraopreto.com.br\/index.php\/2024\/08\/06\/veja-quem-sao-os-candidatos-a-prefeitura-de-ribeirao-preto\/","url_meta":{"origin":8705,"position":3},"title":"Veja quem s\u00e3o os candidatos \u00e0 Prefeitura de Ribeir\u00e3o Preto","author":"noticiasribeiraopreto.com.br","date":"6 de August de 2024","format":false,"excerpt":"Com o fim do prazo para as conven\u00e7\u00f5es partid\u00e1rias, ficou definido que Ribeir\u00e3o Preto ter\u00e1 cinco nomes concorrendo ao cargo mais alto das elei\u00e7\u00f5es de 2024. Conforme o calend\u00e1rio eleitoral, os partidos pol\u00edticos e as federa\u00e7\u00f5es deveriam realizar suas conven\u00e7\u00f5es para a escolha das candidatas e dos candidatos aos cargos\u2026","rel":"","context":"In &quot;Not\u00edcias de Ribeir\u00e3o Preto-SP e Regi\u00e3o&quot;","block_context":{"text":"Not\u00edcias de Ribeir\u00e3o Preto-SP e Regi\u00e3o","link":"https:\/\/noticiasribeiraopreto.com.br\/index.php\/category\/noticias-de-ribeirao-preto-sp-e-regiao-ismael-colosi\/"},"img":{"alt_text":"","src":"https:\/\/i0.wp.com\/noticiasribeiraopreto.com.br\/wp-content\/uploads\/2024\/08\/Copia-de-Copia-de-TAMANHO-EXATO-PARA-FOTOS-NO-SISTEMA-NOVO-2024-08-06T151125.998_2024-08-06_18-11-48_png_2024-08-06_18-11-49.webp.webp?fit=1200%2C675&ssl=1&resize=350%2C200","width":350,"height":200,"srcset":"https:\/\/i0.wp.com\/noticiasribeiraopreto.com.br\/wp-content\/uploads\/2024\/08\/Copia-de-Copia-de-TAMANHO-EXATO-PARA-FOTOS-NO-SISTEMA-NOVO-2024-08-06T151125.998_2024-08-06_18-11-48_png_2024-08-06_18-11-49.webp.webp?fit=1200%2C675&ssl=1&resize=350%2C200 1x, https:\/\/i0.wp.com\/noticiasribeiraopreto.com.br\/wp-content\/uploads\/2024\/08\/Copia-de-Copia-de-TAMANHO-EXATO-PARA-FOTOS-NO-SISTEMA-NOVO-2024-08-06T151125.998_2024-08-06_18-11-48_png_2024-08-06_18-11-49.webp.webp?fit=1200%2C675&ssl=1&resize=525%2C300 1.5x, https:\/\/i0.wp.com\/noticiasribeiraopreto.com.br\/wp-content\/uploads\/2024\/08\/Copia-de-Copia-de-TAMANHO-EXATO-PARA-FOTOS-NO-SISTEMA-NOVO-2024-08-06T151125.998_2024-08-06_18-11-48_png_2024-08-06_18-11-49.webp.webp?fit=1200%2C675&ssl=1&resize=700%2C400 2x, https:\/\/i0.wp.com\/noticiasribeiraopreto.com.br\/wp-content\/uploads\/2024\/08\/Copia-de-Copia-de-TAMANHO-EXATO-PARA-FOTOS-NO-SISTEMA-NOVO-2024-08-06T151125.998_2024-08-06_18-11-48_png_2024-08-06_18-11-49.webp.webp?fit=1200%2C675&ssl=1&resize=1050%2C600 3x"},"classes":[]},{"id":71431,"url":"https:\/\/noticiasribeiraopreto.com.br\/index.php\/2025\/06\/05\/nogueira-vota-por-incorporacao-do-podemos-pelo-psdb-mas-despista-sobre-futuro\/","url_meta":{"origin":8705,"position":4},"title":"Nogueira vota por incorpora\u00e7\u00e3o do Podemos pelo PSDB, mas despista sobre futuro","author":"noticiasribeiraopreto.com.br","date":"5 de June de 2025","format":false,"excerpt":"O ex-prefeito de Ribeir\u00e3o Preto Duarte Nogueira disse que votou, nesta quinta-feira (5), a favor da incorpora\u00e7\u00e3o do Podemos pelo PSDB, seu atual partido. Contudo, Nogueira despistou sobre o futuro na legenda. Em fevereiro, ele chegou a se aproximar do de Gilberto Kassab, presidente nacional do PSD, partido do atual\u2026","rel":"","context":"In &quot;Not\u00edcias de Ribeir\u00e3o Preto-SP e Regi\u00e3o&quot;","block_context":{"text":"Not\u00edcias de Ribeir\u00e3o Preto-SP e Regi\u00e3o","link":"https:\/\/noticiasribeiraopreto.com.br\/index.php\/category\/noticias-de-ribeirao-preto-sp-e-regiao-ismael-colosi\/"},"img":{"alt_text":"","src":"https:\/\/i0.wp.com\/noticiasribeiraopreto.com.br\/wp-content\/uploads\/2024\/12\/nogueira_2024-12-17_18-52-40_jpg_2024-12-17_18-52-41.webp.webp?fit=1200%2C675&ssl=1&resize=350%2C200","width":350,"height":200,"srcset":"https:\/\/i0.wp.com\/noticiasribeiraopreto.com.br\/wp-content\/uploads\/2024\/12\/nogueira_2024-12-17_18-52-40_jpg_2024-12-17_18-52-41.webp.webp?fit=1200%2C675&ssl=1&resize=350%2C200 1x, https:\/\/i0.wp.com\/noticiasribeiraopreto.com.br\/wp-content\/uploads\/2024\/12\/nogueira_2024-12-17_18-52-40_jpg_2024-12-17_18-52-41.webp.webp?fit=1200%2C675&ssl=1&resize=525%2C300 1.5x, https:\/\/i0.wp.com\/noticiasribeiraopreto.com.br\/wp-content\/uploads\/2024\/12\/nogueira_2024-12-17_18-52-40_jpg_2024-12-17_18-52-41.webp.webp?fit=1200%2C675&ssl=1&resize=700%2C400 2x, https:\/\/i0.wp.com\/noticiasribeiraopreto.com.br\/wp-content\/uploads\/2024\/12\/nogueira_2024-12-17_18-52-40_jpg_2024-12-17_18-52-41.webp.webp?fit=1200%2C675&ssl=1&resize=1050%2C600 3x"},"classes":[]},{"id":72952,"url":"https:\/\/noticiasribeiraopreto.com.br\/index.php\/2025\/06\/23\/duarte-nogueira-deixa-o-psdb\/","url_meta":{"origin":8705,"position":5},"title":"Duarte Nogueira deixa o PSDB","author":"noticiasribeiraopreto.com.br","date":"23 de June de 2025","format":false,"excerpt":"23 de junho de 2025 12:361 Compartilhar0 O ex-prefeito de Ribeir\u00e3o Preto, Duarte Nogueira, protocolou nesta segunda-feira, 23 de junho, sua carta de desfilia\u00e7\u00e3o do Partido da Social Democracia Brasileira (PSDB), legenda na qual construiu uma trajet\u00f3ria de mais de 26 anos. Na carta, endere\u00e7ada ao presidente nacional do partido,\u2026","rel":"","context":"In &quot;Not\u00edcias de Ribeir\u00e3o Preto-SP e Regi\u00e3o&quot;","block_context":{"text":"Not\u00edcias de Ribeir\u00e3o Preto-SP e Regi\u00e3o","link":"https:\/\/noticiasribeiraopreto.com.br\/index.php\/category\/noticias-de-ribeirao-preto-sp-e-regiao-ismael-colosi\/"},"img":{"alt_text":"","src":"https:\/\/i0.wp.com\/noticiasribeiraopreto.com.br\/wp-content\/uploads\/2025\/06\/nogueira-scaled-1.jpg?fit=970%2C645&ssl=1&resize=350%2C200","width":350,"height":200,"srcset":"https:\/\/i0.wp.com\/noticiasribeiraopreto.com.br\/wp-content\/uploads\/2025\/06\/nogueira-scaled-1.jpg?fit=970%2C645&ssl=1&resize=350%2C200 1x, https:\/\/i0.wp.com\/noticiasribeiraopreto.com.br\/wp-content\/uploads\/2025\/06\/nogueira-scaled-1.jpg?fit=970%2C645&ssl=1&resize=525%2C300 1.5x, https:\/\/i0.wp.com\/noticiasribeiraopreto.com.br\/wp-content\/uploads\/2025\/06\/nogueira-scaled-1.jpg?fit=970%2C645&ssl=1&resize=700%2C400 2x"},"classes":[]}],"jetpack_sharing_enabled":true,"jetpack_shortlink":"https:\/\/wp.me\/peQAOb-2gp","_links":{"self":[{"href":"https:\/\/noticiasribeiraopreto.com.br\/index.php\/wp-json\/wp\/v2\/posts\/8705","targetHints":{"allow":["GET"]}}],"collection":[{"href":"https:\/\/noticiasribeiraopreto.com.br\/index.php\/wp-json\/wp\/v2\/posts"}],"about":[{"href":"https:\/\/noticiasribeiraopreto.com.br\/index.php\/wp-json\/wp\/v2\/types\/post"}],"author":[{"embeddable":true,"href":"https:\/\/noticiasribeiraopreto.com.br\/index.php\/wp-json\/wp\/v2\/users\/1"}],"replies":[{"embeddable":true,"href":"https:\/\/noticiasribeiraopreto.com.br\/index.php\/wp-json\/wp\/v2\/comments?post=8705"}],"version-history":[{"count":0,"href":"https:\/\/noticiasribeiraopreto.com.br\/index.php\/wp-json\/wp\/v2\/posts\/8705\/revisions"}],"wp:featuredmedia":[{"embeddable":true,"href":"https:\/\/noticiasribeiraopreto.com.br\/index.php\/wp-json\/wp\/v2\/media\/8706"}],"wp:attachment":[{"href":"https:\/\/noticiasribeiraopreto.com.br\/index.php\/wp-json\/wp\/v2\/media?parent=8705"}],"wp:term":[{"taxonomy":"category","embeddable":true,"href":"https:\/\/noticiasribeiraopreto.com.br\/index.php\/wp-json\/wp\/v2\/categories?post=8705"},{"taxonomy":"post_tag","embeddable":true,"href":"https:\/\/noticiasribeiraopreto.com.br\/index.php\/wp-json\/wp\/v2\/tags?post=8705"}],"curies":[{"name":"wp","href":"https:\/\/api.w.org\/{rel}","templated":true}]}}