{"id":8740,"date":"2023-11-30T19:12:46","date_gmt":"2023-11-30T22:12:46","guid":{"rendered":"https:\/\/noticiasribeiraopreto.com.br\/index.php\/2023\/11\/30\/isaac-antunes-e-eleito-presidente-da-camara-de-ribeirao-preto\/"},"modified":"2023-11-30T19:12:46","modified_gmt":"2023-11-30T22:12:46","slug":"isaac-antunes-e-eleito-presidente-da-camara-de-ribeirao-preto","status":"publish","type":"post","link":"https:\/\/noticiasribeiraopreto.com.br\/index.php\/2023\/11\/30\/isaac-antunes-e-eleito-presidente-da-camara-de-ribeirao-preto\/","title":{"rendered":"Isaac Antunes \u00e9 eleito presidente da C\u00e2mara de Ribeir\u00e3o Preto"},"content":{"rendered":"<div class='code-block code-block-1' style='margin: 8px 0 8px auto; text-align: right; display: block; clear: both;'>\n<p><a href=\"https:\/\/wa.link\/vpicfd\"><img data-recalc-dims=\"1\" class=\"wp-image-4922\" style=\"aspect-ratio: 2.0253164556962027; width: 561px; height: auto;\" src=\"https:\/\/i0.wp.com\/ismaelcolosi.com.br\/wp-content\/uploads\/2023\/11\/grupo-de-empregos-whatsapp-e-facebook-ismael-colosi-vagas.jpg?ssl=1\" alt=\"\" \/><\/a><\/p>\n<!-- \/wp:image -->\n<\/div>\n<p> <br \/>\n<\/p>\n<div data-td-block-uid=\"tdi_104\">\n<div class=\"tdb-block-inner td-fix-index\">\n<p><strong>O vereador Isaac Antunes (PL) foi eleito presidente da Mesa Diretora da<a href=\"https:\/\/www.camararibeiraopreto.sp.gov.br\/\" target=\"_blank\" rel=\"noreferrer noopener nofollow\"> C\u00e2mara de Ribeir\u00e3o Preto <\/a>para o ano de 2024. O parlamentar foi o \u00fanico indicado para fun\u00e7\u00e3o e recebeu 17 votos no pleito realizado na noite desta quinta-feira (30) \u2013 quatro parlamentares se abstiveram.<\/strong><\/p>\n<p>O parlamentar est\u00e1 no segundo mandato e, em 2020, ele foi reeleito ao Legislativo com 1.705 votos. Em outubro, Isaac anunciou que \u00e9 pr\u00e9-candidato a prefeitura nas elei\u00e7\u00f5es de 2024.<\/p>\n<p>No ano passado, o vereador confessou a participa\u00e7\u00e3o em um esquema de capta\u00e7\u00e3o il\u00edcita de votos nas elei\u00e7\u00f5es de 2016. <mark style=\"background-color:#fcb900\" class=\"has-inline-color has-black-color\">Por conta disso, ele assinou um acordo de n\u00e3o persecu\u00e7\u00e3o penal com o Minist\u00e9rio P\u00fablico Eleitoral.<\/mark><\/p>\n<p>Por conta disso, ele teve que pagar uma multa de cinco sal\u00e1rios m\u00ednimos.<\/p>\n<h4 class=\"wp-block-heading\"><strong>O que \u00e9?<\/strong><\/h4>\n<p>O presidente da Mesa Diretora \u00e9 respons\u00e1vel pelos trabalhos administrativos do Legislativo, al\u00e9m de promulgar resolu\u00e7\u00f5es e decretos legislativos.<\/p>\n<p>Ele tamb\u00e9m est\u00e1 na sucess\u00e3o da Administra\u00e7\u00e3o Municipal, podendo assumir a prefeitura em caso de impedimento do prefeito e do vice-prefeito, por exemplo.<\/p>\n<h4 class=\"wp-block-heading\"><strong>Veja quem votou em Isaac Antunes<\/strong><\/h4>\n<ul>\n<li>Maur\u00edcio Vila Abranches (PSDB)<\/li>\n<\/ul>\n<ul>\n<li>Bertinho Scandiuzzi (PSDB)<\/li>\n<\/ul>\n<ul>\n<li>Maur\u00edcio Gasparini (Uni\u00e3o)<\/li>\n<\/ul>\n<h4 class=\"wp-block-heading\"><strong>Absten\u00e7\u00e3o<\/strong><\/h4>\n<p>O vereador Andr\u00e9 Rodini (Novo) n\u00e3o votou.<\/p>\n<p>VEJA TAMB\u00c9M<br \/>Prefeito de Ribeir\u00e3o Preto \u00e9 eleito 2\u00ba vice-presidente do PSDB Nacional<\/p>\n<h4 class=\"wp-block-heading\"><strong>FIQUE ON<\/strong><\/h4>\n<p>Fique ligado em tudo que acontece em Ribeir\u00e3o Preto e regi\u00e3o. Siga os perfis do<strong> acidade on <\/strong>no <a href=\"https:\/\/www.instagram.com\/acidadeonribeirao\" target=\"_blank\" rel=\"noreferrer noopener nofollow\">Instagram<\/a> e no<a href=\"https:\/\/www.facebook.com\/acidadeonribeirao\" target=\"_blank\" rel=\"noreferrer noopener nofollow\"> Facebook.<\/a><\/p>\n<p>Receba not\u00edcias do<strong> acidade on <\/strong>no WhatsApp. <a href=\"https:\/\/chat.whatsapp.com\/Bnv2w66ZT4VDyZW3oiZ69n\" target=\"_blank\" rel=\"noreferrer noopener nofollow\">Para entrar no grupo, basta clicar aqui.<\/a><\/p>\n<p>Fa\u00e7a uma den\u00fancia ou sugira uma reportagem sobre a Ribeir\u00e3o Preto e regi\u00e3o pelo WhatsApp: (16) 99117 7802.<\/p>\n<p>LEIA MAIS<br \/><a href=\"https:\/\/www.tudoep.com\/tudo-cult\/tudo-cult\/viu-essa\/NOT,0,0,1868392,mansao-de-clodovil-pode-ser-demolida-entenda.aspx\" target=\"_blank\" rel=\"noreferrer noopener nofollow\">Mans\u00e3o de Clodovil pode ser demolida; entenda<\/a><\/p>\n<p><!-- AI CONTENT END 1 -->\n<\/div>\n<\/div>\n<p><script async src=\"\/\/www.instagram.com\/embed.js\"><\/script><br \/>\n<br \/><br \/>\n<br \/><a href=\"https:\/\/www.acidadeon.com\/ribeiraopreto\/politica\/isaac-antunes-e-eleito-presidente-da-camara-de-ribeirao-preto\/\">Source link <\/a><\/p>\n<!-- CONTENT END 1 -->\n","protected":false},"excerpt":{"rendered":"<p>O vereador Isaac Antunes (PL) foi eleito presidente da Mesa Diretora da C\u00e2mara de Ribeir\u00e3o Preto para o ano de 2024. O parlamentar foi o&#8230;<\/p>\n","protected":false},"author":1,"featured_media":8741,"comment_status":"open","ping_status":"open","sticky":false,"template":"","format":"standard","meta":{"advanced_seo_description":"","jetpack_seo_html_title":"","jetpack_seo_noindex":false,"jetpack_post_was_ever_published":false,"_jetpack_newsletter_access":"","_jetpack_dont_email_post_to_subs":false,"_jetpack_newsletter_tier_id":0,"_jetpack_memberships_contains_paywalled_content":false,"_jetpack_memberships_contains_paid_content":false,"footnotes":"","jetpack_publicize_message":"","jetpack_publicize_feature_enabled":true,"jetpack_social_post_already_shared":true,"jetpack_social_options":{"image_generator_settings":{"template":"highway","default_image_id":0,"font":"","enabled":false},"version":2}},"categories":[11],"tags":[1166,154,488,1165,487,27,26],"class_list":["post-8740","post","type-post","status-publish","format-standard","has-post-thumbnail","hentry","category-noticias-de-ribeirao-preto-sp-e-regiao-ismael-colosi","tag-antunes","tag-camara","tag-eleito","tag-isaac","tag-presidente","tag-preto","tag-ribeirao"],"jetpack_publicize_connections":[],"jetpack_featured_media_url":"https:\/\/i0.wp.com\/noticiasribeiraopreto.com.br\/wp-content\/uploads\/2023\/11\/isaac-antunes-pl.jpg?fit=1200%2C799&ssl=1","jetpack-related-posts":[{"id":62026,"url":"https:\/\/noticiasribeiraopreto.com.br\/index.php\/2025\/01\/01\/isaac-antunes-e-reeleito-presidente-da-camara-de-ribeirao-preto\/","url_meta":{"origin":8740,"position":0},"title":"Isaac Antunes \u00e9 reeleito presidente da C\u00e2mara de Ribeir\u00e3o Preto","author":"noticiasribeiraopreto.com.br","date":"1 de January de 2025","format":false,"excerpt":"O vereador Isaac Antunes (PL) foi reeleito presidente da Mesa Diretora da C\u00e2mara Municipal de Ribeir\u00e3o Preto, nesta quarta-feira (1\u00ba de janeiro). Isaac vai ocupar a fun\u00e7\u00e3o pelo segundo ano consecutivo e foi o \u00fanico inscrito na disputa. O parlamentar foi o segundo mais votado nas elei\u00e7\u00f5es municipais de 2024,\u2026","rel":"","context":"In &quot;Not\u00edcias de Ribeir\u00e3o Preto-SP e Regi\u00e3o&quot;","block_context":{"text":"Not\u00edcias de Ribeir\u00e3o Preto-SP e Regi\u00e3o","link":"https:\/\/noticiasribeiraopreto.com.br\/index.php\/category\/noticias-de-ribeirao-preto-sp-e-regiao-ismael-colosi\/"},"img":{"alt_text":"","src":"https:\/\/i0.wp.com\/noticiasribeiraopreto.com.br\/wp-content\/uploads\/2025\/01\/isaac-antunes-pl.jpg?fit=1200%2C799&ssl=1&resize=350%2C200","width":350,"height":200,"srcset":"https:\/\/i0.wp.com\/noticiasribeiraopreto.com.br\/wp-content\/uploads\/2025\/01\/isaac-antunes-pl.jpg?fit=1200%2C799&ssl=1&resize=350%2C200 1x, https:\/\/i0.wp.com\/noticiasribeiraopreto.com.br\/wp-content\/uploads\/2025\/01\/isaac-antunes-pl.jpg?fit=1200%2C799&ssl=1&resize=525%2C300 1.5x, https:\/\/i0.wp.com\/noticiasribeiraopreto.com.br\/wp-content\/uploads\/2025\/01\/isaac-antunes-pl.jpg?fit=1200%2C799&ssl=1&resize=700%2C400 2x, https:\/\/i0.wp.com\/noticiasribeiraopreto.com.br\/wp-content\/uploads\/2025\/01\/isaac-antunes-pl.jpg?fit=1200%2C799&ssl=1&resize=1050%2C600 3x"},"classes":[]},{"id":84108,"url":"https:\/\/noticiasribeiraopreto.com.br\/index.php\/2026\/04\/01\/daniel-gobbi-e-eleito-novo-presidente-da-camara\/","url_meta":{"origin":8740,"position":1},"title":"Daniel Gobbi \u00e9 eleito novo presidente da C\u00e2mara","author":"noticiasribeiraopreto.com.br","date":"1 de April de 2026","format":false,"excerpt":"O vereador Daniel Gobbi (PP) foi eleito nesta quarta-feira, 1 de abril, o novo presidente da C\u00e2mara de Vereadores de Ribeir\u00e3o Preto. A elei\u00e7\u00e3o suplementar foi necess\u00e1ria ap\u00f3s a ren\u00fancia de Isaac Antunes (PL) que deixou o cargo, por recomenda\u00e7\u00e3o do Minist\u00e9rio P\u00fablico do Estado de S\u00e3o Paulo (MP\/SP). Ele\u2026","rel":"","context":"In &quot;Not\u00edcias de Ribeir\u00e3o Preto-SP e Regi\u00e3o&quot;","block_context":{"text":"Not\u00edcias de Ribeir\u00e3o Preto-SP e Regi\u00e3o","link":"https:\/\/noticiasribeiraopreto.com.br\/index.php\/category\/noticias-de-ribeirao-preto-sp-e-regiao-ismael-colosi\/"},"img":{"alt_text":"","src":"https:\/\/i0.wp.com\/noticiasribeiraopreto.com.br\/wp-content\/uploads\/2026\/04\/WhatsApp-Image-2026-04-01-at-19.18.04-scaled.jpeg?fit=1200%2C645&ssl=1&resize=350%2C200","width":350,"height":200,"srcset":"https:\/\/i0.wp.com\/noticiasribeiraopreto.com.br\/wp-content\/uploads\/2026\/04\/WhatsApp-Image-2026-04-01-at-19.18.04-scaled.jpeg?fit=1200%2C645&ssl=1&resize=350%2C200 1x, https:\/\/i0.wp.com\/noticiasribeiraopreto.com.br\/wp-content\/uploads\/2026\/04\/WhatsApp-Image-2026-04-01-at-19.18.04-scaled.jpeg?fit=1200%2C645&ssl=1&resize=525%2C300 1.5x, https:\/\/i0.wp.com\/noticiasribeiraopreto.com.br\/wp-content\/uploads\/2026\/04\/WhatsApp-Image-2026-04-01-at-19.18.04-scaled.jpeg?fit=1200%2C645&ssl=1&resize=700%2C400 2x, https:\/\/i0.wp.com\/noticiasribeiraopreto.com.br\/wp-content\/uploads\/2026\/04\/WhatsApp-Image-2026-04-01-at-19.18.04-scaled.jpeg?fit=1200%2C645&ssl=1&resize=1050%2C600 3x"},"classes":[]},{"id":4568,"url":"https:\/\/noticiasribeiraopreto.com.br\/index.php\/2023\/11\/21\/camara-de-ribeirao-preto-aprova-nova-mocao-para-presidente-eleito-da-argentina\/","url_meta":{"origin":8740,"position":2},"title":"C\u00e2mara de Ribeir\u00e3o Preto aprova nova mo\u00e7\u00e3o para presidente eleito da Argentina","author":"noticiasribeiraopreto.com.br","date":"21 de November de 2023","format":false,"excerpt":"A C\u00e2mara de Ribeir\u00e3o Preto aprovou na noite desta ter\u00e7a-feira (21) uma mo\u00e7\u00e3o de congratula\u00e7\u00e3o para parabenizar Javier Milei, presidente eleito da Argentina, nas elei\u00e7\u00f5es realizadas no \u00faltimo domingo (19). A proposta foi aprovada com 9 votos favor\u00e1veis e 4 quatro votos contr\u00e1rios \u2013 veja como cada vereador votou abaixo.\u2026","rel":"","context":"In &quot;Not\u00edcias de Ribeir\u00e3o Preto-SP e Regi\u00e3o&quot;","block_context":{"text":"Not\u00edcias de Ribeir\u00e3o Preto-SP e Regi\u00e3o","link":"https:\/\/noticiasribeiraopreto.com.br\/index.php\/category\/noticias-de-ribeirao-preto-sp-e-regiao-ismael-colosi\/"},"img":{"alt_text":"","src":"https:\/\/i0.wp.com\/noticiasribeiraopreto.com.br\/wp-content\/uploads\/2023\/11\/javier-milei.jpg?fit=751%2C711&ssl=1&resize=350%2C200","width":350,"height":200,"srcset":"https:\/\/i0.wp.com\/noticiasribeiraopreto.com.br\/wp-content\/uploads\/2023\/11\/javier-milei.jpg?fit=751%2C711&ssl=1&resize=350%2C200 1x, https:\/\/i0.wp.com\/noticiasribeiraopreto.com.br\/wp-content\/uploads\/2023\/11\/javier-milei.jpg?fit=751%2C711&ssl=1&resize=525%2C300 1.5x, https:\/\/i0.wp.com\/noticiasribeiraopreto.com.br\/wp-content\/uploads\/2023\/11\/javier-milei.jpg?fit=751%2C711&ssl=1&resize=700%2C400 2x"},"classes":[]},{"id":6313,"url":"https:\/\/noticiasribeiraopreto.com.br\/index.php\/2023\/11\/25\/desinteresse-domina-a-eleicao-na-camara-de-rp\/","url_meta":{"origin":8740,"position":3},"title":"Desinteresse domina a elei\u00e7\u00e3o na C\u00e2mara\u00a0de RP","author":"noticiasribeiraopreto.com.br","date":"25 de November de 2023","format":false,"excerpt":"A cinco dias para elei\u00e7\u00e3o da nova Mesa Diretora da C\u00e2mara de Ribeir\u00e3o Preto para o pr\u00f3ximo ano, somente um vereador se lan\u00e7ou candidato ao segundo cargo mais importante do munic\u00edpio, atr\u00e1s apenas da fun\u00e7\u00e3o de chefe do Executivo, hoje ocupada pelo prefeito Duarte Nogueira (PSDB). A elei\u00e7\u00e3o ser\u00e1 na\u2026","rel":"","context":"In &quot;Not\u00edcias de Ribeir\u00e3o Preto-SP e Regi\u00e3o&quot;","block_context":{"text":"Not\u00edcias de Ribeir\u00e3o Preto-SP e Regi\u00e3o","link":"https:\/\/noticiasribeiraopreto.com.br\/index.php\/category\/noticias-de-ribeirao-preto-sp-e-regiao-ismael-colosi\/"},"img":{"alt_text":"","src":"https:\/\/i0.wp.com\/noticiasribeiraopreto.com.br\/wp-content\/uploads\/2023\/11\/CamaraRP-Alfredo-Risk-Arquivo-ok-scaled.jpg?fit=1200%2C800&ssl=1&resize=350%2C200","width":350,"height":200,"srcset":"https:\/\/i0.wp.com\/noticiasribeiraopreto.com.br\/wp-content\/uploads\/2023\/11\/CamaraRP-Alfredo-Risk-Arquivo-ok-scaled.jpg?fit=1200%2C800&ssl=1&resize=350%2C200 1x, https:\/\/i0.wp.com\/noticiasribeiraopreto.com.br\/wp-content\/uploads\/2023\/11\/CamaraRP-Alfredo-Risk-Arquivo-ok-scaled.jpg?fit=1200%2C800&ssl=1&resize=525%2C300 1.5x, https:\/\/i0.wp.com\/noticiasribeiraopreto.com.br\/wp-content\/uploads\/2023\/11\/CamaraRP-Alfredo-Risk-Arquivo-ok-scaled.jpg?fit=1200%2C800&ssl=1&resize=700%2C400 2x, https:\/\/i0.wp.com\/noticiasribeiraopreto.com.br\/wp-content\/uploads\/2023\/11\/CamaraRP-Alfredo-Risk-Arquivo-ok-scaled.jpg?fit=1200%2C800&ssl=1&resize=1050%2C600 3x"},"classes":[]},{"id":84113,"url":"https:\/\/noticiasribeiraopreto.com.br\/index.php\/2026\/04\/01\/gobbi-e-eleito-presidente-da-mesa-diretora-da-camara-de-ribeirao-preto\/","url_meta":{"origin":8740,"position":4},"title":"Gobbi \u00e9 eleito presidente da Mesa Diretora da C\u00e2mara de Ribeir\u00e3o Preto","author":"noticiasribeiraopreto.com.br","date":"1 de April de 2026","format":false,"excerpt":"Ler o resumo da not\u00edcia Daniel Gobbi (PP) foi eleito presidente da Mesa Diretora da C\u00e2mara de Ribeir\u00e3o Preto nesta quarta-feira (1\u00ba), derrotando Duda Hidalgo (PT). Gobbi substitui Isaac Antunes (PL), que renunciou na segunda-feira (30) ap\u00f3s recomenda\u00e7\u00e3o do MP-SP por irregularidade no terceiro mandato consecutivo. Isaac Antunes foi eleito\u2026","rel":"","context":"In &quot;Not\u00edcias de Ribeir\u00e3o Preto-SP e Regi\u00e3o&quot;","block_context":{"text":"Not\u00edcias de Ribeir\u00e3o Preto-SP e Regi\u00e3o","link":"https:\/\/noticiasribeiraopreto.com.br\/index.php\/category\/noticias-de-ribeirao-preto-sp-e-regiao-ismael-colosi\/"},"img":{"alt_text":"","src":"https:\/\/i0.wp.com\/noticiasribeiraopreto.com.br\/wp-content\/uploads\/2026\/04\/daniel-gobbi_2026-04-01_20-31-10.webp.webp?fit=1200%2C800&ssl=1&resize=350%2C200","width":350,"height":200,"srcset":"https:\/\/i0.wp.com\/noticiasribeiraopreto.com.br\/wp-content\/uploads\/2026\/04\/daniel-gobbi_2026-04-01_20-31-10.webp.webp?fit=1200%2C800&ssl=1&resize=350%2C200 1x, https:\/\/i0.wp.com\/noticiasribeiraopreto.com.br\/wp-content\/uploads\/2026\/04\/daniel-gobbi_2026-04-01_20-31-10.webp.webp?fit=1200%2C800&ssl=1&resize=525%2C300 1.5x, https:\/\/i0.wp.com\/noticiasribeiraopreto.com.br\/wp-content\/uploads\/2026\/04\/daniel-gobbi_2026-04-01_20-31-10.webp.webp?fit=1200%2C800&ssl=1&resize=700%2C400 2x, https:\/\/i0.wp.com\/noticiasribeiraopreto.com.br\/wp-content\/uploads\/2026\/04\/daniel-gobbi_2026-04-01_20-31-10.webp.webp?fit=1200%2C800&ssl=1&resize=1050%2C600 3x"},"classes":[]},{"id":76934,"url":"https:\/\/noticiasribeiraopreto.com.br\/index.php\/2025\/09\/09\/camara-barra-processo-contra-presidente\/","url_meta":{"origin":8740,"position":5},"title":"C\u00e2mara barra processo contra presidente","author":"noticiasribeiraopreto.com.br","date":"9 de September de 2025","format":false,"excerpt":"Representa\u00e7\u00e3o contra Isaac Antunes foi protocolada por PCdoB e PSOL no Conselho de \u00c9tica e Decoro Parlamentar; plen\u00e1rio arquivou\u2028\u2028 Os vereadores de Ribeir\u00e3o Preto rejeitaram, na sess\u00e3o desta segunda-feira, 8 de setembro, representa\u00e7\u00e3o protocolada por Partido Comunista do Brasil (PCdoB) e Partido Socialismo e Liberdade (PSOL) no Conselho de \u00c9tica\u2026","rel":"","context":"In &quot;Not\u00edcias de Ribeir\u00e3o Preto-SP e Regi\u00e3o&quot;","block_context":{"text":"Not\u00edcias de Ribeir\u00e3o Preto-SP e Regi\u00e3o","link":"https:\/\/noticiasribeiraopreto.com.br\/index.php\/category\/noticias-de-ribeirao-preto-sp-e-regiao-ismael-colosi\/"},"img":{"alt_text":"","src":"https:\/\/i0.wp.com\/noticiasribeiraopreto.com.br\/wp-content\/uploads\/2025\/09\/Reforma-Thaisa-Coroado-Camara-scaled.jpg?fit=1170%2C780&ssl=1&resize=350%2C200","width":350,"height":200,"srcset":"https:\/\/i0.wp.com\/noticiasribeiraopreto.com.br\/wp-content\/uploads\/2025\/09\/Reforma-Thaisa-Coroado-Camara-scaled.jpg?fit=1170%2C780&ssl=1&resize=350%2C200 1x, https:\/\/i0.wp.com\/noticiasribeiraopreto.com.br\/wp-content\/uploads\/2025\/09\/Reforma-Thaisa-Coroado-Camara-scaled.jpg?fit=1170%2C780&ssl=1&resize=525%2C300 1.5x, https:\/\/i0.wp.com\/noticiasribeiraopreto.com.br\/wp-content\/uploads\/2025\/09\/Reforma-Thaisa-Coroado-Camara-scaled.jpg?fit=1170%2C780&ssl=1&resize=700%2C400 2x, https:\/\/i0.wp.com\/noticiasribeiraopreto.com.br\/wp-content\/uploads\/2025\/09\/Reforma-Thaisa-Coroado-Camara-scaled.jpg?fit=1170%2C780&ssl=1&resize=1050%2C600 3x"},"classes":[]}],"jetpack_sharing_enabled":true,"jetpack_shortlink":"https:\/\/wp.me\/peQAOb-2gY","_links":{"self":[{"href":"https:\/\/noticiasribeiraopreto.com.br\/index.php\/wp-json\/wp\/v2\/posts\/8740","targetHints":{"allow":["GET"]}}],"collection":[{"href":"https:\/\/noticiasribeiraopreto.com.br\/index.php\/wp-json\/wp\/v2\/posts"}],"about":[{"href":"https:\/\/noticiasribeiraopreto.com.br\/index.php\/wp-json\/wp\/v2\/types\/post"}],"author":[{"embeddable":true,"href":"https:\/\/noticiasribeiraopreto.com.br\/index.php\/wp-json\/wp\/v2\/users\/1"}],"replies":[{"embeddable":true,"href":"https:\/\/noticiasribeiraopreto.com.br\/index.php\/wp-json\/wp\/v2\/comments?post=8740"}],"version-history":[{"count":0,"href":"https:\/\/noticiasribeiraopreto.com.br\/index.php\/wp-json\/wp\/v2\/posts\/8740\/revisions"}],"wp:featuredmedia":[{"embeddable":true,"href":"https:\/\/noticiasribeiraopreto.com.br\/index.php\/wp-json\/wp\/v2\/media\/8741"}],"wp:attachment":[{"href":"https:\/\/noticiasribeiraopreto.com.br\/index.php\/wp-json\/wp\/v2\/media?parent=8740"}],"wp:term":[{"taxonomy":"category","embeddable":true,"href":"https:\/\/noticiasribeiraopreto.com.br\/index.php\/wp-json\/wp\/v2\/categories?post=8740"},{"taxonomy":"post_tag","embeddable":true,"href":"https:\/\/noticiasribeiraopreto.com.br\/index.php\/wp-json\/wp\/v2\/tags?post=8740"}],"curies":[{"name":"wp","href":"https:\/\/api.w.org\/{rel}","templated":true}]}}