{"id":8754,"date":"2023-11-30T17:26:16","date_gmt":"2023-11-30T20:26:16","guid":{"rendered":"https:\/\/noticiasribeiraopreto.com.br\/index.php\/2023\/11\/30\/ciesp-ribeirao-elege-eduardo-passalacqua-industrial-do-ano\/"},"modified":"2023-11-30T17:26:16","modified_gmt":"2023-11-30T20:26:16","slug":"ciesp-ribeirao-elege-eduardo-passalacqua-industrial-do-ano","status":"publish","type":"post","link":"https:\/\/noticiasribeiraopreto.com.br\/index.php\/2023\/11\/30\/ciesp-ribeirao-elege-eduardo-passalacqua-industrial-do-ano\/","title":{"rendered":"CIESP Ribeir\u00e3o elege Eduardo Passalacqua &#8216;Industrial do Ano&#8217;"},"content":{"rendered":"<div class='code-block code-block-1' style='margin: 8px 0 8px auto; text-align: right; display: block; clear: both;'>\n<p><a href=\"https:\/\/wa.link\/vpicfd\"><img data-recalc-dims=\"1\" class=\"wp-image-4922\" style=\"aspect-ratio: 2.0253164556962027; width: 561px; height: auto;\" src=\"https:\/\/i0.wp.com\/ismaelcolosi.com.br\/wp-content\/uploads\/2023\/11\/grupo-de-empregos-whatsapp-e-facebook-ismael-colosi-vagas.jpg?ssl=1\" alt=\"\" \/><\/a><\/p>\n<!-- \/wp:image -->\n<\/div>\n<p> <br \/>\n<\/p>\n<div id=\"post-365826\">\n<header class=\"entry-header penci-entry-header penci-title-center\">\n<p> <span class=\"entry-meta-item penci-posted-on\"><i class=\"fa fa-clock-o\"\/><time class=\"entry-date published\" datetime=\"2023-11-30T17:26:16-03:00\">30 de novembro de 2023 | 17:26<\/time><time class=\"updated\" datetime=\"2023-11-30T17:27:00-03:00\">30 de novembro de 2023 | 17:27<\/time><\/span><\/p>\n<p> <span class=\"penci-social-buttons penci-social-share-footer\"><a href=\"#\" class=\"penci-post-like penci_post-meta_item  single-like-button penci-social-item like\" data-post_id=\"365826\" title=\"Like\" data-like=\"Like\" data-unlike=\"Unlike\"><i class=\"fa fa-thumbs-o-up\"\/><span class=\"penci-share-number\">0<\/span><\/a><i class=\"fa fa-facebook\"\/><a class=\"penci-social-item twitter\" target=\"_blank\" rel=\"noopener\" title=\"\" href=\"https:\/\/twitter.com\/intent\/tweet?text=CIESP%20Ribeir\u00e3o%20elege%20Eduardo%20Passalacqua%20-Industrial%20do%20Ano-%20-%20https:\/\/www.tribunaribeirao.com.br\/site\/ciesp-ribeirao-elege-eduardo-passalacqua-industrial-do-ano\/\"><i class=\"fa fa-twitter\"\/><\/a><i class=\"fa fa-whatsapp\"\/><\/span><\/header>\n<div class=\"penci-entry-content entry-content\">\n<p>A Diretoria Regional de Ribeir\u00e3o Preto, do Centro das Ind\u00fastrias do Estado de S\u00e3o Paulo (CIESP) reuniu seus associados na noite de ontem (29), no espa\u00e7o Seu Tib\u00e9rio para comemorar o encerramento do exerc\u00edcio do ano de 2023 e apresentar o Industrial do Ano. Na ocasi\u00e3o, foi laureado como Industrial do Ano 2023, o sr. Eduardo Passalacqua.<\/p>\n<p>Representando o CIESP-SP, esteve presente na solenidade o\u00a02\u00ba Vice-Presidente da Entidade,\u00a0Vandermir Francesconi J\u00fanior.<\/p>\n<p><noscript><img data-recalc-dims=\"1\" loading=\"lazy\" decoding=\"async\" class=\"wp-image-365828 size-full\" style=\"font-weight: bold;text-align: center\" src=\"https:\/\/i0.wp.com\/www.tribunaribeirao.com.br\/site\/wp-content\/uploads\/2023\/11\/Ciesp03-scaled.jpeg?resize=860%2C645&#038;ssl=1\" alt=\"\" width=\"860\" height=\"645\" srcset=\"https:\/\/www.tribunaribeirao.com.br\/site\/wp-content\/uploads\/2023\/11\/Ciesp03-scaled.jpeg 860w, https:\/\/www.tribunaribeirao.com.br\/site\/wp-content\/uploads\/2023\/11\/Ciesp03-300x225.jpeg 300w, https:\/\/www.tribunaribeirao.com.br\/site\/wp-content\/uploads\/2023\/11\/Ciesp03-768x576.jpeg 768w, https:\/\/www.tribunaribeirao.com.br\/site\/wp-content\/uploads\/2023\/11\/Ciesp03-760x570.jpeg 760w, https:\/\/www.tribunaribeirao.com.br\/site\/wp-content\/uploads\/2023\/11\/Ciesp03-960x720.jpeg 960w, https:\/\/www.tribunaribeirao.com.br\/site\/wp-content\/uploads\/2023\/11\/Ciesp03-533x400.jpeg 533w, https:\/\/www.tribunaribeirao.com.br\/site\/wp-content\/uploads\/2023\/11\/Ciesp03-585x439.jpeg 585w\" sizes=\"auto, (max-width: 860px) 100vw, 860px\"\/><\/noscript><\/p>\n<p>O Industrial do Ano, Eduardo Passalacqua recebe o trof\u00e9u das m\u00e3os de Dorival Balbino<\/p>\n<p>A regional de Ribeir\u00e3o Preto, do CIESP tem como diretor-titular o industrial Andr\u00e9 Ign\u00e1cio. As lideran\u00e7as do setor lembraram que o Ciesp \u00e9 a maior entidade no mundo em termos de representa\u00e7\u00e3o industrial e que hoje as ind\u00fastrias representam cerca de 13% da economia brasileira, um \u00edndice que a entidade e seus diretores esperam elevar para 20% at\u00e9 2030.<\/p>\n<p>Os industriais presentes tamb\u00e9m criticaram um projeto do governo Tarc\u00edsio de aumento da al\u00edquota do ICMS, como forma de minimizar uma prov\u00e1vel perda de receita com a nova reforma tribut\u00e1ria.<\/p>\n<p>Convidado, o vice-prefeito de Ribeir\u00e3o Preto Daniel Gobbi disse que uma das metas futuras da administra\u00e7\u00e3o municipal \u00e9 implantar um novo distrito industrial em Ribeir\u00e3o Preto, ampliando as plantas que j\u00e1 existem fomentando o crescimento do setor \u201cque \u00e9 um dos que mais empregam e paga os melhores sal\u00e1rios\u201d, destacou.<\/p>\n<figure id=\"attachment_365829\" aria-describedby=\"caption-attachment-365829\" style=\"width: 841px\" class=\"wp-caption alignnone\"><img data-recalc-dims=\"1\" loading=\"lazy\" decoding=\"async\" alt=\"\" width=\"841\" height=\"645\" srcset=\"https:\/\/www.tribunaribeirao.com.br\/site\/wp-content\/uploads\/2023\/11\/Ciesp02-scaled.jpeg 841w, https:\/\/www.tribunaribeirao.com.br\/site\/wp-content\/uploads\/2023\/11\/Ciesp02-300x230.jpeg 300w, https:\/\/www.tribunaribeirao.com.br\/site\/wp-content\/uploads\/2023\/11\/Ciesp02-768x589.jpeg 768w, https:\/\/www.tribunaribeirao.com.br\/site\/wp-content\/uploads\/2023\/11\/Ciesp02-960x736.jpeg 960w, https:\/\/www.tribunaribeirao.com.br\/site\/wp-content\/uploads\/2023\/11\/Ciesp02-522x400.jpeg 522w, https:\/\/www.tribunaribeirao.com.br\/site\/wp-content\/uploads\/2023\/11\/Ciesp02-585x448.jpeg 585w\" src=\"https:\/\/i0.wp.com\/www.tribunaribeirao.com.br\/site\/wp-content\/uploads\/2023\/11\/Ciesp02-scaled.jpeg?resize=841%2C645&#038;ssl=1\" data-sizes=\"(max-width: 841px) 100vw, 841px\" class=\"wp-image-365829 size-full lazyload\"\/><noscript><img data-recalc-dims=\"1\" loading=\"lazy\" decoding=\"async\" class=\"wp-image-365829 size-full\" src=\"https:\/\/i0.wp.com\/www.tribunaribeirao.com.br\/site\/wp-content\/uploads\/2023\/11\/Ciesp02-scaled.jpeg?resize=841%2C645&#038;ssl=1\" alt=\"\" width=\"841\" height=\"645\" srcset=\"https:\/\/www.tribunaribeirao.com.br\/site\/wp-content\/uploads\/2023\/11\/Ciesp02-scaled.jpeg 841w, https:\/\/www.tribunaribeirao.com.br\/site\/wp-content\/uploads\/2023\/11\/Ciesp02-300x230.jpeg 300w, https:\/\/www.tribunaribeirao.com.br\/site\/wp-content\/uploads\/2023\/11\/Ciesp02-768x589.jpeg 768w, https:\/\/www.tribunaribeirao.com.br\/site\/wp-content\/uploads\/2023\/11\/Ciesp02-960x736.jpeg 960w, https:\/\/www.tribunaribeirao.com.br\/site\/wp-content\/uploads\/2023\/11\/Ciesp02-522x400.jpeg 522w, https:\/\/www.tribunaribeirao.com.br\/site\/wp-content\/uploads\/2023\/11\/Ciesp02-585x448.jpeg 585w\" sizes=\"auto, (max-width: 841px) 100vw, 841px\"\/><\/noscript><figcaption id=\"caption-attachment-365829\" class=\"wp-caption-text\">Industriais de Ribeir\u00e3o Preto e da regi\u00e3o prestigiaram o evento em Ribeir\u00e3o Preto<\/figcaption><\/figure>\n<\/div>\n<footer class=\"penci-entry-footer\"\/><\/div>\n<p><script async src=\"\/\/platform.twitter.com\/widgets.js\" charset=\"utf-8\"><\/script><br \/>\n<br \/><br \/>\n<br \/><a href=\"https:\/\/www.tribunaribeirao.com.br\/site\/ciesp-ribeirao-elege-eduardo-passalacqua-industrial-do-ano\/\">Source link <\/a><\/p>\n<!-- CONTENT END 1 -->\n","protected":false},"excerpt":{"rendered":"<p>30 de novembro de 2023 | 17:2630 de novembro de 2023 | 17:27 0 A Diretoria Regional de Ribeir\u00e3o Preto, do Centro das Ind\u00fastrias do&#8230;<\/p>\n","protected":false},"author":1,"featured_media":8755,"comment_status":"open","ping_status":"open","sticky":false,"template":"","format":"standard","meta":{"advanced_seo_description":"","jetpack_seo_html_title":"","jetpack_seo_noindex":false,"jetpack_post_was_ever_published":false,"_jetpack_newsletter_access":"","_jetpack_dont_email_post_to_subs":false,"_jetpack_newsletter_tier_id":0,"_jetpack_memberships_contains_paywalled_content":false,"_jetpack_memberships_contains_paid_content":false,"footnotes":"","jetpack_publicize_message":"","jetpack_publicize_feature_enabled":true,"jetpack_social_post_already_shared":true,"jetpack_social_options":{"image_generator_settings":{"template":"highway","default_image_id":0,"font":"","enabled":false},"version":2}},"categories":[11],"tags":[681,1167,1169,1168,1171,1170,26],"class_list":["post-8754","post","type-post","status-publish","format-standard","has-post-thumbnail","hentry","category-noticias-de-ribeirao-preto-sp-e-regiao-ismael-colosi","tag-ano","tag-ciesp","tag-eduardo","tag-elege","tag-industrial","tag-passalacqua","tag-ribeirao"],"jetpack_publicize_connections":[],"jetpack_featured_media_url":"https:\/\/i0.wp.com\/noticiasribeiraopreto.com.br\/wp-content\/uploads\/2023\/11\/Ciesp01-scaled.jpeg?fit=860%2C645&ssl=1","jetpack-related-posts":[{"id":80051,"url":"https:\/\/noticiasribeiraopreto.com.br\/index.php\/2025\/11\/13\/ribeirao-preto-ganha-polo-da-camara-de-conciliacao-mediacao-e-arbitragem-ciesp-fiesp\/","url_meta":{"origin":8754,"position":0},"title":"Ribeir\u00e3o Preto ganha polo da C\u00e2mara de Concilia\u00e7\u00e3o, Media\u00e7\u00e3o e Arbitragem Ciesp\/Fiesp","author":"noticiasribeiraopreto.com.br","date":"13 de November de 2025","format":false,"excerpt":"A Diretoria Regional do Ciesp (Centro das Ind\u00fastrias do Estado de S\u00e3o Paulo) em Ribeir\u00e3o Preto inaugura nesta sexta-feira (14), o Polo Regional da C\u00e2mara de Concilia\u00e7\u00e3o, Media\u00e7\u00e3o e Arbitragem Ciesp\/Fiesp. Durante o evento, tamb\u00e9m ser\u00e1 assinada uma parceria entre a C\u00e2mara Ciesp\/Fiesp e a Faesp (Federa\u00e7\u00e3o da Agricultura e\u2026","rel":"","context":"In &quot;Not\u00edcias de Ribeir\u00e3o Preto-SP e Regi\u00e3o&quot;","block_context":{"text":"Not\u00edcias de Ribeir\u00e3o Preto-SP e Regi\u00e3o","link":"https:\/\/noticiasribeiraopreto.com.br\/index.php\/category\/noticias-de-ribeirao-preto-sp-e-regiao-ismael-colosi\/"},"img":{"alt_text":"","src":"https:\/\/i0.wp.com\/noticiasribeiraopreto.com.br\/wp-content\/uploads\/2025\/11\/conciliacao_2025-11-13_15-08-14.webp.webp?fit=1200%2C800&ssl=1&resize=350%2C200","width":350,"height":200,"srcset":"https:\/\/i0.wp.com\/noticiasribeiraopreto.com.br\/wp-content\/uploads\/2025\/11\/conciliacao_2025-11-13_15-08-14.webp.webp?fit=1200%2C800&ssl=1&resize=350%2C200 1x, https:\/\/i0.wp.com\/noticiasribeiraopreto.com.br\/wp-content\/uploads\/2025\/11\/conciliacao_2025-11-13_15-08-14.webp.webp?fit=1200%2C800&ssl=1&resize=525%2C300 1.5x, https:\/\/i0.wp.com\/noticiasribeiraopreto.com.br\/wp-content\/uploads\/2025\/11\/conciliacao_2025-11-13_15-08-14.webp.webp?fit=1200%2C800&ssl=1&resize=700%2C400 2x, https:\/\/i0.wp.com\/noticiasribeiraopreto.com.br\/wp-content\/uploads\/2025\/11\/conciliacao_2025-11-13_15-08-14.webp.webp?fit=1200%2C800&ssl=1&resize=1050%2C600 3x"},"classes":[]},{"id":16026,"url":"https:\/\/noticiasribeiraopreto.com.br\/index.php\/2023\/12\/14\/fabricante-chinesa-de-carros-eletricos-promete-reduzir-em-ate-1o-a-temperatura-global\/","url_meta":{"origin":8754,"position":1},"title":"Fabricante chinesa de carros el\u00e9tricos promete reduzir em at\u00e9 1\u00ba a temperatura global","author":"noticiasribeiraopreto.com.br","date":"14 de December de 2023","format":false,"excerpt":"14 de dezembro de 2023 | 17:41 0Maior fabricante de ve\u00edculos el\u00e9tricos do mundo, BYD, j\u00e1 evitou mais de 30 bilh\u00f5es de quilos de emiss\u00f5es de carbono e visa diminuir ainda mais os impactos ambientaisA BYD esteve presente em Ribeir\u00e3o Preto nesta quarta-feira, (13), em um evento realizado na concession\u00e1ria\u2026","rel":"","context":"In &quot;Not\u00edcias de Ribeir\u00e3o Preto-SP e Regi\u00e3o&quot;","block_context":{"text":"Not\u00edcias de Ribeir\u00e3o Preto-SP e Regi\u00e3o","link":"https:\/\/noticiasribeiraopreto.com.br\/index.php\/category\/noticias-de-ribeirao-preto-sp-e-regiao-ismael-colosi\/"},"img":{"alt_text":"","src":"https:\/\/i0.wp.com\/noticiasribeiraopreto.com.br\/wp-content\/uploads\/2023\/12\/byd_capa.jpeg?fit=747%2C469&ssl=1&resize=350%2C200","width":350,"height":200,"srcset":"https:\/\/i0.wp.com\/noticiasribeiraopreto.com.br\/wp-content\/uploads\/2023\/12\/byd_capa.jpeg?fit=747%2C469&ssl=1&resize=350%2C200 1x, https:\/\/i0.wp.com\/noticiasribeiraopreto.com.br\/wp-content\/uploads\/2023\/12\/byd_capa.jpeg?fit=747%2C469&ssl=1&resize=525%2C300 1.5x, https:\/\/i0.wp.com\/noticiasribeiraopreto.com.br\/wp-content\/uploads\/2023\/12\/byd_capa.jpeg?fit=747%2C469&ssl=1&resize=700%2C400 2x"},"classes":[]},{"id":70224,"url":"https:\/\/noticiasribeiraopreto.com.br\/index.php\/2025\/05\/23\/acao-ambiental-vai-distribuir-mudas-nativas-gratuitamente-em-ribeirao-preto\/","url_meta":{"origin":8754,"position":2},"title":"A\u00e7\u00e3o ambiental vai distribuir mudas nativas gratuitamente em Ribeir\u00e3o Preto","author":"noticiasribeiraopreto.com.br","date":"23 de May de 2025","format":false,"excerpt":"No dia 30 de maio, Ribeir\u00e3o Preto recebe o Terra Mais Verde, a\u00e7\u00e3o de plantio de mudas nativas para ampliar a arboriza\u00e7\u00e3o urbana. A atividade \u00e9 organizada pela EPTV e pelo programa Terra da Gente, em parceria com a Secretaria do Meio Ambiente de Ribeir\u00e3o Preto. O plantio ser\u00e1 realizado\u2026","rel":"","context":"In &quot;Not\u00edcias de Ribeir\u00e3o Preto-SP e Regi\u00e3o&quot;","block_context":{"text":"Not\u00edcias de Ribeir\u00e3o Preto-SP e Regi\u00e3o","link":"https:\/\/noticiasribeiraopreto.com.br\/index.php\/category\/noticias-de-ribeirao-preto-sp-e-regiao-ismael-colosi\/"},"img":{"alt_text":"","src":"https:\/\/i0.wp.com\/noticiasribeiraopreto.com.br\/wp-content\/uploads\/2025\/05\/Copia-de-Copia-de-Copia-de-TAMANHO-EXATO-PARA-FOTOS-NO-SISTEMA-NOVO-91_2025-05-23_19-14-18.webp.webp?fit=1200%2C675&ssl=1&resize=350%2C200","width":350,"height":200,"srcset":"https:\/\/i0.wp.com\/noticiasribeiraopreto.com.br\/wp-content\/uploads\/2025\/05\/Copia-de-Copia-de-Copia-de-TAMANHO-EXATO-PARA-FOTOS-NO-SISTEMA-NOVO-91_2025-05-23_19-14-18.webp.webp?fit=1200%2C675&ssl=1&resize=350%2C200 1x, https:\/\/i0.wp.com\/noticiasribeiraopreto.com.br\/wp-content\/uploads\/2025\/05\/Copia-de-Copia-de-Copia-de-TAMANHO-EXATO-PARA-FOTOS-NO-SISTEMA-NOVO-91_2025-05-23_19-14-18.webp.webp?fit=1200%2C675&ssl=1&resize=525%2C300 1.5x, https:\/\/i0.wp.com\/noticiasribeiraopreto.com.br\/wp-content\/uploads\/2025\/05\/Copia-de-Copia-de-Copia-de-TAMANHO-EXATO-PARA-FOTOS-NO-SISTEMA-NOVO-91_2025-05-23_19-14-18.webp.webp?fit=1200%2C675&ssl=1&resize=700%2C400 2x, https:\/\/i0.wp.com\/noticiasribeiraopreto.com.br\/wp-content\/uploads\/2025\/05\/Copia-de-Copia-de-Copia-de-TAMANHO-EXATO-PARA-FOTOS-NO-SISTEMA-NOVO-91_2025-05-23_19-14-18.webp.webp?fit=1200%2C675&ssl=1&resize=1050%2C600 3x"},"classes":[]},{"id":63516,"url":"https:\/\/noticiasribeiraopreto.com.br\/index.php\/2025\/02\/14\/lide-empreendedor-anuncia-inicio-das-atividades-em-ribeirao-preto\/","url_meta":{"origin":8754,"position":3},"title":"LIDE Empreendedor anuncia in\u00edcio das atividades em Ribeir\u00e3o Preto","author":"noticiasribeiraopreto.com.br","date":"14 de February de 2025","format":false,"excerpt":"Chegando para complementar o impulsionamento, a inova\u00e7\u00e3o e a troca de experi\u00eancias entre lideran\u00e7as das empresas da regi\u00e3o 016, o LIDE Empreendedor anuncia seu in\u00edcio de atividades em Ribeir\u00e3o Preto. O lan\u00e7amento, bem como o an\u00fancio de seus representantes, foi feito por Victor Azouri Bermudes, presidente do LIDE Ribeir\u00e3o Preto,\u2026","rel":"","context":"In &quot;Not\u00edcias de Ribeir\u00e3o Preto-SP e Regi\u00e3o&quot;","block_context":{"text":"Not\u00edcias de Ribeir\u00e3o Preto-SP e Regi\u00e3o","link":"https:\/\/noticiasribeiraopreto.com.br\/index.php\/category\/noticias-de-ribeirao-preto-sp-e-regiao-ismael-colosi\/"},"img":{"alt_text":"","src":"https:\/\/i0.wp.com\/noticiasribeiraopreto.com.br\/wp-content\/uploads\/2025\/02\/Foto-0173.jpg?fit=1200%2C800&ssl=1&resize=350%2C200","width":350,"height":200,"srcset":"https:\/\/i0.wp.com\/noticiasribeiraopreto.com.br\/wp-content\/uploads\/2025\/02\/Foto-0173.jpg?fit=1200%2C800&ssl=1&resize=350%2C200 1x, https:\/\/i0.wp.com\/noticiasribeiraopreto.com.br\/wp-content\/uploads\/2025\/02\/Foto-0173.jpg?fit=1200%2C800&ssl=1&resize=525%2C300 1.5x, https:\/\/i0.wp.com\/noticiasribeiraopreto.com.br\/wp-content\/uploads\/2025\/02\/Foto-0173.jpg?fit=1200%2C800&ssl=1&resize=700%2C400 2x, https:\/\/i0.wp.com\/noticiasribeiraopreto.com.br\/wp-content\/uploads\/2025\/02\/Foto-0173.jpg?fit=1200%2C800&ssl=1&resize=1050%2C600 3x"},"classes":[]},{"id":70894,"url":"https:\/\/noticiasribeiraopreto.com.br\/index.php\/2025\/05\/30\/jornal-da-franca-novo-espaco-do-ciesp-franca-e-reinaugurado-com-foco-em-negocios-e-tributacao\/","url_meta":{"origin":8754,"position":4},"title":"Jornal da Franca &#8211; Novo espa\u00e7o do Ciesp Franca \u00e9 reinaugurado com foco em neg\u00f3cios e tributa\u00e7\u00e3o","author":"noticiasribeiraopreto.com.br","date":"30 de May de 2025","format":false,"excerpt":"compartilhar no whatsapp compartilhar no telegram compartilhar no facebook compartilhar no linkedin Diretor Jur\u00eddico do Ciesp recomenda que empresas criem grupos internos para estudar impactos positivos e delicados da Reforma Tribut\u00e1ria Reinaugura\u00e7\u00e3o do audit\u00f3rio da CIESP contou com palestra sobre reforma tribut\u00e1ria \u00a0 Cerca de 150 lideran\u00e7as empresariais e pol\u00edticas\u2026","rel":"","context":"In &quot;Not\u00edcias de Franca-SP&quot;","block_context":{"text":"Not\u00edcias de Franca-SP","link":"https:\/\/noticiasribeiraopreto.com.br\/index.php\/category\/noticias-de-ribeirao-preto-sp-e-regiao-ismael-colosi\/noticias-franca-sp\/"},"img":{"alt_text":"","src":"https:\/\/i0.wp.com\/noticiasribeiraopreto.com.br\/wp-content\/uploads\/2025\/05\/ciesp-franca-reinauguracao.jpg?fit=1200%2C800&ssl=1&resize=350%2C200","width":350,"height":200,"srcset":"https:\/\/i0.wp.com\/noticiasribeiraopreto.com.br\/wp-content\/uploads\/2025\/05\/ciesp-franca-reinauguracao.jpg?fit=1200%2C800&ssl=1&resize=350%2C200 1x, https:\/\/i0.wp.com\/noticiasribeiraopreto.com.br\/wp-content\/uploads\/2025\/05\/ciesp-franca-reinauguracao.jpg?fit=1200%2C800&ssl=1&resize=525%2C300 1.5x, https:\/\/i0.wp.com\/noticiasribeiraopreto.com.br\/wp-content\/uploads\/2025\/05\/ciesp-franca-reinauguracao.jpg?fit=1200%2C800&ssl=1&resize=700%2C400 2x, https:\/\/i0.wp.com\/noticiasribeiraopreto.com.br\/wp-content\/uploads\/2025\/05\/ciesp-franca-reinauguracao.jpg?fit=1200%2C800&ssl=1&resize=1050%2C600 3x"},"classes":[]},{"id":74984,"url":"https:\/\/noticiasribeiraopreto.com.br\/index.php\/2025\/08\/01\/regiao-tem-superavit-de-us-12-bi\/","url_meta":{"origin":8754,"position":5},"title":"Regi\u00e3o tem super\u00e1vit de US$ 1,2 bi","author":"noticiasribeiraopreto.com.br","date":"1 de August de 2025","format":false,"excerpt":"Levantamento do Departamento de Rela\u00e7\u00f5es Internacionais e Com\u00e9rcio Exterior da Federa\u00e7\u00e3o das Ind\u00fastrias do Estado de S\u00e3o Paulo (Fiesp), baseado em dados das regionais do Centro das Ind\u00fastrias do Estado de S\u00e3o Paulo (Ciesp), mostra que, no primeiro semestre de 2025, a regi\u00e3o de Ribeir\u00e3o Preto teve exporta\u00e7\u00f5es de US$\u2026","rel":"","context":"In &quot;Not\u00edcias de Ribeir\u00e3o Preto-SP e Regi\u00e3o&quot;","block_context":{"text":"Not\u00edcias de Ribeir\u00e3o Preto-SP e Regi\u00e3o","link":"https:\/\/noticiasribeiraopreto.com.br\/index.php\/category\/noticias-de-ribeirao-preto-sp-e-regiao-ismael-colosi\/"},"img":{"alt_text":"","src":"https:\/\/i0.wp.com\/noticiasribeiraopreto.com.br\/wp-content\/uploads\/2025\/08\/expor.jpg?fit=580%2C388&ssl=1&resize=350%2C200","width":350,"height":200,"srcset":"https:\/\/i0.wp.com\/noticiasribeiraopreto.com.br\/wp-content\/uploads\/2025\/08\/expor.jpg?fit=580%2C388&ssl=1&resize=350%2C200 1x, https:\/\/i0.wp.com\/noticiasribeiraopreto.com.br\/wp-content\/uploads\/2025\/08\/expor.jpg?fit=580%2C388&ssl=1&resize=525%2C300 1.5x"},"classes":[]}],"jetpack_sharing_enabled":true,"jetpack_shortlink":"https:\/\/wp.me\/peQAOb-2hc","_links":{"self":[{"href":"https:\/\/noticiasribeiraopreto.com.br\/index.php\/wp-json\/wp\/v2\/posts\/8754","targetHints":{"allow":["GET"]}}],"collection":[{"href":"https:\/\/noticiasribeiraopreto.com.br\/index.php\/wp-json\/wp\/v2\/posts"}],"about":[{"href":"https:\/\/noticiasribeiraopreto.com.br\/index.php\/wp-json\/wp\/v2\/types\/post"}],"author":[{"embeddable":true,"href":"https:\/\/noticiasribeiraopreto.com.br\/index.php\/wp-json\/wp\/v2\/users\/1"}],"replies":[{"embeddable":true,"href":"https:\/\/noticiasribeiraopreto.com.br\/index.php\/wp-json\/wp\/v2\/comments?post=8754"}],"version-history":[{"count":0,"href":"https:\/\/noticiasribeiraopreto.com.br\/index.php\/wp-json\/wp\/v2\/posts\/8754\/revisions"}],"wp:featuredmedia":[{"embeddable":true,"href":"https:\/\/noticiasribeiraopreto.com.br\/index.php\/wp-json\/wp\/v2\/media\/8755"}],"wp:attachment":[{"href":"https:\/\/noticiasribeiraopreto.com.br\/index.php\/wp-json\/wp\/v2\/media?parent=8754"}],"wp:term":[{"taxonomy":"category","embeddable":true,"href":"https:\/\/noticiasribeiraopreto.com.br\/index.php\/wp-json\/wp\/v2\/categories?post=8754"},{"taxonomy":"post_tag","embeddable":true,"href":"https:\/\/noticiasribeiraopreto.com.br\/index.php\/wp-json\/wp\/v2\/tags?post=8754"}],"curies":[{"name":"wp","href":"https:\/\/api.w.org\/{rel}","templated":true}]}}