{"id":87961,"date":"2026-07-12T11:35:37","date_gmt":"2026-07-12T14:35:37","guid":{"rendered":"https:\/\/noticiasribeiraopreto.com.br\/index.php\/2026\/07\/12\/carro-derruba-poste-e-deixa-vitima-em-avenida-na-zona-sul-de-ribeirao-preto\/"},"modified":"2026-07-12T11:35:37","modified_gmt":"2026-07-12T14:35:37","slug":"carro-derruba-poste-e-deixa-vitima-em-avenida-na-zona-sul-de-ribeirao-preto","status":"publish","type":"post","link":"https:\/\/noticiasribeiraopreto.com.br\/index.php\/2026\/07\/12\/carro-derruba-poste-e-deixa-vitima-em-avenida-na-zona-sul-de-ribeirao-preto\/","title":{"rendered":"Carro derruba poste e deixa v\u00edtima em avenida na zona Sul de Ribeir\u00e3o Preto"},"content":{"rendered":"<div class='code-block code-block-1' style='margin: 8px 0 8px auto; text-align: right; display: block; clear: both;'>\n<p><a href=\"https:\/\/wa.link\/vpicfd\"><img data-recalc-dims=\"1\" class=\"wp-image-4922\" style=\"aspect-ratio: 2.0253164556962027; width: 561px; height: auto;\" src=\"https:\/\/i0.wp.com\/ismaelcolosi.com.br\/wp-content\/uploads\/2023\/11\/grupo-de-empregos-whatsapp-e-facebook-ismael-colosi-vagas.jpg?ssl=1\" alt=\"\" \/><\/a><\/p>\n<!-- \/wp:image -->\n<\/div>\n<p> <br \/>\n<\/p>\n<p><strong>Um carro bateu e derrubou um poste na madrugada deste domingo (12), na avenida Carlos Eduardo de Gasperi Consoni, no Jardim Bot\u00e2nico, zona Sul de Ribeir\u00e3o Preto.<\/strong><\/p>\n<p class=\"has-cyan-bluish-gray-background-color has-background\"><em>Receba not\u00edcias do&nbsp;<strong>acidade on Ribeir\u00e3o&nbsp;<\/strong>no WhatsApp e fique por dentro de tudo! Basta acessar o link<a href=\"https:\/\/chat.whatsapp.com\/DfXwcjKVIddHUT3BvnQuPZ?mode=hqctshi\" target=\"_blank\" rel=\"noreferrer noopener\">&nbsp;aqu<\/a>i!<\/em><\/p>\n<p>Segundo o <strong>Corpo de Bombeiros<\/strong>, <mark style=\"background-color:#fcb900\" class=\"has-inline-color has-black-color\">uma mulher foi socorrida com ferimentos leves e encaminhada para a UBDS (Unidade B\u00e1sica Distrital de Sa\u00fade) da Vila Virg\u00ednia.<\/mark><\/p>\n<p>A colis\u00e3o ocorreu no cruzamento da avenida com a rua Triunfo e h\u00e1 interdi\u00e7\u00e3o total no trecho, no sentido \u00e0 avenida Maur\u00edlio Biagi.<\/p>\n<p>Al\u00e9m dos Bombeiros, equipes da PM (Pol\u00edcia Militar) e concession\u00e1ria de energia foram acionadas.<\/p>\n<p>As causas, contudo, ainda dever\u00e3o ser apuradas.<\/p>\n<p class=\"has-cyan-bluish-gray-background-color has-background\"><em>Fa\u00e7a uma den\u00fancia ou sugira uma reportagem sobre&nbsp;<strong>Ribeir\u00e3o Preto&nbsp;<\/strong>e regi\u00e3o por meio do WhatsApp do&nbsp;<strong>acidade on Ribeir\u00e3o<\/strong>: (16) 99117-7802.<\/em><\/p>\n<h2 class=\"wp-block-heading\">Batida entre carros deixa v\u00edtima em cruzamento da avenida Francisco Junqueira<\/h2>\n<figure class=\"wp-block-image\"><figcaption class=\"wp-element-caption\">Carros bateram em cruzamento da avenida Francisco Juqueira &#8211; Foto: Murilo Badessa<\/figcaption><\/figure>\n<p><strong>Um homem ficou ferido ap\u00f3s uma batida entre dois carros neste domingo (12), no cruzamento da avenida Francisco Junqueira com a rua Amador Bueno, em Ribeir\u00e3o Preto.<\/strong><\/p>\n<p>Segundo\u00a0<strong>informa\u00e7\u00f5es<\/strong>,\u00a0<mark><mark style=\"background-color:#fcb900\" class=\"has-inline-color has-black-color\">ele era passageiro de um dos ve\u00edculos envolvidos e sofreu ferimentos considerados leves.<\/mark><\/mark><\/p>\n<h2 class=\"wp-block-heading\">Batida envolveu dois carros e deixou v\u00edtima<\/h2>\n<p>Um dos carros vinha pela Amador e outro seguia pela Francisco Junqueira. Com o impacto, um deles atingiu o sem\u00e1foro e a RP Mobi foi acionada para o reparo do equipamento.<\/p>\n<p>Houve interdi\u00e7\u00e3o de aproximadamente 2 horas no cruzamento. O trecho, contudo, foi liberado por volta das 9h.<\/p>\n<p>No cruzamento h\u00e1 sem\u00e1foro e as causas ainda dever\u00e3o ser apuradas.<\/p>\n<figure class=\"wp-block-gallery has-nested-images columns-default is-cropped wp-block-gallery-1 is-layout-flex wp-block-gallery-is-layout-flex\">\n<figure class=\"wp-block-image size-large\"><img data-recalc-dims=\"1\" loading=\"lazy\" decoding=\"async\" width=\"1024\" height=\"768\" data-id=\"165339\" src=\"https:\/\/i0.wp.com\/www.acidadeon.com\/ribeiraopreto\/wp-content\/uploads\/sites\/3\/2026\/07\/WhatsApp-Image-2026-07-12-at-08.49.59_2026-07-12_13-24-56-1024x768.webp?resize=1024%2C768&#038;ssl=1\" alt=\"carro\" class=\"wp-image-165339\" title=\"Carro derruba poste e deixa v\u00edtima em avenida na zona Sul de Ribeir\u00e3o Preto 2\" \/><figcaption class=\"wp-element-caption\">Foto: Murilo Badessa<\/figcaption><\/figure>\n<figure class=\"wp-block-image size-large\"><img data-recalc-dims=\"1\" loading=\"lazy\" decoding=\"async\" width=\"1024\" height=\"768\" data-id=\"165340\" src=\"https:\/\/i0.wp.com\/www.acidadeon.com\/ribeiraopreto\/wp-content\/uploads\/sites\/3\/2026\/07\/WhatsApp-Image-2026-07-12-at-08.50.00-1_2026-07-12_13-25-03-1024x768.webp?resize=1024%2C768&#038;ssl=1\" alt=\"carro\" class=\"wp-image-165340\" title=\"Carro derruba poste e deixa v\u00edtima em avenida na zona Sul de Ribeir\u00e3o Preto 3\" \/><figcaption class=\"wp-element-caption\">Foto: Murilo Badessa<\/figcaption><\/figure>\n<\/figure>\n<p>O post Carro derruba poste e deixa v\u00edtima em avenida na zona Sul de Ribeir\u00e3o Preto apareceu primeiro em ACidade ON Ribeir\u00e3o Preto.<\/p>\n<p><br \/>\n<br \/><a href=\"https:\/\/www.acidadeon.com\/ribeiraopreto\/cotidiano\/carro-derruba-poste-e-deixa-vitima-em-avenida-na-zona-sul-de-ribeirao-preto\/\">Link para o texto original aqui <\/a><\/p>\n<!-- CONTENT END 1 -->\n","protected":false},"excerpt":{"rendered":"<p>Um carro bateu e derrubou um poste na madrugada deste domingo (12), na avenida Carlos Eduardo de Gasperi Consoni, no Jardim Bot\u00e2nico, zona Sul de&#8230;<\/p>\n","protected":false},"author":1,"featured_media":87962,"comment_status":"","ping_status":"","sticky":false,"template":"","format":"standard","meta":{"advanced_seo_description":"","jetpack_seo_html_title":"","jetpack_seo_noindex":false,"jetpack_seo_schema_type":"","_jetpack_newsletter_access":"","_jetpack_dont_email_post_to_subs":false,"_jetpack_newsletter_tier_id":0,"_jetpack_memberships_contains_paywalled_content":false,"_jetpack_feature_clip_id":0,"_jetpack_memberships_contains_paid_content":false,"footnotes":"","jetpack_publicize_message":"","jetpack_publicize_feature_enabled":true,"jetpack_social_post_already_shared":true,"jetpack_social_options":{"image_generator_settings":{"template":"highway","default_image_id":0,"font":"","enabled":false},"version":2},"jetpack_post_was_ever_published":false},"categories":[11],"tags":[849,295,77,1929,907,27,26,420,391,340],"class_list":["post-87961","post","type-post","status-publish","format-standard","has-post-thumbnail","hentry","category-noticias-de-ribeirao-preto-sp-e-regiao-ismael-colosi","tag-avenida","tag-carro","tag-deixa","tag-derruba","tag-poste","tag-preto","tag-ribeirao","tag-sul","tag-vitima","tag-zona"],"jetpack_publicize_connections":[],"jetpack-related-posts":[{"id":87186,"url":"https:\/\/noticiasribeiraopreto.com.br\/index.php\/2026\/06\/29\/carro-derruba-tres-postes-e-atinge-motociclista-em-avenida-da-zona-sul-de-ribeirao\/","url_meta":{"origin":87961,"position":0},"title":"Carro derruba tr\u00eas postes e atinge motociclista em avenida da zona Sul de Ribeir\u00e3o","author":"noticiasribeiraopreto.com.br","date":"29 de June de 2026","format":false,"excerpt":"Um acidente de tr\u00e2nsito provocou a queda de tr\u00eas postes e atingiu um motociclista no final da manh\u00e3 desta segunda-feira (29), na avenida Her\u00e1clito Fontoura Sobral Pinto, em Bonfim Paulista, distrito localizado na zona Sul de Ribeir\u00e3o Preto. De acordo com as primeiras informa\u00e7\u00f5es, o motorista do carro bateu contra\u2026","rel":"","context":"In &quot;Not\u00edcias de Ribeir\u00e3o Preto-SP e Regi\u00e3o&quot;","block_context":{"text":"Not\u00edcias de Ribeir\u00e3o Preto-SP e Regi\u00e3o","link":"https:\/\/noticiasribeiraopreto.com.br\/index.php\/category\/noticias-de-ribeirao-preto-sp-e-regiao-ismael-colosi\/"},"img":{"alt_text":"","src":"https:\/\/i0.wp.com\/noticiasribeiraopreto.com.br\/wp-content\/uploads\/2026\/06\/acidente-ribeirao-1_2026-06-29_15-24-34.webp.webp?fit=1200%2C675&ssl=1&resize=350%2C200","width":350,"height":200,"srcset":"https:\/\/i0.wp.com\/noticiasribeiraopreto.com.br\/wp-content\/uploads\/2026\/06\/acidente-ribeirao-1_2026-06-29_15-24-34.webp.webp?fit=1200%2C675&ssl=1&resize=350%2C200 1x, https:\/\/i0.wp.com\/noticiasribeiraopreto.com.br\/wp-content\/uploads\/2026\/06\/acidente-ribeirao-1_2026-06-29_15-24-34.webp.webp?fit=1200%2C675&ssl=1&resize=525%2C300 1.5x, https:\/\/i0.wp.com\/noticiasribeiraopreto.com.br\/wp-content\/uploads\/2026\/06\/acidente-ribeirao-1_2026-06-29_15-24-34.webp.webp?fit=1200%2C675&ssl=1&resize=700%2C400 2x, https:\/\/i0.wp.com\/noticiasribeiraopreto.com.br\/wp-content\/uploads\/2026\/06\/acidente-ribeirao-1_2026-06-29_15-24-34.webp.webp?fit=1200%2C675&ssl=1&resize=1050%2C600 3x"},"classes":[]},{"id":83194,"url":"https:\/\/noticiasribeiraopreto.com.br\/index.php\/2026\/03\/12\/carro-derruba-poste-em-avenida-na-zona-sul-de-ribeirao-preto-video\/","url_meta":{"origin":87961,"position":1},"title":"Carro derruba poste em avenida na zona Sul de Ribeir\u00e3o Preto; V\u00eddeo","author":"noticiasribeiraopreto.com.br","date":"12 de March de 2026","format":false,"excerpt":"Um carro bateu contra um poste na noite desta quarta-feira (11) e derrubou a estrutura sobre a pista na avenida Her\u00e1clito Fontoura Sobral Pinto, em Bonfim Paulista, distrito na zona Sul de Ribeir\u00e3o Preto. O poste ficou atravessado na via, bloqueando a passagem de ve\u00edculos. O tr\u00e2nsito, contudo, j\u00e1 est\u00e1\u2026","rel":"","context":"In &quot;Not\u00edcias de Ribeir\u00e3o Preto-SP e Regi\u00e3o&quot;","block_context":{"text":"Not\u00edcias de Ribeir\u00e3o Preto-SP e Regi\u00e3o","link":"https:\/\/noticiasribeiraopreto.com.br\/index.php\/category\/noticias-de-ribeirao-preto-sp-e-regiao-ismael-colosi\/"},"img":{"alt_text":"","src":"https:\/\/i0.wp.com\/noticiasribeiraopreto.com.br\/wp-content\/uploads\/2026\/03\/carro-e-poste_2026-03-12_10-29-01.webp.webp?fit=1200%2C900&ssl=1&resize=350%2C200","width":350,"height":200,"srcset":"https:\/\/i0.wp.com\/noticiasribeiraopreto.com.br\/wp-content\/uploads\/2026\/03\/carro-e-poste_2026-03-12_10-29-01.webp.webp?fit=1200%2C900&ssl=1&resize=350%2C200 1x, https:\/\/i0.wp.com\/noticiasribeiraopreto.com.br\/wp-content\/uploads\/2026\/03\/carro-e-poste_2026-03-12_10-29-01.webp.webp?fit=1200%2C900&ssl=1&resize=525%2C300 1.5x, https:\/\/i0.wp.com\/noticiasribeiraopreto.com.br\/wp-content\/uploads\/2026\/03\/carro-e-poste_2026-03-12_10-29-01.webp.webp?fit=1200%2C900&ssl=1&resize=700%2C400 2x, https:\/\/i0.wp.com\/noticiasribeiraopreto.com.br\/wp-content\/uploads\/2026\/03\/carro-e-poste_2026-03-12_10-29-01.webp.webp?fit=1200%2C900&ssl=1&resize=1050%2C600 3x"},"classes":[]},{"id":87801,"url":"https:\/\/noticiasribeiraopreto.com.br\/index.php\/2026\/07\/09\/batida-entre-carros-deixa-vitima-e-semaforo-pendurado-em-avenida-de-ribeirao-preto\/","url_meta":{"origin":87961,"position":2},"title":"Batida entre carros deixa v\u00edtima e sem\u00e1foro pendurado em avenida de Ribeir\u00e3o Preto","author":"noticiasribeiraopreto.com.br","date":"9 de July de 2026","format":false,"excerpt":"Uma pessoa foi socorrida ap\u00f3s a batida entre dois carros na manh\u00e3 desta quinta-feira (9), na avenida Independ\u00eancia, em trecho no bairro Alto da Boa Vista, zona Sul de Ribeir\u00e3o Preto. Ap\u00f3s a colis\u00e3o, um dos ve\u00edculos atingiu o poste de um sem\u00e1foro, que ficou pendurado no cruzamento com a\u2026","rel":"","context":"In &quot;Not\u00edcias de Ribeir\u00e3o Preto-SP e Regi\u00e3o&quot;","block_context":{"text":"Not\u00edcias de Ribeir\u00e3o Preto-SP e Regi\u00e3o","link":"https:\/\/noticiasribeiraopreto.com.br\/index.php\/category\/noticias-de-ribeirao-preto-sp-e-regiao-ismael-colosi\/"},"img":{"alt_text":"","src":"https:\/\/i0.wp.com\/noticiasribeiraopreto.com.br\/wp-content\/uploads\/2026\/07\/acidente_2026-07-09_15-06-15.webp.webp?fit=1200%2C879&ssl=1&resize=350%2C200","width":350,"height":200,"srcset":"https:\/\/i0.wp.com\/noticiasribeiraopreto.com.br\/wp-content\/uploads\/2026\/07\/acidente_2026-07-09_15-06-15.webp.webp?fit=1200%2C879&ssl=1&resize=350%2C200 1x, https:\/\/i0.wp.com\/noticiasribeiraopreto.com.br\/wp-content\/uploads\/2026\/07\/acidente_2026-07-09_15-06-15.webp.webp?fit=1200%2C879&ssl=1&resize=525%2C300 1.5x, https:\/\/i0.wp.com\/noticiasribeiraopreto.com.br\/wp-content\/uploads\/2026\/07\/acidente_2026-07-09_15-06-15.webp.webp?fit=1200%2C879&ssl=1&resize=700%2C400 2x, https:\/\/i0.wp.com\/noticiasribeiraopreto.com.br\/wp-content\/uploads\/2026\/07\/acidente_2026-07-09_15-06-15.webp.webp?fit=1200%2C879&ssl=1&resize=1050%2C600 3x"},"classes":[]},{"id":89667,"url":"https:\/\/noticiasribeiraopreto.com.br\/index.php\/2026\/08\/09\/carro-atinge-poste-em-avenida-na-zona-sul-de-ribeirao-preto\/","url_meta":{"origin":87961,"position":3},"title":"Carro atinge poste em avenida na zona Sul de Ribeir\u00e3o Preto","author":"noticiasribeiraopreto.com.br","date":"9 de August de 2026","format":false,"excerpt":"O motorista de um carro bateu em um poste na madrugada deste domingo (8), na avenida Carlos Eduardo de Gasperi Consoni, zona Sul de Ribeir\u00e3o Preto. Receba not\u00edcias do\u00a0acidade on Ribeir\u00e3o\u00a0no WhatsApp e fique por dentro de tudo! Basta acessar o link\u00a0aqui! O Corpo de Bombeiros informou que uma v\u00edtima\u2026","rel":"","context":"In &quot;Not\u00edcias de Ribeir\u00e3o Preto-SP e Regi\u00e3o&quot;","block_context":{"text":"Not\u00edcias de Ribeir\u00e3o Preto-SP e Regi\u00e3o","link":"https:\/\/noticiasribeiraopreto.com.br\/index.php\/category\/noticias-de-ribeirao-preto-sp-e-regiao-ismael-colosi\/"},"img":{"alt_text":"","src":"https:\/\/i0.wp.com\/noticiasribeiraopreto.com.br\/wp-content\/uploads\/2026\/08\/carro.jpg?fit=1200%2C647&ssl=1&resize=350%2C200","width":350,"height":200,"srcset":"https:\/\/i0.wp.com\/noticiasribeiraopreto.com.br\/wp-content\/uploads\/2026\/08\/carro.jpg?fit=1200%2C647&ssl=1&resize=350%2C200 1x, https:\/\/i0.wp.com\/noticiasribeiraopreto.com.br\/wp-content\/uploads\/2026\/08\/carro.jpg?fit=1200%2C647&ssl=1&resize=525%2C300 1.5x, https:\/\/i0.wp.com\/noticiasribeiraopreto.com.br\/wp-content\/uploads\/2026\/08\/carro.jpg?fit=1200%2C647&ssl=1&resize=700%2C400 2x, https:\/\/i0.wp.com\/noticiasribeiraopreto.com.br\/wp-content\/uploads\/2026\/08\/carro.jpg?fit=1200%2C647&ssl=1&resize=1050%2C600 3x"},"classes":[]},{"id":47359,"url":"https:\/\/noticiasribeiraopreto.com.br\/index.php\/2024\/04\/25\/carro-capota-depois-de-batida-em-avenida-na-zona-sul-de-ribeirao-preto\/","url_meta":{"origin":87961,"position":4},"title":"Carro capota depois de batida em avenida na zona Sul de Ribeir\u00e3o Preto","author":"noticiasribeiraopreto.com.br","date":"25 de April de 2024","format":false,"excerpt":"Na manh\u00e3 desta quinta-feira (25), um carro capotou depois de uma batida com outro ve\u00edculo no cruzamento da avenida Independ\u00eancia com a rua Jos\u00e9 Leal, na zona Sul de Ribeir\u00e3o Preto. Segundo o Corpo de Bombeiros, duas v\u00edtimas sofreram ferimentos leves e est\u00e3o sendo atendidas pela corpora\u00e7\u00e3o. N\u00e3o h\u00e1 informa\u00e7\u00f5es\u2026","rel":"","context":"In &quot;Not\u00edcias de Ribeir\u00e3o Preto-SP e Regi\u00e3o&quot;","block_context":{"text":"Not\u00edcias de Ribeir\u00e3o Preto-SP e Regi\u00e3o","link":"https:\/\/noticiasribeiraopreto.com.br\/index.php\/category\/noticias-de-ribeirao-preto-sp-e-regiao-ismael-colosi\/"},"img":{"alt_text":"","src":"https:\/\/i0.wp.com\/noticiasribeiraopreto.com.br\/wp-content\/uploads\/2024\/04\/ACIDENTE-2_2024-04-25_12-03-48_jpg.webp.webp?fit=1200%2C870&ssl=1&resize=350%2C200","width":350,"height":200,"srcset":"https:\/\/i0.wp.com\/noticiasribeiraopreto.com.br\/wp-content\/uploads\/2024\/04\/ACIDENTE-2_2024-04-25_12-03-48_jpg.webp.webp?fit=1200%2C870&ssl=1&resize=350%2C200 1x, https:\/\/i0.wp.com\/noticiasribeiraopreto.com.br\/wp-content\/uploads\/2024\/04\/ACIDENTE-2_2024-04-25_12-03-48_jpg.webp.webp?fit=1200%2C870&ssl=1&resize=525%2C300 1.5x, https:\/\/i0.wp.com\/noticiasribeiraopreto.com.br\/wp-content\/uploads\/2024\/04\/ACIDENTE-2_2024-04-25_12-03-48_jpg.webp.webp?fit=1200%2C870&ssl=1&resize=700%2C400 2x, https:\/\/i0.wp.com\/noticiasribeiraopreto.com.br\/wp-content\/uploads\/2024\/04\/ACIDENTE-2_2024-04-25_12-03-48_jpg.webp.webp?fit=1200%2C870&ssl=1&resize=1050%2C600 3x"},"classes":[]},{"id":87980,"url":"https:\/\/noticiasribeiraopreto.com.br\/index.php\/2026\/07\/12\/rodovia-e-liberada-apos-acidente-que-matou-uma-pessoa-e-deixou-outra-ferida\/","url_meta":{"origin":87961,"position":5},"title":"Rodovia \u00e9 liberada ap\u00f3s acidente que matou uma pessoa e deixou outra ferida","author":"noticiasribeiraopreto.com.br","date":"12 de July de 2026","format":false,"excerpt":"Ver essa foto no Instagram Um post compartilhado por acidade on Ribeir\u00e3o (@acidadeonribeirao) O tr\u00e2nsito na rodovia Jos\u00e9 Fregonezi (SP-328) foi liberado na tarde deste domingo (12), depois de interdi\u00e7\u00e3o total por causa de uma batida frontal entre um carro e um caminh\u00e3o no km 297,5, em Cravinhos, na regi\u00e3o\u2026","rel":"","context":"In &quot;Not\u00edcias de Ribeir\u00e3o Preto-SP e Regi\u00e3o&quot;","block_context":{"text":"Not\u00edcias de Ribeir\u00e3o Preto-SP e Regi\u00e3o","link":"https:\/\/noticiasribeiraopreto.com.br\/index.php\/category\/noticias-de-ribeirao-preto-sp-e-regiao-ismael-colosi\/"},"img":{"alt_text":"","src":"https:\/\/i0.wp.com\/noticiasribeiraopreto.com.br\/wp-content\/uploads\/2026\/07\/a5cad13c-4d23-4e9d-a4eb-2426da2a2edc_2026-07-12_17-50-03.webp.webp?fit=1200%2C900&ssl=1&resize=350%2C200","width":350,"height":200,"srcset":"https:\/\/i0.wp.com\/noticiasribeiraopreto.com.br\/wp-content\/uploads\/2026\/07\/a5cad13c-4d23-4e9d-a4eb-2426da2a2edc_2026-07-12_17-50-03.webp.webp?fit=1200%2C900&ssl=1&resize=350%2C200 1x, https:\/\/i0.wp.com\/noticiasribeiraopreto.com.br\/wp-content\/uploads\/2026\/07\/a5cad13c-4d23-4e9d-a4eb-2426da2a2edc_2026-07-12_17-50-03.webp.webp?fit=1200%2C900&ssl=1&resize=525%2C300 1.5x, https:\/\/i0.wp.com\/noticiasribeiraopreto.com.br\/wp-content\/uploads\/2026\/07\/a5cad13c-4d23-4e9d-a4eb-2426da2a2edc_2026-07-12_17-50-03.webp.webp?fit=1200%2C900&ssl=1&resize=700%2C400 2x, https:\/\/i0.wp.com\/noticiasribeiraopreto.com.br\/wp-content\/uploads\/2026\/07\/a5cad13c-4d23-4e9d-a4eb-2426da2a2edc_2026-07-12_17-50-03.webp.webp?fit=1200%2C900&ssl=1&resize=1050%2C600 3x"},"classes":[]}],"jetpack_sharing_enabled":true,"jetpack_shortlink":"https:\/\/wp.me\/peQAOb-mSJ","jetpack_featured_media_url":"https:\/\/i0.wp.com\/noticiasribeiraopreto.com.br\/wp-content\/uploads\/2026\/07\/acidente_2026-07-12_13-34-44.webp.webp?fit=1200%2C900&ssl=1","_links":{"self":[{"href":"https:\/\/noticiasribeiraopreto.com.br\/index.php\/wp-json\/wp\/v2\/posts\/87961","targetHints":{"allow":["GET"]}}],"collection":[{"href":"https:\/\/noticiasribeiraopreto.com.br\/index.php\/wp-json\/wp\/v2\/posts"}],"about":[{"href":"https:\/\/noticiasribeiraopreto.com.br\/index.php\/wp-json\/wp\/v2\/types\/post"}],"author":[{"embeddable":true,"href":"https:\/\/noticiasribeiraopreto.com.br\/index.php\/wp-json\/wp\/v2\/users\/1"}],"replies":[{"embeddable":true,"href":"https:\/\/noticiasribeiraopreto.com.br\/index.php\/wp-json\/wp\/v2\/comments?post=87961"}],"version-history":[{"count":0,"href":"https:\/\/noticiasribeiraopreto.com.br\/index.php\/wp-json\/wp\/v2\/posts\/87961\/revisions"}],"wp:featuredmedia":[{"embeddable":true,"href":"https:\/\/noticiasribeiraopreto.com.br\/index.php\/wp-json\/wp\/v2\/media\/87962"}],"wp:attachment":[{"href":"https:\/\/noticiasribeiraopreto.com.br\/index.php\/wp-json\/wp\/v2\/media?parent=87961"}],"wp:term":[{"taxonomy":"category","embeddable":true,"href":"https:\/\/noticiasribeiraopreto.com.br\/index.php\/wp-json\/wp\/v2\/categories?post=87961"},{"taxonomy":"post_tag","embeddable":true,"href":"https:\/\/noticiasribeiraopreto.com.br\/index.php\/wp-json\/wp\/v2\/tags?post=87961"}],"curies":[{"name":"wp","href":"https:\/\/api.w.org\/{rel}","templated":true}]}}