{"id":87970,"date":"2026-07-12T13:38:20","date_gmt":"2026-07-12T16:38:20","guid":{"rendered":"https:\/\/noticiasribeiraopreto.com.br\/index.php\/2026\/07\/12\/defesa-civil-de-sp-alerta-para-frio-intenso-nos-proximos-dias-veja-temperaturas-minimas\/"},"modified":"2026-07-12T13:38:20","modified_gmt":"2026-07-12T16:38:20","slug":"defesa-civil-de-sp-alerta-para-frio-intenso-nos-proximos-dias-veja-temperaturas-minimas","status":"publish","type":"post","link":"https:\/\/noticiasribeiraopreto.com.br\/index.php\/2026\/07\/12\/defesa-civil-de-sp-alerta-para-frio-intenso-nos-proximos-dias-veja-temperaturas-minimas\/","title":{"rendered":"Defesa Civil de SP alerta para frio intenso nos pr\u00f3ximos dias; Veja temperaturas m\u00ednimas"},"content":{"rendered":"<div class='code-block code-block-1' style='margin: 8px 0 8px auto; text-align: right; display: block; clear: both;'>\n<p><a href=\"https:\/\/wa.link\/vpicfd\"><img data-recalc-dims=\"1\" class=\"wp-image-4922\" style=\"aspect-ratio: 2.0253164556962027; width: 561px; height: auto;\" src=\"https:\/\/i0.wp.com\/ismaelcolosi.com.br\/wp-content\/uploads\/2023\/11\/grupo-de-empregos-whatsapp-e-facebook-ismael-colosi-vagas.jpg?ssl=1\" alt=\"\" \/><\/a><\/p>\n<!-- \/wp:image -->\n<\/div>\n<p> <br \/>\n<\/p>\n<p><strong>A Defesa Civil do Estado de S\u00e3o Paulo alerta para previs\u00e3o de queda nas temperaturas nos pr\u00f3ximos dias em diversas regi\u00f5es paulistas.<\/strong><\/p>\n<p class=\"has-cyan-bluish-gray-background-color has-background\"><em>Receba not\u00edcias do&nbsp;<strong>acidade on Ribeir\u00e3o&nbsp;<\/strong>no WhatsApp e fique por dentro de tudo! Basta acessar o link<a href=\"https:\/\/chat.whatsapp.com\/DfXwcjKVIddHUT3BvnQuPZ?mode=hqctshi\" target=\"_blank\" rel=\"noreferrer noopener\">&nbsp;aqu<\/a>i!<\/em><\/p>\n<p><mark style=\"background-color:#fcb900\" class=\"has-inline-color has-black-color\">O Centro de Gerenciamento de Emerg\u00eancias (CGE) da Defesa Civil emitiu Boletim Meteorol\u00f3gico Especial com validade entre ter\u00e7a-feira (14) e quinta-feira (16), devido \u00e0 atua\u00e7\u00e3o de uma massa de ar frio.<\/mark><\/p>\n<h2 class=\"wp-block-heading\">Veja as temperaturas m\u00ednimas previstas:<\/h2>\n<ul class=\"wp-block-list\">\n<li>4\u00b0C &#8211; Serra da Mantiqueira, com condi\u00e7\u00e3o para forma\u00e7\u00e3o de geada<\/li>\n<li>6\u00b0C &#8211; Regi\u00e3o de Itapeva, tamb\u00e9m com condi\u00e7\u00e3o para forma\u00e7\u00e3o de geadas<\/li>\n<li>8\u00b0C &#8211; Regi\u00e3o Metropolitana de S\u00e3o Paulo, Vale do Ribeira e nas regi\u00f5es de Campinas e Sorocaba<\/li>\n<li>10\u00b0C &#8211; Regi\u00f5es de Presidente Prudente, Mar\u00edlia e Bauru<\/li>\n<li>11\u00b0C &#8211; Regi\u00f5es de Ribeir\u00e3o Preto, Franca, Barretos, Araraquara e S\u00e3o Jos\u00e9 do Rio Preto<\/li>\n<li>13\u00b0C &#8211; Baixada Santista e no Litoral Norte<\/li>\n<\/ul>\n<p>Conforme a Defesa Civil, a partir da pr\u00f3xima quinta-feira, a previs\u00e3o \u00e9 que as temperaturas comecem a se elevar gradualmente.<\/p>\n<figure class=\"wp-block-gallery has-nested-images columns-default is-cropped wp-block-gallery-1 is-layout-flex wp-block-gallery-is-layout-flex\">\n<figure class=\"wp-block-image size-large\"><figcaption class=\"wp-element-caption\">Foto de arquivo: Ricardo Canaveze<\/figcaption><\/figure>\n<figure class=\"wp-block-image size-large\"><img data-recalc-dims=\"1\" loading=\"lazy\" decoding=\"async\" width=\"1024\" height=\"683\" data-id=\"156596\" src=\"https:\/\/i0.wp.com\/www.acidadeon.com\/ribeiraopreto\/wp-content\/uploads\/sites\/3\/2026\/05\/frio_2026-05-17_18-11-15-1024x683.webp?resize=1024%2C683&#038;ssl=1\" alt=\"defesa civil\" class=\"wp-image-156596\" title=\"Defesa Civil de SP alerta para frio intenso nos pr\u00f3ximos dias; Veja temperaturas m\u00ednimas 2\" \/><figcaption class=\"wp-element-caption\">Foto: Reprodu\u00e7\u00e3o<\/figcaption><\/figure>\n<figure class=\"wp-block-image size-large\"><img data-recalc-dims=\"1\" loading=\"lazy\" decoding=\"async\" width=\"1024\" height=\"683\" data-id=\"155658\" src=\"https:\/\/i0.wp.com\/www.acidadeon.com\/ribeiraopreto\/wp-content\/uploads\/sites\/3\/2026\/05\/pint4215_2026-05-11_15-03-15-1024x683.webp?resize=1024%2C683&#038;ssl=1\" alt=\"defesa civil\" class=\"wp-image-155658\" title=\"Defesa Civil de SP alerta para frio intenso nos pr\u00f3ximos dias; Veja temperaturas m\u00ednimas 3\" \/><figcaption class=\"wp-element-caption\">Foto: Paulo Pinto \/ Ag\u00eancia Brasil<\/figcaption><\/figure>\n<\/figure>\n<p class=\"has-cyan-bluish-gray-background-color has-background\"><em>Fa\u00e7a uma den\u00fancia ou sugira uma reportagem sobre&nbsp;<strong>Ribeir\u00e3o Preto&nbsp;<\/strong>e regi\u00e3o por meio do WhatsApp do&nbsp;<strong>acidade on Ribeir\u00e3o<\/strong>: (16) 99117-7802.<\/em><\/p>\n<h2 class=\"wp-block-heading\">Com frente fria, Inmet alerta para tempestade no estado de SP; Veja cidades<\/h2>\n<figure class=\"wp-block-image\"><img data-recalc-dims=\"1\" height=\"346\" width=\"768\" decoding=\"async\" src=\"https:\/\/i0.wp.com\/www.acidadeon.com\/ribeiraopreto\/wp-content\/uploads\/sites\/3\/2024\/10\/WhatsApp-Image-2024-10-15-at-08.25.28_2024-10-15_11-26-55_jpeg_2024-10-15_11-26-55-768x346.webp?resize=768%2C346&#038;ssl=1\" alt=\"defesa civil\" title=\"Defesa Civil de SP alerta para frio intenso nos pr\u00f3ximos dias; Veja temperaturas m\u00ednimas 4\"><figcaption class=\"wp-element-caption\">Inmet alerta para tempestade &#8211; Foto de arquivo: Ricardo Canaveze<br \/><\/figcaption><\/figure>\n<p><strong>O&nbsp;<a href=\"https:\/\/portal.inmet.gov.br\/\" target=\"_blank\" rel=\"noreferrer noopener\">Inmet (Instituto Nacional de Meteorologia)<\/a>&nbsp;emitiu um alerta de \u201cperigo potencial\u201d para tempestade no estado de S\u00e3o Paulo, incluindo Ribeir\u00e3o Preto e&nbsp;regi\u00e3o.&nbsp;O&nbsp;aviso&nbsp;teve in\u00edcio \u00e0s 8h20 e vai at\u00e9&nbsp;as&nbsp;23h59&nbsp;deste domingo (12).<\/strong><\/p>\n<p><mark><mark style=\"background-color:#fcb900\" class=\"has-inline-color has-black-color\">Todas as regi\u00f5es do estado paulista est\u00e3o na faixa amarela, a primeira em uma escala at\u00e9 tr\u00eas n\u00edveis de severidade.<\/mark><\/mark>&nbsp;Clique&nbsp;<a href=\"https:\/\/avisos.inmet.gov.br\/54953\" target=\"_blank\" rel=\"noreferrer noopener\"><strong>aqui<\/strong><\/a>&nbsp;e veja as cidades.<\/p>\n<p>Segundo a&nbsp;<a href=\"https:\/\/www.climatempo.com.br\/\" target=\"_blank\" rel=\"noreferrer noopener\"><strong>Climatempo<\/strong><\/a>, uma frente fria avan\u00e7a pelo Centro-Sul do Brasil e favorece o retorno da chuva no Sudeste.<\/p>\n<h2 class=\"wp-block-heading\">\u00c1reas afetadas no estado de SP:<\/h2>\n<ul class=\"wp-block-list\">\n<li>Presidente Prudente, S\u00e3o Jos\u00e9 do Rio Preto, Campinas, Bauru, Piracicaba, Itapetininga, Ribeir\u00e3o Preto, Ara\u00e7atuba, Macro Metropolitana Paulista, Mar\u00edlia, Araraquara, Vale do Para\u00edba Paulista, Metropolitana de S\u00e3o Paulo, Assis, Litoral Sul Paulista<\/li>\n<\/ul>\n<h3 class=\"wp-block-heading\">O que diz o alerta:<\/h3>\n<ul class=\"wp-block-list\">\n<li>Chuva entre 20 mm\/h e 30 mm\/h ou at\u00e9 50 mm\/dia<\/li>\n<li>Ventos intensos entre 40 km\/h e 60 km\/h<\/li>\n<li>Queda de granizo<\/li>\n<li>Baixo risco de corte de energia el\u00e9trica, estragos em planta\u00e7\u00f5es, queda de galhos de \u00e1rvores e de alagamentos<\/li>\n<\/ul>\n<h4 class=\"wp-block-heading\">Orienta\u00e7\u00f5es:<\/h4>\n<ul class=\"wp-block-list\">\n<li>Em caso de rajadas de vento, n\u00e3o se abrigue debaixo de \u00e1rvores, pois h\u00e1 leve risco de queda e descargas el\u00e9tricas e n\u00e3o estacione ve\u00edculos pr\u00f3ximos a torres de transmiss\u00e3o e placas de propaganda<\/li>\n<li>Evite usar aparelhos eletr\u00f4nicos ligados \u00e0 tomada<\/li>\n<\/ul>\n<p>O post Defesa Civil de SP alerta para frio intenso nos pr\u00f3ximos dias; Veja temperaturas m\u00ednimas apareceu primeiro em ACidade ON Ribeir\u00e3o Preto.<\/p>\n<p><br \/>\n<br \/><a href=\"https:\/\/www.acidadeon.com\/ribeiraopreto\/cotidiano\/defesa-civil-de-sp-alerta-para-frio-intenso-nos-proximos-dias-veja-temperaturas-minimas\/\">Link para o texto original aqui <\/a><\/p>\n<!-- CONTENT END 1 -->\n","protected":false},"excerpt":{"rendered":"<p>A Defesa Civil do Estado de S\u00e3o Paulo alerta para previs\u00e3o de queda nas temperaturas nos pr\u00f3ximos dias em diversas regi\u00f5es paulistas. Receba not\u00edcias do&nbsp;acidade&#8230;<\/p>\n","protected":false},"author":1,"featured_media":87971,"comment_status":"","ping_status":"","sticky":false,"template":"","format":"standard","meta":{"advanced_seo_description":"","jetpack_seo_html_title":"","jetpack_seo_noindex":false,"jetpack_seo_schema_type":"","_jetpack_newsletter_access":"","_jetpack_dont_email_post_to_subs":false,"_jetpack_newsletter_tier_id":0,"_jetpack_memberships_contains_paywalled_content":false,"_jetpack_feature_clip_id":0,"_jetpack_memberships_contains_paid_content":false,"footnotes":"","jetpack_publicize_message":"","jetpack_publicize_feature_enabled":true,"jetpack_social_post_already_shared":true,"jetpack_social_options":{"image_generator_settings":{"template":"highway","default_image_id":0,"font":"","enabled":false},"version":2},"jetpack_post_was_ever_published":false},"categories":[11],"tags":[163,450,544,7160,493,3798,6075,7641,896,71,835,2047,48],"class_list":["post-87970","post","type-post","status-publish","format-standard","has-post-thumbnail","hentry","category-noticias-de-ribeirao-preto-sp-e-regiao-ismael-colosi","tag-alerta","tag-civil","tag-defesa","tag-defesa-civil","tag-dias","tag-frio","tag-intenso","tag-minimas","tag-nos","tag-para","tag-proximos","tag-temperaturas","tag-veja"],"jetpack_publicize_connections":[],"jetpack-related-posts":[{"id":87987,"url":"https:\/\/noticiasribeiraopreto.com.br\/index.php\/2026\/07\/12\/com-nova-massa-de-ar-frio-veja-temperaturas-previstas-na-semana-em-ribeirao-preto\/","url_meta":{"origin":87970,"position":0},"title":"Com nova massa de ar frio, veja temperaturas previstas na semana em Ribeir\u00e3o Preto","author":"noticiasribeiraopreto.com.br","date":"12 de July de 2026","format":false,"excerpt":"A atua\u00e7\u00e3o de uma nova massa de ar polar no estado de S\u00e3o Paulo traz previs\u00e3o de queda nas temperaturas nos pr\u00f3ximos dias. Com nova massa de ar frio Receba not\u00edcias do\u00a0acidade on Ribeir\u00e3o\u00a0no WhatsApp e fique por dentro de tudo! Basta acessar o link\u00a0aqui! O Centro de Gerenciamento de\u2026","rel":"","context":"In &quot;Not\u00edcias de Ribeir\u00e3o Preto-SP e Regi\u00e3o&quot;","block_context":{"text":"Not\u00edcias de Ribeir\u00e3o Preto-SP e Regi\u00e3o","link":"https:\/\/noticiasribeiraopreto.com.br\/index.php\/category\/noticias-de-ribeirao-preto-sp-e-regiao-ismael-colosi\/"},"img":{"alt_text":"","src":"https:\/\/i0.wp.com\/noticiasribeiraopreto.com.br\/wp-content\/uploads\/2026\/07\/calcadao_ribeirao_1024x576_22052020190437_2026-07-12_21-51-57.webp.webp?fit=1024%2C576&ssl=1&resize=350%2C200","width":350,"height":200,"srcset":"https:\/\/i0.wp.com\/noticiasribeiraopreto.com.br\/wp-content\/uploads\/2026\/07\/calcadao_ribeirao_1024x576_22052020190437_2026-07-12_21-51-57.webp.webp?fit=1024%2C576&ssl=1&resize=350%2C200 1x, https:\/\/i0.wp.com\/noticiasribeiraopreto.com.br\/wp-content\/uploads\/2026\/07\/calcadao_ribeirao_1024x576_22052020190437_2026-07-12_21-51-57.webp.webp?fit=1024%2C576&ssl=1&resize=525%2C300 1.5x, https:\/\/i0.wp.com\/noticiasribeiraopreto.com.br\/wp-content\/uploads\/2026\/07\/calcadao_ribeirao_1024x576_22052020190437_2026-07-12_21-51-57.webp.webp?fit=1024%2C576&ssl=1&resize=700%2C400 2x"},"classes":[]},{"id":88003,"url":"https:\/\/noticiasribeiraopreto.com.br\/index.php\/2026\/07\/13\/ribeirao-preto-pode-registrar-minima-invertida-veja-previsao\/","url_meta":{"origin":87970,"position":1},"title":"Ribeir\u00e3o Preto pode registrar m\u00ednima invertida; Veja previs\u00e3o","author":"noticiasribeiraopreto.com.br","date":"13 de July de 2026","format":false,"excerpt":"A segunda-feira (13) come\u00e7ou com nebulosidade em Ribeir\u00e3o Preto, ap\u00f3s a chegada da frente fria que trouxe chuva para a cidade na noite deste domingo (12). Receba not\u00edcias do\u00a0acidade on Ribeir\u00e3o\u00a0no WhatsApp e fique por dentro de tudo! Basta acessar o link\u00a0aqui! De acordo com a Climatempo, na manh\u00e3 desta\u2026","rel":"","context":"In &quot;Not\u00edcias de Ribeir\u00e3o Preto-SP e Regi\u00e3o&quot;","block_context":{"text":"Not\u00edcias de Ribeir\u00e3o Preto-SP e Regi\u00e3o","link":"https:\/\/noticiasribeiraopreto.com.br\/index.php\/category\/noticias-de-ribeirao-preto-sp-e-regiao-ismael-colosi\/"},"img":{"alt_text":"","src":"https:\/\/i0.wp.com\/noticiasribeiraopreto.com.br\/wp-content\/uploads\/2026\/07\/tempestade_2025-11-06_17-07-30.webp.webp?fit=1200%2C900&ssl=1&resize=350%2C200","width":350,"height":200,"srcset":"https:\/\/i0.wp.com\/noticiasribeiraopreto.com.br\/wp-content\/uploads\/2026\/07\/tempestade_2025-11-06_17-07-30.webp.webp?fit=1200%2C900&ssl=1&resize=350%2C200 1x, https:\/\/i0.wp.com\/noticiasribeiraopreto.com.br\/wp-content\/uploads\/2026\/07\/tempestade_2025-11-06_17-07-30.webp.webp?fit=1200%2C900&ssl=1&resize=525%2C300 1.5x, https:\/\/i0.wp.com\/noticiasribeiraopreto.com.br\/wp-content\/uploads\/2026\/07\/tempestade_2025-11-06_17-07-30.webp.webp?fit=1200%2C900&ssl=1&resize=700%2C400 2x, https:\/\/i0.wp.com\/noticiasribeiraopreto.com.br\/wp-content\/uploads\/2026\/07\/tempestade_2025-11-06_17-07-30.webp.webp?fit=1200%2C900&ssl=1&resize=1050%2C600 3x"},"classes":[]},{"id":86889,"url":"https:\/\/noticiasribeiraopreto.com.br\/index.php\/2026\/06\/23\/frente-fria-em-sp-veja-as-cidades-sob-alerta-e-previsoes-de-frio-intenso\/","url_meta":{"origin":87970,"position":2},"title":"Frente fria em SP: veja as cidades sob alerta e previs\u00f5es de frio intenso","author":"noticiasribeiraopreto.com.br","date":"23 de June de 2026","format":false,"excerpt":"Uma frente fria avan\u00e7a sobre o Brasil e leva chuva para v\u00e1rias \u00e1reas do Sudeste, incluindo o interior de S\u00e3o Paulo. Por esse motivo, diversas regi\u00f5es receberam alerta da Defesa Civil para chuva, ventos e queda de temperatura \u2013 veja abaixo. Segundo os meteorologistas, junho de 2026 tem registrado um\u2026","rel":"","context":"In &quot;Not\u00edcias de Ribeir\u00e3o Preto-SP e Regi\u00e3o&quot;","block_context":{"text":"Not\u00edcias de Ribeir\u00e3o Preto-SP e Regi\u00e3o","link":"https:\/\/noticiasribeiraopreto.com.br\/index.php\/category\/noticias-de-ribeirao-preto-sp-e-regiao-ismael-colosi\/"},"img":{"alt_text":"","src":"https:\/\/i0.wp.com\/noticiasribeiraopreto.com.br\/wp-content\/uploads\/2025\/04\/1084146-img_5934-1_2025-04-15_20-49-49_jpg_2025-04-15_20-49-51-scaled-e1744750229879.webp.webp?fit=1200%2C933&ssl=1&resize=350%2C200","width":350,"height":200,"srcset":"https:\/\/i0.wp.com\/noticiasribeiraopreto.com.br\/wp-content\/uploads\/2025\/04\/1084146-img_5934-1_2025-04-15_20-49-49_jpg_2025-04-15_20-49-51-scaled-e1744750229879.webp.webp?fit=1200%2C933&ssl=1&resize=350%2C200 1x, https:\/\/i0.wp.com\/noticiasribeiraopreto.com.br\/wp-content\/uploads\/2025\/04\/1084146-img_5934-1_2025-04-15_20-49-49_jpg_2025-04-15_20-49-51-scaled-e1744750229879.webp.webp?fit=1200%2C933&ssl=1&resize=525%2C300 1.5x, https:\/\/i0.wp.com\/noticiasribeiraopreto.com.br\/wp-content\/uploads\/2025\/04\/1084146-img_5934-1_2025-04-15_20-49-49_jpg_2025-04-15_20-49-51-scaled-e1744750229879.webp.webp?fit=1200%2C933&ssl=1&resize=700%2C400 2x, https:\/\/i0.wp.com\/noticiasribeiraopreto.com.br\/wp-content\/uploads\/2025\/04\/1084146-img_5934-1_2025-04-15_20-49-49_jpg_2025-04-15_20-49-51-scaled-e1744750229879.webp.webp?fit=1200%2C933&ssl=1&resize=1050%2C600 3x"},"classes":[]},{"id":78837,"url":"https:\/\/noticiasribeiraopreto.com.br\/index.php\/2025\/10\/19\/defesa-civil-emite-alerta-para-frio-intenso-em-ribeirao-preto-com-minima-de-12o\/","url_meta":{"origin":87970,"position":3},"title":"Defesa Civil emite alerta para frio intenso em Ribeir\u00e3o Preto com m\u00ednima de 12\u00ba","author":"noticiasribeiraopreto.com.br","date":"19 de October de 2025","format":false,"excerpt":"A Defesa Civil do Estado de S\u00e3o Paulo emitiu alerta de frio intenso para Ribeir\u00e3o Preto e cidades da regi\u00e3o. Segundo o Centro de Gerenciamento de Emerg\u00eancias (CGE), a m\u00ednima prevista para a cidade nos pr\u00f3ximos dias \u00e9 de 12\u00b0C, valor incomum para esta \u00e9poca da primavera. Outras cidades pr\u00f3ximas,\u2026","rel":"","context":"In &quot;Not\u00edcias de Ribeir\u00e3o Preto-SP e Regi\u00e3o&quot;","block_context":{"text":"Not\u00edcias de Ribeir\u00e3o Preto-SP e Regi\u00e3o","link":"https:\/\/noticiasribeiraopreto.com.br\/index.php\/category\/noticias-de-ribeirao-preto-sp-e-regiao-ismael-colosi\/"},"img":{"alt_text":"","src":"https:\/\/i0.wp.com\/noticiasribeiraopreto.com.br\/wp-content\/uploads\/2025\/10\/WhatsApp-Image-2024-02-18-at-09.57.43-1.jpeg?fit=1200%2C756&ssl=1&resize=350%2C200","width":350,"height":200,"srcset":"https:\/\/i0.wp.com\/noticiasribeiraopreto.com.br\/wp-content\/uploads\/2025\/10\/WhatsApp-Image-2024-02-18-at-09.57.43-1.jpeg?fit=1200%2C756&ssl=1&resize=350%2C200 1x, https:\/\/i0.wp.com\/noticiasribeiraopreto.com.br\/wp-content\/uploads\/2025\/10\/WhatsApp-Image-2024-02-18-at-09.57.43-1.jpeg?fit=1200%2C756&ssl=1&resize=525%2C300 1.5x, https:\/\/i0.wp.com\/noticiasribeiraopreto.com.br\/wp-content\/uploads\/2025\/10\/WhatsApp-Image-2024-02-18-at-09.57.43-1.jpeg?fit=1200%2C756&ssl=1&resize=700%2C400 2x, https:\/\/i0.wp.com\/noticiasribeiraopreto.com.br\/wp-content\/uploads\/2025\/10\/WhatsApp-Image-2024-02-18-at-09.57.43-1.jpeg?fit=1200%2C756&ssl=1&resize=1050%2C600 3x"},"classes":[]},{"id":72926,"url":"https:\/\/noticiasribeiraopreto.com.br\/index.php\/2025\/06\/23\/jornal-da-franca-defesa-civil-alerta-para-temporal-e-frio-intenso-que-podem-atingir-franca-e-regiao\/","url_meta":{"origin":87970,"position":4},"title":"Jornal da Franca &#8211; Defesa Civil alerta para temporal e frio intenso que podem atingir Franca e regi\u00e3o","author":"noticiasribeiraopreto.com.br","date":"23 de June de 2025","format":false,"excerpt":"compartilhar no whatsapp compartilhar no telegram compartilhar no facebook compartilhar no linkedin Frente fria chega nesta segunda (23) e trar\u00e1 fortes chuvas, ventos e risco de granizo; temperaturas podem chegar a 3\u202f\u00b0C nos pr\u00f3ximos dias A Defesa Civil do Estado de S\u00e3o Paulo alerta para a aproxima\u00e7\u00e3o e passagem de\u2026","rel":"","context":"In &quot;Not\u00edcias de Franca-SP&quot;","block_context":{"text":"Not\u00edcias de Franca-SP","link":"https:\/\/noticiasribeiraopreto.com.br\/index.php\/category\/noticias-de-ribeirao-preto-sp-e-regiao-ismael-colosi\/noticias-franca-sp\/"},"img":{"alt_text":"","src":"https:\/\/i0.wp.com\/noticiasribeiraopreto.com.br\/wp-content\/uploads\/2025\/06\/young-girl-with-face-mask-visiting-the-christmas-market.jpg?fit=1000%2C667&ssl=1&resize=350%2C200","width":350,"height":200,"srcset":"https:\/\/i0.wp.com\/noticiasribeiraopreto.com.br\/wp-content\/uploads\/2025\/06\/young-girl-with-face-mask-visiting-the-christmas-market.jpg?fit=1000%2C667&ssl=1&resize=350%2C200 1x, https:\/\/i0.wp.com\/noticiasribeiraopreto.com.br\/wp-content\/uploads\/2025\/06\/young-girl-with-face-mask-visiting-the-christmas-market.jpg?fit=1000%2C667&ssl=1&resize=525%2C300 1.5x, https:\/\/i0.wp.com\/noticiasribeiraopreto.com.br\/wp-content\/uploads\/2025\/06\/young-girl-with-face-mask-visiting-the-christmas-market.jpg?fit=1000%2C667&ssl=1&resize=700%2C400 2x"},"classes":[]},{"id":72887,"url":"https:\/\/noticiasribeiraopreto.com.br\/index.php\/2025\/06\/22\/defesa-civil-emite-alerta-para-temporais-e-frio-intenso-no-estado-de-sp-veja-regioes\/","url_meta":{"origin":87970,"position":5},"title":"Defesa Civil emite alerta para temporais e frio intenso no estado de SP; Veja regi\u00f5es","author":"noticiasribeiraopreto.com.br","date":"22 de June de 2025","format":false,"excerpt":"A Defesa Civil do Estado de S\u00e3o Paulo emitiu, neste domingo (22), um alerta v\u00e1lido para todo o territ\u00f3rio paulista devido \u00e0 aproxima\u00e7\u00e3o e passagem\u00a0uma frente fria prevista nesta segunda-feira (23), que dever\u00e1 provocar fortes chuvas. Na sequ\u00eancia, est\u00e1 prevista queda acentuada na temperatura, com m\u00ednima de 3\u00b0C em algumas\u2026","rel":"","context":"In &quot;Not\u00edcias de Ribeir\u00e3o Preto-SP e Regi\u00e3o&quot;","block_context":{"text":"Not\u00edcias de Ribeir\u00e3o Preto-SP e Regi\u00e3o","link":"https:\/\/noticiasribeiraopreto.com.br\/index.php\/category\/noticias-de-ribeirao-preto-sp-e-regiao-ismael-colosi\/"},"img":{"alt_text":"","src":"https:\/\/i0.wp.com\/noticiasribeiraopreto.com.br\/wp-content\/uploads\/2025\/06\/chuva_sexta_08_2024-12-30_19-10-10_jpg_2024-12-30_19-10-11-scaled.webp.webp?fit=1200%2C800&ssl=1&resize=350%2C200","width":350,"height":200,"srcset":"https:\/\/i0.wp.com\/noticiasribeiraopreto.com.br\/wp-content\/uploads\/2025\/06\/chuva_sexta_08_2024-12-30_19-10-10_jpg_2024-12-30_19-10-11-scaled.webp.webp?fit=1200%2C800&ssl=1&resize=350%2C200 1x, https:\/\/i0.wp.com\/noticiasribeiraopreto.com.br\/wp-content\/uploads\/2025\/06\/chuva_sexta_08_2024-12-30_19-10-10_jpg_2024-12-30_19-10-11-scaled.webp.webp?fit=1200%2C800&ssl=1&resize=525%2C300 1.5x, https:\/\/i0.wp.com\/noticiasribeiraopreto.com.br\/wp-content\/uploads\/2025\/06\/chuva_sexta_08_2024-12-30_19-10-10_jpg_2024-12-30_19-10-11-scaled.webp.webp?fit=1200%2C800&ssl=1&resize=700%2C400 2x, https:\/\/i0.wp.com\/noticiasribeiraopreto.com.br\/wp-content\/uploads\/2025\/06\/chuva_sexta_08_2024-12-30_19-10-10_jpg_2024-12-30_19-10-11-scaled.webp.webp?fit=1200%2C800&ssl=1&resize=1050%2C600 3x"},"classes":[]}],"jetpack_sharing_enabled":true,"jetpack_shortlink":"https:\/\/wp.me\/peQAOb-mSS","jetpack_featured_media_url":"https:\/\/i0.wp.com\/noticiasribeiraopreto.com.br\/wp-content\/uploads\/2026\/07\/1025252-14062016-a82t1187_2026-07-12_15-51-48.webp.webp?fit=1170%2C700&ssl=1","_links":{"self":[{"href":"https:\/\/noticiasribeiraopreto.com.br\/index.php\/wp-json\/wp\/v2\/posts\/87970","targetHints":{"allow":["GET"]}}],"collection":[{"href":"https:\/\/noticiasribeiraopreto.com.br\/index.php\/wp-json\/wp\/v2\/posts"}],"about":[{"href":"https:\/\/noticiasribeiraopreto.com.br\/index.php\/wp-json\/wp\/v2\/types\/post"}],"author":[{"embeddable":true,"href":"https:\/\/noticiasribeiraopreto.com.br\/index.php\/wp-json\/wp\/v2\/users\/1"}],"replies":[{"embeddable":true,"href":"https:\/\/noticiasribeiraopreto.com.br\/index.php\/wp-json\/wp\/v2\/comments?post=87970"}],"version-history":[{"count":0,"href":"https:\/\/noticiasribeiraopreto.com.br\/index.php\/wp-json\/wp\/v2\/posts\/87970\/revisions"}],"wp:featuredmedia":[{"embeddable":true,"href":"https:\/\/noticiasribeiraopreto.com.br\/index.php\/wp-json\/wp\/v2\/media\/87971"}],"wp:attachment":[{"href":"https:\/\/noticiasribeiraopreto.com.br\/index.php\/wp-json\/wp\/v2\/media?parent=87970"}],"wp:term":[{"taxonomy":"category","embeddable":true,"href":"https:\/\/noticiasribeiraopreto.com.br\/index.php\/wp-json\/wp\/v2\/categories?post=87970"},{"taxonomy":"post_tag","embeddable":true,"href":"https:\/\/noticiasribeiraopreto.com.br\/index.php\/wp-json\/wp\/v2\/tags?post=87970"}],"curies":[{"name":"wp","href":"https:\/\/api.w.org\/{rel}","templated":true}]}}