{"id":87974,"date":"2026-07-12T15:42:17","date_gmt":"2026-07-12T18:42:17","guid":{"rendered":"https:\/\/noticiasribeiraopreto.com.br\/index.php\/2026\/07\/12\/batida-frontal-entre-carro-e-caminhao-deixa-1-morto-e-interdita-rodovia\/"},"modified":"2026-07-12T15:42:17","modified_gmt":"2026-07-12T18:42:17","slug":"batida-frontal-entre-carro-e-caminhao-deixa-1-morto-e-interdita-rodovia","status":"publish","type":"post","link":"https:\/\/noticiasribeiraopreto.com.br\/index.php\/2026\/07\/12\/batida-frontal-entre-carro-e-caminhao-deixa-1-morto-e-interdita-rodovia\/","title":{"rendered":"Batida frontal entre carro e caminh\u00e3o deixa 1 morto e interdita rodovia"},"content":{"rendered":"<div class='code-block code-block-1' style='margin: 8px 0 8px auto; text-align: right; display: block; clear: both;'>\n<p><a href=\"https:\/\/wa.link\/vpicfd\"><img data-recalc-dims=\"1\" class=\"wp-image-4922\" style=\"aspect-ratio: 2.0253164556962027; width: 561px; height: auto;\" src=\"https:\/\/i0.wp.com\/ismaelcolosi.com.br\/wp-content\/uploads\/2023\/11\/grupo-de-empregos-whatsapp-e-facebook-ismael-colosi-vagas.jpg?ssl=1\" alt=\"\" \/><\/a><\/p>\n<!-- \/wp:image -->\n<\/div>\n<p> <br \/>\n<\/p>\n<p><strong>Uma pessoa morreu na tarde deste domingo (12), ap\u00f3s uma batida frontal entre um carro e um caminh\u00e3o no km 297,5 da rodovia Jos\u00e9 Fregonezi (SP-328), em Cravinhos, na regi\u00e3o de Ribeir\u00e3o Preto.<\/strong><\/p>\n<p class=\"has-cyan-bluish-gray-background-color has-background\"><em>Receba not\u00edcias do&nbsp;<strong>acidade on Ribeir\u00e3o&nbsp;<\/strong>no WhatsApp e fique por dentro de tudo! Basta acessar o link<a href=\"https:\/\/chat.whatsapp.com\/DfXwcjKVIddHUT3BvnQuPZ?mode=hqctshi\" target=\"_blank\" rel=\"noreferrer noopener\">&nbsp;aqu<\/a>i!<\/em><\/p>\n<p>Segundo a <strong>concession\u00e1ria Arteris ViaPaulista<\/strong>, a <strong>v\u00edtima <\/strong>que <strong>faleceu <\/strong>estava no <strong>carro<\/strong>. <strong>Outra v\u00edtima <\/strong>foi <strong>socorrida <\/strong>no <strong>caminh\u00e3o <\/strong>com <strong>ferimentos<\/strong> <strong>leves <\/strong>e levada \u00e0 <strong>Santa<\/strong> <strong>Casa <\/strong>de <strong>Cravinhos<\/strong>.<\/p>\n<p>Ainda conforme a concession\u00e1ria, ap\u00f3s o impacto, o caminh\u00e3o tombou.<\/p>\n<p>A ViaPaulista informou que a pista encontra-se interditada em ambos os sentidos, com fila de um quil\u00f4metro no local.<\/p>\n<p>Al\u00e9m da concession\u00e1ria, equipes do Samu e da PMR (Pol\u00edcia Militar Rodovi\u00e1ria) tamb\u00e9m foram acionadas.<\/p>\n<p>As causas ainda dever\u00e3o ser apuradas.<\/p>\n<figure class=\"wp-block-gallery has-nested-images columns-default is-cropped wp-block-gallery-1 is-layout-flex wp-block-gallery-is-layout-flex\">\n<figure class=\"wp-block-image size-large\"><figcaption class=\"wp-element-caption\">Foto: Divulga\u00e7\u00e3o \/ Artesp<\/figcaption><\/figure>\n<figure class=\"wp-block-image size-large\"><img data-recalc-dims=\"1\" loading=\"lazy\" decoding=\"async\" width=\"576\" height=\"1024\" data-id=\"165375\" src=\"https:\/\/i0.wp.com\/www.acidadeon.com\/ribeiraopreto\/wp-content\/uploads\/sites\/3\/2026\/07\/f0ab7c7a-c2e6-4306-8ca4-1457ff42ebc9_2026-07-12_17-50-00-576x1024.webp?resize=576%2C1024&#038;ssl=1\" alt=\"batida\" class=\"wp-image-165375\" title=\"Batida frontal entre carro e caminh\u00e3o deixa 1 morto e interdita rodovia 2\" \/><figcaption class=\"wp-element-caption\">Foto: Divulga\u00e7\u00e3o \/ Artesp<\/figcaption><\/figure>\n<figure class=\"wp-block-image size-large\"><img data-recalc-dims=\"1\" loading=\"lazy\" decoding=\"async\" width=\"1024\" height=\"768\" data-id=\"165376\" src=\"https:\/\/i0.wp.com\/www.acidadeon.com\/ribeiraopreto\/wp-content\/uploads\/sites\/3\/2026\/07\/a5cad13c-4d23-4e9d-a4eb-2426da2a2edc_2026-07-12_17-50-03-1024x768.webp?resize=1024%2C768&#038;ssl=1\" alt=\"batida\" class=\"wp-image-165376\" title=\"Batida frontal entre carro e caminh\u00e3o deixa 1 morto e interdita rodovia 3\" \/><figcaption class=\"wp-element-caption\">Foto: Divulga\u00e7\u00e3o \/ Artesp<\/figcaption><\/figure>\n<\/figure>\n<p class=\"has-cyan-bluish-gray-background-color has-background\"><em>Fa\u00e7a uma den\u00fancia ou sugira uma reportagem sobre&nbsp;<strong>Ribeir\u00e3o Preto&nbsp;<\/strong>e regi\u00e3o por meio do WhatsApp do&nbsp;<strong>acidade on Ribeir\u00e3o<\/strong>: (16) 99117-7802.<\/em><\/p>\n<p>O post Batida frontal entre carro e caminh\u00e3o deixa 1 morto e interdita rodovia apareceu primeiro em ACidade ON Ribeir\u00e3o Preto.<\/p>\n<p><br \/>\n<br \/><a href=\"https:\/\/www.acidadeon.com\/ribeiraopreto\/cotidiano\/batida-frontal-entre-carro-e-caminhao-deixa-1-morto-e-interdita-rodovia\/\">Link para o texto original aqui <\/a><\/p>\n<!-- CONTENT END 1 -->\n","protected":false},"excerpt":{"rendered":"<p>Uma pessoa morreu na tarde deste domingo (12), ap\u00f3s uma batida frontal entre um carro e um caminh\u00e3o no km 297,5 da rodovia Jos\u00e9 Fregonezi&#8230;<\/p>\n","protected":false},"author":1,"featured_media":87975,"comment_status":"","ping_status":"","sticky":false,"template":"","format":"standard","meta":{"advanced_seo_description":"","jetpack_seo_html_title":"","jetpack_seo_noindex":false,"jetpack_seo_schema_type":"","_jetpack_newsletter_access":"","_jetpack_dont_email_post_to_subs":false,"_jetpack_newsletter_tier_id":0,"_jetpack_memberships_contains_paywalled_content":false,"_jetpack_feature_clip_id":0,"_jetpack_memberships_contains_paid_content":false,"footnotes":"","jetpack_publicize_message":"","jetpack_publicize_feature_enabled":true,"jetpack_social_post_already_shared":true,"jetpack_social_options":{"image_generator_settings":{"template":"highway","default_image_id":0,"font":"","enabled":false},"version":2},"jetpack_post_was_ever_published":false},"categories":[11],"tags":[3159,1971,295,77,389,7642,2802,405,80],"class_list":["post-87974","post","type-post","status-publish","format-standard","has-post-thumbnail","hentry","category-noticias-de-ribeirao-preto-sp-e-regiao-ismael-colosi","tag-batida","tag-caminhao","tag-carro","tag-deixa","tag-entre","tag-frontal","tag-interdita","tag-morto","tag-rodovia"],"jetpack_publicize_connections":[],"jetpack-related-posts":[{"id":87978,"url":"https:\/\/noticiasribeiraopreto.com.br\/index.php\/2026\/07\/12\/batida-frontal-entre-carro-e-caminhao-mata-um-e-interdita-rodovia-em-cravinhos\/","url_meta":{"origin":87974,"position":0},"title":"Batida frontal entre carro e caminh\u00e3o mata um e interdita rodovia em Cravinhos","author":"noticiasribeiraopreto.com.br","date":"12 de July de 2026","format":false,"excerpt":"Uma batida frontal entre um carro e um caminh\u00e3o deixou uma pessoa morta e outra ferida na manh\u00e3 deste domingo (12), na rodovia Jos\u00e9 Fregonezi, em Cravinhos, na regi\u00e3o de Ribeir\u00e3o Preto. O acidente mobilizou equipes de resgate e provocou a interdi\u00e7\u00e3o da via durante o atendimento da ocorr\u00eancia.O impacto\u2026","rel":"","context":"In &quot;Not\u00edcias de Ribeir\u00e3o Preto-SP e Regi\u00e3o&quot;","block_context":{"text":"Not\u00edcias de Ribeir\u00e3o Preto-SP e Regi\u00e3o","link":"https:\/\/noticiasribeiraopreto.com.br\/index.php\/category\/noticias-de-ribeirao-preto-sp-e-regiao-ismael-colosi\/"},"img":{"alt_text":"","src":"https:\/\/i0.wp.com\/noticiasribeiraopreto.com.br\/wp-content\/uploads\/2026\/07\/riberiao-Divulgacao-Artesp.webp.webp?fit=1017%2C653&ssl=1&resize=350%2C200","width":350,"height":200,"srcset":"https:\/\/i0.wp.com\/noticiasribeiraopreto.com.br\/wp-content\/uploads\/2026\/07\/riberiao-Divulgacao-Artesp.webp.webp?fit=1017%2C653&ssl=1&resize=350%2C200 1x, https:\/\/i0.wp.com\/noticiasribeiraopreto.com.br\/wp-content\/uploads\/2026\/07\/riberiao-Divulgacao-Artesp.webp.webp?fit=1017%2C653&ssl=1&resize=525%2C300 1.5x, https:\/\/i0.wp.com\/noticiasribeiraopreto.com.br\/wp-content\/uploads\/2026\/07\/riberiao-Divulgacao-Artesp.webp.webp?fit=1017%2C653&ssl=1&resize=700%2C400 2x"},"classes":[]},{"id":89295,"url":"https:\/\/noticiasribeiraopreto.com.br\/index.php\/2026\/08\/03\/batida-entre-caminhao-guincho-e-carro-deixa-2-mortos-na-rodovia-anhanguera\/","url_meta":{"origin":87974,"position":1},"title":"Batida entre caminh\u00e3o-guincho e carro deixa 2 mortos na rodovia Anhanguera","author":"noticiasribeiraopreto.com.br","date":"3 de August de 2026","format":false,"excerpt":"Uma batida entre um caminh\u00e3o-guincho e um carro deixou dois mortos e um ferido grave na noite deste domingo (2), no km 317 da rodovia Anhanguera (SP-330), em Ribeir\u00e3o Preto. Receba not\u00edcias do\u00a0acidade on Ribeir\u00e3o\u00a0no WhatsApp e fique por dentro de tudo! Basta acessar o link\u00a0aqui! Segundo o CCM (Centro\u2026","rel":"","context":"In &quot;Not\u00edcias de Ribeir\u00e3o Preto-SP e Regi\u00e3o&quot;","block_context":{"text":"Not\u00edcias de Ribeir\u00e3o Preto-SP e Regi\u00e3o","link":"https:\/\/noticiasribeiraopreto.com.br\/index.php\/category\/noticias-de-ribeirao-preto-sp-e-regiao-ismael-colosi\/"},"img":{"alt_text":"","src":"https:\/\/i0.wp.com\/noticiasribeiraopreto.com.br\/wp-content\/uploads\/2026\/08\/80623719-9b29-4a61-a50e-51b2a5c80ca7.jpg?fit=1200%2C675&ssl=1&resize=350%2C200","width":350,"height":200,"srcset":"https:\/\/i0.wp.com\/noticiasribeiraopreto.com.br\/wp-content\/uploads\/2026\/08\/80623719-9b29-4a61-a50e-51b2a5c80ca7.jpg?fit=1200%2C675&ssl=1&resize=350%2C200 1x, https:\/\/i0.wp.com\/noticiasribeiraopreto.com.br\/wp-content\/uploads\/2026\/08\/80623719-9b29-4a61-a50e-51b2a5c80ca7.jpg?fit=1200%2C675&ssl=1&resize=525%2C300 1.5x, https:\/\/i0.wp.com\/noticiasribeiraopreto.com.br\/wp-content\/uploads\/2026\/08\/80623719-9b29-4a61-a50e-51b2a5c80ca7.jpg?fit=1200%2C675&ssl=1&resize=700%2C400 2x, https:\/\/i0.wp.com\/noticiasribeiraopreto.com.br\/wp-content\/uploads\/2026\/08\/80623719-9b29-4a61-a50e-51b2a5c80ca7.jpg?fit=1200%2C675&ssl=1&resize=1050%2C600 3x"},"classes":[]},{"id":70780,"url":"https:\/\/noticiasribeiraopreto.com.br\/index.php\/2025\/05\/29\/batida-frontal-entre-carro-e-carreta-deixa-dois-mortos-em-rodovia-no-interior-de-sp\/","url_meta":{"origin":87974,"position":2},"title":"Batida frontal entre carro e carreta deixa dois mortos em rodovia no interior de SP","author":"noticiasribeiraopreto.com.br","date":"29 de May de 2025","format":false,"excerpt":"Duas pessoas morreram na tarde desta quinta-feira (29) ap\u00f3s uma batida frontal entre um carro de passeio e uma carreta no km 6 da rodovia Ronan Rocha (SP-345), em Itirapu\u00e3, no interior de S\u00e3o Paulo. Segundo o motorista da carreta, ele trafegava de Capetinga em dire\u00e7\u00e3o a Itirapu\u00e3 quando o\u2026","rel":"","context":"In &quot;Not\u00edcias de Ribeir\u00e3o Preto-SP e Regi\u00e3o&quot;","block_context":{"text":"Not\u00edcias de Ribeir\u00e3o Preto-SP e Regi\u00e3o","link":"https:\/\/noticiasribeiraopreto.com.br\/index.php\/category\/noticias-de-ribeirao-preto-sp-e-regiao-ismael-colosi\/"},"img":{"alt_text":"","src":"https:\/\/i0.wp.com\/noticiasribeiraopreto.com.br\/wp-content\/uploads\/2025\/05\/Copia-de-Copia-de-Copia-de-TAMANHO-EXATO-PARA-FOTOS-NO-SISTEMA-NOVO-2025-05-29T150853.517_2025-05-29_18-09-18.webp.webp?fit=1200%2C675&ssl=1&resize=350%2C200","width":350,"height":200,"srcset":"https:\/\/i0.wp.com\/noticiasribeiraopreto.com.br\/wp-content\/uploads\/2025\/05\/Copia-de-Copia-de-Copia-de-TAMANHO-EXATO-PARA-FOTOS-NO-SISTEMA-NOVO-2025-05-29T150853.517_2025-05-29_18-09-18.webp.webp?fit=1200%2C675&ssl=1&resize=350%2C200 1x, https:\/\/i0.wp.com\/noticiasribeiraopreto.com.br\/wp-content\/uploads\/2025\/05\/Copia-de-Copia-de-Copia-de-TAMANHO-EXATO-PARA-FOTOS-NO-SISTEMA-NOVO-2025-05-29T150853.517_2025-05-29_18-09-18.webp.webp?fit=1200%2C675&ssl=1&resize=525%2C300 1.5x, https:\/\/i0.wp.com\/noticiasribeiraopreto.com.br\/wp-content\/uploads\/2025\/05\/Copia-de-Copia-de-Copia-de-TAMANHO-EXATO-PARA-FOTOS-NO-SISTEMA-NOVO-2025-05-29T150853.517_2025-05-29_18-09-18.webp.webp?fit=1200%2C675&ssl=1&resize=700%2C400 2x, https:\/\/i0.wp.com\/noticiasribeiraopreto.com.br\/wp-content\/uploads\/2025\/05\/Copia-de-Copia-de-Copia-de-TAMANHO-EXATO-PARA-FOTOS-NO-SISTEMA-NOVO-2025-05-29T150853.517_2025-05-29_18-09-18.webp.webp?fit=1200%2C675&ssl=1&resize=1050%2C600 3x"},"classes":[]},{"id":48485,"url":"https:\/\/noticiasribeiraopreto.com.br\/index.php\/2024\/05\/03\/carro-capota-apos-batida-e-deixa-vitima-grave-na-rodovia-anhanguera\/","url_meta":{"origin":87974,"position":3},"title":"Carro capota ap\u00f3s batida e deixa v\u00edtima grave na rodovia Anhanguera","author":"noticiasribeiraopreto.com.br","date":"3 de May de 2024","format":false,"excerpt":"Duas pessoas ficaram feridas \u2013 uma delas em estado grave \u2013 depois de uma batida entre um carro e uma caminh\u00e3o na manh\u00e3 desta sexta-feira (3), no km 310 da rodovia Anhanguera (SP-330), em Ribeir\u00e3o Preto. As v\u00edtimas estavam no carro, que capotou em seguida. Segundo a concession\u00e1ria ViaPaulista, houve\u2026","rel":"","context":"In &quot;Not\u00edcias de Ribeir\u00e3o Preto-SP e Regi\u00e3o&quot;","block_context":{"text":"Not\u00edcias de Ribeir\u00e3o Preto-SP e Regi\u00e3o","link":"https:\/\/noticiasribeiraopreto.com.br\/index.php\/category\/noticias-de-ribeirao-preto-sp-e-regiao-ismael-colosi\/"},"img":{"alt_text":"","src":"https:\/\/i0.wp.com\/noticiasribeiraopreto.com.br\/wp-content\/uploads\/2024\/05\/20220618_052659306_bombeiro_bombeiros_600x338_24052022170711.jpg?fit=600%2C337&ssl=1&resize=350%2C200","width":350,"height":200,"srcset":"https:\/\/i0.wp.com\/noticiasribeiraopreto.com.br\/wp-content\/uploads\/2024\/05\/20220618_052659306_bombeiro_bombeiros_600x338_24052022170711.jpg?fit=600%2C337&ssl=1&resize=350%2C200 1x, https:\/\/i0.wp.com\/noticiasribeiraopreto.com.br\/wp-content\/uploads\/2024\/05\/20220618_052659306_bombeiro_bombeiros_600x338_24052022170711.jpg?fit=600%2C337&ssl=1&resize=525%2C300 1.5x"},"classes":[]},{"id":88013,"url":"https:\/\/noticiasribeiraopreto.com.br\/index.php\/2026\/07\/13\/corpo-de-vitima-de-acidente-entre-carro-e-caminhao-sera-sepultado-nesta-segunda\/","url_meta":{"origin":87974,"position":4},"title":"Corpo de v\u00edtima de acidente entre carro e caminh\u00e3o ser\u00e1 sepultado nesta segunda","author":"noticiasribeiraopreto.com.br","date":"13 de July de 2026","format":false,"excerpt":"O corpo do homem que morreu ap\u00f3s uma batida frontal entre um carro e um caminh\u00e3o neste domingo (12), na rodovia Jos\u00e9 Fregonezi (SP-328), em Cravinhos, na regi\u00e3o de Ribeir\u00e3o Preto, ser\u00e1 sepultado nesta segunda-feira (13). Receba not\u00edcias do\u00a0acidade on Ribeir\u00e3o\u00a0no WhatsApp e fique por dentro de tudo! Basta acessar\u2026","rel":"","context":"In &quot;Not\u00edcias de Ribeir\u00e3o Preto-SP e Regi\u00e3o&quot;","block_context":{"text":"Not\u00edcias de Ribeir\u00e3o Preto-SP e Regi\u00e3o","link":"https:\/\/noticiasribeiraopreto.com.br\/index.php\/category\/noticias-de-ribeirao-preto-sp-e-regiao-ismael-colosi\/"},"img":{"alt_text":"","src":"https:\/\/i0.wp.com\/noticiasribeiraopreto.com.br\/wp-content\/uploads\/2026\/07\/luan_2026-07-13_11-13-48.webp.webp?fit=1200%2C863&ssl=1&resize=350%2C200","width":350,"height":200,"srcset":"https:\/\/i0.wp.com\/noticiasribeiraopreto.com.br\/wp-content\/uploads\/2026\/07\/luan_2026-07-13_11-13-48.webp.webp?fit=1200%2C863&ssl=1&resize=350%2C200 1x, https:\/\/i0.wp.com\/noticiasribeiraopreto.com.br\/wp-content\/uploads\/2026\/07\/luan_2026-07-13_11-13-48.webp.webp?fit=1200%2C863&ssl=1&resize=525%2C300 1.5x, https:\/\/i0.wp.com\/noticiasribeiraopreto.com.br\/wp-content\/uploads\/2026\/07\/luan_2026-07-13_11-13-48.webp.webp?fit=1200%2C863&ssl=1&resize=700%2C400 2x, https:\/\/i0.wp.com\/noticiasribeiraopreto.com.br\/wp-content\/uploads\/2026\/07\/luan_2026-07-13_11-13-48.webp.webp?fit=1200%2C863&ssl=1&resize=1050%2C600 3x"},"classes":[]},{"id":83558,"url":"https:\/\/noticiasribeiraopreto.com.br\/index.php\/2026\/03\/20\/colisao-frontal-entre-carro-e-caminhao-deixa-um-morto-e-dois-feridos\/","url_meta":{"origin":87974,"position":5},"title":"Colis\u00e3o frontal entre carro e caminh\u00e3o deixa um morto e dois feridos","author":"noticiasribeiraopreto.com.br","date":"20 de March de 2026","format":false,"excerpt":"00:00 A+ A- Uma pessoa morreu e duas ficaram feridas em um acidente na rodovia Prefeito F\u00e1bio Talarico, entre Franca e S\u00e3o Jos\u00e9 da Bela Vista, na tarde desta sexta-feira (20).\u00a0 A colis\u00e3o frontal aconteceu na altura do quil\u00f4metro 48, pr\u00f3ximo do trevo de acesso a S\u00e3o Jos\u00e9 da Bela\u2026","rel":"","context":"In &quot;Not\u00edcias de Ribeir\u00e3o Preto-SP e Regi\u00e3o&quot;","block_context":{"text":"Not\u00edcias de Ribeir\u00e3o Preto-SP e Regi\u00e3o","link":"https:\/\/noticiasribeiraopreto.com.br\/index.php\/category\/noticias-de-ribeirao-preto-sp-e-regiao-ismael-colosi\/"},"img":{"alt_text":"","src":"https:\/\/i0.wp.com\/noticiasribeiraopreto.com.br\/wp-content\/uploads\/2026\/03\/acidente-fabio-talarico_2026-03-20_19-13-20.webp.webp?fit=1181%2C669&ssl=1&resize=350%2C200","width":350,"height":200,"srcset":"https:\/\/i0.wp.com\/noticiasribeiraopreto.com.br\/wp-content\/uploads\/2026\/03\/acidente-fabio-talarico_2026-03-20_19-13-20.webp.webp?fit=1181%2C669&ssl=1&resize=350%2C200 1x, https:\/\/i0.wp.com\/noticiasribeiraopreto.com.br\/wp-content\/uploads\/2026\/03\/acidente-fabio-talarico_2026-03-20_19-13-20.webp.webp?fit=1181%2C669&ssl=1&resize=525%2C300 1.5x, https:\/\/i0.wp.com\/noticiasribeiraopreto.com.br\/wp-content\/uploads\/2026\/03\/acidente-fabio-talarico_2026-03-20_19-13-20.webp.webp?fit=1181%2C669&ssl=1&resize=700%2C400 2x, https:\/\/i0.wp.com\/noticiasribeiraopreto.com.br\/wp-content\/uploads\/2026\/03\/acidente-fabio-talarico_2026-03-20_19-13-20.webp.webp?fit=1181%2C669&ssl=1&resize=1050%2C600 3x"},"classes":[]}],"jetpack_sharing_enabled":true,"jetpack_shortlink":"https:\/\/wp.me\/peQAOb-mSW","jetpack_featured_media_url":"https:\/\/i0.wp.com\/noticiasribeiraopreto.com.br\/wp-content\/uploads\/2026\/07\/4a31e7a9-38c4-44ec-8166-13725ce5fb2a_2026-07-12_17-40-05.webp.webp?fit=1017%2C653&ssl=1","_links":{"self":[{"href":"https:\/\/noticiasribeiraopreto.com.br\/index.php\/wp-json\/wp\/v2\/posts\/87974","targetHints":{"allow":["GET"]}}],"collection":[{"href":"https:\/\/noticiasribeiraopreto.com.br\/index.php\/wp-json\/wp\/v2\/posts"}],"about":[{"href":"https:\/\/noticiasribeiraopreto.com.br\/index.php\/wp-json\/wp\/v2\/types\/post"}],"author":[{"embeddable":true,"href":"https:\/\/noticiasribeiraopreto.com.br\/index.php\/wp-json\/wp\/v2\/users\/1"}],"replies":[{"embeddable":true,"href":"https:\/\/noticiasribeiraopreto.com.br\/index.php\/wp-json\/wp\/v2\/comments?post=87974"}],"version-history":[{"count":0,"href":"https:\/\/noticiasribeiraopreto.com.br\/index.php\/wp-json\/wp\/v2\/posts\/87974\/revisions"}],"wp:featuredmedia":[{"embeddable":true,"href":"https:\/\/noticiasribeiraopreto.com.br\/index.php\/wp-json\/wp\/v2\/media\/87975"}],"wp:attachment":[{"href":"https:\/\/noticiasribeiraopreto.com.br\/index.php\/wp-json\/wp\/v2\/media?parent=87974"}],"wp:term":[{"taxonomy":"category","embeddable":true,"href":"https:\/\/noticiasribeiraopreto.com.br\/index.php\/wp-json\/wp\/v2\/categories?post=87974"},{"taxonomy":"post_tag","embeddable":true,"href":"https:\/\/noticiasribeiraopreto.com.br\/index.php\/wp-json\/wp\/v2\/tags?post=87974"}],"curies":[{"name":"wp","href":"https:\/\/api.w.org\/{rel}","templated":true}]}}