{"id":87989,"date":"2026-07-12T19:50:03","date_gmt":"2026-07-12T22:50:03","guid":{"rendered":"https:\/\/noticiasribeiraopreto.com.br\/index.php\/2026\/07\/12\/escola-de-enfermagem-da-usp-ribeirao-preto-abre-inscricoes-para-curso-gratuito-de-ferias\/"},"modified":"2026-07-12T19:50:03","modified_gmt":"2026-07-12T22:50:03","slug":"escola-de-enfermagem-da-usp-ribeirao-preto-abre-inscricoes-para-curso-gratuito-de-ferias","status":"publish","type":"post","link":"https:\/\/noticiasribeiraopreto.com.br\/index.php\/2026\/07\/12\/escola-de-enfermagem-da-usp-ribeirao-preto-abre-inscricoes-para-curso-gratuito-de-ferias\/","title":{"rendered":"Escola de Enfermagem da USP Ribeir\u00e3o Preto abre inscri\u00e7\u00f5es para curso gratuito de f\u00e9rias"},"content":{"rendered":"<div class='code-block code-block-1' style='margin: 8px 0 8px auto; text-align: right; display: block; clear: both;'>\n<p><a href=\"https:\/\/wa.link\/vpicfd\"><img data-recalc-dims=\"1\" class=\"wp-image-4922\" style=\"aspect-ratio: 2.0253164556962027; width: 561px; height: auto;\" src=\"https:\/\/i0.wp.com\/ismaelcolosi.com.br\/wp-content\/uploads\/2023\/11\/grupo-de-empregos-whatsapp-e-facebook-ismael-colosi-vagas.jpg?ssl=1\" alt=\"\" \/><\/a><\/p>\n<!-- \/wp:image -->\n<\/div>\n<p> <br \/>\n<\/p>\n<p><strong>A\u00a0<a href=\"http:\/\/www.eerp.usp.br\/\" target=\"_blank\" rel=\"noreferrer noopener\">Escola de Enfermagem de Ribeir\u00e3o Preto da Universidade de S\u00e3o Paulo (EERP-USP)<\/a>\u00a0abriu inscri\u00e7\u00f5es para um curso gratuito de f\u00e9rias, que ser\u00e1 realizado de 20 a 24 de julho, das 8h \u00e0s 17h, na sede da institui\u00e7\u00e3o.<\/strong><\/p>\n<p class=\"has-cyan-bluish-gray-background-color has-background\"><em>Receba not\u00edcias do&nbsp;<strong>acidade on Ribeir\u00e3o&nbsp;<\/strong>no WhatsApp e fique por dentro de tudo! Basta acessar o link<a href=\"https:\/\/chat.whatsapp.com\/DfXwcjKVIddHUT3BvnQuPZ?mode=hqctshi\" target=\"_blank\" rel=\"noreferrer noopener\">&nbsp;aqu<\/a>i!<\/em><\/p>\n<h2 class=\"wp-block-heading\">Escola de Enfermagem da USP ter\u00e1 curso de f\u00e9rias<\/h2>\n<p>Ser\u00e3o disponibilizadas <strong>40 vagas<\/strong> para a <strong>2\u00aa edi\u00e7\u00e3o<\/strong> do <strong>curso<\/strong> voltado a <strong>estudantes <\/strong>do <strong>ensino m\u00e9dio <\/strong>da <strong>rede p\u00fablica<\/strong> de <strong>Ribeir\u00e3o <\/strong>e <strong>regi\u00e3o que desejam conhecer mais sobre a profiss\u00e3o e vivenciar a universidade<\/strong>. Os <strong>inscritos <\/strong>passar\u00e3o por <strong>sele\u00e7\u00e3o<\/strong>. Clique <strong><a href=\"https:\/\/docs.google.com\/forms\/d\/e\/1FAIpQLSeltf5hTrlq3kHP7CgAFDzuCAV-Kwufa4OXJeO7YK_wH_g9bw\/viewform\" data-type=\"link\" data-id=\"https:\/\/docs.google.com\/forms\/d\/e\/1FAIpQLSeltf5hTrlq3kHP7CgAFDzuCAV-Kwufa4OXJeO7YK_wH_g9bw\/viewform\" target=\"_blank\" rel=\"noopener\">aqui<\/a> <\/strong>para fazer a inscri\u00e7\u00e3o.<\/p>\n<p>A programa\u00e7\u00e3o inclui oficinas, palestras, atividades interativas e visitas aos espa\u00e7os acad\u00eamicos e laboratoriais da EERP-USP.<\/p>\n<p>Os alunos receber\u00e3o certificado, kit do participante e ter\u00e3o almo\u00e7o durante todos os dias do evento.<\/p>\n<figure class=\"wp-block-gallery has-nested-images columns-default is-cropped wp-block-gallery-3 is-layout-flex wp-block-gallery-is-layout-flex\">\n<figure class=\"wp-block-image size-large\"><figcaption class=\"wp-element-caption\">Foto: Divulga\u00e7\u00e3o<\/figcaption><\/figure>\n<figure class=\"wp-block-image size-large\"><img data-recalc-dims=\"1\" loading=\"lazy\" decoding=\"async\" width=\"576\" height=\"1024\" data-id=\"165402\" src=\"https:\/\/i0.wp.com\/www.acidadeon.com\/ribeiraopreto\/wp-content\/uploads\/sites\/3\/2026\/07\/WhatsApp-Image-2026-07-12-at-17.16.44-2_2026-07-12_21-03-40-576x1024.webp?resize=576%2C1024&#038;ssl=1\" alt=\"escola\" class=\"wp-image-165402\" title=\"Escola de Enfermagem da USP Ribeir\u00e3o Preto abre inscri\u00e7\u00f5es para curso gratuito de f\u00e9rias 11\" \/><figcaption class=\"wp-element-caption\">Foto: Divulga\u00e7\u00e3o<\/figcaption><\/figure>\n<figure class=\"wp-block-image size-large\"><img data-recalc-dims=\"1\" loading=\"lazy\" decoding=\"async\" width=\"769\" height=\"1024\" data-id=\"165403\" src=\"https:\/\/i0.wp.com\/www.acidadeon.com\/ribeiraopreto\/wp-content\/uploads\/sites\/3\/2026\/07\/WhatsApp-Image-2026-07-12-at-17.16.44-1_2026-07-12_21-03-43-769x1024.webp?resize=769%2C1024&#038;ssl=1\" alt=\"escola\" class=\"wp-image-165403\" title=\"Escola de Enfermagem da USP Ribeir\u00e3o Preto abre inscri\u00e7\u00f5es para curso gratuito de f\u00e9rias 12\" \/><figcaption class=\"wp-element-caption\">Foto: Divulga\u00e7\u00e3o<\/figcaption><\/figure>\n<\/figure>\n<h2 class=\"wp-block-heading\">Servi\u00e7o<\/h2>\n<p><em>II Curso de F\u00e9rias da Escola de Enfermagem de Ribeir\u00e3o Preto (EERP-USP)<\/em><\/p>\n<p><strong>Data:<\/strong> De 20 a 24 de julho de 2026<br \/><strong>Local:<\/strong> Escola de Enfermagem de Ribeir\u00e3o Preto \u2013 USP<br \/><strong>Inscri\u00e7\u00f5es:<\/strong> Clique <a href=\"https:\/\/docs.google.com\/forms\/d\/e\/1FAIpQLSeltf5hTrlq3kHP7CgAFDzuCAV-Kwufa4OXJeO7YK_wH_g9bw\/viewform\" data-type=\"link\" data-id=\"https:\/\/docs.google.com\/forms\/d\/e\/1FAIpQLSeltf5hTrlq3kHP7CgAFDzuCAV-Kwufa4OXJeO7YK_wH_g9bw\/viewform\" target=\"_blank\" rel=\"noopener\"><strong>aqui<\/strong><\/a><br \/>Participa\u00e7\u00e3o gratuita, com certificado, kit do participante e almo\u00e7o durante todos os dias do evento<\/p>\n<p class=\"has-cyan-bluish-gray-background-color has-background\"><em>Fa\u00e7a uma den\u00fancia ou sugira uma reportagem sobre&nbsp;<strong>Ribeir\u00e3o Preto&nbsp;<\/strong>e regi\u00e3o por meio do WhatsApp do&nbsp;<strong>acidade on Ribeir\u00e3o<\/strong>: (16) 99117-7802.<\/em><\/p>\n<p>O post Escola de Enfermagem da USP Ribeir\u00e3o Preto abre inscri\u00e7\u00f5es para curso gratuito de f\u00e9rias apareceu primeiro em ACidade ON Ribeir\u00e3o Preto.<\/p>\n<p><br \/>\n<br \/><a href=\"https:\/\/www.acidadeon.com\/ribeiraopreto\/cotidiano\/escola-de-enfermagem-da-usp-ribeirao-preto-abre-inscricoes-para-curso-gratuito-de-ferias\/\">Link para o texto original aqui <\/a><\/p>\n<!-- CONTENT END 1 -->\n","protected":false},"excerpt":{"rendered":"<p>A\u00a0Escola de Enfermagem de Ribeir\u00e3o Preto da Universidade de S\u00e3o Paulo (EERP-USP)\u00a0abriu inscri\u00e7\u00f5es para um curso gratuito de f\u00e9rias, que ser\u00e1 realizado de 20 a&#8230;<\/p>\n","protected":false},"author":1,"featured_media":87990,"comment_status":"","ping_status":"","sticky":false,"template":"","format":"standard","meta":{"advanced_seo_description":"","jetpack_seo_html_title":"","jetpack_seo_noindex":false,"jetpack_seo_schema_type":"","_jetpack_newsletter_access":"","_jetpack_dont_email_post_to_subs":false,"_jetpack_newsletter_tier_id":0,"_jetpack_memberships_contains_paywalled_content":false,"_jetpack_feature_clip_id":0,"_jetpack_memberships_contains_paid_content":false,"footnotes":"","jetpack_publicize_message":"","jetpack_publicize_feature_enabled":true,"jetpack_social_post_already_shared":true,"jetpack_social_options":{"image_generator_settings":{"template":"highway","default_image_id":0,"font":"","enabled":false},"version":2},"jetpack_post_was_ever_published":false},"categories":[11],"tags":[210,549,4080,1898,2970,361,566,71,27,26,872],"class_list":["post-87989","post","type-post","status-publish","format-standard","has-post-thumbnail","hentry","category-noticias-de-ribeirao-preto-sp-e-regiao-ismael-colosi","tag-abre","tag-curso","tag-enfermagem","tag-escola","tag-ferias","tag-gratuito","tag-inscricoes","tag-para","tag-preto","tag-ribeirao","tag-usp"],"jetpack_publicize_connections":[],"jetpack-related-posts":[{"id":73220,"url":"https:\/\/noticiasribeiraopreto.com.br\/index.php\/2025\/06\/27\/usp-abre-inscricoes-para-curso-gratuito-de-ferias-na-escola-de-enfermagem-de-ribeirao-preto\/","url_meta":{"origin":87989,"position":0},"title":"USP abre inscri\u00e7\u00f5es para curso gratuito de f\u00e9rias na Escola de Enfermagem de Ribeir\u00e3o Preto","author":"noticiasribeiraopreto.com.br","date":"27 de June de 2025","format":false,"excerpt":"A Escola de Enfermagem de Ribeir\u00e3o Preto da Universidade de S\u00e3o Paulo (EERP-USP) abriu inscri\u00e7\u00f5es para um curso gratuito de f\u00e9rias, que ser\u00e1 realizado presencialmente de 14 a 18 de julho, das 8h \u00e0s 18h. Podem participar estudantes do ensino m\u00e9dio da rede p\u00fablica, preferencialmente de Ribeir\u00e3o e regi\u00e3o. Segundo\u2026","rel":"","context":"In &quot;Not\u00edcias de Ribeir\u00e3o Preto-SP e Regi\u00e3o&quot;","block_context":{"text":"Not\u00edcias de Ribeir\u00e3o Preto-SP e Regi\u00e3o","link":"https:\/\/noticiasribeiraopreto.com.br\/index.php\/category\/noticias-de-ribeirao-preto-sp-e-regiao-ismael-colosi\/"},"img":{"alt_text":"","src":"https:\/\/i0.wp.com\/noticiasribeiraopreto.com.br\/wp-content\/uploads\/2025\/06\/AnyConv.com__escola-enfermagem-usp-ribeirao-preto-scaled.webp.webp?fit=1200%2C800&ssl=1&resize=350%2C200","width":350,"height":200,"srcset":"https:\/\/i0.wp.com\/noticiasribeiraopreto.com.br\/wp-content\/uploads\/2025\/06\/AnyConv.com__escola-enfermagem-usp-ribeirao-preto-scaled.webp.webp?fit=1200%2C800&ssl=1&resize=350%2C200 1x, https:\/\/i0.wp.com\/noticiasribeiraopreto.com.br\/wp-content\/uploads\/2025\/06\/AnyConv.com__escola-enfermagem-usp-ribeirao-preto-scaled.webp.webp?fit=1200%2C800&ssl=1&resize=525%2C300 1.5x, https:\/\/i0.wp.com\/noticiasribeiraopreto.com.br\/wp-content\/uploads\/2025\/06\/AnyConv.com__escola-enfermagem-usp-ribeirao-preto-scaled.webp.webp?fit=1200%2C800&ssl=1&resize=700%2C400 2x, https:\/\/i0.wp.com\/noticiasribeiraopreto.com.br\/wp-content\/uploads\/2025\/06\/AnyConv.com__escola-enfermagem-usp-ribeirao-preto-scaled.webp.webp?fit=1200%2C800&ssl=1&resize=1050%2C600 3x"},"classes":[]},{"id":86966,"url":"https:\/\/noticiasribeiraopreto.com.br\/index.php\/2026\/06\/24\/ribeirao-preto-abre-32-vagas-para-cursos-gratuitos-de-ferias-veja-como-participar\/","url_meta":{"origin":87989,"position":1},"title":"Ribeir\u00e3o Preto abre 32 vagas para cursos gratuitos de f\u00e9rias; veja como participar","author":"noticiasribeiraopreto.com.br","date":"24 de June de 2026","format":false,"excerpt":"O Centro de Qualifica\u00e7\u00e3o Social e Profissional de Ribeir\u00e3o Preto abre na pr\u00f3xima segunda-feira (29) inscri\u00e7\u00f5es para 32 vagas em cursos gratuitos de f\u00e9rias. A iniciativa busca ampliar o acesso \u00e0 qualifica\u00e7\u00e3o profissional, \u00e0 inclus\u00e3o digital e a oportunidades de gera\u00e7\u00e3o de renda. Receba not\u00edcias do\u00a0acidade on Ribeir\u00e3o\u00a0no WhatsApp e\u2026","rel":"","context":"In &quot;Not\u00edcias de Ribeir\u00e3o Preto-SP e Regi\u00e3o&quot;","block_context":{"text":"Not\u00edcias de Ribeir\u00e3o Preto-SP e Regi\u00e3o","link":"https:\/\/noticiasribeiraopreto.com.br\/index.php\/category\/noticias-de-ribeirao-preto-sp-e-regiao-ismael-colosi\/"},"img":{"alt_text":"","src":"https:\/\/i0.wp.com\/noticiasribeiraopreto.com.br\/wp-content\/uploads\/2026\/06\/WhatsApp-Image-2026-06-24-at-13.18.33_2026-06-24_19-00-54.webp.webp?fit=1000%2C667&ssl=1&resize=350%2C200","width":350,"height":200,"srcset":"https:\/\/i0.wp.com\/noticiasribeiraopreto.com.br\/wp-content\/uploads\/2026\/06\/WhatsApp-Image-2026-06-24-at-13.18.33_2026-06-24_19-00-54.webp.webp?fit=1000%2C667&ssl=1&resize=350%2C200 1x, https:\/\/i0.wp.com\/noticiasribeiraopreto.com.br\/wp-content\/uploads\/2026\/06\/WhatsApp-Image-2026-06-24-at-13.18.33_2026-06-24_19-00-54.webp.webp?fit=1000%2C667&ssl=1&resize=525%2C300 1.5x, https:\/\/i0.wp.com\/noticiasribeiraopreto.com.br\/wp-content\/uploads\/2026\/06\/WhatsApp-Image-2026-06-24-at-13.18.33_2026-06-24_19-00-54.webp.webp?fit=1000%2C667&ssl=1&resize=700%2C400 2x"},"classes":[]},{"id":62959,"url":"https:\/\/noticiasribeiraopreto.com.br\/index.php\/2025\/01\/29\/usp-abre-vagas-de-cursos-gratuitos-para-idosos-em-ribeirao-preto-veja-como-participar\/","url_meta":{"origin":87989,"position":2},"title":"USP abre vagas de cursos gratuitos para idosos em Ribeir\u00e3o Preto; veja como participar","author":"noticiasribeiraopreto.com.br","date":"29 de January de 2025","format":false,"excerpt":"Na pr\u00f3xima segunda-feira (3), a Universidade de S\u00e3o Paulo (USP) abre as inscri\u00e7\u00f5es para o programa USP 60+, destinado a pessoas com mais de 60 anos. Em Ribeir\u00e3o Preto, h\u00e1 vagas para cursos de extens\u00e3o, atividades esportivas e disciplinas regulares, todos gratuitos. Em todo o estado de S\u00e3o Paulo, s\u00e3o\u2026","rel":"","context":"In &quot;Not\u00edcias de Ribeir\u00e3o Preto-SP e Regi\u00e3o&quot;","block_context":{"text":"Not\u00edcias de Ribeir\u00e3o Preto-SP e Regi\u00e3o","link":"https:\/\/noticiasribeiraopreto.com.br\/index.php\/category\/noticias-de-ribeirao-preto-sp-e-regiao-ismael-colosi\/"},"img":{"alt_text":"","src":"https:\/\/i0.wp.com\/noticiasribeiraopreto.com.br\/wp-content\/uploads\/2025\/01\/campus-usp-ribeirao-preto_2025-01-27_15-21-07_jpg_2025-01-27_15-21-07.webp.webp?fit=1200%2C900&ssl=1&resize=350%2C200","width":350,"height":200,"srcset":"https:\/\/i0.wp.com\/noticiasribeiraopreto.com.br\/wp-content\/uploads\/2025\/01\/campus-usp-ribeirao-preto_2025-01-27_15-21-07_jpg_2025-01-27_15-21-07.webp.webp?fit=1200%2C900&ssl=1&resize=350%2C200 1x, https:\/\/i0.wp.com\/noticiasribeiraopreto.com.br\/wp-content\/uploads\/2025\/01\/campus-usp-ribeirao-preto_2025-01-27_15-21-07_jpg_2025-01-27_15-21-07.webp.webp?fit=1200%2C900&ssl=1&resize=525%2C300 1.5x, https:\/\/i0.wp.com\/noticiasribeiraopreto.com.br\/wp-content\/uploads\/2025\/01\/campus-usp-ribeirao-preto_2025-01-27_15-21-07_jpg_2025-01-27_15-21-07.webp.webp?fit=1200%2C900&ssl=1&resize=700%2C400 2x, https:\/\/i0.wp.com\/noticiasribeiraopreto.com.br\/wp-content\/uploads\/2025\/01\/campus-usp-ribeirao-preto_2025-01-27_15-21-07_jpg_2025-01-27_15-21-07.webp.webp?fit=1200%2C900&ssl=1&resize=1050%2C600 3x"},"classes":[]},{"id":75149,"url":"https:\/\/noticiasribeiraopreto.com.br\/index.php\/2025\/08\/04\/usp-ribeirao-abre-inscricoes-para-cursinho-pre-vestibular-gratuito-veja-como-participar\/","url_meta":{"origin":87989,"position":3},"title":"USP Ribeir\u00e3o abre inscri\u00e7\u00f5es para cursinho pr\u00e9-vestibular gratuito; veja como participar","author":"noticiasribeiraopreto.com.br","date":"4 de August de 2025","format":false,"excerpt":"A Faculdade de Filosofia, Ci\u00eancias e Letras de Ribeir\u00e3o Preto (FFCLRP) da USP abriu inscri\u00e7\u00f5es para seu cursinho pr\u00e9-vestibular gratuito. O programa, destinado a estudantes de escolas p\u00fablicas que conclu\u00edram ou cursam o ensino m\u00e9dio, prepara para os processos seletivos universit\u00e1rios. O curso integra o Projeto de Ensino Interdisciplinar Comunit\u00e1rio\u2026","rel":"","context":"In &quot;Not\u00edcias de Ribeir\u00e3o Preto-SP e Regi\u00e3o&quot;","block_context":{"text":"Not\u00edcias de Ribeir\u00e3o Preto-SP e Regi\u00e3o","link":"https:\/\/noticiasribeiraopreto.com.br\/index.php\/category\/noticias-de-ribeirao-preto-sp-e-regiao-ismael-colosi\/"},"img":{"alt_text":"","src":"https:\/\/i0.wp.com\/noticiasribeiraopreto.com.br\/wp-content\/uploads\/2025\/08\/Copia-de-Copia-de-Copia-de-TAMANHO-EXATO-PARA-FOTOS-NO-SISTEMA-NOVO-2025-08-04T143428.110_2025-08-04_17-34-46.webp.webp?fit=1200%2C675&ssl=1&resize=350%2C200","width":350,"height":200,"srcset":"https:\/\/i0.wp.com\/noticiasribeiraopreto.com.br\/wp-content\/uploads\/2025\/08\/Copia-de-Copia-de-Copia-de-TAMANHO-EXATO-PARA-FOTOS-NO-SISTEMA-NOVO-2025-08-04T143428.110_2025-08-04_17-34-46.webp.webp?fit=1200%2C675&ssl=1&resize=350%2C200 1x, https:\/\/i0.wp.com\/noticiasribeiraopreto.com.br\/wp-content\/uploads\/2025\/08\/Copia-de-Copia-de-Copia-de-TAMANHO-EXATO-PARA-FOTOS-NO-SISTEMA-NOVO-2025-08-04T143428.110_2025-08-04_17-34-46.webp.webp?fit=1200%2C675&ssl=1&resize=525%2C300 1.5x, https:\/\/i0.wp.com\/noticiasribeiraopreto.com.br\/wp-content\/uploads\/2025\/08\/Copia-de-Copia-de-Copia-de-TAMANHO-EXATO-PARA-FOTOS-NO-SISTEMA-NOVO-2025-08-04T143428.110_2025-08-04_17-34-46.webp.webp?fit=1200%2C675&ssl=1&resize=700%2C400 2x, https:\/\/i0.wp.com\/noticiasribeiraopreto.com.br\/wp-content\/uploads\/2025\/08\/Copia-de-Copia-de-Copia-de-TAMANHO-EXATO-PARA-FOTOS-NO-SISTEMA-NOVO-2025-08-04T143428.110_2025-08-04_17-34-46.webp.webp?fit=1200%2C675&ssl=1&resize=1050%2C600 3x"},"classes":[]},{"id":88151,"url":"https:\/\/noticiasribeiraopreto.com.br\/index.php\/2026\/07\/15\/ribeirao-preto-e-sertaozinho-tem-cursos-gratuitos-de-ferias-com-capacitacao-em-ia-e-outras-areas\/","url_meta":{"origin":87989,"position":4},"title":"Ribeir\u00e3o Preto e Sert\u00e3ozinho t\u00eam cursos gratuitos de f\u00e9rias com capacita\u00e7\u00e3o em IA e outras \u00e1reas","author":"noticiasribeiraopreto.com.br","date":"15 de July de 2026","format":false,"excerpt":"Uma faculdade com unidades em Ribeir\u00e3o Preto e Sert\u00e3ozinho oferece, entre os dias 20 e 24 de julho, uma programa\u00e7\u00e3o de cursos gratuitos de f\u00e9rias com palestras sobre temas atuais e em alta no mercado de trabalho. As inscri\u00e7\u00f5es devem ser feitas pela internet. Veja os links abaixo. Receba not\u00edcias\u2026","rel":"","context":"In &quot;Not\u00edcias de Ribeir\u00e3o Preto-SP e Regi\u00e3o&quot;","block_context":{"text":"Not\u00edcias de Ribeir\u00e3o Preto-SP e Regi\u00e3o","link":"https:\/\/noticiasribeiraopreto.com.br\/index.php\/category\/noticias-de-ribeirao-preto-sp-e-regiao-ismael-colosi\/"},"img":{"alt_text":"","src":"https:\/\/i0.wp.com\/noticiasribeiraopreto.com.br\/wp-content\/uploads\/2024\/08\/Copia-de-Copia-de-TAMANHO-EXATO-PARA-FOTOS-NO-SISTEMA-NOVO-20_2024-08-01_16-32-51_jpg_2024-08-01_16-32-51.webp.webp?fit=1200%2C675&ssl=1&resize=350%2C200","width":350,"height":200,"srcset":"https:\/\/i0.wp.com\/noticiasribeiraopreto.com.br\/wp-content\/uploads\/2024\/08\/Copia-de-Copia-de-TAMANHO-EXATO-PARA-FOTOS-NO-SISTEMA-NOVO-20_2024-08-01_16-32-51_jpg_2024-08-01_16-32-51.webp.webp?fit=1200%2C675&ssl=1&resize=350%2C200 1x, https:\/\/i0.wp.com\/noticiasribeiraopreto.com.br\/wp-content\/uploads\/2024\/08\/Copia-de-Copia-de-TAMANHO-EXATO-PARA-FOTOS-NO-SISTEMA-NOVO-20_2024-08-01_16-32-51_jpg_2024-08-01_16-32-51.webp.webp?fit=1200%2C675&ssl=1&resize=525%2C300 1.5x, https:\/\/i0.wp.com\/noticiasribeiraopreto.com.br\/wp-content\/uploads\/2024\/08\/Copia-de-Copia-de-TAMANHO-EXATO-PARA-FOTOS-NO-SISTEMA-NOVO-20_2024-08-01_16-32-51_jpg_2024-08-01_16-32-51.webp.webp?fit=1200%2C675&ssl=1&resize=700%2C400 2x, https:\/\/i0.wp.com\/noticiasribeiraopreto.com.br\/wp-content\/uploads\/2024\/08\/Copia-de-Copia-de-TAMANHO-EXATO-PARA-FOTOS-NO-SISTEMA-NOVO-20_2024-08-01_16-32-51_jpg_2024-08-01_16-32-51.webp.webp?fit=1200%2C675&ssl=1&resize=1050%2C600 3x"},"classes":[]},{"id":75024,"url":"https:\/\/noticiasribeiraopreto.com.br\/index.php\/2025\/08\/01\/professores-da-rede-publica-podem-se-inscrever-em-curso-gratuito-na-usp-de-ribeirao-preto\/","url_meta":{"origin":87989,"position":5},"title":"Professores da rede p\u00fablica podem se inscrever em curso gratuito na USP de Ribeir\u00e3o Preto","author":"noticiasribeiraopreto.com.br","date":"1 de August de 2025","format":false,"excerpt":"A Faculdade de Direito de Ribeir\u00e3o Preto (FDRP\/USP) est\u00e1 com inscri\u00e7\u00f5es abertas para o Curso de Capacita\u00e7\u00e3o em Direitos Humanos e Cidadania, voltado exclusivamente para professores da rede p\u00fablica de ensino b\u00e1sico. A forma\u00e7\u00e3o ser\u00e1 100% gratuita e presencial, com in\u00edcio previsto para o dia 13 de setembro de 2025.\u2026","rel":"","context":"In &quot;Not\u00edcias de Ribeir\u00e3o Preto-SP e Regi\u00e3o&quot;","block_context":{"text":"Not\u00edcias de Ribeir\u00e3o Preto-SP e Regi\u00e3o","link":"https:\/\/noticiasribeiraopreto.com.br\/index.php\/category\/noticias-de-ribeirao-preto-sp-e-regiao-ismael-colosi\/"},"img":{"alt_text":"","src":"https:\/\/i0.wp.com\/noticiasribeiraopreto.com.br\/wp-content\/uploads\/2025\/08\/Copia-de-Copia-de-Copia-de-TAMANHO-EXATO-PARA-FOTOS-NO-SISTEMA-NOVO-2025-08-01T161657.060_2025-08-01_19-17-18.webp.webp?fit=1200%2C675&ssl=1&resize=350%2C200","width":350,"height":200,"srcset":"https:\/\/i0.wp.com\/noticiasribeiraopreto.com.br\/wp-content\/uploads\/2025\/08\/Copia-de-Copia-de-Copia-de-TAMANHO-EXATO-PARA-FOTOS-NO-SISTEMA-NOVO-2025-08-01T161657.060_2025-08-01_19-17-18.webp.webp?fit=1200%2C675&ssl=1&resize=350%2C200 1x, https:\/\/i0.wp.com\/noticiasribeiraopreto.com.br\/wp-content\/uploads\/2025\/08\/Copia-de-Copia-de-Copia-de-TAMANHO-EXATO-PARA-FOTOS-NO-SISTEMA-NOVO-2025-08-01T161657.060_2025-08-01_19-17-18.webp.webp?fit=1200%2C675&ssl=1&resize=525%2C300 1.5x, https:\/\/i0.wp.com\/noticiasribeiraopreto.com.br\/wp-content\/uploads\/2025\/08\/Copia-de-Copia-de-Copia-de-TAMANHO-EXATO-PARA-FOTOS-NO-SISTEMA-NOVO-2025-08-01T161657.060_2025-08-01_19-17-18.webp.webp?fit=1200%2C675&ssl=1&resize=700%2C400 2x, https:\/\/i0.wp.com\/noticiasribeiraopreto.com.br\/wp-content\/uploads\/2025\/08\/Copia-de-Copia-de-Copia-de-TAMANHO-EXATO-PARA-FOTOS-NO-SISTEMA-NOVO-2025-08-01T161657.060_2025-08-01_19-17-18.webp.webp?fit=1200%2C675&ssl=1&resize=1050%2C600 3x"},"classes":[]}],"jetpack_sharing_enabled":true,"jetpack_shortlink":"https:\/\/wp.me\/peQAOb-mTb","jetpack_featured_media_url":"https:\/\/i0.wp.com\/noticiasribeiraopreto.com.br\/wp-content\/uploads\/2026\/07\/curso_2026-07-12_20-44-36.webp.webp?fit=1200%2C809&ssl=1","_links":{"self":[{"href":"https:\/\/noticiasribeiraopreto.com.br\/index.php\/wp-json\/wp\/v2\/posts\/87989","targetHints":{"allow":["GET"]}}],"collection":[{"href":"https:\/\/noticiasribeiraopreto.com.br\/index.php\/wp-json\/wp\/v2\/posts"}],"about":[{"href":"https:\/\/noticiasribeiraopreto.com.br\/index.php\/wp-json\/wp\/v2\/types\/post"}],"author":[{"embeddable":true,"href":"https:\/\/noticiasribeiraopreto.com.br\/index.php\/wp-json\/wp\/v2\/users\/1"}],"replies":[{"embeddable":true,"href":"https:\/\/noticiasribeiraopreto.com.br\/index.php\/wp-json\/wp\/v2\/comments?post=87989"}],"version-history":[{"count":0,"href":"https:\/\/noticiasribeiraopreto.com.br\/index.php\/wp-json\/wp\/v2\/posts\/87989\/revisions"}],"wp:featuredmedia":[{"embeddable":true,"href":"https:\/\/noticiasribeiraopreto.com.br\/index.php\/wp-json\/wp\/v2\/media\/87990"}],"wp:attachment":[{"href":"https:\/\/noticiasribeiraopreto.com.br\/index.php\/wp-json\/wp\/v2\/media?parent=87989"}],"wp:term":[{"taxonomy":"category","embeddable":true,"href":"https:\/\/noticiasribeiraopreto.com.br\/index.php\/wp-json\/wp\/v2\/categories?post=87989"},{"taxonomy":"post_tag","embeddable":true,"href":"https:\/\/noticiasribeiraopreto.com.br\/index.php\/wp-json\/wp\/v2\/tags?post=87989"}],"curies":[{"name":"wp","href":"https:\/\/api.w.org\/{rel}","templated":true}]}}