{"id":88005,"date":"2026-07-13T08:13:48","date_gmt":"2026-07-13T11:13:48","guid":{"rendered":"https:\/\/noticiasribeiraopreto.com.br\/index.php\/2026\/07\/13\/pm-resgata-cao-abandonado-no-bairro-sumarezinho-em-ribeirao-preto\/"},"modified":"2026-07-13T08:13:48","modified_gmt":"2026-07-13T11:13:48","slug":"pm-resgata-cao-abandonado-no-bairro-sumarezinho-em-ribeirao-preto","status":"publish","type":"post","link":"https:\/\/noticiasribeiraopreto.com.br\/index.php\/2026\/07\/13\/pm-resgata-cao-abandonado-no-bairro-sumarezinho-em-ribeirao-preto\/","title":{"rendered":"PM resgata c\u00e3o abandonado no bairro Sumarezinho em Ribeir\u00e3o Preto"},"content":{"rendered":"<div class='code-block code-block-1' style='margin: 8px 0 8px auto; text-align: right; display: block; clear: both;'>\n<p><a href=\"https:\/\/wa.link\/vpicfd\"><img data-recalc-dims=\"1\" class=\"wp-image-4922\" style=\"aspect-ratio: 2.0253164556962027; width: 561px; height: auto;\" src=\"https:\/\/i0.wp.com\/ismaelcolosi.com.br\/wp-content\/uploads\/2023\/11\/grupo-de-empregos-whatsapp-e-facebook-ismael-colosi-vagas.jpg?ssl=1\" alt=\"\" \/><\/a><\/p>\n<!-- \/wp:image -->\n<\/div>\n<p> <br \/>\n<\/p>\n<div id=\"post-470043\">&#13;<br \/>\n&#13;<\/p>\n<header class=\"entry-header penci-entry-header penci-title-center\">&#13;<br \/>\n\t\t\t\t\t\t\t\t&#13;<\/p>\n<p>&#13;<br \/>\n\t\t\t\t\t\t\t\t\t<span class=\"entry-meta-item penci-posted-on\"><i class=\"fa fa-clock-o\"\/><time class=\"entry-date published\" datetime=\"2026-07-13T08:10:21-03:00\">13 de julho de 2026 08:10<\/time><time class=\"updated\" datetime=\"2026-07-12T18:59:55-03:00\">12 de julho de 2026 18:59<\/time><\/span><span class=\"entry-meta-item penci-post-countview\"\/>\t\t\t\t\t\t\t\t<\/p>\n<p><!-- .entry-meta -->&#13;<br \/>\n\t\t\t\t\t\t\t\t<span class=\"penci-social-buttons penci-social-share-footer\"><span class=\"penci-social-share-text\">Compartilhar<\/span><a href=\"#\" class=\"penci-post-like penci_post-meta_item  single-like-button penci-social-item like\" data-post_id=\"470043\" title=\"Like\" data-like=\"Like\" data-unlike=\"Unlike\"><i class=\"fa fa-thumbs-o-up\"\/><span class=\"penci-share-number\">0<\/span><\/a><i class=\"fa fa-facebook\"\/><a class=\"penci-social-item twitter\" target=\"_blank\" rel=\"noopener\" title=\"\" href=\"https:\/\/twitter.com\/intent\/tweet?text=PM%20resgata%20c\u00e3o%20abandonado%20no%20bairro%20Sumarezinho%20em%20Ribeir\u00e3o%20Preto%20-%20https:\/\/www.tribunaribeirao.com.br\/pm-resgata-cao-abandonado-no-bairro-sumarezinho-em-ribeirao-preto\/\"><i class=\"fa fa-twitter\"\/><\/a><i class=\"fa fa-linkedin\"\/><i class=\"fa fa-whatsapp\"\/><i class=\"fa fa-telegram\"\/><i class=\"fa fa-envelope\"\/><\/span>\t\t\t\t\t\t\t<\/header>\n<p><!-- .entry-header -->&#13;<\/p>\n<div class=\"penci-entry-content entry-content\">\n<p>Um cachorro, da ra\u00e7a pitbull, foi resgatado pela Pol\u00edcia Militar (PM) na tarde de s\u00e1bado (11) em uma casa que fica na rua Salvador Neves no bairro Sumarezinho, em Ribeir\u00e3o Preto (SP). De acordo com a PM, ap\u00f3s uma den\u00fancia an\u00f4nima o animal foi encontrado em condi\u00e7\u00f5es prec\u00e1rias.<\/p>\n<p>No local, ele estava sem comida, sem \u00e1gua e com a casa toda suja. Ainda segundo a PM, o dono do animal mudou-se e o abandou no local. O cachorro ficou sob os cuidados de uma vizinha at\u00e9 conseguir um lar. Quem quiser adotar ele pode entrar em contato no telefone (16) 98830-9058 e falar com a Amanda.<\/p>\n<p>Abandonar animais \u00e9 considerado crime de maus-tratos no Brasil, enquadrado na Lei de Crimes Ambientais. O abandono de c\u00e3es e gatos \u00e9 punido com pena de reclus\u00e3o de 2 a 5 anos, al\u00e9m de multa e proibi\u00e7\u00e3o de guarda.<\/p>\n<p>Para den\u00fancias, procure a Delegacia de Pol\u00edcia Civil mais pr\u00f3xima, acione o Disque-Den\u00fancia (ligando 190 ou 181) ou busque a Delegacia Eletr\u00f4nica de Prote\u00e7\u00e3o Animal (DEPA) do seu respectivo local. E sempre que poss\u00edvel, registre fotos, v\u00eddeos, anote a placa de ve\u00edculos ou colete dados e nomes de testemunhas.<\/p>\n<p>\u00a0<\/p>\n<div style=\"background-color: #f4f4f5; border: 1px solid #d4d4d8; padding: 15px; margin: 20px 0; border-radius: 6px; font-family: sans-serif; line-height: 1.5;\">\n    <span style=\"color: #27272a;\">Inscreva-se em nosso Canal no Whatsapp e fique por dentro de tudo que acontece na regi\u00e3o. <\/span><br \/>\n    <a href=\"https:\/\/whatsapp.com\/channel\/0029VanuE2o7z4kYjo0XVS3u\" target=\"_blank\" rel=\"noopener noreferrer\" style=\"color: #16a34a; font-weight: bold; text-decoration: underline;\">Clique Aqui!<\/a>\n<\/div>\n<\/div>\n<p><!-- .entry-content -->&#13;<br \/>\n&#13;<\/p>\n<footer class=\"penci-entry-footer\">&#13;<br \/>\n\t\t\t\t\t\t\t\t<span class=\"penci-social-buttons penci-social-share-footer\"><span class=\"penci-social-share-text\">Compartilhar<\/span><a href=\"#\" class=\"penci-post-like penci_post-meta_item  single-like-button penci-social-item like\" data-post_id=\"470043\" title=\"Like\" data-like=\"Like\" data-unlike=\"Unlike\"><i class=\"fa fa-thumbs-o-up\"\/><span class=\"penci-share-number\">0<\/span><\/a><i class=\"fa fa-facebook\"\/><a class=\"penci-social-item twitter\" target=\"_blank\" rel=\"noopener\" title=\"\" href=\"https:\/\/twitter.com\/intent\/tweet?text=PM%20resgata%20c\u00e3o%20abandonado%20no%20bairro%20Sumarezinho%20em%20Ribeir\u00e3o%20Preto%20-%20https:\/\/www.tribunaribeirao.com.br\/pm-resgata-cao-abandonado-no-bairro-sumarezinho-em-ribeirao-preto\/\"><i class=\"fa fa-twitter\"\/><\/a><i class=\"fa fa-linkedin\"\/><i class=\"fa fa-whatsapp\"\/><i class=\"fa fa-telegram\"\/><i class=\"fa fa-envelope\"\/><\/span>\t\t\t\t\t\t\t<\/footer>\n<p><!-- .entry-footer -->&#13;\n\t\t\t\t\t\t<\/div>\n<p><script async src=\"\/\/platform.twitter.com\/widgets.js\" charset=\"utf-8\"><\/script><br \/>\n<br \/><br \/>\n<br \/><a href=\"https:\/\/www.tribunaribeirao.com.br\/pm-resgata-cao-abandonado-no-bairro-sumarezinho-em-ribeirao-preto\/\">Texto original daqui <\/a><\/p>\n<!-- CONTENT END 1 -->\n","protected":false},"excerpt":{"rendered":"<p>&#13; &#13; &#13; &#13; &#13; 13 de julho de 2026 08:1012 de julho de 2026 18:59 &#13; Compartilhar0 &#13; Um cachorro, da ra\u00e7a pitbull, foi&#8230;<\/p>\n","protected":false},"author":1,"featured_media":88006,"comment_status":"","ping_status":"","sticky":false,"template":"","format":"standard","meta":{"advanced_seo_description":"","jetpack_seo_html_title":"","jetpack_seo_noindex":false,"jetpack_seo_schema_type":"","_jetpack_newsletter_access":"","_jetpack_dont_email_post_to_subs":false,"_jetpack_newsletter_tier_id":0,"_jetpack_memberships_contains_paywalled_content":false,"_jetpack_feature_clip_id":0,"_jetpack_memberships_contains_paid_content":false,"footnotes":"","jetpack_publicize_message":"","jetpack_publicize_feature_enabled":true,"jetpack_social_post_already_shared":true,"jetpack_social_options":{"image_generator_settings":{"template":"highway","default_image_id":0,"font":"","enabled":false},"version":2},"jetpack_post_was_ever_published":false},"categories":[11],"tags":[7654,1320,3880,27,7653,26,7655],"class_list":["post-88005","post","type-post","status-publish","format-standard","has-post-thumbnail","hentry","category-noticias-de-ribeirao-preto-sp-e-regiao-ismael-colosi","tag-abandonado","tag-bairro","tag-cao","tag-preto","tag-resgata","tag-ribeirao","tag-sumarezinho"],"jetpack_publicize_connections":[],"jetpack-related-posts":[{"id":89005,"url":"https:\/\/noticiasribeiraopreto.com.br\/index.php\/2026\/07\/29\/prefeitura-resgata-13-animais-em-situacao-de-risco-apos-temporal\/","url_meta":{"origin":88005,"position":0},"title":"Prefeitura resgata 13 animais em situa\u00e7\u00e3o de risco ap\u00f3s temporal","author":"noticiasribeiraopreto.com.br","date":"29 de July de 2026","format":false,"excerpt":"Desde o temporal que atingiu Ribeir\u00e3o Preto na \u00faltima sexta-feira (24), a Prefeitura, por meio da Secretaria Municipal de Meio Ambiente, Agricultura e Sustentabilidade, intensificou as a\u00e7\u00f5es de prote\u00e7\u00e3o e atendimento aos animais afetados. As equipes da Ger\u00eancia de Bem-Estar Animal (GBEA) realizaram o resgate de 13 c\u00e3es e gatos\u2026","rel":"","context":"In &quot;Not\u00edcias de Ribeir\u00e3o Preto-SP e Regi\u00e3o&quot;","block_context":{"text":"Not\u00edcias de Ribeir\u00e3o Preto-SP e Regi\u00e3o","link":"https:\/\/noticiasribeiraopreto.com.br\/index.php\/category\/noticias-de-ribeirao-preto-sp-e-regiao-ismael-colosi\/"},"img":{"alt_text":"","src":"https:\/\/i0.wp.com\/noticiasribeiraopreto.com.br\/wp-content\/uploads\/2026\/07\/animais_resgatados1-1024x683.png?fit=1024%2C683&ssl=1&resize=350%2C200","width":350,"height":200,"srcset":"https:\/\/i0.wp.com\/noticiasribeiraopreto.com.br\/wp-content\/uploads\/2026\/07\/animais_resgatados1-1024x683.png?fit=1024%2C683&ssl=1&resize=350%2C200 1x, https:\/\/i0.wp.com\/noticiasribeiraopreto.com.br\/wp-content\/uploads\/2026\/07\/animais_resgatados1-1024x683.png?fit=1024%2C683&ssl=1&resize=525%2C300 1.5x, https:\/\/i0.wp.com\/noticiasribeiraopreto.com.br\/wp-content\/uploads\/2026\/07\/animais_resgatados1-1024x683.png?fit=1024%2C683&ssl=1&resize=700%2C400 2x"},"classes":[]},{"id":71733,"url":"https:\/\/noticiasribeiraopreto.com.br\/index.php\/2025\/06\/09\/caminhada-cultural-resgata-historia-e-memoria-de-bairro-tradicional-de-ribeirao-preto\/","url_meta":{"origin":88005,"position":1},"title":"Caminhada cultural resgata hist\u00f3ria e mem\u00f3ria de bairro tradicional de Ribeir\u00e3o Preto","author":"noticiasribeiraopreto.com.br","date":"9 de June de 2025","format":false,"excerpt":"No dia 22 de junho, Ribeir\u00e3o Preto recebe a caminhada cultural \u201cAs Mem\u00f3rias da Vila Tib\u00e9rio\u201d, com a participa\u00e7\u00e3o do professor Felipe Souza e da produtora cultural Juliana Petrucelli. A atividade tem como objetivo destacar a import\u00e2ncia hist\u00f3rica e urbana do bairro Vila Tib\u00e9rio, um dos mais antigos do munic\u00edpio.\u2026","rel":"","context":"In &quot;Not\u00edcias de Ribeir\u00e3o Preto-SP e Regi\u00e3o&quot;","block_context":{"text":"Not\u00edcias de Ribeir\u00e3o Preto-SP e Regi\u00e3o","link":"https:\/\/noticiasribeiraopreto.com.br\/index.php\/category\/noticias-de-ribeirao-preto-sp-e-regiao-ismael-colosi\/"},"img":{"alt_text":"","src":"https:\/\/i0.wp.com\/noticiasribeiraopreto.com.br\/wp-content\/uploads\/2025\/06\/Copia-de-Copia-de-Copia-de-TAMANHO-EXATO-PARA-FOTOS-NO-SISTEMA-NOVO-2025-06-09T145425.280_2025-06-09_17-54-54.webp.webp?fit=1200%2C675&ssl=1&resize=350%2C200","width":350,"height":200,"srcset":"https:\/\/i0.wp.com\/noticiasribeiraopreto.com.br\/wp-content\/uploads\/2025\/06\/Copia-de-Copia-de-Copia-de-TAMANHO-EXATO-PARA-FOTOS-NO-SISTEMA-NOVO-2025-06-09T145425.280_2025-06-09_17-54-54.webp.webp?fit=1200%2C675&ssl=1&resize=350%2C200 1x, https:\/\/i0.wp.com\/noticiasribeiraopreto.com.br\/wp-content\/uploads\/2025\/06\/Copia-de-Copia-de-Copia-de-TAMANHO-EXATO-PARA-FOTOS-NO-SISTEMA-NOVO-2025-06-09T145425.280_2025-06-09_17-54-54.webp.webp?fit=1200%2C675&ssl=1&resize=525%2C300 1.5x, https:\/\/i0.wp.com\/noticiasribeiraopreto.com.br\/wp-content\/uploads\/2025\/06\/Copia-de-Copia-de-Copia-de-TAMANHO-EXATO-PARA-FOTOS-NO-SISTEMA-NOVO-2025-06-09T145425.280_2025-06-09_17-54-54.webp.webp?fit=1200%2C675&ssl=1&resize=700%2C400 2x, https:\/\/i0.wp.com\/noticiasribeiraopreto.com.br\/wp-content\/uploads\/2025\/06\/Copia-de-Copia-de-Copia-de-TAMANHO-EXATO-PARA-FOTOS-NO-SISTEMA-NOVO-2025-06-09T145425.280_2025-06-09_17-54-54.webp.webp?fit=1200%2C675&ssl=1&resize=1050%2C600 3x"},"classes":[]},{"id":33529,"url":"https:\/\/noticiasribeiraopreto.com.br\/index.php\/2024\/01\/29\/cachorro-e-resgatado-apos-ser-amarrado-e-abandonado-em-rodovia-na-regiao-de-ribeirao-veja-o-video\/","url_meta":{"origin":88005,"position":2},"title":"Cachorro \u00e9 resgatado ap\u00f3s ser amarrado e abandonado em rodovia na regi\u00e3o de Ribeir\u00e3o; Veja o v\u00eddeo","author":"noticiasribeiraopreto.com.br","date":"29 de January de 2024","format":false,"excerpt":"Um cachorro foi resgatado na rodovia Anhanguera (SP-330), pr\u00f3ximo ao quil\u00f4metro 244, na regi\u00e3o de Ribeir\u00e3o Preto, na manh\u00e3 desta segunda-feira (29), ap\u00f3s ser amarrado e abandonado na defensa met\u00e1lica do local. Um condutor foi quem teria visto o animal amarrado e acionado a Arteris ViaPaulista para efetuar o resgate\u2026","rel":"","context":"In &quot;Not\u00edcias de Ribeir\u00e3o Preto-SP e Regi\u00e3o&quot;","block_context":{"text":"Not\u00edcias de Ribeir\u00e3o Preto-SP e Regi\u00e3o","link":"https:\/\/noticiasribeiraopreto.com.br\/index.php\/category\/noticias-de-ribeirao-preto-sp-e-regiao-ismael-colosi\/"},"img":{"alt_text":"","src":"https:\/\/i0.wp.com\/noticiasribeiraopreto.com.br\/wp-content\/uploads\/2024\/01\/Copia-de-Copia-de-TAMANHO-EXATO-PARA-FOTOS-NO-SISTEMA-NOVO-23.png?fit=1200%2C675&ssl=1&resize=350%2C200","width":350,"height":200,"srcset":"https:\/\/i0.wp.com\/noticiasribeiraopreto.com.br\/wp-content\/uploads\/2024\/01\/Copia-de-Copia-de-TAMANHO-EXATO-PARA-FOTOS-NO-SISTEMA-NOVO-23.png?fit=1200%2C675&ssl=1&resize=350%2C200 1x, https:\/\/i0.wp.com\/noticiasribeiraopreto.com.br\/wp-content\/uploads\/2024\/01\/Copia-de-Copia-de-TAMANHO-EXATO-PARA-FOTOS-NO-SISTEMA-NOVO-23.png?fit=1200%2C675&ssl=1&resize=525%2C300 1.5x, https:\/\/i0.wp.com\/noticiasribeiraopreto.com.br\/wp-content\/uploads\/2024\/01\/Copia-de-Copia-de-TAMANHO-EXATO-PARA-FOTOS-NO-SISTEMA-NOVO-23.png?fit=1200%2C675&ssl=1&resize=700%2C400 2x, https:\/\/i0.wp.com\/noticiasribeiraopreto.com.br\/wp-content\/uploads\/2024\/01\/Copia-de-Copia-de-TAMANHO-EXATO-PARA-FOTOS-NO-SISTEMA-NOVO-23.png?fit=1200%2C675&ssl=1&resize=1050%2C600 3x"},"classes":[]},{"id":88545,"url":"https:\/\/noticiasribeiraopreto.com.br\/index.php\/2026\/07\/21\/documentario-resgata-memorias-da-imigracao-italiana-em-ribeirao-preto\/","url_meta":{"origin":88005,"position":3},"title":"Document\u00e1rio resgata mem\u00f3rias da imigra\u00e7\u00e3o italiana em Ribeir\u00e3o Preto","author":"noticiasribeiraopreto.com.br","date":"21 de July de 2026","format":false,"excerpt":"O Museu Casa da Mem\u00f3ria Italiana, no Centro de Ribeir\u00e3o Preto, realiza nesta quarta-feira (22), o lan\u00e7amento do document\u00e1rio \u201cMem\u00f3ria Italiana: Fam\u00edlia De L\u00e1zari\u201c. Com entrada gratuita, a exibi\u00e7\u00e3o acontece na sede do museu, \u00e0s 19h. A produ\u00e7\u00e3o integra o projeto \u201cMem\u00f3ria Italiana\u201d, iniciativa voltada ao registro e \u00e0 preserva\u00e7\u00e3o\u2026","rel":"","context":"In &quot;Not\u00edcias de Ribeir\u00e3o Preto-SP e Regi\u00e3o&quot;","block_context":{"text":"Not\u00edcias de Ribeir\u00e3o Preto-SP e Regi\u00e3o","link":"https:\/\/noticiasribeiraopreto.com.br\/index.php\/category\/noticias-de-ribeirao-preto-sp-e-regiao-ismael-colosi\/"},"img":{"alt_text":"","src":"https:\/\/i0.wp.com\/noticiasribeiraopreto.com.br\/wp-content\/uploads\/2026\/07\/casa-da-memoria-italiana.jpg?fit=1200%2C675&ssl=1&resize=350%2C200","width":350,"height":200,"srcset":"https:\/\/i0.wp.com\/noticiasribeiraopreto.com.br\/wp-content\/uploads\/2026\/07\/casa-da-memoria-italiana.jpg?fit=1200%2C675&ssl=1&resize=350%2C200 1x, https:\/\/i0.wp.com\/noticiasribeiraopreto.com.br\/wp-content\/uploads\/2026\/07\/casa-da-memoria-italiana.jpg?fit=1200%2C675&ssl=1&resize=525%2C300 1.5x, https:\/\/i0.wp.com\/noticiasribeiraopreto.com.br\/wp-content\/uploads\/2026\/07\/casa-da-memoria-italiana.jpg?fit=1200%2C675&ssl=1&resize=700%2C400 2x, https:\/\/i0.wp.com\/noticiasribeiraopreto.com.br\/wp-content\/uploads\/2026\/07\/casa-da-memoria-italiana.jpg?fit=1200%2C675&ssl=1&resize=1050%2C600 3x"},"classes":[]},{"id":74196,"url":"https:\/\/noticiasribeiraopreto.com.br\/index.php\/2025\/07\/17\/cao-fica-ferido-apos-ataque-de-pitbull-em-ribeirao-preto-veja-video\/","url_meta":{"origin":88005,"position":4},"title":"C\u00e3o fica ferido ap\u00f3s ataque de pitbull em Ribeir\u00e3o Preto; veja v\u00eddeo","author":"noticiasribeiraopreto.com.br","date":"17 de July de 2025","format":false,"excerpt":"Um cachorro foi atacado por um pitbull na manh\u00e3 desta quinta-feira (17), no bairro Sumarezinho, em Ribeir\u00e3o Preto. Segundo moradores da rua, o ataque ocorreu de forma repentina e violenta, ap\u00f3s o tutor do pitbull soltar a guia do animal. O pitbull estava sob a responsabilidade do tutor, que o\u2026","rel":"","context":"In &quot;Not\u00edcias de Ribeir\u00e3o Preto-SP e Regi\u00e3o&quot;","block_context":{"text":"Not\u00edcias de Ribeir\u00e3o Preto-SP e Regi\u00e3o","link":"https:\/\/noticiasribeiraopreto.com.br\/index.php\/category\/noticias-de-ribeirao-preto-sp-e-regiao-ismael-colosi\/"},"img":{"alt_text":"","src":"https:\/\/i0.wp.com\/noticiasribeiraopreto.com.br\/wp-content\/uploads\/2025\/07\/Copia-de-Copia-de-Copia-de-TAMANHO-EXATO-PARA-FOTOS-NO-SISTEMA-NOVO-2025-07-17T140928.604_2025-07-17_17-09-44.webp.webp?fit=1200%2C675&ssl=1&resize=350%2C200","width":350,"height":200,"srcset":"https:\/\/i0.wp.com\/noticiasribeiraopreto.com.br\/wp-content\/uploads\/2025\/07\/Copia-de-Copia-de-Copia-de-TAMANHO-EXATO-PARA-FOTOS-NO-SISTEMA-NOVO-2025-07-17T140928.604_2025-07-17_17-09-44.webp.webp?fit=1200%2C675&ssl=1&resize=350%2C200 1x, https:\/\/i0.wp.com\/noticiasribeiraopreto.com.br\/wp-content\/uploads\/2025\/07\/Copia-de-Copia-de-Copia-de-TAMANHO-EXATO-PARA-FOTOS-NO-SISTEMA-NOVO-2025-07-17T140928.604_2025-07-17_17-09-44.webp.webp?fit=1200%2C675&ssl=1&resize=525%2C300 1.5x, https:\/\/i0.wp.com\/noticiasribeiraopreto.com.br\/wp-content\/uploads\/2025\/07\/Copia-de-Copia-de-Copia-de-TAMANHO-EXATO-PARA-FOTOS-NO-SISTEMA-NOVO-2025-07-17T140928.604_2025-07-17_17-09-44.webp.webp?fit=1200%2C675&ssl=1&resize=700%2C400 2x, https:\/\/i0.wp.com\/noticiasribeiraopreto.com.br\/wp-content\/uploads\/2025\/07\/Copia-de-Copia-de-Copia-de-TAMANHO-EXATO-PARA-FOTOS-NO-SISTEMA-NOVO-2025-07-17T140928.604_2025-07-17_17-09-44.webp.webp?fit=1200%2C675&ssl=1&resize=1050%2C600 3x"},"classes":[]},{"id":78759,"url":"https:\/\/noticiasribeiraopreto.com.br\/index.php\/2025\/10\/17\/ladroes-roubam-moto-celular-e-aliancas-no-sumarezinho-em-ribeirao-preto\/","url_meta":{"origin":88005,"position":5},"title":"Ladr\u00f5es roubam moto, celular e alian\u00e7as no Sumarezinho em Ribeir\u00e3o Preto","author":"noticiasribeiraopreto.com.br","date":"17 de October de 2025","format":false,"excerpt":"Um homem de 64 anos teve sua moto, alian\u00e7as e um celular roubados na tarde desta quinta-feira (16), no bairro Sumarezinho, zona Oeste de Ribeir\u00e3o Preto. Segundo o boletim de ocorr\u00eancia (BO), a v\u00edtima aguardava o filho na rua Jos\u00e9 Hanna, quando foi abordada por dois criminosos em uma moto,\u2026","rel":"","context":"In &quot;Not\u00edcias de Ribeir\u00e3o Preto-SP e Regi\u00e3o&quot;","block_context":{"text":"Not\u00edcias de Ribeir\u00e3o Preto-SP e Regi\u00e3o","link":"https:\/\/noticiasribeiraopreto.com.br\/index.php\/category\/noticias-de-ribeirao-preto-sp-e-regiao-ismael-colosi\/"},"img":{"alt_text":"","src":"https:\/\/i0.wp.com\/noticiasribeiraopreto.com.br\/wp-content\/uploads\/2025\/10\/MOTO_2025-10-17_16-15-59.webp.webp?fit=1200%2C765&ssl=1&resize=350%2C200","width":350,"height":200,"srcset":"https:\/\/i0.wp.com\/noticiasribeiraopreto.com.br\/wp-content\/uploads\/2025\/10\/MOTO_2025-10-17_16-15-59.webp.webp?fit=1200%2C765&ssl=1&resize=350%2C200 1x, https:\/\/i0.wp.com\/noticiasribeiraopreto.com.br\/wp-content\/uploads\/2025\/10\/MOTO_2025-10-17_16-15-59.webp.webp?fit=1200%2C765&ssl=1&resize=525%2C300 1.5x, https:\/\/i0.wp.com\/noticiasribeiraopreto.com.br\/wp-content\/uploads\/2025\/10\/MOTO_2025-10-17_16-15-59.webp.webp?fit=1200%2C765&ssl=1&resize=700%2C400 2x, https:\/\/i0.wp.com\/noticiasribeiraopreto.com.br\/wp-content\/uploads\/2025\/10\/MOTO_2025-10-17_16-15-59.webp.webp?fit=1200%2C765&ssl=1&resize=1050%2C600 3x"},"classes":[]}],"jetpack_sharing_enabled":true,"jetpack_shortlink":"https:\/\/wp.me\/peQAOb-mTr","jetpack_featured_media_url":"https:\/\/i0.wp.com\/noticiasribeiraopreto.com.br\/wp-content\/uploads\/2026\/07\/Captura-de-tela-2026-07-12-185059.png?fit=571%2C481&ssl=1","_links":{"self":[{"href":"https:\/\/noticiasribeiraopreto.com.br\/index.php\/wp-json\/wp\/v2\/posts\/88005","targetHints":{"allow":["GET"]}}],"collection":[{"href":"https:\/\/noticiasribeiraopreto.com.br\/index.php\/wp-json\/wp\/v2\/posts"}],"about":[{"href":"https:\/\/noticiasribeiraopreto.com.br\/index.php\/wp-json\/wp\/v2\/types\/post"}],"author":[{"embeddable":true,"href":"https:\/\/noticiasribeiraopreto.com.br\/index.php\/wp-json\/wp\/v2\/users\/1"}],"replies":[{"embeddable":true,"href":"https:\/\/noticiasribeiraopreto.com.br\/index.php\/wp-json\/wp\/v2\/comments?post=88005"}],"version-history":[{"count":0,"href":"https:\/\/noticiasribeiraopreto.com.br\/index.php\/wp-json\/wp\/v2\/posts\/88005\/revisions"}],"wp:featuredmedia":[{"embeddable":true,"href":"https:\/\/noticiasribeiraopreto.com.br\/index.php\/wp-json\/wp\/v2\/media\/88006"}],"wp:attachment":[{"href":"https:\/\/noticiasribeiraopreto.com.br\/index.php\/wp-json\/wp\/v2\/media?parent=88005"}],"wp:term":[{"taxonomy":"category","embeddable":true,"href":"https:\/\/noticiasribeiraopreto.com.br\/index.php\/wp-json\/wp\/v2\/categories?post=88005"},{"taxonomy":"post_tag","embeddable":true,"href":"https:\/\/noticiasribeiraopreto.com.br\/index.php\/wp-json\/wp\/v2\/tags?post=88005"}],"curies":[{"name":"wp","href":"https:\/\/api.w.org\/{rel}","templated":true}]}}