{"id":88015,"date":"2026-07-13T10:59:38","date_gmt":"2026-07-13T13:59:38","guid":{"rendered":"https:\/\/noticiasribeiraopreto.com.br\/index.php\/2026\/07\/13\/mulher-e-flagrada-furtando-itens-apos-invadir-carro-estacionado-em-ribeirao-preto-civil-investiga-o-crime\/"},"modified":"2026-07-13T10:59:38","modified_gmt":"2026-07-13T13:59:38","slug":"mulher-e-flagrada-furtando-itens-apos-invadir-carro-estacionado-em-ribeirao-preto-civil-investiga-o-crime","status":"publish","type":"post","link":"https:\/\/noticiasribeiraopreto.com.br\/index.php\/2026\/07\/13\/mulher-e-flagrada-furtando-itens-apos-invadir-carro-estacionado-em-ribeirao-preto-civil-investiga-o-crime\/","title":{"rendered":"Mulher \u00e9 flagrada furtando itens ap\u00f3s invadir carro estacionado em Ribeir\u00e3o Preto; Civil investiga o crime"},"content":{"rendered":"<div class='code-block code-block-1' style='margin: 8px 0 8px auto; text-align: right; display: block; clear: both;'>\n<p><a href=\"https:\/\/wa.link\/vpicfd\"><img data-recalc-dims=\"1\" class=\"wp-image-4922\" style=\"aspect-ratio: 2.0253164556962027; width: 561px; height: auto;\" src=\"https:\/\/i0.wp.com\/ismaelcolosi.com.br\/wp-content\/uploads\/2023\/11\/grupo-de-empregos-whatsapp-e-facebook-ismael-colosi-vagas.jpg?ssl=1\" alt=\"\" \/><\/a><\/p>\n<!-- \/wp:image -->\n<\/div>\n<p> <br \/>\n<\/p>\n<div>\n<p>A <strong>Pol\u00edcia Civil de Ribeir\u00e3o Preto<\/strong> busca identificar, desde <strong>o \u00faltimo s\u00e1bado (11)<\/strong>, uma mulher flagrada <strong>invadindo um carro estacionado<\/strong> em um com\u00e9rcio da<strong> Avenida Treze de Maio, em Ribeir\u00e3o Preto.<\/strong><\/p>\n<p>Segundo informado no<strong> Boletim de Ocorr\u00eancia<\/strong>, a mulher teria furtado <strong>sete cart\u00f5es de cr\u00e9dito, um molho de chaves, uma carteira com R$ 1 mil e a Carteira Nacional de Habilita\u00e7\u00e3o (CNH)<\/strong> da v\u00edtima.<\/p>\n<p>A a\u00e7\u00e3o teria durado <strong>dois minutos<\/strong>, ainda conforme indicado pelo Boletim de Ocorr\u00eancia. A a\u00e7\u00e3o foi registrada por uma c\u00e2mera de seguran\u00e7a.<\/p>\n<p>Na imagem, a mulher, <strong>vestida com camiseta branca, pochete, \u00f3culos escuros e bon\u00e9<\/strong>, invade o carro e furta os diversos objetos, guardados no interior do ve\u00edculo.<\/p>\n<p>Antes de acessar o carro, <strong>a mulher tentou entrar no ve\u00edculo pela porta traseira, sendo impedida pela trava de seguran\u00e7a<\/strong>. Em seguida, de forma ainda n\u00e3o esclarecida, ap\u00f3s algumas tentativas, esta consegue invadir o carro pela porta do pr\u00f3prio motorista \u2013 <strong>que estava trancada, segundo o propriet\u00e1rio.<\/strong><\/p>\n<p>Depois do furto, <strong>ainda pela mesma avenida, localizada na zona Leste de Ribeir\u00e3o Preto, a mulher foi \u00e0 conveni\u00eancia de um posto de combust\u00edvel<\/strong>\u00a0e realizou compras.<\/p>\n<p>Em seguida, a mulher avan\u00e7ou para uma <strong>farm\u00e1cia pr\u00f3xima<\/strong>. Segundo dados banc\u00e1rios dos cart\u00f5es furtados, <strong>a suspeita comprou por mais de meia hora. Na mesma farm\u00e1cia, a mulher passou o cart\u00e3o nove vezes.<\/strong><\/p>\n<p>A v\u00edtima passou a procurar a suspeita conforme a notifica\u00e7\u00e3o de cada compra. Na farm\u00e1cia, o indiv\u00edduo foi alertado<strong> sobre um aviso da pr\u00f3pria suspeita \u00e0 atendente, quando afirmou que iria at\u00e9 um sal\u00e3o de beleza para cuidados est\u00e9ticos.<\/strong><\/p>\n<p>Cumprindo a profecia, horas depois,<strong> o aplicativo banc\u00e1rio notificou um pagamento de R$ 500 \u00e0 uma outra mulher<\/strong>, supostamente pelo servi\u00e7o de beleza prestado \u00e0 procurada.<\/p>\n<p>Um <strong>Boletim de Ocorr\u00eancia foi registrado no domingo (12) como furto<\/strong>, e o caso \u00e9 investigado. At\u00e9 o momento, <strong>n\u00e3o h\u00e1 confirma\u00e7\u00e3o sobre a identidade da suspeita e sua localiza\u00e7\u00e3o<\/strong>. O caso \u00e9 investigado.<\/p>\n<p>Quem tiver qualquer informa\u00e7\u00e3o pode<strong> denunciar no 190 ou 181 da Pol\u00edcia Militar, de forma an\u00f4nima.<\/strong><\/p>\n<\/div>\n<p><br \/>\n<br \/><a href=\"https:\/\/thmais.com.br\/cidades\/ribeirao-preto\/mulher-e-flagrada-furtando-itens-apos-invadir-carro-estacionado-em-ribeirao-preto-civil-investiga-o-crime\/\">Link para o texto original aqui <\/a><\/p>\n<!-- CONTENT END 1 -->\n","protected":false},"excerpt":{"rendered":"<p>A Pol\u00edcia Civil de Ribeir\u00e3o Preto busca identificar, desde o \u00faltimo s\u00e1bado (11), uma mulher flagrada invadindo um carro estacionado em um com\u00e9rcio da Avenida&#8230;<\/p>\n","protected":false},"author":1,"featured_media":88016,"comment_status":"","ping_status":"","sticky":false,"template":"","format":"standard","meta":{"advanced_seo_description":"","jetpack_seo_html_title":"","jetpack_seo_noindex":false,"jetpack_seo_schema_type":"","_jetpack_newsletter_access":"","_jetpack_dont_email_post_to_subs":false,"_jetpack_newsletter_tier_id":0,"_jetpack_memberships_contains_paywalled_content":false,"_jetpack_feature_clip_id":0,"_jetpack_memberships_contains_paid_content":false,"footnotes":"","jetpack_publicize_message":"","jetpack_publicize_feature_enabled":true,"jetpack_social_post_already_shared":true,"jetpack_social_options":{"image_generator_settings":{"template":"highway","default_image_id":0,"font":"","enabled":false},"version":2},"jetpack_post_was_ever_published":false},"categories":[11],"tags":[37,7663,295,450,88,663,2141,2142,2782,7665,1231,352,325,4686,20,27,26,6456,7664],"class_list":["post-88015","post","type-post","status-publish","format-standard","has-post-thumbnail","hentry","category-noticias-de-ribeirao-preto-sp-e-regiao-ismael-colosi","tag-apos","tag-avenida-treze-de-maio","tag-carro","tag-civil","tag-crime","tag-estacionado","tag-flagrada","tag-furtando","tag-furto","tag-invadir","tag-investiga","tag-itens","tag-mulher","tag-noticias","tag-policia","tag-preto","tag-ribeirao","tag-ribeirao-preto","tag-zona-leste"],"jetpack_publicize_connections":[],"jetpack-related-posts":[{"id":88328,"url":"https:\/\/noticiasribeiraopreto.com.br\/index.php\/2026\/07\/17\/cuidadora-e-flagrada-furtando-celular-de-paciente-em-casa-de-repouso-no-interior-de-sp\/","url_meta":{"origin":88015,"position":0},"title":"Cuidadora \u00e9 flagrada furtando celular de paciente em casa de repouso no interior de SP","author":"noticiasribeiraopreto.com.br","date":"17 de July de 2026","format":false,"excerpt":"Uma cuidadora de idosos \u00e9 investigada por suspeita de furtar o celular de uma paciente em uma casa de repouso no bairro S\u00e3o Vicente, em Franca, no interior de S\u00e3o Paulo. Imagens de c\u00e2meras de seguran\u00e7a, divulgadas nesta sexta-feira (17), registraram a a\u00e7\u00e3o dentro da institui\u00e7\u00e3o. O caso foi registrado\u2026","rel":"","context":"In &quot;Not\u00edcias de Ribeir\u00e3o Preto-SP e Regi\u00e3o&quot;","block_context":{"text":"Not\u00edcias de Ribeir\u00e3o Preto-SP e Regi\u00e3o","link":"https:\/\/noticiasribeiraopreto.com.br\/index.php\/category\/noticias-de-ribeirao-preto-sp-e-regiao-ismael-colosi\/"},"img":{"alt_text":"","src":"https:\/\/i0.wp.com\/noticiasribeiraopreto.com.br\/wp-content\/uploads\/2026\/07\/image-13.png?fit=1000%2C626&ssl=1&resize=350%2C200","width":350,"height":200,"srcset":"https:\/\/i0.wp.com\/noticiasribeiraopreto.com.br\/wp-content\/uploads\/2026\/07\/image-13.png?fit=1000%2C626&ssl=1&resize=350%2C200 1x, https:\/\/i0.wp.com\/noticiasribeiraopreto.com.br\/wp-content\/uploads\/2026\/07\/image-13.png?fit=1000%2C626&ssl=1&resize=525%2C300 1.5x, https:\/\/i0.wp.com\/noticiasribeiraopreto.com.br\/wp-content\/uploads\/2026\/07\/image-13.png?fit=1000%2C626&ssl=1&resize=700%2C400 2x"},"classes":[]},{"id":88078,"url":"https:\/\/noticiasribeiraopreto.com.br\/index.php\/2026\/07\/14\/mulher-acusada-de-furtar-dinheiro-e-cartoes-em-carro-de-empresario-e-detida-em-ribeirao-preto\/","url_meta":{"origin":88015,"position":1},"title":"Mulher acusada de furtar dinheiro e cart\u00f5es em carro de empres\u00e1rio \u00e9 detida em Ribeir\u00e3o Preto","author":"noticiasribeiraopreto.com.br","date":"14 de July de 2026","format":false,"excerpt":"A mulher suspeita de furtar R$ 1 mil em dinheiro e sete cart\u00f5es banc\u00e1rios de dentro de um carro estacionado na avenida Treze de Maio, em Ribeir\u00e3o Preto, foi identificada pela Pol\u00edcia Civil e conduzida \u00e0 Central de Pol\u00edcia Judici\u00e1ria (CPJ) nesta ter\u00e7a-feira (14). Segundo o delegado Andr\u00e9 Baldocchi, Suellen\u2026","rel":"","context":"In &quot;Not\u00edcias de Ribeir\u00e3o Preto-SP e Regi\u00e3o&quot;","block_context":{"text":"Not\u00edcias de Ribeir\u00e3o Preto-SP e Regi\u00e3o","link":"https:\/\/noticiasribeiraopreto.com.br\/index.php\/category\/noticias-de-ribeirao-preto-sp-e-regiao-ismael-colosi\/"},"img":{"alt_text":"","src":"https:\/\/i0.wp.com\/noticiasribeiraopreto.com.br\/wp-content\/uploads\/2026\/07\/roubo-2.jpg?fit=1200%2C675&ssl=1&resize=350%2C200","width":350,"height":200,"srcset":"https:\/\/i0.wp.com\/noticiasribeiraopreto.com.br\/wp-content\/uploads\/2026\/07\/roubo-2.jpg?fit=1200%2C675&ssl=1&resize=350%2C200 1x, https:\/\/i0.wp.com\/noticiasribeiraopreto.com.br\/wp-content\/uploads\/2026\/07\/roubo-2.jpg?fit=1200%2C675&ssl=1&resize=525%2C300 1.5x, https:\/\/i0.wp.com\/noticiasribeiraopreto.com.br\/wp-content\/uploads\/2026\/07\/roubo-2.jpg?fit=1200%2C675&ssl=1&resize=700%2C400 2x, https:\/\/i0.wp.com\/noticiasribeiraopreto.com.br\/wp-content\/uploads\/2026\/07\/roubo-2.jpg?fit=1200%2C675&ssl=1&resize=1050%2C600 3x"},"classes":[]},{"id":68092,"url":"https:\/\/noticiasribeiraopreto.com.br\/index.php\/2025\/04\/22\/video-mulher-escapa-por-pouco-de-acidente\/","url_meta":{"origin":88015,"position":2},"title":"V\u00cdDEO &#8211; Mulher escapa por pouco de acidente","author":"noticiasribeiraopreto.com.br","date":"22 de April de 2025","format":false,"excerpt":"Batida ocorreu em rua na zona Leste, quando carro aparentemente desgovernado bateu em outro estacionado 22 de abril de 2025 12:1922 de abril de 2025 13:0338 Compartilhar2 Por: Adalberto Luque Uma mulher escapou por pouco de ser atropelada por um carro aparentemente desgovernado. O ve\u00edculo atingiu um outro carro que\u2026","rel":"","context":"In &quot;Not\u00edcias de Ribeir\u00e3o Preto-SP e Regi\u00e3o&quot;","block_context":{"text":"Not\u00edcias de Ribeir\u00e3o Preto-SP e Regi\u00e3o","link":"https:\/\/noticiasribeiraopreto.com.br\/index.php\/category\/noticias-de-ribeirao-preto-sp-e-regiao-ismael-colosi\/"},"img":{"alt_text":"","src":"https:\/\/i0.wp.com\/noticiasribeiraopreto.com.br\/wp-content\/uploads\/2025\/04\/22-abr-2025-acidentelagoinha.jpg?fit=1200%2C556&ssl=1&resize=350%2C200","width":350,"height":200,"srcset":"https:\/\/i0.wp.com\/noticiasribeiraopreto.com.br\/wp-content\/uploads\/2025\/04\/22-abr-2025-acidentelagoinha.jpg?fit=1200%2C556&ssl=1&resize=350%2C200 1x, https:\/\/i0.wp.com\/noticiasribeiraopreto.com.br\/wp-content\/uploads\/2025\/04\/22-abr-2025-acidentelagoinha.jpg?fit=1200%2C556&ssl=1&resize=525%2C300 1.5x, https:\/\/i0.wp.com\/noticiasribeiraopreto.com.br\/wp-content\/uploads\/2025\/04\/22-abr-2025-acidentelagoinha.jpg?fit=1200%2C556&ssl=1&resize=700%2C400 2x, https:\/\/i0.wp.com\/noticiasribeiraopreto.com.br\/wp-content\/uploads\/2025\/04\/22-abr-2025-acidentelagoinha.jpg?fit=1200%2C556&ssl=1&resize=1050%2C600 3x"},"classes":[]},{"id":88021,"url":"https:\/\/noticiasribeiraopreto.com.br\/index.php\/2026\/07\/13\/mulher-e-acusada-de-furtar-cartoes-em-carro-de-empresario-e-fazer-compras-em-ribeirao-preto\/","url_meta":{"origin":88015,"position":3},"title":"Mulher \u00e9 acusada de furtar cart\u00f5es em carro de empres\u00e1rio e fazer compras em Ribeir\u00e3o Preto","author":"noticiasribeiraopreto.com.br","date":"13 de July de 2026","format":false,"excerpt":"Ver essa foto no Instagram Um post compartilhado por acidade on Ribeir\u00e3o (@acidadeonribeirao) Uma mulher \u00e9 suspeita de furtar R$ 1 mil e sete cart\u00f5es de cr\u00e9dito em um carro estacionado em frente a um estabelecimento comercial no s\u00e1bado (11), na avenida Treze de Maio, zona Leste de\u00a0Ribeir\u00e3o Preto. Receba\u2026","rel":"","context":"In &quot;Not\u00edcias de Ribeir\u00e3o Preto-SP e Regi\u00e3o&quot;","block_context":{"text":"Not\u00edcias de Ribeir\u00e3o Preto-SP e Regi\u00e3o","link":"https:\/\/noticiasribeiraopreto.com.br\/index.php\/category\/noticias-de-ribeirao-preto-sp-e-regiao-ismael-colosi\/"},"img":{"alt_text":"","src":"https:\/\/i0.wp.com\/noticiasribeiraopreto.com.br\/wp-content\/uploads\/2026\/07\/mulher_2026-07-13_13-44-54.webp.webp?fit=1200%2C603&ssl=1&resize=350%2C200","width":350,"height":200,"srcset":"https:\/\/i0.wp.com\/noticiasribeiraopreto.com.br\/wp-content\/uploads\/2026\/07\/mulher_2026-07-13_13-44-54.webp.webp?fit=1200%2C603&ssl=1&resize=350%2C200 1x, https:\/\/i0.wp.com\/noticiasribeiraopreto.com.br\/wp-content\/uploads\/2026\/07\/mulher_2026-07-13_13-44-54.webp.webp?fit=1200%2C603&ssl=1&resize=525%2C300 1.5x, https:\/\/i0.wp.com\/noticiasribeiraopreto.com.br\/wp-content\/uploads\/2026\/07\/mulher_2026-07-13_13-44-54.webp.webp?fit=1200%2C603&ssl=1&resize=700%2C400 2x, https:\/\/i0.wp.com\/noticiasribeiraopreto.com.br\/wp-content\/uploads\/2026\/07\/mulher_2026-07-13_13-44-54.webp.webp?fit=1200%2C603&ssl=1&resize=1050%2C600 3x"},"classes":[]},{"id":43614,"url":"https:\/\/noticiasribeiraopreto.com.br\/index.php\/2024\/03\/22\/professora-luta-com-ladrao-e-impede-roubo-de-veiculo\/","url_meta":{"origin":88015,"position":4},"title":"Professora luta com ladr\u00e3o e impede roubo de ve\u00edculo","author":"noticiasribeiraopreto.com.br","date":"22 de March de 2024","format":false,"excerpt":"Dupla de moto tentou levar o carro, mas acabaram fugindo ap\u00f3s rea\u00e7\u00e3o da v\u00edtima; mulher ficou ferida 22 de mar\u00e7o de 2024 | 12:11 1 Por: Adalberto Luque Uma mulher de 45 anos conseguiu evitar que seu carro fosse roubado, na noite desta quinta-feira (21). Ela foi abordada ap\u00f3s estacionar\u2026","rel":"","context":"In &quot;Not\u00edcias de Ribeir\u00e3o Preto-SP e Regi\u00e3o&quot;","block_context":{"text":"Not\u00edcias de Ribeir\u00e3o Preto-SP e Regi\u00e3o","link":"https:\/\/noticiasribeiraopreto.com.br\/index.php\/category\/noticias-de-ribeirao-preto-sp-e-regiao-ismael-colosi\/"},"img":{"alt_text":"","src":"https:\/\/i0.wp.com\/noticiasribeiraopreto.com.br\/wp-content\/uploads\/2024\/03\/00-22-mar-2024-professora-briga-foto-alfredo-risk-scaled.jpg?fit=968%2C645&ssl=1&resize=350%2C200","width":350,"height":200,"srcset":"https:\/\/i0.wp.com\/noticiasribeiraopreto.com.br\/wp-content\/uploads\/2024\/03\/00-22-mar-2024-professora-briga-foto-alfredo-risk-scaled.jpg?fit=968%2C645&ssl=1&resize=350%2C200 1x, https:\/\/i0.wp.com\/noticiasribeiraopreto.com.br\/wp-content\/uploads\/2024\/03\/00-22-mar-2024-professora-briga-foto-alfredo-risk-scaled.jpg?fit=968%2C645&ssl=1&resize=525%2C300 1.5x, https:\/\/i0.wp.com\/noticiasribeiraopreto.com.br\/wp-content\/uploads\/2024\/03\/00-22-mar-2024-professora-briga-foto-alfredo-risk-scaled.jpg?fit=968%2C645&ssl=1&resize=700%2C400 2x"},"classes":[]},{"id":88488,"url":"https:\/\/noticiasribeiraopreto.com.br\/index.php\/2026\/07\/20\/policia-investiga-desaparecimento-de-jogador-amador-levado-durante-partida-em-ribeirao\/","url_meta":{"origin":88015,"position":5},"title":"Pol\u00edcia investiga desaparecimento de jogador amador levado durante partida em Ribeir\u00e3o","author":"noticiasribeiraopreto.com.br","date":"20 de July de 2026","format":false,"excerpt":"A Pol\u00edcia Civil investiga o desaparecimento do jogador de futebol amador Guilherme Henrique Borges Paes, de 27 anos, em Ribeir\u00e3o Preto. Segundo o boletim de ocorr\u00eancia, pelo menos cinco homens levaram o jovem em um carro preto na tarde de domingo (19), durante uma partida de futebol na zona Norte\u2026","rel":"","context":"In &quot;Not\u00edcias de Ribeir\u00e3o Preto-SP e Regi\u00e3o&quot;","block_context":{"text":"Not\u00edcias de Ribeir\u00e3o Preto-SP e Regi\u00e3o","link":"https:\/\/noticiasribeiraopreto.com.br\/index.php\/category\/noticias-de-ribeirao-preto-sp-e-regiao-ismael-colosi\/"},"img":{"alt_text":"","src":"https:\/\/i0.wp.com\/noticiasribeiraopreto.com.br\/wp-content\/uploads\/2026\/07\/ELEICOES-2026-1.png?fit=1200%2C675&ssl=1&resize=350%2C200","width":350,"height":200,"srcset":"https:\/\/i0.wp.com\/noticiasribeiraopreto.com.br\/wp-content\/uploads\/2026\/07\/ELEICOES-2026-1.png?fit=1200%2C675&ssl=1&resize=350%2C200 1x, https:\/\/i0.wp.com\/noticiasribeiraopreto.com.br\/wp-content\/uploads\/2026\/07\/ELEICOES-2026-1.png?fit=1200%2C675&ssl=1&resize=525%2C300 1.5x, https:\/\/i0.wp.com\/noticiasribeiraopreto.com.br\/wp-content\/uploads\/2026\/07\/ELEICOES-2026-1.png?fit=1200%2C675&ssl=1&resize=700%2C400 2x, https:\/\/i0.wp.com\/noticiasribeiraopreto.com.br\/wp-content\/uploads\/2026\/07\/ELEICOES-2026-1.png?fit=1200%2C675&ssl=1&resize=1050%2C600 3x"},"classes":[]}],"jetpack_sharing_enabled":true,"jetpack_shortlink":"https:\/\/wp.me\/peQAOb-mTB","jetpack_featured_media_url":"https:\/\/i0.wp.com\/noticiasribeiraopreto.com.br\/wp-content\/uploads\/2026\/07\/WhatsApp-Image-2026-07-13-at-10.36.49.jpeg?fit=1470%2C1118&ssl=1","_links":{"self":[{"href":"https:\/\/noticiasribeiraopreto.com.br\/index.php\/wp-json\/wp\/v2\/posts\/88015","targetHints":{"allow":["GET"]}}],"collection":[{"href":"https:\/\/noticiasribeiraopreto.com.br\/index.php\/wp-json\/wp\/v2\/posts"}],"about":[{"href":"https:\/\/noticiasribeiraopreto.com.br\/index.php\/wp-json\/wp\/v2\/types\/post"}],"author":[{"embeddable":true,"href":"https:\/\/noticiasribeiraopreto.com.br\/index.php\/wp-json\/wp\/v2\/users\/1"}],"replies":[{"embeddable":true,"href":"https:\/\/noticiasribeiraopreto.com.br\/index.php\/wp-json\/wp\/v2\/comments?post=88015"}],"version-history":[{"count":0,"href":"https:\/\/noticiasribeiraopreto.com.br\/index.php\/wp-json\/wp\/v2\/posts\/88015\/revisions"}],"wp:featuredmedia":[{"embeddable":true,"href":"https:\/\/noticiasribeiraopreto.com.br\/index.php\/wp-json\/wp\/v2\/media\/88016"}],"wp:attachment":[{"href":"https:\/\/noticiasribeiraopreto.com.br\/index.php\/wp-json\/wp\/v2\/media?parent=88015"}],"wp:term":[{"taxonomy":"category","embeddable":true,"href":"https:\/\/noticiasribeiraopreto.com.br\/index.php\/wp-json\/wp\/v2\/categories?post=88015"},{"taxonomy":"post_tag","embeddable":true,"href":"https:\/\/noticiasribeiraopreto.com.br\/index.php\/wp-json\/wp\/v2\/tags?post=88015"}],"curies":[{"name":"wp","href":"https:\/\/api.w.org\/{rel}","templated":true}]}}