{"id":88017,"date":"2026-07-13T12:11:59","date_gmt":"2026-07-13T15:11:59","guid":{"rendered":"https:\/\/noticiasribeiraopreto.com.br\/index.php\/2026\/07\/13\/conheca-as-10-candidatas-que-disputam-o-titulo-de-rainha-da-festa-do-peao-de-barretos-2026\/"},"modified":"2026-07-13T12:11:59","modified_gmt":"2026-07-13T15:11:59","slug":"conheca-as-10-candidatas-que-disputam-o-titulo-de-rainha-da-festa-do-peao-de-barretos-2026","status":"publish","type":"post","link":"https:\/\/noticiasribeiraopreto.com.br\/index.php\/2026\/07\/13\/conheca-as-10-candidatas-que-disputam-o-titulo-de-rainha-da-festa-do-peao-de-barretos-2026\/","title":{"rendered":"Conhe\u00e7a as 10 candidatas que disputam o t\u00edtulo de rainha da Festa do Pe\u00e3o de Barretos 2026"},"content":{"rendered":"<div class='code-block code-block-1' style='margin: 8px 0 8px auto; text-align: right; display: block; clear: both;'>\n<p><a href=\"https:\/\/wa.link\/vpicfd\"><img data-recalc-dims=\"1\" class=\"wp-image-4922\" style=\"aspect-ratio: 2.0253164556962027; width: 561px; height: auto;\" src=\"https:\/\/i0.wp.com\/ismaelcolosi.com.br\/wp-content\/uploads\/2023\/11\/grupo-de-empregos-whatsapp-e-facebook-ismael-colosi-vagas.jpg?ssl=1\" alt=\"\" \/><\/a><\/p>\n<!-- \/wp:image -->\n<\/div>\n<p> <br \/>\n<\/p>\n<p>Foram definidas as <strong>dez candidatas<\/strong> que seguem na disputa pelo t\u00edtulo de<strong> rainha da Festa do Pe\u00e3o de Barretos de 2026<\/strong>, evento que ser\u00e1 realizado entre os dias 20 e 30 de agosto, no <strong>Parque do Pe\u00e3o<\/strong>.<\/p>\n<p>A <strong>grande final do concurso<\/strong> est\u00e1 marcada para acontecer nesta <strong>sexta-feira (17)<\/strong>, \u00e0s 20h, no North Shopping Barretos, onde tamb\u00e9m ser\u00e1 escolhida a <strong>Princesa <\/strong>\u2013 conhe\u00e7a as participantes logo abaixo.<\/p>\n<p>As finalistas ir\u00e3o desfilar com <strong>trajes t\u00edpicos<\/strong> exclusivos assinados pelo estilista Marcelo Ortale e ser\u00e3o avaliadas por um corpo de jurados nos quesitos <strong>beleza<\/strong>, <strong>desenvoltura <\/strong>e <strong>simpatia<\/strong>.<\/p>\n<div class=\"wp-block-image\">\n<figure class=\"aligncenter size-large\"><figcaption class=\"wp-element-caption\">Candidatas ao t\u00edtulo de rainha da Festa do Pe\u00e3o de Barretos 2026 &#8211; Foto: Guizy.<\/figcaption><\/figure>\n<\/div>\n<h2 class=\"wp-block-heading\"><strong>Concurso mant\u00e9m tradi\u00e7\u00e3o da Festa do Pe\u00e3o de Barretos<\/strong><\/h2>\n<p>A escolha da rainha da <strong>Festa do Pe\u00e3o de Barretos<\/strong> faz parte da programa\u00e7\u00e3o que <strong>antecede o evento<\/strong> e elege as <strong>representantes oficiais da edi\u00e7\u00e3o de 2026<\/strong>.<\/p>\n<p>Segundo <strong>Fernando Moni<\/strong>, diretor social da associa\u00e7\u00e3o <strong><a href=\"https:\/\/www.independentes.com.br\/\" target=\"_blank\" data-type=\"link\" data-id=\"https:\/\/www.independentes.com.br\/\" rel=\"noreferrer noopener\">Os Independentes <\/a><\/strong>e respons\u00e1vel pela organiza\u00e7\u00e3o do concurso, as eleitas representam a cultura e a identidade da <strong>Festa do Pe\u00e3o de Barretos<\/strong>.<\/p>\n<blockquote class=\"wp-block-quote is-layout-flow wp-block-quote-is-layout-flow\">\n<p>\u201cA cada edi\u00e7\u00e3o, esse processo revela novas hist\u00f3rias e refor\u00e7a o papel da mulher dentro da nossa tradi\u00e7\u00e3o. As eleitas passam a representar n\u00e3o s\u00f3 a Festa, mas tamb\u00e9m a cultura e a identidade de Barretos, levando essa ess\u00eancia para diferentes p\u00fablicos com responsabilidade e autenticidade\u201d.<\/p>\n<\/blockquote>\n<h2 class=\"wp-block-heading\"><strong>Veja quem s\u00e3o as candidatas \u00e0 rainha da Festa do Pe\u00e3o de Barretos<\/strong><\/h2>\n<ul class=\"wp-block-list\">\n<li><mark style=\"background-color:#fcb900\" class=\"has-inline-color\"><strong>Alessa Esper<\/strong>, 21 anos, estudante de Engenharia de Produ\u00e7\u00e3o;<\/mark><\/li>\n<\/ul>\n<div class=\"wp-block-image\">\n<figure class=\"aligncenter size-large\"><img data-recalc-dims=\"1\" loading=\"lazy\" decoding=\"async\" width=\"1024\" height=\"576\" src=\"https:\/\/i0.wp.com\/www.acidadeon.com\/ribeiraopreto\/wp-content\/uploads\/sites\/3\/2026\/07\/candidata-rainha-5-1024x576.jpg?resize=1024%2C576&#038;ssl=1\" alt=\"Foto: Guizy.\" class=\"wp-image-165513\" title=\"Conhe\u00e7a as 10 candidatas que disputam o t\u00edtulo de rainha da Festa do Pe\u00e3o de Barretos 2026 2\" \/><figcaption class=\"wp-element-caption\">Foto: Guizy.<\/figcaption><\/figure>\n<\/div>\n<ul class=\"wp-block-list\">\n<li><mark style=\"background-color:#fcb900\" class=\"has-inline-color\"><strong>Heloisa Helena<\/strong>, 19 anos, operadora de caixa;<\/mark><\/li>\n<\/ul>\n<div class=\"wp-block-image\">\n<figure class=\"aligncenter size-large\"><img data-recalc-dims=\"1\" loading=\"lazy\" decoding=\"async\" width=\"1024\" height=\"576\" src=\"https:\/\/i0.wp.com\/www.acidadeon.com\/ribeiraopreto\/wp-content\/uploads\/sites\/3\/2026\/07\/candidata-rainha-6-1024x576.jpg?resize=1024%2C576&#038;ssl=1\" alt=\"Foto: Guizy.\" class=\"wp-image-165516\" title=\"Conhe\u00e7a as 10 candidatas que disputam o t\u00edtulo de rainha da Festa do Pe\u00e3o de Barretos 2026 3\" \/><figcaption class=\"wp-element-caption\">Foto: Guizy.<\/figcaption><\/figure>\n<\/div>\n<ul class=\"wp-block-list\">\n<li><mark style=\"background-color:#fcb900\" class=\"has-inline-color\"><strong>Isabela Lima<\/strong>, 24 anos, estudante de Biomedicina;<\/mark><\/li>\n<\/ul>\n<div class=\"wp-block-image\">\n<figure class=\"aligncenter size-large\"><img data-recalc-dims=\"1\" loading=\"lazy\" decoding=\"async\" width=\"1024\" height=\"576\" src=\"https:\/\/i0.wp.com\/www.acidadeon.com\/ribeiraopreto\/wp-content\/uploads\/sites\/3\/2026\/07\/candidata-rainha-7-1024x576.jpg?resize=1024%2C576&#038;ssl=1\" alt=\"Foto: Guizy.\" class=\"wp-image-165518\" title=\"Conhe\u00e7a as 10 candidatas que disputam o t\u00edtulo de rainha da Festa do Pe\u00e3o de Barretos 2026 4\" \/><figcaption class=\"wp-element-caption\">Foto: Guizy.<\/figcaption><\/figure>\n<\/div>\n<ul class=\"wp-block-list\">\n<li><mark style=\"background-color:#fcb900\" class=\"has-inline-color\"><strong>Maria Fernanda Gomes<\/strong>, 20 anos, estudante de Biomedicina;<\/mark><\/li>\n<\/ul>\n<div class=\"wp-block-image\">\n<figure class=\"aligncenter size-large\"><img data-recalc-dims=\"1\" loading=\"lazy\" decoding=\"async\" width=\"1024\" height=\"576\" src=\"https:\/\/i0.wp.com\/www.acidadeon.com\/ribeiraopreto\/wp-content\/uploads\/sites\/3\/2026\/07\/candidata-rainha-9-1024x576.jpg?resize=1024%2C576&#038;ssl=1\" alt=\"Foto: Guizy.\" class=\"wp-image-165520\" title=\"Conhe\u00e7a as 10 candidatas que disputam o t\u00edtulo de rainha da Festa do Pe\u00e3o de Barretos 2026 5\" \/><figcaption class=\"wp-element-caption\">Foto: Guizy.<\/figcaption><\/figure>\n<\/div>\n<ul class=\"wp-block-list\">\n<li><mark style=\"background-color:#fcb900\" class=\"has-inline-color\"><strong>Nikeli Salom\u00e3o<\/strong>, 23 anos, estudante de Administra\u00e7\u00e3o;<\/mark><\/li>\n<\/ul>\n<div class=\"wp-block-image\">\n<figure class=\"aligncenter size-large\"><img data-recalc-dims=\"1\" loading=\"lazy\" decoding=\"async\" width=\"1024\" height=\"576\" src=\"https:\/\/i0.wp.com\/www.acidadeon.com\/ribeiraopreto\/wp-content\/uploads\/sites\/3\/2026\/07\/candidata-rainha-10-1024x576.jpg?resize=1024%2C576&#038;ssl=1\" alt=\"Foto: Guizy.\" class=\"wp-image-165521\" title=\"Conhe\u00e7a as 10 candidatas que disputam o t\u00edtulo de rainha da Festa do Pe\u00e3o de Barretos 2026 6\" \/><figcaption class=\"wp-element-caption\">Foto: Guizy.<\/figcaption><\/figure>\n<\/div>\n<ul class=\"wp-block-list\">\n<li><mark style=\"background-color:#fcb900\" class=\"has-inline-color\"><strong>P\u00e2mela Costa<\/strong>, 24 anos, influenciadora digital;<\/mark><\/li>\n<\/ul>\n<div class=\"wp-block-image\">\n<figure class=\"aligncenter size-large\"><img data-recalc-dims=\"1\" loading=\"lazy\" decoding=\"async\" width=\"1024\" height=\"576\" src=\"https:\/\/i0.wp.com\/www.acidadeon.com\/ribeiraopreto\/wp-content\/uploads\/sites\/3\/2026\/07\/candidata-rainha-11-1024x576.jpg?resize=1024%2C576&#038;ssl=1\" alt=\"Foto: Guizy.\" class=\"wp-image-165523\" title=\"Conhe\u00e7a as 10 candidatas que disputam o t\u00edtulo de rainha da Festa do Pe\u00e3o de Barretos 2026 7\" \/><figcaption class=\"wp-element-caption\">Foto: Guizy.<\/figcaption><\/figure>\n<\/div>\n<ul class=\"wp-block-list\">\n<li><mark style=\"background-color:#fcb900\" class=\"has-inline-color\"><strong>Rayane Regina<\/strong>, 20 anos, estudante de Odontologia;<\/mark><\/li>\n<\/ul>\n<div class=\"wp-block-image\">\n<figure class=\"aligncenter size-large\"><img data-recalc-dims=\"1\" loading=\"lazy\" decoding=\"async\" width=\"1024\" height=\"576\" src=\"https:\/\/i0.wp.com\/www.acidadeon.com\/ribeiraopreto\/wp-content\/uploads\/sites\/3\/2026\/07\/candidata-rainha-12-1024x576.jpg?resize=1024%2C576&#038;ssl=1\" alt=\"Foto: Guizy.\" class=\"wp-image-165526\" title=\"Conhe\u00e7a as 10 candidatas que disputam o t\u00edtulo de rainha da Festa do Pe\u00e3o de Barretos 2026 8\" \/><figcaption class=\"wp-element-caption\">Foto: Guizy.<\/figcaption><\/figure>\n<\/div>\n<ul class=\"wp-block-list\">\n<li><mark style=\"background-color:#fcb900\" class=\"has-inline-color\"><strong>Samyra Gon\u00e7alves<\/strong>, 21 anos, estudante de Direito;<\/mark><\/li>\n<\/ul>\n<div class=\"wp-block-image\">\n<figure class=\"aligncenter size-large\"><img data-recalc-dims=\"1\" loading=\"lazy\" decoding=\"async\" width=\"1024\" height=\"576\" src=\"https:\/\/i0.wp.com\/www.acidadeon.com\/ribeiraopreto\/wp-content\/uploads\/sites\/3\/2026\/07\/candidata-rainha-13-1024x576.jpg?resize=1024%2C576&#038;ssl=1\" alt=\"Foto: Guizy.\" class=\"wp-image-165528\" title=\"Conhe\u00e7a as 10 candidatas que disputam o t\u00edtulo de rainha da Festa do Pe\u00e3o de Barretos 2026 9\" \/><figcaption class=\"wp-element-caption\">Foto: Guizy.<\/figcaption><\/figure>\n<\/div>\n<ul class=\"wp-block-list\">\n<li><mark style=\"background-color:#fcb900\" class=\"has-inline-color\"><strong>Thain\u00e1 Maria Coelho<\/strong>, 28 anos, atriz e consultora de vendas;<\/mark><\/li>\n<\/ul>\n<div class=\"wp-block-image\">\n<figure class=\"aligncenter size-large\"><img data-recalc-dims=\"1\" loading=\"lazy\" decoding=\"async\" width=\"1024\" height=\"576\" src=\"https:\/\/i0.wp.com\/www.acidadeon.com\/ribeiraopreto\/wp-content\/uploads\/sites\/3\/2026\/07\/candidata-rainha-14-1024x576.jpg?resize=1024%2C576&#038;ssl=1\" alt=\"Foto: Guizy.\" class=\"wp-image-165530\" title=\"Conhe\u00e7a as 10 candidatas que disputam o t\u00edtulo de rainha da Festa do Pe\u00e3o de Barretos 2026 10\" \/><figcaption class=\"wp-element-caption\">Foto: Guizy.<\/figcaption><\/figure>\n<\/div>\n<ul class=\"wp-block-list\">\n<li><mark style=\"background-color:#fcb900\" class=\"has-inline-color\"><strong>Thereza Marques<\/strong>, 25 anos, estudante de Jornalismo.<\/mark><\/li>\n<\/ul>\n<div class=\"wp-block-image\">\n<figure class=\"aligncenter size-large\"><img data-recalc-dims=\"1\" loading=\"lazy\" decoding=\"async\" width=\"1024\" height=\"576\" src=\"https:\/\/i0.wp.com\/www.acidadeon.com\/ribeiraopreto\/wp-content\/uploads\/sites\/3\/2026\/07\/candidata-rainha-15-1024x576.jpg?resize=1024%2C576&#038;ssl=1\" alt=\"Foto: Guizy.\" class=\"wp-image-165531\" title=\"Conhe\u00e7a as 10 candidatas que disputam o t\u00edtulo de rainha da Festa do Pe\u00e3o de Barretos 2026 11\" \/><figcaption class=\"wp-element-caption\">Foto: Guizy.<\/figcaption><\/figure>\n<\/div>\n<p>O concurso que escolhe a <strong>rainha da Festa do Pe\u00e3o de Barretos<\/strong> \u00e9 realizado pela associa\u00e7\u00e3o Os Independentes, com apoio do North Shopping Barretos. A coordena\u00e7\u00e3o \u00e9 de Milton Figueiredo, com produ\u00e7\u00e3o de Reinaldo Costa e cabelo e maquiagem assinados pelo Sal\u00e3o Luiza.<\/p>\n<\/p>\n<p>O post Conhe\u00e7a as 10 candidatas que disputam o t\u00edtulo de rainha da Festa do Pe\u00e3o de Barretos 2026 apareceu primeiro em ACidade ON Ribeir\u00e3o Preto.<\/p>\n<p><br \/>\n<br \/><a href=\"https:\/\/www.acidadeon.com\/ribeiraopreto\/lazer-e-cultura\/conheca-as-10-candidatas-que-disputam-o-titulo-de-rainha-da-festa-do-peao-de-barretos-2026\/\">Link para o texto original aqui <\/a><\/p>\n<!-- CONTENT END 1 -->\n","protected":false},"excerpt":{"rendered":"<p>Foram definidas as dez candidatas que seguem na disputa pelo t\u00edtulo de rainha da Festa do Pe\u00e3o de Barretos de 2026, evento que ser\u00e1 realizado&#8230;<\/p>\n","protected":false},"author":1,"featured_media":88018,"comment_status":"","ping_status":"","sticky":false,"template":"","format":"standard","meta":{"advanced_seo_description":"","jetpack_seo_html_title":"","jetpack_seo_noindex":false,"jetpack_seo_schema_type":"","_jetpack_newsletter_access":"","_jetpack_dont_email_post_to_subs":false,"_jetpack_newsletter_tier_id":0,"_jetpack_memberships_contains_paywalled_content":false,"_jetpack_feature_clip_id":0,"_jetpack_memberships_contains_paid_content":false,"footnotes":"","jetpack_publicize_message":"","jetpack_publicize_feature_enabled":true,"jetpack_social_post_already_shared":true,"jetpack_social_options":{"image_generator_settings":{"template":"highway","default_image_id":0,"font":"","enabled":false},"version":2},"jetpack_post_was_ever_published":false},"categories":[11],"tags":[3023,7667,3503,2188,2017,3641,5585,7666,1318],"class_list":["post-88017","post","type-post","status-publish","format-standard","has-post-thumbnail","hentry","category-noticias-de-ribeirao-preto-sp-e-regiao-ismael-colosi","tag-barretos","tag-candidatas","tag-conheca","tag-disputam","tag-festa","tag-peao","tag-rainha","tag-rainha-da-festa-do-peao-de-barretos","tag-titulo"],"jetpack_publicize_connections":[],"jetpack-related-posts":[{"id":88098,"url":"https:\/\/noticiasribeiraopreto.com.br\/index.php\/2026\/07\/14\/rainha-da-festa-do-peao-de-barretos-como-funciona-o-concurso-e-o-que-faz-a-vencedora\/","url_meta":{"origin":88017,"position":0},"title":"Rainha da Festa do Pe\u00e3o de Barretos: como funciona o concurso e o que faz a vencedora?","author":"noticiasribeiraopreto.com.br","date":"14 de July de 2026","format":false,"excerpt":"A final do concurso que escolher\u00e1 a rainha da Festa do Pe\u00e3o de Barretos 2026 acontece nesta sexta-feira (17), \u00e0s 20h, no North Shopping Barretos \u2013 clique aqui e conhe\u00e7a as candidatas. Al\u00e9m da nova representante da festa, o evento tamb\u00e9m vai eleger a princesa, que ao lado da vencedora\u2026","rel":"","context":"In &quot;Not\u00edcias de Ribeir\u00e3o Preto-SP e Regi\u00e3o&quot;","block_context":{"text":"Not\u00edcias de Ribeir\u00e3o Preto-SP e Regi\u00e3o","link":"https:\/\/noticiasribeiraopreto.com.br\/index.php\/category\/noticias-de-ribeirao-preto-sp-e-regiao-ismael-colosi\/"},"img":{"alt_text":"","src":"https:\/\/i0.wp.com\/noticiasribeiraopreto.com.br\/wp-content\/uploads\/2026\/07\/rainha-festa-do-peao-1.jpg?fit=1200%2C675&ssl=1&resize=350%2C200","width":350,"height":200,"srcset":"https:\/\/i0.wp.com\/noticiasribeiraopreto.com.br\/wp-content\/uploads\/2026\/07\/rainha-festa-do-peao-1.jpg?fit=1200%2C675&ssl=1&resize=350%2C200 1x, https:\/\/i0.wp.com\/noticiasribeiraopreto.com.br\/wp-content\/uploads\/2026\/07\/rainha-festa-do-peao-1.jpg?fit=1200%2C675&ssl=1&resize=525%2C300 1.5x, https:\/\/i0.wp.com\/noticiasribeiraopreto.com.br\/wp-content\/uploads\/2026\/07\/rainha-festa-do-peao-1.jpg?fit=1200%2C675&ssl=1&resize=700%2C400 2x, https:\/\/i0.wp.com\/noticiasribeiraopreto.com.br\/wp-content\/uploads\/2026\/07\/rainha-festa-do-peao-1.jpg?fit=1200%2C675&ssl=1&resize=1050%2C600 3x"},"classes":[]},{"id":88360,"url":"https:\/\/noticiasribeiraopreto.com.br\/index.php\/2026\/07\/18\/festa-do-peao-de-barretos-escolhe-rainha-e-princesa-da-71a-edicao\/","url_meta":{"origin":88017,"position":1},"title":"Festa do Pe\u00e3o de Barretos escolhe Rainha e Princesa da 71\u00aa edi\u00e7\u00e3o","author":"noticiasribeiraopreto.com.br","date":"18 de July de 2026","format":false,"excerpt":"A estudante de engenharia de produ\u00e7\u00e3o Alessa Esper, de 21 anos, foi eleita Rainha da 71\u00aa Festa do Pe\u00e3o de Barretos durante concurso realizado na noite de sexta-feira (17). A estudante de Direito Samyra Gon\u00e7alves, tamb\u00e9m de 21 anos, conquistou o t\u00edtulo de Princesa. Alessa Esper \u2013 Foto: Guizy Samyra\u2026","rel":"","context":"In &quot;Not\u00edcias de Ribeir\u00e3o Preto-SP e Regi\u00e3o&quot;","block_context":{"text":"Not\u00edcias de Ribeir\u00e3o Preto-SP e Regi\u00e3o","link":"https:\/\/noticiasribeiraopreto.com.br\/index.php\/category\/noticias-de-ribeirao-preto-sp-e-regiao-ismael-colosi\/"},"img":{"alt_text":"","src":"https:\/\/i0.wp.com\/noticiasribeiraopreto.com.br\/wp-content\/uploads\/2026\/07\/roubo-1.png?fit=1200%2C675&ssl=1&resize=350%2C200","width":350,"height":200,"srcset":"https:\/\/i0.wp.com\/noticiasribeiraopreto.com.br\/wp-content\/uploads\/2026\/07\/roubo-1.png?fit=1200%2C675&ssl=1&resize=350%2C200 1x, https:\/\/i0.wp.com\/noticiasribeiraopreto.com.br\/wp-content\/uploads\/2026\/07\/roubo-1.png?fit=1200%2C675&ssl=1&resize=525%2C300 1.5x, https:\/\/i0.wp.com\/noticiasribeiraopreto.com.br\/wp-content\/uploads\/2026\/07\/roubo-1.png?fit=1200%2C675&ssl=1&resize=700%2C400 2x, https:\/\/i0.wp.com\/noticiasribeiraopreto.com.br\/wp-content\/uploads\/2026\/07\/roubo-1.png?fit=1200%2C675&ssl=1&resize=1050%2C600 3x"},"classes":[]},{"id":53965,"url":"https:\/\/noticiasribeiraopreto.com.br\/index.php\/2024\/06\/26\/conheca-as-candidatas-a-rainha-da-festa-do-peao-de-barretos-2024\/","url_meta":{"origin":88017,"position":2},"title":"Conhe\u00e7a as candidatas \u00e0 rainha da Festa do Pe\u00e3o de Barretos 2024","author":"noticiasribeiraopreto.com.br","date":"26 de June de 2024","format":false,"excerpt":"Foram selecionadas as dez candidatas que v\u00e3o participar do concurso que ir\u00e1 eleger a rainha da Festa do Pe\u00e3o de Barretos de 2024. A escolha ser\u00e1 durante evento no dia 12 de julho, no North Shopping Barretos, a partir das 20h. V\u00e3o participar da disputa: Ana Laura Coqueiro, 19 anos,\u2026","rel":"","context":"In &quot;Not\u00edcias de Ribeir\u00e3o Preto-SP e Regi\u00e3o&quot;","block_context":{"text":"Not\u00edcias de Ribeir\u00e3o Preto-SP e Regi\u00e3o","link":"https:\/\/noticiasribeiraopreto.com.br\/index.php\/category\/noticias-de-ribeirao-preto-sp-e-regiao-ismael-colosi\/"},"img":{"alt_text":"","src":"https:\/\/i0.wp.com\/noticiasribeiraopreto.com.br\/wp-content\/uploads\/2024\/06\/AnyConv.com__festa-do-peao-barretos_2024-06-26_18-39-01.webp.webp?fit=1200%2C800&ssl=1&resize=350%2C200","width":350,"height":200,"srcset":"https:\/\/i0.wp.com\/noticiasribeiraopreto.com.br\/wp-content\/uploads\/2024\/06\/AnyConv.com__festa-do-peao-barretos_2024-06-26_18-39-01.webp.webp?fit=1200%2C800&ssl=1&resize=350%2C200 1x, https:\/\/i0.wp.com\/noticiasribeiraopreto.com.br\/wp-content\/uploads\/2024\/06\/AnyConv.com__festa-do-peao-barretos_2024-06-26_18-39-01.webp.webp?fit=1200%2C800&ssl=1&resize=525%2C300 1.5x, https:\/\/i0.wp.com\/noticiasribeiraopreto.com.br\/wp-content\/uploads\/2024\/06\/AnyConv.com__festa-do-peao-barretos_2024-06-26_18-39-01.webp.webp?fit=1200%2C800&ssl=1&resize=700%2C400 2x, https:\/\/i0.wp.com\/noticiasribeiraopreto.com.br\/wp-content\/uploads\/2024\/06\/AnyConv.com__festa-do-peao-barretos_2024-06-26_18-39-01.webp.webp?fit=1200%2C800&ssl=1&resize=1050%2C600 3x"},"classes":[]},{"id":52301,"url":"https:\/\/noticiasribeiraopreto.com.br\/index.php\/2024\/06\/06\/concurso-para-rainha-da-festa-do-peao-de-barretos-tem-inscricoes-abertas\/","url_meta":{"origin":88017,"position":3},"title":"Concurso para Rainha da Festa do Pe\u00e3o de Barretos\u00a0tem inscri\u00e7\u00f5es abertas","author":"noticiasribeiraopreto.com.br","date":"6 de June de 2024","format":false,"excerpt":"Est\u00e3o abertas as inscri\u00e7\u00f5es do tradicional concurso para escolha da Rainha e da Princesa que v\u00e3o representar a 69\u00aa Festa do Pe\u00e3o de Barretos, que acontece entre os dias 15 e 25 de agosto, no Parque Permanente de Exposi\u00e7\u00f5es do munic\u00edpio. As candidatas que se inscrevem para a disputa passar\u00e3o\u2026","rel":"","context":"In &quot;Not\u00edcias de Ribeir\u00e3o Preto-SP e Regi\u00e3o&quot;","block_context":{"text":"Not\u00edcias de Ribeir\u00e3o Preto-SP e Regi\u00e3o","link":"https:\/\/noticiasribeiraopreto.com.br\/index.php\/category\/noticias-de-ribeirao-preto-sp-e-regiao-ismael-colosi\/"},"img":{"alt_text":"","src":"https:\/\/i0.wp.com\/noticiasribeiraopreto.com.br\/wp-content\/uploads\/2024\/06\/11e354e93be6764f1cf95fb18e4a72e3_2024-06-05_18-12-18_jpeg_2024-06-05_18-12-22-scaled.webp.webp?fit=1200%2C801&ssl=1&resize=350%2C200","width":350,"height":200,"srcset":"https:\/\/i0.wp.com\/noticiasribeiraopreto.com.br\/wp-content\/uploads\/2024\/06\/11e354e93be6764f1cf95fb18e4a72e3_2024-06-05_18-12-18_jpeg_2024-06-05_18-12-22-scaled.webp.webp?fit=1200%2C801&ssl=1&resize=350%2C200 1x, https:\/\/i0.wp.com\/noticiasribeiraopreto.com.br\/wp-content\/uploads\/2024\/06\/11e354e93be6764f1cf95fb18e4a72e3_2024-06-05_18-12-18_jpeg_2024-06-05_18-12-22-scaled.webp.webp?fit=1200%2C801&ssl=1&resize=525%2C300 1.5x, https:\/\/i0.wp.com\/noticiasribeiraopreto.com.br\/wp-content\/uploads\/2024\/06\/11e354e93be6764f1cf95fb18e4a72e3_2024-06-05_18-12-18_jpeg_2024-06-05_18-12-22-scaled.webp.webp?fit=1200%2C801&ssl=1&resize=700%2C400 2x, https:\/\/i0.wp.com\/noticiasribeiraopreto.com.br\/wp-content\/uploads\/2024\/06\/11e354e93be6764f1cf95fb18e4a72e3_2024-06-05_18-12-18_jpeg_2024-06-05_18-12-22-scaled.webp.webp?fit=1200%2C801&ssl=1&resize=1050%2C600 3x"},"classes":[]},{"id":90293,"url":"https:\/\/noticiasribeiraopreto.com.br\/index.php\/2026\/08\/20\/o-que-pode-e-o-que-nao-pode-entrar-no-parque-do-peao-em-barretos\/","url_meta":{"origin":88017,"position":4},"title":"O que pode e o que n\u00e3o pode entrar no Parque do Pe\u00e3o em Barretos","author":"noticiasribeiraopreto.com.br","date":"20 de August de 2026","format":false,"excerpt":"A Festa do Pe\u00e3o de Barretos 2026 come\u00e7a nesta quinta-feira (20) e, para quem pretende acompanhar os 11 dias de programa\u00e7\u00e3o, \u00e9 preciso ficar atento \u00e0s regras para entrar no Parque do Pe\u00e3o. Bebidas, armas e objetos cortantes est\u00e3o entre os itens que n\u00e3o podem ser levados para dentro do\u2026","rel":"","context":"In &quot;Not\u00edcias de Ribeir\u00e3o Preto-SP e Regi\u00e3o&quot;","block_context":{"text":"Not\u00edcias de Ribeir\u00e3o Preto-SP e Regi\u00e3o","link":"https:\/\/noticiasribeiraopreto.com.br\/index.php\/category\/noticias-de-ribeirao-preto-sp-e-regiao-ismael-colosi\/"},"img":{"alt_text":"","src":"https:\/\/i0.wp.com\/noticiasribeiraopreto.com.br\/wp-content\/uploads\/2026\/08\/lancamento-barretos-1_2026-07-07_19-26-08.webp.webp?fit=1200%2C675&ssl=1&resize=350%2C200","width":350,"height":200,"srcset":"https:\/\/i0.wp.com\/noticiasribeiraopreto.com.br\/wp-content\/uploads\/2026\/08\/lancamento-barretos-1_2026-07-07_19-26-08.webp.webp?fit=1200%2C675&ssl=1&resize=350%2C200 1x, https:\/\/i0.wp.com\/noticiasribeiraopreto.com.br\/wp-content\/uploads\/2026\/08\/lancamento-barretos-1_2026-07-07_19-26-08.webp.webp?fit=1200%2C675&ssl=1&resize=525%2C300 1.5x, https:\/\/i0.wp.com\/noticiasribeiraopreto.com.br\/wp-content\/uploads\/2026\/08\/lancamento-barretos-1_2026-07-07_19-26-08.webp.webp?fit=1200%2C675&ssl=1&resize=700%2C400 2x, https:\/\/i0.wp.com\/noticiasribeiraopreto.com.br\/wp-content\/uploads\/2026\/08\/lancamento-barretos-1_2026-07-07_19-26-08.webp.webp?fit=1200%2C675&ssl=1&resize=1050%2C600 3x"},"classes":[]},{"id":43173,"url":"https:\/\/noticiasribeiraopreto.com.br\/index.php\/2024\/03\/19\/dupla-maiara-maraisa-e-a-11a-atracao-confirmada-para-festa-do-peao-de-barretos\/","url_meta":{"origin":88017,"position":5},"title":"Dupla Maiara &#038; Mara\u00edsa \u00e9 a 11\u00aa atra\u00e7\u00e3o confirmada para Festa do Pe\u00e3o de Barretos","author":"noticiasribeiraopreto.com.br","date":"19 de March de 2024","format":false,"excerpt":"A dupla sertaneja Maiara & Mara\u00edsa, conhecida como as \u201crainhas da sofr\u00eancia\u201d, \u00e9 a 11\u00aa atra\u00e7\u00e3o musical confirmada para a Festa do Pe\u00e3o de Barretos, que acontece de 15 a 25 de agosto. O show das g\u00eameas rom\u00e2nticas vai acontecer no dia 16 de agosto, mesma data em que Simone\u2026","rel":"","context":"In &quot;Not\u00edcias de Ribeir\u00e3o Preto-SP e Regi\u00e3o&quot;","block_context":{"text":"Not\u00edcias de Ribeir\u00e3o Preto-SP e Regi\u00e3o","link":"https:\/\/noticiasribeiraopreto.com.br\/index.php\/category\/noticias-de-ribeirao-preto-sp-e-regiao-ismael-colosi\/"},"img":{"alt_text":"","src":"https:\/\/i0.wp.com\/noticiasribeiraopreto.com.br\/wp-content\/uploads\/2024\/03\/Copia-de-Copia-de-TAMANHO-EXATO-PARA-FOTOS-NO-SISTEMA-NOVO-67.jpg?fit=1200%2C675&ssl=1&resize=350%2C200","width":350,"height":200,"srcset":"https:\/\/i0.wp.com\/noticiasribeiraopreto.com.br\/wp-content\/uploads\/2024\/03\/Copia-de-Copia-de-TAMANHO-EXATO-PARA-FOTOS-NO-SISTEMA-NOVO-67.jpg?fit=1200%2C675&ssl=1&resize=350%2C200 1x, https:\/\/i0.wp.com\/noticiasribeiraopreto.com.br\/wp-content\/uploads\/2024\/03\/Copia-de-Copia-de-TAMANHO-EXATO-PARA-FOTOS-NO-SISTEMA-NOVO-67.jpg?fit=1200%2C675&ssl=1&resize=525%2C300 1.5x, https:\/\/i0.wp.com\/noticiasribeiraopreto.com.br\/wp-content\/uploads\/2024\/03\/Copia-de-Copia-de-TAMANHO-EXATO-PARA-FOTOS-NO-SISTEMA-NOVO-67.jpg?fit=1200%2C675&ssl=1&resize=700%2C400 2x, https:\/\/i0.wp.com\/noticiasribeiraopreto.com.br\/wp-content\/uploads\/2024\/03\/Copia-de-Copia-de-TAMANHO-EXATO-PARA-FOTOS-NO-SISTEMA-NOVO-67.jpg?fit=1200%2C675&ssl=1&resize=1050%2C600 3x"},"classes":[]}],"jetpack_sharing_enabled":true,"jetpack_shortlink":"https:\/\/wp.me\/peQAOb-mTD","jetpack_featured_media_url":"https:\/\/i0.wp.com\/noticiasribeiraopreto.com.br\/wp-content\/uploads\/2026\/07\/rainha-festa-do-peao.jpg?fit=1200%2C675&ssl=1","_links":{"self":[{"href":"https:\/\/noticiasribeiraopreto.com.br\/index.php\/wp-json\/wp\/v2\/posts\/88017","targetHints":{"allow":["GET"]}}],"collection":[{"href":"https:\/\/noticiasribeiraopreto.com.br\/index.php\/wp-json\/wp\/v2\/posts"}],"about":[{"href":"https:\/\/noticiasribeiraopreto.com.br\/index.php\/wp-json\/wp\/v2\/types\/post"}],"author":[{"embeddable":true,"href":"https:\/\/noticiasribeiraopreto.com.br\/index.php\/wp-json\/wp\/v2\/users\/1"}],"replies":[{"embeddable":true,"href":"https:\/\/noticiasribeiraopreto.com.br\/index.php\/wp-json\/wp\/v2\/comments?post=88017"}],"version-history":[{"count":0,"href":"https:\/\/noticiasribeiraopreto.com.br\/index.php\/wp-json\/wp\/v2\/posts\/88017\/revisions"}],"wp:featuredmedia":[{"embeddable":true,"href":"https:\/\/noticiasribeiraopreto.com.br\/index.php\/wp-json\/wp\/v2\/media\/88018"}],"wp:attachment":[{"href":"https:\/\/noticiasribeiraopreto.com.br\/index.php\/wp-json\/wp\/v2\/media?parent=88017"}],"wp:term":[{"taxonomy":"category","embeddable":true,"href":"https:\/\/noticiasribeiraopreto.com.br\/index.php\/wp-json\/wp\/v2\/categories?post=88017"},{"taxonomy":"post_tag","embeddable":true,"href":"https:\/\/noticiasribeiraopreto.com.br\/index.php\/wp-json\/wp\/v2\/tags?post=88017"}],"curies":[{"name":"wp","href":"https:\/\/api.w.org\/{rel}","templated":true}]}}