{"id":88041,"date":"2026-07-13T16:21:59","date_gmt":"2026-07-13T19:21:59","guid":{"rendered":"https:\/\/noticiasribeiraopreto.com.br\/index.php\/2026\/07\/13\/ribeirao-preto-abre-90-vagas-para-cursos-gratuitos-de-tecnologia-e-ia\/"},"modified":"2026-07-13T16:21:59","modified_gmt":"2026-07-13T19:21:59","slug":"ribeirao-preto-abre-90-vagas-para-cursos-gratuitos-de-tecnologia-e-ia","status":"publish","type":"post","link":"https:\/\/noticiasribeiraopreto.com.br\/index.php\/2026\/07\/13\/ribeirao-preto-abre-90-vagas-para-cursos-gratuitos-de-tecnologia-e-ia\/","title":{"rendered":"Ribeir\u00e3o Preto abre 90 vagas para cursos gratuitos de tecnologia e IA"},"content":{"rendered":"<div class='code-block code-block-1' style='margin: 8px 0 8px auto; text-align: right; display: block; clear: both;'>\n<p><a href=\"https:\/\/wa.link\/vpicfd\"><img data-recalc-dims=\"1\" class=\"wp-image-4922\" style=\"aspect-ratio: 2.0253164556962027; width: 561px; height: auto;\" src=\"https:\/\/i0.wp.com\/ismaelcolosi.com.br\/wp-content\/uploads\/2023\/11\/grupo-de-empregos-whatsapp-e-facebook-ismael-colosi-vagas.jpg?ssl=1\" alt=\"\" \/><\/a><\/p>\n<!-- \/wp:image -->\n<\/div>\n<p> <br \/>\n<\/p>\n<p>A<strong> Funda\u00e7\u00e3o de Forma\u00e7\u00e3o Tecnol\u00f3gica de Ribeir\u00e3o Preto<\/strong> abriu nesta segunda-feira (13) as<strong> inscri\u00e7\u00f5es para 90 vagas em cursos gratuitos de tecnologia e intelig\u00eancia artificial<\/strong>. As matr\u00edculas acontecem presencialmente na sede da institui\u00e7\u00e3o, no Centro, e permanecem abertas at\u00e9 o preenchimento das vagas.<\/p>\n<p>A iniciativa oferece capacita\u00e7\u00e3o voltada \u00e0 qualifica\u00e7\u00e3o profissional e ao desenvolvimento de compet\u00eancias digitais para o mercado de trabalho, empreendedorismo e novas demandas da economia digital.<\/p>\n<p class=\"has-text-align-center has-small-font-size\"><em>Receba not\u00edcias do\u00a0<strong>acidade on Ribeir\u00e3o\u00a0<\/strong>no WhatsApp e fique por dentro de tudo! Basta acessar o link<a href=\"https:\/\/chat.whatsapp.com\/DfXwcjKVIddHUT3BvnQuPZ?mode=hqctshi\" target=\"_blank\" rel=\"noreferrer noopener\">\u00a0aqu<\/a>i!<\/em><\/p>\n<h2 class=\"wp-block-heading\">Cursos gratuitos <\/h2>\n<p>A Funtec disponibiliza tr\u00eas op\u00e7\u00f5es de cursos:<\/p>\n<ul class=\"wp-block-list\">\n<li><strong>Auxiliar Administrativo Digital<\/strong><br \/>Conte\u00fados sobre e-mail corporativo, Google Docs, planilhas, WhatsApp Business e ferramentas de intelig\u00eancia artificial<\/li>\n<li><strong>IA na Pr\u00e1tica (pelo celular)<\/strong><br \/>Aborda o uso de plataformas como ChatGPT, Claude e Gemini para aumentar a produtividade e otimizar atividades profissionais<\/li>\n<li><strong>Instagram Profissional com IA<\/strong><br \/>Foco em estrat\u00e9gias para redes sociais, Canva, produ\u00e7\u00e3o de Reels, vendas e atendimento a clientes pelo WhatsApp<\/li>\n<\/ul>\n<figure class=\"wp-block-gallery has-nested-images columns-default is-cropped wp-block-gallery-1 is-layout-flex wp-block-gallery-is-layout-flex\">\n<figure class=\"wp-block-image size-large\"><figcaption class=\"wp-element-caption\"> (Foto: Guilherme Sircili)<\/figcaption><\/figure>\n<figure class=\"wp-block-image size-large\"><img data-recalc-dims=\"1\" loading=\"lazy\" decoding=\"async\" width=\"1024\" height=\"682\" data-id=\"49427\" src=\"https:\/\/i0.wp.com\/www.acidadeon.com\/ribeiraopreto\/wp-content\/uploads\/sites\/3\/2023\/09\/cursos_funtec_-_foto_guilherme_sircili_2-1024x682.jpg?resize=1024%2C682&#038;ssl=1\" alt=\"cursos funtec foto guilherme sircili 2\" class=\"wp-image-49427\" title=\"Ribeir\u00e3o Preto abre 90 vagas para cursos gratuitos de tecnologia e IA 2\" \/><figcaption class=\"wp-element-caption\">(Foto: Guilherme Sircili\/ CCS Ribeir\u00e3o)<\/figcaption><\/figure>\n<\/figure>\n<h2 class=\"wp-block-heading\">Quem pode participar?<\/h2>\n<p>Os cursos atendem <strong>jovens em busca do primeiro emprego<\/strong>, <strong>trabalhadores que procuram recoloca\u00e7\u00e3o profissional<\/strong>, <strong>empreendedores<\/strong>, <strong>profissionais aut\u00f4nomos<\/strong>, <strong>pessoas com mais de 40 ano<\/strong>s e <strong>mulheres interessadas em ampliar os conhecimentos em tecnologia<\/strong>.<\/p>\n<p><strong>N\u00e3o \u00e9 necess\u00e1rio ter experi\u00eancia pr\u00e9via<\/strong>. As aulas utilizam linguagem acess\u00edvel e atendem diferentes perfis de alunos.<\/p>\n<p>Al\u00e9m das aulas gratuitas, os participantes v\u00e3o receber material did\u00e1tico, certificado de conclus\u00e3o e acompanhamento dos instrutores durante toda a forma\u00e7\u00e3o.<\/p>\n<h2 class=\"wp-block-heading\">Como fazer a inscri\u00e7\u00e3o?<\/h2>\n<p>As inscri\u00e7\u00f5es e matr\u00edculas devem ser realizadas presencialmente na sede da Funtec, localizada na rua \u00c1lvares Cabral, 629, no Centro de Ribeir\u00e3o Preto.<\/p>\n<figure class=\"wp-block-image size-large\"><img data-recalc-dims=\"1\" loading=\"lazy\" decoding=\"async\" width=\"1024\" height=\"576\" src=\"https:\/\/i0.wp.com\/www.acidadeon.com\/ribeiraopreto\/wp-content\/uploads\/sites\/3\/2025\/11\/fatec_2025-11-10_20-20-34-1024x576.webp?resize=1024%2C576&#038;ssl=1\" alt=\"Fatec Ribeir\u00e3o Preto - Foto: MariaFuntec Ribeir\u00e3o Preto - Foto: Mariana Queiroz \/ acidadeon na Queiroz \/ acidadeon\" class=\"wp-image-135406\" title=\"Ribeir\u00e3o Preto abre 90 vagas para cursos gratuitos de tecnologia e IA 3\" \/><figcaption class=\"wp-element-caption\">Funtec Ribeir\u00e3o Preto &#8211; Foto: Mariana Queiroz \/ acidadeon <\/figcaption><\/figure>\n<p>As vagas s\u00e3o limitadas e permanecem dispon\u00edveis at\u00e9 o preenchimento das 90 oportunidades.<\/p>\n<hr class=\"wp-block-separator has-alpha-channel-opacity\" \/>\n<p class=\"has-text-align-center has-small-font-size\"><em>Fa\u00e7a uma den\u00fancia ou sugira uma reportagem sobre\u00a0<strong>Ribeir\u00e3o Preto\u00a0<\/strong>e regi\u00e3o por meio do WhatsApp do\u00a0<strong>acidade on Ribeir\u00e3o<\/strong>: (16) 99117-7802.<\/em><\/p>\n<\/p>\n<p>O post Ribeir\u00e3o Preto abre 90 vagas para cursos gratuitos de tecnologia e IA apareceu primeiro em ACidade ON Ribeir\u00e3o Preto.<\/p>\n<p><br \/>\n<br \/><a href=\"https:\/\/www.acidadeon.com\/ribeiraopreto\/economia\/ribeirao-preto-abre-90-vagas-para-cursos-gratuitos-de-tecnologia-e-ia\/\">Link para o texto original aqui <\/a><\/p>\n<!-- CONTENT END 1 -->\n","protected":false},"excerpt":{"rendered":"<p>A Funda\u00e7\u00e3o de Forma\u00e7\u00e3o Tecnol\u00f3gica de Ribeir\u00e3o Preto abriu nesta segunda-feira (13) as inscri\u00e7\u00f5es para 90 vagas em cursos gratuitos de tecnologia e intelig\u00eancia artificial&#8230;.<\/p>\n","protected":false},"author":1,"featured_media":88042,"comment_status":"","ping_status":"","sticky":false,"template":"","format":"standard","meta":{"advanced_seo_description":"","jetpack_seo_html_title":"","jetpack_seo_noindex":false,"jetpack_seo_schema_type":"","_jetpack_newsletter_access":"","_jetpack_dont_email_post_to_subs":false,"_jetpack_newsletter_tier_id":0,"_jetpack_memberships_contains_paywalled_content":false,"_jetpack_feature_clip_id":0,"_jetpack_memberships_contains_paid_content":false,"footnotes":"","jetpack_publicize_message":"","jetpack_publicize_feature_enabled":true,"jetpack_social_post_already_shared":true,"jetpack_social_options":{"image_generator_settings":{"template":"highway","default_image_id":0,"font":"","enabled":false},"version":2},"jetpack_post_was_ever_published":false},"categories":[11],"tags":[210,549,213,1693,71,27,26,1635,143],"class_list":["post-88041","post","type-post","status-publish","format-standard","has-post-thumbnail","hentry","category-noticias-de-ribeirao-preto-sp-e-regiao-ismael-colosi","tag-abre","tag-curso","tag-cursos","tag-gratuitos","tag-para","tag-preto","tag-ribeirao","tag-tecnologia","tag-vagas"],"jetpack_publicize_connections":[],"jetpack-related-posts":[{"id":86966,"url":"https:\/\/noticiasribeiraopreto.com.br\/index.php\/2026\/06\/24\/ribeirao-preto-abre-32-vagas-para-cursos-gratuitos-de-ferias-veja-como-participar\/","url_meta":{"origin":88041,"position":0},"title":"Ribeir\u00e3o Preto abre 32 vagas para cursos gratuitos de f\u00e9rias; veja como participar","author":"noticiasribeiraopreto.com.br","date":"24 de June de 2026","format":false,"excerpt":"O Centro de Qualifica\u00e7\u00e3o Social e Profissional de Ribeir\u00e3o Preto abre na pr\u00f3xima segunda-feira (29) inscri\u00e7\u00f5es para 32 vagas em cursos gratuitos de f\u00e9rias. A iniciativa busca ampliar o acesso \u00e0 qualifica\u00e7\u00e3o profissional, \u00e0 inclus\u00e3o digital e a oportunidades de gera\u00e7\u00e3o de renda. Receba not\u00edcias do\u00a0acidade on Ribeir\u00e3o\u00a0no WhatsApp e\u2026","rel":"","context":"In &quot;Not\u00edcias de Ribeir\u00e3o Preto-SP e Regi\u00e3o&quot;","block_context":{"text":"Not\u00edcias de Ribeir\u00e3o Preto-SP e Regi\u00e3o","link":"https:\/\/noticiasribeiraopreto.com.br\/index.php\/category\/noticias-de-ribeirao-preto-sp-e-regiao-ismael-colosi\/"},"img":{"alt_text":"","src":"https:\/\/i0.wp.com\/noticiasribeiraopreto.com.br\/wp-content\/uploads\/2026\/06\/WhatsApp-Image-2026-06-24-at-13.18.33_2026-06-24_19-00-54.webp.webp?fit=1000%2C667&ssl=1&resize=350%2C200","width":350,"height":200,"srcset":"https:\/\/i0.wp.com\/noticiasribeiraopreto.com.br\/wp-content\/uploads\/2026\/06\/WhatsApp-Image-2026-06-24-at-13.18.33_2026-06-24_19-00-54.webp.webp?fit=1000%2C667&ssl=1&resize=350%2C200 1x, https:\/\/i0.wp.com\/noticiasribeiraopreto.com.br\/wp-content\/uploads\/2026\/06\/WhatsApp-Image-2026-06-24-at-13.18.33_2026-06-24_19-00-54.webp.webp?fit=1000%2C667&ssl=1&resize=525%2C300 1.5x, https:\/\/i0.wp.com\/noticiasribeiraopreto.com.br\/wp-content\/uploads\/2026\/06\/WhatsApp-Image-2026-06-24-at-13.18.33_2026-06-24_19-00-54.webp.webp?fit=1000%2C667&ssl=1&resize=700%2C400 2x"},"classes":[]},{"id":88071,"url":"https:\/\/noticiasribeiraopreto.com.br\/index.php\/2026\/07\/14\/funtec-abre-inscricoes-para-cursos-gratuitos-de-tecnologia-e-inteligencia-artificial\/","url_meta":{"origin":88041,"position":1},"title":"FUNTEC abre inscri\u00e7\u00f5es para cursos gratuitos de tecnologia e intelig\u00eancia artificial","author":"noticiasribeiraopreto.com.br","date":"14 de July de 2026","format":false,"excerpt":"A Prefeitura de Ribeir\u00e3o Preto, por meio da Funda\u00e7\u00e3o de Forma\u00e7\u00e3o Tecnol\u00f3gica (FUNTEC), abriu nesta segunda-feira (13) as inscri\u00e7\u00f5es para tr\u00eas cursos gratuitos de capacita\u00e7\u00e3o digital voltados \u00e0 qualifica\u00e7\u00e3o profissional da popula\u00e7\u00e3o. Ao todo, s\u00e3o 90 vagas, e as matr\u00edculas devem ser realizadas presencialmente na sede da FUNTEC, localizada na\u2026","rel":"","context":"In &quot;Not\u00edcias de Ribeir\u00e3o Preto-SP e Regi\u00e3o&quot;","block_context":{"text":"Not\u00edcias de Ribeir\u00e3o Preto-SP e Regi\u00e3o","link":"https:\/\/noticiasribeiraopreto.com.br\/index.php\/category\/noticias-de-ribeirao-preto-sp-e-regiao-ismael-colosi\/"},"img":{"alt_text":"","src":"https:\/\/i0.wp.com\/noticiasribeiraopreto.com.br\/wp-content\/uploads\/2026\/07\/funtec_cursos_-_foto_guilherme_sircili1.jpg?fit=1200%2C799&ssl=1&resize=350%2C200","width":350,"height":200,"srcset":"https:\/\/i0.wp.com\/noticiasribeiraopreto.com.br\/wp-content\/uploads\/2026\/07\/funtec_cursos_-_foto_guilherme_sircili1.jpg?fit=1200%2C799&ssl=1&resize=350%2C200 1x, https:\/\/i0.wp.com\/noticiasribeiraopreto.com.br\/wp-content\/uploads\/2026\/07\/funtec_cursos_-_foto_guilherme_sircili1.jpg?fit=1200%2C799&ssl=1&resize=525%2C300 1.5x, https:\/\/i0.wp.com\/noticiasribeiraopreto.com.br\/wp-content\/uploads\/2026\/07\/funtec_cursos_-_foto_guilherme_sircili1.jpg?fit=1200%2C799&ssl=1&resize=700%2C400 2x, https:\/\/i0.wp.com\/noticiasribeiraopreto.com.br\/wp-content\/uploads\/2026\/07\/funtec_cursos_-_foto_guilherme_sircili1.jpg?fit=1200%2C799&ssl=1&resize=1050%2C600 3x"},"classes":[]},{"id":85435,"url":"https:\/\/noticiasribeiraopreto.com.br\/index.php\/2026\/05\/05\/funtec-abre-novas-vagas-para-cursos-gratuitos-em-ribeirao-preto\/","url_meta":{"origin":88041,"position":2},"title":"FUNTEC abre novas vagas para cursos gratuitos em Ribeir\u00e3o Preto &#8211; THMais","author":"noticiasribeiraopreto.com.br","date":"5 de May de 2026","format":false,"excerpt":"A Prefeitura de Ribeir\u00e3o Preto, por meio da Funda\u00e7\u00e3o de Educa\u00e7\u00e3o para o Trabalho (FUNTEC), est\u00e1 com inscri\u00e7\u00f5es abertas para cursos gratuitos de qualifica\u00e7\u00e3o profissional. A iniciativa tem como objetivo ampliar o acesso \u00e0 forma\u00e7\u00e3o, incentivar a inclus\u00e3o produtiva e preparar os participantes para novas oportunidades no mercado de trabalho.Entre\u2026","rel":"","context":"In &quot;Not\u00edcias de Ribeir\u00e3o Preto-SP e Regi\u00e3o&quot;","block_context":{"text":"Not\u00edcias de Ribeir\u00e3o Preto-SP e Regi\u00e3o","link":"https:\/\/noticiasribeiraopreto.com.br\/index.php\/category\/noticias-de-ribeirao-preto-sp-e-regiao-ismael-colosi\/"},"img":{"alt_text":"","src":"https:\/\/i0.wp.com\/noticiasribeiraopreto.com.br\/wp-content\/uploads\/2026\/05\/11_funtec_cursos_-_foto_guilherme_sircili_1903_2.jpg?fit=1200%2C799&ssl=1&resize=350%2C200","width":350,"height":200,"srcset":"https:\/\/i0.wp.com\/noticiasribeiraopreto.com.br\/wp-content\/uploads\/2026\/05\/11_funtec_cursos_-_foto_guilherme_sircili_1903_2.jpg?fit=1200%2C799&ssl=1&resize=350%2C200 1x, https:\/\/i0.wp.com\/noticiasribeiraopreto.com.br\/wp-content\/uploads\/2026\/05\/11_funtec_cursos_-_foto_guilherme_sircili_1903_2.jpg?fit=1200%2C799&ssl=1&resize=525%2C300 1.5x, https:\/\/i0.wp.com\/noticiasribeiraopreto.com.br\/wp-content\/uploads\/2026\/05\/11_funtec_cursos_-_foto_guilherme_sircili_1903_2.jpg?fit=1200%2C799&ssl=1&resize=700%2C400 2x, https:\/\/i0.wp.com\/noticiasribeiraopreto.com.br\/wp-content\/uploads\/2026\/05\/11_funtec_cursos_-_foto_guilherme_sircili_1903_2.jpg?fit=1200%2C799&ssl=1&resize=1050%2C600 3x"},"classes":[]},{"id":88164,"url":"https:\/\/noticiasribeiraopreto.com.br\/index.php\/2026\/07\/15\/multinacional-abre-inscricoes-para-curso-gratuito-de-qualificacao-em-ribeirao\/","url_meta":{"origin":88041,"position":3},"title":"Multinacional abre inscri\u00e7\u00f5es para curso gratuito de qualifica\u00e7\u00e3o em Ribeir\u00e3o","author":"noticiasribeiraopreto.com.br","date":"15 de July de 2026","format":false,"excerpt":"A multinacional 3M, por meio do Instituto 3M, est\u00e1 com inscri\u00e7\u00f5es abertas para um curso gratuito em Ribeir\u00e3o Preto voltado \u00e0 qualifica\u00e7\u00e3o profissional de jovens de baixa renda. Na cidade, s\u00e3o oferecidas 20 vagas para o curso de assistente de produ\u00e7\u00e3o industrial, com aulas realizadas na unidade da empresa \u2013\u2026","rel":"","context":"In &quot;Not\u00edcias de Ribeir\u00e3o Preto-SP e Regi\u00e3o&quot;","block_context":{"text":"Not\u00edcias de Ribeir\u00e3o Preto-SP e Regi\u00e3o","link":"https:\/\/noticiasribeiraopreto.com.br\/index.php\/category\/noticias-de-ribeirao-preto-sp-e-regiao-ismael-colosi\/"},"img":{"alt_text":"","src":"https:\/\/i0.wp.com\/noticiasribeiraopreto.com.br\/wp-content\/uploads\/2026\/07\/pets-3.jpg?fit=1200%2C675&ssl=1&resize=350%2C200","width":350,"height":200,"srcset":"https:\/\/i0.wp.com\/noticiasribeiraopreto.com.br\/wp-content\/uploads\/2026\/07\/pets-3.jpg?fit=1200%2C675&ssl=1&resize=350%2C200 1x, https:\/\/i0.wp.com\/noticiasribeiraopreto.com.br\/wp-content\/uploads\/2026\/07\/pets-3.jpg?fit=1200%2C675&ssl=1&resize=525%2C300 1.5x, https:\/\/i0.wp.com\/noticiasribeiraopreto.com.br\/wp-content\/uploads\/2026\/07\/pets-3.jpg?fit=1200%2C675&ssl=1&resize=700%2C400 2x, https:\/\/i0.wp.com\/noticiasribeiraopreto.com.br\/wp-content\/uploads\/2026\/07\/pets-3.jpg?fit=1200%2C675&ssl=1&resize=1050%2C600 3x"},"classes":[]},{"id":87078,"url":"https:\/\/noticiasribeiraopreto.com.br\/index.php\/2026\/06\/26\/curso-gratuito-de-empreendedorismo-abre-500-vagas-para-moradores-de-ribeirao-preto\/","url_meta":{"origin":88041,"position":4},"title":"Curso gratuito de empreendedorismo abre 500 vagas para moradores de Ribeir\u00e3o Preto","author":"noticiasribeiraopreto.com.br","date":"26 de June de 2026","format":false,"excerpt":"Moradores de Ribeir\u00e3o Preto e regi\u00e3o podem se inscrever at\u00e9 a pr\u00f3xima ter\u00e7a-feira (30) no curso gratuito de empreendedorismo do Qualifica SP \u2013 Empreenda, programa da Secretaria de Desenvolvimento Econ\u00f4mico do Estado de S\u00e3o Paulo. Nesta etapa, o programa oferece 500 vagas. Ao longo do ano, a iniciativa disponibilizar\u00e1 2\u2026","rel":"","context":"In &quot;Not\u00edcias de Ribeir\u00e3o Preto-SP e Regi\u00e3o&quot;","block_context":{"text":"Not\u00edcias de Ribeir\u00e3o Preto-SP e Regi\u00e3o","link":"https:\/\/noticiasribeiraopreto.com.br\/index.php\/category\/noticias-de-ribeirao-preto-sp-e-regiao-ismael-colosi\/"},"img":{"alt_text":"","src":"https:\/\/i0.wp.com\/noticiasribeiraopreto.com.br\/wp-content\/uploads\/2026\/06\/IMAGENS-FORTES-6_2026-06-26_20-51-11.webp.webp?fit=1200%2C675&ssl=1&resize=350%2C200","width":350,"height":200,"srcset":"https:\/\/i0.wp.com\/noticiasribeiraopreto.com.br\/wp-content\/uploads\/2026\/06\/IMAGENS-FORTES-6_2026-06-26_20-51-11.webp.webp?fit=1200%2C675&ssl=1&resize=350%2C200 1x, https:\/\/i0.wp.com\/noticiasribeiraopreto.com.br\/wp-content\/uploads\/2026\/06\/IMAGENS-FORTES-6_2026-06-26_20-51-11.webp.webp?fit=1200%2C675&ssl=1&resize=525%2C300 1.5x, https:\/\/i0.wp.com\/noticiasribeiraopreto.com.br\/wp-content\/uploads\/2026\/06\/IMAGENS-FORTES-6_2026-06-26_20-51-11.webp.webp?fit=1200%2C675&ssl=1&resize=700%2C400 2x, https:\/\/i0.wp.com\/noticiasribeiraopreto.com.br\/wp-content\/uploads\/2026\/06\/IMAGENS-FORTES-6_2026-06-26_20-51-11.webp.webp?fit=1200%2C675&ssl=1&resize=1050%2C600 3x"},"classes":[]},{"id":26311,"url":"https:\/\/noticiasribeiraopreto.com.br\/index.php\/2024\/01\/09\/funtec-abre-600-vagas-para-cursos-profissionais-gratuitos-em-ribeirao-preto-confira-as-oportunidades\/","url_meta":{"origin":88041,"position":5},"title":"Funtec abre 600 vagas para cursos profissionais gratuitos em Ribeir\u00e3o Preto; Confira as oportunidades","author":"noticiasribeiraopreto.com.br","date":"9 de January de 2024","format":false,"excerpt":"A Funtec (Funda\u00e7\u00e3o de Forma\u00e7\u00e3o Tecnol\u00f3gica) de Ribeir\u00e3o Preto est\u00e1 com 600 vagas abertas para quem busca uma oportunidade de qualifica\u00e7\u00e3o e aprimoramento profissional. De acordo com a Prefeitura de Ribeir\u00e3o Preto, os interessados podem escolher entre 29 cursos que est\u00e3o dispon\u00edveis de forma gratuita. Os cursos ser\u00e3o oferecidos em\u2026","rel":"","context":"In &quot;Not\u00edcias de Ribeir\u00e3o Preto-SP e Regi\u00e3o&quot;","block_context":{"text":"Not\u00edcias de Ribeir\u00e3o Preto-SP e Regi\u00e3o","link":"https:\/\/noticiasribeiraopreto.com.br\/index.php\/category\/noticias-de-ribeirao-preto-sp-e-regiao-ismael-colosi\/"},"img":{"alt_text":"","src":"https:\/\/i0.wp.com\/noticiasribeiraopreto.com.br\/wp-content\/uploads\/2024\/01\/novas_turmas_funtec_foto_guilherme_sircili_2.jpg?fit=1200%2C799&ssl=1&resize=350%2C200","width":350,"height":200,"srcset":"https:\/\/i0.wp.com\/noticiasribeiraopreto.com.br\/wp-content\/uploads\/2024\/01\/novas_turmas_funtec_foto_guilherme_sircili_2.jpg?fit=1200%2C799&ssl=1&resize=350%2C200 1x, https:\/\/i0.wp.com\/noticiasribeiraopreto.com.br\/wp-content\/uploads\/2024\/01\/novas_turmas_funtec_foto_guilherme_sircili_2.jpg?fit=1200%2C799&ssl=1&resize=525%2C300 1.5x, https:\/\/i0.wp.com\/noticiasribeiraopreto.com.br\/wp-content\/uploads\/2024\/01\/novas_turmas_funtec_foto_guilherme_sircili_2.jpg?fit=1200%2C799&ssl=1&resize=700%2C400 2x, https:\/\/i0.wp.com\/noticiasribeiraopreto.com.br\/wp-content\/uploads\/2024\/01\/novas_turmas_funtec_foto_guilherme_sircili_2.jpg?fit=1200%2C799&ssl=1&resize=1050%2C600 3x"},"classes":[]}],"jetpack_sharing_enabled":true,"jetpack_shortlink":"https:\/\/wp.me\/peQAOb-mU1","jetpack_featured_media_url":"https:\/\/i0.wp.com\/noticiasribeiraopreto.com.br\/wp-content\/uploads\/2026\/07\/1cursos_funtec_-_foto_guilherme_sircili_33.jpg?fit=1622%2C1080&ssl=1","_links":{"self":[{"href":"https:\/\/noticiasribeiraopreto.com.br\/index.php\/wp-json\/wp\/v2\/posts\/88041","targetHints":{"allow":["GET"]}}],"collection":[{"href":"https:\/\/noticiasribeiraopreto.com.br\/index.php\/wp-json\/wp\/v2\/posts"}],"about":[{"href":"https:\/\/noticiasribeiraopreto.com.br\/index.php\/wp-json\/wp\/v2\/types\/post"}],"author":[{"embeddable":true,"href":"https:\/\/noticiasribeiraopreto.com.br\/index.php\/wp-json\/wp\/v2\/users\/1"}],"replies":[{"embeddable":true,"href":"https:\/\/noticiasribeiraopreto.com.br\/index.php\/wp-json\/wp\/v2\/comments?post=88041"}],"version-history":[{"count":0,"href":"https:\/\/noticiasribeiraopreto.com.br\/index.php\/wp-json\/wp\/v2\/posts\/88041\/revisions"}],"wp:featuredmedia":[{"embeddable":true,"href":"https:\/\/noticiasribeiraopreto.com.br\/index.php\/wp-json\/wp\/v2\/media\/88042"}],"wp:attachment":[{"href":"https:\/\/noticiasribeiraopreto.com.br\/index.php\/wp-json\/wp\/v2\/media?parent=88041"}],"wp:term":[{"taxonomy":"category","embeddable":true,"href":"https:\/\/noticiasribeiraopreto.com.br\/index.php\/wp-json\/wp\/v2\/categories?post=88041"},{"taxonomy":"post_tag","embeddable":true,"href":"https:\/\/noticiasribeiraopreto.com.br\/index.php\/wp-json\/wp\/v2\/tags?post=88041"}],"curies":[{"name":"wp","href":"https:\/\/api.w.org\/{rel}","templated":true}]}}