{"id":88047,"date":"2026-07-13T18:19:11","date_gmt":"2026-07-13T21:19:11","guid":{"rendered":"https:\/\/noticiasribeiraopreto.com.br\/index.php\/2026\/07\/13\/michel-telo-e-o-primeiro-nome-confirmado-do-palco-camping-da-festa-do-peao-de-barretos\/"},"modified":"2026-07-13T18:19:11","modified_gmt":"2026-07-13T21:19:11","slug":"michel-telo-e-o-primeiro-nome-confirmado-do-palco-camping-da-festa-do-peao-de-barretos","status":"publish","type":"post","link":"https:\/\/noticiasribeiraopreto.com.br\/index.php\/2026\/07\/13\/michel-telo-e-o-primeiro-nome-confirmado-do-palco-camping-da-festa-do-peao-de-barretos\/","title":{"rendered":"Michel Tel\u00f3 \u00e9 o primeiro nome confirmado do Palco Camping da Festa do Pe\u00e3o de Barretos"},"content":{"rendered":"<div class='code-block code-block-1' style='margin: 8px 0 8px auto; text-align: right; display: block; clear: both;'>\n<p><a href=\"https:\/\/wa.link\/vpicfd\"><img data-recalc-dims=\"1\" class=\"wp-image-4922\" style=\"aspect-ratio: 2.0253164556962027; width: 561px; height: auto;\" src=\"https:\/\/i0.wp.com\/ismaelcolosi.com.br\/wp-content\/uploads\/2023\/11\/grupo-de-empregos-whatsapp-e-facebook-ismael-colosi-vagas.jpg?ssl=1\" alt=\"\" \/><\/a><\/p>\n<!-- \/wp:image -->\n<\/div>\n<p> <br \/>\n<\/p>\n<p>O cantor<strong> Michel Tel\u00f3<\/strong> \u00e9 o primeiro artista confirmado a se apresentar no <strong>palco camping<\/strong> da edi\u00e7\u00e3o <strong>71\u00aa Festa do Pe\u00e3o de Barretos<\/strong>. A apresenta\u00e7\u00e3o est\u00e1 marcada para o <strong>dia 29 de agosto<\/strong>, a partir das 16h30, com o projeto &#8220;<strong>Sertanejinho do Tel\u00f3<\/strong>&#8220;.<\/p>\n<p>De acordo com a organiza\u00e7\u00e3o, o show ser\u00e1 realizado na <strong>\u00e1rea do camping<\/strong>, localizada dentro do Parque do Pe\u00e3o, e <strong>\u00e9 voltado aos h\u00f3spedes que optarem por permanecer no local durante o evento<\/strong>.<\/p>\n<p>A <strong>Festa do Pe\u00e3o de Barretos<\/strong> ser\u00e1 realizada entre os dias 20 e 30 de agosto. Os ingressos para os shows e os passaportes para o camping est\u00e3o \u00e0 venda de forma online \u2013 <a href=\"https:\/\/barretos.totalacesso.com\/\" target=\"_blank\" data-type=\"link\" data-id=\"https:\/\/barretos.totalacesso.com\/\" rel=\"noreferrer noopener\">clique aqui para acessar<\/a>.<\/p>\n<figure class=\"wp-block-gallery has-nested-images columns-default is-cropped wp-block-gallery-1 is-layout-flex wp-block-gallery-is-layout-flex\">\n<figure class=\"wp-block-image size-large\"><figcaption class=\"wp-element-caption\">Festa do Pe\u00e3o de Barretos &#8211; Foto: Andr\u00e9 Monteiro.<\/figcaption><\/figure>\n<figure class=\"wp-block-image size-large\"><img data-recalc-dims=\"1\" loading=\"lazy\" decoding=\"async\" width=\"1024\" height=\"683\" data-id=\"126947\" src=\"https:\/\/i0.wp.com\/www.acidadeon.com\/ribeiraopreto\/wp-content\/uploads\/sites\/3\/2025\/08\/68ab3ac081043-1024x683.webp?resize=1024%2C683&#038;ssl=1\" alt=\"Festa do Pe\u00e3o de Barretos - Foto: Andr\u00e9 Monteiro.\" class=\"wp-image-126947\" title=\"Michel Tel\u00f3 \u00e9 o primeiro nome confirmado do Palco Camping da Festa do Pe\u00e3o de Barretos 2\" \/><figcaption class=\"wp-element-caption\">Festa do Pe\u00e3o de Barretos &#8211; Foto: Andr\u00e9 Monteiro.<\/figcaption><\/figure>\n<\/figure>\n<p class=\"has-text-align-center has-cyan-bluish-gray-background-color has-background\"><em>Receba not\u00edcias do&nbsp;<strong>acidade on Ribeir\u00e3o&nbsp;<\/strong>no WhatsApp e fique por dentro de tudo! Basta acessar o link<a href=\"https:\/\/chat.whatsapp.com\/DfXwcjKVIddHUT3BvnQuPZ?mode=hqctshi\" target=\"_blank\" rel=\"noreferrer noopener\">&nbsp;aqu<\/a>i!<\/em><\/p>\n<h2 class=\"wp-block-heading\"><strong>Al\u00e9m de Michel Tel\u00f3, palco camping ter\u00e1 mais de 35 apresenta\u00e7\u00f5es<\/strong><\/h2>\n<p>Al\u00e9m da confirma\u00e7\u00e3o de <strong>Michel Tel\u00f3<\/strong>, a organiza\u00e7\u00e3o informou que o palco camping contar\u00e1 com mais de 35 shows ao longo dos 11 dias de festa. <strong><mark style=\"background-color:#fcb900\" class=\"has-inline-color\">A programa\u00e7\u00e3o completa ser\u00e1 divulgada nos pr\u00f3ximos dias.<\/mark><\/strong><\/p>\n<blockquote class=\"wp-block-quote is-layout-flow wp-block-quote-is-layout-flow\">\n<p>&#8220;O palco do camping cresce a cada edi\u00e7\u00e3o e se tornou um espa\u00e7o muito esperado por quem vive a Festa dessa forma. \u00c9 muito gratificante ver que grandes artistas abra\u00e7aram essa proposta e preparam apresenta\u00e7\u00f5es exclusivas para esse p\u00fablico, criando uma conex\u00e3o diferente e tornando a experi\u00eancia dos campistas ainda mais especial&#8221;, afirmou Pedro Muzeti, diretor cultural de Os Independentes.<\/p>\n<\/blockquote>\n<p>O camping oficial da Festa do Pe\u00e3o de Barretos fica dentro do Parque do Pe\u00e3o e re\u00fane milhares de pessoas durante os 11 dias do evento. <strong>Al\u00e9m da estrutura de hospedagem, os h\u00f3spedes t\u00eam acesso a uma programa\u00e7\u00e3o exclusiva de shows.<\/strong><\/p>\n<figure class=\"wp-block-gallery has-nested-images columns-default is-cropped wp-block-gallery-2 is-layout-flex wp-block-gallery-is-layout-flex\">\n<figure class=\"wp-block-image size-large\"><img data-recalc-dims=\"1\" loading=\"lazy\" decoding=\"async\" width=\"1024\" height=\"576\" data-id=\"165579\" src=\"https:\/\/i0.wp.com\/www.acidadeon.com\/ribeiraopreto\/wp-content\/uploads\/sites\/3\/2026\/07\/michel-telo-1024x576.jpg?resize=1024%2C576&#038;ssl=1\" alt=\"Michel Tel\u00f3 \u00e9 o primeiro artista confirmado no palco camping - Foto: reprodu\u00e7\u00e3o\/ redes sociais.\" class=\"wp-image-165579\" title=\"Michel Tel\u00f3 \u00e9 o primeiro nome confirmado do Palco Camping da Festa do Pe\u00e3o de Barretos 3\" \/><figcaption class=\"wp-element-caption\">Michel Tel\u00f3 \u00e9 o primeiro artista confirmado no palco camping &#8211; Foto: reprodu\u00e7\u00e3o\/ redes sociais.<\/figcaption><\/figure>\n<figure class=\"wp-block-image size-large\"><img data-recalc-dims=\"1\" loading=\"lazy\" decoding=\"async\" width=\"1024\" height=\"682\" data-id=\"126550\" src=\"https:\/\/i0.wp.com\/www.acidadeon.com\/ribeiraopreto\/wp-content\/uploads\/sites\/3\/2025\/08\/festa-do-peao-de-barretos_2025-08-21_12-59-14.webp?resize=1024%2C682&#038;ssl=1\" alt=\"Festa do Pe\u00e3o de Barretos - Foto: Alisson Dem\u00e9trio.\" class=\"wp-image-126550\" title=\"Michel Tel\u00f3 \u00e9 o primeiro nome confirmado do Palco Camping da Festa do Pe\u00e3o de Barretos 4\" \/><figcaption class=\"wp-element-caption\">Festa do Pe\u00e3o de Barretos &#8211; Foto: Alisson Dem\u00e9trio.<\/figcaption><\/figure>\n<\/figure>\n<h3 class=\"wp-block-heading\"><strong>Servi\u00e7o<\/strong><\/h3>\n<p><em>71\u00aa Festa do Pe\u00e3o de Barretos<\/em><\/p>\n<p>Quando: 20 a 30 de agosto de 2026<\/p>\n<p>Local: Parque do Pe\u00e3o \u2013 Barretos<\/p>\n<p>Camping oficial: dentro do Parque do Pe\u00e3o, com acesso exclusivo aos h\u00f3spedes e programa\u00e7\u00e3o pr\u00f3pria de shows<\/p>\n<p>Ingressos: clique aqui<\/p>\n<p class=\"has-text-align-center has-cyan-bluish-gray-background-color has-background\"><em>Fa\u00e7a uma den\u00fancia ou sugira uma reportagem sobre&nbsp;<strong>Ribeir\u00e3o Preto&nbsp;<\/strong>e regi\u00e3o por meio do WhatsApp do&nbsp;<strong>acidade on Ribeir\u00e3o<\/strong>: (16) 99117-7802.<\/em><\/p>\n<p>O post Michel Tel\u00f3 \u00e9 o primeiro nome confirmado do Palco Camping da Festa do Pe\u00e3o de Barretos apareceu primeiro em ACidade ON Ribeir\u00e3o Preto.<\/p>\n<p><br \/>\n<br \/><a href=\"https:\/\/www.acidadeon.com\/ribeiraopreto\/lazer-e-cultura\/michel-telo-e-o-primeiro-nome-confirmado-do-palco-camping-da-festa-do-peao-de-barretos\/\">Link para o texto original aqui <\/a><\/p>\n<!-- CONTENT END 1 -->\n","protected":false},"excerpt":{"rendered":"<p>O cantor Michel Tel\u00f3 \u00e9 o primeiro artista confirmado a se apresentar no palco camping da edi\u00e7\u00e3o 71\u00aa Festa do Pe\u00e3o de Barretos. A apresenta\u00e7\u00e3o&#8230;<\/p>\n","protected":false},"author":1,"featured_media":88048,"comment_status":"","ping_status":"","sticky":false,"template":"","format":"standard","meta":{"advanced_seo_description":"","jetpack_seo_html_title":"","jetpack_seo_noindex":false,"jetpack_seo_schema_type":"","_jetpack_newsletter_access":"","_jetpack_dont_email_post_to_subs":false,"_jetpack_newsletter_tier_id":0,"_jetpack_memberships_contains_paywalled_content":false,"_jetpack_feature_clip_id":0,"_jetpack_memberships_contains_paid_content":false,"footnotes":"","jetpack_publicize_message":"","jetpack_publicize_feature_enabled":true,"jetpack_social_post_already_shared":true,"jetpack_social_options":{"image_generator_settings":{"template":"highway","default_image_id":0,"font":"","enabled":false},"version":2},"jetpack_post_was_ever_published":false},"categories":[11],"tags":[3023,7683,5479,2017,7681,7680,1804,2650,3641,2279,7682],"class_list":["post-88047","post","type-post","status-publish","format-standard","has-post-thumbnail","hentry","category-noticias-de-ribeirao-preto-sp-e-regiao-ismael-colosi","tag-barretos","tag-camping","tag-confirmado","tag-festa","tag-michel","tag-michel-telo","tag-nome","tag-palco","tag-peao","tag-primeiro","tag-telo"],"jetpack_publicize_connections":[],"jetpack-related-posts":[{"id":88235,"url":"https:\/\/noticiasribeiraopreto.com.br\/index.php\/2026\/07\/16\/festa-do-peao-de-barretos-divulga-programacao-completa-do-palco-camping-veja-atracoes\/","url_meta":{"origin":88047,"position":0},"title":"Festa do Pe\u00e3o de Barretos divulga programa\u00e7\u00e3o completa do palco Camping; Veja atra\u00e7\u00f5es","author":"noticiasribeiraopreto.com.br","date":"16 de July de 2026","format":false,"excerpt":"A 71\u00aa Festa do Pe\u00e3o de Barretos divulgou nessa quarta-feira (16), a programa\u00e7\u00e3o completa de shows do palco Camping. Ao todo, ser\u00e3o mais de 35 apresenta\u00e7\u00f5es, incluindo projetos exclusivos e atra\u00e7\u00f5es in\u00e9ditas no evento para os hospedes do Parque do Pe\u00e3o. Entre os destaques est\u00e3o o projeto \u201cNattan no Camping\u201c,\u2026","rel":"","context":"In &quot;Not\u00edcias de Ribeir\u00e3o Preto-SP e Regi\u00e3o&quot;","block_context":{"text":"Not\u00edcias de Ribeir\u00e3o Preto-SP e Regi\u00e3o","link":"https:\/\/noticiasribeiraopreto.com.br\/index.php\/category\/noticias-de-ribeirao-preto-sp-e-regiao-ismael-colosi\/"},"img":{"alt_text":"","src":"https:\/\/i0.wp.com\/noticiasribeiraopreto.com.br\/wp-content\/uploads\/2026\/07\/barretos-camping.jpg?fit=1200%2C675&ssl=1&resize=350%2C200","width":350,"height":200,"srcset":"https:\/\/i0.wp.com\/noticiasribeiraopreto.com.br\/wp-content\/uploads\/2026\/07\/barretos-camping.jpg?fit=1200%2C675&ssl=1&resize=350%2C200 1x, https:\/\/i0.wp.com\/noticiasribeiraopreto.com.br\/wp-content\/uploads\/2026\/07\/barretos-camping.jpg?fit=1200%2C675&ssl=1&resize=525%2C300 1.5x, https:\/\/i0.wp.com\/noticiasribeiraopreto.com.br\/wp-content\/uploads\/2026\/07\/barretos-camping.jpg?fit=1200%2C675&ssl=1&resize=700%2C400 2x, https:\/\/i0.wp.com\/noticiasribeiraopreto.com.br\/wp-content\/uploads\/2026\/07\/barretos-camping.jpg?fit=1200%2C675&ssl=1&resize=1050%2C600 3x"},"classes":[]},{"id":88114,"url":"https:\/\/noticiasribeiraopreto.com.br\/index.php\/2026\/07\/14\/festa-do-peao-de-barretos-confirma-show-de-nattan-no-palco-camping\/","url_meta":{"origin":88047,"position":1},"title":"Festa do Pe\u00e3o de Barretos confirma show de Nattan no Palco Camping","author":"noticiasribeiraopreto.com.br","date":"14 de July de 2026","format":false,"excerpt":"A Festa do Pe\u00e3o de Barretos confirmou, nesta ter\u00e7a-feira (14), o cantor Nattan no palco camping no dia 22 de agosto, \u00e0s 16h30, com o projeto \u201cNattan no Camping\u201d. Al\u00e9m dele, Michel Tel\u00f3 tamb\u00e9m j\u00e1 est\u00e1 confirmado no espa\u00e7o. Conhecido pela intera\u00e7\u00e3o com o p\u00fablico e pelo repert\u00f3rio de sucessos,\u2026","rel":"","context":"In &quot;Not\u00edcias de Ribeir\u00e3o Preto-SP e Regi\u00e3o&quot;","block_context":{"text":"Not\u00edcias de Ribeir\u00e3o Preto-SP e Regi\u00e3o","link":"https:\/\/noticiasribeiraopreto.com.br\/index.php\/category\/noticias-de-ribeirao-preto-sp-e-regiao-ismael-colosi\/"},"img":{"alt_text":"","src":"https:\/\/i0.wp.com\/noticiasribeiraopreto.com.br\/wp-content\/uploads\/2026\/07\/rainha-barretos-3.jpg?fit=1200%2C675&ssl=1&resize=350%2C200","width":350,"height":200,"srcset":"https:\/\/i0.wp.com\/noticiasribeiraopreto.com.br\/wp-content\/uploads\/2026\/07\/rainha-barretos-3.jpg?fit=1200%2C675&ssl=1&resize=350%2C200 1x, https:\/\/i0.wp.com\/noticiasribeiraopreto.com.br\/wp-content\/uploads\/2026\/07\/rainha-barretos-3.jpg?fit=1200%2C675&ssl=1&resize=525%2C300 1.5x, https:\/\/i0.wp.com\/noticiasribeiraopreto.com.br\/wp-content\/uploads\/2026\/07\/rainha-barretos-3.jpg?fit=1200%2C675&ssl=1&resize=700%2C400 2x, https:\/\/i0.wp.com\/noticiasribeiraopreto.com.br\/wp-content\/uploads\/2026\/07\/rainha-barretos-3.jpg?fit=1200%2C675&ssl=1&resize=1050%2C600 3x"},"classes":[]},{"id":55451,"url":"https:\/\/noticiasribeiraopreto.com.br\/index.php\/2024\/08\/01\/e-o-tchan-esta-confirmado-em-trio-eletrico-na-festa-do-peao-de-barretos\/","url_meta":{"origin":88047,"position":2},"title":"\u00c9 o Tchan est\u00e1 confirmado em trio el\u00e9trico na Festa do Pe\u00e3o de Barretos","author":"noticiasribeiraopreto.com.br","date":"1 de August de 2024","format":false,"excerpt":"O grupo \u00c9 o Tchan est\u00e1 confirmado entre as atra\u00e7\u00f5es do trio el\u00e9trico que vai desfilar pelas ruas do Parque do Pe\u00e3o, durante a Festa do Pe\u00e3o de Barretos. Al\u00e9m do grupo, tamb\u00e9m estar\u00e3o no evento Michel Tel\u00f3, Banda Eva e Claudia Leitte. O Barret\u00e3o El\u00e9trico acontece nos dias 16,\u2026","rel":"","context":"In &quot;Not\u00edcias de Ribeir\u00e3o Preto-SP e Regi\u00e3o&quot;","block_context":{"text":"Not\u00edcias de Ribeir\u00e3o Preto-SP e Regi\u00e3o","link":"https:\/\/noticiasribeiraopreto.com.br\/index.php\/category\/noticias-de-ribeirao-preto-sp-e-regiao-ismael-colosi\/"},"img":{"alt_text":"","src":"https:\/\/i0.wp.com\/noticiasribeiraopreto.com.br\/wp-content\/uploads\/2024\/08\/e-o-tchan_2024-08-02_00-06-04_jpeg_2024-08-02_00-06-05.webp.webp?fit=1200%2C674&ssl=1&resize=350%2C200","width":350,"height":200,"srcset":"https:\/\/i0.wp.com\/noticiasribeiraopreto.com.br\/wp-content\/uploads\/2024\/08\/e-o-tchan_2024-08-02_00-06-04_jpeg_2024-08-02_00-06-05.webp.webp?fit=1200%2C674&ssl=1&resize=350%2C200 1x, https:\/\/i0.wp.com\/noticiasribeiraopreto.com.br\/wp-content\/uploads\/2024\/08\/e-o-tchan_2024-08-02_00-06-04_jpeg_2024-08-02_00-06-05.webp.webp?fit=1200%2C674&ssl=1&resize=525%2C300 1.5x, https:\/\/i0.wp.com\/noticiasribeiraopreto.com.br\/wp-content\/uploads\/2024\/08\/e-o-tchan_2024-08-02_00-06-04_jpeg_2024-08-02_00-06-05.webp.webp?fit=1200%2C674&ssl=1&resize=700%2C400 2x, https:\/\/i0.wp.com\/noticiasribeiraopreto.com.br\/wp-content\/uploads\/2024\/08\/e-o-tchan_2024-08-02_00-06-04_jpeg_2024-08-02_00-06-05.webp.webp?fit=1200%2C674&ssl=1&resize=1050%2C600 3x"},"classes":[]},{"id":90277,"url":"https:\/\/noticiasribeiraopreto.com.br\/index.php\/2026\/08\/20\/festa-do-peao-de-barretos-comeca-hoje-veja-o-line-up\/","url_meta":{"origin":88047,"position":3},"title":"Festa do Pe\u00e3o de Barretos come\u00e7a hoje; veja o line-up","author":"noticiasribeiraopreto.com.br","date":"20 de August de 2026","format":false,"excerpt":"A 71\u00aa Festa do Pe\u00e3o de Boiadeiro de Barretos come\u00e7a nesta quinta-feira (20) e segue at\u00e9 30 de agosto no Parque do Pe\u00e3o, em Barretos. Ao longo dos 11 dias, artistas do sertanejo, pagode e ax\u00e9, al\u00e9m de DJs, v\u00e3o se dividir entre os diferentes palcos do evento. Receba not\u00edcias\u2026","rel":"","context":"In &quot;Not\u00edcias de Ribeir\u00e3o Preto-SP e Regi\u00e3o&quot;","block_context":{"text":"Not\u00edcias de Ribeir\u00e3o Preto-SP e Regi\u00e3o","link":"https:\/\/noticiasribeiraopreto.com.br\/index.php\/category\/noticias-de-ribeirao-preto-sp-e-regiao-ismael-colosi\/"},"img":{"alt_text":"","src":"https:\/\/i0.wp.com\/noticiasribeiraopreto.com.br\/wp-content\/uploads\/2026\/08\/WhatsApp-Image-2026-05-03-at-12.59.54_2026-05-03_16-07-05.webp.webp?fit=1200%2C675&ssl=1&resize=350%2C200","width":350,"height":200,"srcset":"https:\/\/i0.wp.com\/noticiasribeiraopreto.com.br\/wp-content\/uploads\/2026\/08\/WhatsApp-Image-2026-05-03-at-12.59.54_2026-05-03_16-07-05.webp.webp?fit=1200%2C675&ssl=1&resize=350%2C200 1x, https:\/\/i0.wp.com\/noticiasribeiraopreto.com.br\/wp-content\/uploads\/2026\/08\/WhatsApp-Image-2026-05-03-at-12.59.54_2026-05-03_16-07-05.webp.webp?fit=1200%2C675&ssl=1&resize=525%2C300 1.5x, https:\/\/i0.wp.com\/noticiasribeiraopreto.com.br\/wp-content\/uploads\/2026\/08\/WhatsApp-Image-2026-05-03-at-12.59.54_2026-05-03_16-07-05.webp.webp?fit=1200%2C675&ssl=1&resize=700%2C400 2x, https:\/\/i0.wp.com\/noticiasribeiraopreto.com.br\/wp-content\/uploads\/2026\/08\/WhatsApp-Image-2026-05-03-at-12.59.54_2026-05-03_16-07-05.webp.webp?fit=1200%2C675&ssl=1&resize=1050%2C600 3x"},"classes":[]},{"id":90504,"url":"https:\/\/noticiasribeiraopreto.com.br\/index.php\/2026\/08\/24\/sertanejo-romantico-encerra-primeiro-fim-de-semana-da-festa-do-peao-de-barretos-veja-destaques\/","url_meta":{"origin":88047,"position":4},"title":"Sertanejo rom\u00e2ntico encerra primeiro fim de semana da Festa do Pe\u00e3o de Barretos; veja destaques","author":"noticiasribeiraopreto.com.br","date":"24 de August de 2026","format":false,"excerpt":"A programa\u00e7\u00e3o do primeiro fim de semana da Festa do Pe\u00e3o de Barretos terminou neste domingo (23) ao som do sertanejo rom\u00e2ntico. Ap\u00f3s tr\u00eas noites dominadas por artistas da nova gera\u00e7\u00e3o, nomes do forr\u00f3 e fen\u00f4menos da m\u00fasica atual, Matogrosso & Mathias e Edson & Hudson subiram ao palco da\u2026","rel":"","context":"In &quot;Not\u00edcias de Ribeir\u00e3o Preto-SP e Regi\u00e3o&quot;","block_context":{"text":"Not\u00edcias de Ribeir\u00e3o Preto-SP e Regi\u00e3o","link":"https:\/\/noticiasribeiraopreto.com.br\/index.php\/category\/noticias-de-ribeirao-preto-sp-e-regiao-ismael-colosi\/"},"img":{"alt_text":"","src":"https:\/\/i0.wp.com\/noticiasribeiraopreto.com.br\/wp-content\/uploads\/2026\/08\/foto-49.png?fit=1200%2C675&ssl=1&resize=350%2C200","width":350,"height":200,"srcset":"https:\/\/i0.wp.com\/noticiasribeiraopreto.com.br\/wp-content\/uploads\/2026\/08\/foto-49.png?fit=1200%2C675&ssl=1&resize=350%2C200 1x, https:\/\/i0.wp.com\/noticiasribeiraopreto.com.br\/wp-content\/uploads\/2026\/08\/foto-49.png?fit=1200%2C675&ssl=1&resize=525%2C300 1.5x, https:\/\/i0.wp.com\/noticiasribeiraopreto.com.br\/wp-content\/uploads\/2026\/08\/foto-49.png?fit=1200%2C675&ssl=1&resize=700%2C400 2x, https:\/\/i0.wp.com\/noticiasribeiraopreto.com.br\/wp-content\/uploads\/2026\/08\/foto-49.png?fit=1200%2C675&ssl=1&resize=1050%2C600 3x"},"classes":[]},{"id":90367,"url":"https:\/\/noticiasribeiraopreto.com.br\/index.php\/2026\/08\/21\/panda-e-matheus-kauan-abrem-shows-da-festa-do-peao-de-barretos-com-arena-lotada-e-surpresa-de-ana-castela-veja-destaque\/","url_meta":{"origin":88047,"position":5},"title":"Panda e Matheus &amp; Kauan abrem shows da Festa do Pe\u00e3o de Barretos com arena lotada e surpresa de Ana Castela; veja destaques","author":"noticiasribeiraopreto.com.br","date":"21 de August de 2026","format":false,"excerpt":"Com o Parque do Pe\u00e3o lotado, Panda e Matheus & Kauan abriram, na noite desta quinta-feira (20), a programa\u00e7\u00e3o de shows da 71\u00aa Festa do Pe\u00e3o de Barretos, em Barretos. Panda foi o primeiro a subir ao Palco Est\u00e1dio e fez sua estreia solo na principal arena da festa. Em\u2026","rel":"","context":"In &quot;Not\u00edcias de Ribeir\u00e3o Preto-SP e Regi\u00e3o&quot;","block_context":{"text":"Not\u00edcias de Ribeir\u00e3o Preto-SP e Regi\u00e3o","link":"https:\/\/noticiasribeiraopreto.com.br\/index.php\/category\/noticias-de-ribeirao-preto-sp-e-regiao-ismael-colosi\/"},"img":{"alt_text":"","src":"https:\/\/i0.wp.com\/noticiasribeiraopreto.com.br\/wp-content\/uploads\/2026\/08\/foto-44.png?fit=1200%2C675&ssl=1&resize=350%2C200","width":350,"height":200,"srcset":"https:\/\/i0.wp.com\/noticiasribeiraopreto.com.br\/wp-content\/uploads\/2026\/08\/foto-44.png?fit=1200%2C675&ssl=1&resize=350%2C200 1x, https:\/\/i0.wp.com\/noticiasribeiraopreto.com.br\/wp-content\/uploads\/2026\/08\/foto-44.png?fit=1200%2C675&ssl=1&resize=525%2C300 1.5x, https:\/\/i0.wp.com\/noticiasribeiraopreto.com.br\/wp-content\/uploads\/2026\/08\/foto-44.png?fit=1200%2C675&ssl=1&resize=700%2C400 2x, https:\/\/i0.wp.com\/noticiasribeiraopreto.com.br\/wp-content\/uploads\/2026\/08\/foto-44.png?fit=1200%2C675&ssl=1&resize=1050%2C600 3x"},"classes":[]}],"jetpack_sharing_enabled":true,"jetpack_shortlink":"https:\/\/wp.me\/peQAOb-mU7","jetpack_featured_media_url":"https:\/\/i0.wp.com\/noticiasribeiraopreto.com.br\/wp-content\/uploads\/2026\/07\/michel-telo-1.jpg?fit=1200%2C675&ssl=1","_links":{"self":[{"href":"https:\/\/noticiasribeiraopreto.com.br\/index.php\/wp-json\/wp\/v2\/posts\/88047","targetHints":{"allow":["GET"]}}],"collection":[{"href":"https:\/\/noticiasribeiraopreto.com.br\/index.php\/wp-json\/wp\/v2\/posts"}],"about":[{"href":"https:\/\/noticiasribeiraopreto.com.br\/index.php\/wp-json\/wp\/v2\/types\/post"}],"author":[{"embeddable":true,"href":"https:\/\/noticiasribeiraopreto.com.br\/index.php\/wp-json\/wp\/v2\/users\/1"}],"replies":[{"embeddable":true,"href":"https:\/\/noticiasribeiraopreto.com.br\/index.php\/wp-json\/wp\/v2\/comments?post=88047"}],"version-history":[{"count":0,"href":"https:\/\/noticiasribeiraopreto.com.br\/index.php\/wp-json\/wp\/v2\/posts\/88047\/revisions"}],"wp:featuredmedia":[{"embeddable":true,"href":"https:\/\/noticiasribeiraopreto.com.br\/index.php\/wp-json\/wp\/v2\/media\/88048"}],"wp:attachment":[{"href":"https:\/\/noticiasribeiraopreto.com.br\/index.php\/wp-json\/wp\/v2\/media?parent=88047"}],"wp:term":[{"taxonomy":"category","embeddable":true,"href":"https:\/\/noticiasribeiraopreto.com.br\/index.php\/wp-json\/wp\/v2\/categories?post=88047"},{"taxonomy":"post_tag","embeddable":true,"href":"https:\/\/noticiasribeiraopreto.com.br\/index.php\/wp-json\/wp\/v2\/tags?post=88047"}],"curies":[{"name":"wp","href":"https:\/\/api.w.org\/{rel}","templated":true}]}}