{"id":88063,"date":"2026-07-14T08:35:54","date_gmt":"2026-07-14T11:35:54","guid":{"rendered":"https:\/\/noticiasribeiraopreto.com.br\/index.php\/2026\/07\/14\/click-arvore-ja-plantou-cerca-de-1-500-arvores\/"},"modified":"2026-07-14T08:35:54","modified_gmt":"2026-07-14T11:35:54","slug":"click-arvore-ja-plantou-cerca-de-1-500-arvores","status":"publish","type":"post","link":"https:\/\/noticiasribeiraopreto.com.br\/index.php\/2026\/07\/14\/click-arvore-ja-plantou-cerca-de-1-500-arvores\/","title":{"rendered":"Click \u00c1rvore j\u00e1 plantou \u2028cerca de 1.500 \u00e1rvores"},"content":{"rendered":"<div class='code-block code-block-1' style='margin: 8px 0 8px auto; text-align: right; display: block; clear: both;'>\n<p><a href=\"https:\/\/wa.link\/vpicfd\"><img data-recalc-dims=\"1\" class=\"wp-image-4922\" style=\"aspect-ratio: 2.0253164556962027; width: 561px; height: auto;\" src=\"https:\/\/i0.wp.com\/ismaelcolosi.com.br\/wp-content\/uploads\/2023\/11\/grupo-de-empregos-whatsapp-e-facebook-ismael-colosi-vagas.jpg?ssl=1\" alt=\"\" \/><\/a><\/p>\n<!-- \/wp:image -->\n<\/div>\n<p> <br \/>\n<\/p>\n<div id=\"\">&#13;<br \/>\n\t\t\t\t\t\t\t\t&#13;<\/p>\n<p>&#13;<br \/>\n\t\t\t\t\t\t\t\t\t<span class=\"entry-meta-item penci-posted-on\"><i class=\"fa fa-clock-o\"\/><time class=\"entry-date published updated\" datetime=\"2026-07-14T08:32:19-03:00\">14 de julho de 2026 08:32<\/time><\/span><span class=\"entry-meta-item penci-post-countview\"\/>\t\t\t\t\t\t\t\t<\/p>\n<p><!-- .entry-meta -->&#13;<br \/>\n\t\t\t\t\t\t\t\t<span class=\"penci-social-buttons penci-social-share-footer\"><span class=\"penci-social-share-text\">Compartilhar<\/span><a href=\"#\" class=\"penci-post-like penci_post-meta_item  single-like-button penci-social-item like\" data-post_id=\"470202\" title=\"Like\" data-like=\"Like\" data-unlike=\"Unlike\"><i class=\"fa fa-thumbs-o-up\"\/><span class=\"penci-share-number\">0<\/span><\/a><i class=\"fa fa-facebook\"\/><a class=\"penci-social-item twitter\" target=\"_blank\" rel=\"noopener\" title=\"\" href=\"https:\/\/twitter.com\/intent\/tweet?text=Click%20\u00c1rvore%20j\u00e1%20plantou%20\u2028cerca%20de%201.500%20\u00e1rvores%20-%20https:\/\/www.tribunaribeirao.com.br\/click-arvore-ja-plantou-cerca-de-1-500-arvores\/\"><i class=\"fa fa-twitter\"\/><\/a><i class=\"fa fa-linkedin\"\/><i class=\"fa fa-whatsapp\"\/><i class=\"fa fa-telegram\"\/><i class=\"fa fa-envelope\"\/><\/span>\t\t\t\t\t\t\t<\/div>\n<div>\n<p class=\"p1\">De janeiro a junho deste ano, o Programa Click \u00c1rvore realizou o plantio de cerca de 1.500 \u00e1rvores em Ribeir\u00e3o Preto. A iniciativa, implantada pela Prefeitura, oferece gratuitamente o plantio de mudas em cal\u00e7adas e incentiva a participa\u00e7\u00e3o da popula\u00e7\u00e3o na amplia\u00e7\u00e3o da cobertura vegetal do munic\u00edpio.<\/p>\n<p>O servi\u00e7o pode ser solicitado de forma online, pelo portal da prefeitura de Ribeir\u00e3o Preto, no endere\u00e7o https:\/\/www.ribeiraopreto.sp.gov.br\/click-arvore\/. O Click \u00c1rvore, \u00e9 desenvolvido pela Secretaria Municipal de Meio Ambiente, Agricultura e Sustentabilidade e integra as a\u00e7\u00f5es de fortalecimento da arboriza\u00e7\u00e3o urbana e da adapta\u00e7\u00e3o da cidade \u00e0s mudan\u00e7as clim\u00e1ticas. <\/p>\n<p>Atualmente, Ribeir\u00e3o Preto possui cerca de 18% de cobertura vegetal. A meta da secretaria \u00e9 elevar esse \u00edndice para 30%, tornando o munic\u00edpio mais arborizado, resiliente e com melhor qualidade de vida para a popula\u00e7\u00e3o.<\/p>\n<p>Al\u00e9m das solicita\u00e7\u00f5es realizadas pelos moradores, a Prefeitura tamb\u00e9m promove plantios em \u00e1reas estrat\u00e9gicas por meio do programa Planta A\u00ed Ribeir\u00e3o, que j\u00e1 contabiliza mais de 30 mil mudas plantadas entre janeiro de 2025 e junho de 2026.<br \/><b><br \/>Como solicitar uma \u00e1rvore \u2013 <\/b>Para solicitar o plantio, o morador deve informar o tamanho da cal\u00e7ada e se h\u00e1 rede de energia el\u00e9trica no local. A partir dessas informa\u00e7\u00f5es, a equipe t\u00e9cnica define as esp\u00e9cies mais adequadas para garantir o desenvolvimento da \u00e1rvore e evitar conflitos com a infraestrutura urbana.<\/p>\n<p>O plantio \u00e9 realizado pela equipe da Prefeitura e, ap\u00f3s a execu\u00e7\u00e3o do servi\u00e7o, o morador assume os cuidados necess\u00e1rios com a muda para assegurar seu crescimento saud\u00e1vel.<\/p>\n<p>As mudas utilizadas pelo Click \u00c1rvore s\u00e3o produzidas no Horto Municipal de Ribeir\u00e3o Preto, atualmente denominado Parque Ecol\u00f3gico e Bot\u00e2nico \u00c2ngelo Rinaldi (Pebar), , que disponibiliza mais de dez esp\u00e9cies, entre \u00e1rvores nativas, de arboriza\u00e7\u00e3o urbana e frut\u00edferas.<\/p>\n<p>Ao aderir ao programa, o cidad\u00e3o contribui para o aumento da cobertura vegetal, a melhoria do microclima, a valoriza\u00e7\u00e3o da paisagem urbana e a preserva\u00e7\u00e3o ambiental, tornando Ribeir\u00e3o Preto uma cidade mais verde e sustent\u00e1vel.<\/p>\n<div style=\"background-color: #f4f4f5; border: 1px solid #d4d4d8; padding: 15px; margin: 20px 0; border-radius: 6px; font-family: sans-serif; line-height: 1.5;\">\n    <span style=\"color: #27272a;\">Inscreva-se em nosso Canal no Whatsapp e fique por dentro de tudo que acontece na regi\u00e3o. <\/span><br \/>\n    <a href=\"https:\/\/whatsapp.com\/channel\/0029VanuE2o7z4kYjo0XVS3u\" target=\"_blank\" rel=\"noopener noreferrer\" style=\"color: #16a34a; font-weight: bold; text-decoration: underline;\">Clique Aqui!<\/a>\n<\/div>\n<\/div>\n<p><script async src=\"\/\/platform.twitter.com\/widgets.js\" charset=\"utf-8\"><\/script><br \/>\n<br \/><br \/>\n<br \/><a href=\"https:\/\/www.tribunaribeirao.com.br\/click-arvore-ja-plantou-cerca-de-1-500-arvores\/\">Texto original daqui <\/a><\/p>\n<!-- CONTENT END 1 -->\n","protected":false},"excerpt":{"rendered":"<p>&#13; &#13; &#13; 14 de julho de 2026 08:32 &#13; Compartilhar0 De janeiro a junho deste ano, o Programa Click \u00c1rvore realizou o plantio de&#8230;<\/p>\n","protected":false},"author":1,"featured_media":88064,"comment_status":"","ping_status":"","sticky":false,"template":"","format":"standard","meta":{"advanced_seo_description":"","jetpack_seo_html_title":"","jetpack_seo_noindex":false,"jetpack_seo_schema_type":"","_jetpack_newsletter_access":"","_jetpack_dont_email_post_to_subs":false,"_jetpack_newsletter_tier_id":0,"_jetpack_memberships_contains_paywalled_content":false,"_jetpack_feature_clip_id":0,"_jetpack_memberships_contains_paid_content":false,"footnotes":"","jetpack_publicize_message":"","jetpack_publicize_feature_enabled":true,"jetpack_social_post_already_shared":true,"jetpack_social_options":{"image_generator_settings":{"template":"highway","default_image_id":0,"font":"","enabled":false},"version":2},"jetpack_post_was_ever_published":false},"categories":[11],"tags":[1930,1904,1678,7690,292,7691],"class_list":["post-88063","post","type-post","status-publish","format-standard","has-post-thumbnail","hentry","category-noticias-de-ribeirao-preto-sp-e-regiao-ismael-colosi","tag-arvore","tag-arvores","tag-cerca","tag-click","tag-ja","tag-plantou"],"jetpack_publicize_connections":[],"jetpack-related-posts":[{"id":68169,"url":"https:\/\/noticiasribeiraopreto.com.br\/index.php\/2025\/04\/23\/ribeirao-preto-recebe-selo-da-fao\/","url_meta":{"origin":88063,"position":0},"title":"Ribeir\u00e3o Preto recebe selo da FAO\u00a0","author":"noticiasribeiraopreto.com.br","date":"23 de April de 2025","format":false,"excerpt":"Ribeir\u00e3o Preto est\u00e1 entre as cidades brasileiras reconhecidas pela Organiza\u00e7\u00e3o das Na\u00e7\u00f5es Unidas para a Alimenta\u00e7\u00e3o e Agricultura (FAO) com o selo internacional \u201cCidade Verde do Mundo\u201d. A premia\u00e7\u00e3o foi anunciada na semana passada e contemplou 34 munic\u00edpios do pa\u00eds, sendo 14 do estado de S\u00e3o Paulo.\u00a0 Conhecido internacionalmente como\u2026","rel":"","context":"In &quot;Not\u00edcias de Ribeir\u00e3o Preto-SP e Regi\u00e3o&quot;","block_context":{"text":"Not\u00edcias de Ribeir\u00e3o Preto-SP e Regi\u00e3o","link":"https:\/\/noticiasribeiraopreto.com.br\/index.php\/category\/noticias-de-ribeirao-preto-sp-e-regiao-ismael-colosi\/"},"img":{"alt_text":"","src":"https:\/\/i0.wp.com\/noticiasribeiraopreto.com.br\/wp-content\/uploads\/2025\/04\/VerdeRP-FL-Piton-Arquivo.jpg?fit=1200%2C625&ssl=1&resize=350%2C200","width":350,"height":200,"srcset":"https:\/\/i0.wp.com\/noticiasribeiraopreto.com.br\/wp-content\/uploads\/2025\/04\/VerdeRP-FL-Piton-Arquivo.jpg?fit=1200%2C625&ssl=1&resize=350%2C200 1x, https:\/\/i0.wp.com\/noticiasribeiraopreto.com.br\/wp-content\/uploads\/2025\/04\/VerdeRP-FL-Piton-Arquivo.jpg?fit=1200%2C625&ssl=1&resize=525%2C300 1.5x, https:\/\/i0.wp.com\/noticiasribeiraopreto.com.br\/wp-content\/uploads\/2025\/04\/VerdeRP-FL-Piton-Arquivo.jpg?fit=1200%2C625&ssl=1&resize=700%2C400 2x, https:\/\/i0.wp.com\/noticiasribeiraopreto.com.br\/wp-content\/uploads\/2025\/04\/VerdeRP-FL-Piton-Arquivo.jpg?fit=1200%2C625&ssl=1&resize=1050%2C600 3x"},"classes":[]},{"id":69700,"url":"https:\/\/noticiasribeiraopreto.com.br\/index.php\/2025\/05\/08\/plano-de-areas-verdes-abre-consulta\/","url_meta":{"origin":88063,"position":1},"title":"Plano de \u00e1reas verdes abre consulta \u00a0","author":"noticiasribeiraopreto.com.br","date":"8 de May de 2025","format":false,"excerpt":"8 de maio de 2025 13:308 de maio de 2025 09:417 Compartilhar0 Com o objetivo de estimular a participa\u00e7\u00e3o popular nas decis\u00f5es relacionadas ao meio ambiente, a prefeitura de Ribeir\u00e3o Preto, por meio da Secretaria de Meio Ambiente, abriu na \u00faltima segunda-feira, 5 de maio, consulta p\u00fablica do Plano Estrat\u00e9gico\u2026","rel":"","context":"In &quot;Not\u00edcias de Ribeir\u00e3o Preto-SP e Regi\u00e3o&quot;","block_context":{"text":"Not\u00edcias de Ribeir\u00e3o Preto-SP e Regi\u00e3o","link":"https:\/\/noticiasribeiraopreto.com.br\/index.php\/category\/noticias-de-ribeirao-preto-sp-e-regiao-ismael-colosi\/"},"img":{"alt_text":"","src":"https:\/\/i0.wp.com\/noticiasribeiraopreto.com.br\/wp-content\/uploads\/2025\/05\/Arvores-Guilherme-Sircili.jpg?fit=1200%2C800&ssl=1&resize=350%2C200","width":350,"height":200,"srcset":"https:\/\/i0.wp.com\/noticiasribeiraopreto.com.br\/wp-content\/uploads\/2025\/05\/Arvores-Guilherme-Sircili.jpg?fit=1200%2C800&ssl=1&resize=350%2C200 1x, https:\/\/i0.wp.com\/noticiasribeiraopreto.com.br\/wp-content\/uploads\/2025\/05\/Arvores-Guilherme-Sircili.jpg?fit=1200%2C800&ssl=1&resize=525%2C300 1.5x, https:\/\/i0.wp.com\/noticiasribeiraopreto.com.br\/wp-content\/uploads\/2025\/05\/Arvores-Guilherme-Sircili.jpg?fit=1200%2C800&ssl=1&resize=700%2C400 2x, https:\/\/i0.wp.com\/noticiasribeiraopreto.com.br\/wp-content\/uploads\/2025\/05\/Arvores-Guilherme-Sircili.jpg?fit=1200%2C800&ssl=1&resize=1050%2C600 3x"},"classes":[]},{"id":89495,"url":"https:\/\/noticiasribeiraopreto.com.br\/index.php\/2026\/08\/06\/credito-de-carbono-evento-em-ribeirao-preto-debatera-ganhos-no-campo\/","url_meta":{"origin":88063,"position":2},"title":"Cr\u00e9dito de carbono: evento em Ribeir\u00e3o Preto debater\u00e1 ganhos no campo","author":"noticiasribeiraopreto.com.br","date":"6 de August de 2026","format":false,"excerpt":"A transforma\u00e7\u00e3o de APPs (\u00c1reas de Preserva\u00e7\u00e3o Permanentes) desmatadas em cr\u00e9ditos de carbono ser\u00e1 tema do Caf\u00e9 com Carbono, evento gratuito promovido pela AEAARP (Associa\u00e7\u00e3o dos Engenheiros, Arquitetos e Agr\u00f4nomos de Ribeir\u00e3o Preto), nesta quinta-feira (6), das 15h \u00e0s 19h. Receba not\u00edcias do\u00a0acidade on Ribeir\u00e3o\u00a0no WhatsApp e fique por dentro\u2026","rel":"","context":"In &quot;Not\u00edcias de Ribeir\u00e3o Preto-SP e Regi\u00e3o&quot;","block_context":{"text":"Not\u00edcias de Ribeir\u00e3o Preto-SP e Regi\u00e3o","link":"https:\/\/noticiasribeiraopreto.com.br\/index.php\/category\/noticias-de-ribeirao-preto-sp-e-regiao-ismael-colosi\/"},"img":{"alt_text":"","src":"https:\/\/i0.wp.com\/noticiasribeiraopreto.com.br\/wp-content\/uploads\/2026\/08\/Imagem-do-WhatsApp-de-2025-05-21-as-12.19.28_0f01b3df_2025-05-21_21-47-12.webp.webp?fit=1200%2C800&ssl=1&resize=350%2C200","width":350,"height":200,"srcset":"https:\/\/i0.wp.com\/noticiasribeiraopreto.com.br\/wp-content\/uploads\/2026\/08\/Imagem-do-WhatsApp-de-2025-05-21-as-12.19.28_0f01b3df_2025-05-21_21-47-12.webp.webp?fit=1200%2C800&ssl=1&resize=350%2C200 1x, https:\/\/i0.wp.com\/noticiasribeiraopreto.com.br\/wp-content\/uploads\/2026\/08\/Imagem-do-WhatsApp-de-2025-05-21-as-12.19.28_0f01b3df_2025-05-21_21-47-12.webp.webp?fit=1200%2C800&ssl=1&resize=525%2C300 1.5x, https:\/\/i0.wp.com\/noticiasribeiraopreto.com.br\/wp-content\/uploads\/2026\/08\/Imagem-do-WhatsApp-de-2025-05-21-as-12.19.28_0f01b3df_2025-05-21_21-47-12.webp.webp?fit=1200%2C800&ssl=1&resize=700%2C400 2x, https:\/\/i0.wp.com\/noticiasribeiraopreto.com.br\/wp-content\/uploads\/2026\/08\/Imagem-do-WhatsApp-de-2025-05-21-as-12.19.28_0f01b3df_2025-05-21_21-47-12.webp.webp?fit=1200%2C800&ssl=1&resize=1050%2C600 3x"},"classes":[]},{"id":89357,"url":"https:\/\/noticiasribeiraopreto.com.br\/index.php\/2026\/08\/04\/balanco-indica-queda-de-1-349-arvores\/","url_meta":{"origin":88063,"position":3},"title":"Balan\u00e7o indica queda de 1.349 \u00e1rvores","author":"noticiasribeiraopreto.com.br","date":"4 de August de 2026","format":false,"excerpt":"Ribeir\u00e3o Preto contabiliza cerca de 1.349 \u00e1rvores derrubadas ap\u00f3s temporal e prepara plano de replantio A prefeitura de Ribeir\u00e3o Preto, por meio da Secretaria Municipal de Meio Ambiente, Agricultura e Sustentabilidade, contabilizou, at\u00e9 o momento, a queda de\u00a0 1.349 \u00e1rvores em decorr\u00eancia do temporal que atingiu a cidade no \u00faltimo\u2026","rel":"","context":"In &quot;Not\u00edcias de Ribeir\u00e3o Preto-SP e Regi\u00e3o&quot;","block_context":{"text":"Not\u00edcias de Ribeir\u00e3o Preto-SP e Regi\u00e3o","link":"https:\/\/noticiasribeiraopreto.com.br\/index.php\/category\/noticias-de-ribeirao-preto-sp-e-regiao-ismael-colosi\/"},"img":{"alt_text":"","src":"https:\/\/i0.wp.com\/noticiasribeiraopreto.com.br\/wp-content\/uploads\/2026\/08\/Vendaval-Portal-SP-Online-Reporter-Felipe-Silva.jpg?fit=960%2C647&ssl=1&resize=350%2C200","width":350,"height":200,"srcset":"https:\/\/i0.wp.com\/noticiasribeiraopreto.com.br\/wp-content\/uploads\/2026\/08\/Vendaval-Portal-SP-Online-Reporter-Felipe-Silva.jpg?fit=960%2C647&ssl=1&resize=350%2C200 1x, https:\/\/i0.wp.com\/noticiasribeiraopreto.com.br\/wp-content\/uploads\/2026\/08\/Vendaval-Portal-SP-Online-Reporter-Felipe-Silva.jpg?fit=960%2C647&ssl=1&resize=525%2C300 1.5x, https:\/\/i0.wp.com\/noticiasribeiraopreto.com.br\/wp-content\/uploads\/2026\/08\/Vendaval-Portal-SP-Online-Reporter-Felipe-Silva.jpg?fit=960%2C647&ssl=1&resize=700%2C400 2x"},"classes":[]},{"id":13750,"url":"https:\/\/noticiasribeiraopreto.com.br\/index.php\/2023\/12\/11\/tempestade-derruba-arvore-na-zona-sul-de-rp\/","url_meta":{"origin":88063,"position":4},"title":"Tempestade derruba \u00e1rvore na zona Sul de RP","author":"noticiasribeiraopreto.com.br","date":"11 de December de 2023","format":false,"excerpt":"Ventos fortes e chuvas de granizo arrancaram parte de uma \u00e1rvore de grande porte e foi necess\u00e1rio interditar avenida 11 de dezembro de 2023 | 7:39 0Por: Adalberto LuqueUma \u00e1rvore de grande porte foi arrancada, na tarde deste domingo (10), na Avenida Portugal, cruzamento com Avenida Senador Cesar Vergueiro, zona\u2026","rel":"","context":"In &quot;Not\u00edcias de Ribeir\u00e3o Preto-SP e Regi\u00e3o&quot;","block_context":{"text":"Not\u00edcias de Ribeir\u00e3o Preto-SP e Regi\u00e3o","link":"https:\/\/noticiasribeiraopreto.com.br\/index.php\/category\/noticias-de-ribeirao-preto-sp-e-regiao-ismael-colosi\/"},"img":{"alt_text":"","src":"https:\/\/i0.wp.com\/noticiasribeiraopreto.com.br\/wp-content\/uploads\/2023\/12\/00-11-dez-2023-arvore-portugal-foto-Carolina-Alves-Vicente-scaled.jpeg?fit=860%2C645&ssl=1&resize=350%2C200","width":350,"height":200,"srcset":"https:\/\/i0.wp.com\/noticiasribeiraopreto.com.br\/wp-content\/uploads\/2023\/12\/00-11-dez-2023-arvore-portugal-foto-Carolina-Alves-Vicente-scaled.jpeg?fit=860%2C645&ssl=1&resize=350%2C200 1x, https:\/\/i0.wp.com\/noticiasribeiraopreto.com.br\/wp-content\/uploads\/2023\/12\/00-11-dez-2023-arvore-portugal-foto-Carolina-Alves-Vicente-scaled.jpeg?fit=860%2C645&ssl=1&resize=525%2C300 1.5x, https:\/\/i0.wp.com\/noticiasribeiraopreto.com.br\/wp-content\/uploads\/2023\/12\/00-11-dez-2023-arvore-portugal-foto-Carolina-Alves-Vicente-scaled.jpeg?fit=860%2C645&ssl=1&resize=700%2C400 2x"},"classes":[]},{"id":89339,"url":"https:\/\/noticiasribeiraopreto.com.br\/index.php\/2026\/08\/03\/ribeirao-preto-registra-1-349-arvores-derrubadas-apos-temporal\/","url_meta":{"origin":88063,"position":5},"title":"Ribeir\u00e3o Preto registra 1.349 \u00e1rvores derrubadas ap\u00f3s temporal","author":"noticiasribeiraopreto.com.br","date":"3 de August de 2026","format":false,"excerpt":"Ribeir\u00e3o Preto registrou, at\u00e9 o momento, a queda de aproximadamente 1.349 \u00e1rvores ap\u00f3s o temporal que atingiu a cidade no dia 24 de julho. O n\u00famero \u00e9 preliminar e integra um invent\u00e1rio t\u00e9cnico realizado para avaliar os impactos provocados pelo vendaval. EntendaReplantio de \u00e1rvoresTemporal em Ribeir\u00e3o Preto Al\u00e9m das \u00e1rvores\u2026","rel":"","context":"In &quot;Not\u00edcias de Ribeir\u00e3o Preto-SP e Regi\u00e3o&quot;","block_context":{"text":"Not\u00edcias de Ribeir\u00e3o Preto-SP e Regi\u00e3o","link":"https:\/\/noticiasribeiraopreto.com.br\/index.php\/category\/noticias-de-ribeirao-preto-sp-e-regiao-ismael-colosi\/"},"img":{"alt_text":"","src":"https:\/\/i0.wp.com\/noticiasribeiraopreto.com.br\/wp-content\/uploads\/2026\/08\/messi-2.jpg?fit=1200%2C675&ssl=1&resize=350%2C200","width":350,"height":200,"srcset":"https:\/\/i0.wp.com\/noticiasribeiraopreto.com.br\/wp-content\/uploads\/2026\/08\/messi-2.jpg?fit=1200%2C675&ssl=1&resize=350%2C200 1x, https:\/\/i0.wp.com\/noticiasribeiraopreto.com.br\/wp-content\/uploads\/2026\/08\/messi-2.jpg?fit=1200%2C675&ssl=1&resize=525%2C300 1.5x, https:\/\/i0.wp.com\/noticiasribeiraopreto.com.br\/wp-content\/uploads\/2026\/08\/messi-2.jpg?fit=1200%2C675&ssl=1&resize=700%2C400 2x, https:\/\/i0.wp.com\/noticiasribeiraopreto.com.br\/wp-content\/uploads\/2026\/08\/messi-2.jpg?fit=1200%2C675&ssl=1&resize=1050%2C600 3x"},"classes":[]}],"jetpack_sharing_enabled":true,"jetpack_shortlink":"https:\/\/wp.me\/peQAOb-mUn","jetpack_featured_media_url":"https:\/\/i0.wp.com\/noticiasribeiraopreto.com.br\/wp-content\/uploads\/2026\/07\/Arvore-Fernando-Gonzaga-scaled.jpg?fit=1170%2C780&ssl=1","_links":{"self":[{"href":"https:\/\/noticiasribeiraopreto.com.br\/index.php\/wp-json\/wp\/v2\/posts\/88063","targetHints":{"allow":["GET"]}}],"collection":[{"href":"https:\/\/noticiasribeiraopreto.com.br\/index.php\/wp-json\/wp\/v2\/posts"}],"about":[{"href":"https:\/\/noticiasribeiraopreto.com.br\/index.php\/wp-json\/wp\/v2\/types\/post"}],"author":[{"embeddable":true,"href":"https:\/\/noticiasribeiraopreto.com.br\/index.php\/wp-json\/wp\/v2\/users\/1"}],"replies":[{"embeddable":true,"href":"https:\/\/noticiasribeiraopreto.com.br\/index.php\/wp-json\/wp\/v2\/comments?post=88063"}],"version-history":[{"count":0,"href":"https:\/\/noticiasribeiraopreto.com.br\/index.php\/wp-json\/wp\/v2\/posts\/88063\/revisions"}],"wp:featuredmedia":[{"embeddable":true,"href":"https:\/\/noticiasribeiraopreto.com.br\/index.php\/wp-json\/wp\/v2\/media\/88064"}],"wp:attachment":[{"href":"https:\/\/noticiasribeiraopreto.com.br\/index.php\/wp-json\/wp\/v2\/media?parent=88063"}],"wp:term":[{"taxonomy":"category","embeddable":true,"href":"https:\/\/noticiasribeiraopreto.com.br\/index.php\/wp-json\/wp\/v2\/categories?post=88063"},{"taxonomy":"post_tag","embeddable":true,"href":"https:\/\/noticiasribeiraopreto.com.br\/index.php\/wp-json\/wp\/v2\/tags?post=88063"}],"curies":[{"name":"wp","href":"https:\/\/api.w.org\/{rel}","templated":true}]}}